{"id":83274,"date":"2019-11-07T01:16:03","date_gmt":"2019-11-07T01:16:03","guid":{"rendered":"https:\/\/raed.academy\/?p=83274"},"modified":"2019-12-02T18:19:43","modified_gmt":"2019-12-02T18:19:43","slug":"give-a-voice-to-christianity-david-jou","status":"publish","type":"post","link":"https:\/\/raed.academy\/en\/give-a-voice-to-christianity-david-jou\/","title":{"rendered":"Give a voice to Christianity"},"content":{"rendered":"<div id=\"attachment_82319\" style=\"width: 460px\" class=\"wp-caption alignright\"><img loading=\"lazy\" decoding=\"async\" aria-describedby=\"caption-attachment-82319\" class=\"wp-image-82319 size-full\" src=\"https:\/\/raed.academy\/wp-content\/uploads\/2019\/11\/David-Jou.jpg\" alt=\"Dr. David Jou\" width=\"450\" height=\"300\" aria-describedby=\"caption-attachment-82319\" data-attachment-id=\"82319\" data-permalink=\"https:\/\/raed.academy\/dar-voz-al-cristianismo\/david-jou-2\/\" data-orig-file=\"https:\/\/raed.academy\/wp-content\/uploads\/2019\/11\/David-Jou.jpg\" data-orig-size=\"450,300\" data-comments-opened=\"0\" data-image-meta=\"{&quot;aperture&quot;:&quot;0&quot;,&quot;credit&quot;:&quot;&quot;,&quot;camera&quot;:&quot;&quot;,&quot;caption&quot;:&quot;&quot;,&quot;created_timestamp&quot;:&quot;0&quot;,&quot;copyright&quot;:&quot;&quot;,&quot;focal_length&quot;:&quot;0&quot;,&quot;iso&quot;:&quot;0&quot;,&quot;shutter_speed&quot;:&quot;0&quot;,&quot;title&quot;:&quot;&quot;,&quot;orientation&quot;:&quot;0&quot;}\" data-image-title=\"David-Jou\" data-image-description=\"\" data-medium-file=\"https:\/\/raed.academy\/wp-content\/uploads\/2019\/11\/David-Jou.jpg\" data-large-file=\"https:\/\/raed.academy\/wp-content\/uploads\/2019\/11\/David-Jou.jpg\" \/><p id=\"caption-attachment-82319\" class=\"wp-caption-text\">Dr. David Jou<\/p><\/div>\n<p><a href=\"https:\/\/raed.academy\/en\/academicians\/dr-david-jou-mirabent\/\" target=\"_blank\" rel=\"noopener noreferrer\"><strong>David Jou<\/strong><\/a>, professor of Condensed Matter Physics at the <a href=\"http:\/\/www.uab.edu\" target=\"_blank\" rel=\"noopener noreferrer\"><strong>Autonomous University of Barcelona<\/strong><\/a> and full academician and president of the Experimental Sciences Section of the <strong>Royal European Academy of Doctors-Barcelona 1914<\/strong> (RAED), has been appointed new president of the <strong><a href=\"https:\/\/www.fundaciojoanmaragall.org\" target=\"_blank\" rel=\"noopener noreferrer\">Joan Maragall<\/a> Foundation<\/strong>, a space for reflection and debate on the situation of Christianity founded in 1989. Member of its Board of Trustees since 1993, Jou replaces <strong>Josep Maria Carbonell<\/strong>, who has served two terms at the head of this institution. The new appointment was approved by acclamation for the Board.<\/p>\n<p>The entity reiterates in this new stage its &#8220;willingness for the dialogue between Christianity and culture to influence fundamental issues of the human being, which are narrated with very diverse tools for all religions and for all cultures&#8221;, according to the statement made public to announce the relay in its presidency. And it affects its commitment to remain &#8220;a space for dialogue, debate, reflection and, as far as possible, for the creation of thought. The Foundation also begins its 30th year and the new presidency with the conviction to make our cultural environment richer, more open and dynamic&#8221;.<\/p>\n<p>After his election, Jou said that he will work from his new responsibility to increase the visibility of this institution making it a cultural and Christian reference, meeting and reflection. &#8220;We would like to continue growing and continue to build a reference space, which is manifested in the heart of Barcelona&#8221;, he said. In the same way, the Joan Maragall Foundation intends to strengthen ties with other European Christian cultural centers in this new period, such as the <strong>College of the Bernardines<\/strong> in Paris or the <strong>Saint Fidelis Cultural Center<\/strong> in Milan, as well as the <strong>Dicastery to the Culture<\/strong> of the Vatican, an organism with which it collaborates for years. The Foundation is part of the <a href=\"https:\/\/www.icmica-miic.org\" target=\"_blank\" rel=\"noopener noreferrer\"><strong>Pax Romana International Movement of Catholic Intellectuals<\/strong><\/a>, another of its focus of attention under the new presidency.<\/p>\n<p><img loading=\"lazy\" decoding=\"async\" class=\"alignleft size-full wp-image-82445\" src=\"https:\/\/raed.academy\/wp-content\/uploads\/2019\/11\/juventud-dstNtc.jpg\" alt=\"\" width=\"600\" height=\"240\" data-attachment-id=\"82445\" data-permalink=\"https:\/\/raed.academy\/dar-voz-al-cristianismo\/juventud-dstntc\/\" data-orig-file=\"https:\/\/raed.academy\/wp-content\/uploads\/2019\/11\/juventud-dstNtc.jpg\" data-orig-size=\"600,240\" data-comments-opened=\"0\" data-image-meta=\"{&quot;aperture&quot;:&quot;0&quot;,&quot;credit&quot;:&quot;&quot;,&quot;camera&quot;:&quot;&quot;,&quot;caption&quot;:&quot;&quot;,&quot;created_timestamp&quot;:&quot;0&quot;,&quot;copyright&quot;:&quot;&quot;,&quot;focal_length&quot;:&quot;0&quot;,&quot;iso&quot;:&quot;0&quot;,&quot;shutter_speed&quot;:&quot;0&quot;,&quot;title&quot;:&quot;&quot;,&quot;orientation&quot;:&quot;0&quot;}\" data-image-title=\"juventud-dstNtc\" data-image-description=\"\" data-medium-file=\"https:\/\/raed.academy\/wp-content\/uploads\/2019\/11\/juventud-dstNtc.jpg\" data-large-file=\"https:\/\/raed.academy\/wp-content\/uploads\/2019\/11\/juventud-dstNtc.jpg\" \/>&#8220;We must influence the generational transmission of the cultural side of Christianity. We must reinforce this line, studying well how to make present the cultural value of Christianity to new generations that have already grown in a secularized society and where religious education is already there, usually absent&#8221;, said the new president. For this, the Foundation will strengthen its presence in the field of the digital world and maintain its commitment to its collections <strong>&#8220;Cristianisme i Cultura&#8221; <\/strong>(Christianity and Culture), <strong>&#8220;Quaderns de la Fundaci\u00f3 Joan Maragall&#8221;<\/strong> (Notebooks of the Joan Maragall Foundation) and the magazine<strong> &#8220;Q\u00fcestions de Vida Cristiana<\/strong>&#8221; (Christian life issues).<\/p>\n<p>Jou has dedicated a large part of his essays to study new relationships between science and humanism and has deepened especially in the relationships between science and faith. In this field he has published books such as<strong> &#8220;D\u00e9u, cosmos, caos. (Horitz\u00f3 del di\u00e0leg entre ci\u00e8ncia religi\u00f3)&#8221; <\/strong>(God, cosmos, chaos. (Horizon of the dialogue between science and religion)), <strong>&#8220;Poesia de l\u2019infinit. (Ci\u00e8ncia i m\u00edstica)&#8221;<\/strong>\u00a0(Poetry of the infinite. (Science and mysticism)), <strong>&#8220;Reescribiendo el G\u00e9nesis. (De la gloria de Dios al sabotaje del universo)&#8221;<\/strong>\u00a0(Rewriting Genesis. (From the glory of God to sabotage of the universe)), o <strong>&#8220;Cerebro y universo. (Dos cosmolog\u00edas)&#8221; <\/strong>(Brain and universe. (Two cosmologies)), in addition to the poems <strong>&#8220;Poemes sobre ci\u00e8ncia i fe&#8221;<\/strong> (Poems about science and faith) and <strong>&#8220;La m\u00edstica dels dies&#8221;<\/strong>\u00a0(The mystique of the days).<\/p>\n","protected":false},"excerpt":{"rendered":"<p>David Jou, professor of Condensed Matter Physics at the Autonomous University of Barcelona and full academician and president of the Experimental Sciences Section of the Royal European Academy of Doctors-Barcelona 1914 (RAED), has been appointed new president of the Joan Maragall Foundation, a space for reflection and debate on the situation of Christianity founded in [&hellip;]<\/p>\n","protected":false},"author":12,"featured_media":82447,"comment_status":"closed","ping_status":"closed","sticky":false,"template":"","format":"standard","meta":{"_et_pb_use_builder":"","_et_pb_old_content":"","_et_gb_content_width":"","footnotes":""},"categories":[253],"tags":[],"class_list":["post-83274","post","type-post","status-publish","format-standard","has-post-thumbnail","hentry","category-theology","et-has-post-format-content","et_post_format-et-post-format-standard"],"yoast_head":"<!-- This site is optimized with the Yoast SEO plugin v27.4 - https:\/\/yoast.com\/product\/yoast-seo-wordpress\/ -->\n<title>Give a voice to Christianity - Royal European Academy of Doctors<\/title>\n<meta name=\"description\" content=\"David Jou has been appointed new president of the Joan Maragall Foundation, a space for reflection and debate on the situation of Christianity founded in 1989.\" \/>\n<meta name=\"robots\" content=\"index, follow, max-snippet:-1, max-image-preview:large, max-video-preview:-1\" \/>\n<link rel=\"canonical\" href=\"https:\/\/raed.academy\/en\/give-a-voice-to-christianity-david-jou\/\" \/>\n<meta property=\"og:locale\" content=\"en_US\" \/>\n<meta property=\"og:type\" content=\"article\" \/>\n<meta property=\"og:title\" content=\"Give a voice to Christianity - Royal European Academy of Doctors\" \/>\n<meta property=\"og:description\" content=\"David Jou has been appointed new president of the Joan Maragall Foundation, a space for reflection and debate on the situation of Christianity founded in 1989.\" \/>\n<meta property=\"og:url\" content=\"https:\/\/raed.academy\/en\/give-a-voice-to-christianity-david-jou\/\" \/>\n<meta property=\"og:site_name\" content=\"Royal European Academy of Doctors\" \/>\n<meta property=\"article:publisher\" content=\"http:\/\/fb.me\/raed.academy\" \/>\n<meta property=\"article:published_time\" content=\"2019-11-07T01:16:03+00:00\" \/>\n<meta property=\"article:modified_time\" content=\"2019-12-02T18:19:43+00:00\" \/>\n<meta property=\"og:image\" content=\"https:\/\/raed.academy\/wp-content\/uploads\/2019\/11\/juventud-dstNtc.jpg\" \/>\n\t<meta property=\"og:image:width\" content=\"600\" \/>\n\t<meta property=\"og:image:height\" content=\"240\" \/>\n\t<meta property=\"og:image:type\" content=\"image\/jpeg\" \/>\n<meta name=\"author\" content=\"RAED\" \/>\n<meta name=\"twitter:card\" content=\"summary_large_image\" \/>\n<meta name=\"twitter:creator\" content=\"@raedacademy\" \/>\n<meta name=\"twitter:site\" content=\"@raedacademy\" \/>\n<meta name=\"twitter:label1\" content=\"Written by\" \/>\n\t<meta name=\"twitter:data1\" content=\"RAED\" \/>\n\t<meta name=\"twitter:label2\" content=\"Est. reading time\" \/>\n\t<meta name=\"twitter:data2\" content=\"3 minutes\" \/>\n<script type=\"application\/ld+json\" class=\"yoast-schema-graph\">{\"@context\":\"https:\\\/\\\/schema.org\",\"@graph\":[{\"@type\":\"Article\",\"@id\":\"https:\\\/\\\/raed.academy\\\/en\\\/give-a-voice-to-christianity-david-jou\\\/#article\",\"isPartOf\":{\"@id\":\"https:\\\/\\\/raed.academy\\\/en\\\/give-a-voice-to-christianity-david-jou\\\/\"},\"author\":{\"name\":\"RAED\",\"@id\":\"https:\\\/\\\/raed.academy\\\/en\\\/#\\\/schema\\\/person\\\/5a755da80d1d979fd66ba745c8702927\"},\"headline\":\"Give a voice to Christianity\",\"datePublished\":\"2019-11-07T01:16:03+00:00\",\"dateModified\":\"2019-12-02T18:19:43+00:00\",\"mainEntityOfPage\":{\"@id\":\"https:\\\/\\\/raed.academy\\\/en\\\/give-a-voice-to-christianity-david-jou\\\/\"},\"wordCount\":577,\"publisher\":{\"@id\":\"https:\\\/\\\/raed.academy\\\/en\\\/#organization\"},\"image\":{\"@id\":\"https:\\\/\\\/raed.academy\\\/en\\\/give-a-voice-to-christianity-david-jou\\\/#primaryimage\"},\"thumbnailUrl\":\"https:\\\/\\\/raed.academy\\\/wp-content\\\/uploads\\\/2019\\\/11\\\/juventud-dstNtc.jpg\",\"articleSection\":[\"Theology\"],\"inLanguage\":\"en-US\"},{\"@type\":\"WebPage\",\"@id\":\"https:\\\/\\\/raed.academy\\\/en\\\/give-a-voice-to-christianity-david-jou\\\/\",\"url\":\"https:\\\/\\\/raed.academy\\\/en\\\/give-a-voice-to-christianity-david-jou\\\/\",\"name\":\"Give a voice to Christianity - Royal European Academy of Doctors\",\"isPartOf\":{\"@id\":\"https:\\\/\\\/raed.academy\\\/en\\\/#website\"},\"primaryImageOfPage\":{\"@id\":\"https:\\\/\\\/raed.academy\\\/en\\\/give-a-voice-to-christianity-david-jou\\\/#primaryimage\"},\"image\":{\"@id\":\"https:\\\/\\\/raed.academy\\\/en\\\/give-a-voice-to-christianity-david-jou\\\/#primaryimage\"},\"thumbnailUrl\":\"https:\\\/\\\/raed.academy\\\/wp-content\\\/uploads\\\/2019\\\/11\\\/juventud-dstNtc.jpg\",\"datePublished\":\"2019-11-07T01:16:03+00:00\",\"dateModified\":\"2019-12-02T18:19:43+00:00\",\"description\":\"David Jou has been appointed new president of the Joan Maragall Foundation, a space for reflection and debate on the situation of Christianity founded in 1989.\",\"breadcrumb\":{\"@id\":\"https:\\\/\\\/raed.academy\\\/en\\\/give-a-voice-to-christianity-david-jou\\\/#breadcrumb\"},\"inLanguage\":\"en-US\",\"potentialAction\":[{\"@type\":\"ReadAction\",\"target\":[\"https:\\\/\\\/raed.academy\\\/en\\\/give-a-voice-to-christianity-david-jou\\\/\"]}]},{\"@type\":\"ImageObject\",\"inLanguage\":\"en-US\",\"@id\":\"https:\\\/\\\/raed.academy\\\/en\\\/give-a-voice-to-christianity-david-jou\\\/#primaryimage\",\"url\":\"https:\\\/\\\/raed.academy\\\/wp-content\\\/uploads\\\/2019\\\/11\\\/juventud-dstNtc.jpg\",\"contentUrl\":\"https:\\\/\\\/raed.academy\\\/wp-content\\\/uploads\\\/2019\\\/11\\\/juventud-dstNtc.jpg\",\"width\":600,\"height\":240},{\"@type\":\"BreadcrumbList\",\"@id\":\"https:\\\/\\\/raed.academy\\\/en\\\/give-a-voice-to-christianity-david-jou\\\/#breadcrumb\",\"itemListElement\":[{\"@type\":\"ListItem\",\"position\":1,\"name\":\"Inicio\",\"item\":\"https:\\\/\\\/raed.academy\\\/en\\\/\"},{\"@type\":\"ListItem\",\"position\":2,\"name\":\"Give a voice to Christianity\"}]},{\"@type\":\"WebSite\",\"@id\":\"https:\\\/\\\/raed.academy\\\/en\\\/#website\",\"url\":\"https:\\\/\\\/raed.academy\\\/en\\\/\",\"name\":\"Royal European Academy of Doctors\",\"description\":\"Corporaci\u00f3n de derecho p\u00fablico de car\u00e1cter cient\u00edfico, t\u00e9cnico y art\u00edstico, que tiene por objeto la investigaci\u00f3n, el estudio, el fomento y la extensi\u00f3n del conocimiento en su sentido m\u00e1s amplio.\",\"publisher\":{\"@id\":\"https:\\\/\\\/raed.academy\\\/en\\\/#organization\"},\"potentialAction\":[{\"@type\":\"SearchAction\",\"target\":{\"@type\":\"EntryPoint\",\"urlTemplate\":\"https:\\\/\\\/raed.academy\\\/en\\\/?s={search_term_string}\"},\"query-input\":{\"@type\":\"PropertyValueSpecification\",\"valueRequired\":true,\"valueName\":\"search_term_string\"}}],\"inLanguage\":\"en-US\"},{\"@type\":\"Organization\",\"@id\":\"https:\\\/\\\/raed.academy\\\/en\\\/#organization\",\"name\":\"Real Academia Europea de Doctores\",\"url\":\"https:\\\/\\\/raed.academy\\\/en\\\/\",\"logo\":{\"@type\":\"ImageObject\",\"inLanguage\":\"en-US\",\"@id\":\"https:\\\/\\\/raed.academy\\\/en\\\/#\\\/schema\\\/logo\\\/image\\\/\",\"url\":\"https:\\\/\\\/raed.academy\\\/wp-content\\\/uploads\\\/2017\\\/01\\\/cropped-logo_raed.png\",\"contentUrl\":\"https:\\\/\\\/raed.academy\\\/wp-content\\\/uploads\\\/2017\\\/01\\\/cropped-logo_raed.png\",\"width\":512,\"height\":512,\"caption\":\"Real Academia Europea de Doctores\"},\"image\":{\"@id\":\"https:\\\/\\\/raed.academy\\\/en\\\/#\\\/schema\\\/logo\\\/image\\\/\"},\"sameAs\":[\"http:\\\/\\\/fb.me\\\/raed.academy\",\"https:\\\/\\\/x.com\\\/raedacademy\",\"https:\\\/\\\/www.instagram.com\\\/raed.academy\\\/\",\"https:\\\/\\\/www.youtube.com\\\/channel\\\/UCUYQwW2KrdirNWihxMDObwg\"]},{\"@type\":\"Person\",\"@id\":\"https:\\\/\\\/raed.academy\\\/en\\\/#\\\/schema\\\/person\\\/5a755da80d1d979fd66ba745c8702927\",\"name\":\"RAED\",\"image\":{\"@type\":\"ImageObject\",\"inLanguage\":\"en-US\",\"@id\":\"https:\\\/\\\/secure.gravatar.com\\\/avatar\\\/19fdfdc0d67fb9c45714b703a2ac82251c4fcea3637f002ac3c9b74c0183583c?s=96&d=mm&r=g\",\"url\":\"https:\\\/\\\/secure.gravatar.com\\\/avatar\\\/19fdfdc0d67fb9c45714b703a2ac82251c4fcea3637f002ac3c9b74c0183583c?s=96&d=mm&r=g\",\"contentUrl\":\"https:\\\/\\\/secure.gravatar.com\\\/avatar\\\/19fdfdc0d67fb9c45714b703a2ac82251c4fcea3637f002ac3c9b74c0183583c?s=96&d=mm&r=g\",\"caption\":\"RAED\"}}]}<\/script>\n<!-- \/ Yoast SEO plugin. -->","yoast_head_json":{"title":"Give a voice to Christianity - Royal European Academy of Doctors","description":"David Jou has been appointed new president of the Joan Maragall Foundation, a space for reflection and debate on the situation of Christianity founded in 1989.","robots":{"index":"index","follow":"follow","max-snippet":"max-snippet:-1","max-image-preview":"max-image-preview:large","max-video-preview":"max-video-preview:-1"},"canonical":"https:\/\/raed.academy\/en\/give-a-voice-to-christianity-david-jou\/","og_locale":"en_US","og_type":"article","og_title":"Give a voice to Christianity - Royal European Academy of Doctors","og_description":"David Jou has been appointed new president of the Joan Maragall Foundation, a space for reflection and debate on the situation of Christianity founded in 1989.","og_url":"https:\/\/raed.academy\/en\/give-a-voice-to-christianity-david-jou\/","og_site_name":"Royal European Academy of Doctors","article_publisher":"http:\/\/fb.me\/raed.academy","article_published_time":"2019-11-07T01:16:03+00:00","article_modified_time":"2019-12-02T18:19:43+00:00","og_image":[{"width":600,"height":240,"url":"https:\/\/raed.academy\/wp-content\/uploads\/2019\/11\/juventud-dstNtc.jpg","type":"image\/jpeg"}],"author":"RAED","twitter_card":"summary_large_image","twitter_creator":"@raedacademy","twitter_site":"@raedacademy","twitter_misc":{"Written by":"RAED","Est. reading time":"3 minutes"},"schema":{"@context":"https:\/\/schema.org","@graph":[{"@type":"Article","@id":"https:\/\/raed.academy\/en\/give-a-voice-to-christianity-david-jou\/#article","isPartOf":{"@id":"https:\/\/raed.academy\/en\/give-a-voice-to-christianity-david-jou\/"},"author":{"name":"RAED","@id":"https:\/\/raed.academy\/en\/#\/schema\/person\/5a755da80d1d979fd66ba745c8702927"},"headline":"Give a voice to Christianity","datePublished":"2019-11-07T01:16:03+00:00","dateModified":"2019-12-02T18:19:43+00:00","mainEntityOfPage":{"@id":"https:\/\/raed.academy\/en\/give-a-voice-to-christianity-david-jou\/"},"wordCount":577,"publisher":{"@id":"https:\/\/raed.academy\/en\/#organization"},"image":{"@id":"https:\/\/raed.academy\/en\/give-a-voice-to-christianity-david-jou\/#primaryimage"},"thumbnailUrl":"https:\/\/raed.academy\/wp-content\/uploads\/2019\/11\/juventud-dstNtc.jpg","articleSection":["Theology"],"inLanguage":"en-US"},{"@type":"WebPage","@id":"https:\/\/raed.academy\/en\/give-a-voice-to-christianity-david-jou\/","url":"https:\/\/raed.academy\/en\/give-a-voice-to-christianity-david-jou\/","name":"Give a voice to Christianity - Royal European Academy of Doctors","isPartOf":{"@id":"https:\/\/raed.academy\/en\/#website"},"primaryImageOfPage":{"@id":"https:\/\/raed.academy\/en\/give-a-voice-to-christianity-david-jou\/#primaryimage"},"image":{"@id":"https:\/\/raed.academy\/en\/give-a-voice-to-christianity-david-jou\/#primaryimage"},"thumbnailUrl":"https:\/\/raed.academy\/wp-content\/uploads\/2019\/11\/juventud-dstNtc.jpg","datePublished":"2019-11-07T01:16:03+00:00","dateModified":"2019-12-02T18:19:43+00:00","description":"David Jou has been appointed new president of the Joan Maragall Foundation, a space for reflection and debate on the situation of Christianity founded in 1989.","breadcrumb":{"@id":"https:\/\/raed.academy\/en\/give-a-voice-to-christianity-david-jou\/#breadcrumb"},"inLanguage":"en-US","potentialAction":[{"@type":"ReadAction","target":["https:\/\/raed.academy\/en\/give-a-voice-to-christianity-david-jou\/"]}]},{"@type":"ImageObject","inLanguage":"en-US","@id":"https:\/\/raed.academy\/en\/give-a-voice-to-christianity-david-jou\/#primaryimage","url":"https:\/\/raed.academy\/wp-content\/uploads\/2019\/11\/juventud-dstNtc.jpg","contentUrl":"https:\/\/raed.academy\/wp-content\/uploads\/2019\/11\/juventud-dstNtc.jpg","width":600,"height":240},{"@type":"BreadcrumbList","@id":"https:\/\/raed.academy\/en\/give-a-voice-to-christianity-david-jou\/#breadcrumb","itemListElement":[{"@type":"ListItem","position":1,"name":"Inicio","item":"https:\/\/raed.academy\/en\/"},{"@type":"ListItem","position":2,"name":"Give a voice to Christianity"}]},{"@type":"WebSite","@id":"https:\/\/raed.academy\/en\/#website","url":"https:\/\/raed.academy\/en\/","name":"Royal European Academy of Doctors","description":"Corporaci\u00f3n de derecho p\u00fablico de car\u00e1cter cient\u00edfico, t\u00e9cnico y art\u00edstico, que tiene por objeto la investigaci\u00f3n, el estudio, el fomento y la extensi\u00f3n del conocimiento en su sentido m\u00e1s amplio.","publisher":{"@id":"https:\/\/raed.academy\/en\/#organization"},"potentialAction":[{"@type":"SearchAction","target":{"@type":"EntryPoint","urlTemplate":"https:\/\/raed.academy\/en\/?s={search_term_string}"},"query-input":{"@type":"PropertyValueSpecification","valueRequired":true,"valueName":"search_term_string"}}],"inLanguage":"en-US"},{"@type":"Organization","@id":"https:\/\/raed.academy\/en\/#organization","name":"Real Academia Europea de Doctores","url":"https:\/\/raed.academy\/en\/","logo":{"@type":"ImageObject","inLanguage":"en-US","@id":"https:\/\/raed.academy\/en\/#\/schema\/logo\/image\/","url":"https:\/\/raed.academy\/wp-content\/uploads\/2017\/01\/cropped-logo_raed.png","contentUrl":"https:\/\/raed.academy\/wp-content\/uploads\/2017\/01\/cropped-logo_raed.png","width":512,"height":512,"caption":"Real Academia Europea de Doctores"},"image":{"@id":"https:\/\/raed.academy\/en\/#\/schema\/logo\/image\/"},"sameAs":["http:\/\/fb.me\/raed.academy","https:\/\/x.com\/raedacademy","https:\/\/www.instagram.com\/raed.academy\/","https:\/\/www.youtube.com\/channel\/UCUYQwW2KrdirNWihxMDObwg"]},{"@type":"Person","@id":"https:\/\/raed.academy\/en\/#\/schema\/person\/5a755da80d1d979fd66ba745c8702927","name":"RAED","image":{"@type":"ImageObject","inLanguage":"en-US","@id":"https:\/\/secure.gravatar.com\/avatar\/19fdfdc0d67fb9c45714b703a2ac82251c4fcea3637f002ac3c9b74c0183583c?s=96&d=mm&r=g","url":"https:\/\/secure.gravatar.com\/avatar\/19fdfdc0d67fb9c45714b703a2ac82251c4fcea3637f002ac3c9b74c0183583c?s=96&d=mm&r=g","contentUrl":"https:\/\/secure.gravatar.com\/avatar\/19fdfdc0d67fb9c45714b703a2ac82251c4fcea3637f002ac3c9b74c0183583c?s=96&d=mm&r=g","caption":"RAED"}}]}},"_links":{"self":[{"href":"https:\/\/raed.academy\/en\/wp-json\/wp\/v2\/posts\/83274","targetHints":{"allow":["GET"]}}],"collection":[{"href":"https:\/\/raed.academy\/en\/wp-json\/wp\/v2\/posts"}],"about":[{"href":"https:\/\/raed.academy\/en\/wp-json\/wp\/v2\/types\/post"}],"author":[{"embeddable":true,"href":"https:\/\/raed.academy\/en\/wp-json\/wp\/v2\/users\/12"}],"replies":[{"embeddable":true,"href":"https:\/\/raed.academy\/en\/wp-json\/wp\/v2\/comments?post=83274"}],"version-history":[{"count":0,"href":"https:\/\/raed.academy\/en\/wp-json\/wp\/v2\/posts\/83274\/revisions"}],"wp:featuredmedia":[{"embeddable":true,"href":"https:\/\/raed.academy\/en\/wp-json\/wp\/v2\/media\/82447"}],"wp:attachment":[{"href":"https:\/\/raed.academy\/en\/wp-json\/wp\/v2\/media?parent=83274"}],"wp:term":[{"taxonomy":"category","embeddable":true,"href":"https:\/\/raed.academy\/en\/wp-json\/wp\/v2\/categories?post=83274"},{"taxonomy":"post_tag","embeddable":true,"href":"https:\/\/raed.academy\/en\/wp-json\/wp\/v2\/tags?post=83274"}],"curies":[{"name":"wp","href":"https:\/\/api.w.org\/{rel}","templated":true}]}}