{"id":83272,"date":"2019-11-06T22:44:33","date_gmt":"2019-11-06T22:44:33","guid":{"rendered":"https:\/\/raed.academy\/?p=83272"},"modified":"2019-12-02T18:23:32","modified_gmt":"2019-12-02T18:23:32","slug":"the-man-who-supports-women-ignacio-buqueras","status":"publish","type":"post","link":"https:\/\/raed.academy\/en\/the-man-who-supports-women-ignacio-buqueras\/","title":{"rendered":"The man who supports women"},"content":{"rendered":"<p><a href=\"https:\/\/raed.academy\/en\/academicians\/dr-ignacio-buqueras-bach\/\" target=\"_blank\" rel=\"noopener noreferrer\"><strong>Ignacio Buqueras<\/strong><\/a>, full academician of the <a href=\"http:\/\/www.radoctores.es\" target=\"_blank\" rel=\"noopener noreferrer\"><strong>Royal Academy of Doctors of Spain<\/strong><\/a>, honorary president of the Spanish <a href=\"http:\/\/www.fundacionindependiente.es\" target=\"_blank\" rel=\"noopener noreferrer\"><strong>Independent Foundation<\/strong><\/a> and full academician of the <strong>Royal European Academy of Doctors-Barcelona 1914<\/strong> (RAED), has been recognized with the <strong>Man who Supports the Women Award<\/strong>, granted by <a href=\"https:\/\/mde.org.es\" target=\"_blank\" rel=\"noopener noreferrer\"><strong>Women for Dialogue and Education<\/strong><\/a> entity within the framework of its<strong> 9th Solidarity Awards for Equality<\/strong>. The solemn delivery ceremony was held on October 25 at the Liria Palace in Madrid. The jury recognized &#8220;his insistence and his tenacity to put the focus on equal opportunities in institutions promoted by him as the <a href=\"https:\/\/ceoma.org\" target=\"_blank\" rel=\"noopener noreferrer\"><strong>Spanish Confederation of Organizations of Old People<\/strong><\/a>\u00a0or the <a href=\"https:\/\/horariosenespana.com\" target=\"_blank\" rel=\"noopener noreferrer\"><strong>Association for the Rationalization of Spanish Timetables<\/strong><\/a>&#8220;.<\/p>\n<p>The Solidarity Awards for Equality distinguish and pay tribute to &#8220;women, men, media, companies and institutions that, due to their personal, professional, business and human trajectories, have contributed to strengthening the figure of women in the world, in matters relating to equality, visibility, defense of their rights and conciliation, both in the cultural and socioeconomic field&#8221;, explains Women for Dialogue and Education, an organization that aims to unite the largest number of women&#8217;s associations in Spain.<\/p>\n<p>In this edition, along with Buqueras, <strong>Silvia Gil<\/strong>, commander of the Spanish <a href=\"http:\/\/www.guardiacivil.es\" target=\"_blank\" rel=\"noopener noreferrer\"><strong>Civil Guard<\/strong><\/a>, where she has been promoting equality policies for five years (<strong>Women that Change the World Award<\/strong>); the digital magazine<strong> &#8220;L\u00edderas&#8221;<\/strong>, founded in 2015 by <strong>Paloma Zancajo<\/strong> to offer a complete vision of women&#8217;s sport and to show with its information the salary, labor, communication and visibility gap regarding male competitions (<strong>Most Solidarity Media with the Women Award<\/strong>); the technological firm <a href=\"https:\/\/www.ibm.com\" target=\"_blank\" rel=\"noopener noreferrer\"><strong>IBM<\/strong><\/a> for its work in supporting the effective equality of opportunities between women and men throughout its history (<strong>Business in Plural Feminine Award<\/strong>), and the <a href=\"https:\/\/www.incibe.es\" target=\"_blank\" rel=\"noopener noreferrer\"><strong>National Cybersecurity Institute<\/strong><\/a>, an agency under the Spanish <a href=\"http:\/\/www.mineco.gob.es\" target=\"_blank\" rel=\"noopener noreferrer\"><strong>Ministry of Economy and Business<\/strong><\/a> which is based in Le\u00f3n for its support for women suffering from cyberbullying, impersonation of personality, revelation and dissemination of secrets, sexting and sextorsion or any type of digital gender violence (<strong>Institution most Committed to Women Award<\/strong>).<\/p>\n<p>The jury of these awards was led by the president of Women for Dialogue and Education, <strong>Giovanna G. de Calder\u00f3n<\/strong>, and formed by a vast majority of women from the main associations and organizations dedicated to the promotion and protection of women since the most diverse fields, in addition to recognized professionals from various fields.<\/p>\n<p>&nbsp;<\/p>\n\n\t\t<style type=\"text\/css\">\n\t\t\t#gallery-1 {\n\t\t\t\tmargin: auto;\n\t\t\t}\n\t\t\t#gallery-1 .gallery-item {\n\t\t\t\tfloat: left;\n\t\t\t\tmargin-top: 10px;\n\t\t\t\ttext-align: center;\n\t\t\t\twidth: 50%;\n\t\t\t}\n\t\t\t#gallery-1 img {\n\t\t\t\tborder: 2px solid #cfcfcf;\n\t\t\t}\n\t\t\t#gallery-1 .gallery-caption {\n\t\t\t\tmargin-left: 0;\n\t\t\t}\n\t\t\t\/* see gallery_shortcode() in wp-includes\/media.php *\/\n\t\t<\/style>\n\t\t<div id='gallery-1' class='gallery galleryid-83272 gallery-columns-2 gallery-size-full'><dl class='gallery-item'>\n\t\t\t<dt class='gallery-icon landscape'>\n\t\t\t\t<a href='https:\/\/raed.academy\/wp-content\/uploads\/2019\/11\/Carmen-Quintanilla-hace-entrega-del-Premio-al-Dr-Ignacio-Buqueras-y-Bach.jpg'><img loading=\"lazy\" decoding=\"async\" width=\"850\" height=\"567\" src=\"https:\/\/raed.academy\/wp-content\/uploads\/2019\/11\/Carmen-Quintanilla-hace-entrega-del-Premio-al-Dr-Ignacio-Buqueras-y-Bach.jpg\" class=\"attachment-full size-full\" alt=\"\" aria-describedby=\"gallery-1-82326\" srcset=\"https:\/\/raed.academy\/wp-content\/uploads\/2019\/11\/Carmen-Quintanilla-hace-entrega-del-Premio-al-Dr-Ignacio-Buqueras-y-Bach.jpg 850w, https:\/\/raed.academy\/wp-content\/uploads\/2019\/11\/Carmen-Quintanilla-hace-entrega-del-Premio-al-Dr-Ignacio-Buqueras-y-Bach-768x512.jpg 768w\" sizes=\"(max-width: 850px) 100vw, 850px\" \/><\/a>\n\t\t\t<\/dt>\n\t\t\t\t<dd class='wp-caption-text gallery-caption' id='gallery-1-82326'>\n\t\t\t\tThe senator and president of the Association of Families and Women of the Rural Environment -AFAMER-, Carmen Quintanilla presented the Prize to Dr. Ignacio Buqueras y Bach\n\t\t\t\t<\/dd><\/dl><dl class='gallery-item'>\n\t\t\t<dt class='gallery-icon landscape'>\n\t\t\t\t<a href='https:\/\/raed.academy\/wp-content\/uploads\/2019\/11\/los-premiados-con-Giovanna-de-Calder\u00f3n-Presidenta-de-Mujeres-para-el-Dialogo-y-la-Educaci\u00f3n-1.jpg'><img loading=\"lazy\" decoding=\"async\" width=\"970\" height=\"647\" src=\"https:\/\/raed.academy\/wp-content\/uploads\/2019\/11\/los-premiados-con-Giovanna-de-Calder\u00f3n-Presidenta-de-Mujeres-para-el-Dialogo-y-la-Educaci\u00f3n-1.jpg\" class=\"attachment-full size-full\" alt=\"Los premiados con Giovanna de Calder\u00f3n, Presidenta de Mujeres para el Dialogo y la Educaci\u00f3n\" aria-describedby=\"gallery-1-82465\" srcset=\"https:\/\/raed.academy\/wp-content\/uploads\/2019\/11\/los-premiados-con-Giovanna-de-Calder\u00f3n-Presidenta-de-Mujeres-para-el-Dialogo-y-la-Educaci\u00f3n-1.jpg 970w, https:\/\/raed.academy\/wp-content\/uploads\/2019\/11\/los-premiados-con-Giovanna-de-Calder\u00f3n-Presidenta-de-Mujeres-para-el-Dialogo-y-la-Educaci\u00f3n-1-768x512.jpg 768w\" sizes=\"(max-width: 970px) 100vw, 970px\" \/><\/a>\n\t\t\t<\/dt>\n\t\t\t\t<dd class='wp-caption-text gallery-caption' id='gallery-1-82465'>\n\t\t\t\tThe winners with Giovanna de Calder\u00f3n, President of Women for Dialogue and Education\n\t\t\t\t<\/dd><\/dl><br style=\"clear: both\" \/>\n\t\t<\/div>\n\n","protected":false},"excerpt":{"rendered":"<p>Ignacio Buqueras, full academician of the Royal Academy of Doctors of Spain, honorary president of the Spanish Independent Foundation and full academician of the Royal European Academy of Doctors-Barcelona 1914 (RAED), has been recognized with the Man who Supports the Women Award, granted by Women for Dialogue and Education entity within the framework of its [&hellip;]<\/p>\n","protected":false},"author":12,"featured_media":82320,"comment_status":"closed","ping_status":"closed","sticky":false,"template":"","format":"standard","meta":{"_et_pb_use_builder":"","_et_pb_old_content":"","_et_gb_content_width":"","footnotes":""},"categories":[177,238,167],"tags":[],"class_list":["post-83272","post","type-post","status-publish","format-standard","has-post-thumbnail","hentry","category-academicians-in-society","category-economic-and-business","category-prizes-awards-and-appointments","et-has-post-format-content","et_post_format-et-post-format-standard"],"yoast_head":"<!-- This site is optimized with the Yoast SEO plugin v27.4 - https:\/\/yoast.com\/product\/yoast-seo-wordpress\/ -->\n<title>The man who supports women - Royal European Academy of Doctors<\/title>\n<meta name=\"description\" content=\"Ignacio Buqueras has been recognized with the Man who Supports the Women Award\" \/>\n<meta name=\"robots\" content=\"index, follow, max-snippet:-1, max-image-preview:large, max-video-preview:-1\" \/>\n<link rel=\"canonical\" href=\"https:\/\/raed.academy\/en\/the-man-who-supports-women-ignacio-buqueras\/\" \/>\n<meta property=\"og:locale\" content=\"en_US\" \/>\n<meta property=\"og:type\" content=\"article\" \/>\n<meta property=\"og:title\" content=\"The man who supports women - Royal European Academy of Doctors\" \/>\n<meta property=\"og:description\" content=\"Ignacio Buqueras has been recognized with the Man who Supports the Women Award\" \/>\n<meta property=\"og:url\" content=\"https:\/\/raed.academy\/en\/the-man-who-supports-women-ignacio-buqueras\/\" \/>\n<meta property=\"og:site_name\" content=\"Royal European Academy of Doctors\" \/>\n<meta property=\"article:publisher\" content=\"http:\/\/fb.me\/raed.academy\" \/>\n<meta property=\"article:published_time\" content=\"2019-11-06T22:44:33+00:00\" \/>\n<meta property=\"article:modified_time\" content=\"2019-12-02T18:23:32+00:00\" \/>\n<meta property=\"og:image\" content=\"https:\/\/raed.academy\/wp-content\/uploads\/2019\/11\/apoyo-a-las-mujeres-dstNtc.jpg\" \/>\n\t<meta property=\"og:image:width\" content=\"600\" \/>\n\t<meta property=\"og:image:height\" content=\"270\" \/>\n\t<meta property=\"og:image:type\" content=\"image\/jpeg\" \/>\n<meta name=\"author\" content=\"RAED\" \/>\n<meta name=\"twitter:card\" content=\"summary_large_image\" \/>\n<meta name=\"twitter:creator\" content=\"@raedacademy\" \/>\n<meta name=\"twitter:site\" content=\"@raedacademy\" \/>\n<meta name=\"twitter:label1\" content=\"Written by\" \/>\n\t<meta name=\"twitter:data1\" content=\"RAED\" \/>\n\t<meta name=\"twitter:label2\" content=\"Est. reading time\" \/>\n\t<meta name=\"twitter:data2\" content=\"2 minutes\" \/>\n<script type=\"application\/ld+json\" class=\"yoast-schema-graph\">{\"@context\":\"https:\\\/\\\/schema.org\",\"@graph\":[{\"@type\":\"Article\",\"@id\":\"https:\\\/\\\/raed.academy\\\/en\\\/the-man-who-supports-women-ignacio-buqueras\\\/#article\",\"isPartOf\":{\"@id\":\"https:\\\/\\\/raed.academy\\\/en\\\/the-man-who-supports-women-ignacio-buqueras\\\/\"},\"author\":{\"name\":\"RAED\",\"@id\":\"https:\\\/\\\/raed.academy\\\/en\\\/#\\\/schema\\\/person\\\/5a755da80d1d979fd66ba745c8702927\"},\"headline\":\"The man who supports women\",\"datePublished\":\"2019-11-06T22:44:33+00:00\",\"dateModified\":\"2019-12-02T18:23:32+00:00\",\"mainEntityOfPage\":{\"@id\":\"https:\\\/\\\/raed.academy\\\/en\\\/the-man-who-supports-women-ignacio-buqueras\\\/\"},\"wordCount\":410,\"publisher\":{\"@id\":\"https:\\\/\\\/raed.academy\\\/en\\\/#organization\"},\"image\":{\"@id\":\"https:\\\/\\\/raed.academy\\\/en\\\/the-man-who-supports-women-ignacio-buqueras\\\/#primaryimage\"},\"thumbnailUrl\":\"https:\\\/\\\/raed.academy\\\/wp-content\\\/uploads\\\/2019\\\/11\\\/apoyo-a-las-mujeres-dstNtc.jpg\",\"articleSection\":[\"Academicians in society\",\"Economic and Business\",\"Prizes, awards and appointments\"],\"inLanguage\":\"en-US\"},{\"@type\":\"WebPage\",\"@id\":\"https:\\\/\\\/raed.academy\\\/en\\\/the-man-who-supports-women-ignacio-buqueras\\\/\",\"url\":\"https:\\\/\\\/raed.academy\\\/en\\\/the-man-who-supports-women-ignacio-buqueras\\\/\",\"name\":\"The man who supports women - Royal European Academy of Doctors\",\"isPartOf\":{\"@id\":\"https:\\\/\\\/raed.academy\\\/en\\\/#website\"},\"primaryImageOfPage\":{\"@id\":\"https:\\\/\\\/raed.academy\\\/en\\\/the-man-who-supports-women-ignacio-buqueras\\\/#primaryimage\"},\"image\":{\"@id\":\"https:\\\/\\\/raed.academy\\\/en\\\/the-man-who-supports-women-ignacio-buqueras\\\/#primaryimage\"},\"thumbnailUrl\":\"https:\\\/\\\/raed.academy\\\/wp-content\\\/uploads\\\/2019\\\/11\\\/apoyo-a-las-mujeres-dstNtc.jpg\",\"datePublished\":\"2019-11-06T22:44:33+00:00\",\"dateModified\":\"2019-12-02T18:23:32+00:00\",\"description\":\"Ignacio Buqueras has been recognized with the Man who Supports the Women Award\",\"breadcrumb\":{\"@id\":\"https:\\\/\\\/raed.academy\\\/en\\\/the-man-who-supports-women-ignacio-buqueras\\\/#breadcrumb\"},\"inLanguage\":\"en-US\",\"potentialAction\":[{\"@type\":\"ReadAction\",\"target\":[\"https:\\\/\\\/raed.academy\\\/en\\\/the-man-who-supports-women-ignacio-buqueras\\\/\"]}]},{\"@type\":\"ImageObject\",\"inLanguage\":\"en-US\",\"@id\":\"https:\\\/\\\/raed.academy\\\/en\\\/the-man-who-supports-women-ignacio-buqueras\\\/#primaryimage\",\"url\":\"https:\\\/\\\/raed.academy\\\/wp-content\\\/uploads\\\/2019\\\/11\\\/apoyo-a-las-mujeres-dstNtc.jpg\",\"contentUrl\":\"https:\\\/\\\/raed.academy\\\/wp-content\\\/uploads\\\/2019\\\/11\\\/apoyo-a-las-mujeres-dstNtc.jpg\",\"width\":600,\"height\":270},{\"@type\":\"BreadcrumbList\",\"@id\":\"https:\\\/\\\/raed.academy\\\/en\\\/the-man-who-supports-women-ignacio-buqueras\\\/#breadcrumb\",\"itemListElement\":[{\"@type\":\"ListItem\",\"position\":1,\"name\":\"Inicio\",\"item\":\"https:\\\/\\\/raed.academy\\\/en\\\/\"},{\"@type\":\"ListItem\",\"position\":2,\"name\":\"The man who supports women\"}]},{\"@type\":\"WebSite\",\"@id\":\"https:\\\/\\\/raed.academy\\\/en\\\/#website\",\"url\":\"https:\\\/\\\/raed.academy\\\/en\\\/\",\"name\":\"Royal European Academy of Doctors\",\"description\":\"Corporaci\u00f3n de derecho p\u00fablico de car\u00e1cter cient\u00edfico, t\u00e9cnico y art\u00edstico, que tiene por objeto la investigaci\u00f3n, el estudio, el fomento y la extensi\u00f3n del conocimiento en su sentido m\u00e1s amplio.\",\"publisher\":{\"@id\":\"https:\\\/\\\/raed.academy\\\/en\\\/#organization\"},\"potentialAction\":[{\"@type\":\"SearchAction\",\"target\":{\"@type\":\"EntryPoint\",\"urlTemplate\":\"https:\\\/\\\/raed.academy\\\/en\\\/?s={search_term_string}\"},\"query-input\":{\"@type\":\"PropertyValueSpecification\",\"valueRequired\":true,\"valueName\":\"search_term_string\"}}],\"inLanguage\":\"en-US\"},{\"@type\":\"Organization\",\"@id\":\"https:\\\/\\\/raed.academy\\\/en\\\/#organization\",\"name\":\"Real Academia Europea de Doctores\",\"url\":\"https:\\\/\\\/raed.academy\\\/en\\\/\",\"logo\":{\"@type\":\"ImageObject\",\"inLanguage\":\"en-US\",\"@id\":\"https:\\\/\\\/raed.academy\\\/en\\\/#\\\/schema\\\/logo\\\/image\\\/\",\"url\":\"https:\\\/\\\/raed.academy\\\/wp-content\\\/uploads\\\/2017\\\/01\\\/cropped-logo_raed.png\",\"contentUrl\":\"https:\\\/\\\/raed.academy\\\/wp-content\\\/uploads\\\/2017\\\/01\\\/cropped-logo_raed.png\",\"width\":512,\"height\":512,\"caption\":\"Real Academia Europea de Doctores\"},\"image\":{\"@id\":\"https:\\\/\\\/raed.academy\\\/en\\\/#\\\/schema\\\/logo\\\/image\\\/\"},\"sameAs\":[\"http:\\\/\\\/fb.me\\\/raed.academy\",\"https:\\\/\\\/x.com\\\/raedacademy\",\"https:\\\/\\\/www.instagram.com\\\/raed.academy\\\/\",\"https:\\\/\\\/www.youtube.com\\\/channel\\\/UCUYQwW2KrdirNWihxMDObwg\"]},{\"@type\":\"Person\",\"@id\":\"https:\\\/\\\/raed.academy\\\/en\\\/#\\\/schema\\\/person\\\/5a755da80d1d979fd66ba745c8702927\",\"name\":\"RAED\",\"image\":{\"@type\":\"ImageObject\",\"inLanguage\":\"en-US\",\"@id\":\"https:\\\/\\\/secure.gravatar.com\\\/avatar\\\/19fdfdc0d67fb9c45714b703a2ac82251c4fcea3637f002ac3c9b74c0183583c?s=96&d=mm&r=g\",\"url\":\"https:\\\/\\\/secure.gravatar.com\\\/avatar\\\/19fdfdc0d67fb9c45714b703a2ac82251c4fcea3637f002ac3c9b74c0183583c?s=96&d=mm&r=g\",\"contentUrl\":\"https:\\\/\\\/secure.gravatar.com\\\/avatar\\\/19fdfdc0d67fb9c45714b703a2ac82251c4fcea3637f002ac3c9b74c0183583c?s=96&d=mm&r=g\",\"caption\":\"RAED\"}}]}<\/script>\n<!-- \/ Yoast SEO plugin. -->","yoast_head_json":{"title":"The man who supports women - Royal European Academy of Doctors","description":"Ignacio Buqueras has been recognized with the Man who Supports the Women Award","robots":{"index":"index","follow":"follow","max-snippet":"max-snippet:-1","max-image-preview":"max-image-preview:large","max-video-preview":"max-video-preview:-1"},"canonical":"https:\/\/raed.academy\/en\/the-man-who-supports-women-ignacio-buqueras\/","og_locale":"en_US","og_type":"article","og_title":"The man who supports women - Royal European Academy of Doctors","og_description":"Ignacio Buqueras has been recognized with the Man who Supports the Women Award","og_url":"https:\/\/raed.academy\/en\/the-man-who-supports-women-ignacio-buqueras\/","og_site_name":"Royal European Academy of Doctors","article_publisher":"http:\/\/fb.me\/raed.academy","article_published_time":"2019-11-06T22:44:33+00:00","article_modified_time":"2019-12-02T18:23:32+00:00","og_image":[{"width":600,"height":270,"url":"https:\/\/raed.academy\/wp-content\/uploads\/2019\/11\/apoyo-a-las-mujeres-dstNtc.jpg","type":"image\/jpeg"}],"author":"RAED","twitter_card":"summary_large_image","twitter_creator":"@raedacademy","twitter_site":"@raedacademy","twitter_misc":{"Written by":"RAED","Est. reading time":"2 minutes"},"schema":{"@context":"https:\/\/schema.org","@graph":[{"@type":"Article","@id":"https:\/\/raed.academy\/en\/the-man-who-supports-women-ignacio-buqueras\/#article","isPartOf":{"@id":"https:\/\/raed.academy\/en\/the-man-who-supports-women-ignacio-buqueras\/"},"author":{"name":"RAED","@id":"https:\/\/raed.academy\/en\/#\/schema\/person\/5a755da80d1d979fd66ba745c8702927"},"headline":"The man who supports women","datePublished":"2019-11-06T22:44:33+00:00","dateModified":"2019-12-02T18:23:32+00:00","mainEntityOfPage":{"@id":"https:\/\/raed.academy\/en\/the-man-who-supports-women-ignacio-buqueras\/"},"wordCount":410,"publisher":{"@id":"https:\/\/raed.academy\/en\/#organization"},"image":{"@id":"https:\/\/raed.academy\/en\/the-man-who-supports-women-ignacio-buqueras\/#primaryimage"},"thumbnailUrl":"https:\/\/raed.academy\/wp-content\/uploads\/2019\/11\/apoyo-a-las-mujeres-dstNtc.jpg","articleSection":["Academicians in society","Economic and Business","Prizes, awards and appointments"],"inLanguage":"en-US"},{"@type":"WebPage","@id":"https:\/\/raed.academy\/en\/the-man-who-supports-women-ignacio-buqueras\/","url":"https:\/\/raed.academy\/en\/the-man-who-supports-women-ignacio-buqueras\/","name":"The man who supports women - Royal European Academy of Doctors","isPartOf":{"@id":"https:\/\/raed.academy\/en\/#website"},"primaryImageOfPage":{"@id":"https:\/\/raed.academy\/en\/the-man-who-supports-women-ignacio-buqueras\/#primaryimage"},"image":{"@id":"https:\/\/raed.academy\/en\/the-man-who-supports-women-ignacio-buqueras\/#primaryimage"},"thumbnailUrl":"https:\/\/raed.academy\/wp-content\/uploads\/2019\/11\/apoyo-a-las-mujeres-dstNtc.jpg","datePublished":"2019-11-06T22:44:33+00:00","dateModified":"2019-12-02T18:23:32+00:00","description":"Ignacio Buqueras has been recognized with the Man who Supports the Women Award","breadcrumb":{"@id":"https:\/\/raed.academy\/en\/the-man-who-supports-women-ignacio-buqueras\/#breadcrumb"},"inLanguage":"en-US","potentialAction":[{"@type":"ReadAction","target":["https:\/\/raed.academy\/en\/the-man-who-supports-women-ignacio-buqueras\/"]}]},{"@type":"ImageObject","inLanguage":"en-US","@id":"https:\/\/raed.academy\/en\/the-man-who-supports-women-ignacio-buqueras\/#primaryimage","url":"https:\/\/raed.academy\/wp-content\/uploads\/2019\/11\/apoyo-a-las-mujeres-dstNtc.jpg","contentUrl":"https:\/\/raed.academy\/wp-content\/uploads\/2019\/11\/apoyo-a-las-mujeres-dstNtc.jpg","width":600,"height":270},{"@type":"BreadcrumbList","@id":"https:\/\/raed.academy\/en\/the-man-who-supports-women-ignacio-buqueras\/#breadcrumb","itemListElement":[{"@type":"ListItem","position":1,"name":"Inicio","item":"https:\/\/raed.academy\/en\/"},{"@type":"ListItem","position":2,"name":"The man who supports women"}]},{"@type":"WebSite","@id":"https:\/\/raed.academy\/en\/#website","url":"https:\/\/raed.academy\/en\/","name":"Royal European Academy of Doctors","description":"Corporaci\u00f3n de derecho p\u00fablico de car\u00e1cter cient\u00edfico, t\u00e9cnico y art\u00edstico, que tiene por objeto la investigaci\u00f3n, el estudio, el fomento y la extensi\u00f3n del conocimiento en su sentido m\u00e1s amplio.","publisher":{"@id":"https:\/\/raed.academy\/en\/#organization"},"potentialAction":[{"@type":"SearchAction","target":{"@type":"EntryPoint","urlTemplate":"https:\/\/raed.academy\/en\/?s={search_term_string}"},"query-input":{"@type":"PropertyValueSpecification","valueRequired":true,"valueName":"search_term_string"}}],"inLanguage":"en-US"},{"@type":"Organization","@id":"https:\/\/raed.academy\/en\/#organization","name":"Real Academia Europea de Doctores","url":"https:\/\/raed.academy\/en\/","logo":{"@type":"ImageObject","inLanguage":"en-US","@id":"https:\/\/raed.academy\/en\/#\/schema\/logo\/image\/","url":"https:\/\/raed.academy\/wp-content\/uploads\/2017\/01\/cropped-logo_raed.png","contentUrl":"https:\/\/raed.academy\/wp-content\/uploads\/2017\/01\/cropped-logo_raed.png","width":512,"height":512,"caption":"Real Academia Europea de Doctores"},"image":{"@id":"https:\/\/raed.academy\/en\/#\/schema\/logo\/image\/"},"sameAs":["http:\/\/fb.me\/raed.academy","https:\/\/x.com\/raedacademy","https:\/\/www.instagram.com\/raed.academy\/","https:\/\/www.youtube.com\/channel\/UCUYQwW2KrdirNWihxMDObwg"]},{"@type":"Person","@id":"https:\/\/raed.academy\/en\/#\/schema\/person\/5a755da80d1d979fd66ba745c8702927","name":"RAED","image":{"@type":"ImageObject","inLanguage":"en-US","@id":"https:\/\/secure.gravatar.com\/avatar\/19fdfdc0d67fb9c45714b703a2ac82251c4fcea3637f002ac3c9b74c0183583c?s=96&d=mm&r=g","url":"https:\/\/secure.gravatar.com\/avatar\/19fdfdc0d67fb9c45714b703a2ac82251c4fcea3637f002ac3c9b74c0183583c?s=96&d=mm&r=g","contentUrl":"https:\/\/secure.gravatar.com\/avatar\/19fdfdc0d67fb9c45714b703a2ac82251c4fcea3637f002ac3c9b74c0183583c?s=96&d=mm&r=g","caption":"RAED"}}]}},"_links":{"self":[{"href":"https:\/\/raed.academy\/en\/wp-json\/wp\/v2\/posts\/83272","targetHints":{"allow":["GET"]}}],"collection":[{"href":"https:\/\/raed.academy\/en\/wp-json\/wp\/v2\/posts"}],"about":[{"href":"https:\/\/raed.academy\/en\/wp-json\/wp\/v2\/types\/post"}],"author":[{"embeddable":true,"href":"https:\/\/raed.academy\/en\/wp-json\/wp\/v2\/users\/12"}],"replies":[{"embeddable":true,"href":"https:\/\/raed.academy\/en\/wp-json\/wp\/v2\/comments?post=83272"}],"version-history":[{"count":0,"href":"https:\/\/raed.academy\/en\/wp-json\/wp\/v2\/posts\/83272\/revisions"}],"wp:featuredmedia":[{"embeddable":true,"href":"https:\/\/raed.academy\/en\/wp-json\/wp\/v2\/media\/82320"}],"wp:attachment":[{"href":"https:\/\/raed.academy\/en\/wp-json\/wp\/v2\/media?parent=83272"}],"wp:term":[{"taxonomy":"category","embeddable":true,"href":"https:\/\/raed.academy\/en\/wp-json\/wp\/v2\/categories?post=83272"},{"taxonomy":"post_tag","embeddable":true,"href":"https:\/\/raed.academy\/en\/wp-json\/wp\/v2\/tags?post=83272"}],"curies":[{"name":"wp","href":"https:\/\/api.w.org\/{rel}","templated":true}]}}