{"id":83267,"date":"2019-10-31T20:00:30","date_gmt":"2019-10-31T20:00:30","guid":{"rendered":"https:\/\/raed.academy\/?p=83267"},"modified":"2019-11-19T11:48:01","modified_gmt":"2019-11-19T11:48:01","slug":"dietary-evolution-and-revolution","status":"publish","type":"post","link":"https:\/\/raed.academy\/en\/dietary-evolution-and-revolution\/","title":{"rendered":"Dietary evolution and revolution"},"content":{"rendered":"<h2>Gregorio Varela, president of the Spanish Nutrition Foundation, enters at the RAED<\/h2>\n<p><a href=\"https:\/\/raed.academy\/academicos\/dr-gregorio-varela-moreiras\/\" target=\"_blank\" rel=\"noopener noreferrer\"><strong>Gregorio Varela<\/strong><\/a>, professor of Nutrition and Bromatology and director of the Department of Pharmaceutical and Food Sciences of the <a href=\"https:\/\/www.uspceu.com\" target=\"_blank\" rel=\"noopener noreferrer\"><strong>Saint Paul-CEU University<\/strong><\/a> of Madrid and president of the <a href=\"http:\/\/www.fen.org.es\" target=\"_blank\" rel=\"noopener noreferrer\"><strong>Spanish Nutrition Foundation<\/strong><\/a>, entered as full academician of the <strong>Royal European Academy of Doctors-Barcelona 1914<\/strong> (RAED) during a ceremony that was held last Monday, October 28, in the Assembly Hall of the Catalan labor <a href=\"http:\/\/www.foment.com\" target=\"_blank\" rel=\"noopener noreferrer\"><strong>Promotion of National Work<\/strong><\/a>, headquarters of the RAED. The recipient read the admission speech <strong>&#8220;Evoluci\u00f3n y revoluci\u00f3n en el conocimiento cient\u00edfico de la ingesta diet\u00e9tica en Espa\u00f1a&#8221;<\/strong> (Evolution and revolution in scientific knowledge of dietary intake in Spain). On behalf of the Royal Academy answered the full academician, president of the scientific committee of the <a href=\"http:\/\/www.nutricioncomunitaria.org\" target=\"_blank\" rel=\"noopener noreferrer\"><strong>Spanish Society of Community Nutrition<\/strong><\/a> and president of the <a href=\"https:\/\/ehmea-rampv.org\/\" target=\"_blank\" rel=\"noopener noreferrer\"><strong>Royal Academy of Medicine of the Basque Country<\/strong><\/a> <a href=\"https:\/\/raed.academy\/en\/academicians\/dr-javier-aranceta-bartrina\/\" target=\"_blank\" rel=\"noopener noreferrer\"><strong>Javier Aranceta<\/strong><\/a>.<\/p>\n<p>Doctor of Pharmacy and son of two pioneers in food and nutrition studies in Spain, the new academician did what he called a &#8220;clinical picture&#8221;, through an x-ray of what has happened in food and nutrition in Spain in the last decades, starting from the 60s and 70s of the 20th century until reaching the present. Establishing as a starting point the well-known maxim that places man as a gastronomic being. &#8220;The man is an animal that cooks his food, and also the only one that shares them. Only he produces a gastronomic kitchen. The others feed and nourish themselves, but they never turn the intake into a cultural phenomenon. <strong>L\u00e9vi-Strauss<\/strong> states that &#8216;cooking is a language in which society translates all its structures&#8217;. Cooking and gastronomy are, in effect, an art, which stimulate the senses in their entirety: a dish is seen, smells, tastes, is appreciated in its texture, and you can even hear it coming, as is the case with some angulas or shrimp scampi when it arrive at the table&#8221;, he began his presentation.<\/p>\n<p>Varela stressed the importance of scientific knowledge in dietary intake in relation to nutrition and health, highlighted the methodology of so-called dietary surveys and addressed the <strong>Anibes Study<\/strong> in Spain, conducted by the Spanish Nutrition Foundation and coordinated by Varela himself and that has revolutionized scientific knowledge of dietary intake and its associated factors. To conclude that although the majority of objective data allow us to offer a positive diagnosis of food and nutrition in Spain there are also several distorting factors.<\/p>\n<div class=\"subtituloIz\" style=\"width: 550px;\"><span>\u201c<\/span>Spain, the place in the world where the heart of the Mediterranean diet,Intangible Cultural Heritage of Humanity, can probably be located, has become one of the countries where the population least respects its postulates\u201d<\/div>\n<p>&#8220;It&#8217;s undeniable that the socioeconomic changes produced in recent decades have inevitably marked our lifestyle and the way we eat. On the one hand, it&#8217;s worth noting in a very positive way the enormous availability and food accessibility achieved in our country, in addition to the rates of food security, of the highest in the world, and we must consider ourselves as privileged in this sense. In addition, our memory is usually weak to remember the problems of malnutrition that we suffered in our country not so long ago, or the endemic goiter in several areas of our geography, or the lack of a guarantee cold network for the safety and hygiene of our food. But at the same time, this new society we have built causes us the problems and pathologies associated with malnutrition by excess. If we also consider that the concept of Mediterranean expresses not so much what we eat, but how we eat it, there are worrying data in recent times. Because it seems really ironic, if it weren&#8217;t dramatic than Spain, the place in the world where the heart of the Mediterranean diet,<strong> Intangible Cultural Heritage of Humanity<\/strong>, can probably be located, has become one of the countries where where the population least respects its postulates&#8221; he considered.<\/p>\n<p>A paradox that also occurs globally. &#8220;We live between two opposite and unjust worlds. On the one hand, the world beautifully represented by <strong>Botero<\/strong> in his sculptures and paintings, of opulence, of malnutrition by excess. And on the other, malnutrition by default, related to marginalization and poverty. But it&#8217;s especially noteworthy, that today and for the first time, the number of people affected by overweight or obesity in the world has exceeded the number of people suffering from malnutrition by default&#8221;, he concluded.<\/p>\n<h3><a href=\"https:\/\/raed.academy\/wp-content\/uploads\/2019\/10\/discurso-ingreso-RAED-Gregorio-Varela-Moreiras-Conocimiento-cient\u00edfico-de-la-ingesta-dietetica-compr.pdf\" target=\"_blank\" rel=\"noopener noreferrer\">Admission speech<\/a><\/h3>\n\n\t\t<style type=\"text\/css\">\n\t\t\t#gallery-1 {\n\t\t\t\tmargin: auto;\n\t\t\t}\n\t\t\t#gallery-1 .gallery-item {\n\t\t\t\tfloat: left;\n\t\t\t\tmargin-top: 10px;\n\t\t\t\ttext-align: center;\n\t\t\t\twidth: 33%;\n\t\t\t}\n\t\t\t#gallery-1 img {\n\t\t\t\tborder: 2px solid #cfcfcf;\n\t\t\t}\n\t\t\t#gallery-1 .gallery-caption {\n\t\t\t\tmargin-left: 0;\n\t\t\t}\n\t\t\t\/* see gallery_shortcode() in wp-includes\/media.php *\/\n\t\t<\/style>\n\t\t<div id='gallery-1' class='gallery galleryid-83267 gallery-columns-3 gallery-size-full'><dl class='gallery-item'>\n\t\t\t<dt class='gallery-icon landscape'>\n\t\t\t\t<a href='https:\/\/raed.academy\/wp-content\/uploads\/2019\/10\/acto-ingreso-RAED-Gregorio-Varela-Moreiras-1.jpg'><img loading=\"lazy\" decoding=\"async\" width=\"800\" height=\"534\" src=\"https:\/\/raed.academy\/wp-content\/uploads\/2019\/10\/acto-ingreso-RAED-Gregorio-Varela-Moreiras-1.jpg\" class=\"attachment-full size-full\" alt=\"\" srcset=\"https:\/\/raed.academy\/wp-content\/uploads\/2019\/10\/acto-ingreso-RAED-Gregorio-Varela-Moreiras-1.jpg 800w, https:\/\/raed.academy\/wp-content\/uploads\/2019\/10\/acto-ingreso-RAED-Gregorio-Varela-Moreiras-1-768x513.jpg 768w\" sizes=\"(max-width: 800px) 100vw, 800px\" \/><\/a>\n\t\t\t<\/dt><\/dl><dl class='gallery-item'>\n\t\t\t<dt class='gallery-icon landscape'>\n\t\t\t\t<a href='https:\/\/raed.academy\/wp-content\/uploads\/2019\/10\/acto-ingreso-RAED-Gregorio-Varela-Moreiras-2.jpg'><img loading=\"lazy\" decoding=\"async\" width=\"1050\" height=\"700\" src=\"https:\/\/raed.academy\/wp-content\/uploads\/2019\/10\/acto-ingreso-RAED-Gregorio-Varela-Moreiras-2.jpg\" class=\"attachment-full size-full\" alt=\"\" srcset=\"https:\/\/raed.academy\/wp-content\/uploads\/2019\/10\/acto-ingreso-RAED-Gregorio-Varela-Moreiras-2.jpg 1050w, https:\/\/raed.academy\/wp-content\/uploads\/2019\/10\/acto-ingreso-RAED-Gregorio-Varela-Moreiras-2-768x512.jpg 768w\" sizes=\"(max-width: 1050px) 100vw, 1050px\" \/><\/a>\n\t\t\t<\/dt><\/dl><dl class='gallery-item'>\n\t\t\t<dt class='gallery-icon landscape'>\n\t\t\t\t<a href='https:\/\/raed.academy\/wp-content\/uploads\/2019\/10\/acto-ingreso-RAED-Gregorio-Varela-Moreiras-3.jpg'><img loading=\"lazy\" decoding=\"async\" width=\"850\" height=\"567\" src=\"https:\/\/raed.academy\/wp-content\/uploads\/2019\/10\/acto-ingreso-RAED-Gregorio-Varela-Moreiras-3.jpg\" class=\"attachment-full size-full\" alt=\"\" srcset=\"https:\/\/raed.academy\/wp-content\/uploads\/2019\/10\/acto-ingreso-RAED-Gregorio-Varela-Moreiras-3.jpg 850w, https:\/\/raed.academy\/wp-content\/uploads\/2019\/10\/acto-ingreso-RAED-Gregorio-Varela-Moreiras-3-768x512.jpg 768w\" sizes=\"(max-width: 850px) 100vw, 850px\" \/><\/a>\n\t\t\t<\/dt><\/dl><br style=\"clear: both\" \/><dl class='gallery-item'>\n\t\t\t<dt class='gallery-icon landscape'>\n\t\t\t\t<a href='https:\/\/raed.academy\/wp-content\/uploads\/2019\/10\/acto-ingreso-RAED-Gregorio-Varela-Moreiras-4.jpg'><img loading=\"lazy\" decoding=\"async\" width=\"950\" height=\"634\" src=\"https:\/\/raed.academy\/wp-content\/uploads\/2019\/10\/acto-ingreso-RAED-Gregorio-Varela-Moreiras-4.jpg\" class=\"attachment-full size-full\" alt=\"\" srcset=\"https:\/\/raed.academy\/wp-content\/uploads\/2019\/10\/acto-ingreso-RAED-Gregorio-Varela-Moreiras-4.jpg 950w, https:\/\/raed.academy\/wp-content\/uploads\/2019\/10\/acto-ingreso-RAED-Gregorio-Varela-Moreiras-4-768x513.jpg 768w\" sizes=\"(max-width: 950px) 100vw, 950px\" \/><\/a>\n\t\t\t<\/dt><\/dl><dl class='gallery-item'>\n\t\t\t<dt class='gallery-icon landscape'>\n\t\t\t\t<a href='https:\/\/raed.academy\/wp-content\/uploads\/2019\/10\/acto-ingreso-RAED-Gregorio-Varela-Moreiras-5.jpg'><img loading=\"lazy\" decoding=\"async\" width=\"850\" height=\"567\" src=\"https:\/\/raed.academy\/wp-content\/uploads\/2019\/10\/acto-ingreso-RAED-Gregorio-Varela-Moreiras-5.jpg\" class=\"attachment-full size-full\" alt=\"\" srcset=\"https:\/\/raed.academy\/wp-content\/uploads\/2019\/10\/acto-ingreso-RAED-Gregorio-Varela-Moreiras-5.jpg 850w, https:\/\/raed.academy\/wp-content\/uploads\/2019\/10\/acto-ingreso-RAED-Gregorio-Varela-Moreiras-5-768x512.jpg 768w\" sizes=\"(max-width: 850px) 100vw, 850px\" \/><\/a>\n\t\t\t<\/dt><\/dl><dl class='gallery-item'>\n\t\t\t<dt class='gallery-icon landscape'>\n\t\t\t\t<a href='https:\/\/raed.academy\/wp-content\/uploads\/2019\/10\/acto-ingreso-RAED-Gregorio-Varela-Moreiras-6.jpg'><img loading=\"lazy\" decoding=\"async\" width=\"800\" height=\"534\" src=\"https:\/\/raed.academy\/wp-content\/uploads\/2019\/10\/acto-ingreso-RAED-Gregorio-Varela-Moreiras-6.jpg\" class=\"attachment-full size-full\" alt=\"\" srcset=\"https:\/\/raed.academy\/wp-content\/uploads\/2019\/10\/acto-ingreso-RAED-Gregorio-Varela-Moreiras-6.jpg 800w, https:\/\/raed.academy\/wp-content\/uploads\/2019\/10\/acto-ingreso-RAED-Gregorio-Varela-Moreiras-6-768x513.jpg 768w\" sizes=\"(max-width: 800px) 100vw, 800px\" \/><\/a>\n\t\t\t<\/dt><\/dl><br style=\"clear: both\" \/><dl class='gallery-item'>\n\t\t\t<dt class='gallery-icon landscape'>\n\t\t\t\t<a href='https:\/\/raed.academy\/wp-content\/uploads\/2019\/10\/acto-ingreso-RAED-Gregorio-Varela-Moreiras-7.jpg'><img loading=\"lazy\" decoding=\"async\" width=\"1050\" height=\"700\" src=\"https:\/\/raed.academy\/wp-content\/uploads\/2019\/10\/acto-ingreso-RAED-Gregorio-Varela-Moreiras-7.jpg\" class=\"attachment-full size-full\" alt=\"\" srcset=\"https:\/\/raed.academy\/wp-content\/uploads\/2019\/10\/acto-ingreso-RAED-Gregorio-Varela-Moreiras-7.jpg 1050w, https:\/\/raed.academy\/wp-content\/uploads\/2019\/10\/acto-ingreso-RAED-Gregorio-Varela-Moreiras-7-768x512.jpg 768w\" sizes=\"(max-width: 1050px) 100vw, 1050px\" \/><\/a>\n\t\t\t<\/dt><\/dl><dl class='gallery-item'>\n\t\t\t<dt class='gallery-icon landscape'>\n\t\t\t\t<a href='https:\/\/raed.academy\/wp-content\/uploads\/2019\/10\/acto-ingreso-RAED-Gregorio-Varela-Moreiras-8.jpg'><img loading=\"lazy\" decoding=\"async\" width=\"800\" height=\"534\" src=\"https:\/\/raed.academy\/wp-content\/uploads\/2019\/10\/acto-ingreso-RAED-Gregorio-Varela-Moreiras-8.jpg\" class=\"attachment-full size-full\" alt=\"\" srcset=\"https:\/\/raed.academy\/wp-content\/uploads\/2019\/10\/acto-ingreso-RAED-Gregorio-Varela-Moreiras-8.jpg 800w, https:\/\/raed.academy\/wp-content\/uploads\/2019\/10\/acto-ingreso-RAED-Gregorio-Varela-Moreiras-8-768x513.jpg 768w\" sizes=\"(max-width: 800px) 100vw, 800px\" \/><\/a>\n\t\t\t<\/dt><\/dl><dl class='gallery-item'>\n\t\t\t<dt class='gallery-icon landscape'>\n\t\t\t\t<a href='https:\/\/raed.academy\/wp-content\/uploads\/2019\/10\/acto-ingreso-RAED-Gregorio-Varela-Moreiras-9.jpg'><img loading=\"lazy\" decoding=\"async\" width=\"1050\" height=\"700\" src=\"https:\/\/raed.academy\/wp-content\/uploads\/2019\/10\/acto-ingreso-RAED-Gregorio-Varela-Moreiras-9.jpg\" class=\"attachment-full size-full\" alt=\"\" srcset=\"https:\/\/raed.academy\/wp-content\/uploads\/2019\/10\/acto-ingreso-RAED-Gregorio-Varela-Moreiras-9.jpg 1050w, https:\/\/raed.academy\/wp-content\/uploads\/2019\/10\/acto-ingreso-RAED-Gregorio-Varela-Moreiras-9-768x512.jpg 768w\" sizes=\"(max-width: 1050px) 100vw, 1050px\" \/><\/a>\n\t\t\t<\/dt><\/dl><br style=\"clear: both\" \/><dl class='gallery-item'>\n\t\t\t<dt class='gallery-icon landscape'>\n\t\t\t\t<a href='https:\/\/raed.academy\/wp-content\/uploads\/2019\/10\/acto-ingreso-RAED-Gregorio-Varela-Moreiras-10.jpg'><img loading=\"lazy\" decoding=\"async\" width=\"920\" height=\"614\" src=\"https:\/\/raed.academy\/wp-content\/uploads\/2019\/10\/acto-ingreso-RAED-Gregorio-Varela-Moreiras-10.jpg\" class=\"attachment-full size-full\" alt=\"\" srcset=\"https:\/\/raed.academy\/wp-content\/uploads\/2019\/10\/acto-ingreso-RAED-Gregorio-Varela-Moreiras-10.jpg 920w, https:\/\/raed.academy\/wp-content\/uploads\/2019\/10\/acto-ingreso-RAED-Gregorio-Varela-Moreiras-10-768x513.jpg 768w\" sizes=\"(max-width: 920px) 100vw, 920px\" \/><\/a>\n\t\t\t<\/dt><\/dl><dl class='gallery-item'>\n\t\t\t<dt class='gallery-icon landscape'>\n\t\t\t\t<a href='https:\/\/raed.academy\/wp-content\/uploads\/2019\/10\/acto-ingreso-RAED-Gregorio-Varela-Moreiras-11.jpg'><img loading=\"lazy\" decoding=\"async\" width=\"800\" height=\"534\" src=\"https:\/\/raed.academy\/wp-content\/uploads\/2019\/10\/acto-ingreso-RAED-Gregorio-Varela-Moreiras-11.jpg\" class=\"attachment-full size-full\" alt=\"\" srcset=\"https:\/\/raed.academy\/wp-content\/uploads\/2019\/10\/acto-ingreso-RAED-Gregorio-Varela-Moreiras-11.jpg 800w, https:\/\/raed.academy\/wp-content\/uploads\/2019\/10\/acto-ingreso-RAED-Gregorio-Varela-Moreiras-11-768x513.jpg 768w\" sizes=\"(max-width: 800px) 100vw, 800px\" \/><\/a>\n\t\t\t<\/dt><\/dl><dl class='gallery-item'>\n\t\t\t<dt class='gallery-icon landscape'>\n\t\t\t\t<a href='https:\/\/raed.academy\/wp-content\/uploads\/2019\/10\/acto-ingreso-RAED-Gregorio-Varela-Moreiras-12.jpg'><img loading=\"lazy\" decoding=\"async\" width=\"850\" height=\"567\" src=\"https:\/\/raed.academy\/wp-content\/uploads\/2019\/10\/acto-ingreso-RAED-Gregorio-Varela-Moreiras-12.jpg\" class=\"attachment-full size-full\" alt=\"\" srcset=\"https:\/\/raed.academy\/wp-content\/uploads\/2019\/10\/acto-ingreso-RAED-Gregorio-Varela-Moreiras-12.jpg 850w, https:\/\/raed.academy\/wp-content\/uploads\/2019\/10\/acto-ingreso-RAED-Gregorio-Varela-Moreiras-12-768x512.jpg 768w\" sizes=\"(max-width: 850px) 100vw, 850px\" \/><\/a>\n\t\t\t<\/dt><\/dl><br style=\"clear: both\" \/><dl class='gallery-item'>\n\t\t\t<dt class='gallery-icon landscape'>\n\t\t\t\t<a href='https:\/\/raed.academy\/wp-content\/uploads\/2019\/10\/acto-ingreso-RAED-Gregorio-Varela-Moreiras-13.jpg'><img loading=\"lazy\" decoding=\"async\" width=\"850\" height=\"567\" src=\"https:\/\/raed.academy\/wp-content\/uploads\/2019\/10\/acto-ingreso-RAED-Gregorio-Varela-Moreiras-13.jpg\" class=\"attachment-full size-full\" alt=\"\" srcset=\"https:\/\/raed.academy\/wp-content\/uploads\/2019\/10\/acto-ingreso-RAED-Gregorio-Varela-Moreiras-13.jpg 850w, https:\/\/raed.academy\/wp-content\/uploads\/2019\/10\/acto-ingreso-RAED-Gregorio-Varela-Moreiras-13-768x512.jpg 768w\" sizes=\"(max-width: 850px) 100vw, 850px\" \/><\/a>\n\t\t\t<\/dt><\/dl><dl class='gallery-item'>\n\t\t\t<dt class='gallery-icon landscape'>\n\t\t\t\t<a href='https:\/\/raed.academy\/wp-content\/uploads\/2019\/10\/acto-ingreso-RAED-Gregorio-Varela-Moreiras-14.jpg'><img loading=\"lazy\" decoding=\"async\" width=\"1000\" height=\"667\" src=\"https:\/\/raed.academy\/wp-content\/uploads\/2019\/10\/acto-ingreso-RAED-Gregorio-Varela-Moreiras-14.jpg\" class=\"attachment-full size-full\" alt=\"\" srcset=\"https:\/\/raed.academy\/wp-content\/uploads\/2019\/10\/acto-ingreso-RAED-Gregorio-Varela-Moreiras-14.jpg 1000w, https:\/\/raed.academy\/wp-content\/uploads\/2019\/10\/acto-ingreso-RAED-Gregorio-Varela-Moreiras-14-768x512.jpg 768w\" sizes=\"(max-width: 1000px) 100vw, 1000px\" \/><\/a>\n\t\t\t<\/dt><\/dl><dl class='gallery-item'>\n\t\t\t<dt class='gallery-icon landscape'>\n\t\t\t\t<a href='https:\/\/raed.academy\/wp-content\/uploads\/2019\/10\/acto-ingreso-RAED-Gregorio-Varela-Moreiras-15.jpg'><img loading=\"lazy\" decoding=\"async\" width=\"1240\" height=\"827\" src=\"https:\/\/raed.academy\/wp-content\/uploads\/2019\/10\/acto-ingreso-RAED-Gregorio-Varela-Moreiras-15.jpg\" class=\"attachment-full size-full\" alt=\"\" srcset=\"https:\/\/raed.academy\/wp-content\/uploads\/2019\/10\/acto-ingreso-RAED-Gregorio-Varela-Moreiras-15.jpg 1240w, https:\/\/raed.academy\/wp-content\/uploads\/2019\/10\/acto-ingreso-RAED-Gregorio-Varela-Moreiras-15-768x512.jpg 768w, https:\/\/raed.academy\/wp-content\/uploads\/2019\/10\/acto-ingreso-RAED-Gregorio-Varela-Moreiras-15-1080x720.jpg 1080w\" sizes=\"(max-width: 1240px) 100vw, 1240px\" \/><\/a>\n\t\t\t<\/dt><\/dl><br style=\"clear: both\" \/>\n\t\t<\/div>\n\n","protected":false},"excerpt":{"rendered":"<p>Gregorio Varela, president of the Spanish Nutrition Foundation, enters at the RAED Gregorio Varela, professor of Nutrition and Bromatology and director of the Department of Pharmaceutical and Food Sciences of the Saint Paul-CEU University of Madrid and president of the Spanish Nutrition Foundation, entered as full academician of the Royal European Academy of Doctors-Barcelona 1914 [&hellip;]<\/p>\n","protected":false},"author":12,"featured_media":81852,"comment_status":"closed","ping_status":"closed","sticky":false,"template":"","format":"standard","meta":{"_et_pb_use_builder":"","_et_pb_old_content":"","_et_gb_content_width":"","footnotes":""},"categories":[144,236],"tags":[476],"class_list":["post-83267","post","type-post","status-publish","format-standard","has-post-thumbnail","hentry","category-acts-admission-academicians","category-food-and-nutrition","tag-academicians-income","et-has-post-format-content","et_post_format-et-post-format-standard"],"yoast_head":"<!-- This site is optimized with the Yoast SEO plugin v27.4 - https:\/\/yoast.com\/product\/yoast-seo-wordpress\/ -->\n<title>Dietary evolution and revolution - Royal European Academy of Doctors<\/title>\n<meta name=\"description\" content=\"Gregorio Varela, president of the Spanish Nutrition Foundation, enters at the RAED\" \/>\n<meta name=\"robots\" content=\"index, follow, max-snippet:-1, max-image-preview:large, max-video-preview:-1\" \/>\n<link rel=\"canonical\" href=\"https:\/\/raed.academy\/en\/dietary-evolution-and-revolution\/\" \/>\n<meta property=\"og:locale\" content=\"en_US\" \/>\n<meta property=\"og:type\" content=\"article\" \/>\n<meta property=\"og:title\" content=\"Dietary evolution and revolution - Royal European Academy of Doctors\" \/>\n<meta property=\"og:description\" content=\"Gregorio Varela, president of the Spanish Nutrition Foundation, enters at the RAED\" \/>\n<meta property=\"og:url\" content=\"https:\/\/raed.academy\/en\/dietary-evolution-and-revolution\/\" \/>\n<meta property=\"og:site_name\" content=\"Royal European Academy of Doctors\" \/>\n<meta property=\"article:publisher\" content=\"http:\/\/fb.me\/raed.academy\" \/>\n<meta property=\"article:published_time\" content=\"2019-10-31T20:00:30+00:00\" \/>\n<meta property=\"article:modified_time\" content=\"2019-11-19T11:48:01+00:00\" \/>\n<meta property=\"og:image\" content=\"https:\/\/raed.academy\/wp-content\/uploads\/2019\/10\/vegetable-basket-vegetales-hortalizas-pix-CC0-no-atrib-dst.jpg\" \/>\n\t<meta property=\"og:image:width\" content=\"1000\" \/>\n\t<meta property=\"og:image:height\" content=\"420\" \/>\n\t<meta property=\"og:image:type\" content=\"image\/jpeg\" \/>\n<meta name=\"author\" content=\"RAED\" \/>\n<meta name=\"twitter:card\" content=\"summary_large_image\" \/>\n<meta name=\"twitter:creator\" content=\"@raedacademy\" \/>\n<meta name=\"twitter:site\" content=\"@raedacademy\" \/>\n<meta name=\"twitter:label1\" content=\"Written by\" \/>\n\t<meta name=\"twitter:data1\" content=\"RAED\" \/>\n\t<meta name=\"twitter:label2\" content=\"Est. reading time\" \/>\n\t<meta name=\"twitter:data2\" content=\"4 minutes\" \/>\n<script type=\"application\/ld+json\" class=\"yoast-schema-graph\">{\"@context\":\"https:\\\/\\\/schema.org\",\"@graph\":[{\"@type\":\"Article\",\"@id\":\"https:\\\/\\\/raed.academy\\\/en\\\/dietary-evolution-and-revolution\\\/#article\",\"isPartOf\":{\"@id\":\"https:\\\/\\\/raed.academy\\\/en\\\/dietary-evolution-and-revolution\\\/\"},\"author\":{\"name\":\"RAED\",\"@id\":\"https:\\\/\\\/raed.academy\\\/en\\\/#\\\/schema\\\/person\\\/5a755da80d1d979fd66ba745c8702927\"},\"headline\":\"Dietary evolution and revolution\",\"datePublished\":\"2019-10-31T20:00:30+00:00\",\"dateModified\":\"2019-11-19T11:48:01+00:00\",\"mainEntityOfPage\":{\"@id\":\"https:\\\/\\\/raed.academy\\\/en\\\/dietary-evolution-and-revolution\\\/\"},\"wordCount\":760,\"publisher\":{\"@id\":\"https:\\\/\\\/raed.academy\\\/en\\\/#organization\"},\"image\":{\"@id\":\"https:\\\/\\\/raed.academy\\\/en\\\/dietary-evolution-and-revolution\\\/#primaryimage\"},\"thumbnailUrl\":\"https:\\\/\\\/raed.academy\\\/wp-content\\\/uploads\\\/2019\\\/10\\\/vegetable-basket-vegetales-hortalizas-pix-CC0-no-atrib-dst.jpg\",\"keywords\":[\"academicians income\"],\"articleSection\":[\"Acts of admission as academicians\",\"Food and nutrition\"],\"inLanguage\":\"en-US\"},{\"@type\":\"WebPage\",\"@id\":\"https:\\\/\\\/raed.academy\\\/en\\\/dietary-evolution-and-revolution\\\/\",\"url\":\"https:\\\/\\\/raed.academy\\\/en\\\/dietary-evolution-and-revolution\\\/\",\"name\":\"Dietary evolution and revolution - Royal European Academy of Doctors\",\"isPartOf\":{\"@id\":\"https:\\\/\\\/raed.academy\\\/en\\\/#website\"},\"primaryImageOfPage\":{\"@id\":\"https:\\\/\\\/raed.academy\\\/en\\\/dietary-evolution-and-revolution\\\/#primaryimage\"},\"image\":{\"@id\":\"https:\\\/\\\/raed.academy\\\/en\\\/dietary-evolution-and-revolution\\\/#primaryimage\"},\"thumbnailUrl\":\"https:\\\/\\\/raed.academy\\\/wp-content\\\/uploads\\\/2019\\\/10\\\/vegetable-basket-vegetales-hortalizas-pix-CC0-no-atrib-dst.jpg\",\"datePublished\":\"2019-10-31T20:00:30+00:00\",\"dateModified\":\"2019-11-19T11:48:01+00:00\",\"description\":\"Gregorio Varela, president of the Spanish Nutrition Foundation, enters at the RAED\",\"breadcrumb\":{\"@id\":\"https:\\\/\\\/raed.academy\\\/en\\\/dietary-evolution-and-revolution\\\/#breadcrumb\"},\"inLanguage\":\"en-US\",\"potentialAction\":[{\"@type\":\"ReadAction\",\"target\":[\"https:\\\/\\\/raed.academy\\\/en\\\/dietary-evolution-and-revolution\\\/\"]}]},{\"@type\":\"ImageObject\",\"inLanguage\":\"en-US\",\"@id\":\"https:\\\/\\\/raed.academy\\\/en\\\/dietary-evolution-and-revolution\\\/#primaryimage\",\"url\":\"https:\\\/\\\/raed.academy\\\/wp-content\\\/uploads\\\/2019\\\/10\\\/vegetable-basket-vegetales-hortalizas-pix-CC0-no-atrib-dst.jpg\",\"contentUrl\":\"https:\\\/\\\/raed.academy\\\/wp-content\\\/uploads\\\/2019\\\/10\\\/vegetable-basket-vegetales-hortalizas-pix-CC0-no-atrib-dst.jpg\",\"width\":1000,\"height\":420},{\"@type\":\"BreadcrumbList\",\"@id\":\"https:\\\/\\\/raed.academy\\\/en\\\/dietary-evolution-and-revolution\\\/#breadcrumb\",\"itemListElement\":[{\"@type\":\"ListItem\",\"position\":1,\"name\":\"Inicio\",\"item\":\"https:\\\/\\\/raed.academy\\\/en\\\/\"},{\"@type\":\"ListItem\",\"position\":2,\"name\":\"Dietary evolution and revolution\"}]},{\"@type\":\"WebSite\",\"@id\":\"https:\\\/\\\/raed.academy\\\/en\\\/#website\",\"url\":\"https:\\\/\\\/raed.academy\\\/en\\\/\",\"name\":\"Royal European Academy of Doctors\",\"description\":\"Corporaci\u00f3n de derecho p\u00fablico de car\u00e1cter cient\u00edfico, t\u00e9cnico y art\u00edstico, que tiene por objeto la investigaci\u00f3n, el estudio, el fomento y la extensi\u00f3n del conocimiento en su sentido m\u00e1s amplio.\",\"publisher\":{\"@id\":\"https:\\\/\\\/raed.academy\\\/en\\\/#organization\"},\"potentialAction\":[{\"@type\":\"SearchAction\",\"target\":{\"@type\":\"EntryPoint\",\"urlTemplate\":\"https:\\\/\\\/raed.academy\\\/en\\\/?s={search_term_string}\"},\"query-input\":{\"@type\":\"PropertyValueSpecification\",\"valueRequired\":true,\"valueName\":\"search_term_string\"}}],\"inLanguage\":\"en-US\"},{\"@type\":\"Organization\",\"@id\":\"https:\\\/\\\/raed.academy\\\/en\\\/#organization\",\"name\":\"Real Academia Europea de Doctores\",\"url\":\"https:\\\/\\\/raed.academy\\\/en\\\/\",\"logo\":{\"@type\":\"ImageObject\",\"inLanguage\":\"en-US\",\"@id\":\"https:\\\/\\\/raed.academy\\\/en\\\/#\\\/schema\\\/logo\\\/image\\\/\",\"url\":\"https:\\\/\\\/raed.academy\\\/wp-content\\\/uploads\\\/2017\\\/01\\\/cropped-logo_raed.png\",\"contentUrl\":\"https:\\\/\\\/raed.academy\\\/wp-content\\\/uploads\\\/2017\\\/01\\\/cropped-logo_raed.png\",\"width\":512,\"height\":512,\"caption\":\"Real Academia Europea de Doctores\"},\"image\":{\"@id\":\"https:\\\/\\\/raed.academy\\\/en\\\/#\\\/schema\\\/logo\\\/image\\\/\"},\"sameAs\":[\"http:\\\/\\\/fb.me\\\/raed.academy\",\"https:\\\/\\\/x.com\\\/raedacademy\",\"https:\\\/\\\/www.instagram.com\\\/raed.academy\\\/\",\"https:\\\/\\\/www.youtube.com\\\/channel\\\/UCUYQwW2KrdirNWihxMDObwg\"]},{\"@type\":\"Person\",\"@id\":\"https:\\\/\\\/raed.academy\\\/en\\\/#\\\/schema\\\/person\\\/5a755da80d1d979fd66ba745c8702927\",\"name\":\"RAED\",\"image\":{\"@type\":\"ImageObject\",\"inLanguage\":\"en-US\",\"@id\":\"https:\\\/\\\/secure.gravatar.com\\\/avatar\\\/19fdfdc0d67fb9c45714b703a2ac82251c4fcea3637f002ac3c9b74c0183583c?s=96&d=mm&r=g\",\"url\":\"https:\\\/\\\/secure.gravatar.com\\\/avatar\\\/19fdfdc0d67fb9c45714b703a2ac82251c4fcea3637f002ac3c9b74c0183583c?s=96&d=mm&r=g\",\"contentUrl\":\"https:\\\/\\\/secure.gravatar.com\\\/avatar\\\/19fdfdc0d67fb9c45714b703a2ac82251c4fcea3637f002ac3c9b74c0183583c?s=96&d=mm&r=g\",\"caption\":\"RAED\"}}]}<\/script>\n<!-- \/ Yoast SEO plugin. -->","yoast_head_json":{"title":"Dietary evolution and revolution - Royal European Academy of Doctors","description":"Gregorio Varela, president of the Spanish Nutrition Foundation, enters at the RAED","robots":{"index":"index","follow":"follow","max-snippet":"max-snippet:-1","max-image-preview":"max-image-preview:large","max-video-preview":"max-video-preview:-1"},"canonical":"https:\/\/raed.academy\/en\/dietary-evolution-and-revolution\/","og_locale":"en_US","og_type":"article","og_title":"Dietary evolution and revolution - Royal European Academy of Doctors","og_description":"Gregorio Varela, president of the Spanish Nutrition Foundation, enters at the RAED","og_url":"https:\/\/raed.academy\/en\/dietary-evolution-and-revolution\/","og_site_name":"Royal European Academy of Doctors","article_publisher":"http:\/\/fb.me\/raed.academy","article_published_time":"2019-10-31T20:00:30+00:00","article_modified_time":"2019-11-19T11:48:01+00:00","og_image":[{"width":1000,"height":420,"url":"https:\/\/raed.academy\/wp-content\/uploads\/2019\/10\/vegetable-basket-vegetales-hortalizas-pix-CC0-no-atrib-dst.jpg","type":"image\/jpeg"}],"author":"RAED","twitter_card":"summary_large_image","twitter_creator":"@raedacademy","twitter_site":"@raedacademy","twitter_misc":{"Written by":"RAED","Est. reading time":"4 minutes"},"schema":{"@context":"https:\/\/schema.org","@graph":[{"@type":"Article","@id":"https:\/\/raed.academy\/en\/dietary-evolution-and-revolution\/#article","isPartOf":{"@id":"https:\/\/raed.academy\/en\/dietary-evolution-and-revolution\/"},"author":{"name":"RAED","@id":"https:\/\/raed.academy\/en\/#\/schema\/person\/5a755da80d1d979fd66ba745c8702927"},"headline":"Dietary evolution and revolution","datePublished":"2019-10-31T20:00:30+00:00","dateModified":"2019-11-19T11:48:01+00:00","mainEntityOfPage":{"@id":"https:\/\/raed.academy\/en\/dietary-evolution-and-revolution\/"},"wordCount":760,"publisher":{"@id":"https:\/\/raed.academy\/en\/#organization"},"image":{"@id":"https:\/\/raed.academy\/en\/dietary-evolution-and-revolution\/#primaryimage"},"thumbnailUrl":"https:\/\/raed.academy\/wp-content\/uploads\/2019\/10\/vegetable-basket-vegetales-hortalizas-pix-CC0-no-atrib-dst.jpg","keywords":["academicians income"],"articleSection":["Acts of admission as academicians","Food and nutrition"],"inLanguage":"en-US"},{"@type":"WebPage","@id":"https:\/\/raed.academy\/en\/dietary-evolution-and-revolution\/","url":"https:\/\/raed.academy\/en\/dietary-evolution-and-revolution\/","name":"Dietary evolution and revolution - Royal European Academy of Doctors","isPartOf":{"@id":"https:\/\/raed.academy\/en\/#website"},"primaryImageOfPage":{"@id":"https:\/\/raed.academy\/en\/dietary-evolution-and-revolution\/#primaryimage"},"image":{"@id":"https:\/\/raed.academy\/en\/dietary-evolution-and-revolution\/#primaryimage"},"thumbnailUrl":"https:\/\/raed.academy\/wp-content\/uploads\/2019\/10\/vegetable-basket-vegetales-hortalizas-pix-CC0-no-atrib-dst.jpg","datePublished":"2019-10-31T20:00:30+00:00","dateModified":"2019-11-19T11:48:01+00:00","description":"Gregorio Varela, president of the Spanish Nutrition Foundation, enters at the RAED","breadcrumb":{"@id":"https:\/\/raed.academy\/en\/dietary-evolution-and-revolution\/#breadcrumb"},"inLanguage":"en-US","potentialAction":[{"@type":"ReadAction","target":["https:\/\/raed.academy\/en\/dietary-evolution-and-revolution\/"]}]},{"@type":"ImageObject","inLanguage":"en-US","@id":"https:\/\/raed.academy\/en\/dietary-evolution-and-revolution\/#primaryimage","url":"https:\/\/raed.academy\/wp-content\/uploads\/2019\/10\/vegetable-basket-vegetales-hortalizas-pix-CC0-no-atrib-dst.jpg","contentUrl":"https:\/\/raed.academy\/wp-content\/uploads\/2019\/10\/vegetable-basket-vegetales-hortalizas-pix-CC0-no-atrib-dst.jpg","width":1000,"height":420},{"@type":"BreadcrumbList","@id":"https:\/\/raed.academy\/en\/dietary-evolution-and-revolution\/#breadcrumb","itemListElement":[{"@type":"ListItem","position":1,"name":"Inicio","item":"https:\/\/raed.academy\/en\/"},{"@type":"ListItem","position":2,"name":"Dietary evolution and revolution"}]},{"@type":"WebSite","@id":"https:\/\/raed.academy\/en\/#website","url":"https:\/\/raed.academy\/en\/","name":"Royal European Academy of Doctors","description":"Corporaci\u00f3n de derecho p\u00fablico de car\u00e1cter cient\u00edfico, t\u00e9cnico y art\u00edstico, que tiene por objeto la investigaci\u00f3n, el estudio, el fomento y la extensi\u00f3n del conocimiento en su sentido m\u00e1s amplio.","publisher":{"@id":"https:\/\/raed.academy\/en\/#organization"},"potentialAction":[{"@type":"SearchAction","target":{"@type":"EntryPoint","urlTemplate":"https:\/\/raed.academy\/en\/?s={search_term_string}"},"query-input":{"@type":"PropertyValueSpecification","valueRequired":true,"valueName":"search_term_string"}}],"inLanguage":"en-US"},{"@type":"Organization","@id":"https:\/\/raed.academy\/en\/#organization","name":"Real Academia Europea de Doctores","url":"https:\/\/raed.academy\/en\/","logo":{"@type":"ImageObject","inLanguage":"en-US","@id":"https:\/\/raed.academy\/en\/#\/schema\/logo\/image\/","url":"https:\/\/raed.academy\/wp-content\/uploads\/2017\/01\/cropped-logo_raed.png","contentUrl":"https:\/\/raed.academy\/wp-content\/uploads\/2017\/01\/cropped-logo_raed.png","width":512,"height":512,"caption":"Real Academia Europea de Doctores"},"image":{"@id":"https:\/\/raed.academy\/en\/#\/schema\/logo\/image\/"},"sameAs":["http:\/\/fb.me\/raed.academy","https:\/\/x.com\/raedacademy","https:\/\/www.instagram.com\/raed.academy\/","https:\/\/www.youtube.com\/channel\/UCUYQwW2KrdirNWihxMDObwg"]},{"@type":"Person","@id":"https:\/\/raed.academy\/en\/#\/schema\/person\/5a755da80d1d979fd66ba745c8702927","name":"RAED","image":{"@type":"ImageObject","inLanguage":"en-US","@id":"https:\/\/secure.gravatar.com\/avatar\/19fdfdc0d67fb9c45714b703a2ac82251c4fcea3637f002ac3c9b74c0183583c?s=96&d=mm&r=g","url":"https:\/\/secure.gravatar.com\/avatar\/19fdfdc0d67fb9c45714b703a2ac82251c4fcea3637f002ac3c9b74c0183583c?s=96&d=mm&r=g","contentUrl":"https:\/\/secure.gravatar.com\/avatar\/19fdfdc0d67fb9c45714b703a2ac82251c4fcea3637f002ac3c9b74c0183583c?s=96&d=mm&r=g","caption":"RAED"}}]}},"_links":{"self":[{"href":"https:\/\/raed.academy\/en\/wp-json\/wp\/v2\/posts\/83267","targetHints":{"allow":["GET"]}}],"collection":[{"href":"https:\/\/raed.academy\/en\/wp-json\/wp\/v2\/posts"}],"about":[{"href":"https:\/\/raed.academy\/en\/wp-json\/wp\/v2\/types\/post"}],"author":[{"embeddable":true,"href":"https:\/\/raed.academy\/en\/wp-json\/wp\/v2\/users\/12"}],"replies":[{"embeddable":true,"href":"https:\/\/raed.academy\/en\/wp-json\/wp\/v2\/comments?post=83267"}],"version-history":[{"count":0,"href":"https:\/\/raed.academy\/en\/wp-json\/wp\/v2\/posts\/83267\/revisions"}],"wp:featuredmedia":[{"embeddable":true,"href":"https:\/\/raed.academy\/en\/wp-json\/wp\/v2\/media\/81852"}],"wp:attachment":[{"href":"https:\/\/raed.academy\/en\/wp-json\/wp\/v2\/media?parent=83267"}],"wp:term":[{"taxonomy":"category","embeddable":true,"href":"https:\/\/raed.academy\/en\/wp-json\/wp\/v2\/categories?post=83267"},{"taxonomy":"post_tag","embeddable":true,"href":"https:\/\/raed.academy\/en\/wp-json\/wp\/v2\/tags?post=83267"}],"curies":[{"name":"wp","href":"https:\/\/api.w.org\/{rel}","templated":true}]}}