{"id":82260,"date":"2019-10-16T22:20:26","date_gmt":"2019-10-16T22:20:26","guid":{"rendered":"https:\/\/raed.academy\/?p=82260"},"modified":"2019-11-05T09:53:51","modified_gmt":"2019-11-05T09:53:51","slug":"guarantee-pensions-austrian-backpack","status":"publish","type":"post","link":"https:\/\/raed.academy\/en\/guarantee-pensions-austrian-backpack\/","title":{"rendered":"Guarantee pensions"},"content":{"rendered":"<h2>Josep Maria Bov\u00e9 presents the success model of the Austrian Backpack in Barcelona with international experts<\/h2>\n<p><a href=\"https:\/\/raed.academy\/en\/academicians\/dr-josep-maria-bove-montero\/\" target=\"_blank\" rel=\"noopener noreferrer\"><strong>Josep Maria Bov\u00e9<\/strong><\/a>, full academician of the <strong>Royal European Academy of Doctors-Barcelona 1914<\/strong> (RAED) and honorary consul of Austria for Catalonia and Aragon, participated last October 16 in a technical conference organized by the Catalan labor <a href=\"http:\/\/www.foment.com\" target=\"_blank\" rel=\"noopener noreferrer\"><strong>Promotion of National Work<\/strong><\/a>, <a href=\"https:\/\/www.advantageaustria.org\" target=\"_blank\" rel=\"noopener noreferrer\"><strong>Advantage Austria<\/strong><\/a>, the Austrian economy office abroad, and the <strong>Honorary Consulate of Austria in Barcelona<\/strong> which was entitled <strong>&#8220;La Mochila Austr\u00edaca. Los fondos de pensiones ocupacionales y los reg\u00edmenes de indemnizaci\u00f3n por despido&#8221;<\/strong> (The Austrian Backpack. Occupational pension funds and severance pay schemes). The session was held at the headquarters of Promotion and also had the participation of <strong>Christian Ebner<\/strong>, Austrian ambassador in Spain, <strong>Andreas Schmid<\/strong>, Austrian commercial delegate in Barcelona, and <strong>Christian B\u00f6hm<\/strong>, executive director of the Austrian pension fund <a href=\"https:\/\/www.apk-pensionskasse.at\" target=\"_blank\" rel=\"noopener noreferrer\"><strong>APK Pensionskasse AG<\/strong><\/a> and member of the board of <a href=\"https:\/\/www.pensionseurope.eu\" target=\"_blank\" rel=\"noopener noreferrer\"><strong>Pensions Europe<\/strong><\/a>, the European association that groups pension fund associations from numerous European countries. This is the first time that this new pension system has been discussed in Spain.<\/p>\n<p>The so-called Austrian Backpack is an individual capitalization fund implemented in 2003 in that country oriented towards retirement or compensation for dismissal or voluntary withdrawal and guaranteed 100% by the State. For Bov\u00e9, the Austrian system wouldn&#8217;t only allow Spain to reduce the galloping Social Security deficit, but would guarantee the viability of the current public pension system and minimize the tensions that occur in the current Spanish system in unfavorable economic or labor situations.<\/p>\n<p>&#8220;The data show that the Austrian model has incentive effects on contracting: in June 2008 the unemployment rate in Spain was 10.4%, compared to 3.7% in Austria; in March 2013, the figure is it increased in Spain to 26.9%, while in the Central European country it was 5.7%; and in December 2018, Spain, 14.3%, and Austria, 4.7%. In adverse economic conditions, the system is greatly stressed by the loss of contributors (who also go on to collect unemployment), an inconvenience that is minimized in the Alpine country&#8221;, explained the academician.<\/p>\n<p>President of <a href=\"https:\/\/bovemontero.com\" target=\"_blank\" rel=\"noopener noreferrer\"><strong>Bov\u00e9 Montero y Asociados<\/strong><\/a>, one of the main Spanish firms in the field of auditing and consulting, the expert also considers that this model has incentive effects on the labor market, since it reduces and even eliminates severance pay, covered for the fund, and urged the Spanish Executive to implement it after having already studied it in detail and see that it has been a successful model for more than a decade.<\/p>\n<p>&#8220;While the Spanish Government admits that it studies the possible implementation of a similar individual capitalization fund, government sources have already indicated that it isn&#8217;t a priority and that a long-term debate is necessary. I believe that it&#8217;s a priority, like all initiative that contributes to the sustainability of the public pension system&#8221;, says Bov\u00e9. Data in hand, the academician considers that the State flees from a structural problem that no government has wanted or has been able to face.<\/p>\n<h3><a href=\"https:\/\/www.elperiodico.com\/es\/economia\/20191017\/foment-del-treball-recupera-el-debate-de-la-mochila-austriaca-7685837\" target=\"_blank\" rel=\"noopener noreferrer\">See news in El Peri\u00f3dico<\/a><\/h3>\n\n\t\t<style type=\"text\/css\">\n\t\t\t#gallery-1 {\n\t\t\t\tmargin: auto;\n\t\t\t}\n\t\t\t#gallery-1 .gallery-item {\n\t\t\t\tfloat: left;\n\t\t\t\tmargin-top: 10px;\n\t\t\t\ttext-align: center;\n\t\t\t\twidth: 50%;\n\t\t\t}\n\t\t\t#gallery-1 img {\n\t\t\t\tborder: 2px solid #cfcfcf;\n\t\t\t}\n\t\t\t#gallery-1 .gallery-caption {\n\t\t\t\tmargin-left: 0;\n\t\t\t}\n\t\t\t\/* see gallery_shortcode() in wp-includes\/media.php *\/\n\t\t<\/style>\n\t\t<div id='gallery-1' class='gallery galleryid-82260 gallery-columns-2 gallery-size-full'><dl class='gallery-item'>\n\t\t\t<dt class='gallery-icon landscape'>\n\t\t\t\t<a href='https:\/\/raed.academy\/wp-content\/uploads\/2019\/10\/Acto-La-Mochila-Austriaca-1.jpg'><img loading=\"lazy\" decoding=\"async\" width=\"850\" height=\"567\" src=\"https:\/\/raed.academy\/wp-content\/uploads\/2019\/10\/Acto-La-Mochila-Austriaca-1.jpg\" class=\"attachment-full size-full\" alt=\"La mochila austr\u00edaca\" srcset=\"https:\/\/raed.academy\/wp-content\/uploads\/2019\/10\/Acto-La-Mochila-Austriaca-1.jpg 850w, https:\/\/raed.academy\/wp-content\/uploads\/2019\/10\/Acto-La-Mochila-Austriaca-1-768x512.jpg 768w\" sizes=\"(max-width: 850px) 100vw, 850px\" \/><\/a>\n\t\t\t<\/dt><\/dl><dl class='gallery-item'>\n\t\t\t<dt class='gallery-icon landscape'>\n\t\t\t\t<a href='https:\/\/raed.academy\/wp-content\/uploads\/2019\/10\/Acto-La-Mochila-Austriaca-2.jpg'><img loading=\"lazy\" decoding=\"async\" width=\"900\" height=\"600\" src=\"https:\/\/raed.academy\/wp-content\/uploads\/2019\/10\/Acto-La-Mochila-Austriaca-2.jpg\" class=\"attachment-full size-full\" alt=\"La mochila austr\u00edaca\" srcset=\"https:\/\/raed.academy\/wp-content\/uploads\/2019\/10\/Acto-La-Mochila-Austriaca-2.jpg 900w, https:\/\/raed.academy\/wp-content\/uploads\/2019\/10\/Acto-La-Mochila-Austriaca-2-768x512.jpg 768w\" sizes=\"(max-width: 900px) 100vw, 900px\" \/><\/a>\n\t\t\t<\/dt><\/dl><br style=\"clear: both\" \/><dl class='gallery-item'>\n\t\t\t<dt class='gallery-icon landscape'>\n\t\t\t\t<a href='https:\/\/raed.academy\/wp-content\/uploads\/2019\/10\/Acto-La-Mochila-Austriaca-3.jpg'><img loading=\"lazy\" decoding=\"async\" width=\"800\" height=\"534\" src=\"https:\/\/raed.academy\/wp-content\/uploads\/2019\/10\/Acto-La-Mochila-Austriaca-3.jpg\" class=\"attachment-full size-full\" alt=\"La mochila austr\u00edaca\" srcset=\"https:\/\/raed.academy\/wp-content\/uploads\/2019\/10\/Acto-La-Mochila-Austriaca-3.jpg 800w, https:\/\/raed.academy\/wp-content\/uploads\/2019\/10\/Acto-La-Mochila-Austriaca-3-768x513.jpg 768w\" sizes=\"(max-width: 800px) 100vw, 800px\" \/><\/a>\n\t\t\t<\/dt><\/dl><dl class='gallery-item'>\n\t\t\t<dt class='gallery-icon landscape'>\n\t\t\t\t<a href='https:\/\/raed.academy\/wp-content\/uploads\/2019\/10\/Acto-La-Mochila-Austriaca-4.jpg'><img loading=\"lazy\" decoding=\"async\" width=\"900\" height=\"600\" src=\"https:\/\/raed.academy\/wp-content\/uploads\/2019\/10\/Acto-La-Mochila-Austriaca-4.jpg\" class=\"attachment-full size-full\" alt=\"La mochila austr\u00edaca\" srcset=\"https:\/\/raed.academy\/wp-content\/uploads\/2019\/10\/Acto-La-Mochila-Austriaca-4.jpg 900w, https:\/\/raed.academy\/wp-content\/uploads\/2019\/10\/Acto-La-Mochila-Austriaca-4-768x512.jpg 768w\" sizes=\"(max-width: 900px) 100vw, 900px\" \/><\/a>\n\t\t\t<\/dt><\/dl><br style=\"clear: both\" \/>\n\t\t<\/div>\n\n","protected":false},"excerpt":{"rendered":"<p>Josep Maria Bov\u00e9 presents the success model of the Austrian Backpack in Barcelona with international experts Josep Maria Bov\u00e9, full academician of the Royal European Academy of Doctors-Barcelona 1914 (RAED) and honorary consul of Austria for Catalonia and Aragon, participated last October 16 in a technical conference organized by the Catalan labor Promotion of National [&hellip;]<\/p>\n","protected":false},"author":12,"featured_media":80788,"comment_status":"closed","ping_status":"closed","sticky":false,"template":"","format":"standard","meta":{"_et_pb_use_builder":"","_et_pb_old_content":"","_et_gb_content_width":"","footnotes":""},"categories":[238],"tags":[],"class_list":["post-82260","post","type-post","status-publish","format-standard","has-post-thumbnail","hentry","category-economic-and-business","et-has-post-format-content","et_post_format-et-post-format-standard"],"yoast_head":"<!-- This site is optimized with the Yoast SEO plugin v27.4 - https:\/\/yoast.com\/product\/yoast-seo-wordpress\/ -->\n<title>Guarantee pensions, the &#039;Austrian Backpack&#039; - Royal European Academy of Doctors<\/title>\n<meta name=\"description\" content=\"Josep Maria Bov\u00e9 presents the success model of the Austrian Backpack in Barcelona with international experts\" \/>\n<meta name=\"robots\" content=\"index, follow, max-snippet:-1, max-image-preview:large, max-video-preview:-1\" \/>\n<link rel=\"canonical\" href=\"https:\/\/raed.academy\/en\/guarantee-pensions-austrian-backpack\/\" \/>\n<meta property=\"og:locale\" content=\"en_US\" \/>\n<meta property=\"og:type\" content=\"article\" \/>\n<meta property=\"og:title\" content=\"Guarantee pensions, the &#039;Austrian Backpack&#039; - Royal European Academy of Doctors\" \/>\n<meta property=\"og:description\" content=\"Josep Maria Bov\u00e9 presents the success model of the Austrian Backpack in Barcelona with international experts\" \/>\n<meta property=\"og:url\" content=\"https:\/\/raed.academy\/en\/guarantee-pensions-austrian-backpack\/\" \/>\n<meta property=\"og:site_name\" content=\"Royal European Academy of Doctors\" \/>\n<meta property=\"article:publisher\" content=\"http:\/\/fb.me\/raed.academy\" \/>\n<meta property=\"article:published_time\" content=\"2019-10-16T22:20:26+00:00\" \/>\n<meta property=\"article:modified_time\" content=\"2019-11-05T09:53:51+00:00\" \/>\n<meta property=\"og:image\" content=\"https:\/\/raed.academy\/wp-content\/uploads\/2019\/10\/shutt-hucha-mochila-austriaca-dst-1.jpg\" \/>\n\t<meta property=\"og:image:width\" content=\"1000\" \/>\n\t<meta property=\"og:image:height\" content=\"420\" \/>\n\t<meta property=\"og:image:type\" content=\"image\/jpeg\" \/>\n<meta name=\"author\" content=\"RAED\" \/>\n<meta name=\"twitter:card\" content=\"summary_large_image\" \/>\n<meta name=\"twitter:creator\" content=\"@raedacademy\" \/>\n<meta name=\"twitter:site\" content=\"@raedacademy\" \/>\n<meta name=\"twitter:label1\" content=\"Written by\" \/>\n\t<meta name=\"twitter:data1\" content=\"RAED\" \/>\n\t<meta name=\"twitter:label2\" content=\"Est. reading time\" \/>\n\t<meta name=\"twitter:data2\" content=\"3 minutes\" \/>\n<script type=\"application\/ld+json\" class=\"yoast-schema-graph\">{\"@context\":\"https:\\\/\\\/schema.org\",\"@graph\":[{\"@type\":\"Article\",\"@id\":\"https:\\\/\\\/raed.academy\\\/en\\\/guarantee-pensions-austrian-backpack\\\/#article\",\"isPartOf\":{\"@id\":\"https:\\\/\\\/raed.academy\\\/en\\\/guarantee-pensions-austrian-backpack\\\/\"},\"author\":{\"name\":\"RAED\",\"@id\":\"https:\\\/\\\/raed.academy\\\/en\\\/#\\\/schema\\\/person\\\/5a755da80d1d979fd66ba745c8702927\"},\"headline\":\"Guarantee pensions\",\"datePublished\":\"2019-10-16T22:20:26+00:00\",\"dateModified\":\"2019-11-05T09:53:51+00:00\",\"mainEntityOfPage\":{\"@id\":\"https:\\\/\\\/raed.academy\\\/en\\\/guarantee-pensions-austrian-backpack\\\/\"},\"wordCount\":505,\"publisher\":{\"@id\":\"https:\\\/\\\/raed.academy\\\/en\\\/#organization\"},\"image\":{\"@id\":\"https:\\\/\\\/raed.academy\\\/en\\\/guarantee-pensions-austrian-backpack\\\/#primaryimage\"},\"thumbnailUrl\":\"https:\\\/\\\/raed.academy\\\/wp-content\\\/uploads\\\/2019\\\/10\\\/shutt-hucha-mochila-austriaca-dst-1.jpg\",\"articleSection\":[\"Economic and Business\"],\"inLanguage\":\"en-US\"},{\"@type\":\"WebPage\",\"@id\":\"https:\\\/\\\/raed.academy\\\/en\\\/guarantee-pensions-austrian-backpack\\\/\",\"url\":\"https:\\\/\\\/raed.academy\\\/en\\\/guarantee-pensions-austrian-backpack\\\/\",\"name\":\"Guarantee pensions, the 'Austrian Backpack' - Royal European Academy of Doctors\",\"isPartOf\":{\"@id\":\"https:\\\/\\\/raed.academy\\\/en\\\/#website\"},\"primaryImageOfPage\":{\"@id\":\"https:\\\/\\\/raed.academy\\\/en\\\/guarantee-pensions-austrian-backpack\\\/#primaryimage\"},\"image\":{\"@id\":\"https:\\\/\\\/raed.academy\\\/en\\\/guarantee-pensions-austrian-backpack\\\/#primaryimage\"},\"thumbnailUrl\":\"https:\\\/\\\/raed.academy\\\/wp-content\\\/uploads\\\/2019\\\/10\\\/shutt-hucha-mochila-austriaca-dst-1.jpg\",\"datePublished\":\"2019-10-16T22:20:26+00:00\",\"dateModified\":\"2019-11-05T09:53:51+00:00\",\"description\":\"Josep Maria Bov\u00e9 presents the success model of the Austrian Backpack in Barcelona with international experts\",\"breadcrumb\":{\"@id\":\"https:\\\/\\\/raed.academy\\\/en\\\/guarantee-pensions-austrian-backpack\\\/#breadcrumb\"},\"inLanguage\":\"en-US\",\"potentialAction\":[{\"@type\":\"ReadAction\",\"target\":[\"https:\\\/\\\/raed.academy\\\/en\\\/guarantee-pensions-austrian-backpack\\\/\"]}]},{\"@type\":\"ImageObject\",\"inLanguage\":\"en-US\",\"@id\":\"https:\\\/\\\/raed.academy\\\/en\\\/guarantee-pensions-austrian-backpack\\\/#primaryimage\",\"url\":\"https:\\\/\\\/raed.academy\\\/wp-content\\\/uploads\\\/2019\\\/10\\\/shutt-hucha-mochila-austriaca-dst-1.jpg\",\"contentUrl\":\"https:\\\/\\\/raed.academy\\\/wp-content\\\/uploads\\\/2019\\\/10\\\/shutt-hucha-mochila-austriaca-dst-1.jpg\",\"width\":1000,\"height\":420},{\"@type\":\"BreadcrumbList\",\"@id\":\"https:\\\/\\\/raed.academy\\\/en\\\/guarantee-pensions-austrian-backpack\\\/#breadcrumb\",\"itemListElement\":[{\"@type\":\"ListItem\",\"position\":1,\"name\":\"Inicio\",\"item\":\"https:\\\/\\\/raed.academy\\\/en\\\/\"},{\"@type\":\"ListItem\",\"position\":2,\"name\":\"Guarantee pensions\"}]},{\"@type\":\"WebSite\",\"@id\":\"https:\\\/\\\/raed.academy\\\/en\\\/#website\",\"url\":\"https:\\\/\\\/raed.academy\\\/en\\\/\",\"name\":\"Royal European Academy of Doctors\",\"description\":\"Corporaci\u00f3n de derecho p\u00fablico de car\u00e1cter cient\u00edfico, t\u00e9cnico y art\u00edstico, que tiene por objeto la investigaci\u00f3n, el estudio, el fomento y la extensi\u00f3n del conocimiento en su sentido m\u00e1s amplio.\",\"publisher\":{\"@id\":\"https:\\\/\\\/raed.academy\\\/en\\\/#organization\"},\"potentialAction\":[{\"@type\":\"SearchAction\",\"target\":{\"@type\":\"EntryPoint\",\"urlTemplate\":\"https:\\\/\\\/raed.academy\\\/en\\\/?s={search_term_string}\"},\"query-input\":{\"@type\":\"PropertyValueSpecification\",\"valueRequired\":true,\"valueName\":\"search_term_string\"}}],\"inLanguage\":\"en-US\"},{\"@type\":\"Organization\",\"@id\":\"https:\\\/\\\/raed.academy\\\/en\\\/#organization\",\"name\":\"Real Academia Europea de Doctores\",\"url\":\"https:\\\/\\\/raed.academy\\\/en\\\/\",\"logo\":{\"@type\":\"ImageObject\",\"inLanguage\":\"en-US\",\"@id\":\"https:\\\/\\\/raed.academy\\\/en\\\/#\\\/schema\\\/logo\\\/image\\\/\",\"url\":\"https:\\\/\\\/raed.academy\\\/wp-content\\\/uploads\\\/2017\\\/01\\\/cropped-logo_raed.png\",\"contentUrl\":\"https:\\\/\\\/raed.academy\\\/wp-content\\\/uploads\\\/2017\\\/01\\\/cropped-logo_raed.png\",\"width\":512,\"height\":512,\"caption\":\"Real Academia Europea de Doctores\"},\"image\":{\"@id\":\"https:\\\/\\\/raed.academy\\\/en\\\/#\\\/schema\\\/logo\\\/image\\\/\"},\"sameAs\":[\"http:\\\/\\\/fb.me\\\/raed.academy\",\"https:\\\/\\\/x.com\\\/raedacademy\",\"https:\\\/\\\/www.instagram.com\\\/raed.academy\\\/\",\"https:\\\/\\\/www.youtube.com\\\/channel\\\/UCUYQwW2KrdirNWihxMDObwg\"]},{\"@type\":\"Person\",\"@id\":\"https:\\\/\\\/raed.academy\\\/en\\\/#\\\/schema\\\/person\\\/5a755da80d1d979fd66ba745c8702927\",\"name\":\"RAED\",\"image\":{\"@type\":\"ImageObject\",\"inLanguage\":\"en-US\",\"@id\":\"https:\\\/\\\/secure.gravatar.com\\\/avatar\\\/19fdfdc0d67fb9c45714b703a2ac82251c4fcea3637f002ac3c9b74c0183583c?s=96&d=mm&r=g\",\"url\":\"https:\\\/\\\/secure.gravatar.com\\\/avatar\\\/19fdfdc0d67fb9c45714b703a2ac82251c4fcea3637f002ac3c9b74c0183583c?s=96&d=mm&r=g\",\"contentUrl\":\"https:\\\/\\\/secure.gravatar.com\\\/avatar\\\/19fdfdc0d67fb9c45714b703a2ac82251c4fcea3637f002ac3c9b74c0183583c?s=96&d=mm&r=g\",\"caption\":\"RAED\"}}]}<\/script>\n<!-- \/ Yoast SEO plugin. -->","yoast_head_json":{"title":"Guarantee pensions, the 'Austrian Backpack' - Royal European Academy of Doctors","description":"Josep Maria Bov\u00e9 presents the success model of the Austrian Backpack in Barcelona with international experts","robots":{"index":"index","follow":"follow","max-snippet":"max-snippet:-1","max-image-preview":"max-image-preview:large","max-video-preview":"max-video-preview:-1"},"canonical":"https:\/\/raed.academy\/en\/guarantee-pensions-austrian-backpack\/","og_locale":"en_US","og_type":"article","og_title":"Guarantee pensions, the 'Austrian Backpack' - Royal European Academy of Doctors","og_description":"Josep Maria Bov\u00e9 presents the success model of the Austrian Backpack in Barcelona with international experts","og_url":"https:\/\/raed.academy\/en\/guarantee-pensions-austrian-backpack\/","og_site_name":"Royal European Academy of Doctors","article_publisher":"http:\/\/fb.me\/raed.academy","article_published_time":"2019-10-16T22:20:26+00:00","article_modified_time":"2019-11-05T09:53:51+00:00","og_image":[{"width":1000,"height":420,"url":"https:\/\/raed.academy\/wp-content\/uploads\/2019\/10\/shutt-hucha-mochila-austriaca-dst-1.jpg","type":"image\/jpeg"}],"author":"RAED","twitter_card":"summary_large_image","twitter_creator":"@raedacademy","twitter_site":"@raedacademy","twitter_misc":{"Written by":"RAED","Est. reading time":"3 minutes"},"schema":{"@context":"https:\/\/schema.org","@graph":[{"@type":"Article","@id":"https:\/\/raed.academy\/en\/guarantee-pensions-austrian-backpack\/#article","isPartOf":{"@id":"https:\/\/raed.academy\/en\/guarantee-pensions-austrian-backpack\/"},"author":{"name":"RAED","@id":"https:\/\/raed.academy\/en\/#\/schema\/person\/5a755da80d1d979fd66ba745c8702927"},"headline":"Guarantee pensions","datePublished":"2019-10-16T22:20:26+00:00","dateModified":"2019-11-05T09:53:51+00:00","mainEntityOfPage":{"@id":"https:\/\/raed.academy\/en\/guarantee-pensions-austrian-backpack\/"},"wordCount":505,"publisher":{"@id":"https:\/\/raed.academy\/en\/#organization"},"image":{"@id":"https:\/\/raed.academy\/en\/guarantee-pensions-austrian-backpack\/#primaryimage"},"thumbnailUrl":"https:\/\/raed.academy\/wp-content\/uploads\/2019\/10\/shutt-hucha-mochila-austriaca-dst-1.jpg","articleSection":["Economic and Business"],"inLanguage":"en-US"},{"@type":"WebPage","@id":"https:\/\/raed.academy\/en\/guarantee-pensions-austrian-backpack\/","url":"https:\/\/raed.academy\/en\/guarantee-pensions-austrian-backpack\/","name":"Guarantee pensions, the 'Austrian Backpack' - Royal European Academy of Doctors","isPartOf":{"@id":"https:\/\/raed.academy\/en\/#website"},"primaryImageOfPage":{"@id":"https:\/\/raed.academy\/en\/guarantee-pensions-austrian-backpack\/#primaryimage"},"image":{"@id":"https:\/\/raed.academy\/en\/guarantee-pensions-austrian-backpack\/#primaryimage"},"thumbnailUrl":"https:\/\/raed.academy\/wp-content\/uploads\/2019\/10\/shutt-hucha-mochila-austriaca-dst-1.jpg","datePublished":"2019-10-16T22:20:26+00:00","dateModified":"2019-11-05T09:53:51+00:00","description":"Josep Maria Bov\u00e9 presents the success model of the Austrian Backpack in Barcelona with international experts","breadcrumb":{"@id":"https:\/\/raed.academy\/en\/guarantee-pensions-austrian-backpack\/#breadcrumb"},"inLanguage":"en-US","potentialAction":[{"@type":"ReadAction","target":["https:\/\/raed.academy\/en\/guarantee-pensions-austrian-backpack\/"]}]},{"@type":"ImageObject","inLanguage":"en-US","@id":"https:\/\/raed.academy\/en\/guarantee-pensions-austrian-backpack\/#primaryimage","url":"https:\/\/raed.academy\/wp-content\/uploads\/2019\/10\/shutt-hucha-mochila-austriaca-dst-1.jpg","contentUrl":"https:\/\/raed.academy\/wp-content\/uploads\/2019\/10\/shutt-hucha-mochila-austriaca-dst-1.jpg","width":1000,"height":420},{"@type":"BreadcrumbList","@id":"https:\/\/raed.academy\/en\/guarantee-pensions-austrian-backpack\/#breadcrumb","itemListElement":[{"@type":"ListItem","position":1,"name":"Inicio","item":"https:\/\/raed.academy\/en\/"},{"@type":"ListItem","position":2,"name":"Guarantee pensions"}]},{"@type":"WebSite","@id":"https:\/\/raed.academy\/en\/#website","url":"https:\/\/raed.academy\/en\/","name":"Royal European Academy of Doctors","description":"Corporaci\u00f3n de derecho p\u00fablico de car\u00e1cter cient\u00edfico, t\u00e9cnico y art\u00edstico, que tiene por objeto la investigaci\u00f3n, el estudio, el fomento y la extensi\u00f3n del conocimiento en su sentido m\u00e1s amplio.","publisher":{"@id":"https:\/\/raed.academy\/en\/#organization"},"potentialAction":[{"@type":"SearchAction","target":{"@type":"EntryPoint","urlTemplate":"https:\/\/raed.academy\/en\/?s={search_term_string}"},"query-input":{"@type":"PropertyValueSpecification","valueRequired":true,"valueName":"search_term_string"}}],"inLanguage":"en-US"},{"@type":"Organization","@id":"https:\/\/raed.academy\/en\/#organization","name":"Real Academia Europea de Doctores","url":"https:\/\/raed.academy\/en\/","logo":{"@type":"ImageObject","inLanguage":"en-US","@id":"https:\/\/raed.academy\/en\/#\/schema\/logo\/image\/","url":"https:\/\/raed.academy\/wp-content\/uploads\/2017\/01\/cropped-logo_raed.png","contentUrl":"https:\/\/raed.academy\/wp-content\/uploads\/2017\/01\/cropped-logo_raed.png","width":512,"height":512,"caption":"Real Academia Europea de Doctores"},"image":{"@id":"https:\/\/raed.academy\/en\/#\/schema\/logo\/image\/"},"sameAs":["http:\/\/fb.me\/raed.academy","https:\/\/x.com\/raedacademy","https:\/\/www.instagram.com\/raed.academy\/","https:\/\/www.youtube.com\/channel\/UCUYQwW2KrdirNWihxMDObwg"]},{"@type":"Person","@id":"https:\/\/raed.academy\/en\/#\/schema\/person\/5a755da80d1d979fd66ba745c8702927","name":"RAED","image":{"@type":"ImageObject","inLanguage":"en-US","@id":"https:\/\/secure.gravatar.com\/avatar\/19fdfdc0d67fb9c45714b703a2ac82251c4fcea3637f002ac3c9b74c0183583c?s=96&d=mm&r=g","url":"https:\/\/secure.gravatar.com\/avatar\/19fdfdc0d67fb9c45714b703a2ac82251c4fcea3637f002ac3c9b74c0183583c?s=96&d=mm&r=g","contentUrl":"https:\/\/secure.gravatar.com\/avatar\/19fdfdc0d67fb9c45714b703a2ac82251c4fcea3637f002ac3c9b74c0183583c?s=96&d=mm&r=g","caption":"RAED"}}]}},"_links":{"self":[{"href":"https:\/\/raed.academy\/en\/wp-json\/wp\/v2\/posts\/82260","targetHints":{"allow":["GET"]}}],"collection":[{"href":"https:\/\/raed.academy\/en\/wp-json\/wp\/v2\/posts"}],"about":[{"href":"https:\/\/raed.academy\/en\/wp-json\/wp\/v2\/types\/post"}],"author":[{"embeddable":true,"href":"https:\/\/raed.academy\/en\/wp-json\/wp\/v2\/users\/12"}],"replies":[{"embeddable":true,"href":"https:\/\/raed.academy\/en\/wp-json\/wp\/v2\/comments?post=82260"}],"version-history":[{"count":0,"href":"https:\/\/raed.academy\/en\/wp-json\/wp\/v2\/posts\/82260\/revisions"}],"wp:featuredmedia":[{"embeddable":true,"href":"https:\/\/raed.academy\/en\/wp-json\/wp\/v2\/media\/80788"}],"wp:attachment":[{"href":"https:\/\/raed.academy\/en\/wp-json\/wp\/v2\/media?parent=82260"}],"wp:term":[{"taxonomy":"category","embeddable":true,"href":"https:\/\/raed.academy\/en\/wp-json\/wp\/v2\/categories?post=82260"},{"taxonomy":"post_tag","embeddable":true,"href":"https:\/\/raed.academy\/en\/wp-json\/wp\/v2\/tags?post=82260"}],"curies":[{"name":"wp","href":"https:\/\/api.w.org\/{rel}","templated":true}]}}