{"id":80950,"date":"2019-10-02T17:52:33","date_gmt":"2019-10-02T17:52:33","guid":{"rendered":"https:\/\/raed.academy\/?p=80950"},"modified":"2019-10-22T12:26:23","modified_gmt":"2019-10-22T12:26:23","slug":"artificial-vision","status":"publish","type":"post","link":"https:\/\/raed.academy\/en\/artificial-vision\/","title":{"rendered":"Artificial vision"},"content":{"rendered":"<p><img loading=\"lazy\" decoding=\"async\" class=\"alignright size-full wp-image-80020\" src=\"https:\/\/raed.academy\/wp-content\/uploads\/2019\/10\/vision-artificial-Borja-Corcostegui-dstNtc.jpg\" alt=\"\" width=\"430\" height=\"258\" data-attachment-id=\"80020\" data-permalink=\"https:\/\/raed.academy\/la-vision-artificial\/vision-artificial-borja-corcostegui-dstntc\/\" data-orig-file=\"https:\/\/raed.academy\/wp-content\/uploads\/2019\/10\/vision-artificial-Borja-Corcostegui-dstNtc.jpg\" data-orig-size=\"430,258\" data-comments-opened=\"0\" data-image-meta=\"{&quot;aperture&quot;:&quot;0&quot;,&quot;credit&quot;:&quot;&quot;,&quot;camera&quot;:&quot;&quot;,&quot;caption&quot;:&quot;&quot;,&quot;created_timestamp&quot;:&quot;0&quot;,&quot;copyright&quot;:&quot;&quot;,&quot;focal_length&quot;:&quot;0&quot;,&quot;iso&quot;:&quot;0&quot;,&quot;shutter_speed&quot;:&quot;0&quot;,&quot;title&quot;:&quot;&quot;,&quot;orientation&quot;:&quot;0&quot;}\" data-image-title=\"vision-artificial-Borja-Corcostegui-dstNtc\" data-image-description=\"&lt;p&gt;Foto facilitada por el Dr. Corc\u00f3stegui&lt;\/p&gt;\n\" data-medium-file=\"https:\/\/raed.academy\/wp-content\/uploads\/2019\/10\/vision-artificial-Borja-Corcostegui-dstNtc.jpg\" data-large-file=\"https:\/\/raed.academy\/wp-content\/uploads\/2019\/10\/vision-artificial-Borja-Corcostegui-dstNtc.jpg\" \/><a href=\"https:\/\/raed.academy\/en\/academicians\/dr-borja-corcostegui-guraya\/\" target=\"_blank\" rel=\"noopener noreferrer\"><strong>Borja Corc\u00f3stegui<\/strong><\/a>, cofounder and medical and scientific director of the <a href=\"http:\/\/www.imo.es\" target=\"_blank\" rel=\"noopener noreferrer\"><strong>Institute of Ocular Microsurgery<\/strong><\/a> and the <a href=\"http:\/\/www.esaso.org\" target=\"_blank\" rel=\"noopener noreferrer\"><strong>European School of Advanced Studies in Ophthalmology<\/strong><\/a> and full academician of the<strong> Royal European Academy of Doctors-Barcelona 1914<\/strong> (RAED), developed during the<strong> 2nd Interdisciplinary Congress<\/strong> of the RAED, held last February at the <a href=\"https:\/\/www.hotelbalnearivichycatalan.cat\" target=\"_blank\" rel=\"noopener noreferrer\"><strong>Vichy Catal\u00e1n Spa Hotel<\/strong><\/a>, in Caldes de Malavella (Girona), the current concept of artificial vision based on the latest studies with stem cells, gene therapy and development of the electronic retina with a presentation that It was precisely this title: <strong>&#8220;Visi\u00f3n artificial&#8221;<\/strong> (Artificial vision).<\/p>\n<p>Pioneer in the introduction and development of vitrectomy in Europe and a precursor in the union of clinical and genetic retinal research, Corc\u00f3stegui explained succinctly and didactically the current stem cell treatments, gene therapy and retinal implants so that people with little or no zero vision get your sight back.<\/p>\n<div id=\"attachment_80017\" style=\"width: 380px\" class=\"wp-caption alignleft\"><img loading=\"lazy\" decoding=\"async\" aria-describedby=\"caption-attachment-80017\" class=\"wp-image-80017 size-full\" src=\"https:\/\/raed.academy\/wp-content\/uploads\/2019\/10\/Borja-Corcostegui.jpg\" alt=\"Dr. Borja Corc\u00f3stegui\" width=\"370\" height=\"208\" aria-describedby=\"caption-attachment-80017\" data-attachment-id=\"80017\" data-permalink=\"https:\/\/raed.academy\/la-vision-artificial\/borja-corcostegui\/\" data-orig-file=\"https:\/\/raed.academy\/wp-content\/uploads\/2019\/10\/Borja-Corcostegui.jpg\" data-orig-size=\"370,208\" data-comments-opened=\"0\" data-image-meta=\"{&quot;aperture&quot;:&quot;0&quot;,&quot;credit&quot;:&quot;&quot;,&quot;camera&quot;:&quot;&quot;,&quot;caption&quot;:&quot;&quot;,&quot;created_timestamp&quot;:&quot;0&quot;,&quot;copyright&quot;:&quot;&quot;,&quot;focal_length&quot;:&quot;0&quot;,&quot;iso&quot;:&quot;0&quot;,&quot;shutter_speed&quot;:&quot;0&quot;,&quot;title&quot;:&quot;&quot;,&quot;orientation&quot;:&quot;0&quot;}\" data-image-title=\"Dr. Borja Corc\u00f3stegui\" data-image-description=\"\" data-medium-file=\"https:\/\/raed.academy\/wp-content\/uploads\/2019\/10\/Borja-Corcostegui.jpg\" data-large-file=\"https:\/\/raed.academy\/wp-content\/uploads\/2019\/10\/Borja-Corcostegui.jpg\" \/><p id=\"caption-attachment-80017\" class=\"wp-caption-text\">Dr. Borja Corc\u00f3stegui<\/p><\/div>\n<p>&#8220;The requirements to be able to use any of the artificial vision systems mentioned above is that the multilayer anatomy of the retina has a certain integrity of the transmitter cells and that the conditions of the bipolar cells and ganglion cells have a degree of functionality to be able to transmit the light sensations through the optic nerve, that is, that the photoreceptors are altered, and that the loss of vision is due to a lack of integrity of the photoreceptor cells and pigmented epithelial cells that also help in the receptor function fundamentally. Many times there is also alteration of the small choroidal vessels that form a set with the cellular structures&#8221;, he said before addressing the development of the different techniques.<\/p>\n<p>Corc\u00f3stegui explained how the eye is an ideal therapeutic model to stimulate the surviving cells in a pathological process through the new biological treatments. &#8220;Because, with the healthy retina, we have an immunological privilege that naturally gives us the retinal vascular barrier, also the ease and objectivity of the eye&#8217;s functional measures facilitates the assessment of its therapy effectiveness. The possibility of directly assessing retinal structures, the contra-lateral eye can also act as a control organ by not being treated if it has a symmetric disease. It&#8217;s also an organ isolated in some way to the rest of the organism&#8221;, he said.<\/p>\n","protected":false},"excerpt":{"rendered":"<p>Borja Corc\u00f3stegui, cofounder and medical and scientific director of the Institute of Ocular Microsurgery and the European School of Advanced Studies in Ophthalmology and full academician of the Royal European Academy of Doctors-Barcelona 1914 (RAED), developed during the 2nd Interdisciplinary Congress of the RAED, held last February at the Vichy Catal\u00e1n Spa Hotel, in Caldes [&hellip;]<\/p>\n","protected":false},"author":12,"featured_media":80022,"comment_status":"closed","ping_status":"closed","sticky":false,"template":"","format":"standard","meta":{"_et_pb_use_builder":"","_et_pb_old_content":"","_et_gb_content_width":"","footnotes":""},"categories":[215],"tags":[],"class_list":["post-80950","post","type-post","status-publish","format-standard","has-post-thumbnail","hentry","category-medicine-and-surgery","et-has-post-format-content","et_post_format-et-post-format-standard"],"yoast_head":"<!-- This site is optimized with the Yoast SEO plugin v27.4 - https:\/\/yoast.com\/product\/yoast-seo-wordpress\/ -->\n<title>Artificial vision - Royal European Academy of Doctors<\/title>\n<meta name=\"description\" content=\"The current concept of artificial vision based on the latest studies with stem cells, gene therapy and development of the electronic retina\" \/>\n<meta name=\"robots\" content=\"index, follow, max-snippet:-1, max-image-preview:large, max-video-preview:-1\" \/>\n<link rel=\"canonical\" href=\"https:\/\/raed.academy\/en\/artificial-vision\/\" \/>\n<meta property=\"og:locale\" content=\"en_US\" \/>\n<meta property=\"og:type\" content=\"article\" \/>\n<meta property=\"og:title\" content=\"Artificial vision - Royal European Academy of Doctors\" \/>\n<meta property=\"og:description\" content=\"The current concept of artificial vision based on the latest studies with stem cells, gene therapy and development of the electronic retina\" \/>\n<meta property=\"og:url\" content=\"https:\/\/raed.academy\/en\/artificial-vision\/\" \/>\n<meta property=\"og:site_name\" content=\"Royal European Academy of Doctors\" \/>\n<meta property=\"article:publisher\" content=\"http:\/\/fb.me\/raed.academy\" \/>\n<meta property=\"article:published_time\" content=\"2019-10-02T17:52:33+00:00\" \/>\n<meta property=\"article:modified_time\" content=\"2019-10-22T12:26:23+00:00\" \/>\n<meta property=\"og:image\" content=\"https:\/\/raed.academy\/wp-content\/uploads\/2019\/10\/vision-artificial-Borja-Corcostegui-dstNtc.jpg\" \/>\n\t<meta property=\"og:image:width\" content=\"430\" \/>\n\t<meta property=\"og:image:height\" content=\"258\" \/>\n\t<meta property=\"og:image:type\" content=\"image\/jpeg\" \/>\n<meta name=\"author\" content=\"RAED\" \/>\n<meta name=\"twitter:card\" content=\"summary_large_image\" \/>\n<meta name=\"twitter:creator\" content=\"@raedacademy\" \/>\n<meta name=\"twitter:site\" content=\"@raedacademy\" \/>\n<meta name=\"twitter:label1\" content=\"Written by\" \/>\n\t<meta name=\"twitter:data1\" content=\"RAED\" \/>\n\t<meta name=\"twitter:label2\" content=\"Est. reading time\" \/>\n\t<meta name=\"twitter:data2\" content=\"2 minutes\" \/>\n<script type=\"application\/ld+json\" class=\"yoast-schema-graph\">{\"@context\":\"https:\\\/\\\/schema.org\",\"@graph\":[{\"@type\":\"Article\",\"@id\":\"https:\\\/\\\/raed.academy\\\/en\\\/artificial-vision\\\/#article\",\"isPartOf\":{\"@id\":\"https:\\\/\\\/raed.academy\\\/en\\\/artificial-vision\\\/\"},\"author\":{\"name\":\"RAED\",\"@id\":\"https:\\\/\\\/raed.academy\\\/en\\\/#\\\/schema\\\/person\\\/5a755da80d1d979fd66ba745c8702927\"},\"headline\":\"Artificial vision\",\"datePublished\":\"2019-10-02T17:52:33+00:00\",\"dateModified\":\"2019-10-22T12:26:23+00:00\",\"mainEntityOfPage\":{\"@id\":\"https:\\\/\\\/raed.academy\\\/en\\\/artificial-vision\\\/\"},\"wordCount\":388,\"publisher\":{\"@id\":\"https:\\\/\\\/raed.academy\\\/en\\\/#organization\"},\"image\":{\"@id\":\"https:\\\/\\\/raed.academy\\\/en\\\/artificial-vision\\\/#primaryimage\"},\"thumbnailUrl\":\"https:\\\/\\\/raed.academy\\\/wp-content\\\/uploads\\\/2019\\\/10\\\/vision-artificial-Borja-Corcostegui-dstNtc.jpg\",\"articleSection\":[\"Medicine and Surgery\"],\"inLanguage\":\"en-US\"},{\"@type\":\"WebPage\",\"@id\":\"https:\\\/\\\/raed.academy\\\/en\\\/artificial-vision\\\/\",\"url\":\"https:\\\/\\\/raed.academy\\\/en\\\/artificial-vision\\\/\",\"name\":\"Artificial vision - Royal European Academy of Doctors\",\"isPartOf\":{\"@id\":\"https:\\\/\\\/raed.academy\\\/en\\\/#website\"},\"primaryImageOfPage\":{\"@id\":\"https:\\\/\\\/raed.academy\\\/en\\\/artificial-vision\\\/#primaryimage\"},\"image\":{\"@id\":\"https:\\\/\\\/raed.academy\\\/en\\\/artificial-vision\\\/#primaryimage\"},\"thumbnailUrl\":\"https:\\\/\\\/raed.academy\\\/wp-content\\\/uploads\\\/2019\\\/10\\\/vision-artificial-Borja-Corcostegui-dstNtc.jpg\",\"datePublished\":\"2019-10-02T17:52:33+00:00\",\"dateModified\":\"2019-10-22T12:26:23+00:00\",\"description\":\"The current concept of artificial vision based on the latest studies with stem cells, gene therapy and development of the electronic retina\",\"breadcrumb\":{\"@id\":\"https:\\\/\\\/raed.academy\\\/en\\\/artificial-vision\\\/#breadcrumb\"},\"inLanguage\":\"en-US\",\"potentialAction\":[{\"@type\":\"ReadAction\",\"target\":[\"https:\\\/\\\/raed.academy\\\/en\\\/artificial-vision\\\/\"]}]},{\"@type\":\"ImageObject\",\"inLanguage\":\"en-US\",\"@id\":\"https:\\\/\\\/raed.academy\\\/en\\\/artificial-vision\\\/#primaryimage\",\"url\":\"https:\\\/\\\/raed.academy\\\/wp-content\\\/uploads\\\/2019\\\/10\\\/vision-artificial-Borja-Corcostegui-dstNtc.jpg\",\"contentUrl\":\"https:\\\/\\\/raed.academy\\\/wp-content\\\/uploads\\\/2019\\\/10\\\/vision-artificial-Borja-Corcostegui-dstNtc.jpg\",\"width\":430,\"height\":258},{\"@type\":\"BreadcrumbList\",\"@id\":\"https:\\\/\\\/raed.academy\\\/en\\\/artificial-vision\\\/#breadcrumb\",\"itemListElement\":[{\"@type\":\"ListItem\",\"position\":1,\"name\":\"Inicio\",\"item\":\"https:\\\/\\\/raed.academy\\\/en\\\/\"},{\"@type\":\"ListItem\",\"position\":2,\"name\":\"Artificial vision\"}]},{\"@type\":\"WebSite\",\"@id\":\"https:\\\/\\\/raed.academy\\\/en\\\/#website\",\"url\":\"https:\\\/\\\/raed.academy\\\/en\\\/\",\"name\":\"Royal European Academy of Doctors\",\"description\":\"Corporaci\u00f3n de derecho p\u00fablico de car\u00e1cter cient\u00edfico, t\u00e9cnico y art\u00edstico, que tiene por objeto la investigaci\u00f3n, el estudio, el fomento y la extensi\u00f3n del conocimiento en su sentido m\u00e1s amplio.\",\"publisher\":{\"@id\":\"https:\\\/\\\/raed.academy\\\/en\\\/#organization\"},\"potentialAction\":[{\"@type\":\"SearchAction\",\"target\":{\"@type\":\"EntryPoint\",\"urlTemplate\":\"https:\\\/\\\/raed.academy\\\/en\\\/?s={search_term_string}\"},\"query-input\":{\"@type\":\"PropertyValueSpecification\",\"valueRequired\":true,\"valueName\":\"search_term_string\"}}],\"inLanguage\":\"en-US\"},{\"@type\":\"Organization\",\"@id\":\"https:\\\/\\\/raed.academy\\\/en\\\/#organization\",\"name\":\"Real Academia Europea de Doctores\",\"url\":\"https:\\\/\\\/raed.academy\\\/en\\\/\",\"logo\":{\"@type\":\"ImageObject\",\"inLanguage\":\"en-US\",\"@id\":\"https:\\\/\\\/raed.academy\\\/en\\\/#\\\/schema\\\/logo\\\/image\\\/\",\"url\":\"https:\\\/\\\/raed.academy\\\/wp-content\\\/uploads\\\/2017\\\/01\\\/cropped-logo_raed.png\",\"contentUrl\":\"https:\\\/\\\/raed.academy\\\/wp-content\\\/uploads\\\/2017\\\/01\\\/cropped-logo_raed.png\",\"width\":512,\"height\":512,\"caption\":\"Real Academia Europea de Doctores\"},\"image\":{\"@id\":\"https:\\\/\\\/raed.academy\\\/en\\\/#\\\/schema\\\/logo\\\/image\\\/\"},\"sameAs\":[\"http:\\\/\\\/fb.me\\\/raed.academy\",\"https:\\\/\\\/x.com\\\/raedacademy\",\"https:\\\/\\\/www.instagram.com\\\/raed.academy\\\/\",\"https:\\\/\\\/www.youtube.com\\\/channel\\\/UCUYQwW2KrdirNWihxMDObwg\"]},{\"@type\":\"Person\",\"@id\":\"https:\\\/\\\/raed.academy\\\/en\\\/#\\\/schema\\\/person\\\/5a755da80d1d979fd66ba745c8702927\",\"name\":\"RAED\",\"image\":{\"@type\":\"ImageObject\",\"inLanguage\":\"en-US\",\"@id\":\"https:\\\/\\\/secure.gravatar.com\\\/avatar\\\/19fdfdc0d67fb9c45714b703a2ac82251c4fcea3637f002ac3c9b74c0183583c?s=96&d=mm&r=g\",\"url\":\"https:\\\/\\\/secure.gravatar.com\\\/avatar\\\/19fdfdc0d67fb9c45714b703a2ac82251c4fcea3637f002ac3c9b74c0183583c?s=96&d=mm&r=g\",\"contentUrl\":\"https:\\\/\\\/secure.gravatar.com\\\/avatar\\\/19fdfdc0d67fb9c45714b703a2ac82251c4fcea3637f002ac3c9b74c0183583c?s=96&d=mm&r=g\",\"caption\":\"RAED\"}}]}<\/script>\n<!-- \/ Yoast SEO plugin. -->","yoast_head_json":{"title":"Artificial vision - Royal European Academy of Doctors","description":"The current concept of artificial vision based on the latest studies with stem cells, gene therapy and development of the electronic retina","robots":{"index":"index","follow":"follow","max-snippet":"max-snippet:-1","max-image-preview":"max-image-preview:large","max-video-preview":"max-video-preview:-1"},"canonical":"https:\/\/raed.academy\/en\/artificial-vision\/","og_locale":"en_US","og_type":"article","og_title":"Artificial vision - Royal European Academy of Doctors","og_description":"The current concept of artificial vision based on the latest studies with stem cells, gene therapy and development of the electronic retina","og_url":"https:\/\/raed.academy\/en\/artificial-vision\/","og_site_name":"Royal European Academy of Doctors","article_publisher":"http:\/\/fb.me\/raed.academy","article_published_time":"2019-10-02T17:52:33+00:00","article_modified_time":"2019-10-22T12:26:23+00:00","og_image":[{"width":430,"height":258,"url":"https:\/\/raed.academy\/wp-content\/uploads\/2019\/10\/vision-artificial-Borja-Corcostegui-dstNtc.jpg","type":"image\/jpeg"}],"author":"RAED","twitter_card":"summary_large_image","twitter_creator":"@raedacademy","twitter_site":"@raedacademy","twitter_misc":{"Written by":"RAED","Est. reading time":"2 minutes"},"schema":{"@context":"https:\/\/schema.org","@graph":[{"@type":"Article","@id":"https:\/\/raed.academy\/en\/artificial-vision\/#article","isPartOf":{"@id":"https:\/\/raed.academy\/en\/artificial-vision\/"},"author":{"name":"RAED","@id":"https:\/\/raed.academy\/en\/#\/schema\/person\/5a755da80d1d979fd66ba745c8702927"},"headline":"Artificial vision","datePublished":"2019-10-02T17:52:33+00:00","dateModified":"2019-10-22T12:26:23+00:00","mainEntityOfPage":{"@id":"https:\/\/raed.academy\/en\/artificial-vision\/"},"wordCount":388,"publisher":{"@id":"https:\/\/raed.academy\/en\/#organization"},"image":{"@id":"https:\/\/raed.academy\/en\/artificial-vision\/#primaryimage"},"thumbnailUrl":"https:\/\/raed.academy\/wp-content\/uploads\/2019\/10\/vision-artificial-Borja-Corcostegui-dstNtc.jpg","articleSection":["Medicine and Surgery"],"inLanguage":"en-US"},{"@type":"WebPage","@id":"https:\/\/raed.academy\/en\/artificial-vision\/","url":"https:\/\/raed.academy\/en\/artificial-vision\/","name":"Artificial vision - Royal European Academy of Doctors","isPartOf":{"@id":"https:\/\/raed.academy\/en\/#website"},"primaryImageOfPage":{"@id":"https:\/\/raed.academy\/en\/artificial-vision\/#primaryimage"},"image":{"@id":"https:\/\/raed.academy\/en\/artificial-vision\/#primaryimage"},"thumbnailUrl":"https:\/\/raed.academy\/wp-content\/uploads\/2019\/10\/vision-artificial-Borja-Corcostegui-dstNtc.jpg","datePublished":"2019-10-02T17:52:33+00:00","dateModified":"2019-10-22T12:26:23+00:00","description":"The current concept of artificial vision based on the latest studies with stem cells, gene therapy and development of the electronic retina","breadcrumb":{"@id":"https:\/\/raed.academy\/en\/artificial-vision\/#breadcrumb"},"inLanguage":"en-US","potentialAction":[{"@type":"ReadAction","target":["https:\/\/raed.academy\/en\/artificial-vision\/"]}]},{"@type":"ImageObject","inLanguage":"en-US","@id":"https:\/\/raed.academy\/en\/artificial-vision\/#primaryimage","url":"https:\/\/raed.academy\/wp-content\/uploads\/2019\/10\/vision-artificial-Borja-Corcostegui-dstNtc.jpg","contentUrl":"https:\/\/raed.academy\/wp-content\/uploads\/2019\/10\/vision-artificial-Borja-Corcostegui-dstNtc.jpg","width":430,"height":258},{"@type":"BreadcrumbList","@id":"https:\/\/raed.academy\/en\/artificial-vision\/#breadcrumb","itemListElement":[{"@type":"ListItem","position":1,"name":"Inicio","item":"https:\/\/raed.academy\/en\/"},{"@type":"ListItem","position":2,"name":"Artificial vision"}]},{"@type":"WebSite","@id":"https:\/\/raed.academy\/en\/#website","url":"https:\/\/raed.academy\/en\/","name":"Royal European Academy of Doctors","description":"Corporaci\u00f3n de derecho p\u00fablico de car\u00e1cter cient\u00edfico, t\u00e9cnico y art\u00edstico, que tiene por objeto la investigaci\u00f3n, el estudio, el fomento y la extensi\u00f3n del conocimiento en su sentido m\u00e1s amplio.","publisher":{"@id":"https:\/\/raed.academy\/en\/#organization"},"potentialAction":[{"@type":"SearchAction","target":{"@type":"EntryPoint","urlTemplate":"https:\/\/raed.academy\/en\/?s={search_term_string}"},"query-input":{"@type":"PropertyValueSpecification","valueRequired":true,"valueName":"search_term_string"}}],"inLanguage":"en-US"},{"@type":"Organization","@id":"https:\/\/raed.academy\/en\/#organization","name":"Real Academia Europea de Doctores","url":"https:\/\/raed.academy\/en\/","logo":{"@type":"ImageObject","inLanguage":"en-US","@id":"https:\/\/raed.academy\/en\/#\/schema\/logo\/image\/","url":"https:\/\/raed.academy\/wp-content\/uploads\/2017\/01\/cropped-logo_raed.png","contentUrl":"https:\/\/raed.academy\/wp-content\/uploads\/2017\/01\/cropped-logo_raed.png","width":512,"height":512,"caption":"Real Academia Europea de Doctores"},"image":{"@id":"https:\/\/raed.academy\/en\/#\/schema\/logo\/image\/"},"sameAs":["http:\/\/fb.me\/raed.academy","https:\/\/x.com\/raedacademy","https:\/\/www.instagram.com\/raed.academy\/","https:\/\/www.youtube.com\/channel\/UCUYQwW2KrdirNWihxMDObwg"]},{"@type":"Person","@id":"https:\/\/raed.academy\/en\/#\/schema\/person\/5a755da80d1d979fd66ba745c8702927","name":"RAED","image":{"@type":"ImageObject","inLanguage":"en-US","@id":"https:\/\/secure.gravatar.com\/avatar\/19fdfdc0d67fb9c45714b703a2ac82251c4fcea3637f002ac3c9b74c0183583c?s=96&d=mm&r=g","url":"https:\/\/secure.gravatar.com\/avatar\/19fdfdc0d67fb9c45714b703a2ac82251c4fcea3637f002ac3c9b74c0183583c?s=96&d=mm&r=g","contentUrl":"https:\/\/secure.gravatar.com\/avatar\/19fdfdc0d67fb9c45714b703a2ac82251c4fcea3637f002ac3c9b74c0183583c?s=96&d=mm&r=g","caption":"RAED"}}]}},"_links":{"self":[{"href":"https:\/\/raed.academy\/en\/wp-json\/wp\/v2\/posts\/80950","targetHints":{"allow":["GET"]}}],"collection":[{"href":"https:\/\/raed.academy\/en\/wp-json\/wp\/v2\/posts"}],"about":[{"href":"https:\/\/raed.academy\/en\/wp-json\/wp\/v2\/types\/post"}],"author":[{"embeddable":true,"href":"https:\/\/raed.academy\/en\/wp-json\/wp\/v2\/users\/12"}],"replies":[{"embeddable":true,"href":"https:\/\/raed.academy\/en\/wp-json\/wp\/v2\/comments?post=80950"}],"version-history":[{"count":0,"href":"https:\/\/raed.academy\/en\/wp-json\/wp\/v2\/posts\/80950\/revisions"}],"wp:featuredmedia":[{"embeddable":true,"href":"https:\/\/raed.academy\/en\/wp-json\/wp\/v2\/media\/80022"}],"wp:attachment":[{"href":"https:\/\/raed.academy\/en\/wp-json\/wp\/v2\/media?parent=80950"}],"wp:term":[{"taxonomy":"category","embeddable":true,"href":"https:\/\/raed.academy\/en\/wp-json\/wp\/v2\/categories?post=80950"},{"taxonomy":"post_tag","embeddable":true,"href":"https:\/\/raed.academy\/en\/wp-json\/wp\/v2\/tags?post=80950"}],"curies":[{"name":"wp","href":"https:\/\/api.w.org\/{rel}","templated":true}]}}