{"id":80946,"date":"2019-10-02T17:31:30","date_gmt":"2019-10-02T17:31:30","guid":{"rendered":"https:\/\/raed.academy\/?p=80946"},"modified":"2019-10-22T12:58:00","modified_gmt":"2019-10-22T12:58:00","slug":"academicians-of-our-centennial-history-juan-antonio-samaranch-torello","status":"publish","type":"post","link":"https:\/\/raed.academy\/en\/academicians-of-our-centennial-history-juan-antonio-samaranch-torello\/","title":{"rendered":"Academicians of our centennial history: Juan Antonio Samaranch Torell\u00f3"},"content":{"rendered":"<div id=\"attachment_80035\" style=\"width: 360px\" class=\"wp-caption alignright\"><img loading=\"lazy\" decoding=\"async\" aria-describedby=\"caption-attachment-80035\" class=\"wp-image-80035 size-full\" src=\"https:\/\/raed.academy\/wp-content\/uploads\/2019\/10\/Juan-Antonio-Samaranch-Torell\u00f3.jpg\" alt=\"El Dr. Juan Antonio Samaranch Torell\u00f3, en su ingreso en la Real Academia Europea de Doctores\" width=\"350\" height=\"488\" aria-describedby=\"caption-attachment-80035\" data-attachment-id=\"80035\" data-permalink=\"https:\/\/raed.academy\/academicos-de-nuestra-historia-centenaria-juan-antonio-samaranch\/juan-antonio-samaranch-torello\/\" data-orig-file=\"https:\/\/raed.academy\/wp-content\/uploads\/2019\/10\/Juan-Antonio-Samaranch-Torell\u00f3.jpg\" data-orig-size=\"350,488\" data-comments-opened=\"0\" data-image-meta=\"{&quot;aperture&quot;:&quot;0&quot;,&quot;credit&quot;:&quot;&quot;,&quot;camera&quot;:&quot;&quot;,&quot;caption&quot;:&quot;&quot;,&quot;created_timestamp&quot;:&quot;0&quot;,&quot;copyright&quot;:&quot;&quot;,&quot;focal_length&quot;:&quot;0&quot;,&quot;iso&quot;:&quot;0&quot;,&quot;shutter_speed&quot;:&quot;0&quot;,&quot;title&quot;:&quot;&quot;,&quot;orientation&quot;:&quot;0&quot;}\" data-image-title=\"Juan-Antonio-Samaranch-Torell\u00f3\" data-image-description=\"\" data-medium-file=\"https:\/\/raed.academy\/wp-content\/uploads\/2019\/10\/Juan-Antonio-Samaranch-Torell\u00f3.jpg\" data-large-file=\"https:\/\/raed.academy\/wp-content\/uploads\/2019\/10\/Juan-Antonio-Samaranch-Torell\u00f3.jpg\" \/><p id=\"caption-attachment-80035\" class=\"wp-caption-text\">Dr. Juan Antonio Samaranch Torell\u00f3, on his admission at the Royal European Academy of Doctors<\/p><\/div>\n<p><img loading=\"lazy\" decoding=\"async\" class=\"circular alignleft wp-image-80052 size-full\" src=\"https:\/\/raed.academy\/wp-content\/uploads\/2019\/10\/Juan-Antonio-Samaranch-Torell\u00f3-caja-circ-v2.jpg\" sizes=\"(max-width: 190px) 100vw, 190px\" srcset=\"https:\/\/raed.academy\/wp-content\/uploads\/2019\/10\/Juan-Antonio-Samaranch-Torell\u00f3-caja-circ-v2.jpg 190w, https:\/\/raed.academy\/wp-content\/uploads\/2019\/10\/Juan-Antonio-Samaranch-Torell\u00f3-caja-circ-v2-150x150.jpg 150w\" alt=\"Juan Antonio Samaranch Torell\u00f3\" width=\"190\" height=\"190\" data-attachment-id=\"80052\" data-permalink=\"https:\/\/raed.academy\/academicos-de-nuestra-historia-centenaria-juan-antonio-samaranch\/juan-antonio-samaranch-torello-caja-circ-v2\/\" data-orig-file=\"https:\/\/raed.academy\/wp-content\/uploads\/2019\/10\/Juan-Antonio-Samaranch-Torell\u00f3-caja-circ-v2.jpg\" data-orig-size=\"190,190\" data-comments-opened=\"0\" data-image-meta=\"{&quot;aperture&quot;:&quot;0&quot;,&quot;credit&quot;:&quot;&quot;,&quot;camera&quot;:&quot;&quot;,&quot;caption&quot;:&quot;&quot;,&quot;created_timestamp&quot;:&quot;0&quot;,&quot;copyright&quot;:&quot;&quot;,&quot;focal_length&quot;:&quot;0&quot;,&quot;iso&quot;:&quot;0&quot;,&quot;shutter_speed&quot;:&quot;0&quot;,&quot;title&quot;:&quot;&quot;,&quot;orientation&quot;:&quot;0&quot;}\" data-image-title=\"Juan Antonio Samaranch Torell\u00f3 caja-circ-v2\" data-image-description=\"\" data-medium-file=\"https:\/\/raed.academy\/wp-content\/uploads\/2019\/10\/Juan-Antonio-Samaranch-Torell\u00f3-caja-circ-v2.jpg\" data-large-file=\"https:\/\/raed.academy\/wp-content\/uploads\/2019\/10\/Juan-Antonio-Samaranch-Torell\u00f3-caja-circ-v2.jpg\" \/>The <strong>Royal European Academy of Doctors-Barcelona 1914<\/strong> (RAED) presents the 11th installment of the series dedicated to the most notable academicians of its centennial history, this time to another of its illustrious characters and universal reference of sport: the historic president of the <a href=\"https:\/\/www.olympic.org\" target=\"_blank\" rel=\"noopener noreferrer\"><strong>International Olympic Committee<\/strong><\/a> (IOC) <strong>Juan Antonio Samaranch<\/strong>, marquis of Samaranch (1920-2010). Another of the great figures of science and thought that have been part of the RAED and that the current Governing Board wants to thank, acknowledge and claim, in the conviction that who has no memory, has no future. The selection of these select academicians, from all fields of knowledge, is the result of research carried out for the publication of the <strong>&#8220;Book of the Centenary&#8221;<\/strong> of the Royal Academy, published three years ago. Personalities that transcend their historical context to appear today as referents of knowledge.<\/p>\n<p>A great fan from a young age to sports, he stood out as a roller hockey player, although he also practiced soccer and boxing. His ties to olympism date back to the<strong> Helsinki Olympics&#8217;52<\/strong>, when he covered the sports event as a journalist. However, his professional life chose both the world of business and corporate management after conducting business and business studies as well as sports management, as he developed as a hockey technician and as president of the <a href=\"http:\/\/www.fep.es\" target=\"_blank\" rel=\"noopener noreferrer\"><strong>Spanish Skating Federation<\/strong><\/a>. Activities that also combined with politics after starting his career as councilor for Sports in the City of Barcelona (1954-1962), organizing in that city the <strong>2nd Mediterranean Games<\/strong>. Later, in 1966, he was appointed national delegate of Physical Education and Sports.<\/p>\n<p>In 1973 he was appointed president of the <a href=\"http:\/\/www.diba.cat\" target=\"_blank\" rel=\"noopener noreferrer\"><strong>Deputation of Barcelona<\/strong><\/a> and four years later, ambassador to the Soviet Union and Mongolia. At that same stage he held the position of vicepresident of the International Olympic Committee, in which he joined as representative of Spain in 1966. He was elected president of the IOC in Moscow in 1980, in an assembly prior to the Olympic Games. He held the position until 2001, but not before seeing his dream of an Olympiad held in Barcelona, \u200b\u200bhis hometown.<\/p>\n<p>Samaranch entered the Royal European Academy of Doctors in 1995, during a solemn ceremony that was held at the headquarters of <a href=\"https:\/\/www.caixabank.es\" target=\"_blank\" rel=\"noopener noreferrer\"><strong>La Caixa<\/strong><\/a>, in Barcelona. The recipient read the admission speech <strong>&#8220;La cultura como parte integral del olimpismo&#8221;<\/strong> (Culture as an integral part of olympism), which the Academy treasures with pride. In his work, the then president of the International Olympic Committee addressed the origins of olympism as a conjunction of sport, culture and art and a symbol of peace.<\/p>\n","protected":false},"excerpt":{"rendered":"<p>The Royal European Academy of Doctors-Barcelona 1914 (RAED) presents the 11th installment of the series dedicated to the most notable academicians of its centennial history, this time to another of its illustrious characters and universal reference of sport: the historic president of the International Olympic Committee (IOC) Juan Antonio Samaranch, marquis of Samaranch (1920-2010). Another [&hellip;]<\/p>\n","protected":false},"author":12,"featured_media":80037,"comment_status":"closed","ping_status":"closed","sticky":false,"template":"","format":"standard","meta":{"_et_pb_use_builder":"","_et_pb_old_content":"","_et_gb_content_width":"","footnotes":""},"categories":[264],"tags":[],"class_list":["post-80946","post","type-post","status-publish","format-standard","has-post-thumbnail","hentry","category-categ-academicians-of-our-centennial-history","et-has-post-format-content","et_post_format-et-post-format-standard"],"yoast_head":"<!-- This site is optimized with the Yoast SEO plugin v27.4 - https:\/\/yoast.com\/product\/yoast-seo-wordpress\/ -->\n<title>Academicians of our centennial history: Juan Antonio Samaranch - Royal European Academy of Doctors<\/title>\n<meta name=\"description\" content=\"Academicians of our centennial history: Juan Antonio Samaranch Torell\u00f3\" \/>\n<meta name=\"robots\" content=\"index, follow, max-snippet:-1, max-image-preview:large, max-video-preview:-1\" \/>\n<link rel=\"canonical\" href=\"https:\/\/raed.academy\/en\/academicians-of-our-centennial-history-juan-antonio-samaranch-torello\/\" \/>\n<meta property=\"og:locale\" content=\"en_US\" \/>\n<meta property=\"og:type\" content=\"article\" \/>\n<meta property=\"og:title\" content=\"Academicians of our centennial history: Juan Antonio Samaranch - Royal European Academy of Doctors\" \/>\n<meta property=\"og:description\" content=\"Academicians of our centennial history: Juan Antonio Samaranch Torell\u00f3\" \/>\n<meta property=\"og:url\" content=\"https:\/\/raed.academy\/en\/academicians-of-our-centennial-history-juan-antonio-samaranch-torello\/\" \/>\n<meta property=\"og:site_name\" content=\"Royal European Academy of Doctors\" \/>\n<meta property=\"article:publisher\" content=\"http:\/\/fb.me\/raed.academy\" \/>\n<meta property=\"article:published_time\" content=\"2019-10-02T17:31:30+00:00\" \/>\n<meta property=\"article:modified_time\" content=\"2019-10-22T12:58:00+00:00\" \/>\n<meta property=\"og:image\" content=\"https:\/\/raed.academy\/wp-content\/uploads\/2019\/10\/Juan-Antonio-Samaranch-Torell\u00f3.jpg\" \/>\n\t<meta property=\"og:image:width\" content=\"350\" \/>\n\t<meta property=\"og:image:height\" content=\"488\" \/>\n\t<meta property=\"og:image:type\" content=\"image\/jpeg\" \/>\n<meta name=\"author\" content=\"RAED\" \/>\n<meta name=\"twitter:card\" content=\"summary_large_image\" \/>\n<meta name=\"twitter:creator\" content=\"@raedacademy\" \/>\n<meta name=\"twitter:site\" content=\"@raedacademy\" \/>\n<meta name=\"twitter:label1\" content=\"Written by\" \/>\n\t<meta name=\"twitter:data1\" content=\"RAED\" \/>\n\t<meta name=\"twitter:label2\" content=\"Est. reading time\" \/>\n\t<meta name=\"twitter:data2\" content=\"2 minutes\" \/>\n<script type=\"application\/ld+json\" class=\"yoast-schema-graph\">{\"@context\":\"https:\\\/\\\/schema.org\",\"@graph\":[{\"@type\":\"Article\",\"@id\":\"https:\\\/\\\/raed.academy\\\/en\\\/academicians-of-our-centennial-history-juan-antonio-samaranch-torello\\\/#article\",\"isPartOf\":{\"@id\":\"https:\\\/\\\/raed.academy\\\/en\\\/academicians-of-our-centennial-history-juan-antonio-samaranch-torello\\\/\"},\"author\":{\"name\":\"RAED\",\"@id\":\"https:\\\/\\\/raed.academy\\\/en\\\/#\\\/schema\\\/person\\\/5a755da80d1d979fd66ba745c8702927\"},\"headline\":\"Academicians of our centennial history: Juan Antonio Samaranch Torell\u00f3\",\"datePublished\":\"2019-10-02T17:31:30+00:00\",\"dateModified\":\"2019-10-22T12:58:00+00:00\",\"mainEntityOfPage\":{\"@id\":\"https:\\\/\\\/raed.academy\\\/en\\\/academicians-of-our-centennial-history-juan-antonio-samaranch-torello\\\/\"},\"wordCount\":454,\"publisher\":{\"@id\":\"https:\\\/\\\/raed.academy\\\/en\\\/#organization\"},\"image\":{\"@id\":\"https:\\\/\\\/raed.academy\\\/en\\\/academicians-of-our-centennial-history-juan-antonio-samaranch-torello\\\/#primaryimage\"},\"thumbnailUrl\":\"https:\\\/\\\/raed.academy\\\/wp-content\\\/uploads\\\/2019\\\/10\\\/Juan-Antonio-Samaranch-Torell\u00f3.jpg\",\"articleSection\":[\"Academicians of our centennial history\"],\"inLanguage\":\"en-US\"},{\"@type\":\"WebPage\",\"@id\":\"https:\\\/\\\/raed.academy\\\/en\\\/academicians-of-our-centennial-history-juan-antonio-samaranch-torello\\\/\",\"url\":\"https:\\\/\\\/raed.academy\\\/en\\\/academicians-of-our-centennial-history-juan-antonio-samaranch-torello\\\/\",\"name\":\"Academicians of our centennial history: Juan Antonio Samaranch - Royal European Academy of Doctors\",\"isPartOf\":{\"@id\":\"https:\\\/\\\/raed.academy\\\/en\\\/#website\"},\"primaryImageOfPage\":{\"@id\":\"https:\\\/\\\/raed.academy\\\/en\\\/academicians-of-our-centennial-history-juan-antonio-samaranch-torello\\\/#primaryimage\"},\"image\":{\"@id\":\"https:\\\/\\\/raed.academy\\\/en\\\/academicians-of-our-centennial-history-juan-antonio-samaranch-torello\\\/#primaryimage\"},\"thumbnailUrl\":\"https:\\\/\\\/raed.academy\\\/wp-content\\\/uploads\\\/2019\\\/10\\\/Juan-Antonio-Samaranch-Torell\u00f3.jpg\",\"datePublished\":\"2019-10-02T17:31:30+00:00\",\"dateModified\":\"2019-10-22T12:58:00+00:00\",\"description\":\"Academicians of our centennial history: Juan Antonio Samaranch Torell\u00f3\",\"breadcrumb\":{\"@id\":\"https:\\\/\\\/raed.academy\\\/en\\\/academicians-of-our-centennial-history-juan-antonio-samaranch-torello\\\/#breadcrumb\"},\"inLanguage\":\"en-US\",\"potentialAction\":[{\"@type\":\"ReadAction\",\"target\":[\"https:\\\/\\\/raed.academy\\\/en\\\/academicians-of-our-centennial-history-juan-antonio-samaranch-torello\\\/\"]}]},{\"@type\":\"ImageObject\",\"inLanguage\":\"en-US\",\"@id\":\"https:\\\/\\\/raed.academy\\\/en\\\/academicians-of-our-centennial-history-juan-antonio-samaranch-torello\\\/#primaryimage\",\"url\":\"https:\\\/\\\/raed.academy\\\/wp-content\\\/uploads\\\/2019\\\/10\\\/Juan-Antonio-Samaranch-Torell\u00f3.jpg\",\"contentUrl\":\"https:\\\/\\\/raed.academy\\\/wp-content\\\/uploads\\\/2019\\\/10\\\/Juan-Antonio-Samaranch-Torell\u00f3.jpg\",\"width\":350,\"height\":488},{\"@type\":\"BreadcrumbList\",\"@id\":\"https:\\\/\\\/raed.academy\\\/en\\\/academicians-of-our-centennial-history-juan-antonio-samaranch-torello\\\/#breadcrumb\",\"itemListElement\":[{\"@type\":\"ListItem\",\"position\":1,\"name\":\"Inicio\",\"item\":\"https:\\\/\\\/raed.academy\\\/en\\\/\"},{\"@type\":\"ListItem\",\"position\":2,\"name\":\"Academicians of our centennial history: Juan Antonio Samaranch Torell\u00f3\"}]},{\"@type\":\"WebSite\",\"@id\":\"https:\\\/\\\/raed.academy\\\/en\\\/#website\",\"url\":\"https:\\\/\\\/raed.academy\\\/en\\\/\",\"name\":\"Royal European Academy of Doctors\",\"description\":\"Corporaci\u00f3n de derecho p\u00fablico de car\u00e1cter cient\u00edfico, t\u00e9cnico y art\u00edstico, que tiene por objeto la investigaci\u00f3n, el estudio, el fomento y la extensi\u00f3n del conocimiento en su sentido m\u00e1s amplio.\",\"publisher\":{\"@id\":\"https:\\\/\\\/raed.academy\\\/en\\\/#organization\"},\"potentialAction\":[{\"@type\":\"SearchAction\",\"target\":{\"@type\":\"EntryPoint\",\"urlTemplate\":\"https:\\\/\\\/raed.academy\\\/en\\\/?s={search_term_string}\"},\"query-input\":{\"@type\":\"PropertyValueSpecification\",\"valueRequired\":true,\"valueName\":\"search_term_string\"}}],\"inLanguage\":\"en-US\"},{\"@type\":\"Organization\",\"@id\":\"https:\\\/\\\/raed.academy\\\/en\\\/#organization\",\"name\":\"Real Academia Europea de Doctores\",\"url\":\"https:\\\/\\\/raed.academy\\\/en\\\/\",\"logo\":{\"@type\":\"ImageObject\",\"inLanguage\":\"en-US\",\"@id\":\"https:\\\/\\\/raed.academy\\\/en\\\/#\\\/schema\\\/logo\\\/image\\\/\",\"url\":\"https:\\\/\\\/raed.academy\\\/wp-content\\\/uploads\\\/2017\\\/01\\\/cropped-logo_raed.png\",\"contentUrl\":\"https:\\\/\\\/raed.academy\\\/wp-content\\\/uploads\\\/2017\\\/01\\\/cropped-logo_raed.png\",\"width\":512,\"height\":512,\"caption\":\"Real Academia Europea de Doctores\"},\"image\":{\"@id\":\"https:\\\/\\\/raed.academy\\\/en\\\/#\\\/schema\\\/logo\\\/image\\\/\"},\"sameAs\":[\"http:\\\/\\\/fb.me\\\/raed.academy\",\"https:\\\/\\\/x.com\\\/raedacademy\",\"https:\\\/\\\/www.instagram.com\\\/raed.academy\\\/\",\"https:\\\/\\\/www.youtube.com\\\/channel\\\/UCUYQwW2KrdirNWihxMDObwg\"]},{\"@type\":\"Person\",\"@id\":\"https:\\\/\\\/raed.academy\\\/en\\\/#\\\/schema\\\/person\\\/5a755da80d1d979fd66ba745c8702927\",\"name\":\"RAED\",\"image\":{\"@type\":\"ImageObject\",\"inLanguage\":\"en-US\",\"@id\":\"https:\\\/\\\/secure.gravatar.com\\\/avatar\\\/19fdfdc0d67fb9c45714b703a2ac82251c4fcea3637f002ac3c9b74c0183583c?s=96&d=mm&r=g\",\"url\":\"https:\\\/\\\/secure.gravatar.com\\\/avatar\\\/19fdfdc0d67fb9c45714b703a2ac82251c4fcea3637f002ac3c9b74c0183583c?s=96&d=mm&r=g\",\"contentUrl\":\"https:\\\/\\\/secure.gravatar.com\\\/avatar\\\/19fdfdc0d67fb9c45714b703a2ac82251c4fcea3637f002ac3c9b74c0183583c?s=96&d=mm&r=g\",\"caption\":\"RAED\"}}]}<\/script>\n<!-- \/ Yoast SEO plugin. -->","yoast_head_json":{"title":"Academicians of our centennial history: Juan Antonio Samaranch - Royal European Academy of Doctors","description":"Academicians of our centennial history: Juan Antonio Samaranch Torell\u00f3","robots":{"index":"index","follow":"follow","max-snippet":"max-snippet:-1","max-image-preview":"max-image-preview:large","max-video-preview":"max-video-preview:-1"},"canonical":"https:\/\/raed.academy\/en\/academicians-of-our-centennial-history-juan-antonio-samaranch-torello\/","og_locale":"en_US","og_type":"article","og_title":"Academicians of our centennial history: Juan Antonio Samaranch - Royal European Academy of Doctors","og_description":"Academicians of our centennial history: Juan Antonio Samaranch Torell\u00f3","og_url":"https:\/\/raed.academy\/en\/academicians-of-our-centennial-history-juan-antonio-samaranch-torello\/","og_site_name":"Royal European Academy of Doctors","article_publisher":"http:\/\/fb.me\/raed.academy","article_published_time":"2019-10-02T17:31:30+00:00","article_modified_time":"2019-10-22T12:58:00+00:00","og_image":[{"width":350,"height":488,"url":"https:\/\/raed.academy\/wp-content\/uploads\/2019\/10\/Juan-Antonio-Samaranch-Torell\u00f3.jpg","type":"image\/jpeg"}],"author":"RAED","twitter_card":"summary_large_image","twitter_creator":"@raedacademy","twitter_site":"@raedacademy","twitter_misc":{"Written by":"RAED","Est. reading time":"2 minutes"},"schema":{"@context":"https:\/\/schema.org","@graph":[{"@type":"Article","@id":"https:\/\/raed.academy\/en\/academicians-of-our-centennial-history-juan-antonio-samaranch-torello\/#article","isPartOf":{"@id":"https:\/\/raed.academy\/en\/academicians-of-our-centennial-history-juan-antonio-samaranch-torello\/"},"author":{"name":"RAED","@id":"https:\/\/raed.academy\/en\/#\/schema\/person\/5a755da80d1d979fd66ba745c8702927"},"headline":"Academicians of our centennial history: Juan Antonio Samaranch Torell\u00f3","datePublished":"2019-10-02T17:31:30+00:00","dateModified":"2019-10-22T12:58:00+00:00","mainEntityOfPage":{"@id":"https:\/\/raed.academy\/en\/academicians-of-our-centennial-history-juan-antonio-samaranch-torello\/"},"wordCount":454,"publisher":{"@id":"https:\/\/raed.academy\/en\/#organization"},"image":{"@id":"https:\/\/raed.academy\/en\/academicians-of-our-centennial-history-juan-antonio-samaranch-torello\/#primaryimage"},"thumbnailUrl":"https:\/\/raed.academy\/wp-content\/uploads\/2019\/10\/Juan-Antonio-Samaranch-Torell\u00f3.jpg","articleSection":["Academicians of our centennial history"],"inLanguage":"en-US"},{"@type":"WebPage","@id":"https:\/\/raed.academy\/en\/academicians-of-our-centennial-history-juan-antonio-samaranch-torello\/","url":"https:\/\/raed.academy\/en\/academicians-of-our-centennial-history-juan-antonio-samaranch-torello\/","name":"Academicians of our centennial history: Juan Antonio Samaranch - Royal European Academy of Doctors","isPartOf":{"@id":"https:\/\/raed.academy\/en\/#website"},"primaryImageOfPage":{"@id":"https:\/\/raed.academy\/en\/academicians-of-our-centennial-history-juan-antonio-samaranch-torello\/#primaryimage"},"image":{"@id":"https:\/\/raed.academy\/en\/academicians-of-our-centennial-history-juan-antonio-samaranch-torello\/#primaryimage"},"thumbnailUrl":"https:\/\/raed.academy\/wp-content\/uploads\/2019\/10\/Juan-Antonio-Samaranch-Torell\u00f3.jpg","datePublished":"2019-10-02T17:31:30+00:00","dateModified":"2019-10-22T12:58:00+00:00","description":"Academicians of our centennial history: Juan Antonio Samaranch Torell\u00f3","breadcrumb":{"@id":"https:\/\/raed.academy\/en\/academicians-of-our-centennial-history-juan-antonio-samaranch-torello\/#breadcrumb"},"inLanguage":"en-US","potentialAction":[{"@type":"ReadAction","target":["https:\/\/raed.academy\/en\/academicians-of-our-centennial-history-juan-antonio-samaranch-torello\/"]}]},{"@type":"ImageObject","inLanguage":"en-US","@id":"https:\/\/raed.academy\/en\/academicians-of-our-centennial-history-juan-antonio-samaranch-torello\/#primaryimage","url":"https:\/\/raed.academy\/wp-content\/uploads\/2019\/10\/Juan-Antonio-Samaranch-Torell\u00f3.jpg","contentUrl":"https:\/\/raed.academy\/wp-content\/uploads\/2019\/10\/Juan-Antonio-Samaranch-Torell\u00f3.jpg","width":350,"height":488},{"@type":"BreadcrumbList","@id":"https:\/\/raed.academy\/en\/academicians-of-our-centennial-history-juan-antonio-samaranch-torello\/#breadcrumb","itemListElement":[{"@type":"ListItem","position":1,"name":"Inicio","item":"https:\/\/raed.academy\/en\/"},{"@type":"ListItem","position":2,"name":"Academicians of our centennial history: Juan Antonio Samaranch Torell\u00f3"}]},{"@type":"WebSite","@id":"https:\/\/raed.academy\/en\/#website","url":"https:\/\/raed.academy\/en\/","name":"Royal European Academy of Doctors","description":"Corporaci\u00f3n de derecho p\u00fablico de car\u00e1cter cient\u00edfico, t\u00e9cnico y art\u00edstico, que tiene por objeto la investigaci\u00f3n, el estudio, el fomento y la extensi\u00f3n del conocimiento en su sentido m\u00e1s amplio.","publisher":{"@id":"https:\/\/raed.academy\/en\/#organization"},"potentialAction":[{"@type":"SearchAction","target":{"@type":"EntryPoint","urlTemplate":"https:\/\/raed.academy\/en\/?s={search_term_string}"},"query-input":{"@type":"PropertyValueSpecification","valueRequired":true,"valueName":"search_term_string"}}],"inLanguage":"en-US"},{"@type":"Organization","@id":"https:\/\/raed.academy\/en\/#organization","name":"Real Academia Europea de Doctores","url":"https:\/\/raed.academy\/en\/","logo":{"@type":"ImageObject","inLanguage":"en-US","@id":"https:\/\/raed.academy\/en\/#\/schema\/logo\/image\/","url":"https:\/\/raed.academy\/wp-content\/uploads\/2017\/01\/cropped-logo_raed.png","contentUrl":"https:\/\/raed.academy\/wp-content\/uploads\/2017\/01\/cropped-logo_raed.png","width":512,"height":512,"caption":"Real Academia Europea de Doctores"},"image":{"@id":"https:\/\/raed.academy\/en\/#\/schema\/logo\/image\/"},"sameAs":["http:\/\/fb.me\/raed.academy","https:\/\/x.com\/raedacademy","https:\/\/www.instagram.com\/raed.academy\/","https:\/\/www.youtube.com\/channel\/UCUYQwW2KrdirNWihxMDObwg"]},{"@type":"Person","@id":"https:\/\/raed.academy\/en\/#\/schema\/person\/5a755da80d1d979fd66ba745c8702927","name":"RAED","image":{"@type":"ImageObject","inLanguage":"en-US","@id":"https:\/\/secure.gravatar.com\/avatar\/19fdfdc0d67fb9c45714b703a2ac82251c4fcea3637f002ac3c9b74c0183583c?s=96&d=mm&r=g","url":"https:\/\/secure.gravatar.com\/avatar\/19fdfdc0d67fb9c45714b703a2ac82251c4fcea3637f002ac3c9b74c0183583c?s=96&d=mm&r=g","contentUrl":"https:\/\/secure.gravatar.com\/avatar\/19fdfdc0d67fb9c45714b703a2ac82251c4fcea3637f002ac3c9b74c0183583c?s=96&d=mm&r=g","caption":"RAED"}}]}},"_links":{"self":[{"href":"https:\/\/raed.academy\/en\/wp-json\/wp\/v2\/posts\/80946","targetHints":{"allow":["GET"]}}],"collection":[{"href":"https:\/\/raed.academy\/en\/wp-json\/wp\/v2\/posts"}],"about":[{"href":"https:\/\/raed.academy\/en\/wp-json\/wp\/v2\/types\/post"}],"author":[{"embeddable":true,"href":"https:\/\/raed.academy\/en\/wp-json\/wp\/v2\/users\/12"}],"replies":[{"embeddable":true,"href":"https:\/\/raed.academy\/en\/wp-json\/wp\/v2\/comments?post=80946"}],"version-history":[{"count":0,"href":"https:\/\/raed.academy\/en\/wp-json\/wp\/v2\/posts\/80946\/revisions"}],"wp:featuredmedia":[{"embeddable":true,"href":"https:\/\/raed.academy\/en\/wp-json\/wp\/v2\/media\/80037"}],"wp:attachment":[{"href":"https:\/\/raed.academy\/en\/wp-json\/wp\/v2\/media?parent=80946"}],"wp:term":[{"taxonomy":"category","embeddable":true,"href":"https:\/\/raed.academy\/en\/wp-json\/wp\/v2\/categories?post=80946"},{"taxonomy":"post_tag","embeddable":true,"href":"https:\/\/raed.academy\/en\/wp-json\/wp\/v2\/tags?post=80946"}],"curies":[{"name":"wp","href":"https:\/\/api.w.org\/{rel}","templated":true}]}}