{"id":8014,"date":"2016-07-19T20:56:46","date_gmt":"2016-07-19T20:56:46","guid":{"rendered":"http:\/\/radd.eu\/?p=8014"},"modified":"2017-05-15T11:11:07","modified_gmt":"2017-05-15T11:11:07","slug":"the-raed-will-devote-a-cycle-of-conferences-on-the-future-of-european-union","status":"publish","type":"post","link":"https:\/\/raed.academy\/en\/the-raed-will-devote-a-cycle-of-conferences-on-the-future-of-european-union\/","title":{"rendered":"The RAED will devote a cycle of conferences on the future of European Union"},"content":{"rendered":"<h3>The <strong>Royal <\/strong><span id=\"result_box\" class=\"\" lang=\"en\"><strong><span class=\"\">European<\/span>\u00a0<span class=\"\">Academy of Doctors<\/span>-Barcelona 1914<\/strong> (RAED) will dedicate <span class=\"\">a cycle of conferences<\/span> to discuss the future of the European Union <span class=\"\">following<\/span> <span class=\"\">the referendum<\/span> which will <span class=\"\">exit<\/span> the UK. Indeed, the first of the sessions, to be held <span class=\"\">on 15<\/span> September, as the General Meeting, will focus on <strong>&#8220;Los efectos de Brexit en la Uni\u00f3n Europea&#8221;<\/strong> (The effects of Brexit <span class=\"\">in the European<\/span> Union).<\/span><\/h3>\n<h3><span id=\"result_box\" class=\"\" lang=\"en\">The cycle<span class=\"\">, which<\/span> details will be provided in the coming weeks, will have a marked <span class=\"\">multidisciplinary<\/span> character and will try to answer the questions that arise about the Union <span class=\"\">in the current situation<\/span>, which has led to the rise of euroscepticism.<\/span><\/h3>\n","protected":false},"excerpt":{"rendered":"<p>The Royal European\u00a0Academy of Doctors-Barcelona 1914 (RAED) will dedicate a cycle of conferences to discuss the future of the European Union following the referendum which will exit the UK. Indeed, the first of the sessions, to be held on 15 September, as the General Meeting, will focus on &#8220;Los efectos de Brexit en la Uni\u00f3n [&hellip;]<\/p>\n","protected":false},"author":12,"featured_media":0,"comment_status":"closed","ping_status":"closed","sticky":false,"template":"","format":"standard","meta":{"_et_pb_use_builder":"","_et_pb_old_content":"","_et_gb_content_width":"","footnotes":""},"categories":[67],"tags":[],"class_list":["post-8014","post","type-post","status-publish","format-standard","hentry","category-uncategorized-6","et-doesnt-have-format-content","et_post_format-et-post-format-standard"],"yoast_head":"<!-- This site is optimized with the Yoast SEO plugin v27.4 - https:\/\/yoast.com\/product\/yoast-seo-wordpress\/ -->\n<title>The RAED will devote a cycle of conferences on the future of European Union - Royal European Academy of Doctors<\/title>\n<meta name=\"robots\" content=\"index, follow, max-snippet:-1, max-image-preview:large, max-video-preview:-1\" \/>\n<link rel=\"canonical\" href=\"https:\/\/raed.academy\/en\/the-raed-will-devote-a-cycle-of-conferences-on-the-future-of-european-union\/\" \/>\n<meta property=\"og:locale\" content=\"en_US\" \/>\n<meta property=\"og:type\" content=\"article\" \/>\n<meta property=\"og:title\" content=\"The RAED will devote a cycle of conferences on the future of European Union - Royal European Academy of Doctors\" \/>\n<meta property=\"og:description\" content=\"The Royal European\u00a0Academy of Doctors-Barcelona 1914 (RAED) will dedicate a cycle of conferences to discuss the future of the European Union following the referendum which will exit the UK. Indeed, the first of the sessions, to be held on 15 September, as the General Meeting, will focus on &#8220;Los efectos de Brexit en la Uni\u00f3n [&hellip;]\" \/>\n<meta property=\"og:url\" content=\"https:\/\/raed.academy\/en\/the-raed-will-devote-a-cycle-of-conferences-on-the-future-of-european-union\/\" \/>\n<meta property=\"og:site_name\" content=\"Royal European Academy of Doctors\" \/>\n<meta property=\"article:publisher\" content=\"http:\/\/fb.me\/raed.academy\" \/>\n<meta property=\"article:published_time\" content=\"2016-07-19T20:56:46+00:00\" \/>\n<meta property=\"article:modified_time\" content=\"2017-05-15T11:11:07+00:00\" \/>\n<meta name=\"author\" content=\"RAED\" \/>\n<meta name=\"twitter:card\" content=\"summary_large_image\" \/>\n<meta name=\"twitter:creator\" content=\"@raedacademy\" \/>\n<meta name=\"twitter:site\" content=\"@raedacademy\" \/>\n<meta name=\"twitter:label1\" content=\"Written by\" \/>\n\t<meta name=\"twitter:data1\" content=\"RAED\" \/>\n\t<meta name=\"twitter:label2\" content=\"Est. reading time\" \/>\n\t<meta name=\"twitter:data2\" content=\"1 minute\" \/>\n<script type=\"application\/ld+json\" class=\"yoast-schema-graph\">{\"@context\":\"https:\\\/\\\/schema.org\",\"@graph\":[{\"@type\":\"Article\",\"@id\":\"https:\\\/\\\/raed.academy\\\/en\\\/the-raed-will-devote-a-cycle-of-conferences-on-the-future-of-european-union\\\/#article\",\"isPartOf\":{\"@id\":\"https:\\\/\\\/raed.academy\\\/en\\\/the-raed-will-devote-a-cycle-of-conferences-on-the-future-of-european-union\\\/\"},\"author\":{\"name\":\"RAED\",\"@id\":\"https:\\\/\\\/raed.academy\\\/en\\\/#\\\/schema\\\/person\\\/5a755da80d1d979fd66ba745c8702927\"},\"headline\":\"The RAED will devote a cycle of conferences on the future of European Union\",\"datePublished\":\"2016-07-19T20:56:46+00:00\",\"dateModified\":\"2017-05-15T11:11:07+00:00\",\"mainEntityOfPage\":{\"@id\":\"https:\\\/\\\/raed.academy\\\/en\\\/the-raed-will-devote-a-cycle-of-conferences-on-the-future-of-european-union\\\/\"},\"wordCount\":119,\"publisher\":{\"@id\":\"https:\\\/\\\/raed.academy\\\/en\\\/#organization\"},\"inLanguage\":\"en-US\"},{\"@type\":\"WebPage\",\"@id\":\"https:\\\/\\\/raed.academy\\\/en\\\/the-raed-will-devote-a-cycle-of-conferences-on-the-future-of-european-union\\\/\",\"url\":\"https:\\\/\\\/raed.academy\\\/en\\\/the-raed-will-devote-a-cycle-of-conferences-on-the-future-of-european-union\\\/\",\"name\":\"The RAED will devote a cycle of conferences on the future of European Union - Royal European Academy of Doctors\",\"isPartOf\":{\"@id\":\"https:\\\/\\\/raed.academy\\\/en\\\/#website\"},\"datePublished\":\"2016-07-19T20:56:46+00:00\",\"dateModified\":\"2017-05-15T11:11:07+00:00\",\"breadcrumb\":{\"@id\":\"https:\\\/\\\/raed.academy\\\/en\\\/the-raed-will-devote-a-cycle-of-conferences-on-the-future-of-european-union\\\/#breadcrumb\"},\"inLanguage\":\"en-US\",\"potentialAction\":[{\"@type\":\"ReadAction\",\"target\":[\"https:\\\/\\\/raed.academy\\\/en\\\/the-raed-will-devote-a-cycle-of-conferences-on-the-future-of-european-union\\\/\"]}]},{\"@type\":\"BreadcrumbList\",\"@id\":\"https:\\\/\\\/raed.academy\\\/en\\\/the-raed-will-devote-a-cycle-of-conferences-on-the-future-of-european-union\\\/#breadcrumb\",\"itemListElement\":[{\"@type\":\"ListItem\",\"position\":1,\"name\":\"Inicio\",\"item\":\"https:\\\/\\\/raed.academy\\\/en\\\/\"},{\"@type\":\"ListItem\",\"position\":2,\"name\":\"The RAED will devote a cycle of conferences on the future of European Union\"}]},{\"@type\":\"WebSite\",\"@id\":\"https:\\\/\\\/raed.academy\\\/en\\\/#website\",\"url\":\"https:\\\/\\\/raed.academy\\\/en\\\/\",\"name\":\"Royal European Academy of Doctors\",\"description\":\"Corporaci\u00f3n de derecho p\u00fablico de car\u00e1cter cient\u00edfico, t\u00e9cnico y art\u00edstico, que tiene por objeto la investigaci\u00f3n, el estudio, el fomento y la extensi\u00f3n del conocimiento en su sentido m\u00e1s amplio.\",\"publisher\":{\"@id\":\"https:\\\/\\\/raed.academy\\\/en\\\/#organization\"},\"potentialAction\":[{\"@type\":\"SearchAction\",\"target\":{\"@type\":\"EntryPoint\",\"urlTemplate\":\"https:\\\/\\\/raed.academy\\\/en\\\/?s={search_term_string}\"},\"query-input\":{\"@type\":\"PropertyValueSpecification\",\"valueRequired\":true,\"valueName\":\"search_term_string\"}}],\"inLanguage\":\"en-US\"},{\"@type\":\"Organization\",\"@id\":\"https:\\\/\\\/raed.academy\\\/en\\\/#organization\",\"name\":\"Real Academia Europea de Doctores\",\"url\":\"https:\\\/\\\/raed.academy\\\/en\\\/\",\"logo\":{\"@type\":\"ImageObject\",\"inLanguage\":\"en-US\",\"@id\":\"https:\\\/\\\/raed.academy\\\/en\\\/#\\\/schema\\\/logo\\\/image\\\/\",\"url\":\"https:\\\/\\\/raed.academy\\\/wp-content\\\/uploads\\\/2017\\\/01\\\/cropped-logo_raed.png\",\"contentUrl\":\"https:\\\/\\\/raed.academy\\\/wp-content\\\/uploads\\\/2017\\\/01\\\/cropped-logo_raed.png\",\"width\":512,\"height\":512,\"caption\":\"Real Academia Europea de Doctores\"},\"image\":{\"@id\":\"https:\\\/\\\/raed.academy\\\/en\\\/#\\\/schema\\\/logo\\\/image\\\/\"},\"sameAs\":[\"http:\\\/\\\/fb.me\\\/raed.academy\",\"https:\\\/\\\/x.com\\\/raedacademy\",\"https:\\\/\\\/www.instagram.com\\\/raed.academy\\\/\",\"https:\\\/\\\/www.youtube.com\\\/channel\\\/UCUYQwW2KrdirNWihxMDObwg\"]},{\"@type\":\"Person\",\"@id\":\"https:\\\/\\\/raed.academy\\\/en\\\/#\\\/schema\\\/person\\\/5a755da80d1d979fd66ba745c8702927\",\"name\":\"RAED\",\"image\":{\"@type\":\"ImageObject\",\"inLanguage\":\"en-US\",\"@id\":\"https:\\\/\\\/secure.gravatar.com\\\/avatar\\\/19fdfdc0d67fb9c45714b703a2ac82251c4fcea3637f002ac3c9b74c0183583c?s=96&d=mm&r=g\",\"url\":\"https:\\\/\\\/secure.gravatar.com\\\/avatar\\\/19fdfdc0d67fb9c45714b703a2ac82251c4fcea3637f002ac3c9b74c0183583c?s=96&d=mm&r=g\",\"contentUrl\":\"https:\\\/\\\/secure.gravatar.com\\\/avatar\\\/19fdfdc0d67fb9c45714b703a2ac82251c4fcea3637f002ac3c9b74c0183583c?s=96&d=mm&r=g\",\"caption\":\"RAED\"}}]}<\/script>\n<!-- \/ Yoast SEO plugin. -->","yoast_head_json":{"title":"The RAED will devote a cycle of conferences on the future of European Union - Royal European Academy of Doctors","robots":{"index":"index","follow":"follow","max-snippet":"max-snippet:-1","max-image-preview":"max-image-preview:large","max-video-preview":"max-video-preview:-1"},"canonical":"https:\/\/raed.academy\/en\/the-raed-will-devote-a-cycle-of-conferences-on-the-future-of-european-union\/","og_locale":"en_US","og_type":"article","og_title":"The RAED will devote a cycle of conferences on the future of European Union - Royal European Academy of Doctors","og_description":"The Royal European\u00a0Academy of Doctors-Barcelona 1914 (RAED) will dedicate a cycle of conferences to discuss the future of the European Union following the referendum which will exit the UK. Indeed, the first of the sessions, to be held on 15 September, as the General Meeting, will focus on &#8220;Los efectos de Brexit en la Uni\u00f3n [&hellip;]","og_url":"https:\/\/raed.academy\/en\/the-raed-will-devote-a-cycle-of-conferences-on-the-future-of-european-union\/","og_site_name":"Royal European Academy of Doctors","article_publisher":"http:\/\/fb.me\/raed.academy","article_published_time":"2016-07-19T20:56:46+00:00","article_modified_time":"2017-05-15T11:11:07+00:00","author":"RAED","twitter_card":"summary_large_image","twitter_creator":"@raedacademy","twitter_site":"@raedacademy","twitter_misc":{"Written by":"RAED","Est. reading time":"1 minute"},"schema":{"@context":"https:\/\/schema.org","@graph":[{"@type":"Article","@id":"https:\/\/raed.academy\/en\/the-raed-will-devote-a-cycle-of-conferences-on-the-future-of-european-union\/#article","isPartOf":{"@id":"https:\/\/raed.academy\/en\/the-raed-will-devote-a-cycle-of-conferences-on-the-future-of-european-union\/"},"author":{"name":"RAED","@id":"https:\/\/raed.academy\/en\/#\/schema\/person\/5a755da80d1d979fd66ba745c8702927"},"headline":"The RAED will devote a cycle of conferences on the future of European Union","datePublished":"2016-07-19T20:56:46+00:00","dateModified":"2017-05-15T11:11:07+00:00","mainEntityOfPage":{"@id":"https:\/\/raed.academy\/en\/the-raed-will-devote-a-cycle-of-conferences-on-the-future-of-european-union\/"},"wordCount":119,"publisher":{"@id":"https:\/\/raed.academy\/en\/#organization"},"inLanguage":"en-US"},{"@type":"WebPage","@id":"https:\/\/raed.academy\/en\/the-raed-will-devote-a-cycle-of-conferences-on-the-future-of-european-union\/","url":"https:\/\/raed.academy\/en\/the-raed-will-devote-a-cycle-of-conferences-on-the-future-of-european-union\/","name":"The RAED will devote a cycle of conferences on the future of European Union - Royal European Academy of Doctors","isPartOf":{"@id":"https:\/\/raed.academy\/en\/#website"},"datePublished":"2016-07-19T20:56:46+00:00","dateModified":"2017-05-15T11:11:07+00:00","breadcrumb":{"@id":"https:\/\/raed.academy\/en\/the-raed-will-devote-a-cycle-of-conferences-on-the-future-of-european-union\/#breadcrumb"},"inLanguage":"en-US","potentialAction":[{"@type":"ReadAction","target":["https:\/\/raed.academy\/en\/the-raed-will-devote-a-cycle-of-conferences-on-the-future-of-european-union\/"]}]},{"@type":"BreadcrumbList","@id":"https:\/\/raed.academy\/en\/the-raed-will-devote-a-cycle-of-conferences-on-the-future-of-european-union\/#breadcrumb","itemListElement":[{"@type":"ListItem","position":1,"name":"Inicio","item":"https:\/\/raed.academy\/en\/"},{"@type":"ListItem","position":2,"name":"The RAED will devote a cycle of conferences on the future of European Union"}]},{"@type":"WebSite","@id":"https:\/\/raed.academy\/en\/#website","url":"https:\/\/raed.academy\/en\/","name":"Royal European Academy of Doctors","description":"Corporaci\u00f3n de derecho p\u00fablico de car\u00e1cter cient\u00edfico, t\u00e9cnico y art\u00edstico, que tiene por objeto la investigaci\u00f3n, el estudio, el fomento y la extensi\u00f3n del conocimiento en su sentido m\u00e1s amplio.","publisher":{"@id":"https:\/\/raed.academy\/en\/#organization"},"potentialAction":[{"@type":"SearchAction","target":{"@type":"EntryPoint","urlTemplate":"https:\/\/raed.academy\/en\/?s={search_term_string}"},"query-input":{"@type":"PropertyValueSpecification","valueRequired":true,"valueName":"search_term_string"}}],"inLanguage":"en-US"},{"@type":"Organization","@id":"https:\/\/raed.academy\/en\/#organization","name":"Real Academia Europea de Doctores","url":"https:\/\/raed.academy\/en\/","logo":{"@type":"ImageObject","inLanguage":"en-US","@id":"https:\/\/raed.academy\/en\/#\/schema\/logo\/image\/","url":"https:\/\/raed.academy\/wp-content\/uploads\/2017\/01\/cropped-logo_raed.png","contentUrl":"https:\/\/raed.academy\/wp-content\/uploads\/2017\/01\/cropped-logo_raed.png","width":512,"height":512,"caption":"Real Academia Europea de Doctores"},"image":{"@id":"https:\/\/raed.academy\/en\/#\/schema\/logo\/image\/"},"sameAs":["http:\/\/fb.me\/raed.academy","https:\/\/x.com\/raedacademy","https:\/\/www.instagram.com\/raed.academy\/","https:\/\/www.youtube.com\/channel\/UCUYQwW2KrdirNWihxMDObwg"]},{"@type":"Person","@id":"https:\/\/raed.academy\/en\/#\/schema\/person\/5a755da80d1d979fd66ba745c8702927","name":"RAED","image":{"@type":"ImageObject","inLanguage":"en-US","@id":"https:\/\/secure.gravatar.com\/avatar\/19fdfdc0d67fb9c45714b703a2ac82251c4fcea3637f002ac3c9b74c0183583c?s=96&d=mm&r=g","url":"https:\/\/secure.gravatar.com\/avatar\/19fdfdc0d67fb9c45714b703a2ac82251c4fcea3637f002ac3c9b74c0183583c?s=96&d=mm&r=g","contentUrl":"https:\/\/secure.gravatar.com\/avatar\/19fdfdc0d67fb9c45714b703a2ac82251c4fcea3637f002ac3c9b74c0183583c?s=96&d=mm&r=g","caption":"RAED"}}]}},"_links":{"self":[{"href":"https:\/\/raed.academy\/en\/wp-json\/wp\/v2\/posts\/8014","targetHints":{"allow":["GET"]}}],"collection":[{"href":"https:\/\/raed.academy\/en\/wp-json\/wp\/v2\/posts"}],"about":[{"href":"https:\/\/raed.academy\/en\/wp-json\/wp\/v2\/types\/post"}],"author":[{"embeddable":true,"href":"https:\/\/raed.academy\/en\/wp-json\/wp\/v2\/users\/12"}],"replies":[{"embeddable":true,"href":"https:\/\/raed.academy\/en\/wp-json\/wp\/v2\/comments?post=8014"}],"version-history":[{"count":0,"href":"https:\/\/raed.academy\/en\/wp-json\/wp\/v2\/posts\/8014\/revisions"}],"wp:attachment":[{"href":"https:\/\/raed.academy\/en\/wp-json\/wp\/v2\/media?parent=8014"}],"wp:term":[{"taxonomy":"category","embeddable":true,"href":"https:\/\/raed.academy\/en\/wp-json\/wp\/v2\/categories?post=8014"},{"taxonomy":"post_tag","embeddable":true,"href":"https:\/\/raed.academy\/en\/wp-json\/wp\/v2\/tags?post=8014"}],"curies":[{"name":"wp","href":"https:\/\/api.w.org\/{rel}","templated":true}]}}