{"id":79903,"date":"2019-09-19T19:28:45","date_gmt":"2019-09-19T19:28:45","guid":{"rendered":"https:\/\/raed.academy\/?p=79903"},"modified":"2019-10-16T09:46:32","modified_gmt":"2019-10-16T09:46:32","slug":"the-child-and-its-environment","status":"publish","type":"post","link":"https:\/\/raed.academy\/en\/the-child-and-its-environment\/","title":{"rendered":"The child and its environment"},"content":{"rendered":"<p><img loading=\"lazy\" decoding=\"async\" class=\"alignleft size-full wp-image-79051\" src=\"https:\/\/raed.academy\/wp-content\/uploads\/2019\/09\/el-entorno-social-ni\u00f1o-y-adolescente-libro-Joaquin-Callabed.jpg\" alt=\"el entorno social ni\u00f1o y adolescente libro Joaquin Callabed\" width=\"370\" height=\"526\" data-attachment-id=\"79051\" data-permalink=\"https:\/\/raed.academy\/el-nino-y-su-entorno\/el-entorno-social-nino-y-adolescente-libro-joaquin-callabed\/\" data-orig-file=\"https:\/\/raed.academy\/wp-content\/uploads\/2019\/09\/el-entorno-social-ni\u00f1o-y-adolescente-libro-Joaquin-Callabed.jpg\" data-orig-size=\"370,526\" data-comments-opened=\"0\" data-image-meta=\"{&quot;aperture&quot;:&quot;0&quot;,&quot;credit&quot;:&quot;&quot;,&quot;camera&quot;:&quot;&quot;,&quot;caption&quot;:&quot;&quot;,&quot;created_timestamp&quot;:&quot;0&quot;,&quot;copyright&quot;:&quot;&quot;,&quot;focal_length&quot;:&quot;0&quot;,&quot;iso&quot;:&quot;0&quot;,&quot;shutter_speed&quot;:&quot;0&quot;,&quot;title&quot;:&quot;&quot;,&quot;orientation&quot;:&quot;0&quot;}\" data-image-title=\"el entorno social ni\u00f1o y adolescente libro Joaquin Callabed\" data-image-description=\"\" data-medium-file=\"https:\/\/raed.academy\/wp-content\/uploads\/2019\/09\/el-entorno-social-ni\u00f1o-y-adolescente-libro-Joaquin-Callabed.jpg\" data-large-file=\"https:\/\/raed.academy\/wp-content\/uploads\/2019\/09\/el-entorno-social-ni\u00f1o-y-adolescente-libro-Joaquin-Callabed.jpg\" \/><a href=\"https:\/\/raed.academy\/en\/academicians\/dr-joaquin-callabed-carracedo\/\" target=\"_blank\" rel=\"noopener noreferrer\"><strong>Joaqu\u00edn Callabed<\/strong><\/a>, full academician of the <strong>Royal European Academy of Doctors-Barcelona 1914<\/strong> (RAED) and president of the Spanish <strong>Club of Social Pediatrics<\/strong>, has donated to the Academy Library the book &#8220;El entorno social, ni\u00f1o y adolescente. Familia, adolescencia, adopci\u00f3n e inmigraci\u00f3n&#8221; (The social environment, child and adolescent. Family, adolescence, adoption and immigration) (Laertes), coordinated and written largely by Callabed himself along with <strong>Mar\u00eda Jes\u00fas Comellas<\/strong> and <strong>Mar\u00eda Jes\u00fas Mardomingo<\/strong>, among other authors specialized in different disciplines. The work, in fact, addresses from a multidisciplinary approach the important influence that the family and social context has on the child, emphasizing complex environments such as adoption or immigration.<\/p>\n<p>Over almost 300 pages, various professionals, from pediatricians, nursing graduates, pedagogues, psychologists and psychiatrists to jurists or epidemiologists, make their contributions on these current issues under the guidelines set by the Club of Social Pediatrics. The content includes studies on the family, breastfeeding, adoption, adolescence, immigration, psychopharmacology and the environment, along with some philosophical and humanistic reflections. The topics analyzed are grouped into three main blocks: legal, psychological and pediatric aspects.<\/p>\n<p>Doctor in Medicine and Surgery and specialist in the multidisciplinary study of problems affecting children and adolescents and a member of 12 national and international scientific societies, Callabed is the author of more than twenty books devoted to the subject and a reference in comprehensive attention to minors. Mar\u00eda Jes\u00fas Comellas is a doctor in Psychology, professor emeritus of Educational Orientation of the Department of Applied Pedagogy of the <a href=\"http:\/\/www.uab.edu\" target=\"_blank\" rel=\"noopener noreferrer\"><strong>Autonomous University of Barcelona<\/strong><\/a> and director of its <strong>Educational Research, Orientation and Development Group<\/strong>. Mar\u00eda Jes\u00fas Mardomingo, meanwhile, is responsible for Child Psychiatry and Psychology at the <a href=\"http:\/\/www.madrid.org\/cs\/Satellite?pagename=HospitalGregorioMaranon\/Page\/HGMA_home\" target=\"_blank\" rel=\"noopener noreferrer\"><strong>Gregorio Mara\u00f1\u00f3n University General Hospital<\/strong><\/a> in Madrid and a professor at the <a href=\"http:\/\/www.ucm.es\" target=\"_blank\" rel=\"noopener noreferrer\"><strong>Complutense University of Madrid<\/strong><\/a>.<\/p>\n","protected":false},"excerpt":{"rendered":"<p>Joaqu\u00edn Callabed, full academician of the Royal European Academy of Doctors-Barcelona 1914 (RAED) and president of the Spanish Club of Social Pediatrics, has donated to the Academy Library the book &#8220;El entorno social, ni\u00f1o y adolescente. Familia, adolescencia, adopci\u00f3n e inmigraci\u00f3n&#8221; (The social environment, child and adolescent. Family, adolescence, adoption and immigration) (Laertes), coordinated and [&hellip;]<\/p>\n","protected":false},"author":12,"featured_media":60507,"comment_status":"closed","ping_status":"closed","sticky":false,"template":"","format":"standard","meta":{"_et_pb_use_builder":"","_et_pb_old_content":"","_et_gb_content_width":"","footnotes":""},"categories":[215],"tags":[],"class_list":["post-79903","post","type-post","status-publish","format-standard","has-post-thumbnail","hentry","category-medicine-and-surgery","et-has-post-format-content","et_post_format-et-post-format-standard"],"yoast_head":"<!-- This site is optimized with the Yoast SEO plugin v27.4 - https:\/\/yoast.com\/product\/yoast-seo-wordpress\/ -->\n<title>The child and its environment - Royal European Academy of Doctors<\/title>\n<meta name=\"description\" content=\"The book &quot;The social environment, child and adolescent. Family, adolescence, adoption and immigration&quot;\" \/>\n<meta name=\"robots\" content=\"index, follow, max-snippet:-1, max-image-preview:large, max-video-preview:-1\" \/>\n<link rel=\"canonical\" href=\"https:\/\/raed.academy\/en\/the-child-and-its-environment\/\" \/>\n<meta property=\"og:locale\" content=\"en_US\" \/>\n<meta property=\"og:type\" content=\"article\" \/>\n<meta property=\"og:title\" content=\"The child and its environment - Royal European Academy of Doctors\" \/>\n<meta property=\"og:description\" content=\"The book &quot;The social environment, child and adolescent. Family, adolescence, adoption and immigration&quot;\" \/>\n<meta property=\"og:url\" content=\"https:\/\/raed.academy\/en\/the-child-and-its-environment\/\" \/>\n<meta property=\"og:site_name\" content=\"Royal European Academy of Doctors\" \/>\n<meta property=\"article:publisher\" content=\"http:\/\/fb.me\/raed.academy\" \/>\n<meta property=\"article:published_time\" content=\"2019-09-19T19:28:45+00:00\" \/>\n<meta property=\"article:modified_time\" content=\"2019-10-16T09:46:32+00:00\" \/>\n<meta property=\"og:image\" content=\"https:\/\/raed.academy\/wp-content\/uploads\/2018\/10\/Joaquin-Callabed.jpg\" \/>\n\t<meta property=\"og:image:width\" content=\"400\" \/>\n\t<meta property=\"og:image:height\" content=\"288\" \/>\n\t<meta property=\"og:image:type\" content=\"image\/jpeg\" \/>\n<meta name=\"author\" content=\"RAED\" \/>\n<meta name=\"twitter:card\" content=\"summary_large_image\" \/>\n<meta name=\"twitter:creator\" content=\"@raedacademy\" \/>\n<meta name=\"twitter:site\" content=\"@raedacademy\" \/>\n<meta name=\"twitter:label1\" content=\"Written by\" \/>\n\t<meta name=\"twitter:data1\" content=\"RAED\" \/>\n\t<meta name=\"twitter:label2\" content=\"Est. reading time\" \/>\n\t<meta name=\"twitter:data2\" content=\"1 minute\" \/>\n<script type=\"application\/ld+json\" class=\"yoast-schema-graph\">{\"@context\":\"https:\\\/\\\/schema.org\",\"@graph\":[{\"@type\":\"Article\",\"@id\":\"https:\\\/\\\/raed.academy\\\/en\\\/the-child-and-its-environment\\\/#article\",\"isPartOf\":{\"@id\":\"https:\\\/\\\/raed.academy\\\/en\\\/the-child-and-its-environment\\\/\"},\"author\":{\"name\":\"RAED\",\"@id\":\"https:\\\/\\\/raed.academy\\\/en\\\/#\\\/schema\\\/person\\\/5a755da80d1d979fd66ba745c8702927\"},\"headline\":\"The child and its environment\",\"datePublished\":\"2019-09-19T19:28:45+00:00\",\"dateModified\":\"2019-10-16T09:46:32+00:00\",\"mainEntityOfPage\":{\"@id\":\"https:\\\/\\\/raed.academy\\\/en\\\/the-child-and-its-environment\\\/\"},\"wordCount\":304,\"publisher\":{\"@id\":\"https:\\\/\\\/raed.academy\\\/en\\\/#organization\"},\"image\":{\"@id\":\"https:\\\/\\\/raed.academy\\\/en\\\/the-child-and-its-environment\\\/#primaryimage\"},\"thumbnailUrl\":\"https:\\\/\\\/raed.academy\\\/wp-content\\\/uploads\\\/2018\\\/10\\\/Joaquin-Callabed.jpg\",\"articleSection\":[\"Medicine and Surgery\"],\"inLanguage\":\"en-US\"},{\"@type\":\"WebPage\",\"@id\":\"https:\\\/\\\/raed.academy\\\/en\\\/the-child-and-its-environment\\\/\",\"url\":\"https:\\\/\\\/raed.academy\\\/en\\\/the-child-and-its-environment\\\/\",\"name\":\"The child and its environment - Royal European Academy of Doctors\",\"isPartOf\":{\"@id\":\"https:\\\/\\\/raed.academy\\\/en\\\/#website\"},\"primaryImageOfPage\":{\"@id\":\"https:\\\/\\\/raed.academy\\\/en\\\/the-child-and-its-environment\\\/#primaryimage\"},\"image\":{\"@id\":\"https:\\\/\\\/raed.academy\\\/en\\\/the-child-and-its-environment\\\/#primaryimage\"},\"thumbnailUrl\":\"https:\\\/\\\/raed.academy\\\/wp-content\\\/uploads\\\/2018\\\/10\\\/Joaquin-Callabed.jpg\",\"datePublished\":\"2019-09-19T19:28:45+00:00\",\"dateModified\":\"2019-10-16T09:46:32+00:00\",\"description\":\"The book \\\"The social environment, child and adolescent. Family, adolescence, adoption and immigration\\\"\",\"breadcrumb\":{\"@id\":\"https:\\\/\\\/raed.academy\\\/en\\\/the-child-and-its-environment\\\/#breadcrumb\"},\"inLanguage\":\"en-US\",\"potentialAction\":[{\"@type\":\"ReadAction\",\"target\":[\"https:\\\/\\\/raed.academy\\\/en\\\/the-child-and-its-environment\\\/\"]}]},{\"@type\":\"ImageObject\",\"inLanguage\":\"en-US\",\"@id\":\"https:\\\/\\\/raed.academy\\\/en\\\/the-child-and-its-environment\\\/#primaryimage\",\"url\":\"https:\\\/\\\/raed.academy\\\/wp-content\\\/uploads\\\/2018\\\/10\\\/Joaquin-Callabed.jpg\",\"contentUrl\":\"https:\\\/\\\/raed.academy\\\/wp-content\\\/uploads\\\/2018\\\/10\\\/Joaquin-Callabed.jpg\",\"width\":400,\"height\":288,\"caption\":\"Joaqu\u00edn Callabed\"},{\"@type\":\"BreadcrumbList\",\"@id\":\"https:\\\/\\\/raed.academy\\\/en\\\/the-child-and-its-environment\\\/#breadcrumb\",\"itemListElement\":[{\"@type\":\"ListItem\",\"position\":1,\"name\":\"Inicio\",\"item\":\"https:\\\/\\\/raed.academy\\\/en\\\/\"},{\"@type\":\"ListItem\",\"position\":2,\"name\":\"The child and its environment\"}]},{\"@type\":\"WebSite\",\"@id\":\"https:\\\/\\\/raed.academy\\\/en\\\/#website\",\"url\":\"https:\\\/\\\/raed.academy\\\/en\\\/\",\"name\":\"Royal European Academy of Doctors\",\"description\":\"Corporaci\u00f3n de derecho p\u00fablico de car\u00e1cter cient\u00edfico, t\u00e9cnico y art\u00edstico, que tiene por objeto la investigaci\u00f3n, el estudio, el fomento y la extensi\u00f3n del conocimiento en su sentido m\u00e1s amplio.\",\"publisher\":{\"@id\":\"https:\\\/\\\/raed.academy\\\/en\\\/#organization\"},\"potentialAction\":[{\"@type\":\"SearchAction\",\"target\":{\"@type\":\"EntryPoint\",\"urlTemplate\":\"https:\\\/\\\/raed.academy\\\/en\\\/?s={search_term_string}\"},\"query-input\":{\"@type\":\"PropertyValueSpecification\",\"valueRequired\":true,\"valueName\":\"search_term_string\"}}],\"inLanguage\":\"en-US\"},{\"@type\":\"Organization\",\"@id\":\"https:\\\/\\\/raed.academy\\\/en\\\/#organization\",\"name\":\"Real Academia Europea de Doctores\",\"url\":\"https:\\\/\\\/raed.academy\\\/en\\\/\",\"logo\":{\"@type\":\"ImageObject\",\"inLanguage\":\"en-US\",\"@id\":\"https:\\\/\\\/raed.academy\\\/en\\\/#\\\/schema\\\/logo\\\/image\\\/\",\"url\":\"https:\\\/\\\/raed.academy\\\/wp-content\\\/uploads\\\/2017\\\/01\\\/cropped-logo_raed.png\",\"contentUrl\":\"https:\\\/\\\/raed.academy\\\/wp-content\\\/uploads\\\/2017\\\/01\\\/cropped-logo_raed.png\",\"width\":512,\"height\":512,\"caption\":\"Real Academia Europea de Doctores\"},\"image\":{\"@id\":\"https:\\\/\\\/raed.academy\\\/en\\\/#\\\/schema\\\/logo\\\/image\\\/\"},\"sameAs\":[\"http:\\\/\\\/fb.me\\\/raed.academy\",\"https:\\\/\\\/x.com\\\/raedacademy\",\"https:\\\/\\\/www.instagram.com\\\/raed.academy\\\/\",\"https:\\\/\\\/www.youtube.com\\\/channel\\\/UCUYQwW2KrdirNWihxMDObwg\"]},{\"@type\":\"Person\",\"@id\":\"https:\\\/\\\/raed.academy\\\/en\\\/#\\\/schema\\\/person\\\/5a755da80d1d979fd66ba745c8702927\",\"name\":\"RAED\",\"image\":{\"@type\":\"ImageObject\",\"inLanguage\":\"en-US\",\"@id\":\"https:\\\/\\\/secure.gravatar.com\\\/avatar\\\/19fdfdc0d67fb9c45714b703a2ac82251c4fcea3637f002ac3c9b74c0183583c?s=96&d=mm&r=g\",\"url\":\"https:\\\/\\\/secure.gravatar.com\\\/avatar\\\/19fdfdc0d67fb9c45714b703a2ac82251c4fcea3637f002ac3c9b74c0183583c?s=96&d=mm&r=g\",\"contentUrl\":\"https:\\\/\\\/secure.gravatar.com\\\/avatar\\\/19fdfdc0d67fb9c45714b703a2ac82251c4fcea3637f002ac3c9b74c0183583c?s=96&d=mm&r=g\",\"caption\":\"RAED\"}}]}<\/script>\n<!-- \/ Yoast SEO plugin. -->","yoast_head_json":{"title":"The child and its environment - Royal European Academy of Doctors","description":"The book \"The social environment, child and adolescent. Family, adolescence, adoption and immigration\"","robots":{"index":"index","follow":"follow","max-snippet":"max-snippet:-1","max-image-preview":"max-image-preview:large","max-video-preview":"max-video-preview:-1"},"canonical":"https:\/\/raed.academy\/en\/the-child-and-its-environment\/","og_locale":"en_US","og_type":"article","og_title":"The child and its environment - Royal European Academy of Doctors","og_description":"The book \"The social environment, child and adolescent. Family, adolescence, adoption and immigration\"","og_url":"https:\/\/raed.academy\/en\/the-child-and-its-environment\/","og_site_name":"Royal European Academy of Doctors","article_publisher":"http:\/\/fb.me\/raed.academy","article_published_time":"2019-09-19T19:28:45+00:00","article_modified_time":"2019-10-16T09:46:32+00:00","og_image":[{"width":400,"height":288,"url":"https:\/\/raed.academy\/wp-content\/uploads\/2018\/10\/Joaquin-Callabed.jpg","type":"image\/jpeg"}],"author":"RAED","twitter_card":"summary_large_image","twitter_creator":"@raedacademy","twitter_site":"@raedacademy","twitter_misc":{"Written by":"RAED","Est. reading time":"1 minute"},"schema":{"@context":"https:\/\/schema.org","@graph":[{"@type":"Article","@id":"https:\/\/raed.academy\/en\/the-child-and-its-environment\/#article","isPartOf":{"@id":"https:\/\/raed.academy\/en\/the-child-and-its-environment\/"},"author":{"name":"RAED","@id":"https:\/\/raed.academy\/en\/#\/schema\/person\/5a755da80d1d979fd66ba745c8702927"},"headline":"The child and its environment","datePublished":"2019-09-19T19:28:45+00:00","dateModified":"2019-10-16T09:46:32+00:00","mainEntityOfPage":{"@id":"https:\/\/raed.academy\/en\/the-child-and-its-environment\/"},"wordCount":304,"publisher":{"@id":"https:\/\/raed.academy\/en\/#organization"},"image":{"@id":"https:\/\/raed.academy\/en\/the-child-and-its-environment\/#primaryimage"},"thumbnailUrl":"https:\/\/raed.academy\/wp-content\/uploads\/2018\/10\/Joaquin-Callabed.jpg","articleSection":["Medicine and Surgery"],"inLanguage":"en-US"},{"@type":"WebPage","@id":"https:\/\/raed.academy\/en\/the-child-and-its-environment\/","url":"https:\/\/raed.academy\/en\/the-child-and-its-environment\/","name":"The child and its environment - Royal European Academy of Doctors","isPartOf":{"@id":"https:\/\/raed.academy\/en\/#website"},"primaryImageOfPage":{"@id":"https:\/\/raed.academy\/en\/the-child-and-its-environment\/#primaryimage"},"image":{"@id":"https:\/\/raed.academy\/en\/the-child-and-its-environment\/#primaryimage"},"thumbnailUrl":"https:\/\/raed.academy\/wp-content\/uploads\/2018\/10\/Joaquin-Callabed.jpg","datePublished":"2019-09-19T19:28:45+00:00","dateModified":"2019-10-16T09:46:32+00:00","description":"The book \"The social environment, child and adolescent. Family, adolescence, adoption and immigration\"","breadcrumb":{"@id":"https:\/\/raed.academy\/en\/the-child-and-its-environment\/#breadcrumb"},"inLanguage":"en-US","potentialAction":[{"@type":"ReadAction","target":["https:\/\/raed.academy\/en\/the-child-and-its-environment\/"]}]},{"@type":"ImageObject","inLanguage":"en-US","@id":"https:\/\/raed.academy\/en\/the-child-and-its-environment\/#primaryimage","url":"https:\/\/raed.academy\/wp-content\/uploads\/2018\/10\/Joaquin-Callabed.jpg","contentUrl":"https:\/\/raed.academy\/wp-content\/uploads\/2018\/10\/Joaquin-Callabed.jpg","width":400,"height":288,"caption":"Joaqu\u00edn Callabed"},{"@type":"BreadcrumbList","@id":"https:\/\/raed.academy\/en\/the-child-and-its-environment\/#breadcrumb","itemListElement":[{"@type":"ListItem","position":1,"name":"Inicio","item":"https:\/\/raed.academy\/en\/"},{"@type":"ListItem","position":2,"name":"The child and its environment"}]},{"@type":"WebSite","@id":"https:\/\/raed.academy\/en\/#website","url":"https:\/\/raed.academy\/en\/","name":"Royal European Academy of Doctors","description":"Corporaci\u00f3n de derecho p\u00fablico de car\u00e1cter cient\u00edfico, t\u00e9cnico y art\u00edstico, que tiene por objeto la investigaci\u00f3n, el estudio, el fomento y la extensi\u00f3n del conocimiento en su sentido m\u00e1s amplio.","publisher":{"@id":"https:\/\/raed.academy\/en\/#organization"},"potentialAction":[{"@type":"SearchAction","target":{"@type":"EntryPoint","urlTemplate":"https:\/\/raed.academy\/en\/?s={search_term_string}"},"query-input":{"@type":"PropertyValueSpecification","valueRequired":true,"valueName":"search_term_string"}}],"inLanguage":"en-US"},{"@type":"Organization","@id":"https:\/\/raed.academy\/en\/#organization","name":"Real Academia Europea de Doctores","url":"https:\/\/raed.academy\/en\/","logo":{"@type":"ImageObject","inLanguage":"en-US","@id":"https:\/\/raed.academy\/en\/#\/schema\/logo\/image\/","url":"https:\/\/raed.academy\/wp-content\/uploads\/2017\/01\/cropped-logo_raed.png","contentUrl":"https:\/\/raed.academy\/wp-content\/uploads\/2017\/01\/cropped-logo_raed.png","width":512,"height":512,"caption":"Real Academia Europea de Doctores"},"image":{"@id":"https:\/\/raed.academy\/en\/#\/schema\/logo\/image\/"},"sameAs":["http:\/\/fb.me\/raed.academy","https:\/\/x.com\/raedacademy","https:\/\/www.instagram.com\/raed.academy\/","https:\/\/www.youtube.com\/channel\/UCUYQwW2KrdirNWihxMDObwg"]},{"@type":"Person","@id":"https:\/\/raed.academy\/en\/#\/schema\/person\/5a755da80d1d979fd66ba745c8702927","name":"RAED","image":{"@type":"ImageObject","inLanguage":"en-US","@id":"https:\/\/secure.gravatar.com\/avatar\/19fdfdc0d67fb9c45714b703a2ac82251c4fcea3637f002ac3c9b74c0183583c?s=96&d=mm&r=g","url":"https:\/\/secure.gravatar.com\/avatar\/19fdfdc0d67fb9c45714b703a2ac82251c4fcea3637f002ac3c9b74c0183583c?s=96&d=mm&r=g","contentUrl":"https:\/\/secure.gravatar.com\/avatar\/19fdfdc0d67fb9c45714b703a2ac82251c4fcea3637f002ac3c9b74c0183583c?s=96&d=mm&r=g","caption":"RAED"}}]}},"_links":{"self":[{"href":"https:\/\/raed.academy\/en\/wp-json\/wp\/v2\/posts\/79903","targetHints":{"allow":["GET"]}}],"collection":[{"href":"https:\/\/raed.academy\/en\/wp-json\/wp\/v2\/posts"}],"about":[{"href":"https:\/\/raed.academy\/en\/wp-json\/wp\/v2\/types\/post"}],"author":[{"embeddable":true,"href":"https:\/\/raed.academy\/en\/wp-json\/wp\/v2\/users\/12"}],"replies":[{"embeddable":true,"href":"https:\/\/raed.academy\/en\/wp-json\/wp\/v2\/comments?post=79903"}],"version-history":[{"count":0,"href":"https:\/\/raed.academy\/en\/wp-json\/wp\/v2\/posts\/79903\/revisions"}],"wp:featuredmedia":[{"embeddable":true,"href":"https:\/\/raed.academy\/en\/wp-json\/wp\/v2\/media\/60507"}],"wp:attachment":[{"href":"https:\/\/raed.academy\/en\/wp-json\/wp\/v2\/media?parent=79903"}],"wp:term":[{"taxonomy":"category","embeddable":true,"href":"https:\/\/raed.academy\/en\/wp-json\/wp\/v2\/categories?post=79903"},{"taxonomy":"post_tag","embeddable":true,"href":"https:\/\/raed.academy\/en\/wp-json\/wp\/v2\/tags?post=79903"}],"curies":[{"name":"wp","href":"https:\/\/api.w.org\/{rel}","templated":true}]}}