{"id":78964,"date":"2019-09-06T21:24:00","date_gmt":"2019-09-06T21:24:00","guid":{"rendered":"https:\/\/raed.academy\/?p=78964"},"modified":"2019-09-26T08:29:00","modified_gmt":"2019-09-26T08:29:00","slug":"barquero-chair-at-la-salle","status":"publish","type":"post","link":"https:\/\/raed.academy\/en\/barquero-chair-at-la-salle\/","title":{"rendered":"Barquero, Chair at La Salle"},"content":{"rendered":"<p><img loading=\"lazy\" decoding=\"async\" class=\"alignright size-full wp-image-75828\" src=\"https:\/\/raed.academy\/wp-content\/uploads\/2019\/07\/logo-La-Salle-dstNtc.jpg\" alt=\"\" width=\"350\" height=\"210\" data-attachment-id=\"75828\" data-permalink=\"https:\/\/raed.academy\/medalla-del-centenario-a-la-salle\/logo-la-salle-dstntc\/\" data-orig-file=\"https:\/\/raed.academy\/wp-content\/uploads\/2019\/07\/logo-La-Salle-dstNtc.jpg\" data-orig-size=\"350,210\" data-comments-opened=\"0\" data-image-meta=\"{&quot;aperture&quot;:&quot;0&quot;,&quot;credit&quot;:&quot;&quot;,&quot;camera&quot;:&quot;&quot;,&quot;caption&quot;:&quot;&quot;,&quot;created_timestamp&quot;:&quot;0&quot;,&quot;copyright&quot;:&quot;&quot;,&quot;focal_length&quot;:&quot;0&quot;,&quot;iso&quot;:&quot;0&quot;,&quot;shutter_speed&quot;:&quot;0&quot;,&quot;title&quot;:&quot;&quot;,&quot;orientation&quot;:&quot;0&quot;}\" data-image-title=\"logo-La-Salle-dstNtc\" data-image-description=\"\" data-medium-file=\"https:\/\/raed.academy\/wp-content\/uploads\/2019\/07\/logo-La-Salle-dstNtc.jpg\" data-large-file=\"https:\/\/raed.academy\/wp-content\/uploads\/2019\/07\/logo-La-Salle-dstNtc.jpg\" \/><a href=\"https:\/\/raed.academy\/en\/academicians\/dr-jose-daniel-barquero-cabrero\/\" target=\"_blank\" rel=\"noopener noreferrer\"><strong>Jos\u00e9 Daniel Barquero<\/strong><\/a>, full academician of the <strong>Royal European Academy of Doctors-Barcelona 1914<\/strong> (RAED) and general director of <a href=\"https:\/\/es.eserp.com\" target=\"_blank\" rel=\"noopener noreferrer\"><strong>ESERP Business &amp; Law School<\/strong><\/a>, obtained last July 17 the Chair of Economics and Business at the <a href=\"http:\/\/www.uols.org\" target=\"_blank\" rel=\"noopener noreferrer\"><strong>Open University La Salle<\/strong><\/a> after overcoming the corresponding examination before a distinguished tribunal of professors accredited by the Spanish <a href=\"http:\/\/www.educacionyfp.gob.es\" target=\"_blank\" rel=\"noopener noreferrer\"><strong>Ministry of Education<\/strong><\/a>. Barquero will exercise the Chair from Madrid.<\/p>\n<p>Barquero has dedicated his life to the study, scientific research and teaching and has deserved the commission of the Spanish <strong>Order of Civil Merit<\/strong>, the title of doctor honoris causa by universities in Europe, Asia and Africa and the <strong>European Golden Cross<\/strong> that grants the <a href=\"http:\/\/aefe.es\" target=\"_blank\" rel=\"noopener noreferrer\"><strong>European Development Foundation<\/strong><\/a>. He received the doctorate with outstanding cum laude in the areas of Economic Sciences, Legal Sciences, Social Sciences and Communication Sciences from the <a href=\"http:\/\/www.uic.es\" target=\"_blank\" rel=\"noopener noreferrer\"><strong>International University of Catalonia<\/strong><\/a>, the <a href=\"http:\/\/www.ucjc.edu\" target=\"_blank\" rel=\"noopener noreferrer\"><strong>Camilo Jos\u00e9 Cela University<\/strong><\/a>, the <a href=\"http:\/\/www.uadec.mx\" target=\"_blank\" rel=\"noopener noreferrer\"><strong>Autonomous University of Coahuila<\/strong><\/a> and, interuniversity and jointly , the <a href=\"https:\/\/www.uma.es\" target=\"_blank\" rel=\"noopener noreferrer\"><strong>University of Malaga<\/strong><\/a>, the <a href=\"http:\/\/www.us.es\" target=\"_blank\" rel=\"noopener noreferrer\"><strong>University of Seville<\/strong><\/a>, the <a href=\"http:\/\/www.uhu.es\" target=\"_blank\" rel=\"noopener noreferrer\"><strong>University of Huelva<\/strong><\/a> and the <a href=\"https:\/\/www.uca.es\" target=\"_blank\" rel=\"noopener noreferrer\"><strong>University of Caddis<\/strong><\/a>.<\/p>\n<p>He is honorary president of the <a href=\"http:\/\/www.consedoc.com\" target=\"_blank\" rel=\"noopener noreferrer\"><strong>European Superior Council of Doctors<\/strong><\/a>, academician of the <a href=\"http:\/\/www.racef.es\" target=\"_blank\" rel=\"noopener noreferrer\"><strong>Royal Academy of Economic and Financial Sciences<\/strong><\/a> of Spain, academician of the Royal European Academy of Doctors, academician of the <a href=\"http:\/\/iaidres.org.mx\" target=\"_blank\" rel=\"noopener noreferrer\"><strong>Illustrious Ibero-American Academy of Doctors<\/strong><\/a> and academician of the <a href=\"https:\/\/academiaculturaeuropea.es\" target=\"_blank\" rel=\"noopener noreferrer\"><strong>Academy of European Culture<\/strong><\/a>, institutions all of which numerous Nobel prizes are part. Internationally, he has researched and worked in the United States with professor <strong>Edward L. Bernays Freud<\/strong>, advisor to presidents of the United States and the <strong>White House<\/strong>, and with professor Sir <strong>Sam Black<\/strong>, advisor to the Queen of England and significant British companies, with whom he has published the results of his research in publishers houses such as <strong>Deusto<\/strong>, <strong>McGraw-Hill<\/strong> and <strong>Planeta<\/strong>.<\/p>\n<div id=\"attachment_78390\" style=\"width: 460px\" class=\"wp-caption alignleft\"><img loading=\"lazy\" decoding=\"async\" aria-describedby=\"caption-attachment-78390\" class=\"wp-image-78390 size-full\" src=\"https:\/\/raed.academy\/wp-content\/uploads\/2019\/09\/Jose-Daniel-Barquero.jpg\" sizes=\"(max-width: 450px) 100vw, 450px\" srcset=\"https:\/\/raed.academy\/wp-content\/uploads\/2019\/09\/Jose-Daniel-Barquero.jpg 450w, https:\/\/raed.academy\/wp-content\/uploads\/2019\/09\/Jose-Daniel-Barquero-150x150.jpg 150w, https:\/\/raed.academy\/wp-content\/uploads\/2019\/09\/Jose-Daniel-Barquero-440x440.jpg 440w\" alt=\"Dr. Jos\u00e9 Daniel Barquero\" width=\"450\" height=\"450\" aria-describedby=\"caption-attachment-78390\" data-attachment-id=\"78390\" data-permalink=\"https:\/\/raed.academy\/jose-daniel-barquero-2-2\/\" data-orig-file=\"https:\/\/raed.academy\/wp-content\/uploads\/2019\/09\/Jose-Daniel-Barquero.jpg\" data-orig-size=\"450,450\" data-comments-opened=\"0\" data-image-meta=\"{&quot;aperture&quot;:&quot;0&quot;,&quot;credit&quot;:&quot;&quot;,&quot;camera&quot;:&quot;&quot;,&quot;caption&quot;:&quot;&quot;,&quot;created_timestamp&quot;:&quot;0&quot;,&quot;copyright&quot;:&quot;&quot;,&quot;focal_length&quot;:&quot;0&quot;,&quot;iso&quot;:&quot;0&quot;,&quot;shutter_speed&quot;:&quot;0&quot;,&quot;title&quot;:&quot;&quot;,&quot;orientation&quot;:&quot;0&quot;}\" data-image-title=\"Jose-Daniel-Barquero\" data-image-description=\"\" data-medium-file=\"https:\/\/raed.academy\/wp-content\/uploads\/2019\/09\/Jose-Daniel-Barquero.jpg\" data-large-file=\"https:\/\/raed.academy\/wp-content\/uploads\/2019\/09\/Jose-Daniel-Barquero.jpg\" \/><p id=\"caption-attachment-78390\" class=\"wp-caption-text\">Dr. Jos\u00e9 Daniel Barquero<\/p><\/div>\n<p>His research has been published in more than 40 books. The most recent have been published in seven countries: <strong>&#8220;C\u00f3mo mantener, fidelizar y conseguir nuevos clientes&#8221;<\/strong> (How to maintain, build loyalty and get new customers) (McGraw-Hill),<strong> &#8220;How to Avoid the Clash of Cultures and Civilizations&#8221;<\/strong> (Staffordshire University),<strong> &#8220;Relaciones P\u00fablicas Empresariales&#8221;<\/strong> (Business Public Relations) (Ed. Dielo) , <strong>&#8220;20 competencias profesionales para la pr\u00e1ctica docente&#8221;<\/strong> (20 professional competences for teaching practice) (Editorial Trillas), <strong>&#8220;Economy and Society&#8221;<\/strong> (Editorial ESERP), <strong>&#8220;O libro de Ouro das Rela\u00e7oes P\u00fablicas&#8221;<\/strong> (The golden book of public relations) (Porto Editora), or<strong> &#8220;Manual de Banca y Finanzas&#8221;<\/strong> (Guide of Banking and Finance) (Planeta) . For his work <strong>&#8220;Los Estados Unidos de Europa&#8221;<\/strong> (The United States of Europe) he received the European Golden Cross from the European Development Foundation in recognition of his contributions to the unity of Europe.<\/p>\n<p>&#8220;As a professor in Economics and Business at the Open University La Salle, my goal is to share the knowledge that my research in that area has provided me. In my undergraduate, master and doctorate classes I rely on the motto of the teacher who teaches based on zero to carry out a Business Plan, which contemplates strategic plans of General Management, Public Relations and respect for the public on which we depend; marketing, with its advantages and difficulties, posing real problems. Students themselves identify the learning needs, look for the necessary information for their solution and finally return to the problem, which they debate based on the solutions. A methodology focused on real learning, with university students as the main protagonists. Research and teaching work motivates me constantly&#8221;, said Barquero after obtaining the Chair.<\/p>\n","protected":false},"excerpt":{"rendered":"<p>Jos\u00e9 Daniel Barquero, full academician of the Royal European Academy of Doctors-Barcelona 1914 (RAED) and general director of ESERP Business &amp; Law School, obtained last July 17 the Chair of Economics and Business at the Open University La Salle after overcoming the corresponding examination before a distinguished tribunal of professors accredited by the Spanish Ministry [&hellip;]<\/p>\n","protected":false},"author":12,"featured_media":75830,"comment_status":"closed","ping_status":"closed","sticky":false,"template":"","format":"standard","meta":{"_et_pb_use_builder":"","_et_pb_old_content":"","_et_gb_content_width":"","footnotes":""},"categories":[177,238],"tags":[],"class_list":["post-78964","post","type-post","status-publish","format-standard","has-post-thumbnail","hentry","category-academicians-in-society","category-economic-and-business","et-has-post-format-content","et_post_format-et-post-format-standard"],"yoast_head":"<!-- This site is optimized with the Yoast SEO plugin v27.4 - https:\/\/yoast.com\/product\/yoast-seo-wordpress\/ -->\n<title>Barquero, Chair at La Salle - Royal European Academy of Doctors<\/title>\n<meta name=\"robots\" content=\"index, follow, max-snippet:-1, max-image-preview:large, max-video-preview:-1\" \/>\n<link rel=\"canonical\" href=\"https:\/\/raed.academy\/en\/barquero-chair-at-la-salle\/\" \/>\n<meta property=\"og:locale\" content=\"en_US\" \/>\n<meta property=\"og:type\" content=\"article\" \/>\n<meta property=\"og:title\" content=\"Barquero, Chair at La Salle - Royal European Academy of Doctors\" \/>\n<meta property=\"og:description\" content=\"Jos\u00e9 Daniel Barquero, full academician of the Royal European Academy of Doctors-Barcelona 1914 (RAED) and general director of ESERP Business &amp; Law School, obtained last July 17 the Chair of Economics and Business at the Open University La Salle after overcoming the corresponding examination before a distinguished tribunal of professors accredited by the Spanish Ministry [&hellip;]\" \/>\n<meta property=\"og:url\" content=\"https:\/\/raed.academy\/en\/barquero-chair-at-la-salle\/\" \/>\n<meta property=\"og:site_name\" content=\"Royal European Academy of Doctors\" \/>\n<meta property=\"article:publisher\" content=\"http:\/\/fb.me\/raed.academy\" \/>\n<meta property=\"article:published_time\" content=\"2019-09-06T21:24:00+00:00\" \/>\n<meta property=\"article:modified_time\" content=\"2019-09-26T08:29:00+00:00\" \/>\n<meta property=\"og:image\" content=\"https:\/\/raed.academy\/wp-content\/uploads\/2019\/07\/logo-La-Salle-dstNtc.jpg\" \/>\n\t<meta property=\"og:image:width\" content=\"350\" \/>\n\t<meta property=\"og:image:height\" content=\"210\" \/>\n\t<meta property=\"og:image:type\" content=\"image\/jpeg\" \/>\n<meta name=\"author\" content=\"RAED\" \/>\n<meta name=\"twitter:card\" content=\"summary_large_image\" \/>\n<meta name=\"twitter:creator\" content=\"@raedacademy\" \/>\n<meta name=\"twitter:site\" content=\"@raedacademy\" \/>\n<meta name=\"twitter:label1\" content=\"Written by\" \/>\n\t<meta name=\"twitter:data1\" content=\"RAED\" \/>\n\t<meta name=\"twitter:label2\" content=\"Est. reading time\" \/>\n\t<meta name=\"twitter:data2\" content=\"3 minutes\" \/>\n<script type=\"application\/ld+json\" class=\"yoast-schema-graph\">{\"@context\":\"https:\\\/\\\/schema.org\",\"@graph\":[{\"@type\":\"Article\",\"@id\":\"https:\\\/\\\/raed.academy\\\/en\\\/barquero-chair-at-la-salle\\\/#article\",\"isPartOf\":{\"@id\":\"https:\\\/\\\/raed.academy\\\/en\\\/barquero-chair-at-la-salle\\\/\"},\"author\":{\"name\":\"RAED\",\"@id\":\"https:\\\/\\\/raed.academy\\\/en\\\/#\\\/schema\\\/person\\\/5a755da80d1d979fd66ba745c8702927\"},\"headline\":\"Barquero, Chair at La Salle\",\"datePublished\":\"2019-09-06T21:24:00+00:00\",\"dateModified\":\"2019-09-26T08:29:00+00:00\",\"mainEntityOfPage\":{\"@id\":\"https:\\\/\\\/raed.academy\\\/en\\\/barquero-chair-at-la-salle\\\/\"},\"wordCount\":575,\"publisher\":{\"@id\":\"https:\\\/\\\/raed.academy\\\/en\\\/#organization\"},\"image\":{\"@id\":\"https:\\\/\\\/raed.academy\\\/en\\\/barquero-chair-at-la-salle\\\/#primaryimage\"},\"thumbnailUrl\":\"https:\\\/\\\/raed.academy\\\/wp-content\\\/uploads\\\/2019\\\/07\\\/logo-La-Salle-dstNtc.jpg\",\"articleSection\":[\"Academicians in society\",\"Economic and Business\"],\"inLanguage\":\"en-US\"},{\"@type\":\"WebPage\",\"@id\":\"https:\\\/\\\/raed.academy\\\/en\\\/barquero-chair-at-la-salle\\\/\",\"url\":\"https:\\\/\\\/raed.academy\\\/en\\\/barquero-chair-at-la-salle\\\/\",\"name\":\"Barquero, Chair at La Salle - Royal European Academy of Doctors\",\"isPartOf\":{\"@id\":\"https:\\\/\\\/raed.academy\\\/en\\\/#website\"},\"primaryImageOfPage\":{\"@id\":\"https:\\\/\\\/raed.academy\\\/en\\\/barquero-chair-at-la-salle\\\/#primaryimage\"},\"image\":{\"@id\":\"https:\\\/\\\/raed.academy\\\/en\\\/barquero-chair-at-la-salle\\\/#primaryimage\"},\"thumbnailUrl\":\"https:\\\/\\\/raed.academy\\\/wp-content\\\/uploads\\\/2019\\\/07\\\/logo-La-Salle-dstNtc.jpg\",\"datePublished\":\"2019-09-06T21:24:00+00:00\",\"dateModified\":\"2019-09-26T08:29:00+00:00\",\"breadcrumb\":{\"@id\":\"https:\\\/\\\/raed.academy\\\/en\\\/barquero-chair-at-la-salle\\\/#breadcrumb\"},\"inLanguage\":\"en-US\",\"potentialAction\":[{\"@type\":\"ReadAction\",\"target\":[\"https:\\\/\\\/raed.academy\\\/en\\\/barquero-chair-at-la-salle\\\/\"]}]},{\"@type\":\"ImageObject\",\"inLanguage\":\"en-US\",\"@id\":\"https:\\\/\\\/raed.academy\\\/en\\\/barquero-chair-at-la-salle\\\/#primaryimage\",\"url\":\"https:\\\/\\\/raed.academy\\\/wp-content\\\/uploads\\\/2019\\\/07\\\/logo-La-Salle-dstNtc.jpg\",\"contentUrl\":\"https:\\\/\\\/raed.academy\\\/wp-content\\\/uploads\\\/2019\\\/07\\\/logo-La-Salle-dstNtc.jpg\",\"width\":350,\"height\":210},{\"@type\":\"BreadcrumbList\",\"@id\":\"https:\\\/\\\/raed.academy\\\/en\\\/barquero-chair-at-la-salle\\\/#breadcrumb\",\"itemListElement\":[{\"@type\":\"ListItem\",\"position\":1,\"name\":\"Inicio\",\"item\":\"https:\\\/\\\/raed.academy\\\/en\\\/\"},{\"@type\":\"ListItem\",\"position\":2,\"name\":\"Barquero, Chair at La Salle\"}]},{\"@type\":\"WebSite\",\"@id\":\"https:\\\/\\\/raed.academy\\\/en\\\/#website\",\"url\":\"https:\\\/\\\/raed.academy\\\/en\\\/\",\"name\":\"Royal European Academy of Doctors\",\"description\":\"Corporaci\u00f3n de derecho p\u00fablico de car\u00e1cter cient\u00edfico, t\u00e9cnico y art\u00edstico, que tiene por objeto la investigaci\u00f3n, el estudio, el fomento y la extensi\u00f3n del conocimiento en su sentido m\u00e1s amplio.\",\"publisher\":{\"@id\":\"https:\\\/\\\/raed.academy\\\/en\\\/#organization\"},\"potentialAction\":[{\"@type\":\"SearchAction\",\"target\":{\"@type\":\"EntryPoint\",\"urlTemplate\":\"https:\\\/\\\/raed.academy\\\/en\\\/?s={search_term_string}\"},\"query-input\":{\"@type\":\"PropertyValueSpecification\",\"valueRequired\":true,\"valueName\":\"search_term_string\"}}],\"inLanguage\":\"en-US\"},{\"@type\":\"Organization\",\"@id\":\"https:\\\/\\\/raed.academy\\\/en\\\/#organization\",\"name\":\"Real Academia Europea de Doctores\",\"url\":\"https:\\\/\\\/raed.academy\\\/en\\\/\",\"logo\":{\"@type\":\"ImageObject\",\"inLanguage\":\"en-US\",\"@id\":\"https:\\\/\\\/raed.academy\\\/en\\\/#\\\/schema\\\/logo\\\/image\\\/\",\"url\":\"https:\\\/\\\/raed.academy\\\/wp-content\\\/uploads\\\/2017\\\/01\\\/cropped-logo_raed.png\",\"contentUrl\":\"https:\\\/\\\/raed.academy\\\/wp-content\\\/uploads\\\/2017\\\/01\\\/cropped-logo_raed.png\",\"width\":512,\"height\":512,\"caption\":\"Real Academia Europea de Doctores\"},\"image\":{\"@id\":\"https:\\\/\\\/raed.academy\\\/en\\\/#\\\/schema\\\/logo\\\/image\\\/\"},\"sameAs\":[\"http:\\\/\\\/fb.me\\\/raed.academy\",\"https:\\\/\\\/x.com\\\/raedacademy\",\"https:\\\/\\\/www.instagram.com\\\/raed.academy\\\/\",\"https:\\\/\\\/www.youtube.com\\\/channel\\\/UCUYQwW2KrdirNWihxMDObwg\"]},{\"@type\":\"Person\",\"@id\":\"https:\\\/\\\/raed.academy\\\/en\\\/#\\\/schema\\\/person\\\/5a755da80d1d979fd66ba745c8702927\",\"name\":\"RAED\",\"image\":{\"@type\":\"ImageObject\",\"inLanguage\":\"en-US\",\"@id\":\"https:\\\/\\\/secure.gravatar.com\\\/avatar\\\/19fdfdc0d67fb9c45714b703a2ac82251c4fcea3637f002ac3c9b74c0183583c?s=96&d=mm&r=g\",\"url\":\"https:\\\/\\\/secure.gravatar.com\\\/avatar\\\/19fdfdc0d67fb9c45714b703a2ac82251c4fcea3637f002ac3c9b74c0183583c?s=96&d=mm&r=g\",\"contentUrl\":\"https:\\\/\\\/secure.gravatar.com\\\/avatar\\\/19fdfdc0d67fb9c45714b703a2ac82251c4fcea3637f002ac3c9b74c0183583c?s=96&d=mm&r=g\",\"caption\":\"RAED\"}}]}<\/script>\n<!-- \/ Yoast SEO plugin. -->","yoast_head_json":{"title":"Barquero, Chair at La Salle - Royal European Academy of Doctors","robots":{"index":"index","follow":"follow","max-snippet":"max-snippet:-1","max-image-preview":"max-image-preview:large","max-video-preview":"max-video-preview:-1"},"canonical":"https:\/\/raed.academy\/en\/barquero-chair-at-la-salle\/","og_locale":"en_US","og_type":"article","og_title":"Barquero, Chair at La Salle - Royal European Academy of Doctors","og_description":"Jos\u00e9 Daniel Barquero, full academician of the Royal European Academy of Doctors-Barcelona 1914 (RAED) and general director of ESERP Business &amp; Law School, obtained last July 17 the Chair of Economics and Business at the Open University La Salle after overcoming the corresponding examination before a distinguished tribunal of professors accredited by the Spanish Ministry [&hellip;]","og_url":"https:\/\/raed.academy\/en\/barquero-chair-at-la-salle\/","og_site_name":"Royal European Academy of Doctors","article_publisher":"http:\/\/fb.me\/raed.academy","article_published_time":"2019-09-06T21:24:00+00:00","article_modified_time":"2019-09-26T08:29:00+00:00","og_image":[{"width":350,"height":210,"url":"https:\/\/raed.academy\/wp-content\/uploads\/2019\/07\/logo-La-Salle-dstNtc.jpg","type":"image\/jpeg"}],"author":"RAED","twitter_card":"summary_large_image","twitter_creator":"@raedacademy","twitter_site":"@raedacademy","twitter_misc":{"Written by":"RAED","Est. reading time":"3 minutes"},"schema":{"@context":"https:\/\/schema.org","@graph":[{"@type":"Article","@id":"https:\/\/raed.academy\/en\/barquero-chair-at-la-salle\/#article","isPartOf":{"@id":"https:\/\/raed.academy\/en\/barquero-chair-at-la-salle\/"},"author":{"name":"RAED","@id":"https:\/\/raed.academy\/en\/#\/schema\/person\/5a755da80d1d979fd66ba745c8702927"},"headline":"Barquero, Chair at La Salle","datePublished":"2019-09-06T21:24:00+00:00","dateModified":"2019-09-26T08:29:00+00:00","mainEntityOfPage":{"@id":"https:\/\/raed.academy\/en\/barquero-chair-at-la-salle\/"},"wordCount":575,"publisher":{"@id":"https:\/\/raed.academy\/en\/#organization"},"image":{"@id":"https:\/\/raed.academy\/en\/barquero-chair-at-la-salle\/#primaryimage"},"thumbnailUrl":"https:\/\/raed.academy\/wp-content\/uploads\/2019\/07\/logo-La-Salle-dstNtc.jpg","articleSection":["Academicians in society","Economic and Business"],"inLanguage":"en-US"},{"@type":"WebPage","@id":"https:\/\/raed.academy\/en\/barquero-chair-at-la-salle\/","url":"https:\/\/raed.academy\/en\/barquero-chair-at-la-salle\/","name":"Barquero, Chair at La Salle - Royal European Academy of Doctors","isPartOf":{"@id":"https:\/\/raed.academy\/en\/#website"},"primaryImageOfPage":{"@id":"https:\/\/raed.academy\/en\/barquero-chair-at-la-salle\/#primaryimage"},"image":{"@id":"https:\/\/raed.academy\/en\/barquero-chair-at-la-salle\/#primaryimage"},"thumbnailUrl":"https:\/\/raed.academy\/wp-content\/uploads\/2019\/07\/logo-La-Salle-dstNtc.jpg","datePublished":"2019-09-06T21:24:00+00:00","dateModified":"2019-09-26T08:29:00+00:00","breadcrumb":{"@id":"https:\/\/raed.academy\/en\/barquero-chair-at-la-salle\/#breadcrumb"},"inLanguage":"en-US","potentialAction":[{"@type":"ReadAction","target":["https:\/\/raed.academy\/en\/barquero-chair-at-la-salle\/"]}]},{"@type":"ImageObject","inLanguage":"en-US","@id":"https:\/\/raed.academy\/en\/barquero-chair-at-la-salle\/#primaryimage","url":"https:\/\/raed.academy\/wp-content\/uploads\/2019\/07\/logo-La-Salle-dstNtc.jpg","contentUrl":"https:\/\/raed.academy\/wp-content\/uploads\/2019\/07\/logo-La-Salle-dstNtc.jpg","width":350,"height":210},{"@type":"BreadcrumbList","@id":"https:\/\/raed.academy\/en\/barquero-chair-at-la-salle\/#breadcrumb","itemListElement":[{"@type":"ListItem","position":1,"name":"Inicio","item":"https:\/\/raed.academy\/en\/"},{"@type":"ListItem","position":2,"name":"Barquero, Chair at La Salle"}]},{"@type":"WebSite","@id":"https:\/\/raed.academy\/en\/#website","url":"https:\/\/raed.academy\/en\/","name":"Royal European Academy of Doctors","description":"Corporaci\u00f3n de derecho p\u00fablico de car\u00e1cter cient\u00edfico, t\u00e9cnico y art\u00edstico, que tiene por objeto la investigaci\u00f3n, el estudio, el fomento y la extensi\u00f3n del conocimiento en su sentido m\u00e1s amplio.","publisher":{"@id":"https:\/\/raed.academy\/en\/#organization"},"potentialAction":[{"@type":"SearchAction","target":{"@type":"EntryPoint","urlTemplate":"https:\/\/raed.academy\/en\/?s={search_term_string}"},"query-input":{"@type":"PropertyValueSpecification","valueRequired":true,"valueName":"search_term_string"}}],"inLanguage":"en-US"},{"@type":"Organization","@id":"https:\/\/raed.academy\/en\/#organization","name":"Real Academia Europea de Doctores","url":"https:\/\/raed.academy\/en\/","logo":{"@type":"ImageObject","inLanguage":"en-US","@id":"https:\/\/raed.academy\/en\/#\/schema\/logo\/image\/","url":"https:\/\/raed.academy\/wp-content\/uploads\/2017\/01\/cropped-logo_raed.png","contentUrl":"https:\/\/raed.academy\/wp-content\/uploads\/2017\/01\/cropped-logo_raed.png","width":512,"height":512,"caption":"Real Academia Europea de Doctores"},"image":{"@id":"https:\/\/raed.academy\/en\/#\/schema\/logo\/image\/"},"sameAs":["http:\/\/fb.me\/raed.academy","https:\/\/x.com\/raedacademy","https:\/\/www.instagram.com\/raed.academy\/","https:\/\/www.youtube.com\/channel\/UCUYQwW2KrdirNWihxMDObwg"]},{"@type":"Person","@id":"https:\/\/raed.academy\/en\/#\/schema\/person\/5a755da80d1d979fd66ba745c8702927","name":"RAED","image":{"@type":"ImageObject","inLanguage":"en-US","@id":"https:\/\/secure.gravatar.com\/avatar\/19fdfdc0d67fb9c45714b703a2ac82251c4fcea3637f002ac3c9b74c0183583c?s=96&d=mm&r=g","url":"https:\/\/secure.gravatar.com\/avatar\/19fdfdc0d67fb9c45714b703a2ac82251c4fcea3637f002ac3c9b74c0183583c?s=96&d=mm&r=g","contentUrl":"https:\/\/secure.gravatar.com\/avatar\/19fdfdc0d67fb9c45714b703a2ac82251c4fcea3637f002ac3c9b74c0183583c?s=96&d=mm&r=g","caption":"RAED"}}]}},"_links":{"self":[{"href":"https:\/\/raed.academy\/en\/wp-json\/wp\/v2\/posts\/78964","targetHints":{"allow":["GET"]}}],"collection":[{"href":"https:\/\/raed.academy\/en\/wp-json\/wp\/v2\/posts"}],"about":[{"href":"https:\/\/raed.academy\/en\/wp-json\/wp\/v2\/types\/post"}],"author":[{"embeddable":true,"href":"https:\/\/raed.academy\/en\/wp-json\/wp\/v2\/users\/12"}],"replies":[{"embeddable":true,"href":"https:\/\/raed.academy\/en\/wp-json\/wp\/v2\/comments?post=78964"}],"version-history":[{"count":0,"href":"https:\/\/raed.academy\/en\/wp-json\/wp\/v2\/posts\/78964\/revisions"}],"wp:featuredmedia":[{"embeddable":true,"href":"https:\/\/raed.academy\/en\/wp-json\/wp\/v2\/media\/75830"}],"wp:attachment":[{"href":"https:\/\/raed.academy\/en\/wp-json\/wp\/v2\/media?parent=78964"}],"wp:term":[{"taxonomy":"category","embeddable":true,"href":"https:\/\/raed.academy\/en\/wp-json\/wp\/v2\/categories?post=78964"},{"taxonomy":"post_tag","embeddable":true,"href":"https:\/\/raed.academy\/en\/wp-json\/wp\/v2\/tags?post=78964"}],"curies":[{"name":"wp","href":"https:\/\/api.w.org\/{rel}","templated":true}]}}