{"id":76739,"date":"2019-07-23T17:47:11","date_gmt":"2019-07-23T17:47:11","guid":{"rendered":"https:\/\/raed.academy\/?p=76739"},"modified":"2019-08-07T16:21:59","modified_gmt":"2019-08-07T16:21:59","slug":"undertake-in-retirement-pedro-nueno","status":"publish","type":"post","link":"https:\/\/raed.academy\/en\/undertake-in-retirement-pedro-nueno\/","title":{"rendered":"Pensioners with a future"},"content":{"rendered":"<h2>Pedro Nueno, elected academician of the RAED, presents the work &#8220;Jubilado. \u00bfY ahora qu\u00e9? Emprender en la jubilaci\u00f3n&#8221; (Retired. And now what? Undertake in retirement)<\/h2>\n<p><strong><img loading=\"lazy\" decoding=\"async\" class=\"alignleft wp-image-76275 size-full jetpack-lazy-image jetpack-lazy-image--handled\" src=\"https:\/\/raed.academy\/wp-content\/uploads\/2019\/07\/libro-Pedro-Nueno-Jubilado-\u00bfY-ahora-que.jpg\" alt=\"&quot;Jubilado \u00bfY ahora qu\u00e9? Emprender en la jubilaci\u00f3n&quot; libro de Pedro Nueno\" width=\"340\" height=\"547\" data-attachment-id=\"76275\" data-permalink=\"https:\/\/raed.academy\/libro-pedro-nueno-jubilado-y-ahora-que-2\/\" data-orig-file=\"https:\/\/raed.academy\/wp-content\/uploads\/2019\/07\/libro-Pedro-Nueno-Jubilado-\u00bfY-ahora-que.jpg\" data-orig-size=\"340,547\" data-comments-opened=\"0\" data-image-meta=\"{&quot;aperture&quot;:&quot;0&quot;,&quot;credit&quot;:&quot;&quot;,&quot;camera&quot;:&quot;&quot;,&quot;caption&quot;:&quot;&quot;,&quot;created_timestamp&quot;:&quot;0&quot;,&quot;copyright&quot;:&quot;&quot;,&quot;focal_length&quot;:&quot;0&quot;,&quot;iso&quot;:&quot;0&quot;,&quot;shutter_speed&quot;:&quot;0&quot;,&quot;title&quot;:&quot;&quot;,&quot;orientation&quot;:&quot;0&quot;}\" data-image-title=\"libro-Pedro-Nueno-Jubilado-\u00bfY-ahora-que?\" data-image-description=\"\" data-medium-file=\"https:\/\/raed.academy\/wp-content\/uploads\/2019\/07\/libro-Pedro-Nueno-Jubilado-\u00bfY-ahora-que.jpg\" data-large-file=\"https:\/\/raed.academy\/wp-content\/uploads\/2019\/07\/libro-Pedro-Nueno-Jubilado-\u00bfY-ahora-que.jpg\" data-lazy-loaded=\"1\" \/>Pedro Nueno<\/strong>, head of the <strong>Bertr\u00e1n Foundation Chair of Business Initiative<\/strong> of the <a href=\"http:\/\/www.iese.edu\" target=\"_blank\" rel=\"noopener noreferrer\"><strong>IESE<\/strong><\/a> Business School, president of the <a href=\"http:\/\/www.ceibs.edu\" target=\"_blank\" rel=\"noopener noreferrer\"><strong>China-Europe International Business School<\/strong><\/a> and elected academician of the <strong>Royal European Academy of Doctors-Barcelona 1914<\/strong> (RAED), has published the book <strong>&#8220;Jubilado. \u00bfY ahora qu\u00e9? Emprender en la jubilaci\u00f3n&#8221;<\/strong> (Retired. And now what? Undertake in retirement), where he explains the productive possibilities of retirement given the increase in hope and quality of life. &#8220;Retirement is a golden age to face new challenges in which to continue applying the baggage of knowledge and experience accumulated throughout a lifetime of intense professional dedication. Thus, a stimulating horizon opens up before us as we can exercise as business angels or support the emergence of a start-up&#8221;, explains the author.<\/p>\n<p>The work provides the keys and advice to establish a perfect business plan for after retirement. Far from converting the closure of a long career into a point and end, he guides the retiree to properly and realistically assess all the possibilities and options that are opened in the field of investment and entrepreneurship, thus making this stage an opportunity to pursue new achievements. Also, the book addresses the problem of maintaining the medium-term pension system in many countries such as Spain, where the active population and life expectancy walk in the opposite direction.<\/p>\n<div id=\"attachment_76278\" style=\"width: 480px\" class=\"wp-caption alignright\"><img loading=\"lazy\" decoding=\"async\" aria-describedby=\"caption-attachment-76278\" class=\"jetpack-lazy-image jetpack-lazy-image--handled wp-image-76278 size-full\" src=\"https:\/\/raed.academy\/wp-content\/uploads\/2019\/07\/Pedro-Nueno.jpg\" alt=\"Dr. Pedro Nueno\" width=\"470\" height=\"313\" aria-describedby=\"caption-attachment-76278\" data-attachment-id=\"76278\" data-permalink=\"https:\/\/raed.academy\/pedro-nueno-3\/\" data-orig-file=\"https:\/\/raed.academy\/wp-content\/uploads\/2019\/07\/Pedro-Nueno.jpg\" data-orig-size=\"470,313\" data-comments-opened=\"0\" data-image-meta=\"{&quot;aperture&quot;:&quot;0&quot;,&quot;credit&quot;:&quot;&quot;,&quot;camera&quot;:&quot;&quot;,&quot;caption&quot;:&quot;&quot;,&quot;created_timestamp&quot;:&quot;0&quot;,&quot;copyright&quot;:&quot;&quot;,&quot;focal_length&quot;:&quot;0&quot;,&quot;iso&quot;:&quot;0&quot;,&quot;shutter_speed&quot;:&quot;0&quot;,&quot;title&quot;:&quot;&quot;,&quot;orientation&quot;:&quot;0&quot;}\" data-image-title=\"Pedro-Nueno\" data-image-description=\"\" data-medium-file=\"https:\/\/raed.academy\/wp-content\/uploads\/2019\/07\/Pedro-Nueno.jpg\" data-large-file=\"https:\/\/raed.academy\/wp-content\/uploads\/2019\/07\/Pedro-Nueno.jpg\" data-lazy-loaded=\"1\" \/><p id=\"caption-attachment-76278\" class=\"wp-caption-text\">Dr. Pedro Nueno<\/p><\/div>\n<p>Nueno articulates the concept of entrepreneurial pension plan. A system parallel to the uncertain evolution of the Spanish public pension system based on private investment. &#8220;One way to cover that uncertain future is to have stakes in companies that increase their value as time passes. The difficulty of the issue can be lessened with some teamwork by several investors, well-prepared business angels, who share the investment and complement their ideas, experiences and contacts, both to enrich the image of the project and to open doors for entrepreneurs&#8221;, says Nueno.<\/p>\n<p>For the author, founder and president of <strong>Finaves<\/strong>, a venture capital company associated with the entrepreneurial activity who has promoted more than 40 companies with more than 3,000 direct jobs, this entrepreneurial pension plan must be outlined before retirement to define areas, travel companions, work models and all kinds of advisors. &#8220;I recommend diversifying investment issues although I&#8217;m aware that many experts recommend just the opposite: focus on one issue -he says-. Without a doubt, it&#8217;s more difficult to invest, advise and supervise a set of diversified investments, but a certain sector can be radically affected by a technological change and think that we are trying to set up a long-term project&#8221;.<\/p>\n","protected":false},"excerpt":{"rendered":"<p>Pedro Nueno, elected academician of the RAED, presents the work &#8220;Jubilado. \u00bfY ahora qu\u00e9? Emprender en la jubilaci\u00f3n&#8221; (Retired. And now what? Undertake in retirement) Pedro Nueno, head of the Bertr\u00e1n Foundation Chair of Business Initiative of the IESE Business School, president of the China-Europe International Business School and elected academician of the Royal European [&hellip;]<\/p>\n","protected":false},"author":12,"featured_media":76267,"comment_status":"closed","ping_status":"closed","sticky":false,"template":"","format":"standard","meta":{"_et_pb_use_builder":"","_et_pb_old_content":"","_et_gb_content_width":"","footnotes":""},"categories":[238],"tags":[],"class_list":["post-76739","post","type-post","status-publish","format-standard","has-post-thumbnail","hentry","category-economic-and-business","et-has-post-format-content","et_post_format-et-post-format-standard"],"yoast_head":"<!-- This site is optimized with the Yoast SEO plugin v27.4 - https:\/\/yoast.com\/product\/yoast-seo-wordpress\/ -->\n<title>Pensioners with a future - Royal European Academy of Doctors<\/title>\n<meta name=\"description\" content=\"Pedro Nueno presents the work &quot;Jubilado. \u00bfY ahora qu\u00e9? Emprender en la jubilaci\u00f3n&quot; (Retired. And now what? Undertake in retirement)\" \/>\n<meta name=\"robots\" content=\"index, follow, max-snippet:-1, max-image-preview:large, max-video-preview:-1\" \/>\n<link rel=\"canonical\" href=\"https:\/\/raed.academy\/en\/undertake-in-retirement-pedro-nueno\/\" \/>\n<meta property=\"og:locale\" content=\"en_US\" \/>\n<meta property=\"og:type\" content=\"article\" \/>\n<meta property=\"og:title\" content=\"Pensioners with a future - Royal European Academy of Doctors\" \/>\n<meta property=\"og:description\" content=\"Pedro Nueno presents the work &quot;Jubilado. \u00bfY ahora qu\u00e9? Emprender en la jubilaci\u00f3n&quot; (Retired. And now what? Undertake in retirement)\" \/>\n<meta property=\"og:url\" content=\"https:\/\/raed.academy\/en\/undertake-in-retirement-pedro-nueno\/\" \/>\n<meta property=\"og:site_name\" content=\"Royal European Academy of Doctors\" \/>\n<meta property=\"article:publisher\" content=\"http:\/\/fb.me\/raed.academy\" \/>\n<meta property=\"article:published_time\" content=\"2019-07-23T17:47:11+00:00\" \/>\n<meta property=\"article:modified_time\" content=\"2019-08-07T16:21:59+00:00\" \/>\n<meta property=\"og:image\" content=\"https:\/\/raed.academy\/wp-content\/uploads\/2019\/07\/2.libro-Pedro-Nueno-emprender-jubilacion-shutt-dstNtc.jpg\" \/>\n\t<meta property=\"og:image:width\" content=\"950\" \/>\n\t<meta property=\"og:image:height\" content=\"444\" \/>\n\t<meta property=\"og:image:type\" content=\"image\/jpeg\" \/>\n<meta name=\"author\" content=\"RAED\" \/>\n<meta name=\"twitter:card\" content=\"summary_large_image\" \/>\n<meta name=\"twitter:creator\" content=\"@raedacademy\" \/>\n<meta name=\"twitter:site\" content=\"@raedacademy\" \/>\n<meta name=\"twitter:label1\" content=\"Written by\" \/>\n\t<meta name=\"twitter:data1\" content=\"RAED\" \/>\n\t<meta name=\"twitter:label2\" content=\"Est. reading time\" \/>\n\t<meta name=\"twitter:data2\" content=\"2 minutes\" \/>\n<script type=\"application\/ld+json\" class=\"yoast-schema-graph\">{\"@context\":\"https:\\\/\\\/schema.org\",\"@graph\":[{\"@type\":\"Article\",\"@id\":\"https:\\\/\\\/raed.academy\\\/en\\\/undertake-in-retirement-pedro-nueno\\\/#article\",\"isPartOf\":{\"@id\":\"https:\\\/\\\/raed.academy\\\/en\\\/undertake-in-retirement-pedro-nueno\\\/\"},\"author\":{\"name\":\"RAED\",\"@id\":\"https:\\\/\\\/raed.academy\\\/en\\\/#\\\/schema\\\/person\\\/5a755da80d1d979fd66ba745c8702927\"},\"headline\":\"Pensioners with a future\",\"datePublished\":\"2019-07-23T17:47:11+00:00\",\"dateModified\":\"2019-08-07T16:21:59+00:00\",\"mainEntityOfPage\":{\"@id\":\"https:\\\/\\\/raed.academy\\\/en\\\/undertake-in-retirement-pedro-nueno\\\/\"},\"wordCount\":460,\"publisher\":{\"@id\":\"https:\\\/\\\/raed.academy\\\/en\\\/#organization\"},\"image\":{\"@id\":\"https:\\\/\\\/raed.academy\\\/en\\\/undertake-in-retirement-pedro-nueno\\\/#primaryimage\"},\"thumbnailUrl\":\"https:\\\/\\\/raed.academy\\\/wp-content\\\/uploads\\\/2019\\\/07\\\/2.libro-Pedro-Nueno-emprender-jubilacion-shutt-dstNtc.jpg\",\"articleSection\":[\"Economic and Business\"],\"inLanguage\":\"en-US\"},{\"@type\":\"WebPage\",\"@id\":\"https:\\\/\\\/raed.academy\\\/en\\\/undertake-in-retirement-pedro-nueno\\\/\",\"url\":\"https:\\\/\\\/raed.academy\\\/en\\\/undertake-in-retirement-pedro-nueno\\\/\",\"name\":\"Pensioners with a future - Royal European Academy of Doctors\",\"isPartOf\":{\"@id\":\"https:\\\/\\\/raed.academy\\\/en\\\/#website\"},\"primaryImageOfPage\":{\"@id\":\"https:\\\/\\\/raed.academy\\\/en\\\/undertake-in-retirement-pedro-nueno\\\/#primaryimage\"},\"image\":{\"@id\":\"https:\\\/\\\/raed.academy\\\/en\\\/undertake-in-retirement-pedro-nueno\\\/#primaryimage\"},\"thumbnailUrl\":\"https:\\\/\\\/raed.academy\\\/wp-content\\\/uploads\\\/2019\\\/07\\\/2.libro-Pedro-Nueno-emprender-jubilacion-shutt-dstNtc.jpg\",\"datePublished\":\"2019-07-23T17:47:11+00:00\",\"dateModified\":\"2019-08-07T16:21:59+00:00\",\"description\":\"Pedro Nueno presents the work \\\"Jubilado. \u00bfY ahora qu\u00e9? Emprender en la jubilaci\u00f3n\\\" (Retired. And now what? Undertake in retirement)\",\"breadcrumb\":{\"@id\":\"https:\\\/\\\/raed.academy\\\/en\\\/undertake-in-retirement-pedro-nueno\\\/#breadcrumb\"},\"inLanguage\":\"en-US\",\"potentialAction\":[{\"@type\":\"ReadAction\",\"target\":[\"https:\\\/\\\/raed.academy\\\/en\\\/undertake-in-retirement-pedro-nueno\\\/\"]}]},{\"@type\":\"ImageObject\",\"inLanguage\":\"en-US\",\"@id\":\"https:\\\/\\\/raed.academy\\\/en\\\/undertake-in-retirement-pedro-nueno\\\/#primaryimage\",\"url\":\"https:\\\/\\\/raed.academy\\\/wp-content\\\/uploads\\\/2019\\\/07\\\/2.libro-Pedro-Nueno-emprender-jubilacion-shutt-dstNtc.jpg\",\"contentUrl\":\"https:\\\/\\\/raed.academy\\\/wp-content\\\/uploads\\\/2019\\\/07\\\/2.libro-Pedro-Nueno-emprender-jubilacion-shutt-dstNtc.jpg\",\"width\":950,\"height\":444},{\"@type\":\"BreadcrumbList\",\"@id\":\"https:\\\/\\\/raed.academy\\\/en\\\/undertake-in-retirement-pedro-nueno\\\/#breadcrumb\",\"itemListElement\":[{\"@type\":\"ListItem\",\"position\":1,\"name\":\"Inicio\",\"item\":\"https:\\\/\\\/raed.academy\\\/en\\\/\"},{\"@type\":\"ListItem\",\"position\":2,\"name\":\"Pensioners with a future\"}]},{\"@type\":\"WebSite\",\"@id\":\"https:\\\/\\\/raed.academy\\\/en\\\/#website\",\"url\":\"https:\\\/\\\/raed.academy\\\/en\\\/\",\"name\":\"Royal European Academy of Doctors\",\"description\":\"Corporaci\u00f3n de derecho p\u00fablico de car\u00e1cter cient\u00edfico, t\u00e9cnico y art\u00edstico, que tiene por objeto la investigaci\u00f3n, el estudio, el fomento y la extensi\u00f3n del conocimiento en su sentido m\u00e1s amplio.\",\"publisher\":{\"@id\":\"https:\\\/\\\/raed.academy\\\/en\\\/#organization\"},\"potentialAction\":[{\"@type\":\"SearchAction\",\"target\":{\"@type\":\"EntryPoint\",\"urlTemplate\":\"https:\\\/\\\/raed.academy\\\/en\\\/?s={search_term_string}\"},\"query-input\":{\"@type\":\"PropertyValueSpecification\",\"valueRequired\":true,\"valueName\":\"search_term_string\"}}],\"inLanguage\":\"en-US\"},{\"@type\":\"Organization\",\"@id\":\"https:\\\/\\\/raed.academy\\\/en\\\/#organization\",\"name\":\"Real Academia Europea de Doctores\",\"url\":\"https:\\\/\\\/raed.academy\\\/en\\\/\",\"logo\":{\"@type\":\"ImageObject\",\"inLanguage\":\"en-US\",\"@id\":\"https:\\\/\\\/raed.academy\\\/en\\\/#\\\/schema\\\/logo\\\/image\\\/\",\"url\":\"https:\\\/\\\/raed.academy\\\/wp-content\\\/uploads\\\/2017\\\/01\\\/cropped-logo_raed.png\",\"contentUrl\":\"https:\\\/\\\/raed.academy\\\/wp-content\\\/uploads\\\/2017\\\/01\\\/cropped-logo_raed.png\",\"width\":512,\"height\":512,\"caption\":\"Real Academia Europea de Doctores\"},\"image\":{\"@id\":\"https:\\\/\\\/raed.academy\\\/en\\\/#\\\/schema\\\/logo\\\/image\\\/\"},\"sameAs\":[\"http:\\\/\\\/fb.me\\\/raed.academy\",\"https:\\\/\\\/x.com\\\/raedacademy\",\"https:\\\/\\\/www.instagram.com\\\/raed.academy\\\/\",\"https:\\\/\\\/www.youtube.com\\\/channel\\\/UCUYQwW2KrdirNWihxMDObwg\"]},{\"@type\":\"Person\",\"@id\":\"https:\\\/\\\/raed.academy\\\/en\\\/#\\\/schema\\\/person\\\/5a755da80d1d979fd66ba745c8702927\",\"name\":\"RAED\",\"image\":{\"@type\":\"ImageObject\",\"inLanguage\":\"en-US\",\"@id\":\"https:\\\/\\\/secure.gravatar.com\\\/avatar\\\/19fdfdc0d67fb9c45714b703a2ac82251c4fcea3637f002ac3c9b74c0183583c?s=96&d=mm&r=g\",\"url\":\"https:\\\/\\\/secure.gravatar.com\\\/avatar\\\/19fdfdc0d67fb9c45714b703a2ac82251c4fcea3637f002ac3c9b74c0183583c?s=96&d=mm&r=g\",\"contentUrl\":\"https:\\\/\\\/secure.gravatar.com\\\/avatar\\\/19fdfdc0d67fb9c45714b703a2ac82251c4fcea3637f002ac3c9b74c0183583c?s=96&d=mm&r=g\",\"caption\":\"RAED\"}}]}<\/script>\n<!-- \/ Yoast SEO plugin. -->","yoast_head_json":{"title":"Pensioners with a future - Royal European Academy of Doctors","description":"Pedro Nueno presents the work \"Jubilado. \u00bfY ahora qu\u00e9? Emprender en la jubilaci\u00f3n\" (Retired. And now what? Undertake in retirement)","robots":{"index":"index","follow":"follow","max-snippet":"max-snippet:-1","max-image-preview":"max-image-preview:large","max-video-preview":"max-video-preview:-1"},"canonical":"https:\/\/raed.academy\/en\/undertake-in-retirement-pedro-nueno\/","og_locale":"en_US","og_type":"article","og_title":"Pensioners with a future - Royal European Academy of Doctors","og_description":"Pedro Nueno presents the work \"Jubilado. \u00bfY ahora qu\u00e9? Emprender en la jubilaci\u00f3n\" (Retired. And now what? Undertake in retirement)","og_url":"https:\/\/raed.academy\/en\/undertake-in-retirement-pedro-nueno\/","og_site_name":"Royal European Academy of Doctors","article_publisher":"http:\/\/fb.me\/raed.academy","article_published_time":"2019-07-23T17:47:11+00:00","article_modified_time":"2019-08-07T16:21:59+00:00","og_image":[{"width":950,"height":444,"url":"https:\/\/raed.academy\/wp-content\/uploads\/2019\/07\/2.libro-Pedro-Nueno-emprender-jubilacion-shutt-dstNtc.jpg","type":"image\/jpeg"}],"author":"RAED","twitter_card":"summary_large_image","twitter_creator":"@raedacademy","twitter_site":"@raedacademy","twitter_misc":{"Written by":"RAED","Est. reading time":"2 minutes"},"schema":{"@context":"https:\/\/schema.org","@graph":[{"@type":"Article","@id":"https:\/\/raed.academy\/en\/undertake-in-retirement-pedro-nueno\/#article","isPartOf":{"@id":"https:\/\/raed.academy\/en\/undertake-in-retirement-pedro-nueno\/"},"author":{"name":"RAED","@id":"https:\/\/raed.academy\/en\/#\/schema\/person\/5a755da80d1d979fd66ba745c8702927"},"headline":"Pensioners with a future","datePublished":"2019-07-23T17:47:11+00:00","dateModified":"2019-08-07T16:21:59+00:00","mainEntityOfPage":{"@id":"https:\/\/raed.academy\/en\/undertake-in-retirement-pedro-nueno\/"},"wordCount":460,"publisher":{"@id":"https:\/\/raed.academy\/en\/#organization"},"image":{"@id":"https:\/\/raed.academy\/en\/undertake-in-retirement-pedro-nueno\/#primaryimage"},"thumbnailUrl":"https:\/\/raed.academy\/wp-content\/uploads\/2019\/07\/2.libro-Pedro-Nueno-emprender-jubilacion-shutt-dstNtc.jpg","articleSection":["Economic and Business"],"inLanguage":"en-US"},{"@type":"WebPage","@id":"https:\/\/raed.academy\/en\/undertake-in-retirement-pedro-nueno\/","url":"https:\/\/raed.academy\/en\/undertake-in-retirement-pedro-nueno\/","name":"Pensioners with a future - Royal European Academy of Doctors","isPartOf":{"@id":"https:\/\/raed.academy\/en\/#website"},"primaryImageOfPage":{"@id":"https:\/\/raed.academy\/en\/undertake-in-retirement-pedro-nueno\/#primaryimage"},"image":{"@id":"https:\/\/raed.academy\/en\/undertake-in-retirement-pedro-nueno\/#primaryimage"},"thumbnailUrl":"https:\/\/raed.academy\/wp-content\/uploads\/2019\/07\/2.libro-Pedro-Nueno-emprender-jubilacion-shutt-dstNtc.jpg","datePublished":"2019-07-23T17:47:11+00:00","dateModified":"2019-08-07T16:21:59+00:00","description":"Pedro Nueno presents the work \"Jubilado. \u00bfY ahora qu\u00e9? Emprender en la jubilaci\u00f3n\" (Retired. And now what? Undertake in retirement)","breadcrumb":{"@id":"https:\/\/raed.academy\/en\/undertake-in-retirement-pedro-nueno\/#breadcrumb"},"inLanguage":"en-US","potentialAction":[{"@type":"ReadAction","target":["https:\/\/raed.academy\/en\/undertake-in-retirement-pedro-nueno\/"]}]},{"@type":"ImageObject","inLanguage":"en-US","@id":"https:\/\/raed.academy\/en\/undertake-in-retirement-pedro-nueno\/#primaryimage","url":"https:\/\/raed.academy\/wp-content\/uploads\/2019\/07\/2.libro-Pedro-Nueno-emprender-jubilacion-shutt-dstNtc.jpg","contentUrl":"https:\/\/raed.academy\/wp-content\/uploads\/2019\/07\/2.libro-Pedro-Nueno-emprender-jubilacion-shutt-dstNtc.jpg","width":950,"height":444},{"@type":"BreadcrumbList","@id":"https:\/\/raed.academy\/en\/undertake-in-retirement-pedro-nueno\/#breadcrumb","itemListElement":[{"@type":"ListItem","position":1,"name":"Inicio","item":"https:\/\/raed.academy\/en\/"},{"@type":"ListItem","position":2,"name":"Pensioners with a future"}]},{"@type":"WebSite","@id":"https:\/\/raed.academy\/en\/#website","url":"https:\/\/raed.academy\/en\/","name":"Royal European Academy of Doctors","description":"Corporaci\u00f3n de derecho p\u00fablico de car\u00e1cter cient\u00edfico, t\u00e9cnico y art\u00edstico, que tiene por objeto la investigaci\u00f3n, el estudio, el fomento y la extensi\u00f3n del conocimiento en su sentido m\u00e1s amplio.","publisher":{"@id":"https:\/\/raed.academy\/en\/#organization"},"potentialAction":[{"@type":"SearchAction","target":{"@type":"EntryPoint","urlTemplate":"https:\/\/raed.academy\/en\/?s={search_term_string}"},"query-input":{"@type":"PropertyValueSpecification","valueRequired":true,"valueName":"search_term_string"}}],"inLanguage":"en-US"},{"@type":"Organization","@id":"https:\/\/raed.academy\/en\/#organization","name":"Real Academia Europea de Doctores","url":"https:\/\/raed.academy\/en\/","logo":{"@type":"ImageObject","inLanguage":"en-US","@id":"https:\/\/raed.academy\/en\/#\/schema\/logo\/image\/","url":"https:\/\/raed.academy\/wp-content\/uploads\/2017\/01\/cropped-logo_raed.png","contentUrl":"https:\/\/raed.academy\/wp-content\/uploads\/2017\/01\/cropped-logo_raed.png","width":512,"height":512,"caption":"Real Academia Europea de Doctores"},"image":{"@id":"https:\/\/raed.academy\/en\/#\/schema\/logo\/image\/"},"sameAs":["http:\/\/fb.me\/raed.academy","https:\/\/x.com\/raedacademy","https:\/\/www.instagram.com\/raed.academy\/","https:\/\/www.youtube.com\/channel\/UCUYQwW2KrdirNWihxMDObwg"]},{"@type":"Person","@id":"https:\/\/raed.academy\/en\/#\/schema\/person\/5a755da80d1d979fd66ba745c8702927","name":"RAED","image":{"@type":"ImageObject","inLanguage":"en-US","@id":"https:\/\/secure.gravatar.com\/avatar\/19fdfdc0d67fb9c45714b703a2ac82251c4fcea3637f002ac3c9b74c0183583c?s=96&d=mm&r=g","url":"https:\/\/secure.gravatar.com\/avatar\/19fdfdc0d67fb9c45714b703a2ac82251c4fcea3637f002ac3c9b74c0183583c?s=96&d=mm&r=g","contentUrl":"https:\/\/secure.gravatar.com\/avatar\/19fdfdc0d67fb9c45714b703a2ac82251c4fcea3637f002ac3c9b74c0183583c?s=96&d=mm&r=g","caption":"RAED"}}]}},"_links":{"self":[{"href":"https:\/\/raed.academy\/en\/wp-json\/wp\/v2\/posts\/76739","targetHints":{"allow":["GET"]}}],"collection":[{"href":"https:\/\/raed.academy\/en\/wp-json\/wp\/v2\/posts"}],"about":[{"href":"https:\/\/raed.academy\/en\/wp-json\/wp\/v2\/types\/post"}],"author":[{"embeddable":true,"href":"https:\/\/raed.academy\/en\/wp-json\/wp\/v2\/users\/12"}],"replies":[{"embeddable":true,"href":"https:\/\/raed.academy\/en\/wp-json\/wp\/v2\/comments?post=76739"}],"version-history":[{"count":0,"href":"https:\/\/raed.academy\/en\/wp-json\/wp\/v2\/posts\/76739\/revisions"}],"wp:featuredmedia":[{"embeddable":true,"href":"https:\/\/raed.academy\/en\/wp-json\/wp\/v2\/media\/76267"}],"wp:attachment":[{"href":"https:\/\/raed.academy\/en\/wp-json\/wp\/v2\/media?parent=76739"}],"wp:term":[{"taxonomy":"category","embeddable":true,"href":"https:\/\/raed.academy\/en\/wp-json\/wp\/v2\/categories?post=76739"},{"taxonomy":"post_tag","embeddable":true,"href":"https:\/\/raed.academy\/en\/wp-json\/wp\/v2\/tags?post=76739"}],"curies":[{"name":"wp","href":"https:\/\/api.w.org\/{rel}","templated":true}]}}