{"id":76733,"date":"2019-07-23T14:13:59","date_gmt":"2019-07-23T14:13:59","guid":{"rendered":"https:\/\/raed.academy\/?p=76733"},"modified":"2019-08-07T16:31:55","modified_gmt":"2019-08-07T16:31:55","slug":"save-the-mediterranean-miquel-ventura","status":"publish","type":"post","link":"https:\/\/raed.academy\/en\/save-the-mediterranean-miquel-ventura\/","title":{"rendered":"Save the Mediterranean"},"content":{"rendered":"<p><strong>Miquel Ventura<\/strong>, president of the Spanish <a href=\"http:\/\/www.fundacionmar.org\" target=\"_blank\" rel=\"noopener noreferrer\"><strong>Sea Foundation<\/strong><\/a> and regular contributor to the <strong>Royal European Academy of Doctors-Barcelona 1914<\/strong> (RAED), has presented the paper <strong>&#8220;Evaluar la calidad del patrimonio natural de las zonas euromediterr\u00e1neas&#8221;<\/strong> (Evaluate the quality of the natural heritage of the Euro-Mediterranean areas), where he analyzes the different laws and measures of natural protection that exists in the various countries of the Mediterranean area and at European level and urges the authorities to undertake urgent measures to mitigate the already significant effects of climate change.<\/p>\n<p><strong><img loading=\"lazy\" decoding=\"async\" class=\"alignleft wp-image-76369 jetpack-lazy-image jetpack-lazy-image--handled\" src=\"https:\/\/raed.academy\/wp-content\/uploads\/2019\/07\/regiones-biogeogr\u00e1ficas-terrestres-y-marinas-paises-europeos.jpg\" alt=\"regiones biogeogr\u00e1ficas terrestres y marinas de los paises europeos\" width=\"570\" height=\"389\" data-attachment-id=\"76369\" data-permalink=\"https:\/\/raed.academy\/salvar-el-mediterraneo\/regiones-biogeograficas-terrestres-y-marinas-paises-europeos\/\" data-orig-file=\"https:\/\/raed.academy\/wp-content\/uploads\/2019\/07\/regiones-biogeogr\u00e1ficas-terrestres-y-marinas-paises-europeos.jpg\" data-orig-size=\"677,462\" data-comments-opened=\"0\" data-image-meta=\"{&quot;aperture&quot;:&quot;0&quot;,&quot;credit&quot;:&quot;&quot;,&quot;camera&quot;:&quot;&quot;,&quot;caption&quot;:&quot;&quot;,&quot;created_timestamp&quot;:&quot;0&quot;,&quot;copyright&quot;:&quot;&quot;,&quot;focal_length&quot;:&quot;0&quot;,&quot;iso&quot;:&quot;0&quot;,&quot;shutter_speed&quot;:&quot;0&quot;,&quot;title&quot;:&quot;&quot;,&quot;orientation&quot;:&quot;0&quot;}\" data-image-title=\"regiones-biogeogr\u00e1ficas-terrestres-y-marinas-paises-europeos\" data-image-description=\"\" data-medium-file=\"https:\/\/raed.academy\/wp-content\/uploads\/2019\/07\/regiones-biogeogr\u00e1ficas-terrestres-y-marinas-paises-europeos.jpg\" data-large-file=\"https:\/\/raed.academy\/wp-content\/uploads\/2019\/07\/regiones-biogeogr\u00e1ficas-terrestres-y-marinas-paises-europeos.jpg\" data-lazy-loaded=\"1\" \/><\/strong>&#8220;The European continent is one of the places in the world where since ancient times the human being has transformed the environment more intensely, being currently one of the most populated areas of the planet with a deep ecological footprint on the continent and the sea. The historical transformation from the natural environment has evolved with the cultures that have populated it, forming a heterogeneous landscape structure that houses an important, interesting and complex eco-social diversity, but during the last 90 years the economic and industrial development of European societies has been exponential, especially after of World War II, generating antagonistic effects on the environment and nature&#8221;, Ventura begins his reflection.<\/p>\n<p>After an evaluation of the levels of protection, the expert wonders if we are reaching our objectives of improvement and conservation of this heritage in the Euro-Mediterranean environment and insists on highlighting the &#8220;conservation status&#8221; already contemplated by the regulations taking into account several concepts such as the area of \u200b\u200bdistribution of the species, the status of the target populations, the surface of the habitat and the most appropriate for each species, its structure and functions, as well as the future perspectives. This should be the starting point to establish a priority of actions.<\/p>\n<p><img loading=\"lazy\" decoding=\"async\" class=\"alignright wp-image-76372 jetpack-lazy-image jetpack-lazy-image--handled\" src=\"https:\/\/raed.academy\/wp-content\/uploads\/2019\/07\/pajaros-dstNtc.jpg\" alt=\"\" width=\"400\" height=\"258\" data-attachment-id=\"76372\" data-permalink=\"https:\/\/raed.academy\/salvar-el-mediterraneo\/pajaros-dstntc\/\" data-orig-file=\"https:\/\/raed.academy\/wp-content\/uploads\/2019\/07\/pajaros-dstNtc.jpg\" data-orig-size=\"600,387\" data-comments-opened=\"0\" data-image-meta=\"{&quot;aperture&quot;:&quot;0&quot;,&quot;credit&quot;:&quot;&quot;,&quot;camera&quot;:&quot;&quot;,&quot;caption&quot;:&quot;&quot;,&quot;created_timestamp&quot;:&quot;0&quot;,&quot;copyright&quot;:&quot;&quot;,&quot;focal_length&quot;:&quot;0&quot;,&quot;iso&quot;:&quot;0&quot;,&quot;shutter_speed&quot;:&quot;0&quot;,&quot;title&quot;:&quot;&quot;,&quot;orientation&quot;:&quot;0&quot;}\" data-image-title=\"pajaros-dstNtc\" data-image-description=\"\" data-medium-file=\"https:\/\/raed.academy\/wp-content\/uploads\/2019\/07\/pajaros-dstNtc.jpg\" data-large-file=\"https:\/\/raed.academy\/wp-content\/uploads\/2019\/07\/pajaros-dstNtc.jpg\" data-lazy-loaded=\"1\" \/>In this regard, Ventura emphasizes the need to address these issues from a transnational level, since &#8220;the degree of conformity and the quality of the data in the national reports are very insufficient and for this purpose the monitoring programs must be greatly improved specific through standardized and effective study protocols&#8221;, he considers. &#8220;We must be able to understand the political powers of each State and, in a transversal way to their populations, that the quality of the environment and the environment is a fundamental and unavoidable priority if we want to ensure a healthy future and in balance with the nature. For this, it&#8217;s essential to socialize the concept of ecology in society and understand that investing in conservation and protection of natural heritage is synonymous with the improvement of the natural capital on which our economy, our health and our well-being depend&#8221;, he concludes.<\/p>\n<p>&nbsp;<\/p>\n<p><img loading=\"lazy\" decoding=\"async\" class=\"jetpack-lazy-image jetpack-lazy-image--handled aligncenter wp-image-76378 size-full\" src=\"https:\/\/raed.academy\/wp-content\/uploads\/2019\/07\/Miquel-Ventura-Fundacion-Mar.jpg\" sizes=\"(max-width: 850px) 100vw, 850px\" srcset=\"https:\/\/raed.academy\/wp-content\/uploads\/2019\/07\/Miquel-Ventura-Fundacion-Mar.jpg 850w, https:\/\/raed.academy\/wp-content\/uploads\/2019\/07\/Miquel-Ventura-Fundacion-Mar-768x431.jpg 768w\" alt=\"Save the Mediterranean, by Miquel Ventura\" width=\"850\" height=\"477\" data-attachment-id=\"76378\" data-permalink=\"https:\/\/raed.academy\/salvar-el-mediterraneo\/miquel-ventura-fundacion-mar\/\" data-orig-file=\"https:\/\/raed.academy\/wp-content\/uploads\/2019\/07\/Miquel-Ventura-Fundacion-Mar.jpg\" data-orig-size=\"850,477\" data-comments-opened=\"0\" data-image-meta=\"{&quot;aperture&quot;:&quot;0&quot;,&quot;credit&quot;:&quot;&quot;,&quot;camera&quot;:&quot;&quot;,&quot;caption&quot;:&quot;&quot;,&quot;created_timestamp&quot;:&quot;0&quot;,&quot;copyright&quot;:&quot;&quot;,&quot;focal_length&quot;:&quot;0&quot;,&quot;iso&quot;:&quot;0&quot;,&quot;shutter_speed&quot;:&quot;0&quot;,&quot;title&quot;:&quot;&quot;,&quot;orientation&quot;:&quot;0&quot;}\" data-image-title=\"Miquel-Ventura-Fundacion-Mar\" data-image-description=\"\" data-medium-file=\"https:\/\/raed.academy\/wp-content\/uploads\/2019\/07\/Miquel-Ventura-Fundacion-Mar.jpg\" data-large-file=\"https:\/\/raed.academy\/wp-content\/uploads\/2019\/07\/Miquel-Ventura-Fundacion-Mar.jpg\" data-lazy-loaded=\"1\" \/><\/p>\n","protected":false},"excerpt":{"rendered":"<p>Miquel Ventura, president of the Spanish Sea Foundation and regular contributor to the Royal European Academy of Doctors-Barcelona 1914 (RAED), has presented the paper &#8220;Evaluar la calidad del patrimonio natural de las zonas euromediterr\u00e1neas&#8221; (Evaluate the quality of the natural heritage of the Euro-Mediterranean areas), where he analyzes the different laws and measures of natural [&hellip;]<\/p>\n","protected":false},"author":12,"featured_media":76374,"comment_status":"closed","ping_status":"closed","sticky":false,"template":"","format":"standard","meta":{"_et_pb_use_builder":"","_et_pb_old_content":"","_et_gb_content_width":"","footnotes":""},"categories":[67],"tags":[],"class_list":["post-76733","post","type-post","status-publish","format-standard","has-post-thumbnail","hentry","category-uncategorized-6","et-has-post-format-content","et_post_format-et-post-format-standard"],"yoast_head":"<!-- This site is optimized with the Yoast SEO plugin v27.4 - https:\/\/yoast.com\/product\/yoast-seo-wordpress\/ -->\n<title>Save the Mediterranean - Royal European Academy of Doctors<\/title>\n<meta name=\"description\" content=\"Miquel Ventura has presented the paper &quot;Evaluar la calidad del patrimonio natural de las zonas euromediterr\u00e1neas&quot; (Evaluate the quality of the natural heritage of the Euro-Mediterranean areas), ...\" \/>\n<meta name=\"robots\" content=\"index, follow, max-snippet:-1, max-image-preview:large, max-video-preview:-1\" \/>\n<link rel=\"canonical\" href=\"https:\/\/raed.academy\/en\/save-the-mediterranean-miquel-ventura\/\" \/>\n<meta property=\"og:locale\" content=\"en_US\" \/>\n<meta property=\"og:type\" content=\"article\" \/>\n<meta property=\"og:title\" content=\"Save the Mediterranean - Royal European Academy of Doctors\" \/>\n<meta property=\"og:description\" content=\"Miquel Ventura has presented the paper &quot;Evaluar la calidad del patrimonio natural de las zonas euromediterr\u00e1neas&quot; (Evaluate the quality of the natural heritage of the Euro-Mediterranean areas), ...\" \/>\n<meta property=\"og:url\" content=\"https:\/\/raed.academy\/en\/save-the-mediterranean-miquel-ventura\/\" \/>\n<meta property=\"og:site_name\" content=\"Royal European Academy of Doctors\" \/>\n<meta property=\"article:publisher\" content=\"http:\/\/fb.me\/raed.academy\" \/>\n<meta property=\"article:published_time\" content=\"2019-07-23T14:13:59+00:00\" \/>\n<meta property=\"article:modified_time\" content=\"2019-08-07T16:31:55+00:00\" \/>\n<meta property=\"og:image\" content=\"https:\/\/raed.academy\/wp-content\/uploads\/2019\/07\/pajaros-dstNtc.jpg\" \/>\n\t<meta property=\"og:image:width\" content=\"600\" \/>\n\t<meta property=\"og:image:height\" content=\"387\" \/>\n\t<meta property=\"og:image:type\" content=\"image\/jpeg\" \/>\n<meta name=\"author\" content=\"RAED\" \/>\n<meta name=\"twitter:card\" content=\"summary_large_image\" \/>\n<meta name=\"twitter:creator\" content=\"@raedacademy\" \/>\n<meta name=\"twitter:site\" content=\"@raedacademy\" \/>\n<meta name=\"twitter:label1\" content=\"Written by\" \/>\n\t<meta name=\"twitter:data1\" content=\"RAED\" \/>\n\t<meta name=\"twitter:label2\" content=\"Est. reading time\" \/>\n\t<meta name=\"twitter:data2\" content=\"2 minutes\" \/>\n<script type=\"application\/ld+json\" class=\"yoast-schema-graph\">{\"@context\":\"https:\\\/\\\/schema.org\",\"@graph\":[{\"@type\":\"Article\",\"@id\":\"https:\\\/\\\/raed.academy\\\/en\\\/save-the-mediterranean-miquel-ventura\\\/#article\",\"isPartOf\":{\"@id\":\"https:\\\/\\\/raed.academy\\\/en\\\/save-the-mediterranean-miquel-ventura\\\/\"},\"author\":{\"name\":\"RAED\",\"@id\":\"https:\\\/\\\/raed.academy\\\/en\\\/#\\\/schema\\\/person\\\/5a755da80d1d979fd66ba745c8702927\"},\"headline\":\"Save the Mediterranean\",\"datePublished\":\"2019-07-23T14:13:59+00:00\",\"dateModified\":\"2019-08-07T16:31:55+00:00\",\"mainEntityOfPage\":{\"@id\":\"https:\\\/\\\/raed.academy\\\/en\\\/save-the-mediterranean-miquel-ventura\\\/\"},\"wordCount\":442,\"publisher\":{\"@id\":\"https:\\\/\\\/raed.academy\\\/en\\\/#organization\"},\"image\":{\"@id\":\"https:\\\/\\\/raed.academy\\\/en\\\/save-the-mediterranean-miquel-ventura\\\/#primaryimage\"},\"thumbnailUrl\":\"https:\\\/\\\/raed.academy\\\/wp-content\\\/uploads\\\/2019\\\/07\\\/pajaros-dstNtc.jpg\",\"inLanguage\":\"en-US\"},{\"@type\":\"WebPage\",\"@id\":\"https:\\\/\\\/raed.academy\\\/en\\\/save-the-mediterranean-miquel-ventura\\\/\",\"url\":\"https:\\\/\\\/raed.academy\\\/en\\\/save-the-mediterranean-miquel-ventura\\\/\",\"name\":\"Save the Mediterranean - Royal European Academy of Doctors\",\"isPartOf\":{\"@id\":\"https:\\\/\\\/raed.academy\\\/en\\\/#website\"},\"primaryImageOfPage\":{\"@id\":\"https:\\\/\\\/raed.academy\\\/en\\\/save-the-mediterranean-miquel-ventura\\\/#primaryimage\"},\"image\":{\"@id\":\"https:\\\/\\\/raed.academy\\\/en\\\/save-the-mediterranean-miquel-ventura\\\/#primaryimage\"},\"thumbnailUrl\":\"https:\\\/\\\/raed.academy\\\/wp-content\\\/uploads\\\/2019\\\/07\\\/pajaros-dstNtc.jpg\",\"datePublished\":\"2019-07-23T14:13:59+00:00\",\"dateModified\":\"2019-08-07T16:31:55+00:00\",\"description\":\"Miquel Ventura has presented the paper \\\"Evaluar la calidad del patrimonio natural de las zonas euromediterr\u00e1neas\\\" (Evaluate the quality of the natural heritage of the Euro-Mediterranean areas), ...\",\"breadcrumb\":{\"@id\":\"https:\\\/\\\/raed.academy\\\/en\\\/save-the-mediterranean-miquel-ventura\\\/#breadcrumb\"},\"inLanguage\":\"en-US\",\"potentialAction\":[{\"@type\":\"ReadAction\",\"target\":[\"https:\\\/\\\/raed.academy\\\/en\\\/save-the-mediterranean-miquel-ventura\\\/\"]}]},{\"@type\":\"ImageObject\",\"inLanguage\":\"en-US\",\"@id\":\"https:\\\/\\\/raed.academy\\\/en\\\/save-the-mediterranean-miquel-ventura\\\/#primaryimage\",\"url\":\"https:\\\/\\\/raed.academy\\\/wp-content\\\/uploads\\\/2019\\\/07\\\/pajaros-dstNtc.jpg\",\"contentUrl\":\"https:\\\/\\\/raed.academy\\\/wp-content\\\/uploads\\\/2019\\\/07\\\/pajaros-dstNtc.jpg\",\"width\":600,\"height\":387,\"caption\":\"Save the mediterranean\"},{\"@type\":\"BreadcrumbList\",\"@id\":\"https:\\\/\\\/raed.academy\\\/en\\\/save-the-mediterranean-miquel-ventura\\\/#breadcrumb\",\"itemListElement\":[{\"@type\":\"ListItem\",\"position\":1,\"name\":\"Inicio\",\"item\":\"https:\\\/\\\/raed.academy\\\/en\\\/\"},{\"@type\":\"ListItem\",\"position\":2,\"name\":\"Save the Mediterranean\"}]},{\"@type\":\"WebSite\",\"@id\":\"https:\\\/\\\/raed.academy\\\/en\\\/#website\",\"url\":\"https:\\\/\\\/raed.academy\\\/en\\\/\",\"name\":\"Royal European Academy of Doctors\",\"description\":\"Corporaci\u00f3n de derecho p\u00fablico de car\u00e1cter cient\u00edfico, t\u00e9cnico y art\u00edstico, que tiene por objeto la investigaci\u00f3n, el estudio, el fomento y la extensi\u00f3n del conocimiento en su sentido m\u00e1s amplio.\",\"publisher\":{\"@id\":\"https:\\\/\\\/raed.academy\\\/en\\\/#organization\"},\"potentialAction\":[{\"@type\":\"SearchAction\",\"target\":{\"@type\":\"EntryPoint\",\"urlTemplate\":\"https:\\\/\\\/raed.academy\\\/en\\\/?s={search_term_string}\"},\"query-input\":{\"@type\":\"PropertyValueSpecification\",\"valueRequired\":true,\"valueName\":\"search_term_string\"}}],\"inLanguage\":\"en-US\"},{\"@type\":\"Organization\",\"@id\":\"https:\\\/\\\/raed.academy\\\/en\\\/#organization\",\"name\":\"Real Academia Europea de Doctores\",\"url\":\"https:\\\/\\\/raed.academy\\\/en\\\/\",\"logo\":{\"@type\":\"ImageObject\",\"inLanguage\":\"en-US\",\"@id\":\"https:\\\/\\\/raed.academy\\\/en\\\/#\\\/schema\\\/logo\\\/image\\\/\",\"url\":\"https:\\\/\\\/raed.academy\\\/wp-content\\\/uploads\\\/2017\\\/01\\\/cropped-logo_raed.png\",\"contentUrl\":\"https:\\\/\\\/raed.academy\\\/wp-content\\\/uploads\\\/2017\\\/01\\\/cropped-logo_raed.png\",\"width\":512,\"height\":512,\"caption\":\"Real Academia Europea de Doctores\"},\"image\":{\"@id\":\"https:\\\/\\\/raed.academy\\\/en\\\/#\\\/schema\\\/logo\\\/image\\\/\"},\"sameAs\":[\"http:\\\/\\\/fb.me\\\/raed.academy\",\"https:\\\/\\\/x.com\\\/raedacademy\",\"https:\\\/\\\/www.instagram.com\\\/raed.academy\\\/\",\"https:\\\/\\\/www.youtube.com\\\/channel\\\/UCUYQwW2KrdirNWihxMDObwg\"]},{\"@type\":\"Person\",\"@id\":\"https:\\\/\\\/raed.academy\\\/en\\\/#\\\/schema\\\/person\\\/5a755da80d1d979fd66ba745c8702927\",\"name\":\"RAED\",\"image\":{\"@type\":\"ImageObject\",\"inLanguage\":\"en-US\",\"@id\":\"https:\\\/\\\/secure.gravatar.com\\\/avatar\\\/19fdfdc0d67fb9c45714b703a2ac82251c4fcea3637f002ac3c9b74c0183583c?s=96&d=mm&r=g\",\"url\":\"https:\\\/\\\/secure.gravatar.com\\\/avatar\\\/19fdfdc0d67fb9c45714b703a2ac82251c4fcea3637f002ac3c9b74c0183583c?s=96&d=mm&r=g\",\"contentUrl\":\"https:\\\/\\\/secure.gravatar.com\\\/avatar\\\/19fdfdc0d67fb9c45714b703a2ac82251c4fcea3637f002ac3c9b74c0183583c?s=96&d=mm&r=g\",\"caption\":\"RAED\"}}]}<\/script>\n<!-- \/ Yoast SEO plugin. -->","yoast_head_json":{"title":"Save the Mediterranean - Royal European Academy of Doctors","description":"Miquel Ventura has presented the paper \"Evaluar la calidad del patrimonio natural de las zonas euromediterr\u00e1neas\" (Evaluate the quality of the natural heritage of the Euro-Mediterranean areas), ...","robots":{"index":"index","follow":"follow","max-snippet":"max-snippet:-1","max-image-preview":"max-image-preview:large","max-video-preview":"max-video-preview:-1"},"canonical":"https:\/\/raed.academy\/en\/save-the-mediterranean-miquel-ventura\/","og_locale":"en_US","og_type":"article","og_title":"Save the Mediterranean - Royal European Academy of Doctors","og_description":"Miquel Ventura has presented the paper \"Evaluar la calidad del patrimonio natural de las zonas euromediterr\u00e1neas\" (Evaluate the quality of the natural heritage of the Euro-Mediterranean areas), ...","og_url":"https:\/\/raed.academy\/en\/save-the-mediterranean-miquel-ventura\/","og_site_name":"Royal European Academy of Doctors","article_publisher":"http:\/\/fb.me\/raed.academy","article_published_time":"2019-07-23T14:13:59+00:00","article_modified_time":"2019-08-07T16:31:55+00:00","og_image":[{"width":600,"height":387,"url":"https:\/\/raed.academy\/wp-content\/uploads\/2019\/07\/pajaros-dstNtc.jpg","type":"image\/jpeg"}],"author":"RAED","twitter_card":"summary_large_image","twitter_creator":"@raedacademy","twitter_site":"@raedacademy","twitter_misc":{"Written by":"RAED","Est. reading time":"2 minutes"},"schema":{"@context":"https:\/\/schema.org","@graph":[{"@type":"Article","@id":"https:\/\/raed.academy\/en\/save-the-mediterranean-miquel-ventura\/#article","isPartOf":{"@id":"https:\/\/raed.academy\/en\/save-the-mediterranean-miquel-ventura\/"},"author":{"name":"RAED","@id":"https:\/\/raed.academy\/en\/#\/schema\/person\/5a755da80d1d979fd66ba745c8702927"},"headline":"Save the Mediterranean","datePublished":"2019-07-23T14:13:59+00:00","dateModified":"2019-08-07T16:31:55+00:00","mainEntityOfPage":{"@id":"https:\/\/raed.academy\/en\/save-the-mediterranean-miquel-ventura\/"},"wordCount":442,"publisher":{"@id":"https:\/\/raed.academy\/en\/#organization"},"image":{"@id":"https:\/\/raed.academy\/en\/save-the-mediterranean-miquel-ventura\/#primaryimage"},"thumbnailUrl":"https:\/\/raed.academy\/wp-content\/uploads\/2019\/07\/pajaros-dstNtc.jpg","inLanguage":"en-US"},{"@type":"WebPage","@id":"https:\/\/raed.academy\/en\/save-the-mediterranean-miquel-ventura\/","url":"https:\/\/raed.academy\/en\/save-the-mediterranean-miquel-ventura\/","name":"Save the Mediterranean - Royal European Academy of Doctors","isPartOf":{"@id":"https:\/\/raed.academy\/en\/#website"},"primaryImageOfPage":{"@id":"https:\/\/raed.academy\/en\/save-the-mediterranean-miquel-ventura\/#primaryimage"},"image":{"@id":"https:\/\/raed.academy\/en\/save-the-mediterranean-miquel-ventura\/#primaryimage"},"thumbnailUrl":"https:\/\/raed.academy\/wp-content\/uploads\/2019\/07\/pajaros-dstNtc.jpg","datePublished":"2019-07-23T14:13:59+00:00","dateModified":"2019-08-07T16:31:55+00:00","description":"Miquel Ventura has presented the paper \"Evaluar la calidad del patrimonio natural de las zonas euromediterr\u00e1neas\" (Evaluate the quality of the natural heritage of the Euro-Mediterranean areas), ...","breadcrumb":{"@id":"https:\/\/raed.academy\/en\/save-the-mediterranean-miquel-ventura\/#breadcrumb"},"inLanguage":"en-US","potentialAction":[{"@type":"ReadAction","target":["https:\/\/raed.academy\/en\/save-the-mediterranean-miquel-ventura\/"]}]},{"@type":"ImageObject","inLanguage":"en-US","@id":"https:\/\/raed.academy\/en\/save-the-mediterranean-miquel-ventura\/#primaryimage","url":"https:\/\/raed.academy\/wp-content\/uploads\/2019\/07\/pajaros-dstNtc.jpg","contentUrl":"https:\/\/raed.academy\/wp-content\/uploads\/2019\/07\/pajaros-dstNtc.jpg","width":600,"height":387,"caption":"Save the mediterranean"},{"@type":"BreadcrumbList","@id":"https:\/\/raed.academy\/en\/save-the-mediterranean-miquel-ventura\/#breadcrumb","itemListElement":[{"@type":"ListItem","position":1,"name":"Inicio","item":"https:\/\/raed.academy\/en\/"},{"@type":"ListItem","position":2,"name":"Save the Mediterranean"}]},{"@type":"WebSite","@id":"https:\/\/raed.academy\/en\/#website","url":"https:\/\/raed.academy\/en\/","name":"Royal European Academy of Doctors","description":"Corporaci\u00f3n de derecho p\u00fablico de car\u00e1cter cient\u00edfico, t\u00e9cnico y art\u00edstico, que tiene por objeto la investigaci\u00f3n, el estudio, el fomento y la extensi\u00f3n del conocimiento en su sentido m\u00e1s amplio.","publisher":{"@id":"https:\/\/raed.academy\/en\/#organization"},"potentialAction":[{"@type":"SearchAction","target":{"@type":"EntryPoint","urlTemplate":"https:\/\/raed.academy\/en\/?s={search_term_string}"},"query-input":{"@type":"PropertyValueSpecification","valueRequired":true,"valueName":"search_term_string"}}],"inLanguage":"en-US"},{"@type":"Organization","@id":"https:\/\/raed.academy\/en\/#organization","name":"Real Academia Europea de Doctores","url":"https:\/\/raed.academy\/en\/","logo":{"@type":"ImageObject","inLanguage":"en-US","@id":"https:\/\/raed.academy\/en\/#\/schema\/logo\/image\/","url":"https:\/\/raed.academy\/wp-content\/uploads\/2017\/01\/cropped-logo_raed.png","contentUrl":"https:\/\/raed.academy\/wp-content\/uploads\/2017\/01\/cropped-logo_raed.png","width":512,"height":512,"caption":"Real Academia Europea de Doctores"},"image":{"@id":"https:\/\/raed.academy\/en\/#\/schema\/logo\/image\/"},"sameAs":["http:\/\/fb.me\/raed.academy","https:\/\/x.com\/raedacademy","https:\/\/www.instagram.com\/raed.academy\/","https:\/\/www.youtube.com\/channel\/UCUYQwW2KrdirNWihxMDObwg"]},{"@type":"Person","@id":"https:\/\/raed.academy\/en\/#\/schema\/person\/5a755da80d1d979fd66ba745c8702927","name":"RAED","image":{"@type":"ImageObject","inLanguage":"en-US","@id":"https:\/\/secure.gravatar.com\/avatar\/19fdfdc0d67fb9c45714b703a2ac82251c4fcea3637f002ac3c9b74c0183583c?s=96&d=mm&r=g","url":"https:\/\/secure.gravatar.com\/avatar\/19fdfdc0d67fb9c45714b703a2ac82251c4fcea3637f002ac3c9b74c0183583c?s=96&d=mm&r=g","contentUrl":"https:\/\/secure.gravatar.com\/avatar\/19fdfdc0d67fb9c45714b703a2ac82251c4fcea3637f002ac3c9b74c0183583c?s=96&d=mm&r=g","caption":"RAED"}}]}},"_links":{"self":[{"href":"https:\/\/raed.academy\/en\/wp-json\/wp\/v2\/posts\/76733","targetHints":{"allow":["GET"]}}],"collection":[{"href":"https:\/\/raed.academy\/en\/wp-json\/wp\/v2\/posts"}],"about":[{"href":"https:\/\/raed.academy\/en\/wp-json\/wp\/v2\/types\/post"}],"author":[{"embeddable":true,"href":"https:\/\/raed.academy\/en\/wp-json\/wp\/v2\/users\/12"}],"replies":[{"embeddable":true,"href":"https:\/\/raed.academy\/en\/wp-json\/wp\/v2\/comments?post=76733"}],"version-history":[{"count":0,"href":"https:\/\/raed.academy\/en\/wp-json\/wp\/v2\/posts\/76733\/revisions"}],"wp:featuredmedia":[{"embeddable":true,"href":"https:\/\/raed.academy\/en\/wp-json\/wp\/v2\/media\/76374"}],"wp:attachment":[{"href":"https:\/\/raed.academy\/en\/wp-json\/wp\/v2\/media?parent=76733"}],"wp:term":[{"taxonomy":"category","embeddable":true,"href":"https:\/\/raed.academy\/en\/wp-json\/wp\/v2\/categories?post=76733"},{"taxonomy":"post_tag","embeddable":true,"href":"https:\/\/raed.academy\/en\/wp-json\/wp\/v2\/tags?post=76733"}],"curies":[{"name":"wp","href":"https:\/\/api.w.org\/{rel}","templated":true}]}}