{"id":76723,"date":"2019-07-22T18:28:37","date_gmt":"2019-07-22T18:28:37","guid":{"rendered":"https:\/\/raed.academy\/?p=76723"},"modified":"2019-08-07T16:52:00","modified_gmt":"2019-08-07T16:52:00","slug":"video-summary-of-admission-of-aldo-olcese","status":"publish","type":"post","link":"https:\/\/raed.academy\/en\/video-summary-of-admission-of-aldo-olcese\/","title":{"rendered":"Video summary of admission of Aldo Olcese"},"content":{"rendered":"<p>The YouTube channel of the <strong>Royal European Academy of Doctors-Barcelona 1914<\/strong> (RAED) already has the video summary of the admission as full academician of <a href=\"https:\/\/raed.academy\/en\/academicians\/dr-aldo-olcese-santonja\/\" target=\"_blank\" rel=\"noopener noreferrer\"><strong>Aldo Olcese<\/strong><\/a>, president of the Spanish <a href=\"http:\/\/www.fundacionindependiente.es\" target=\"_blank\" rel=\"noopener noreferrer\"><strong>Independent Foundation<\/strong><\/a>, held on March 27 in the Assembly Hall of the Catalan labor <a href=\"http:\/\/www.foment.com\" target=\"_blank\" rel=\"noopener noreferrer\"><strong>Promotion of National Work<\/strong><\/a>, headquarters of the Academy. The recipient read the admission speech <a href=\"https:\/\/raed.academy\/wp-content\/uploads\/2019\/03\/discurso-ingreso-RAED-Dr-Aldo-Olcese-Los-Retos-de-la-Sociedad-Civil-comp.pdf\" target=\"_blank\" rel=\"noopener noreferrer\"><strong>&#8220;Los retos de la sociedad civil en una democracia avanzada&#8221;<\/strong><\/a> (The challenges of civil society in an advanced democracy. On behalf of the Royal Corporation answered its president, the full academician <a href=\"https:\/\/raed.academy\/en\/academicians\/dr-alfredo-rocafort-nicolau\/\" target=\"_blank\" rel=\"noopener noreferrer\"><strong>Alfredo Rocafort<\/strong><\/a>.<\/p>\n<p>The new academician highlighted in his speech the different forms of articulation of citizenship beyond the political parties of all signs and outlined the endemic evils that have struck civil society in Spain throughout history. &#8220;Spain is a country where the weight of politics is overwhelming. The structuring of civil society is weak and generally satellised by political powers or business powers. Many of the civil society entities are patronized by the money received from public sector or large companies, and deploy citizenship initiatives that ultimately have purposes of political control or specific and non-general business interest. I regret leaving this bad feeling in the air, but only a sincere and constructive realism will allow us to face the problems and evolve towards an advanced democracy&#8221;, he said.<\/p>\n<p>Doctor in Financial Economics and full academician of the <a href=\"http:\/\/www.racef.es\" target=\"_blank\" rel=\"noopener noreferrer\"><strong>Royal Academy of Economics and Financial Sciences<\/strong><\/a>, Olcese has been for two decades the visible head of the current of economic thought linked to the social responsibility of the company and good corporate governance, which he has been a pioneer in Spain.<\/p>\n<h3>Video summary<\/h3>\n<p><iframe loading=\"lazy\" src=\"https:\/\/www.youtube.com\/embed\/ck2SHahezFI\" width=\"1160\" height=\"633\" frameborder=\"0\" allowfullscreen=\"allowfullscreen\"><\/iframe><\/p>\n<h3>Complete video<\/h3>\n<p><iframe loading=\"lazy\" src=\"https:\/\/www.youtube.com\/embed\/Q3vOb5X9o6c\" width=\"1160\" height=\"633\" frameborder=\"0\" allowfullscreen=\"allowfullscreen\"><\/iframe><\/p>\n","protected":false},"excerpt":{"rendered":"<p>The YouTube channel of the Royal European Academy of Doctors-Barcelona 1914 (RAED) already has the video summary of the admission as full academician of Aldo Olcese, president of the Spanish Independent Foundation, held on March 27 in the Assembly Hall of the Catalan labor Promotion of National Work, headquarters of the Academy. The recipient read [&hellip;]<\/p>\n","protected":false},"author":12,"featured_media":69665,"comment_status":"closed","ping_status":"closed","sticky":false,"template":"","format":"standard","meta":{"_et_pb_use_builder":"","_et_pb_old_content":"","_et_gb_content_width":"","footnotes":""},"categories":[144],"tags":[476],"class_list":["post-76723","post","type-post","status-publish","format-standard","has-post-thumbnail","hentry","category-acts-admission-academicians","tag-academicians-income","et-has-post-format-content","et_post_format-et-post-format-standard"],"yoast_head":"<!-- This site is optimized with the Yoast SEO plugin v27.4 - https:\/\/yoast.com\/product\/yoast-seo-wordpress\/ -->\n<title>Video summary of admission of Aldo Olcese - Royal European Academy of Doctors<\/title>\n<meta name=\"robots\" content=\"index, follow, max-snippet:-1, max-image-preview:large, max-video-preview:-1\" \/>\n<link rel=\"canonical\" href=\"https:\/\/raed.academy\/en\/video-summary-of-admission-of-aldo-olcese\/\" \/>\n<meta property=\"og:locale\" content=\"en_US\" \/>\n<meta property=\"og:type\" content=\"article\" \/>\n<meta property=\"og:title\" content=\"Video summary of admission of Aldo Olcese - Royal European Academy of Doctors\" \/>\n<meta property=\"og:description\" content=\"The YouTube channel of the Royal European Academy of Doctors-Barcelona 1914 (RAED) already has the video summary of the admission as full academician of Aldo Olcese, president of the Spanish Independent Foundation, held on March 27 in the Assembly Hall of the Catalan labor Promotion of National Work, headquarters of the Academy. The recipient read [&hellip;]\" \/>\n<meta property=\"og:url\" content=\"https:\/\/raed.academy\/en\/video-summary-of-admission-of-aldo-olcese\/\" \/>\n<meta property=\"og:site_name\" content=\"Royal European Academy of Doctors\" \/>\n<meta property=\"article:publisher\" content=\"http:\/\/fb.me\/raed.academy\" \/>\n<meta property=\"article:published_time\" content=\"2019-07-22T18:28:37+00:00\" \/>\n<meta property=\"article:modified_time\" content=\"2019-08-07T16:52:00+00:00\" \/>\n<meta property=\"og:image\" content=\"https:\/\/raed.academy\/wp-content\/uploads\/2019\/04\/acto-ingreso-RAED-Aldo-Olcese-Santonja-1.jpg\" \/>\n\t<meta property=\"og:image:width\" content=\"850\" \/>\n\t<meta property=\"og:image:height\" content=\"567\" \/>\n\t<meta property=\"og:image:type\" content=\"image\/jpeg\" \/>\n<meta name=\"author\" content=\"RAED\" \/>\n<meta name=\"twitter:card\" content=\"summary_large_image\" \/>\n<meta name=\"twitter:creator\" content=\"@raedacademy\" \/>\n<meta name=\"twitter:site\" content=\"@raedacademy\" \/>\n<meta name=\"twitter:label1\" content=\"Written by\" \/>\n\t<meta name=\"twitter:data1\" content=\"RAED\" \/>\n\t<meta name=\"twitter:label2\" content=\"Est. reading time\" \/>\n\t<meta name=\"twitter:data2\" content=\"1 minute\" \/>\n<script type=\"application\/ld+json\" class=\"yoast-schema-graph\">{\"@context\":\"https:\\\/\\\/schema.org\",\"@graph\":[{\"@type\":\"Article\",\"@id\":\"https:\\\/\\\/raed.academy\\\/en\\\/video-summary-of-admission-of-aldo-olcese\\\/#article\",\"isPartOf\":{\"@id\":\"https:\\\/\\\/raed.academy\\\/en\\\/video-summary-of-admission-of-aldo-olcese\\\/\"},\"author\":{\"name\":\"RAED\",\"@id\":\"https:\\\/\\\/raed.academy\\\/en\\\/#\\\/schema\\\/person\\\/5a755da80d1d979fd66ba745c8702927\"},\"headline\":\"Video summary of admission of Aldo Olcese\",\"datePublished\":\"2019-07-22T18:28:37+00:00\",\"dateModified\":\"2019-08-07T16:52:00+00:00\",\"mainEntityOfPage\":{\"@id\":\"https:\\\/\\\/raed.academy\\\/en\\\/video-summary-of-admission-of-aldo-olcese\\\/\"},\"wordCount\":279,\"publisher\":{\"@id\":\"https:\\\/\\\/raed.academy\\\/en\\\/#organization\"},\"image\":{\"@id\":\"https:\\\/\\\/raed.academy\\\/en\\\/video-summary-of-admission-of-aldo-olcese\\\/#primaryimage\"},\"thumbnailUrl\":\"https:\\\/\\\/raed.academy\\\/wp-content\\\/uploads\\\/2019\\\/04\\\/acto-ingreso-RAED-Aldo-Olcese-Santonja-1.jpg\",\"keywords\":[\"academicians income\"],\"articleSection\":[\"Acts of admission as academicians\"],\"inLanguage\":\"en-US\"},{\"@type\":\"WebPage\",\"@id\":\"https:\\\/\\\/raed.academy\\\/en\\\/video-summary-of-admission-of-aldo-olcese\\\/\",\"url\":\"https:\\\/\\\/raed.academy\\\/en\\\/video-summary-of-admission-of-aldo-olcese\\\/\",\"name\":\"Video summary of admission of Aldo Olcese - Royal European Academy of Doctors\",\"isPartOf\":{\"@id\":\"https:\\\/\\\/raed.academy\\\/en\\\/#website\"},\"primaryImageOfPage\":{\"@id\":\"https:\\\/\\\/raed.academy\\\/en\\\/video-summary-of-admission-of-aldo-olcese\\\/#primaryimage\"},\"image\":{\"@id\":\"https:\\\/\\\/raed.academy\\\/en\\\/video-summary-of-admission-of-aldo-olcese\\\/#primaryimage\"},\"thumbnailUrl\":\"https:\\\/\\\/raed.academy\\\/wp-content\\\/uploads\\\/2019\\\/04\\\/acto-ingreso-RAED-Aldo-Olcese-Santonja-1.jpg\",\"datePublished\":\"2019-07-22T18:28:37+00:00\",\"dateModified\":\"2019-08-07T16:52:00+00:00\",\"breadcrumb\":{\"@id\":\"https:\\\/\\\/raed.academy\\\/en\\\/video-summary-of-admission-of-aldo-olcese\\\/#breadcrumb\"},\"inLanguage\":\"en-US\",\"potentialAction\":[{\"@type\":\"ReadAction\",\"target\":[\"https:\\\/\\\/raed.academy\\\/en\\\/video-summary-of-admission-of-aldo-olcese\\\/\"]}]},{\"@type\":\"ImageObject\",\"inLanguage\":\"en-US\",\"@id\":\"https:\\\/\\\/raed.academy\\\/en\\\/video-summary-of-admission-of-aldo-olcese\\\/#primaryimage\",\"url\":\"https:\\\/\\\/raed.academy\\\/wp-content\\\/uploads\\\/2019\\\/04\\\/acto-ingreso-RAED-Aldo-Olcese-Santonja-1.jpg\",\"contentUrl\":\"https:\\\/\\\/raed.academy\\\/wp-content\\\/uploads\\\/2019\\\/04\\\/acto-ingreso-RAED-Aldo-Olcese-Santonja-1.jpg\",\"width\":850,\"height\":567,\"caption\":\"Acto de ingreso en la RAED del Dr. Aldo Olcese Santonja\"},{\"@type\":\"BreadcrumbList\",\"@id\":\"https:\\\/\\\/raed.academy\\\/en\\\/video-summary-of-admission-of-aldo-olcese\\\/#breadcrumb\",\"itemListElement\":[{\"@type\":\"ListItem\",\"position\":1,\"name\":\"Inicio\",\"item\":\"https:\\\/\\\/raed.academy\\\/en\\\/\"},{\"@type\":\"ListItem\",\"position\":2,\"name\":\"Video summary of admission of Aldo Olcese\"}]},{\"@type\":\"WebSite\",\"@id\":\"https:\\\/\\\/raed.academy\\\/en\\\/#website\",\"url\":\"https:\\\/\\\/raed.academy\\\/en\\\/\",\"name\":\"Royal European Academy of Doctors\",\"description\":\"Corporaci\u00f3n de derecho p\u00fablico de car\u00e1cter cient\u00edfico, t\u00e9cnico y art\u00edstico, que tiene por objeto la investigaci\u00f3n, el estudio, el fomento y la extensi\u00f3n del conocimiento en su sentido m\u00e1s amplio.\",\"publisher\":{\"@id\":\"https:\\\/\\\/raed.academy\\\/en\\\/#organization\"},\"potentialAction\":[{\"@type\":\"SearchAction\",\"target\":{\"@type\":\"EntryPoint\",\"urlTemplate\":\"https:\\\/\\\/raed.academy\\\/en\\\/?s={search_term_string}\"},\"query-input\":{\"@type\":\"PropertyValueSpecification\",\"valueRequired\":true,\"valueName\":\"search_term_string\"}}],\"inLanguage\":\"en-US\"},{\"@type\":\"Organization\",\"@id\":\"https:\\\/\\\/raed.academy\\\/en\\\/#organization\",\"name\":\"Real Academia Europea de Doctores\",\"url\":\"https:\\\/\\\/raed.academy\\\/en\\\/\",\"logo\":{\"@type\":\"ImageObject\",\"inLanguage\":\"en-US\",\"@id\":\"https:\\\/\\\/raed.academy\\\/en\\\/#\\\/schema\\\/logo\\\/image\\\/\",\"url\":\"https:\\\/\\\/raed.academy\\\/wp-content\\\/uploads\\\/2017\\\/01\\\/cropped-logo_raed.png\",\"contentUrl\":\"https:\\\/\\\/raed.academy\\\/wp-content\\\/uploads\\\/2017\\\/01\\\/cropped-logo_raed.png\",\"width\":512,\"height\":512,\"caption\":\"Real Academia Europea de Doctores\"},\"image\":{\"@id\":\"https:\\\/\\\/raed.academy\\\/en\\\/#\\\/schema\\\/logo\\\/image\\\/\"},\"sameAs\":[\"http:\\\/\\\/fb.me\\\/raed.academy\",\"https:\\\/\\\/x.com\\\/raedacademy\",\"https:\\\/\\\/www.instagram.com\\\/raed.academy\\\/\",\"https:\\\/\\\/www.youtube.com\\\/channel\\\/UCUYQwW2KrdirNWihxMDObwg\"]},{\"@type\":\"Person\",\"@id\":\"https:\\\/\\\/raed.academy\\\/en\\\/#\\\/schema\\\/person\\\/5a755da80d1d979fd66ba745c8702927\",\"name\":\"RAED\",\"image\":{\"@type\":\"ImageObject\",\"inLanguage\":\"en-US\",\"@id\":\"https:\\\/\\\/secure.gravatar.com\\\/avatar\\\/19fdfdc0d67fb9c45714b703a2ac82251c4fcea3637f002ac3c9b74c0183583c?s=96&d=mm&r=g\",\"url\":\"https:\\\/\\\/secure.gravatar.com\\\/avatar\\\/19fdfdc0d67fb9c45714b703a2ac82251c4fcea3637f002ac3c9b74c0183583c?s=96&d=mm&r=g\",\"contentUrl\":\"https:\\\/\\\/secure.gravatar.com\\\/avatar\\\/19fdfdc0d67fb9c45714b703a2ac82251c4fcea3637f002ac3c9b74c0183583c?s=96&d=mm&r=g\",\"caption\":\"RAED\"}}]}<\/script>\n<!-- \/ Yoast SEO plugin. -->","yoast_head_json":{"title":"Video summary of admission of Aldo Olcese - Royal European Academy of Doctors","robots":{"index":"index","follow":"follow","max-snippet":"max-snippet:-1","max-image-preview":"max-image-preview:large","max-video-preview":"max-video-preview:-1"},"canonical":"https:\/\/raed.academy\/en\/video-summary-of-admission-of-aldo-olcese\/","og_locale":"en_US","og_type":"article","og_title":"Video summary of admission of Aldo Olcese - Royal European Academy of Doctors","og_description":"The YouTube channel of the Royal European Academy of Doctors-Barcelona 1914 (RAED) already has the video summary of the admission as full academician of Aldo Olcese, president of the Spanish Independent Foundation, held on March 27 in the Assembly Hall of the Catalan labor Promotion of National Work, headquarters of the Academy. The recipient read [&hellip;]","og_url":"https:\/\/raed.academy\/en\/video-summary-of-admission-of-aldo-olcese\/","og_site_name":"Royal European Academy of Doctors","article_publisher":"http:\/\/fb.me\/raed.academy","article_published_time":"2019-07-22T18:28:37+00:00","article_modified_time":"2019-08-07T16:52:00+00:00","og_image":[{"width":850,"height":567,"url":"https:\/\/raed.academy\/wp-content\/uploads\/2019\/04\/acto-ingreso-RAED-Aldo-Olcese-Santonja-1.jpg","type":"image\/jpeg"}],"author":"RAED","twitter_card":"summary_large_image","twitter_creator":"@raedacademy","twitter_site":"@raedacademy","twitter_misc":{"Written by":"RAED","Est. reading time":"1 minute"},"schema":{"@context":"https:\/\/schema.org","@graph":[{"@type":"Article","@id":"https:\/\/raed.academy\/en\/video-summary-of-admission-of-aldo-olcese\/#article","isPartOf":{"@id":"https:\/\/raed.academy\/en\/video-summary-of-admission-of-aldo-olcese\/"},"author":{"name":"RAED","@id":"https:\/\/raed.academy\/en\/#\/schema\/person\/5a755da80d1d979fd66ba745c8702927"},"headline":"Video summary of admission of Aldo Olcese","datePublished":"2019-07-22T18:28:37+00:00","dateModified":"2019-08-07T16:52:00+00:00","mainEntityOfPage":{"@id":"https:\/\/raed.academy\/en\/video-summary-of-admission-of-aldo-olcese\/"},"wordCount":279,"publisher":{"@id":"https:\/\/raed.academy\/en\/#organization"},"image":{"@id":"https:\/\/raed.academy\/en\/video-summary-of-admission-of-aldo-olcese\/#primaryimage"},"thumbnailUrl":"https:\/\/raed.academy\/wp-content\/uploads\/2019\/04\/acto-ingreso-RAED-Aldo-Olcese-Santonja-1.jpg","keywords":["academicians income"],"articleSection":["Acts of admission as academicians"],"inLanguage":"en-US"},{"@type":"WebPage","@id":"https:\/\/raed.academy\/en\/video-summary-of-admission-of-aldo-olcese\/","url":"https:\/\/raed.academy\/en\/video-summary-of-admission-of-aldo-olcese\/","name":"Video summary of admission of Aldo Olcese - Royal European Academy of Doctors","isPartOf":{"@id":"https:\/\/raed.academy\/en\/#website"},"primaryImageOfPage":{"@id":"https:\/\/raed.academy\/en\/video-summary-of-admission-of-aldo-olcese\/#primaryimage"},"image":{"@id":"https:\/\/raed.academy\/en\/video-summary-of-admission-of-aldo-olcese\/#primaryimage"},"thumbnailUrl":"https:\/\/raed.academy\/wp-content\/uploads\/2019\/04\/acto-ingreso-RAED-Aldo-Olcese-Santonja-1.jpg","datePublished":"2019-07-22T18:28:37+00:00","dateModified":"2019-08-07T16:52:00+00:00","breadcrumb":{"@id":"https:\/\/raed.academy\/en\/video-summary-of-admission-of-aldo-olcese\/#breadcrumb"},"inLanguage":"en-US","potentialAction":[{"@type":"ReadAction","target":["https:\/\/raed.academy\/en\/video-summary-of-admission-of-aldo-olcese\/"]}]},{"@type":"ImageObject","inLanguage":"en-US","@id":"https:\/\/raed.academy\/en\/video-summary-of-admission-of-aldo-olcese\/#primaryimage","url":"https:\/\/raed.academy\/wp-content\/uploads\/2019\/04\/acto-ingreso-RAED-Aldo-Olcese-Santonja-1.jpg","contentUrl":"https:\/\/raed.academy\/wp-content\/uploads\/2019\/04\/acto-ingreso-RAED-Aldo-Olcese-Santonja-1.jpg","width":850,"height":567,"caption":"Acto de ingreso en la RAED del Dr. Aldo Olcese Santonja"},{"@type":"BreadcrumbList","@id":"https:\/\/raed.academy\/en\/video-summary-of-admission-of-aldo-olcese\/#breadcrumb","itemListElement":[{"@type":"ListItem","position":1,"name":"Inicio","item":"https:\/\/raed.academy\/en\/"},{"@type":"ListItem","position":2,"name":"Video summary of admission of Aldo Olcese"}]},{"@type":"WebSite","@id":"https:\/\/raed.academy\/en\/#website","url":"https:\/\/raed.academy\/en\/","name":"Royal European Academy of Doctors","description":"Corporaci\u00f3n de derecho p\u00fablico de car\u00e1cter cient\u00edfico, t\u00e9cnico y art\u00edstico, que tiene por objeto la investigaci\u00f3n, el estudio, el fomento y la extensi\u00f3n del conocimiento en su sentido m\u00e1s amplio.","publisher":{"@id":"https:\/\/raed.academy\/en\/#organization"},"potentialAction":[{"@type":"SearchAction","target":{"@type":"EntryPoint","urlTemplate":"https:\/\/raed.academy\/en\/?s={search_term_string}"},"query-input":{"@type":"PropertyValueSpecification","valueRequired":true,"valueName":"search_term_string"}}],"inLanguage":"en-US"},{"@type":"Organization","@id":"https:\/\/raed.academy\/en\/#organization","name":"Real Academia Europea de Doctores","url":"https:\/\/raed.academy\/en\/","logo":{"@type":"ImageObject","inLanguage":"en-US","@id":"https:\/\/raed.academy\/en\/#\/schema\/logo\/image\/","url":"https:\/\/raed.academy\/wp-content\/uploads\/2017\/01\/cropped-logo_raed.png","contentUrl":"https:\/\/raed.academy\/wp-content\/uploads\/2017\/01\/cropped-logo_raed.png","width":512,"height":512,"caption":"Real Academia Europea de Doctores"},"image":{"@id":"https:\/\/raed.academy\/en\/#\/schema\/logo\/image\/"},"sameAs":["http:\/\/fb.me\/raed.academy","https:\/\/x.com\/raedacademy","https:\/\/www.instagram.com\/raed.academy\/","https:\/\/www.youtube.com\/channel\/UCUYQwW2KrdirNWihxMDObwg"]},{"@type":"Person","@id":"https:\/\/raed.academy\/en\/#\/schema\/person\/5a755da80d1d979fd66ba745c8702927","name":"RAED","image":{"@type":"ImageObject","inLanguage":"en-US","@id":"https:\/\/secure.gravatar.com\/avatar\/19fdfdc0d67fb9c45714b703a2ac82251c4fcea3637f002ac3c9b74c0183583c?s=96&d=mm&r=g","url":"https:\/\/secure.gravatar.com\/avatar\/19fdfdc0d67fb9c45714b703a2ac82251c4fcea3637f002ac3c9b74c0183583c?s=96&d=mm&r=g","contentUrl":"https:\/\/secure.gravatar.com\/avatar\/19fdfdc0d67fb9c45714b703a2ac82251c4fcea3637f002ac3c9b74c0183583c?s=96&d=mm&r=g","caption":"RAED"}}]}},"_links":{"self":[{"href":"https:\/\/raed.academy\/en\/wp-json\/wp\/v2\/posts\/76723","targetHints":{"allow":["GET"]}}],"collection":[{"href":"https:\/\/raed.academy\/en\/wp-json\/wp\/v2\/posts"}],"about":[{"href":"https:\/\/raed.academy\/en\/wp-json\/wp\/v2\/types\/post"}],"author":[{"embeddable":true,"href":"https:\/\/raed.academy\/en\/wp-json\/wp\/v2\/users\/12"}],"replies":[{"embeddable":true,"href":"https:\/\/raed.academy\/en\/wp-json\/wp\/v2\/comments?post=76723"}],"version-history":[{"count":0,"href":"https:\/\/raed.academy\/en\/wp-json\/wp\/v2\/posts\/76723\/revisions"}],"wp:featuredmedia":[{"embeddable":true,"href":"https:\/\/raed.academy\/en\/wp-json\/wp\/v2\/media\/69665"}],"wp:attachment":[{"href":"https:\/\/raed.academy\/en\/wp-json\/wp\/v2\/media?parent=76723"}],"wp:term":[{"taxonomy":"category","embeddable":true,"href":"https:\/\/raed.academy\/en\/wp-json\/wp\/v2\/categories?post=76723"},{"taxonomy":"post_tag","embeddable":true,"href":"https:\/\/raed.academy\/en\/wp-json\/wp\/v2\/tags?post=76723"}],"curies":[{"name":"wp","href":"https:\/\/api.w.org\/{rel}","templated":true}]}}