{"id":76721,"date":"2019-07-22T18:14:43","date_gmt":"2019-07-22T18:14:43","guid":{"rendered":"https:\/\/raed.academy\/?p=76721"},"modified":"2019-08-07T17:00:25","modified_gmt":"2019-08-07T17:00:25","slug":"video-summary-of-admission-of-joan-b-renart","status":"publish","type":"post","link":"https:\/\/raed.academy\/en\/video-summary-of-admission-of-joan-b-renart\/","title":{"rendered":"Video summary of admission of Joan B. Renart"},"content":{"rendered":"<p>The YouTube channel of the <strong>Royal European Academy of Doctors-Barcelona 1914<\/strong> (RAED) already has the video summary of the admission as honorary academician of <a href=\"https:\/\/raed.academy\/en\/academicians\/mr-joan-renart-cava\/\" target=\"_blank\" rel=\"noopener noreferrer\"><strong>Joan B. Renart<\/strong><\/a>, president of the <a href=\"http:\/\/www.vichycatalan.com\" target=\"_blank\" rel=\"noopener noreferrer\"><strong>Vichy Catal\u00e1n Group<\/strong><\/a>, held on April 11 in the Assembly Hall of Catalan labor <a href=\"http:\/\/www.foment.com\" target=\"_blank\" rel=\"noopener noreferrer\"><strong>Promotion of National Work<\/strong><\/a>, headquarters of the Academy. The recipient read the admission speech<a href=\"https:\/\/raed.academy\/wp-content\/uploads\/publicaciones\/discursos-ingreso\/Discurso-ingreso-RAED-Joan-B-Renart-Cava-Esp-compr.pdf\" target=\"_blank\" rel=\"noopener noreferrer\"><strong> &#8220;Sujeto de la creatividad para ser m\u00e1s competitivos: El individuo creativo&#8221;<\/strong><\/a> (Subject of creativity to be more competitive: The creative individual). On behalf of the Royal Corporation answered the full academician and vicepresident of the institution <strong><a href=\"https:\/\/raed.academy\/en\/academicians\/dr-rafael-i-barraquer-compte\/dr-pedro-claros-blanch-3\/\" target=\"_blank\" rel=\"noopener noreferrer\">Pedro Clar\u00f3s<\/a><\/strong>.<\/p>\n<p>In his work, the new honorary member exposes the value of creativity in the company and analyzes concepts that he introduces in management such as flexibility, sense of humor, mental health, aesthetic sensitivity, authority or independence. He also presents various formulas to address the problems that arise in the company and the brakes that oppose creativity. The work is extended by <strong>M\u00e0rius Carol<\/strong>, director of Spanish newspaper <strong>&#8220;La Vanguardia&#8221;<\/strong>, and <a href=\"https:\/\/raed.academy\/en\/academicians\/dr-alfredo-rocafort-nicolau\/\" target=\"_blank\" rel=\"noopener noreferrer\"><strong>Alfredo Rocafort<\/strong><\/a>, president of the Royal Academy. The speech also has a broad preamble written by <strong>Nat\u00e0lia Piernas<\/strong> that summarizes the professional and vital trajectory that has led the new academician to be one of the most recognized business managers in Catalonia and Spain.<\/p>\n<p>The story begins in his native Balaguer, continues in Barcelona, \u200b\u200bwhere he completed his training and founded the <strong>Higher School of Marketing<\/strong>, pioneer in the studies not only of marketing, but of management and business administration, and concludes in Vichy Catal\u00e1n, a society in which he was elected administrator in 1984. Since then, his growth and market positioning and the flourishing of the <a href=\"https:\/\/www.hotelbalnearivichycatalan.cat\" target=\"_blank\" rel=\"noopener noreferrer\"><strong>Vichy Catal\u00e1n Spa Hotel<\/strong><\/a> are the main guarantees of his management.<\/p>\n<h3>Video summary<\/h3>\n<p><iframe loading=\"lazy\" src=\"https:\/\/www.youtube.com\/embed\/t4Tef4UD1jw\" width=\"1160\" height=\"632\" frameborder=\"0\" allowfullscreen=\"allowfullscreen\"><\/iframe><\/p>\n<h3>Complete video<\/h3>\n<p><iframe loading=\"lazy\" src=\"https:\/\/www.youtube.com\/embed\/g96VUAtRufs\" width=\"1160\" height=\"632\" frameborder=\"0\" allowfullscreen=\"allowfullscreen\"><\/iframe><\/p>\n","protected":false},"excerpt":{"rendered":"<p>The YouTube channel of the Royal European Academy of Doctors-Barcelona 1914 (RAED) already has the video summary of the admission as honorary academician of Joan B. Renart, president of the Vichy Catal\u00e1n Group, held on April 11 in the Assembly Hall of Catalan labor Promotion of National Work, headquarters of the Academy. The recipient read [&hellip;]<\/p>\n","protected":false},"author":12,"featured_media":70479,"comment_status":"closed","ping_status":"closed","sticky":false,"template":"","format":"standard","meta":{"_et_pb_use_builder":"","_et_pb_old_content":"","_et_gb_content_width":"","footnotes":""},"categories":[144],"tags":[476],"class_list":["post-76721","post","type-post","status-publish","format-standard","has-post-thumbnail","hentry","category-acts-admission-academicians","tag-academicians-income","et-has-post-format-content","et_post_format-et-post-format-standard"],"yoast_head":"<!-- This site is optimized with the Yoast SEO plugin v27.4 - https:\/\/yoast.com\/product\/yoast-seo-wordpress\/ -->\n<title>Video summary of admission of Joan B. Renart - Royal European Academy of Doctors<\/title>\n<meta name=\"robots\" content=\"index, follow, max-snippet:-1, max-image-preview:large, max-video-preview:-1\" \/>\n<link rel=\"canonical\" href=\"https:\/\/raed.academy\/en\/video-summary-of-admission-of-joan-b-renart\/\" \/>\n<meta property=\"og:locale\" content=\"en_US\" \/>\n<meta property=\"og:type\" content=\"article\" \/>\n<meta property=\"og:title\" content=\"Video summary of admission of Joan B. Renart - Royal European Academy of Doctors\" \/>\n<meta property=\"og:description\" content=\"The YouTube channel of the Royal European Academy of Doctors-Barcelona 1914 (RAED) already has the video summary of the admission as honorary academician of Joan B. Renart, president of the Vichy Catal\u00e1n Group, held on April 11 in the Assembly Hall of Catalan labor Promotion of National Work, headquarters of the Academy. The recipient read [&hellip;]\" \/>\n<meta property=\"og:url\" content=\"https:\/\/raed.academy\/en\/video-summary-of-admission-of-joan-b-renart\/\" \/>\n<meta property=\"og:site_name\" content=\"Royal European Academy of Doctors\" \/>\n<meta property=\"article:publisher\" content=\"http:\/\/fb.me\/raed.academy\" \/>\n<meta property=\"article:published_time\" content=\"2019-07-22T18:14:43+00:00\" \/>\n<meta property=\"article:modified_time\" content=\"2019-08-07T17:00:25+00:00\" \/>\n<meta property=\"og:image\" content=\"https:\/\/raed.academy\/wp-content\/uploads\/2019\/04\/ingreso-RAED-Joan-B-Renart-Cava-1.jpg\" \/>\n\t<meta property=\"og:image:width\" content=\"850\" \/>\n\t<meta property=\"og:image:height\" content=\"566\" \/>\n\t<meta property=\"og:image:type\" content=\"image\/jpeg\" \/>\n<meta name=\"author\" content=\"RAED\" \/>\n<meta name=\"twitter:card\" content=\"summary_large_image\" \/>\n<meta name=\"twitter:creator\" content=\"@raedacademy\" \/>\n<meta name=\"twitter:site\" content=\"@raedacademy\" \/>\n<meta name=\"twitter:label1\" content=\"Written by\" \/>\n\t<meta name=\"twitter:data1\" content=\"RAED\" \/>\n\t<meta name=\"twitter:label2\" content=\"Est. reading time\" \/>\n\t<meta name=\"twitter:data2\" content=\"1 minute\" \/>\n<script type=\"application\/ld+json\" class=\"yoast-schema-graph\">{\"@context\":\"https:\\\/\\\/schema.org\",\"@graph\":[{\"@type\":\"Article\",\"@id\":\"https:\\\/\\\/raed.academy\\\/en\\\/video-summary-of-admission-of-joan-b-renart\\\/#article\",\"isPartOf\":{\"@id\":\"https:\\\/\\\/raed.academy\\\/en\\\/video-summary-of-admission-of-joan-b-renart\\\/\"},\"author\":{\"name\":\"RAED\",\"@id\":\"https:\\\/\\\/raed.academy\\\/en\\\/#\\\/schema\\\/person\\\/5a755da80d1d979fd66ba745c8702927\"},\"headline\":\"Video summary of admission of Joan B. Renart\",\"datePublished\":\"2019-07-22T18:14:43+00:00\",\"dateModified\":\"2019-08-07T17:00:25+00:00\",\"mainEntityOfPage\":{\"@id\":\"https:\\\/\\\/raed.academy\\\/en\\\/video-summary-of-admission-of-joan-b-renart\\\/\"},\"wordCount\":300,\"publisher\":{\"@id\":\"https:\\\/\\\/raed.academy\\\/en\\\/#organization\"},\"image\":{\"@id\":\"https:\\\/\\\/raed.academy\\\/en\\\/video-summary-of-admission-of-joan-b-renart\\\/#primaryimage\"},\"thumbnailUrl\":\"https:\\\/\\\/raed.academy\\\/wp-content\\\/uploads\\\/2019\\\/04\\\/ingreso-RAED-Joan-B-Renart-Cava-1.jpg\",\"keywords\":[\"academicians income\"],\"articleSection\":[\"Acts of admission as academicians\"],\"inLanguage\":\"en-US\"},{\"@type\":\"WebPage\",\"@id\":\"https:\\\/\\\/raed.academy\\\/en\\\/video-summary-of-admission-of-joan-b-renart\\\/\",\"url\":\"https:\\\/\\\/raed.academy\\\/en\\\/video-summary-of-admission-of-joan-b-renart\\\/\",\"name\":\"Video summary of admission of Joan B. Renart - Royal European Academy of Doctors\",\"isPartOf\":{\"@id\":\"https:\\\/\\\/raed.academy\\\/en\\\/#website\"},\"primaryImageOfPage\":{\"@id\":\"https:\\\/\\\/raed.academy\\\/en\\\/video-summary-of-admission-of-joan-b-renart\\\/#primaryimage\"},\"image\":{\"@id\":\"https:\\\/\\\/raed.academy\\\/en\\\/video-summary-of-admission-of-joan-b-renart\\\/#primaryimage\"},\"thumbnailUrl\":\"https:\\\/\\\/raed.academy\\\/wp-content\\\/uploads\\\/2019\\\/04\\\/ingreso-RAED-Joan-B-Renart-Cava-1.jpg\",\"datePublished\":\"2019-07-22T18:14:43+00:00\",\"dateModified\":\"2019-08-07T17:00:25+00:00\",\"breadcrumb\":{\"@id\":\"https:\\\/\\\/raed.academy\\\/en\\\/video-summary-of-admission-of-joan-b-renart\\\/#breadcrumb\"},\"inLanguage\":\"en-US\",\"potentialAction\":[{\"@type\":\"ReadAction\",\"target\":[\"https:\\\/\\\/raed.academy\\\/en\\\/video-summary-of-admission-of-joan-b-renart\\\/\"]}]},{\"@type\":\"ImageObject\",\"inLanguage\":\"en-US\",\"@id\":\"https:\\\/\\\/raed.academy\\\/en\\\/video-summary-of-admission-of-joan-b-renart\\\/#primaryimage\",\"url\":\"https:\\\/\\\/raed.academy\\\/wp-content\\\/uploads\\\/2019\\\/04\\\/ingreso-RAED-Joan-B-Renart-Cava-1.jpg\",\"contentUrl\":\"https:\\\/\\\/raed.academy\\\/wp-content\\\/uploads\\\/2019\\\/04\\\/ingreso-RAED-Joan-B-Renart-Cava-1.jpg\",\"width\":850,\"height\":566},{\"@type\":\"BreadcrumbList\",\"@id\":\"https:\\\/\\\/raed.academy\\\/en\\\/video-summary-of-admission-of-joan-b-renart\\\/#breadcrumb\",\"itemListElement\":[{\"@type\":\"ListItem\",\"position\":1,\"name\":\"Inicio\",\"item\":\"https:\\\/\\\/raed.academy\\\/en\\\/\"},{\"@type\":\"ListItem\",\"position\":2,\"name\":\"Video summary of admission of Joan B. Renart\"}]},{\"@type\":\"WebSite\",\"@id\":\"https:\\\/\\\/raed.academy\\\/en\\\/#website\",\"url\":\"https:\\\/\\\/raed.academy\\\/en\\\/\",\"name\":\"Royal European Academy of Doctors\",\"description\":\"Corporaci\u00f3n de derecho p\u00fablico de car\u00e1cter cient\u00edfico, t\u00e9cnico y art\u00edstico, que tiene por objeto la investigaci\u00f3n, el estudio, el fomento y la extensi\u00f3n del conocimiento en su sentido m\u00e1s amplio.\",\"publisher\":{\"@id\":\"https:\\\/\\\/raed.academy\\\/en\\\/#organization\"},\"potentialAction\":[{\"@type\":\"SearchAction\",\"target\":{\"@type\":\"EntryPoint\",\"urlTemplate\":\"https:\\\/\\\/raed.academy\\\/en\\\/?s={search_term_string}\"},\"query-input\":{\"@type\":\"PropertyValueSpecification\",\"valueRequired\":true,\"valueName\":\"search_term_string\"}}],\"inLanguage\":\"en-US\"},{\"@type\":\"Organization\",\"@id\":\"https:\\\/\\\/raed.academy\\\/en\\\/#organization\",\"name\":\"Real Academia Europea de Doctores\",\"url\":\"https:\\\/\\\/raed.academy\\\/en\\\/\",\"logo\":{\"@type\":\"ImageObject\",\"inLanguage\":\"en-US\",\"@id\":\"https:\\\/\\\/raed.academy\\\/en\\\/#\\\/schema\\\/logo\\\/image\\\/\",\"url\":\"https:\\\/\\\/raed.academy\\\/wp-content\\\/uploads\\\/2017\\\/01\\\/cropped-logo_raed.png\",\"contentUrl\":\"https:\\\/\\\/raed.academy\\\/wp-content\\\/uploads\\\/2017\\\/01\\\/cropped-logo_raed.png\",\"width\":512,\"height\":512,\"caption\":\"Real Academia Europea de Doctores\"},\"image\":{\"@id\":\"https:\\\/\\\/raed.academy\\\/en\\\/#\\\/schema\\\/logo\\\/image\\\/\"},\"sameAs\":[\"http:\\\/\\\/fb.me\\\/raed.academy\",\"https:\\\/\\\/x.com\\\/raedacademy\",\"https:\\\/\\\/www.instagram.com\\\/raed.academy\\\/\",\"https:\\\/\\\/www.youtube.com\\\/channel\\\/UCUYQwW2KrdirNWihxMDObwg\"]},{\"@type\":\"Person\",\"@id\":\"https:\\\/\\\/raed.academy\\\/en\\\/#\\\/schema\\\/person\\\/5a755da80d1d979fd66ba745c8702927\",\"name\":\"RAED\",\"image\":{\"@type\":\"ImageObject\",\"inLanguage\":\"en-US\",\"@id\":\"https:\\\/\\\/secure.gravatar.com\\\/avatar\\\/19fdfdc0d67fb9c45714b703a2ac82251c4fcea3637f002ac3c9b74c0183583c?s=96&d=mm&r=g\",\"url\":\"https:\\\/\\\/secure.gravatar.com\\\/avatar\\\/19fdfdc0d67fb9c45714b703a2ac82251c4fcea3637f002ac3c9b74c0183583c?s=96&d=mm&r=g\",\"contentUrl\":\"https:\\\/\\\/secure.gravatar.com\\\/avatar\\\/19fdfdc0d67fb9c45714b703a2ac82251c4fcea3637f002ac3c9b74c0183583c?s=96&d=mm&r=g\",\"caption\":\"RAED\"}}]}<\/script>\n<!-- \/ Yoast SEO plugin. -->","yoast_head_json":{"title":"Video summary of admission of Joan B. Renart - Royal European Academy of Doctors","robots":{"index":"index","follow":"follow","max-snippet":"max-snippet:-1","max-image-preview":"max-image-preview:large","max-video-preview":"max-video-preview:-1"},"canonical":"https:\/\/raed.academy\/en\/video-summary-of-admission-of-joan-b-renart\/","og_locale":"en_US","og_type":"article","og_title":"Video summary of admission of Joan B. Renart - Royal European Academy of Doctors","og_description":"The YouTube channel of the Royal European Academy of Doctors-Barcelona 1914 (RAED) already has the video summary of the admission as honorary academician of Joan B. Renart, president of the Vichy Catal\u00e1n Group, held on April 11 in the Assembly Hall of Catalan labor Promotion of National Work, headquarters of the Academy. The recipient read [&hellip;]","og_url":"https:\/\/raed.academy\/en\/video-summary-of-admission-of-joan-b-renart\/","og_site_name":"Royal European Academy of Doctors","article_publisher":"http:\/\/fb.me\/raed.academy","article_published_time":"2019-07-22T18:14:43+00:00","article_modified_time":"2019-08-07T17:00:25+00:00","og_image":[{"width":850,"height":566,"url":"https:\/\/raed.academy\/wp-content\/uploads\/2019\/04\/ingreso-RAED-Joan-B-Renart-Cava-1.jpg","type":"image\/jpeg"}],"author":"RAED","twitter_card":"summary_large_image","twitter_creator":"@raedacademy","twitter_site":"@raedacademy","twitter_misc":{"Written by":"RAED","Est. reading time":"1 minute"},"schema":{"@context":"https:\/\/schema.org","@graph":[{"@type":"Article","@id":"https:\/\/raed.academy\/en\/video-summary-of-admission-of-joan-b-renart\/#article","isPartOf":{"@id":"https:\/\/raed.academy\/en\/video-summary-of-admission-of-joan-b-renart\/"},"author":{"name":"RAED","@id":"https:\/\/raed.academy\/en\/#\/schema\/person\/5a755da80d1d979fd66ba745c8702927"},"headline":"Video summary of admission of Joan B. Renart","datePublished":"2019-07-22T18:14:43+00:00","dateModified":"2019-08-07T17:00:25+00:00","mainEntityOfPage":{"@id":"https:\/\/raed.academy\/en\/video-summary-of-admission-of-joan-b-renart\/"},"wordCount":300,"publisher":{"@id":"https:\/\/raed.academy\/en\/#organization"},"image":{"@id":"https:\/\/raed.academy\/en\/video-summary-of-admission-of-joan-b-renart\/#primaryimage"},"thumbnailUrl":"https:\/\/raed.academy\/wp-content\/uploads\/2019\/04\/ingreso-RAED-Joan-B-Renart-Cava-1.jpg","keywords":["academicians income"],"articleSection":["Acts of admission as academicians"],"inLanguage":"en-US"},{"@type":"WebPage","@id":"https:\/\/raed.academy\/en\/video-summary-of-admission-of-joan-b-renart\/","url":"https:\/\/raed.academy\/en\/video-summary-of-admission-of-joan-b-renart\/","name":"Video summary of admission of Joan B. Renart - Royal European Academy of Doctors","isPartOf":{"@id":"https:\/\/raed.academy\/en\/#website"},"primaryImageOfPage":{"@id":"https:\/\/raed.academy\/en\/video-summary-of-admission-of-joan-b-renart\/#primaryimage"},"image":{"@id":"https:\/\/raed.academy\/en\/video-summary-of-admission-of-joan-b-renart\/#primaryimage"},"thumbnailUrl":"https:\/\/raed.academy\/wp-content\/uploads\/2019\/04\/ingreso-RAED-Joan-B-Renart-Cava-1.jpg","datePublished":"2019-07-22T18:14:43+00:00","dateModified":"2019-08-07T17:00:25+00:00","breadcrumb":{"@id":"https:\/\/raed.academy\/en\/video-summary-of-admission-of-joan-b-renart\/#breadcrumb"},"inLanguage":"en-US","potentialAction":[{"@type":"ReadAction","target":["https:\/\/raed.academy\/en\/video-summary-of-admission-of-joan-b-renart\/"]}]},{"@type":"ImageObject","inLanguage":"en-US","@id":"https:\/\/raed.academy\/en\/video-summary-of-admission-of-joan-b-renart\/#primaryimage","url":"https:\/\/raed.academy\/wp-content\/uploads\/2019\/04\/ingreso-RAED-Joan-B-Renart-Cava-1.jpg","contentUrl":"https:\/\/raed.academy\/wp-content\/uploads\/2019\/04\/ingreso-RAED-Joan-B-Renart-Cava-1.jpg","width":850,"height":566},{"@type":"BreadcrumbList","@id":"https:\/\/raed.academy\/en\/video-summary-of-admission-of-joan-b-renart\/#breadcrumb","itemListElement":[{"@type":"ListItem","position":1,"name":"Inicio","item":"https:\/\/raed.academy\/en\/"},{"@type":"ListItem","position":2,"name":"Video summary of admission of Joan B. Renart"}]},{"@type":"WebSite","@id":"https:\/\/raed.academy\/en\/#website","url":"https:\/\/raed.academy\/en\/","name":"Royal European Academy of Doctors","description":"Corporaci\u00f3n de derecho p\u00fablico de car\u00e1cter cient\u00edfico, t\u00e9cnico y art\u00edstico, que tiene por objeto la investigaci\u00f3n, el estudio, el fomento y la extensi\u00f3n del conocimiento en su sentido m\u00e1s amplio.","publisher":{"@id":"https:\/\/raed.academy\/en\/#organization"},"potentialAction":[{"@type":"SearchAction","target":{"@type":"EntryPoint","urlTemplate":"https:\/\/raed.academy\/en\/?s={search_term_string}"},"query-input":{"@type":"PropertyValueSpecification","valueRequired":true,"valueName":"search_term_string"}}],"inLanguage":"en-US"},{"@type":"Organization","@id":"https:\/\/raed.academy\/en\/#organization","name":"Real Academia Europea de Doctores","url":"https:\/\/raed.academy\/en\/","logo":{"@type":"ImageObject","inLanguage":"en-US","@id":"https:\/\/raed.academy\/en\/#\/schema\/logo\/image\/","url":"https:\/\/raed.academy\/wp-content\/uploads\/2017\/01\/cropped-logo_raed.png","contentUrl":"https:\/\/raed.academy\/wp-content\/uploads\/2017\/01\/cropped-logo_raed.png","width":512,"height":512,"caption":"Real Academia Europea de Doctores"},"image":{"@id":"https:\/\/raed.academy\/en\/#\/schema\/logo\/image\/"},"sameAs":["http:\/\/fb.me\/raed.academy","https:\/\/x.com\/raedacademy","https:\/\/www.instagram.com\/raed.academy\/","https:\/\/www.youtube.com\/channel\/UCUYQwW2KrdirNWihxMDObwg"]},{"@type":"Person","@id":"https:\/\/raed.academy\/en\/#\/schema\/person\/5a755da80d1d979fd66ba745c8702927","name":"RAED","image":{"@type":"ImageObject","inLanguage":"en-US","@id":"https:\/\/secure.gravatar.com\/avatar\/19fdfdc0d67fb9c45714b703a2ac82251c4fcea3637f002ac3c9b74c0183583c?s=96&d=mm&r=g","url":"https:\/\/secure.gravatar.com\/avatar\/19fdfdc0d67fb9c45714b703a2ac82251c4fcea3637f002ac3c9b74c0183583c?s=96&d=mm&r=g","contentUrl":"https:\/\/secure.gravatar.com\/avatar\/19fdfdc0d67fb9c45714b703a2ac82251c4fcea3637f002ac3c9b74c0183583c?s=96&d=mm&r=g","caption":"RAED"}}]}},"_links":{"self":[{"href":"https:\/\/raed.academy\/en\/wp-json\/wp\/v2\/posts\/76721","targetHints":{"allow":["GET"]}}],"collection":[{"href":"https:\/\/raed.academy\/en\/wp-json\/wp\/v2\/posts"}],"about":[{"href":"https:\/\/raed.academy\/en\/wp-json\/wp\/v2\/types\/post"}],"author":[{"embeddable":true,"href":"https:\/\/raed.academy\/en\/wp-json\/wp\/v2\/users\/12"}],"replies":[{"embeddable":true,"href":"https:\/\/raed.academy\/en\/wp-json\/wp\/v2\/comments?post=76721"}],"version-history":[{"count":0,"href":"https:\/\/raed.academy\/en\/wp-json\/wp\/v2\/posts\/76721\/revisions"}],"wp:featuredmedia":[{"embeddable":true,"href":"https:\/\/raed.academy\/en\/wp-json\/wp\/v2\/media\/70479"}],"wp:attachment":[{"href":"https:\/\/raed.academy\/en\/wp-json\/wp\/v2\/media?parent=76721"}],"wp:term":[{"taxonomy":"category","embeddable":true,"href":"https:\/\/raed.academy\/en\/wp-json\/wp\/v2\/categories?post=76721"},{"taxonomy":"post_tag","embeddable":true,"href":"https:\/\/raed.academy\/en\/wp-json\/wp\/v2\/tags?post=76721"}],"curies":[{"name":"wp","href":"https:\/\/api.w.org\/{rel}","templated":true}]}}