{"id":76141,"date":"2019-07-18T15:17:58","date_gmt":"2019-07-18T15:17:58","guid":{"rendered":"https:\/\/raed.academy\/?p=76141"},"modified":"2019-07-22T17:51:37","modified_gmt":"2019-07-22T17:51:37","slug":"interest-in-the-galapagos","status":"publish","type":"post","link":"https:\/\/raed.academy\/en\/interest-in-the-galapagos\/","title":{"rendered":"Interest in the Galapagos"},"content":{"rendered":"<h2>Several reference media echo the scientific expedition that the Royal Academy will carry out with National Geographic<\/h2>\n<p>The expedition that the <strong>Royal European Academy of Doctors-Barcelona 1914<\/strong> (RAED) will carry out in the Galapagos Islands in September 2020 together with <a href=\"http:\/\/www.nationalgeographic.com\" target=\"_blank\" rel=\"noopener noreferrer\"><strong>National Geographic<\/strong><\/a> has aroused great expectations in the media on both sides of the Atlantic since its official presentation last 8 July in Madrid within the debate <strong>&#8220;Sostenibilidad, transici\u00f3n ecol\u00f3gica y el papel de las empresas&#8221;<\/strong> (Sustainability, ecological transition and the role of companies), organized by the <a href=\"http:\/\/www.radoctores.es\" target=\"_blank\" rel=\"noopener noreferrer\"><strong>Royal Academy of Doctors of Spain<\/strong><\/a>, the Spanish <a href=\"http:\/\/www.fundacionindependiente.es\" target=\"_blank\" rel=\"noopener noreferrer\"><strong>Independent Foundation<\/strong><\/a> and RAED itself.<\/p>\n<p><img loading=\"lazy\" decoding=\"async\" class=\"alignright size-full wp-image-57068 jetpack-lazy-image jetpack-lazy-image--handled\" src=\"https:\/\/raed.academy\/wp-content\/uploads\/2018\/10\/archipielago-islas-galapagos-Ecuador-40.jpeg\" sizes=\"(max-width: 850px) 100vw, 850px\" srcset=\"https:\/\/raed.academy\/wp-content\/uploads\/2018\/10\/archipielago-islas-galapagos-Ecuador-40.jpeg 850w, https:\/\/raed.academy\/wp-content\/uploads\/2018\/10\/archipielago-islas-galapagos-Ecuador-40-768x512.jpeg 768w\" alt=\"Le\u00f3n de mar de las islas Gal\u00e1pagos (Zalophus wollebaeki)\" width=\"850\" height=\"567\" data-attachment-id=\"57068\" data-permalink=\"https:\/\/raed.academy\/vi-acto-internacional\/archipielago-islas-galapagos-ecuador-40\/\" data-orig-file=\"https:\/\/raed.academy\/wp-content\/uploads\/2018\/10\/archipielago-islas-galapagos-Ecuador-40.jpeg\" data-orig-size=\"850,567\" data-comments-opened=\"0\" data-image-meta=\"{&quot;aperture&quot;:&quot;22&quot;,&quot;credit&quot;:&quot;Michael S. Nolan&quot;,&quot;camera&quot;:&quot;Canon EOS 7D&quot;,&quot;caption&quot;:&quot;Galapagos sea lion (Zalophus wollebaeki) hauled out on Gardner beach at sunrise on Santiago Island in the Galapagos Island Archipelago, Ecuador.&quot;,&quot;created_timestamp&quot;:&quot;1327212656&quot;,&quot;copyright&quot;:&quot;Michael S. Nolan&quot;,&quot;focal_length&quot;:&quot;125&quot;,&quot;iso&quot;:&quot;800&quot;,&quot;shutter_speed&quot;:&quot;0.002&quot;,&quot;title&quot;:&quot;&quot;,&quot;orientation&quot;:&quot;0&quot;}\" data-image-title=\"archipielago-islas-galapagos-Ecuador-40\" data-image-description=\"&lt;p&gt;VI Acto Internacional de la RAED \u2013 Congreso de Investigaciones Interdisciplinarias.&lt;br \/&gt; Expedici\u00f3n cient\u00edfica a las Islas Gal\u00e1pagos y Ecuador, con la participaci\u00f3n de National Geographic.&lt;br \/&gt; Septiembre 2020q&lt;\/p&gt; \" data-medium-file=\"https:\/\/raed.academy\/wp-content\/uploads\/2018\/10\/archipielago-islas-galapagos-Ecuador-40.jpeg\" data-large-file=\"https:\/\/raed.academy\/wp-content\/uploads\/2018\/10\/archipielago-islas-galapagos-Ecuador-40.jpeg\" data-lazy-loaded=\"1\" \/>The trip has been echoed from the main Spanish news agencies &#8211;<strong>Efe<\/strong> and <strong>Europa Press<\/strong>&#8211; to reference media in Spain and Latin America such as <strong>&#8220;La Vanguardia&#8221;,<\/strong> <strong>Cadena Cope<\/strong>, <strong>&#8220;Expansi\u00f3n&#8221;<\/strong>, <strong>&#8220;La Rep\u00fablica&#8221;<\/strong>, <strong>&#8220;La Estrella de Panam\u00e1&#8221;<\/strong>or <strong>&#8220;Pulso&#8221;<\/strong> of Mexico, in addition to specialized media such as <strong>&#8220;Natura&#8221;<\/strong>, among others. All of them have highlighted the opportunity of the expedition to denounce the dangers that affect this unique natural reserve in the world due to illegal fishing and climate change as well as the quality of its participants.<\/p>\n<p>In fact, five are the Nobel prizes that have already confirmed their participation in the trip. These are the honorary academicians of the RAED <a href=\"https:\/\/raed.academy\/en\/academicians\/dr-aaron-ciechanover\/\" target=\"_blank\" rel=\"noopener noreferrer\"><strong>Aaron Ciechanover<\/strong><\/a>, Nobel prize in Chemistry in 2004; <a href=\"https:\/\/raed.academy\/en\/academicians\/dr-barry-clark-barish\/\" target=\"_blank\" rel=\"noopener noreferrer\"><strong>Barry Barish<\/strong><\/a>, Nobel prize in Physics in 2017, and <a href=\"https:\/\/raed.academy\/en\/academicians\/dr-richard-royce-schrock\/\" target=\"_blank\" rel=\"noopener noreferrer\"><strong>Richard Schrock<\/strong><\/a>, Nobel prize in Chemistry in 2005, and the elected honorary academicians <strong>Frances Hamilton Arnold<\/strong>, Nobel prize in Chemistry in 2018, and <strong>G\u00e9rard Albert Mourou<\/strong>, Nobel prize in Physics in 2018. They will join the academician of honor, former president of Ecuador and president of the <a href=\"http:\/\/www.fidal-amlat.org\" target=\"_blank\" rel=\"noopener noreferrer\"><strong>Foundation for the Development of Latin America<\/strong><\/a> <a href=\"https:\/\/raed.academy\/en\/academicians\/dr-rosalia-arteaga-serrano\/\" target=\"_blank\" rel=\"noopener noreferrer\"><strong>Rosal\u00eda Arteaga<\/strong><\/a>, in addition to other Nobel prizes and relevant international figures who have also been invited by the Academy to participate in this pointed event.<\/p>\n<p>When this archipelago was the one that served as the basis for <strong>Charles Darwin<\/strong> to lay the foundations of his evolutionary theory, the RAED wanted to involve in its expedition prestigious figures in the matter in order to prepare an institutional declaration addressed to the main international organizations. Also participating artists and philosophers will come from the <a href=\"http:\/\/quoartis.org\" target=\"_blank\" rel=\"noopener noreferrer\"><strong>Quo Artis Foundation<\/strong><\/a>, dedicated to science through art and thought and working closely with the Royal Academy.<\/p>\n<h3><a href=\"https:\/\/galapagos.raed.academy\/\" target=\"_blank\" rel=\"noopener noreferrer\">Website of the expedition to Galapagos<\/a><\/h3>\n<h3 style=\"text-align: center;\">Press clipping<\/h3>\n<div style=\"text-align: center;\"><iframe loading=\"lazy\" style=\"margin: 0 auto;\" src=\"\/\/v.calameo.com\/?bkcode=005473754b9e3790d4165&amp;mode=mini&amp;clickto=view&amp;clicktarget=_blank\" width=\"560\" height=\"350\" frameborder=\"0\" scrolling=\"no\" allowfullscreen=\"allowfullscreen\"><\/iframe><\/div>\n","protected":false},"excerpt":{"rendered":"<p>Several reference media echo the scientific expedition that the Royal Academy will carry out with National Geographic The expedition that the Royal European Academy of Doctors-Barcelona 1914 (RAED) will carry out in the Galapagos Islands in September 2020 together with National Geographic has aroused great expectations in the media on both sides of the Atlantic [&hellip;]<\/p>\n","protected":false},"author":12,"featured_media":75827,"comment_status":"closed","ping_status":"closed","sticky":false,"template":"","format":"standard","meta":{"_et_pb_use_builder":"","_et_pb_old_content":"","_et_gb_content_width":"","footnotes":""},"categories":[67],"tags":[],"class_list":["post-76141","post","type-post","status-publish","format-standard","has-post-thumbnail","hentry","category-uncategorized-6","et-has-post-format-content","et_post_format-et-post-format-standard"],"yoast_head":"<!-- This site is optimized with the Yoast SEO plugin v27.5 - https:\/\/yoast.com\/product\/yoast-seo-wordpress\/ -->\n<title>Interest in the Galapagos - Royal European Academy of Doctors<\/title>\n<meta name=\"robots\" content=\"index, follow, max-snippet:-1, max-image-preview:large, max-video-preview:-1\" \/>\n<link rel=\"canonical\" href=\"https:\/\/raed.academy\/en\/interest-in-the-galapagos\/\" \/>\n<meta property=\"og:locale\" content=\"en_US\" \/>\n<meta property=\"og:type\" content=\"article\" \/>\n<meta property=\"og:title\" content=\"Interest in the Galapagos - Royal European Academy of Doctors\" \/>\n<meta property=\"og:description\" content=\"Several reference media echo the scientific expedition that the Royal Academy will carry out with National Geographic The expedition that the Royal European Academy of Doctors-Barcelona 1914 (RAED) will carry out in the Galapagos Islands in September 2020 together with National Geographic has aroused great expectations in the media on both sides of the Atlantic [&hellip;]\" \/>\n<meta property=\"og:url\" content=\"https:\/\/raed.academy\/en\/interest-in-the-galapagos\/\" \/>\n<meta property=\"og:site_name\" content=\"Royal European Academy of Doctors\" \/>\n<meta property=\"article:publisher\" content=\"http:\/\/fb.me\/raed.academy\" \/>\n<meta property=\"article:published_time\" content=\"2019-07-18T15:17:58+00:00\" \/>\n<meta property=\"article:modified_time\" content=\"2019-07-22T17:51:37+00:00\" \/>\n<meta property=\"og:image\" content=\"https:\/\/raed.academy\/wp-content\/uploads\/2019\/07\/shutt-prensa-dstNtc.jpg\" \/>\n\t<meta property=\"og:image:width\" content=\"970\" \/>\n\t<meta property=\"og:image:height\" content=\"350\" \/>\n\t<meta property=\"og:image:type\" content=\"image\/jpeg\" \/>\n<meta name=\"author\" content=\"RAED\" \/>\n<meta name=\"twitter:card\" content=\"summary_large_image\" \/>\n<meta name=\"twitter:creator\" content=\"@raedacademy\" \/>\n<meta name=\"twitter:site\" content=\"@raedacademy\" \/>\n<meta name=\"twitter:label1\" content=\"Written by\" \/>\n\t<meta name=\"twitter:data1\" content=\"RAED\" \/>\n\t<meta name=\"twitter:label2\" content=\"Est. reading time\" \/>\n\t<meta name=\"twitter:data2\" content=\"2 minutes\" \/>\n<script type=\"application\/ld+json\" class=\"yoast-schema-graph\">{\"@context\":\"https:\\\/\\\/schema.org\",\"@graph\":[{\"@type\":\"Article\",\"@id\":\"https:\\\/\\\/raed.academy\\\/en\\\/interest-in-the-galapagos\\\/#article\",\"isPartOf\":{\"@id\":\"https:\\\/\\\/raed.academy\\\/en\\\/interest-in-the-galapagos\\\/\"},\"author\":{\"name\":\"RAED\",\"@id\":\"https:\\\/\\\/raed.academy\\\/en\\\/#\\\/schema\\\/person\\\/5a755da80d1d979fd66ba745c8702927\"},\"headline\":\"Interest in the Galapagos\",\"datePublished\":\"2019-07-18T15:17:58+00:00\",\"dateModified\":\"2019-07-22T17:51:37+00:00\",\"mainEntityOfPage\":{\"@id\":\"https:\\\/\\\/raed.academy\\\/en\\\/interest-in-the-galapagos\\\/\"},\"wordCount\":393,\"publisher\":{\"@id\":\"https:\\\/\\\/raed.academy\\\/en\\\/#organization\"},\"image\":{\"@id\":\"https:\\\/\\\/raed.academy\\\/en\\\/interest-in-the-galapagos\\\/#primaryimage\"},\"thumbnailUrl\":\"https:\\\/\\\/raed.academy\\\/wp-content\\\/uploads\\\/2019\\\/07\\\/shutt-prensa-dstNtc.jpg\",\"inLanguage\":\"en-US\"},{\"@type\":\"WebPage\",\"@id\":\"https:\\\/\\\/raed.academy\\\/en\\\/interest-in-the-galapagos\\\/\",\"url\":\"https:\\\/\\\/raed.academy\\\/en\\\/interest-in-the-galapagos\\\/\",\"name\":\"Interest in the Galapagos - Royal European Academy of Doctors\",\"isPartOf\":{\"@id\":\"https:\\\/\\\/raed.academy\\\/en\\\/#website\"},\"primaryImageOfPage\":{\"@id\":\"https:\\\/\\\/raed.academy\\\/en\\\/interest-in-the-galapagos\\\/#primaryimage\"},\"image\":{\"@id\":\"https:\\\/\\\/raed.academy\\\/en\\\/interest-in-the-galapagos\\\/#primaryimage\"},\"thumbnailUrl\":\"https:\\\/\\\/raed.academy\\\/wp-content\\\/uploads\\\/2019\\\/07\\\/shutt-prensa-dstNtc.jpg\",\"datePublished\":\"2019-07-18T15:17:58+00:00\",\"dateModified\":\"2019-07-22T17:51:37+00:00\",\"breadcrumb\":{\"@id\":\"https:\\\/\\\/raed.academy\\\/en\\\/interest-in-the-galapagos\\\/#breadcrumb\"},\"inLanguage\":\"en-US\",\"potentialAction\":[{\"@type\":\"ReadAction\",\"target\":[\"https:\\\/\\\/raed.academy\\\/en\\\/interest-in-the-galapagos\\\/\"]}]},{\"@type\":\"ImageObject\",\"inLanguage\":\"en-US\",\"@id\":\"https:\\\/\\\/raed.academy\\\/en\\\/interest-in-the-galapagos\\\/#primaryimage\",\"url\":\"https:\\\/\\\/raed.academy\\\/wp-content\\\/uploads\\\/2019\\\/07\\\/shutt-prensa-dstNtc.jpg\",\"contentUrl\":\"https:\\\/\\\/raed.academy\\\/wp-content\\\/uploads\\\/2019\\\/07\\\/shutt-prensa-dstNtc.jpg\",\"width\":970,\"height\":350},{\"@type\":\"BreadcrumbList\",\"@id\":\"https:\\\/\\\/raed.academy\\\/en\\\/interest-in-the-galapagos\\\/#breadcrumb\",\"itemListElement\":[{\"@type\":\"ListItem\",\"position\":1,\"name\":\"Inicio\",\"item\":\"https:\\\/\\\/raed.academy\\\/en\\\/\"},{\"@type\":\"ListItem\",\"position\":2,\"name\":\"Interest in the Galapagos\"}]},{\"@type\":\"WebSite\",\"@id\":\"https:\\\/\\\/raed.academy\\\/en\\\/#website\",\"url\":\"https:\\\/\\\/raed.academy\\\/en\\\/\",\"name\":\"Royal European Academy of Doctors\",\"description\":\"Corporaci\u00f3n de derecho p\u00fablico de car\u00e1cter cient\u00edfico, t\u00e9cnico y art\u00edstico, que tiene por objeto la investigaci\u00f3n, el estudio, el fomento y la extensi\u00f3n del conocimiento en su sentido m\u00e1s amplio.\",\"publisher\":{\"@id\":\"https:\\\/\\\/raed.academy\\\/en\\\/#organization\"},\"potentialAction\":[{\"@type\":\"SearchAction\",\"target\":{\"@type\":\"EntryPoint\",\"urlTemplate\":\"https:\\\/\\\/raed.academy\\\/en\\\/?s={search_term_string}\"},\"query-input\":{\"@type\":\"PropertyValueSpecification\",\"valueRequired\":true,\"valueName\":\"search_term_string\"}}],\"inLanguage\":\"en-US\"},{\"@type\":\"Organization\",\"@id\":\"https:\\\/\\\/raed.academy\\\/en\\\/#organization\",\"name\":\"Real Academia Europea de Doctores\",\"url\":\"https:\\\/\\\/raed.academy\\\/en\\\/\",\"logo\":{\"@type\":\"ImageObject\",\"inLanguage\":\"en-US\",\"@id\":\"https:\\\/\\\/raed.academy\\\/en\\\/#\\\/schema\\\/logo\\\/image\\\/\",\"url\":\"https:\\\/\\\/raed.academy\\\/wp-content\\\/uploads\\\/2017\\\/01\\\/cropped-logo_raed.png\",\"contentUrl\":\"https:\\\/\\\/raed.academy\\\/wp-content\\\/uploads\\\/2017\\\/01\\\/cropped-logo_raed.png\",\"width\":512,\"height\":512,\"caption\":\"Real Academia Europea de Doctores\"},\"image\":{\"@id\":\"https:\\\/\\\/raed.academy\\\/en\\\/#\\\/schema\\\/logo\\\/image\\\/\"},\"sameAs\":[\"http:\\\/\\\/fb.me\\\/raed.academy\",\"https:\\\/\\\/x.com\\\/raedacademy\",\"https:\\\/\\\/www.instagram.com\\\/raed.academy\\\/\",\"https:\\\/\\\/www.youtube.com\\\/channel\\\/UCUYQwW2KrdirNWihxMDObwg\"]},{\"@type\":\"Person\",\"@id\":\"https:\\\/\\\/raed.academy\\\/en\\\/#\\\/schema\\\/person\\\/5a755da80d1d979fd66ba745c8702927\",\"name\":\"RAED\",\"image\":{\"@type\":\"ImageObject\",\"inLanguage\":\"en-US\",\"@id\":\"https:\\\/\\\/secure.gravatar.com\\\/avatar\\\/19fdfdc0d67fb9c45714b703a2ac82251c4fcea3637f002ac3c9b74c0183583c?s=96&d=mm&r=g\",\"url\":\"https:\\\/\\\/secure.gravatar.com\\\/avatar\\\/19fdfdc0d67fb9c45714b703a2ac82251c4fcea3637f002ac3c9b74c0183583c?s=96&d=mm&r=g\",\"contentUrl\":\"https:\\\/\\\/secure.gravatar.com\\\/avatar\\\/19fdfdc0d67fb9c45714b703a2ac82251c4fcea3637f002ac3c9b74c0183583c?s=96&d=mm&r=g\",\"caption\":\"RAED\"}}]}<\/script>\n<!-- \/ Yoast SEO plugin. -->","yoast_head_json":{"title":"Interest in the Galapagos - Royal European Academy of Doctors","robots":{"index":"index","follow":"follow","max-snippet":"max-snippet:-1","max-image-preview":"max-image-preview:large","max-video-preview":"max-video-preview:-1"},"canonical":"https:\/\/raed.academy\/en\/interest-in-the-galapagos\/","og_locale":"en_US","og_type":"article","og_title":"Interest in the Galapagos - Royal European Academy of Doctors","og_description":"Several reference media echo the scientific expedition that the Royal Academy will carry out with National Geographic The expedition that the Royal European Academy of Doctors-Barcelona 1914 (RAED) will carry out in the Galapagos Islands in September 2020 together with National Geographic has aroused great expectations in the media on both sides of the Atlantic [&hellip;]","og_url":"https:\/\/raed.academy\/en\/interest-in-the-galapagos\/","og_site_name":"Royal European Academy of Doctors","article_publisher":"http:\/\/fb.me\/raed.academy","article_published_time":"2019-07-18T15:17:58+00:00","article_modified_time":"2019-07-22T17:51:37+00:00","og_image":[{"width":970,"height":350,"url":"https:\/\/raed.academy\/wp-content\/uploads\/2019\/07\/shutt-prensa-dstNtc.jpg","type":"image\/jpeg"}],"author":"RAED","twitter_card":"summary_large_image","twitter_creator":"@raedacademy","twitter_site":"@raedacademy","twitter_misc":{"Written by":"RAED","Est. reading time":"2 minutes"},"schema":{"@context":"https:\/\/schema.org","@graph":[{"@type":"Article","@id":"https:\/\/raed.academy\/en\/interest-in-the-galapagos\/#article","isPartOf":{"@id":"https:\/\/raed.academy\/en\/interest-in-the-galapagos\/"},"author":{"name":"RAED","@id":"https:\/\/raed.academy\/en\/#\/schema\/person\/5a755da80d1d979fd66ba745c8702927"},"headline":"Interest in the Galapagos","datePublished":"2019-07-18T15:17:58+00:00","dateModified":"2019-07-22T17:51:37+00:00","mainEntityOfPage":{"@id":"https:\/\/raed.academy\/en\/interest-in-the-galapagos\/"},"wordCount":393,"publisher":{"@id":"https:\/\/raed.academy\/en\/#organization"},"image":{"@id":"https:\/\/raed.academy\/en\/interest-in-the-galapagos\/#primaryimage"},"thumbnailUrl":"https:\/\/raed.academy\/wp-content\/uploads\/2019\/07\/shutt-prensa-dstNtc.jpg","inLanguage":"en-US"},{"@type":"WebPage","@id":"https:\/\/raed.academy\/en\/interest-in-the-galapagos\/","url":"https:\/\/raed.academy\/en\/interest-in-the-galapagos\/","name":"Interest in the Galapagos - Royal European Academy of Doctors","isPartOf":{"@id":"https:\/\/raed.academy\/en\/#website"},"primaryImageOfPage":{"@id":"https:\/\/raed.academy\/en\/interest-in-the-galapagos\/#primaryimage"},"image":{"@id":"https:\/\/raed.academy\/en\/interest-in-the-galapagos\/#primaryimage"},"thumbnailUrl":"https:\/\/raed.academy\/wp-content\/uploads\/2019\/07\/shutt-prensa-dstNtc.jpg","datePublished":"2019-07-18T15:17:58+00:00","dateModified":"2019-07-22T17:51:37+00:00","breadcrumb":{"@id":"https:\/\/raed.academy\/en\/interest-in-the-galapagos\/#breadcrumb"},"inLanguage":"en-US","potentialAction":[{"@type":"ReadAction","target":["https:\/\/raed.academy\/en\/interest-in-the-galapagos\/"]}]},{"@type":"ImageObject","inLanguage":"en-US","@id":"https:\/\/raed.academy\/en\/interest-in-the-galapagos\/#primaryimage","url":"https:\/\/raed.academy\/wp-content\/uploads\/2019\/07\/shutt-prensa-dstNtc.jpg","contentUrl":"https:\/\/raed.academy\/wp-content\/uploads\/2019\/07\/shutt-prensa-dstNtc.jpg","width":970,"height":350},{"@type":"BreadcrumbList","@id":"https:\/\/raed.academy\/en\/interest-in-the-galapagos\/#breadcrumb","itemListElement":[{"@type":"ListItem","position":1,"name":"Inicio","item":"https:\/\/raed.academy\/en\/"},{"@type":"ListItem","position":2,"name":"Interest in the Galapagos"}]},{"@type":"WebSite","@id":"https:\/\/raed.academy\/en\/#website","url":"https:\/\/raed.academy\/en\/","name":"Royal European Academy of Doctors","description":"Corporaci\u00f3n de derecho p\u00fablico de car\u00e1cter cient\u00edfico, t\u00e9cnico y art\u00edstico, que tiene por objeto la investigaci\u00f3n, el estudio, el fomento y la extensi\u00f3n del conocimiento en su sentido m\u00e1s amplio.","publisher":{"@id":"https:\/\/raed.academy\/en\/#organization"},"potentialAction":[{"@type":"SearchAction","target":{"@type":"EntryPoint","urlTemplate":"https:\/\/raed.academy\/en\/?s={search_term_string}"},"query-input":{"@type":"PropertyValueSpecification","valueRequired":true,"valueName":"search_term_string"}}],"inLanguage":"en-US"},{"@type":"Organization","@id":"https:\/\/raed.academy\/en\/#organization","name":"Real Academia Europea de Doctores","url":"https:\/\/raed.academy\/en\/","logo":{"@type":"ImageObject","inLanguage":"en-US","@id":"https:\/\/raed.academy\/en\/#\/schema\/logo\/image\/","url":"https:\/\/raed.academy\/wp-content\/uploads\/2017\/01\/cropped-logo_raed.png","contentUrl":"https:\/\/raed.academy\/wp-content\/uploads\/2017\/01\/cropped-logo_raed.png","width":512,"height":512,"caption":"Real Academia Europea de Doctores"},"image":{"@id":"https:\/\/raed.academy\/en\/#\/schema\/logo\/image\/"},"sameAs":["http:\/\/fb.me\/raed.academy","https:\/\/x.com\/raedacademy","https:\/\/www.instagram.com\/raed.academy\/","https:\/\/www.youtube.com\/channel\/UCUYQwW2KrdirNWihxMDObwg"]},{"@type":"Person","@id":"https:\/\/raed.academy\/en\/#\/schema\/person\/5a755da80d1d979fd66ba745c8702927","name":"RAED","image":{"@type":"ImageObject","inLanguage":"en-US","@id":"https:\/\/secure.gravatar.com\/avatar\/19fdfdc0d67fb9c45714b703a2ac82251c4fcea3637f002ac3c9b74c0183583c?s=96&d=mm&r=g","url":"https:\/\/secure.gravatar.com\/avatar\/19fdfdc0d67fb9c45714b703a2ac82251c4fcea3637f002ac3c9b74c0183583c?s=96&d=mm&r=g","contentUrl":"https:\/\/secure.gravatar.com\/avatar\/19fdfdc0d67fb9c45714b703a2ac82251c4fcea3637f002ac3c9b74c0183583c?s=96&d=mm&r=g","caption":"RAED"}}]}},"_links":{"self":[{"href":"https:\/\/raed.academy\/en\/wp-json\/wp\/v2\/posts\/76141","targetHints":{"allow":["GET"]}}],"collection":[{"href":"https:\/\/raed.academy\/en\/wp-json\/wp\/v2\/posts"}],"about":[{"href":"https:\/\/raed.academy\/en\/wp-json\/wp\/v2\/types\/post"}],"author":[{"embeddable":true,"href":"https:\/\/raed.academy\/en\/wp-json\/wp\/v2\/users\/12"}],"replies":[{"embeddable":true,"href":"https:\/\/raed.academy\/en\/wp-json\/wp\/v2\/comments?post=76141"}],"version-history":[{"count":0,"href":"https:\/\/raed.academy\/en\/wp-json\/wp\/v2\/posts\/76141\/revisions"}],"wp:featuredmedia":[{"embeddable":true,"href":"https:\/\/raed.academy\/en\/wp-json\/wp\/v2\/media\/75827"}],"wp:attachment":[{"href":"https:\/\/raed.academy\/en\/wp-json\/wp\/v2\/media?parent=76141"}],"wp:term":[{"taxonomy":"category","embeddable":true,"href":"https:\/\/raed.academy\/en\/wp-json\/wp\/v2\/categories?post=76141"},{"taxonomy":"post_tag","embeddable":true,"href":"https:\/\/raed.academy\/en\/wp-json\/wp\/v2\/tags?post=76141"}],"curies":[{"name":"wp","href":"https:\/\/api.w.org\/{rel}","templated":true}]}}