{"id":75000,"date":"2019-06-24T08:44:45","date_gmt":"2019-06-24T08:44:45","guid":{"rendered":"https:\/\/raed.academy\/?p=75000"},"modified":"2019-07-08T14:34:05","modified_gmt":"2019-07-08T14:34:05","slug":"academicians-of-our-centennial-history-ramon-menendez-pidal","status":"publish","type":"post","link":"https:\/\/raed.academy\/en\/academicians-of-our-centennial-history-ramon-menendez-pidal\/","title":{"rendered":"Academicians of our centennial history: Ram\u00f3n Men\u00e9ndez Pidal"},"content":{"rendered":"<h2>The creator of Hispanic philology<\/h2>\n<p><img loading=\"lazy\" decoding=\"async\" class=\"wp-image-74448 size-full jetpack-lazy-image jetpack-lazy-image--handled alignright\" src=\"https:\/\/raed.academy\/wp-content\/uploads\/2019\/06\/Ramon-Menendez-Pidal-int.jpg\" alt=\"Ram\u00f3n Men\u00e9ndez Pidal\" width=\"400\" height=\"267\" aria-describedby=\"caption-attachment-74448\" data-attachment-id=\"74448\" data-permalink=\"https:\/\/raed.academy\/ramon-menendez-pidal\/ramon-menendez-pidal-int\/\" data-orig-file=\"https:\/\/raed.academy\/wp-content\/uploads\/2019\/06\/Ramon-Menendez-Pidal-int.jpg\" data-orig-size=\"400,267\" data-comments-opened=\"0\" data-image-meta=\"{&quot;aperture&quot;:&quot;0&quot;,&quot;credit&quot;:&quot;&quot;,&quot;camera&quot;:&quot;&quot;,&quot;caption&quot;:&quot;&quot;,&quot;created_timestamp&quot;:&quot;0&quot;,&quot;copyright&quot;:&quot;&quot;,&quot;focal_length&quot;:&quot;0&quot;,&quot;iso&quot;:&quot;0&quot;,&quot;shutter_speed&quot;:&quot;0&quot;,&quot;title&quot;:&quot;&quot;,&quot;orientation&quot;:&quot;0&quot;}\" data-image-title=\"Ramon-Menendez-Pidal-int\" data-image-description=\"\" data-medium-file=\"https:\/\/raed.academy\/wp-content\/uploads\/2019\/06\/Ramon-Menendez-Pidal-int.jpg\" data-large-file=\"https:\/\/raed.academy\/wp-content\/uploads\/2019\/06\/Ramon-Menendez-Pidal-int.jpg\" data-lazy-loaded=\"1\" \/>The <strong>Royal European Academy of Doctors-Barcelona 1914<\/strong> (RAED) begins with the immeasurable scientific figure of <strong>Ram\u00f3n Men\u00e9ndez Pidal<\/strong> a series in which it recalls the most remarkable academicians of its centennial history. Great figures of science and thought of international scope that left their mark on the institution and that the current Governing Board wants to thank, recognize and claim, in the conviction that who has no memory, has no future. The selection of these selected academicians is the result of the research carried out for the publication of the <strong>&#8220;Book of the Centennial&#8221;<\/strong> of the Royal Academy, published three years ago.<\/p>\n<p>Men\u00e9ndez Pidal was recognized as honorary academician by the Royal Academy in 1966, after working actively with the Royal Corporation between 1945 and 1962 and reading in its bosom, in the midst of a great expectation, his renowned paper <strong>&#8220;Cervantes&#8221;<\/strong>, where he glosses the figure and the work of the author of <strong>&#8220;Don Quixote de la Mancha&#8221;<\/strong>. Born in A Coru\u00f1a in 1869 of Asturian parents, Men\u00e9ndez Pidal always maintained a close relationship with Catalonia, which led him to get closer and actively participate both in the activity of the at that time <strong>Academy of Doctors of the University District of Barcelona<\/strong> and in the Philology Section of the <a href=\"http:\/\/www.iec.cat\" target=\"_blank\" rel=\"noopener noreferrer\"><strong>Institute of Catalan Studies<\/strong><\/a>.<\/p>\n<p>During his long career as a researcher, Men\u00e9ndez Pidal managed to recover the tradition of Hispanic culture -not only Spanish nor in Castilian language-, both in the study of the history of peninsular languages \u200b\u200band of the Romancero. He reconstructed, most of the time with materials of first hand, the pre-Roman Hispania, the Roman, the Gothic, the Islamic Andalusia, the Neo-Gothic Hispania and the medieval Spain and the classical centuries, valuing their achievements and their shortcomings. With his hard work he rescued from oblivion facts and literary works not well valued in this time, greatly expanding the living cultural heritage of the past. His scientific interest wasn&#8217;t limited to the observation and reconstruction of facts, but he introduced in historical studies conceptual and methodological details that his European teachers didn&#8217;t provide him and that they remain valid and current.<\/p>\n<p>Great compiler of the Spanish Romance and literature of the Golden Age, in 1900 he married <strong>Mar\u00eda Goyri<\/strong>, the first woman who did official studies in Philosophy and Literature (1896). In their honeymoon they discovered both the persistence of the Spanish Romancero as oral literature and began to collect many romances in successive excursions through the lands of Old Castile. Elected for the <a href=\"http:\/\/www.rae.es\" target=\"_blank\" rel=\"noopener noreferrer\"><strong>Royal Spanish Academy of Language<\/strong><\/a> in 1901, his teacher <strong>Men\u00e9ndez Pelayo<\/strong> delivered the welcome speech in this institution that he came to preside over. In 1912 he entered at the Spanish <a href=\"http:\/\/www.rah.es\" target=\"_blank\" rel=\"noopener noreferrer\"><strong>Royal Academy of History<\/strong><\/a> and in 1914 he founded the <strong>&#8220;Revista de Filolog\u00eda Espa\u00f1ola&#8221;<\/strong> (Spanish Philology Magazine), the germ of the constitution of these studies.<\/p>\n<p>Among his strictly philological works are, among many others, <strong>&#8220;Manual elemental de gram\u00e1tica hist\u00f3rica espa\u00f1ola&#8221;<\/strong> (Elementary guide of Spanish historical grammar) (1904), successively expanded and corrected and whose importance derives from having implemented scientific methods in Hispanic philology; <strong>&#8220;Or\u00edgenes del espa\u00f1ol&#8221;<\/strong> (Origins of Spanish language) (1926), analysis of the early days of Castilian language; <strong>&#8220;Crist\u00f3bal Col\u00f3n y otros ensayos&#8221;<\/strong> (Christopher Columbus and other essays) (1942), in which he analyzes the linguistic and stylistic particularities of <strong>Saint Theresa of Avila<\/strong> or <strong>Christopher Columbus<\/strong>, and <strong>&#8220;Toponimia prerrom\u00e1nica hisp\u00e1nica&#8221;<\/strong> (Hispanic pre-Romanesque toponymy) (1953). In addition to that &#8220;Cervantes&#8221; that the Royal European Academy of Doctors-Barcelona 1914 treasures with zeal and pride.<\/p>\n","protected":false},"excerpt":{"rendered":"<p>The creator of Hispanic philology The Royal European Academy of Doctors-Barcelona 1914 (RAED) begins with the immeasurable scientific figure of Ram\u00f3n Men\u00e9ndez Pidal a series in which it recalls the most remarkable academicians of its centennial history. Great figures of science and thought of international scope that left their mark on the institution and that [&hellip;]<\/p>\n","protected":false},"author":12,"featured_media":74468,"comment_status":"closed","ping_status":"closed","sticky":false,"template":"","format":"standard","meta":{"_et_pb_use_builder":"","_et_pb_old_content":"","_et_gb_content_width":"","footnotes":""},"categories":[264],"tags":[],"class_list":["post-75000","post","type-post","status-publish","format-standard","has-post-thumbnail","hentry","category-categ-academicians-of-our-centennial-history","et-has-post-format-content","et_post_format-et-post-format-standard"],"yoast_head":"<!-- This site is optimized with the Yoast SEO plugin v27.4 - https:\/\/yoast.com\/product\/yoast-seo-wordpress\/ -->\n<title>Academicians of our centennial history: Ram\u00f3n Men\u00e9ndez Pidal - Royal European Academy of Doctors<\/title>\n<meta name=\"robots\" content=\"index, follow, max-snippet:-1, max-image-preview:large, max-video-preview:-1\" \/>\n<link rel=\"canonical\" href=\"https:\/\/raed.academy\/en\/academicians-of-our-centennial-history-ramon-menendez-pidal\/\" \/>\n<meta property=\"og:locale\" content=\"en_US\" \/>\n<meta property=\"og:type\" content=\"article\" \/>\n<meta property=\"og:title\" content=\"Academicians of our centennial history: Ram\u00f3n Men\u00e9ndez Pidal - Royal European Academy of Doctors\" \/>\n<meta property=\"og:description\" content=\"The creator of Hispanic philology The Royal European Academy of Doctors-Barcelona 1914 (RAED) begins with the immeasurable scientific figure of Ram\u00f3n Men\u00e9ndez Pidal a series in which it recalls the most remarkable academicians of its centennial history. Great figures of science and thought of international scope that left their mark on the institution and that [&hellip;]\" \/>\n<meta property=\"og:url\" content=\"https:\/\/raed.academy\/en\/academicians-of-our-centennial-history-ramon-menendez-pidal\/\" \/>\n<meta property=\"og:site_name\" content=\"Royal European Academy of Doctors\" \/>\n<meta property=\"article:publisher\" content=\"http:\/\/fb.me\/raed.academy\" \/>\n<meta property=\"article:published_time\" content=\"2019-06-24T08:44:45+00:00\" \/>\n<meta property=\"article:modified_time\" content=\"2019-07-08T14:34:05+00:00\" \/>\n<meta property=\"og:image\" content=\"https:\/\/raed.academy\/wp-content\/uploads\/2019\/06\/ramon-menendez-pidal-caja-portada-dstNtc.jpg\" \/>\n\t<meta property=\"og:image:width\" content=\"360\" \/>\n\t<meta property=\"og:image:height\" content=\"297\" \/>\n\t<meta property=\"og:image:type\" content=\"image\/jpeg\" \/>\n<meta name=\"author\" content=\"RAED\" \/>\n<meta name=\"twitter:card\" content=\"summary_large_image\" \/>\n<meta name=\"twitter:creator\" content=\"@raedacademy\" \/>\n<meta name=\"twitter:site\" content=\"@raedacademy\" \/>\n<meta name=\"twitter:label1\" content=\"Written by\" \/>\n\t<meta name=\"twitter:data1\" content=\"RAED\" \/>\n\t<meta name=\"twitter:label2\" content=\"Est. reading time\" \/>\n\t<meta name=\"twitter:data2\" content=\"3 minutes\" \/>\n<script type=\"application\/ld+json\" class=\"yoast-schema-graph\">{\"@context\":\"https:\\\/\\\/schema.org\",\"@graph\":[{\"@type\":\"Article\",\"@id\":\"https:\\\/\\\/raed.academy\\\/en\\\/academicians-of-our-centennial-history-ramon-menendez-pidal\\\/#article\",\"isPartOf\":{\"@id\":\"https:\\\/\\\/raed.academy\\\/en\\\/academicians-of-our-centennial-history-ramon-menendez-pidal\\\/\"},\"author\":{\"name\":\"RAED\",\"@id\":\"https:\\\/\\\/raed.academy\\\/en\\\/#\\\/schema\\\/person\\\/5a755da80d1d979fd66ba745c8702927\"},\"headline\":\"Academicians of our centennial history: Ram\u00f3n Men\u00e9ndez Pidal\",\"datePublished\":\"2019-06-24T08:44:45+00:00\",\"dateModified\":\"2019-07-08T14:34:05+00:00\",\"mainEntityOfPage\":{\"@id\":\"https:\\\/\\\/raed.academy\\\/en\\\/academicians-of-our-centennial-history-ramon-menendez-pidal\\\/\"},\"wordCount\":602,\"publisher\":{\"@id\":\"https:\\\/\\\/raed.academy\\\/en\\\/#organization\"},\"image\":{\"@id\":\"https:\\\/\\\/raed.academy\\\/en\\\/academicians-of-our-centennial-history-ramon-menendez-pidal\\\/#primaryimage\"},\"thumbnailUrl\":\"https:\\\/\\\/raed.academy\\\/wp-content\\\/uploads\\\/2019\\\/06\\\/ramon-menendez-pidal-caja-portada-dstNtc.jpg\",\"articleSection\":[\"Academicians of our centennial history\"],\"inLanguage\":\"en-US\"},{\"@type\":\"WebPage\",\"@id\":\"https:\\\/\\\/raed.academy\\\/en\\\/academicians-of-our-centennial-history-ramon-menendez-pidal\\\/\",\"url\":\"https:\\\/\\\/raed.academy\\\/en\\\/academicians-of-our-centennial-history-ramon-menendez-pidal\\\/\",\"name\":\"Academicians of our centennial history: Ram\u00f3n Men\u00e9ndez Pidal - Royal European Academy of Doctors\",\"isPartOf\":{\"@id\":\"https:\\\/\\\/raed.academy\\\/en\\\/#website\"},\"primaryImageOfPage\":{\"@id\":\"https:\\\/\\\/raed.academy\\\/en\\\/academicians-of-our-centennial-history-ramon-menendez-pidal\\\/#primaryimage\"},\"image\":{\"@id\":\"https:\\\/\\\/raed.academy\\\/en\\\/academicians-of-our-centennial-history-ramon-menendez-pidal\\\/#primaryimage\"},\"thumbnailUrl\":\"https:\\\/\\\/raed.academy\\\/wp-content\\\/uploads\\\/2019\\\/06\\\/ramon-menendez-pidal-caja-portada-dstNtc.jpg\",\"datePublished\":\"2019-06-24T08:44:45+00:00\",\"dateModified\":\"2019-07-08T14:34:05+00:00\",\"breadcrumb\":{\"@id\":\"https:\\\/\\\/raed.academy\\\/en\\\/academicians-of-our-centennial-history-ramon-menendez-pidal\\\/#breadcrumb\"},\"inLanguage\":\"en-US\",\"potentialAction\":[{\"@type\":\"ReadAction\",\"target\":[\"https:\\\/\\\/raed.academy\\\/en\\\/academicians-of-our-centennial-history-ramon-menendez-pidal\\\/\"]}]},{\"@type\":\"ImageObject\",\"inLanguage\":\"en-US\",\"@id\":\"https:\\\/\\\/raed.academy\\\/en\\\/academicians-of-our-centennial-history-ramon-menendez-pidal\\\/#primaryimage\",\"url\":\"https:\\\/\\\/raed.academy\\\/wp-content\\\/uploads\\\/2019\\\/06\\\/ramon-menendez-pidal-caja-portada-dstNtc.jpg\",\"contentUrl\":\"https:\\\/\\\/raed.academy\\\/wp-content\\\/uploads\\\/2019\\\/06\\\/ramon-menendez-pidal-caja-portada-dstNtc.jpg\",\"width\":360,\"height\":297,\"caption\":\"Ram\u00f3n Men\u00e9ndez Pidal\"},{\"@type\":\"BreadcrumbList\",\"@id\":\"https:\\\/\\\/raed.academy\\\/en\\\/academicians-of-our-centennial-history-ramon-menendez-pidal\\\/#breadcrumb\",\"itemListElement\":[{\"@type\":\"ListItem\",\"position\":1,\"name\":\"Inicio\",\"item\":\"https:\\\/\\\/raed.academy\\\/en\\\/\"},{\"@type\":\"ListItem\",\"position\":2,\"name\":\"Academicians of our centennial history: Ram\u00f3n Men\u00e9ndez Pidal\"}]},{\"@type\":\"WebSite\",\"@id\":\"https:\\\/\\\/raed.academy\\\/en\\\/#website\",\"url\":\"https:\\\/\\\/raed.academy\\\/en\\\/\",\"name\":\"Royal European Academy of Doctors\",\"description\":\"Corporaci\u00f3n de derecho p\u00fablico de car\u00e1cter cient\u00edfico, t\u00e9cnico y art\u00edstico, que tiene por objeto la investigaci\u00f3n, el estudio, el fomento y la extensi\u00f3n del conocimiento en su sentido m\u00e1s amplio.\",\"publisher\":{\"@id\":\"https:\\\/\\\/raed.academy\\\/en\\\/#organization\"},\"potentialAction\":[{\"@type\":\"SearchAction\",\"target\":{\"@type\":\"EntryPoint\",\"urlTemplate\":\"https:\\\/\\\/raed.academy\\\/en\\\/?s={search_term_string}\"},\"query-input\":{\"@type\":\"PropertyValueSpecification\",\"valueRequired\":true,\"valueName\":\"search_term_string\"}}],\"inLanguage\":\"en-US\"},{\"@type\":\"Organization\",\"@id\":\"https:\\\/\\\/raed.academy\\\/en\\\/#organization\",\"name\":\"Real Academia Europea de Doctores\",\"url\":\"https:\\\/\\\/raed.academy\\\/en\\\/\",\"logo\":{\"@type\":\"ImageObject\",\"inLanguage\":\"en-US\",\"@id\":\"https:\\\/\\\/raed.academy\\\/en\\\/#\\\/schema\\\/logo\\\/image\\\/\",\"url\":\"https:\\\/\\\/raed.academy\\\/wp-content\\\/uploads\\\/2017\\\/01\\\/cropped-logo_raed.png\",\"contentUrl\":\"https:\\\/\\\/raed.academy\\\/wp-content\\\/uploads\\\/2017\\\/01\\\/cropped-logo_raed.png\",\"width\":512,\"height\":512,\"caption\":\"Real Academia Europea de Doctores\"},\"image\":{\"@id\":\"https:\\\/\\\/raed.academy\\\/en\\\/#\\\/schema\\\/logo\\\/image\\\/\"},\"sameAs\":[\"http:\\\/\\\/fb.me\\\/raed.academy\",\"https:\\\/\\\/x.com\\\/raedacademy\",\"https:\\\/\\\/www.instagram.com\\\/raed.academy\\\/\",\"https:\\\/\\\/www.youtube.com\\\/channel\\\/UCUYQwW2KrdirNWihxMDObwg\"]},{\"@type\":\"Person\",\"@id\":\"https:\\\/\\\/raed.academy\\\/en\\\/#\\\/schema\\\/person\\\/5a755da80d1d979fd66ba745c8702927\",\"name\":\"RAED\",\"image\":{\"@type\":\"ImageObject\",\"inLanguage\":\"en-US\",\"@id\":\"https:\\\/\\\/secure.gravatar.com\\\/avatar\\\/19fdfdc0d67fb9c45714b703a2ac82251c4fcea3637f002ac3c9b74c0183583c?s=96&d=mm&r=g\",\"url\":\"https:\\\/\\\/secure.gravatar.com\\\/avatar\\\/19fdfdc0d67fb9c45714b703a2ac82251c4fcea3637f002ac3c9b74c0183583c?s=96&d=mm&r=g\",\"contentUrl\":\"https:\\\/\\\/secure.gravatar.com\\\/avatar\\\/19fdfdc0d67fb9c45714b703a2ac82251c4fcea3637f002ac3c9b74c0183583c?s=96&d=mm&r=g\",\"caption\":\"RAED\"}}]}<\/script>\n<!-- \/ Yoast SEO plugin. -->","yoast_head_json":{"title":"Academicians of our centennial history: Ram\u00f3n Men\u00e9ndez Pidal - Royal European Academy of Doctors","robots":{"index":"index","follow":"follow","max-snippet":"max-snippet:-1","max-image-preview":"max-image-preview:large","max-video-preview":"max-video-preview:-1"},"canonical":"https:\/\/raed.academy\/en\/academicians-of-our-centennial-history-ramon-menendez-pidal\/","og_locale":"en_US","og_type":"article","og_title":"Academicians of our centennial history: Ram\u00f3n Men\u00e9ndez Pidal - Royal European Academy of Doctors","og_description":"The creator of Hispanic philology The Royal European Academy of Doctors-Barcelona 1914 (RAED) begins with the immeasurable scientific figure of Ram\u00f3n Men\u00e9ndez Pidal a series in which it recalls the most remarkable academicians of its centennial history. Great figures of science and thought of international scope that left their mark on the institution and that [&hellip;]","og_url":"https:\/\/raed.academy\/en\/academicians-of-our-centennial-history-ramon-menendez-pidal\/","og_site_name":"Royal European Academy of Doctors","article_publisher":"http:\/\/fb.me\/raed.academy","article_published_time":"2019-06-24T08:44:45+00:00","article_modified_time":"2019-07-08T14:34:05+00:00","og_image":[{"width":360,"height":297,"url":"https:\/\/raed.academy\/wp-content\/uploads\/2019\/06\/ramon-menendez-pidal-caja-portada-dstNtc.jpg","type":"image\/jpeg"}],"author":"RAED","twitter_card":"summary_large_image","twitter_creator":"@raedacademy","twitter_site":"@raedacademy","twitter_misc":{"Written by":"RAED","Est. reading time":"3 minutes"},"schema":{"@context":"https:\/\/schema.org","@graph":[{"@type":"Article","@id":"https:\/\/raed.academy\/en\/academicians-of-our-centennial-history-ramon-menendez-pidal\/#article","isPartOf":{"@id":"https:\/\/raed.academy\/en\/academicians-of-our-centennial-history-ramon-menendez-pidal\/"},"author":{"name":"RAED","@id":"https:\/\/raed.academy\/en\/#\/schema\/person\/5a755da80d1d979fd66ba745c8702927"},"headline":"Academicians of our centennial history: Ram\u00f3n Men\u00e9ndez Pidal","datePublished":"2019-06-24T08:44:45+00:00","dateModified":"2019-07-08T14:34:05+00:00","mainEntityOfPage":{"@id":"https:\/\/raed.academy\/en\/academicians-of-our-centennial-history-ramon-menendez-pidal\/"},"wordCount":602,"publisher":{"@id":"https:\/\/raed.academy\/en\/#organization"},"image":{"@id":"https:\/\/raed.academy\/en\/academicians-of-our-centennial-history-ramon-menendez-pidal\/#primaryimage"},"thumbnailUrl":"https:\/\/raed.academy\/wp-content\/uploads\/2019\/06\/ramon-menendez-pidal-caja-portada-dstNtc.jpg","articleSection":["Academicians of our centennial history"],"inLanguage":"en-US"},{"@type":"WebPage","@id":"https:\/\/raed.academy\/en\/academicians-of-our-centennial-history-ramon-menendez-pidal\/","url":"https:\/\/raed.academy\/en\/academicians-of-our-centennial-history-ramon-menendez-pidal\/","name":"Academicians of our centennial history: Ram\u00f3n Men\u00e9ndez Pidal - Royal European Academy of Doctors","isPartOf":{"@id":"https:\/\/raed.academy\/en\/#website"},"primaryImageOfPage":{"@id":"https:\/\/raed.academy\/en\/academicians-of-our-centennial-history-ramon-menendez-pidal\/#primaryimage"},"image":{"@id":"https:\/\/raed.academy\/en\/academicians-of-our-centennial-history-ramon-menendez-pidal\/#primaryimage"},"thumbnailUrl":"https:\/\/raed.academy\/wp-content\/uploads\/2019\/06\/ramon-menendez-pidal-caja-portada-dstNtc.jpg","datePublished":"2019-06-24T08:44:45+00:00","dateModified":"2019-07-08T14:34:05+00:00","breadcrumb":{"@id":"https:\/\/raed.academy\/en\/academicians-of-our-centennial-history-ramon-menendez-pidal\/#breadcrumb"},"inLanguage":"en-US","potentialAction":[{"@type":"ReadAction","target":["https:\/\/raed.academy\/en\/academicians-of-our-centennial-history-ramon-menendez-pidal\/"]}]},{"@type":"ImageObject","inLanguage":"en-US","@id":"https:\/\/raed.academy\/en\/academicians-of-our-centennial-history-ramon-menendez-pidal\/#primaryimage","url":"https:\/\/raed.academy\/wp-content\/uploads\/2019\/06\/ramon-menendez-pidal-caja-portada-dstNtc.jpg","contentUrl":"https:\/\/raed.academy\/wp-content\/uploads\/2019\/06\/ramon-menendez-pidal-caja-portada-dstNtc.jpg","width":360,"height":297,"caption":"Ram\u00f3n Men\u00e9ndez Pidal"},{"@type":"BreadcrumbList","@id":"https:\/\/raed.academy\/en\/academicians-of-our-centennial-history-ramon-menendez-pidal\/#breadcrumb","itemListElement":[{"@type":"ListItem","position":1,"name":"Inicio","item":"https:\/\/raed.academy\/en\/"},{"@type":"ListItem","position":2,"name":"Academicians of our centennial history: Ram\u00f3n Men\u00e9ndez Pidal"}]},{"@type":"WebSite","@id":"https:\/\/raed.academy\/en\/#website","url":"https:\/\/raed.academy\/en\/","name":"Royal European Academy of Doctors","description":"Corporaci\u00f3n de derecho p\u00fablico de car\u00e1cter cient\u00edfico, t\u00e9cnico y art\u00edstico, que tiene por objeto la investigaci\u00f3n, el estudio, el fomento y la extensi\u00f3n del conocimiento en su sentido m\u00e1s amplio.","publisher":{"@id":"https:\/\/raed.academy\/en\/#organization"},"potentialAction":[{"@type":"SearchAction","target":{"@type":"EntryPoint","urlTemplate":"https:\/\/raed.academy\/en\/?s={search_term_string}"},"query-input":{"@type":"PropertyValueSpecification","valueRequired":true,"valueName":"search_term_string"}}],"inLanguage":"en-US"},{"@type":"Organization","@id":"https:\/\/raed.academy\/en\/#organization","name":"Real Academia Europea de Doctores","url":"https:\/\/raed.academy\/en\/","logo":{"@type":"ImageObject","inLanguage":"en-US","@id":"https:\/\/raed.academy\/en\/#\/schema\/logo\/image\/","url":"https:\/\/raed.academy\/wp-content\/uploads\/2017\/01\/cropped-logo_raed.png","contentUrl":"https:\/\/raed.academy\/wp-content\/uploads\/2017\/01\/cropped-logo_raed.png","width":512,"height":512,"caption":"Real Academia Europea de Doctores"},"image":{"@id":"https:\/\/raed.academy\/en\/#\/schema\/logo\/image\/"},"sameAs":["http:\/\/fb.me\/raed.academy","https:\/\/x.com\/raedacademy","https:\/\/www.instagram.com\/raed.academy\/","https:\/\/www.youtube.com\/channel\/UCUYQwW2KrdirNWihxMDObwg"]},{"@type":"Person","@id":"https:\/\/raed.academy\/en\/#\/schema\/person\/5a755da80d1d979fd66ba745c8702927","name":"RAED","image":{"@type":"ImageObject","inLanguage":"en-US","@id":"https:\/\/secure.gravatar.com\/avatar\/19fdfdc0d67fb9c45714b703a2ac82251c4fcea3637f002ac3c9b74c0183583c?s=96&d=mm&r=g","url":"https:\/\/secure.gravatar.com\/avatar\/19fdfdc0d67fb9c45714b703a2ac82251c4fcea3637f002ac3c9b74c0183583c?s=96&d=mm&r=g","contentUrl":"https:\/\/secure.gravatar.com\/avatar\/19fdfdc0d67fb9c45714b703a2ac82251c4fcea3637f002ac3c9b74c0183583c?s=96&d=mm&r=g","caption":"RAED"}}]}},"_links":{"self":[{"href":"https:\/\/raed.academy\/en\/wp-json\/wp\/v2\/posts\/75000","targetHints":{"allow":["GET"]}}],"collection":[{"href":"https:\/\/raed.academy\/en\/wp-json\/wp\/v2\/posts"}],"about":[{"href":"https:\/\/raed.academy\/en\/wp-json\/wp\/v2\/types\/post"}],"author":[{"embeddable":true,"href":"https:\/\/raed.academy\/en\/wp-json\/wp\/v2\/users\/12"}],"replies":[{"embeddable":true,"href":"https:\/\/raed.academy\/en\/wp-json\/wp\/v2\/comments?post=75000"}],"version-history":[{"count":0,"href":"https:\/\/raed.academy\/en\/wp-json\/wp\/v2\/posts\/75000\/revisions"}],"wp:featuredmedia":[{"embeddable":true,"href":"https:\/\/raed.academy\/en\/wp-json\/wp\/v2\/media\/74468"}],"wp:attachment":[{"href":"https:\/\/raed.academy\/en\/wp-json\/wp\/v2\/media?parent=75000"}],"wp:term":[{"taxonomy":"category","embeddable":true,"href":"https:\/\/raed.academy\/en\/wp-json\/wp\/v2\/categories?post=75000"},{"taxonomy":"post_tag","embeddable":true,"href":"https:\/\/raed.academy\/en\/wp-json\/wp\/v2\/tags?post=75000"}],"curies":[{"name":"wp","href":"https:\/\/api.w.org\/{rel}","templated":true}]}}