{"id":74228,"date":"2019-06-20T11:35:52","date_gmt":"2019-06-20T11:35:52","guid":{"rendered":"https:\/\/raed.academy\/?p=74228"},"modified":"2019-06-27T14:11:57","modified_gmt":"2019-06-27T14:11:57","slug":"ready-for-the-next-crisis-frederic-borras","status":"publish","type":"post","link":"https:\/\/raed.academy\/en\/ready-for-the-next-crisis-frederic-borras\/","title":{"rendered":"Ready for the next crisis?"},"content":{"rendered":"<h2>Frederic Borr\u00e0s analyzes the challenges of the world economy in his admission as full academician of the RAED<\/h2>\n<p><img loading=\"lazy\" decoding=\"async\" class=\"alignleft wp-image-73893\" src=\"https:\/\/raed.academy\/wp-content\/uploads\/2019\/06\/crisis-financiera-dstNtc.jpg\" alt=\"\" width=\"420\" height=\"280\" \/><a href=\"https:\/\/raed.academy\/en\/academicians\/dr-frederic-borras-pamies\/\" target=\"_blank\" rel=\"noopener noreferrer\"><strong>Frederic Borr\u00e0s<\/strong><\/a>, recognized auditor and corresponding academician of the <strong>Royal European Academy of Doctors-Barcelona 1914<\/strong> (RAED), entered as a full academician of this institution during a ceremony that was held on June 19 in the Room of Acts for the Catalan labor <a href=\"http:\/\/www.foment.com\" target=\"_blank\" rel=\"noopener noreferrer\"><strong>Promotion of National Work<\/strong><\/a>, headquarters of the RAED. The recipient read the admission speech <strong>&#8220;\u00bfEstamos preparados para la pr\u00f3xima crisis?&#8221;<\/strong> (Are we ready for the next crisis?). On behalf of the Royal Corporation answered the full academician <a href=\"https:\/\/raed.academy\/en\/academicians\/dr-jose-maria-gay-de-liebana-saludas\/\" target=\"_blank\" rel=\"noopener noreferrer\"><strong>Jos\u00e9 Mar\u00eda Gay de Li\u00e9bana<\/strong><\/a>.<\/p>\n<p>The academician analyzes in depth the reforms carried out by the audit, adopting new rules and mechanisms and pointing the way still to be done in the improvement and analysis of financial information in order to offer reliable information that can anticipate hypothetical crisis in the future. From here he tries to answer the question he asks in the title of his work. And he advances some risks that he considers certain, such as the alarming escalation of the debt worldwide.<\/p>\n<p><img loading=\"lazy\" decoding=\"async\" class=\"wp-image-74013 alignright\" src=\"https:\/\/raed.academy\/wp-content\/uploads\/2019\/06\/ingreso-RAED-Frederic-Borras-Pamies-Academico-Numerario-15.jpg\" alt=\"Dr. Frederic Borr\u00e0s P\u00e0mies\" width=\"320\" height=\"456\" \/><\/p>\n<p>&#8220;There are figures that if we analyze them a bit they can frighten us, and I refer in the first place to the total global debt that is reproduced in the following chart that shows the evolution of the debt since the beginning of the 21st century, in which we can see how the aggregate debt of consumers, banks, companies and governments climbed 269% of global GDP until the beginning of the financial crisis of 2008&#8221;, he says.<\/p>\n<p>On the other hand, there is the high level of risk assumed by insurance companies. &#8220;Already in 2017 the <a href=\"https:\/\/www.imf.org\" target=\"_blank\" rel=\"noopener noreferrer\"><strong>International Monetary Fund<\/strong><\/a>, in its <strong>&#8216;Financial Stability Report&#8217;<\/strong>, warned that insurance companies, in their search for higher returns, have assumed higher levels of credit and liquidity risk, as shown by the fact that the amount of low-rated bonds they have in their portfolios has risen substantially&#8221;, he continues.<\/p>\n<div class=\"subtituloIz\" style=\"width: 460px;\"><span>\u201c<\/span>We could summarize the situation saying that so far we have moved for greater security looking to the past, but there is no other alternative, if we want to be relevant, that we provide some additional light on the future&#8221;<\/div>\n<p>Although the greatest risk, concludes Borr\u00e0s, is in an unpredictable future marked by major phenomena that will change the current padadigma such as technological disruption or climate change. &#8220;We could summarize the situation saying that so far we have moved for greater security looking to the past, but there is no other alternative, if we want to be relevant, that we provide some additional light on the future&#8221;, he concludes.<\/p>\n<p>Member of the Transnational Committee of the<strong> International Federation of Auditors<\/strong>, the institution based in New York that regulates the profession internationally, Borr\u00e0s is also a member of the Board of Directors and president of the Audit Practice of <a href=\"http:\/\/iecnet.net\" target=\"_blank\" rel=\"noopener noreferrer\"><strong>IECnet<\/strong><\/a>. He is also president of the Advisory Board of <a href=\"http:\/\/www.moreraasesores.com\" target=\"_blank\" rel=\"noopener noreferrer\"><strong>Morera Asesores&amp;Auditores<\/strong><\/a> and member of the Global Council of the <a href=\"https:\/\/www.acg.org\" target=\"_blank\" rel=\"noopener noreferrer\"><strong>Association for Corporate Growth<\/strong><\/a>, the main community of professionals dedicated to mergers, acquisitions and corporate growth at the international level. Among his institutional positions, the academician is the honorary president of the <a href=\"https:\/\/www.auditorscensors.com\" target=\"_blank\" rel=\"noopener noreferrer\"><strong>Association of Chartered Accountants of Catalonia<\/strong><\/a>.<\/p>\n<h3><a href=\"https:\/\/raed.academy\/wp-content\/uploads\/2019\/06\/discurso-ingreso-Frederic-Borras-Pamies-compr.pdf\" target=\"_blank\" rel=\"noopener noreferrer\">Admission speech<\/a><\/h3>\n\n\t\t<style type=\"text\/css\">\n\t\t\t#gallery-1 {\n\t\t\t\tmargin: auto;\n\t\t\t}\n\t\t\t#gallery-1 .gallery-item {\n\t\t\t\tfloat: left;\n\t\t\t\tmargin-top: 10px;\n\t\t\t\ttext-align: center;\n\t\t\t\twidth: 25%;\n\t\t\t}\n\t\t\t#gallery-1 img {\n\t\t\t\tborder: 2px solid #cfcfcf;\n\t\t\t}\n\t\t\t#gallery-1 .gallery-caption {\n\t\t\t\tmargin-left: 0;\n\t\t\t}\n\t\t\t\/* see gallery_shortcode() in wp-includes\/media.php *\/\n\t\t<\/style>\n\t\t<div id='gallery-1' class='gallery galleryid-74228 gallery-columns-4 gallery-size-full'><dl class='gallery-item'>\n\t\t\t<dt class='gallery-icon landscape'>\n\t\t\t\t<a href='https:\/\/raed.academy\/wp-content\/uploads\/2019\/06\/ingreso-RAED-Frederic-Borras-Pamies-Academico-Numerario-1.jpg'><img loading=\"lazy\" decoding=\"async\" width=\"800\" height=\"561\" src=\"https:\/\/raed.academy\/wp-content\/uploads\/2019\/06\/ingreso-RAED-Frederic-Borras-Pamies-Academico-Numerario-1.jpg\" class=\"attachment-full size-full\" alt=\"\" srcset=\"https:\/\/raed.academy\/wp-content\/uploads\/2019\/06\/ingreso-RAED-Frederic-Borras-Pamies-Academico-Numerario-1.jpg 800w, https:\/\/raed.academy\/wp-content\/uploads\/2019\/06\/ingreso-RAED-Frederic-Borras-Pamies-Academico-Numerario-1-768x539.jpg 768w\" sizes=\"(max-width: 800px) 100vw, 800px\" \/><\/a>\n\t\t\t<\/dt><\/dl><dl class='gallery-item'>\n\t\t\t<dt class='gallery-icon landscape'>\n\t\t\t\t<a href='https:\/\/raed.academy\/wp-content\/uploads\/2019\/06\/ingreso-RAED-Frederic-Borras-Pamies-Academico-Numerario-2.jpg'><img loading=\"lazy\" decoding=\"async\" width=\"800\" height=\"561\" src=\"https:\/\/raed.academy\/wp-content\/uploads\/2019\/06\/ingreso-RAED-Frederic-Borras-Pamies-Academico-Numerario-2.jpg\" class=\"attachment-full size-full\" alt=\"\" srcset=\"https:\/\/raed.academy\/wp-content\/uploads\/2019\/06\/ingreso-RAED-Frederic-Borras-Pamies-Academico-Numerario-2.jpg 800w, https:\/\/raed.academy\/wp-content\/uploads\/2019\/06\/ingreso-RAED-Frederic-Borras-Pamies-Academico-Numerario-2-768x539.jpg 768w\" sizes=\"(max-width: 800px) 100vw, 800px\" \/><\/a>\n\t\t\t<\/dt><\/dl><dl class='gallery-item'>\n\t\t\t<dt class='gallery-icon landscape'>\n\t\t\t\t<a href='https:\/\/raed.academy\/wp-content\/uploads\/2019\/06\/ingreso-RAED-Frederic-Borras-Pamies-Academico-Numerario-4.jpg'><img loading=\"lazy\" decoding=\"async\" width=\"970\" height=\"680\" src=\"https:\/\/raed.academy\/wp-content\/uploads\/2019\/06\/ingreso-RAED-Frederic-Borras-Pamies-Academico-Numerario-4.jpg\" class=\"attachment-full size-full\" alt=\"\" srcset=\"https:\/\/raed.academy\/wp-content\/uploads\/2019\/06\/ingreso-RAED-Frederic-Borras-Pamies-Academico-Numerario-4.jpg 970w, https:\/\/raed.academy\/wp-content\/uploads\/2019\/06\/ingreso-RAED-Frederic-Borras-Pamies-Academico-Numerario-4-768x538.jpg 768w\" sizes=\"(max-width: 970px) 100vw, 970px\" \/><\/a>\n\t\t\t<\/dt><\/dl><dl class='gallery-item'>\n\t\t\t<dt class='gallery-icon landscape'>\n\t\t\t\t<a href='https:\/\/raed.academy\/wp-content\/uploads\/2019\/06\/ingreso-RAED-Frederic-Borras-Pamies-Academico-Numerario-5.jpg'><img loading=\"lazy\" decoding=\"async\" width=\"900\" height=\"631\" src=\"https:\/\/raed.academy\/wp-content\/uploads\/2019\/06\/ingreso-RAED-Frederic-Borras-Pamies-Academico-Numerario-5.jpg\" class=\"attachment-full size-full\" alt=\"\" srcset=\"https:\/\/raed.academy\/wp-content\/uploads\/2019\/06\/ingreso-RAED-Frederic-Borras-Pamies-Academico-Numerario-5.jpg 900w, https:\/\/raed.academy\/wp-content\/uploads\/2019\/06\/ingreso-RAED-Frederic-Borras-Pamies-Academico-Numerario-5-768x538.jpg 768w\" sizes=\"(max-width: 900px) 100vw, 900px\" \/><\/a>\n\t\t\t<\/dt><\/dl><br style=\"clear: both\" \/><dl class='gallery-item'>\n\t\t\t<dt class='gallery-icon landscape'>\n\t\t\t\t<a href='https:\/\/raed.academy\/wp-content\/uploads\/2019\/06\/ingreso-RAED-Frederic-Borras-Pamies-Academico-Numerario-6.jpg'><img loading=\"lazy\" decoding=\"async\" width=\"850\" height=\"596\" src=\"https:\/\/raed.academy\/wp-content\/uploads\/2019\/06\/ingreso-RAED-Frederic-Borras-Pamies-Academico-Numerario-6.jpg\" class=\"attachment-full size-full\" alt=\"\" srcset=\"https:\/\/raed.academy\/wp-content\/uploads\/2019\/06\/ingreso-RAED-Frederic-Borras-Pamies-Academico-Numerario-6.jpg 850w, https:\/\/raed.academy\/wp-content\/uploads\/2019\/06\/ingreso-RAED-Frederic-Borras-Pamies-Academico-Numerario-6-768x539.jpg 768w\" sizes=\"(max-width: 850px) 100vw, 850px\" \/><\/a>\n\t\t\t<\/dt><\/dl><dl class='gallery-item'>\n\t\t\t<dt class='gallery-icon landscape'>\n\t\t\t\t<a href='https:\/\/raed.academy\/wp-content\/uploads\/2019\/06\/ingreso-RAED-Frederic-Borras-Pamies-Academico-Numerario-9.jpg'><img loading=\"lazy\" decoding=\"async\" width=\"800\" height=\"561\" src=\"https:\/\/raed.academy\/wp-content\/uploads\/2019\/06\/ingreso-RAED-Frederic-Borras-Pamies-Academico-Numerario-9.jpg\" class=\"attachment-full size-full\" alt=\"\" srcset=\"https:\/\/raed.academy\/wp-content\/uploads\/2019\/06\/ingreso-RAED-Frederic-Borras-Pamies-Academico-Numerario-9.jpg 800w, https:\/\/raed.academy\/wp-content\/uploads\/2019\/06\/ingreso-RAED-Frederic-Borras-Pamies-Academico-Numerario-9-768x539.jpg 768w\" sizes=\"(max-width: 800px) 100vw, 800px\" \/><\/a>\n\t\t\t<\/dt><\/dl><dl class='gallery-item'>\n\t\t\t<dt class='gallery-icon landscape'>\n\t\t\t\t<a href='https:\/\/raed.academy\/wp-content\/uploads\/2019\/06\/ingreso-RAED-Frederic-Borras-Pamies-Academico-Numerario-10.jpg'><img loading=\"lazy\" decoding=\"async\" width=\"800\" height=\"561\" src=\"https:\/\/raed.academy\/wp-content\/uploads\/2019\/06\/ingreso-RAED-Frederic-Borras-Pamies-Academico-Numerario-10.jpg\" class=\"attachment-full size-full\" alt=\"\" srcset=\"https:\/\/raed.academy\/wp-content\/uploads\/2019\/06\/ingreso-RAED-Frederic-Borras-Pamies-Academico-Numerario-10.jpg 800w, https:\/\/raed.academy\/wp-content\/uploads\/2019\/06\/ingreso-RAED-Frederic-Borras-Pamies-Academico-Numerario-10-768x539.jpg 768w\" sizes=\"(max-width: 800px) 100vw, 800px\" \/><\/a>\n\t\t\t<\/dt><\/dl><dl class='gallery-item'>\n\t\t\t<dt class='gallery-icon landscape'>\n\t\t\t\t<a href='https:\/\/raed.academy\/wp-content\/uploads\/2019\/06\/ingreso-RAED-Frederic-Borras-Pamies-Academico-Numerario-11.jpg'><img loading=\"lazy\" decoding=\"async\" width=\"1000\" height=\"701\" src=\"https:\/\/raed.academy\/wp-content\/uploads\/2019\/06\/ingreso-RAED-Frederic-Borras-Pamies-Academico-Numerario-11.jpg\" class=\"attachment-full size-full\" alt=\"\" srcset=\"https:\/\/raed.academy\/wp-content\/uploads\/2019\/06\/ingreso-RAED-Frederic-Borras-Pamies-Academico-Numerario-11.jpg 1000w, https:\/\/raed.academy\/wp-content\/uploads\/2019\/06\/ingreso-RAED-Frederic-Borras-Pamies-Academico-Numerario-11-768x538.jpg 768w\" sizes=\"(max-width: 1000px) 100vw, 1000px\" \/><\/a>\n\t\t\t<\/dt><\/dl><br style=\"clear: both\" \/><dl class='gallery-item'>\n\t\t\t<dt class='gallery-icon landscape'>\n\t\t\t\t<a href='https:\/\/raed.academy\/wp-content\/uploads\/2019\/06\/ingreso-RAED-Frederic-Borras-Pamies-Academico-Numerario-12.jpg'><img loading=\"lazy\" decoding=\"async\" width=\"1000\" height=\"701\" src=\"https:\/\/raed.academy\/wp-content\/uploads\/2019\/06\/ingreso-RAED-Frederic-Borras-Pamies-Academico-Numerario-12.jpg\" class=\"attachment-full size-full\" alt=\"\" srcset=\"https:\/\/raed.academy\/wp-content\/uploads\/2019\/06\/ingreso-RAED-Frederic-Borras-Pamies-Academico-Numerario-12.jpg 1000w, https:\/\/raed.academy\/wp-content\/uploads\/2019\/06\/ingreso-RAED-Frederic-Borras-Pamies-Academico-Numerario-12-768x538.jpg 768w\" sizes=\"(max-width: 1000px) 100vw, 1000px\" \/><\/a>\n\t\t\t<\/dt><\/dl><dl class='gallery-item'>\n\t\t\t<dt class='gallery-icon landscape'>\n\t\t\t\t<a href='https:\/\/raed.academy\/wp-content\/uploads\/2019\/06\/ingreso-RAED-Frederic-Borras-Pamies-Academico-Numerario-13.jpg'><img loading=\"lazy\" decoding=\"async\" width=\"1000\" height=\"701\" src=\"https:\/\/raed.academy\/wp-content\/uploads\/2019\/06\/ingreso-RAED-Frederic-Borras-Pamies-Academico-Numerario-13.jpg\" class=\"attachment-full size-full\" alt=\"\" srcset=\"https:\/\/raed.academy\/wp-content\/uploads\/2019\/06\/ingreso-RAED-Frederic-Borras-Pamies-Academico-Numerario-13.jpg 1000w, https:\/\/raed.academy\/wp-content\/uploads\/2019\/06\/ingreso-RAED-Frederic-Borras-Pamies-Academico-Numerario-13-768x538.jpg 768w\" sizes=\"(max-width: 1000px) 100vw, 1000px\" \/><\/a>\n\t\t\t<\/dt><\/dl><dl class='gallery-item'>\n\t\t\t<dt class='gallery-icon landscape'>\n\t\t\t\t<a href='https:\/\/raed.academy\/wp-content\/uploads\/2019\/06\/ingreso-RAED-Frederic-Borras-Pamies-Academico-Numerario-14.jpg'><img loading=\"lazy\" decoding=\"async\" width=\"800\" height=\"561\" src=\"https:\/\/raed.academy\/wp-content\/uploads\/2019\/06\/ingreso-RAED-Frederic-Borras-Pamies-Academico-Numerario-14.jpg\" class=\"attachment-full size-full\" alt=\"\" srcset=\"https:\/\/raed.academy\/wp-content\/uploads\/2019\/06\/ingreso-RAED-Frederic-Borras-Pamies-Academico-Numerario-14.jpg 800w, https:\/\/raed.academy\/wp-content\/uploads\/2019\/06\/ingreso-RAED-Frederic-Borras-Pamies-Academico-Numerario-14-768x539.jpg 768w\" sizes=\"(max-width: 800px) 100vw, 800px\" \/><\/a>\n\t\t\t<\/dt><\/dl><dl class='gallery-item'>\n\t\t\t<dt class='gallery-icon landscape'>\n\t\t\t\t<a href='https:\/\/raed.academy\/wp-content\/uploads\/2019\/06\/ingreso-RAED-Frederic-Borras-Pamies-Academico-Numerario-16.jpg'><img loading=\"lazy\" decoding=\"async\" width=\"1050\" height=\"736\" src=\"https:\/\/raed.academy\/wp-content\/uploads\/2019\/06\/ingreso-RAED-Frederic-Borras-Pamies-Academico-Numerario-16.jpg\" class=\"attachment-full size-full\" alt=\"\" srcset=\"https:\/\/raed.academy\/wp-content\/uploads\/2019\/06\/ingreso-RAED-Frederic-Borras-Pamies-Academico-Numerario-16.jpg 1050w, https:\/\/raed.academy\/wp-content\/uploads\/2019\/06\/ingreso-RAED-Frederic-Borras-Pamies-Academico-Numerario-16-768x538.jpg 768w\" sizes=\"(max-width: 1050px) 100vw, 1050px\" \/><\/a>\n\t\t\t<\/dt><\/dl><br style=\"clear: both\" \/>\n\t\t<\/div>\n\n","protected":false},"excerpt":{"rendered":"<p>Frederic Borr\u00e0s analyzes the challenges of the world economy in his admission as full academician of the RAED Frederic Borr\u00e0s, recognized auditor and corresponding academician of the Royal European Academy of Doctors-Barcelona 1914 (RAED), entered as a full academician of this institution during a ceremony that was held on June 19 in the Room of [&hellip;]<\/p>\n","protected":false},"author":12,"featured_media":73891,"comment_status":"closed","ping_status":"closed","sticky":false,"template":"","format":"standard","meta":{"_et_pb_use_builder":"","_et_pb_old_content":"","_et_gb_content_width":"","footnotes":""},"categories":[238],"tags":[],"class_list":["post-74228","post","type-post","status-publish","format-standard","has-post-thumbnail","hentry","category-economic-and-business","et-has-post-format-content","et_post_format-et-post-format-standard"],"yoast_head":"<!-- This site is optimized with the Yoast SEO plugin v27.4 - https:\/\/yoast.com\/product\/yoast-seo-wordpress\/ -->\n<title>Ready for the next crisis? \u00b7 Frederic Borr\u00e0s - Royal European Academy of Doctors<\/title>\n<meta name=\"description\" content=\"Frederic Borr\u00e0s analyzes the challenges of the world economy in his admission speech &quot;\u00bfEstamos preparados para la pr\u00f3xima crisis?&quot; (Are we ready for the next crisis?)\" \/>\n<meta name=\"robots\" content=\"index, follow, max-snippet:-1, max-image-preview:large, max-video-preview:-1\" \/>\n<link rel=\"canonical\" href=\"https:\/\/raed.academy\/en\/ready-for-the-next-crisis-frederic-borras\/\" \/>\n<meta property=\"og:locale\" content=\"en_US\" \/>\n<meta property=\"og:type\" content=\"article\" \/>\n<meta property=\"og:title\" content=\"Ready for the next crisis? \u00b7 Frederic Borr\u00e0s - Royal European Academy of Doctors\" \/>\n<meta property=\"og:description\" content=\"Frederic Borr\u00e0s analyzes the challenges of the world economy in his admission speech &quot;\u00bfEstamos preparados para la pr\u00f3xima crisis?&quot; (Are we ready for the next crisis?)\" \/>\n<meta property=\"og:url\" content=\"https:\/\/raed.academy\/en\/ready-for-the-next-crisis-frederic-borras\/\" \/>\n<meta property=\"og:site_name\" content=\"Royal European Academy of Doctors\" \/>\n<meta property=\"article:publisher\" content=\"http:\/\/fb.me\/raed.academy\" \/>\n<meta property=\"article:published_time\" content=\"2019-06-20T11:35:52+00:00\" \/>\n<meta property=\"article:modified_time\" content=\"2019-06-27T14:11:57+00:00\" \/>\n<meta property=\"og:image\" content=\"https:\/\/raed.academy\/wp-content\/uploads\/2019\/06\/crisis-financiera-dstNtc.jpg\" \/>\n\t<meta property=\"og:image:width\" content=\"450\" \/>\n\t<meta property=\"og:image:height\" content=\"300\" \/>\n\t<meta property=\"og:image:type\" content=\"image\/jpeg\" \/>\n<meta name=\"author\" content=\"RAED\" \/>\n<meta name=\"twitter:card\" content=\"summary_large_image\" \/>\n<meta name=\"twitter:creator\" content=\"@raedacademy\" \/>\n<meta name=\"twitter:site\" content=\"@raedacademy\" \/>\n<meta name=\"twitter:label1\" content=\"Written by\" \/>\n\t<meta name=\"twitter:data1\" content=\"RAED\" \/>\n\t<meta name=\"twitter:label2\" content=\"Est. reading time\" \/>\n\t<meta name=\"twitter:data2\" content=\"3 minutes\" \/>\n<script type=\"application\/ld+json\" class=\"yoast-schema-graph\">{\"@context\":\"https:\\\/\\\/schema.org\",\"@graph\":[{\"@type\":\"Article\",\"@id\":\"https:\\\/\\\/raed.academy\\\/en\\\/ready-for-the-next-crisis-frederic-borras\\\/#article\",\"isPartOf\":{\"@id\":\"https:\\\/\\\/raed.academy\\\/en\\\/ready-for-the-next-crisis-frederic-borras\\\/\"},\"author\":{\"name\":\"RAED\",\"@id\":\"https:\\\/\\\/raed.academy\\\/en\\\/#\\\/schema\\\/person\\\/5a755da80d1d979fd66ba745c8702927\"},\"headline\":\"Ready for the next crisis?\",\"datePublished\":\"2019-06-20T11:35:52+00:00\",\"dateModified\":\"2019-06-27T14:11:57+00:00\",\"mainEntityOfPage\":{\"@id\":\"https:\\\/\\\/raed.academy\\\/en\\\/ready-for-the-next-crisis-frederic-borras\\\/\"},\"wordCount\":555,\"publisher\":{\"@id\":\"https:\\\/\\\/raed.academy\\\/en\\\/#organization\"},\"image\":{\"@id\":\"https:\\\/\\\/raed.academy\\\/en\\\/ready-for-the-next-crisis-frederic-borras\\\/#primaryimage\"},\"thumbnailUrl\":\"https:\\\/\\\/raed.academy\\\/wp-content\\\/uploads\\\/2019\\\/06\\\/crisis-financiera-dstNtc.jpg\",\"articleSection\":[\"Economic and Business\"],\"inLanguage\":\"en-US\"},{\"@type\":\"WebPage\",\"@id\":\"https:\\\/\\\/raed.academy\\\/en\\\/ready-for-the-next-crisis-frederic-borras\\\/\",\"url\":\"https:\\\/\\\/raed.academy\\\/en\\\/ready-for-the-next-crisis-frederic-borras\\\/\",\"name\":\"Ready for the next crisis? \u00b7 Frederic Borr\u00e0s - Royal European Academy of Doctors\",\"isPartOf\":{\"@id\":\"https:\\\/\\\/raed.academy\\\/en\\\/#website\"},\"primaryImageOfPage\":{\"@id\":\"https:\\\/\\\/raed.academy\\\/en\\\/ready-for-the-next-crisis-frederic-borras\\\/#primaryimage\"},\"image\":{\"@id\":\"https:\\\/\\\/raed.academy\\\/en\\\/ready-for-the-next-crisis-frederic-borras\\\/#primaryimage\"},\"thumbnailUrl\":\"https:\\\/\\\/raed.academy\\\/wp-content\\\/uploads\\\/2019\\\/06\\\/crisis-financiera-dstNtc.jpg\",\"datePublished\":\"2019-06-20T11:35:52+00:00\",\"dateModified\":\"2019-06-27T14:11:57+00:00\",\"description\":\"Frederic Borr\u00e0s analyzes the challenges of the world economy in his admission speech \\\"\u00bfEstamos preparados para la pr\u00f3xima crisis?\\\" (Are we ready for the next crisis?)\",\"breadcrumb\":{\"@id\":\"https:\\\/\\\/raed.academy\\\/en\\\/ready-for-the-next-crisis-frederic-borras\\\/#breadcrumb\"},\"inLanguage\":\"en-US\",\"potentialAction\":[{\"@type\":\"ReadAction\",\"target\":[\"https:\\\/\\\/raed.academy\\\/en\\\/ready-for-the-next-crisis-frederic-borras\\\/\"]}]},{\"@type\":\"ImageObject\",\"inLanguage\":\"en-US\",\"@id\":\"https:\\\/\\\/raed.academy\\\/en\\\/ready-for-the-next-crisis-frederic-borras\\\/#primaryimage\",\"url\":\"https:\\\/\\\/raed.academy\\\/wp-content\\\/uploads\\\/2019\\\/06\\\/crisis-financiera-dstNtc.jpg\",\"contentUrl\":\"https:\\\/\\\/raed.academy\\\/wp-content\\\/uploads\\\/2019\\\/06\\\/crisis-financiera-dstNtc.jpg\",\"width\":450,\"height\":300},{\"@type\":\"BreadcrumbList\",\"@id\":\"https:\\\/\\\/raed.academy\\\/en\\\/ready-for-the-next-crisis-frederic-borras\\\/#breadcrumb\",\"itemListElement\":[{\"@type\":\"ListItem\",\"position\":1,\"name\":\"Inicio\",\"item\":\"https:\\\/\\\/raed.academy\\\/en\\\/\"},{\"@type\":\"ListItem\",\"position\":2,\"name\":\"Ready for the next crisis?\"}]},{\"@type\":\"WebSite\",\"@id\":\"https:\\\/\\\/raed.academy\\\/en\\\/#website\",\"url\":\"https:\\\/\\\/raed.academy\\\/en\\\/\",\"name\":\"Royal European Academy of Doctors\",\"description\":\"Corporaci\u00f3n de derecho p\u00fablico de car\u00e1cter cient\u00edfico, t\u00e9cnico y art\u00edstico, que tiene por objeto la investigaci\u00f3n, el estudio, el fomento y la extensi\u00f3n del conocimiento en su sentido m\u00e1s amplio.\",\"publisher\":{\"@id\":\"https:\\\/\\\/raed.academy\\\/en\\\/#organization\"},\"potentialAction\":[{\"@type\":\"SearchAction\",\"target\":{\"@type\":\"EntryPoint\",\"urlTemplate\":\"https:\\\/\\\/raed.academy\\\/en\\\/?s={search_term_string}\"},\"query-input\":{\"@type\":\"PropertyValueSpecification\",\"valueRequired\":true,\"valueName\":\"search_term_string\"}}],\"inLanguage\":\"en-US\"},{\"@type\":\"Organization\",\"@id\":\"https:\\\/\\\/raed.academy\\\/en\\\/#organization\",\"name\":\"Real Academia Europea de Doctores\",\"url\":\"https:\\\/\\\/raed.academy\\\/en\\\/\",\"logo\":{\"@type\":\"ImageObject\",\"inLanguage\":\"en-US\",\"@id\":\"https:\\\/\\\/raed.academy\\\/en\\\/#\\\/schema\\\/logo\\\/image\\\/\",\"url\":\"https:\\\/\\\/raed.academy\\\/wp-content\\\/uploads\\\/2017\\\/01\\\/cropped-logo_raed.png\",\"contentUrl\":\"https:\\\/\\\/raed.academy\\\/wp-content\\\/uploads\\\/2017\\\/01\\\/cropped-logo_raed.png\",\"width\":512,\"height\":512,\"caption\":\"Real Academia Europea de Doctores\"},\"image\":{\"@id\":\"https:\\\/\\\/raed.academy\\\/en\\\/#\\\/schema\\\/logo\\\/image\\\/\"},\"sameAs\":[\"http:\\\/\\\/fb.me\\\/raed.academy\",\"https:\\\/\\\/x.com\\\/raedacademy\",\"https:\\\/\\\/www.instagram.com\\\/raed.academy\\\/\",\"https:\\\/\\\/www.youtube.com\\\/channel\\\/UCUYQwW2KrdirNWihxMDObwg\"]},{\"@type\":\"Person\",\"@id\":\"https:\\\/\\\/raed.academy\\\/en\\\/#\\\/schema\\\/person\\\/5a755da80d1d979fd66ba745c8702927\",\"name\":\"RAED\",\"image\":{\"@type\":\"ImageObject\",\"inLanguage\":\"en-US\",\"@id\":\"https:\\\/\\\/secure.gravatar.com\\\/avatar\\\/19fdfdc0d67fb9c45714b703a2ac82251c4fcea3637f002ac3c9b74c0183583c?s=96&d=mm&r=g\",\"url\":\"https:\\\/\\\/secure.gravatar.com\\\/avatar\\\/19fdfdc0d67fb9c45714b703a2ac82251c4fcea3637f002ac3c9b74c0183583c?s=96&d=mm&r=g\",\"contentUrl\":\"https:\\\/\\\/secure.gravatar.com\\\/avatar\\\/19fdfdc0d67fb9c45714b703a2ac82251c4fcea3637f002ac3c9b74c0183583c?s=96&d=mm&r=g\",\"caption\":\"RAED\"}}]}<\/script>\n<!-- \/ Yoast SEO plugin. -->","yoast_head_json":{"title":"Ready for the next crisis? \u00b7 Frederic Borr\u00e0s - Royal European Academy of Doctors","description":"Frederic Borr\u00e0s analyzes the challenges of the world economy in his admission speech \"\u00bfEstamos preparados para la pr\u00f3xima crisis?\" (Are we ready for the next crisis?)","robots":{"index":"index","follow":"follow","max-snippet":"max-snippet:-1","max-image-preview":"max-image-preview:large","max-video-preview":"max-video-preview:-1"},"canonical":"https:\/\/raed.academy\/en\/ready-for-the-next-crisis-frederic-borras\/","og_locale":"en_US","og_type":"article","og_title":"Ready for the next crisis? \u00b7 Frederic Borr\u00e0s - Royal European Academy of Doctors","og_description":"Frederic Borr\u00e0s analyzes the challenges of the world economy in his admission speech \"\u00bfEstamos preparados para la pr\u00f3xima crisis?\" (Are we ready for the next crisis?)","og_url":"https:\/\/raed.academy\/en\/ready-for-the-next-crisis-frederic-borras\/","og_site_name":"Royal European Academy of Doctors","article_publisher":"http:\/\/fb.me\/raed.academy","article_published_time":"2019-06-20T11:35:52+00:00","article_modified_time":"2019-06-27T14:11:57+00:00","og_image":[{"width":450,"height":300,"url":"https:\/\/raed.academy\/wp-content\/uploads\/2019\/06\/crisis-financiera-dstNtc.jpg","type":"image\/jpeg"}],"author":"RAED","twitter_card":"summary_large_image","twitter_creator":"@raedacademy","twitter_site":"@raedacademy","twitter_misc":{"Written by":"RAED","Est. reading time":"3 minutes"},"schema":{"@context":"https:\/\/schema.org","@graph":[{"@type":"Article","@id":"https:\/\/raed.academy\/en\/ready-for-the-next-crisis-frederic-borras\/#article","isPartOf":{"@id":"https:\/\/raed.academy\/en\/ready-for-the-next-crisis-frederic-borras\/"},"author":{"name":"RAED","@id":"https:\/\/raed.academy\/en\/#\/schema\/person\/5a755da80d1d979fd66ba745c8702927"},"headline":"Ready for the next crisis?","datePublished":"2019-06-20T11:35:52+00:00","dateModified":"2019-06-27T14:11:57+00:00","mainEntityOfPage":{"@id":"https:\/\/raed.academy\/en\/ready-for-the-next-crisis-frederic-borras\/"},"wordCount":555,"publisher":{"@id":"https:\/\/raed.academy\/en\/#organization"},"image":{"@id":"https:\/\/raed.academy\/en\/ready-for-the-next-crisis-frederic-borras\/#primaryimage"},"thumbnailUrl":"https:\/\/raed.academy\/wp-content\/uploads\/2019\/06\/crisis-financiera-dstNtc.jpg","articleSection":["Economic and Business"],"inLanguage":"en-US"},{"@type":"WebPage","@id":"https:\/\/raed.academy\/en\/ready-for-the-next-crisis-frederic-borras\/","url":"https:\/\/raed.academy\/en\/ready-for-the-next-crisis-frederic-borras\/","name":"Ready for the next crisis? \u00b7 Frederic Borr\u00e0s - Royal European Academy of Doctors","isPartOf":{"@id":"https:\/\/raed.academy\/en\/#website"},"primaryImageOfPage":{"@id":"https:\/\/raed.academy\/en\/ready-for-the-next-crisis-frederic-borras\/#primaryimage"},"image":{"@id":"https:\/\/raed.academy\/en\/ready-for-the-next-crisis-frederic-borras\/#primaryimage"},"thumbnailUrl":"https:\/\/raed.academy\/wp-content\/uploads\/2019\/06\/crisis-financiera-dstNtc.jpg","datePublished":"2019-06-20T11:35:52+00:00","dateModified":"2019-06-27T14:11:57+00:00","description":"Frederic Borr\u00e0s analyzes the challenges of the world economy in his admission speech \"\u00bfEstamos preparados para la pr\u00f3xima crisis?\" (Are we ready for the next crisis?)","breadcrumb":{"@id":"https:\/\/raed.academy\/en\/ready-for-the-next-crisis-frederic-borras\/#breadcrumb"},"inLanguage":"en-US","potentialAction":[{"@type":"ReadAction","target":["https:\/\/raed.academy\/en\/ready-for-the-next-crisis-frederic-borras\/"]}]},{"@type":"ImageObject","inLanguage":"en-US","@id":"https:\/\/raed.academy\/en\/ready-for-the-next-crisis-frederic-borras\/#primaryimage","url":"https:\/\/raed.academy\/wp-content\/uploads\/2019\/06\/crisis-financiera-dstNtc.jpg","contentUrl":"https:\/\/raed.academy\/wp-content\/uploads\/2019\/06\/crisis-financiera-dstNtc.jpg","width":450,"height":300},{"@type":"BreadcrumbList","@id":"https:\/\/raed.academy\/en\/ready-for-the-next-crisis-frederic-borras\/#breadcrumb","itemListElement":[{"@type":"ListItem","position":1,"name":"Inicio","item":"https:\/\/raed.academy\/en\/"},{"@type":"ListItem","position":2,"name":"Ready for the next crisis?"}]},{"@type":"WebSite","@id":"https:\/\/raed.academy\/en\/#website","url":"https:\/\/raed.academy\/en\/","name":"Royal European Academy of Doctors","description":"Corporaci\u00f3n de derecho p\u00fablico de car\u00e1cter cient\u00edfico, t\u00e9cnico y art\u00edstico, que tiene por objeto la investigaci\u00f3n, el estudio, el fomento y la extensi\u00f3n del conocimiento en su sentido m\u00e1s amplio.","publisher":{"@id":"https:\/\/raed.academy\/en\/#organization"},"potentialAction":[{"@type":"SearchAction","target":{"@type":"EntryPoint","urlTemplate":"https:\/\/raed.academy\/en\/?s={search_term_string}"},"query-input":{"@type":"PropertyValueSpecification","valueRequired":true,"valueName":"search_term_string"}}],"inLanguage":"en-US"},{"@type":"Organization","@id":"https:\/\/raed.academy\/en\/#organization","name":"Real Academia Europea de Doctores","url":"https:\/\/raed.academy\/en\/","logo":{"@type":"ImageObject","inLanguage":"en-US","@id":"https:\/\/raed.academy\/en\/#\/schema\/logo\/image\/","url":"https:\/\/raed.academy\/wp-content\/uploads\/2017\/01\/cropped-logo_raed.png","contentUrl":"https:\/\/raed.academy\/wp-content\/uploads\/2017\/01\/cropped-logo_raed.png","width":512,"height":512,"caption":"Real Academia Europea de Doctores"},"image":{"@id":"https:\/\/raed.academy\/en\/#\/schema\/logo\/image\/"},"sameAs":["http:\/\/fb.me\/raed.academy","https:\/\/x.com\/raedacademy","https:\/\/www.instagram.com\/raed.academy\/","https:\/\/www.youtube.com\/channel\/UCUYQwW2KrdirNWihxMDObwg"]},{"@type":"Person","@id":"https:\/\/raed.academy\/en\/#\/schema\/person\/5a755da80d1d979fd66ba745c8702927","name":"RAED","image":{"@type":"ImageObject","inLanguage":"en-US","@id":"https:\/\/secure.gravatar.com\/avatar\/19fdfdc0d67fb9c45714b703a2ac82251c4fcea3637f002ac3c9b74c0183583c?s=96&d=mm&r=g","url":"https:\/\/secure.gravatar.com\/avatar\/19fdfdc0d67fb9c45714b703a2ac82251c4fcea3637f002ac3c9b74c0183583c?s=96&d=mm&r=g","contentUrl":"https:\/\/secure.gravatar.com\/avatar\/19fdfdc0d67fb9c45714b703a2ac82251c4fcea3637f002ac3c9b74c0183583c?s=96&d=mm&r=g","caption":"RAED"}}]}},"_links":{"self":[{"href":"https:\/\/raed.academy\/en\/wp-json\/wp\/v2\/posts\/74228","targetHints":{"allow":["GET"]}}],"collection":[{"href":"https:\/\/raed.academy\/en\/wp-json\/wp\/v2\/posts"}],"about":[{"href":"https:\/\/raed.academy\/en\/wp-json\/wp\/v2\/types\/post"}],"author":[{"embeddable":true,"href":"https:\/\/raed.academy\/en\/wp-json\/wp\/v2\/users\/12"}],"replies":[{"embeddable":true,"href":"https:\/\/raed.academy\/en\/wp-json\/wp\/v2\/comments?post=74228"}],"version-history":[{"count":0,"href":"https:\/\/raed.academy\/en\/wp-json\/wp\/v2\/posts\/74228\/revisions"}],"wp:featuredmedia":[{"embeddable":true,"href":"https:\/\/raed.academy\/en\/wp-json\/wp\/v2\/media\/73891"}],"wp:attachment":[{"href":"https:\/\/raed.academy\/en\/wp-json\/wp\/v2\/media?parent=74228"}],"wp:term":[{"taxonomy":"category","embeddable":true,"href":"https:\/\/raed.academy\/en\/wp-json\/wp\/v2\/categories?post=74228"},{"taxonomy":"post_tag","embeddable":true,"href":"https:\/\/raed.academy\/en\/wp-json\/wp\/v2\/tags?post=74228"}],"curies":[{"name":"wp","href":"https:\/\/api.w.org\/{rel}","templated":true}]}}