{"id":74225,"date":"2019-06-20T11:11:15","date_gmt":"2019-06-20T11:11:15","guid":{"rendered":"https:\/\/raed.academy\/?p=74225"},"modified":"2019-06-27T14:24:42","modified_gmt":"2019-06-27T14:24:42","slug":"women-in-dentistry-lluis-giner","status":"publish","type":"post","link":"https:\/\/raed.academy\/en\/women-in-dentistry-lluis-giner\/","title":{"rendered":"Paritary dentistry"},"content":{"rendered":"<h2>Llu\u00eds Giner highlights in an article published in &#8220;Dental Tribune&#8221; the role of women in his specialty<\/h2>\n<p><img loading=\"lazy\" decoding=\"async\" class=\"alignright wp-image-73899 jetpack-lazy-image jetpack-lazy-image--handled\" src=\"https:\/\/raed.academy\/wp-content\/uploads\/2019\/06\/Dental-Tribune-dstNtc.jpg\" alt=\"\" width=\"401\" height=\"202\" data-attachment-id=\"73899\" data-permalink=\"https:\/\/raed.academy\/dental-tribune-dstntc-2\/\" data-orig-file=\"https:\/\/raed.academy\/wp-content\/uploads\/2019\/06\/Dental-Tribune-dstNtc.jpg\" data-orig-size=\"470,237\" data-comments-opened=\"0\" data-image-meta=\"{&quot;aperture&quot;:&quot;0&quot;,&quot;credit&quot;:&quot;&quot;,&quot;camera&quot;:&quot;&quot;,&quot;caption&quot;:&quot;&quot;,&quot;created_timestamp&quot;:&quot;0&quot;,&quot;copyright&quot;:&quot;&quot;,&quot;focal_length&quot;:&quot;0&quot;,&quot;iso&quot;:&quot;0&quot;,&quot;shutter_speed&quot;:&quot;0&quot;,&quot;title&quot;:&quot;&quot;,&quot;orientation&quot;:&quot;0&quot;}\" data-image-title=\"Dental-Tribune-dstNtc\" data-image-description=\"\" data-medium-file=\"https:\/\/raed.academy\/wp-content\/uploads\/2019\/06\/Dental-Tribune-dstNtc.jpg\" data-large-file=\"https:\/\/raed.academy\/wp-content\/uploads\/2019\/06\/Dental-Tribune-dstNtc.jpg\" data-lazy-loaded=\"1\" \/><a href=\"https:\/\/raed.academy\/en\/academicians\/dr-lluis-giner-tarrida\/\" target=\"_blank\" rel=\"noopener noreferrer\"><strong>Llu\u00eds Giner<\/strong><\/a>, dean of the Faculty of Dentistry of the <a href=\"http:\/\/www.uic.es\" target=\"_blank\" rel=\"noopener noreferrer\"><strong>International University of Catalonia<\/strong><\/a> and full academician of the <strong>Royal European Academy of Doctors-Barcelona 1914<\/strong> (RAED), has published in the Spanish edition of the magazine <strong>&#8220;Dental Tribune&#8221;<\/strong>, which arrives about 100,000 professionals in the sector, the article entitled <strong>&#8220;La mujer en la odontolog\u00eda&#8221;<\/strong> (Women in dentistry), which traces a brief history of women in dentistry and analyzes the proportionality between sexes in this academic institution in terms of students, teachers and managers, highlighting the parity that exists today at all levels.<\/p>\n<div id=\"attachment_73902\" style=\"width: 410px\" class=\"wp-caption alignleft\"><img loading=\"lazy\" decoding=\"async\" aria-describedby=\"caption-attachment-73902\" class=\"jetpack-lazy-image jetpack-lazy-image--handled wp-image-73902\" src=\"https:\/\/raed.academy\/wp-content\/uploads\/2019\/06\/Luis-Giner-Tarrida.jpg\" sizes=\"(max-width: 400px) 100vw, 400px\" srcset=\"https:\/\/raed.academy\/wp-content\/uploads\/2019\/06\/Luis-Giner-Tarrida.jpg 450w, https:\/\/raed.academy\/wp-content\/uploads\/2019\/06\/Luis-Giner-Tarrida-440x264.jpg 440w\" alt=\"Dr. Llu\u00eds Giner Tarrida\" width=\"400\" height=\"240\" aria-describedby=\"caption-attachment-73902\" data-attachment-id=\"73902\" data-permalink=\"https:\/\/raed.academy\/luis-giner-tarrida-2\/\" data-orig-file=\"https:\/\/raed.academy\/wp-content\/uploads\/2019\/06\/Luis-Giner-Tarrida.jpg\" data-orig-size=\"450,270\" data-comments-opened=\"0\" data-image-meta=\"{&quot;aperture&quot;:&quot;0&quot;,&quot;credit&quot;:&quot;&quot;,&quot;camera&quot;:&quot;&quot;,&quot;caption&quot;:&quot;&quot;,&quot;created_timestamp&quot;:&quot;0&quot;,&quot;copyright&quot;:&quot;&quot;,&quot;focal_length&quot;:&quot;0&quot;,&quot;iso&quot;:&quot;0&quot;,&quot;shutter_speed&quot;:&quot;0&quot;,&quot;title&quot;:&quot;&quot;,&quot;orientation&quot;:&quot;0&quot;}\" data-image-title=\"Luis-Giner-Tarrida\" data-image-description=\"\" data-medium-file=\"https:\/\/raed.academy\/wp-content\/uploads\/2019\/06\/Luis-Giner-Tarrida.jpg\" data-large-file=\"https:\/\/raed.academy\/wp-content\/uploads\/2019\/06\/Luis-Giner-Tarrida.jpg\" data-lazy-loaded=\"1\" \/><p id=\"caption-attachment-73902\" class=\"wp-caption-text\">Dr. Llu\u00eds Giner<\/p><\/div>\n<p>&#8220;The first woman we have found documented in the literature who completed the degree of dentistry was <strong>Lucy Hobbs<\/strong> in the year 1866, in the United States, although in several countries we found previous point references about women who were dedicated to addressing dental problems of other women in general -the academician began his article-. In Spain, the first woman did&#8217;nt graduate in dentistry until 1908 and only 2.5% of female dentists practiced in 1931. It was in the second half of the 20th century, and especially between the 70s and 80s, when there was a spectacular increase in the incorporation of women in these studies. According to the data of the Spanish <a href=\"https:\/\/www.consejodentistas.es\" target=\"_blank\" rel=\"noopener noreferrer\"><strong>General Council of Dentists<\/strong><\/a>, the change occurs in the year 2011, when the number of collegiate women exceeds that of collegiate men to continue increasing progressively&#8221;.<\/p>\n<p>In this sense, Giner highlights several milestones, such as the constitution in 1996 in the Canary Islands of the <a href=\"http:\/\/www.infomed.es\/amudenes\" target=\"_blank\" rel=\"noopener noreferrer\"><strong>Association of Women Dentists of Spain<\/strong><\/a> and the presence from that moment in the <a href=\"https:\/\/www.ada.org\" target=\"_blank\" rel=\"noopener noreferrer\"><strong>American Dental Association<\/strong><\/a> of 60% women versus 40% men. Regarding his Faculty, the academician also indicates how until 2016 the teachers women surpassed the teachers men, although now the parity is absolute at that level. As it usually is in terms of students.<\/p>\n<p>Doctor in Medicine and Surgery, Giner entered as full academician of the RAED during a ceremony that was held on April 3 with the entry speech <strong>&#8220;Los dientes: del comer al lucir. Evoluci\u00f3n de los materiales odontol\u00f3gicos y cambios sociales&#8221;<\/strong> (Teeth: from eating to look, evolution of dental materials and social changes).<\/p>\n<h3><a href=\"https:\/\/raed.academy\/wp-content\/uploads\/2019\/06\/La-mujer-en-la-odontologia-Lluis-Giner-compr.pdf\" target=\"_blank\" rel=\"noopener noreferrer\">Complete article by Dr. Giner<\/a><\/h3>\n","protected":false},"excerpt":{"rendered":"<p>Llu\u00eds Giner highlights in an article published in &#8220;Dental Tribune&#8221; the role of women in his specialty Llu\u00eds Giner, dean of the Faculty of Dentistry of the International University of Catalonia and full academician of the Royal European Academy of Doctors-Barcelona 1914 (RAED), has published in the Spanish edition of the magazine &#8220;Dental Tribune&#8221;, which [&hellip;]<\/p>\n","protected":false},"author":12,"featured_media":73897,"comment_status":"closed","ping_status":"closed","sticky":false,"template":"","format":"standard","meta":{"_et_pb_use_builder":"","_et_pb_old_content":"","_et_gb_content_width":"","footnotes":""},"categories":[221],"tags":[],"class_list":["post-74225","post","type-post","status-publish","format-standard","has-post-thumbnail","hentry","category-dentistry","et-has-post-format-content","et_post_format-et-post-format-standard"],"yoast_head":"<!-- This site is optimized with the Yoast SEO plugin v27.4 - https:\/\/yoast.com\/product\/yoast-seo-wordpress\/ -->\n<title>Women in dentistry, by Dr Lluis Giner - Royal European Academy of Doctors<\/title>\n<meta name=\"description\" content=\"Llu\u00eds Giner has published, in &quot;Dental Tribune&quot;, the article entitled &quot;La mujer en la odontolog\u00eda&quot; (Women in dentistry), ...\" \/>\n<meta name=\"robots\" content=\"index, follow, max-snippet:-1, max-image-preview:large, max-video-preview:-1\" \/>\n<link rel=\"canonical\" href=\"https:\/\/raed.academy\/en\/women-in-dentistry-lluis-giner\/\" \/>\n<meta property=\"og:locale\" content=\"en_US\" \/>\n<meta property=\"og:type\" content=\"article\" \/>\n<meta property=\"og:title\" content=\"Women in dentistry, by Dr Lluis Giner - Royal European Academy of Doctors\" \/>\n<meta property=\"og:description\" content=\"Llu\u00eds Giner has published, in &quot;Dental Tribune&quot;, the article entitled &quot;La mujer en la odontolog\u00eda&quot; (Women in dentistry), ...\" \/>\n<meta property=\"og:url\" content=\"https:\/\/raed.academy\/en\/women-in-dentistry-lluis-giner\/\" \/>\n<meta property=\"og:site_name\" content=\"Royal European Academy of Doctors\" \/>\n<meta property=\"article:publisher\" content=\"http:\/\/fb.me\/raed.academy\" \/>\n<meta property=\"article:published_time\" content=\"2019-06-20T11:11:15+00:00\" \/>\n<meta property=\"article:modified_time\" content=\"2019-06-27T14:24:42+00:00\" \/>\n<meta property=\"og:image\" content=\"https:\/\/raed.academy\/wp-content\/uploads\/2019\/06\/Dental-Tribune-dstNtc.jpg\" \/>\n\t<meta property=\"og:image:width\" content=\"470\" \/>\n\t<meta property=\"og:image:height\" content=\"237\" \/>\n\t<meta property=\"og:image:type\" content=\"image\/jpeg\" \/>\n<meta name=\"author\" content=\"RAED\" \/>\n<meta name=\"twitter:card\" content=\"summary_large_image\" \/>\n<meta name=\"twitter:creator\" content=\"@raedacademy\" \/>\n<meta name=\"twitter:site\" content=\"@raedacademy\" \/>\n<meta name=\"twitter:label1\" content=\"Written by\" \/>\n\t<meta name=\"twitter:data1\" content=\"RAED\" \/>\n\t<meta name=\"twitter:label2\" content=\"Est. reading time\" \/>\n\t<meta name=\"twitter:data2\" content=\"2 minutes\" \/>\n<script type=\"application\/ld+json\" class=\"yoast-schema-graph\">{\"@context\":\"https:\\\/\\\/schema.org\",\"@graph\":[{\"@type\":\"Article\",\"@id\":\"https:\\\/\\\/raed.academy\\\/en\\\/women-in-dentistry-lluis-giner\\\/#article\",\"isPartOf\":{\"@id\":\"https:\\\/\\\/raed.academy\\\/en\\\/women-in-dentistry-lluis-giner\\\/\"},\"author\":{\"name\":\"RAED\",\"@id\":\"https:\\\/\\\/raed.academy\\\/en\\\/#\\\/schema\\\/person\\\/5a755da80d1d979fd66ba745c8702927\"},\"headline\":\"Paritary dentistry\",\"datePublished\":\"2019-06-20T11:11:15+00:00\",\"dateModified\":\"2019-06-27T14:24:42+00:00\",\"mainEntityOfPage\":{\"@id\":\"https:\\\/\\\/raed.academy\\\/en\\\/women-in-dentistry-lluis-giner\\\/\"},\"wordCount\":387,\"publisher\":{\"@id\":\"https:\\\/\\\/raed.academy\\\/en\\\/#organization\"},\"image\":{\"@id\":\"https:\\\/\\\/raed.academy\\\/en\\\/women-in-dentistry-lluis-giner\\\/#primaryimage\"},\"thumbnailUrl\":\"https:\\\/\\\/raed.academy\\\/wp-content\\\/uploads\\\/2019\\\/06\\\/Dental-Tribune-dstNtc.jpg\",\"articleSection\":[\"Dentistry\"],\"inLanguage\":\"en-US\"},{\"@type\":\"WebPage\",\"@id\":\"https:\\\/\\\/raed.academy\\\/en\\\/women-in-dentistry-lluis-giner\\\/\",\"url\":\"https:\\\/\\\/raed.academy\\\/en\\\/women-in-dentistry-lluis-giner\\\/\",\"name\":\"Women in dentistry, by Dr Lluis Giner - Royal European Academy of Doctors\",\"isPartOf\":{\"@id\":\"https:\\\/\\\/raed.academy\\\/en\\\/#website\"},\"primaryImageOfPage\":{\"@id\":\"https:\\\/\\\/raed.academy\\\/en\\\/women-in-dentistry-lluis-giner\\\/#primaryimage\"},\"image\":{\"@id\":\"https:\\\/\\\/raed.academy\\\/en\\\/women-in-dentistry-lluis-giner\\\/#primaryimage\"},\"thumbnailUrl\":\"https:\\\/\\\/raed.academy\\\/wp-content\\\/uploads\\\/2019\\\/06\\\/Dental-Tribune-dstNtc.jpg\",\"datePublished\":\"2019-06-20T11:11:15+00:00\",\"dateModified\":\"2019-06-27T14:24:42+00:00\",\"description\":\"Llu\u00eds Giner has published, in \\\"Dental Tribune\\\", the article entitled \\\"La mujer en la odontolog\u00eda\\\" (Women in dentistry), ...\",\"breadcrumb\":{\"@id\":\"https:\\\/\\\/raed.academy\\\/en\\\/women-in-dentistry-lluis-giner\\\/#breadcrumb\"},\"inLanguage\":\"en-US\",\"potentialAction\":[{\"@type\":\"ReadAction\",\"target\":[\"https:\\\/\\\/raed.academy\\\/en\\\/women-in-dentistry-lluis-giner\\\/\"]}]},{\"@type\":\"ImageObject\",\"inLanguage\":\"en-US\",\"@id\":\"https:\\\/\\\/raed.academy\\\/en\\\/women-in-dentistry-lluis-giner\\\/#primaryimage\",\"url\":\"https:\\\/\\\/raed.academy\\\/wp-content\\\/uploads\\\/2019\\\/06\\\/Dental-Tribune-dstNtc.jpg\",\"contentUrl\":\"https:\\\/\\\/raed.academy\\\/wp-content\\\/uploads\\\/2019\\\/06\\\/Dental-Tribune-dstNtc.jpg\",\"width\":470,\"height\":237},{\"@type\":\"BreadcrumbList\",\"@id\":\"https:\\\/\\\/raed.academy\\\/en\\\/women-in-dentistry-lluis-giner\\\/#breadcrumb\",\"itemListElement\":[{\"@type\":\"ListItem\",\"position\":1,\"name\":\"Inicio\",\"item\":\"https:\\\/\\\/raed.academy\\\/en\\\/\"},{\"@type\":\"ListItem\",\"position\":2,\"name\":\"Paritary dentistry\"}]},{\"@type\":\"WebSite\",\"@id\":\"https:\\\/\\\/raed.academy\\\/en\\\/#website\",\"url\":\"https:\\\/\\\/raed.academy\\\/en\\\/\",\"name\":\"Royal European Academy of Doctors\",\"description\":\"Corporaci\u00f3n de derecho p\u00fablico de car\u00e1cter cient\u00edfico, t\u00e9cnico y art\u00edstico, que tiene por objeto la investigaci\u00f3n, el estudio, el fomento y la extensi\u00f3n del conocimiento en su sentido m\u00e1s amplio.\",\"publisher\":{\"@id\":\"https:\\\/\\\/raed.academy\\\/en\\\/#organization\"},\"potentialAction\":[{\"@type\":\"SearchAction\",\"target\":{\"@type\":\"EntryPoint\",\"urlTemplate\":\"https:\\\/\\\/raed.academy\\\/en\\\/?s={search_term_string}\"},\"query-input\":{\"@type\":\"PropertyValueSpecification\",\"valueRequired\":true,\"valueName\":\"search_term_string\"}}],\"inLanguage\":\"en-US\"},{\"@type\":\"Organization\",\"@id\":\"https:\\\/\\\/raed.academy\\\/en\\\/#organization\",\"name\":\"Real Academia Europea de Doctores\",\"url\":\"https:\\\/\\\/raed.academy\\\/en\\\/\",\"logo\":{\"@type\":\"ImageObject\",\"inLanguage\":\"en-US\",\"@id\":\"https:\\\/\\\/raed.academy\\\/en\\\/#\\\/schema\\\/logo\\\/image\\\/\",\"url\":\"https:\\\/\\\/raed.academy\\\/wp-content\\\/uploads\\\/2017\\\/01\\\/cropped-logo_raed.png\",\"contentUrl\":\"https:\\\/\\\/raed.academy\\\/wp-content\\\/uploads\\\/2017\\\/01\\\/cropped-logo_raed.png\",\"width\":512,\"height\":512,\"caption\":\"Real Academia Europea de Doctores\"},\"image\":{\"@id\":\"https:\\\/\\\/raed.academy\\\/en\\\/#\\\/schema\\\/logo\\\/image\\\/\"},\"sameAs\":[\"http:\\\/\\\/fb.me\\\/raed.academy\",\"https:\\\/\\\/x.com\\\/raedacademy\",\"https:\\\/\\\/www.instagram.com\\\/raed.academy\\\/\",\"https:\\\/\\\/www.youtube.com\\\/channel\\\/UCUYQwW2KrdirNWihxMDObwg\"]},{\"@type\":\"Person\",\"@id\":\"https:\\\/\\\/raed.academy\\\/en\\\/#\\\/schema\\\/person\\\/5a755da80d1d979fd66ba745c8702927\",\"name\":\"RAED\",\"image\":{\"@type\":\"ImageObject\",\"inLanguage\":\"en-US\",\"@id\":\"https:\\\/\\\/secure.gravatar.com\\\/avatar\\\/19fdfdc0d67fb9c45714b703a2ac82251c4fcea3637f002ac3c9b74c0183583c?s=96&d=mm&r=g\",\"url\":\"https:\\\/\\\/secure.gravatar.com\\\/avatar\\\/19fdfdc0d67fb9c45714b703a2ac82251c4fcea3637f002ac3c9b74c0183583c?s=96&d=mm&r=g\",\"contentUrl\":\"https:\\\/\\\/secure.gravatar.com\\\/avatar\\\/19fdfdc0d67fb9c45714b703a2ac82251c4fcea3637f002ac3c9b74c0183583c?s=96&d=mm&r=g\",\"caption\":\"RAED\"}}]}<\/script>\n<!-- \/ Yoast SEO plugin. -->","yoast_head_json":{"title":"Women in dentistry, by Dr Lluis Giner - Royal European Academy of Doctors","description":"Llu\u00eds Giner has published, in \"Dental Tribune\", the article entitled \"La mujer en la odontolog\u00eda\" (Women in dentistry), ...","robots":{"index":"index","follow":"follow","max-snippet":"max-snippet:-1","max-image-preview":"max-image-preview:large","max-video-preview":"max-video-preview:-1"},"canonical":"https:\/\/raed.academy\/en\/women-in-dentistry-lluis-giner\/","og_locale":"en_US","og_type":"article","og_title":"Women in dentistry, by Dr Lluis Giner - Royal European Academy of Doctors","og_description":"Llu\u00eds Giner has published, in \"Dental Tribune\", the article entitled \"La mujer en la odontolog\u00eda\" (Women in dentistry), ...","og_url":"https:\/\/raed.academy\/en\/women-in-dentistry-lluis-giner\/","og_site_name":"Royal European Academy of Doctors","article_publisher":"http:\/\/fb.me\/raed.academy","article_published_time":"2019-06-20T11:11:15+00:00","article_modified_time":"2019-06-27T14:24:42+00:00","og_image":[{"width":470,"height":237,"url":"https:\/\/raed.academy\/wp-content\/uploads\/2019\/06\/Dental-Tribune-dstNtc.jpg","type":"image\/jpeg"}],"author":"RAED","twitter_card":"summary_large_image","twitter_creator":"@raedacademy","twitter_site":"@raedacademy","twitter_misc":{"Written by":"RAED","Est. reading time":"2 minutes"},"schema":{"@context":"https:\/\/schema.org","@graph":[{"@type":"Article","@id":"https:\/\/raed.academy\/en\/women-in-dentistry-lluis-giner\/#article","isPartOf":{"@id":"https:\/\/raed.academy\/en\/women-in-dentistry-lluis-giner\/"},"author":{"name":"RAED","@id":"https:\/\/raed.academy\/en\/#\/schema\/person\/5a755da80d1d979fd66ba745c8702927"},"headline":"Paritary dentistry","datePublished":"2019-06-20T11:11:15+00:00","dateModified":"2019-06-27T14:24:42+00:00","mainEntityOfPage":{"@id":"https:\/\/raed.academy\/en\/women-in-dentistry-lluis-giner\/"},"wordCount":387,"publisher":{"@id":"https:\/\/raed.academy\/en\/#organization"},"image":{"@id":"https:\/\/raed.academy\/en\/women-in-dentistry-lluis-giner\/#primaryimage"},"thumbnailUrl":"https:\/\/raed.academy\/wp-content\/uploads\/2019\/06\/Dental-Tribune-dstNtc.jpg","articleSection":["Dentistry"],"inLanguage":"en-US"},{"@type":"WebPage","@id":"https:\/\/raed.academy\/en\/women-in-dentistry-lluis-giner\/","url":"https:\/\/raed.academy\/en\/women-in-dentistry-lluis-giner\/","name":"Women in dentistry, by Dr Lluis Giner - Royal European Academy of Doctors","isPartOf":{"@id":"https:\/\/raed.academy\/en\/#website"},"primaryImageOfPage":{"@id":"https:\/\/raed.academy\/en\/women-in-dentistry-lluis-giner\/#primaryimage"},"image":{"@id":"https:\/\/raed.academy\/en\/women-in-dentistry-lluis-giner\/#primaryimage"},"thumbnailUrl":"https:\/\/raed.academy\/wp-content\/uploads\/2019\/06\/Dental-Tribune-dstNtc.jpg","datePublished":"2019-06-20T11:11:15+00:00","dateModified":"2019-06-27T14:24:42+00:00","description":"Llu\u00eds Giner has published, in \"Dental Tribune\", the article entitled \"La mujer en la odontolog\u00eda\" (Women in dentistry), ...","breadcrumb":{"@id":"https:\/\/raed.academy\/en\/women-in-dentistry-lluis-giner\/#breadcrumb"},"inLanguage":"en-US","potentialAction":[{"@type":"ReadAction","target":["https:\/\/raed.academy\/en\/women-in-dentistry-lluis-giner\/"]}]},{"@type":"ImageObject","inLanguage":"en-US","@id":"https:\/\/raed.academy\/en\/women-in-dentistry-lluis-giner\/#primaryimage","url":"https:\/\/raed.academy\/wp-content\/uploads\/2019\/06\/Dental-Tribune-dstNtc.jpg","contentUrl":"https:\/\/raed.academy\/wp-content\/uploads\/2019\/06\/Dental-Tribune-dstNtc.jpg","width":470,"height":237},{"@type":"BreadcrumbList","@id":"https:\/\/raed.academy\/en\/women-in-dentistry-lluis-giner\/#breadcrumb","itemListElement":[{"@type":"ListItem","position":1,"name":"Inicio","item":"https:\/\/raed.academy\/en\/"},{"@type":"ListItem","position":2,"name":"Paritary dentistry"}]},{"@type":"WebSite","@id":"https:\/\/raed.academy\/en\/#website","url":"https:\/\/raed.academy\/en\/","name":"Royal European Academy of Doctors","description":"Corporaci\u00f3n de derecho p\u00fablico de car\u00e1cter cient\u00edfico, t\u00e9cnico y art\u00edstico, que tiene por objeto la investigaci\u00f3n, el estudio, el fomento y la extensi\u00f3n del conocimiento en su sentido m\u00e1s amplio.","publisher":{"@id":"https:\/\/raed.academy\/en\/#organization"},"potentialAction":[{"@type":"SearchAction","target":{"@type":"EntryPoint","urlTemplate":"https:\/\/raed.academy\/en\/?s={search_term_string}"},"query-input":{"@type":"PropertyValueSpecification","valueRequired":true,"valueName":"search_term_string"}}],"inLanguage":"en-US"},{"@type":"Organization","@id":"https:\/\/raed.academy\/en\/#organization","name":"Real Academia Europea de Doctores","url":"https:\/\/raed.academy\/en\/","logo":{"@type":"ImageObject","inLanguage":"en-US","@id":"https:\/\/raed.academy\/en\/#\/schema\/logo\/image\/","url":"https:\/\/raed.academy\/wp-content\/uploads\/2017\/01\/cropped-logo_raed.png","contentUrl":"https:\/\/raed.academy\/wp-content\/uploads\/2017\/01\/cropped-logo_raed.png","width":512,"height":512,"caption":"Real Academia Europea de Doctores"},"image":{"@id":"https:\/\/raed.academy\/en\/#\/schema\/logo\/image\/"},"sameAs":["http:\/\/fb.me\/raed.academy","https:\/\/x.com\/raedacademy","https:\/\/www.instagram.com\/raed.academy\/","https:\/\/www.youtube.com\/channel\/UCUYQwW2KrdirNWihxMDObwg"]},{"@type":"Person","@id":"https:\/\/raed.academy\/en\/#\/schema\/person\/5a755da80d1d979fd66ba745c8702927","name":"RAED","image":{"@type":"ImageObject","inLanguage":"en-US","@id":"https:\/\/secure.gravatar.com\/avatar\/19fdfdc0d67fb9c45714b703a2ac82251c4fcea3637f002ac3c9b74c0183583c?s=96&d=mm&r=g","url":"https:\/\/secure.gravatar.com\/avatar\/19fdfdc0d67fb9c45714b703a2ac82251c4fcea3637f002ac3c9b74c0183583c?s=96&d=mm&r=g","contentUrl":"https:\/\/secure.gravatar.com\/avatar\/19fdfdc0d67fb9c45714b703a2ac82251c4fcea3637f002ac3c9b74c0183583c?s=96&d=mm&r=g","caption":"RAED"}}]}},"_links":{"self":[{"href":"https:\/\/raed.academy\/en\/wp-json\/wp\/v2\/posts\/74225","targetHints":{"allow":["GET"]}}],"collection":[{"href":"https:\/\/raed.academy\/en\/wp-json\/wp\/v2\/posts"}],"about":[{"href":"https:\/\/raed.academy\/en\/wp-json\/wp\/v2\/types\/post"}],"author":[{"embeddable":true,"href":"https:\/\/raed.academy\/en\/wp-json\/wp\/v2\/users\/12"}],"replies":[{"embeddable":true,"href":"https:\/\/raed.academy\/en\/wp-json\/wp\/v2\/comments?post=74225"}],"version-history":[{"count":0,"href":"https:\/\/raed.academy\/en\/wp-json\/wp\/v2\/posts\/74225\/revisions"}],"wp:featuredmedia":[{"embeddable":true,"href":"https:\/\/raed.academy\/en\/wp-json\/wp\/v2\/media\/73897"}],"wp:attachment":[{"href":"https:\/\/raed.academy\/en\/wp-json\/wp\/v2\/media?parent=74225"}],"wp:term":[{"taxonomy":"category","embeddable":true,"href":"https:\/\/raed.academy\/en\/wp-json\/wp\/v2\/categories?post=74225"},{"taxonomy":"post_tag","embeddable":true,"href":"https:\/\/raed.academy\/en\/wp-json\/wp\/v2\/tags?post=74225"}],"curies":[{"name":"wp","href":"https:\/\/api.w.org\/{rel}","templated":true}]}}