{"id":74193,"date":"2019-06-13T10:09:04","date_gmt":"2019-06-13T10:09:04","guid":{"rendered":"https:\/\/raed.academy\/?p=74193"},"modified":"2019-06-25T14:13:44","modified_gmt":"2019-06-25T14:13:44","slug":"tolerance-award","status":"publish","type":"post","link":"https:\/\/raed.academy\/en\/tolerance-award\/","title":{"rendered":"Tolerance Award"},"content":{"rendered":"<p><img loading=\"lazy\" decoding=\"async\" class=\"alignright wp-image-73662 jetpack-lazy-image jetpack-lazy-image--handled\" src=\"https:\/\/raed.academy\/wp-content\/uploads\/2019\/06\/Tolerancia-dstNtc.jpg\" alt=\"\" width=\"399\" height=\"171\" data-attachment-id=\"73662\" data-permalink=\"https:\/\/raed.academy\/premio-a-la-tolerancia\/tolerancia-dstntc\/\" data-orig-file=\"https:\/\/raed.academy\/wp-content\/uploads\/2019\/06\/Tolerancia-dstNtc.jpg\" data-orig-size=\"600,257\" data-comments-opened=\"0\" data-image-meta=\"{&quot;aperture&quot;:&quot;0&quot;,&quot;credit&quot;:&quot;&quot;,&quot;camera&quot;:&quot;&quot;,&quot;caption&quot;:&quot;&quot;,&quot;created_timestamp&quot;:&quot;0&quot;,&quot;copyright&quot;:&quot;&quot;,&quot;focal_length&quot;:&quot;0&quot;,&quot;iso&quot;:&quot;0&quot;,&quot;shutter_speed&quot;:&quot;0&quot;,&quot;title&quot;:&quot;&quot;,&quot;orientation&quot;:&quot;0&quot;}\" data-image-title=\"Tolerancia-dstNtc\" data-image-description=\"\" data-medium-file=\"https:\/\/raed.academy\/wp-content\/uploads\/2019\/06\/Tolerancia-dstNtc.jpg\" data-large-file=\"https:\/\/raed.academy\/wp-content\/uploads\/2019\/06\/Tolerancia-dstNtc.jpg\" data-lazy-loaded=\"1\" \/><a href=\"https:\/\/raed.academy\/en\/academicians\/dr-teresa-freixes-sanjuan\/\" target=\"_blank\" rel=\"noopener noreferrer\"><strong>Teresa Freixes<\/strong><\/a>, professor of Constitutional Law at the <a href=\"http:\/\/www.uab.edu\" target=\"_blank\" rel=\"noopener noreferrer\"><strong>Autonomous University of Barcelona<\/strong><\/a>, \u200b\u200bfull academician and general secretary of the <strong>Royal European Academy of Doctors-Barcelona 1914<\/strong> (RAED), has been awarded the XXV <strong>Prize for Tolerance<\/strong> granted by the <strong>Association for the Tolerance<\/strong>. The jury highlighted her tireless activism for the dissemination of constitutional values \u200b\u200band Europeanism throughout her career. &#8220;She is without a doubt the jurist who has most consistently denounced certain legal aspects with which the secessionist parties have dealt with the Spanish legal system. As the relevance of her personality in Europe, the jury has considered her an excellent speaker of constitutionalism beyond of our borders&#8221;, said the association to communicate the concession.<\/p>\n<p><img loading=\"lazy\" decoding=\"async\" class=\"wp-image-73659 size-full jetpack-lazy-image jetpack-lazy-image--handled alignleft\" src=\"https:\/\/raed.academy\/wp-content\/uploads\/2019\/06\/Teresa-Freixes.jpg\" alt=\"Dra. Teresa Freixes\" width=\"225\" height=\"280\" aria-describedby=\"caption-attachment-73659\" data-attachment-id=\"73659\" data-permalink=\"https:\/\/raed.academy\/premio-a-la-tolerancia\/teresa-freixes-8\/\" data-orig-file=\"https:\/\/raed.academy\/wp-content\/uploads\/2019\/06\/Teresa-Freixes.jpg\" data-orig-size=\"225,280\" data-comments-opened=\"0\" data-image-meta=\"{&quot;aperture&quot;:&quot;0&quot;,&quot;credit&quot;:&quot;&quot;,&quot;camera&quot;:&quot;&quot;,&quot;caption&quot;:&quot;&quot;,&quot;created_timestamp&quot;:&quot;0&quot;,&quot;copyright&quot;:&quot;&quot;,&quot;focal_length&quot;:&quot;0&quot;,&quot;iso&quot;:&quot;0&quot;,&quot;shutter_speed&quot;:&quot;0&quot;,&quot;title&quot;:&quot;&quot;,&quot;orientation&quot;:&quot;0&quot;}\" data-image-title=\"Teresa-Freixes\" data-image-description=\"\" data-medium-file=\"https:\/\/raed.academy\/wp-content\/uploads\/2019\/06\/Teresa-Freixes.jpg\" data-large-file=\"https:\/\/raed.academy\/wp-content\/uploads\/2019\/06\/Teresa-Freixes.jpg\" data-lazy-loaded=\"1\" \/><img loading=\"lazy\" decoding=\"async\" class=\"alignright size-full wp-image-73656 jetpack-lazy-image jetpack-lazy-image--handled\" src=\"https:\/\/raed.academy\/wp-content\/uploads\/2019\/06\/logo-asociacion-para-la-tolerancia-int.jpg\" alt=\"\" width=\"270\" height=\"106\" data-attachment-id=\"73656\" data-permalink=\"https:\/\/raed.academy\/premio-a-la-tolerancia\/logo-asociacion-para-la-tolerancia-int\/\" data-orig-file=\"https:\/\/raed.academy\/wp-content\/uploads\/2019\/06\/logo-asociacion-para-la-tolerancia-int.jpg\" data-orig-size=\"270,106\" data-comments-opened=\"0\" data-image-meta=\"{&quot;aperture&quot;:&quot;0&quot;,&quot;credit&quot;:&quot;&quot;,&quot;camera&quot;:&quot;&quot;,&quot;caption&quot;:&quot;&quot;,&quot;created_timestamp&quot;:&quot;0&quot;,&quot;copyright&quot;:&quot;&quot;,&quot;focal_length&quot;:&quot;0&quot;,&quot;iso&quot;:&quot;0&quot;,&quot;shutter_speed&quot;:&quot;0&quot;,&quot;title&quot;:&quot;&quot;,&quot;orientation&quot;:&quot;0&quot;}\" data-image-title=\"logo-asociacion-para-la-tolerancia-int\" data-image-description=\"\" data-medium-file=\"https:\/\/raed.academy\/wp-content\/uploads\/2019\/06\/logo-asociacion-para-la-tolerancia-int.jpg\" data-large-file=\"https:\/\/raed.academy\/wp-content\/uploads\/2019\/06\/logo-asociacion-para-la-tolerancia-int.jpg\" data-lazy-loaded=\"1\" \/>The jury, composed of intellectuals such as <strong>Inger Enkvist<\/strong>, <strong>Arcadi Espada<\/strong> or <strong>Ricardo Garc\u00eda C\u00e1rcel<\/strong>, among others, has also taken into account &#8220;the relevance of her personality in Europe&#8221;. Freixes has presided various philanthropic organizations and recently created <strong>Civic Concordia<\/strong> in order to unite and coordinate the scattered forces of constitutionalism in Catalonia. In addition to her intense activism, the academician treasures an important work that includes her chronicle of the Catalan sovereignty process: <strong>&#8220;155. Los d\u00edas que estremecieron a Catalu\u00f1a&#8221;<\/strong> (155. The days that shook Catalonia).<\/p>\n<p>In previous editions, the Association for Tolerance has recognized figures such as <strong>Iv\u00e1n Tubau<\/strong>, <strong>Fernando Savater<\/strong>, <strong>Francesc de Carreras<\/strong>, <strong>Gregorio Peces-Barba<\/strong>, <strong>F\u00e9lix de Az\u00faa<\/strong>, <strong>Albert Boadella<\/strong>, <strong>Baltasar Garz\u00f3n<\/strong>, <strong>Antonio Mu\u00f1oz Molina<\/strong>, <strong>Rosa D\u00edez<\/strong>, <strong>Mario Vargas Llosa<\/strong>, <strong>Carlos Herrera<\/strong>, <strong>Antonio Mingote<\/strong>,<strong> F\u00e9lix Ovejero<\/strong>, <strong>Victoria Prego <\/strong>or <strong>Maite Pagazaurtund\u00faa<\/strong>. The award ceremony for Freixes, as reported by the entity, will be carried out in an act still undated, but to be held next autumn in Barcelona.<\/p>\n<h3><a href=\"https:\/\/www.abc.es\/espana\/catalunya\/politica\/abci-teresa-freixes-premio-tolerancia-201906101121_noticia.html\" target=\"_blank\" rel=\"noopener noreferrer\">News in the ABC newspaper<\/a><\/h3>\n","protected":false},"excerpt":{"rendered":"<p>Teresa Freixes, professor of Constitutional Law at the Autonomous University of Barcelona, \u200b\u200bfull academician and general secretary of the Royal European Academy of Doctors-Barcelona 1914 (RAED), has been awarded the XXV Prize for Tolerance granted by the Association for the Tolerance. The jury highlighted her tireless activism for the dissemination of constitutional values \u200b\u200band Europeanism [&hellip;]<\/p>\n","protected":false},"author":12,"featured_media":73664,"comment_status":"closed","ping_status":"closed","sticky":false,"template":"","format":"standard","meta":{"_et_pb_use_builder":"","_et_pb_old_content":"","_et_gb_content_width":"","footnotes":""},"categories":[167],"tags":[],"class_list":["post-74193","post","type-post","status-publish","format-standard","has-post-thumbnail","hentry","category-prizes-awards-and-appointments","et-has-post-format-content","et_post_format-et-post-format-standard"],"yoast_head":"<!-- This site is optimized with the Yoast SEO plugin v27.4 - https:\/\/yoast.com\/product\/yoast-seo-wordpress\/ -->\n<title>Tolerance Award - Royal European Academy of Doctors<\/title>\n<meta name=\"robots\" content=\"index, follow, max-snippet:-1, max-image-preview:large, max-video-preview:-1\" \/>\n<link rel=\"canonical\" href=\"https:\/\/raed.academy\/en\/tolerance-award\/\" \/>\n<meta property=\"og:locale\" content=\"en_US\" \/>\n<meta property=\"og:type\" content=\"article\" \/>\n<meta property=\"og:title\" content=\"Tolerance Award - Royal European Academy of Doctors\" \/>\n<meta property=\"og:description\" content=\"Teresa Freixes, professor of Constitutional Law at the Autonomous University of Barcelona, \u200b\u200bfull academician and general secretary of the Royal European Academy of Doctors-Barcelona 1914 (RAED), has been awarded the XXV Prize for Tolerance granted by the Association for the Tolerance. The jury highlighted her tireless activism for the dissemination of constitutional values \u200b\u200band Europeanism [&hellip;]\" \/>\n<meta property=\"og:url\" content=\"https:\/\/raed.academy\/en\/tolerance-award\/\" \/>\n<meta property=\"og:site_name\" content=\"Royal European Academy of Doctors\" \/>\n<meta property=\"article:publisher\" content=\"http:\/\/fb.me\/raed.academy\" \/>\n<meta property=\"article:published_time\" content=\"2019-06-13T10:09:04+00:00\" \/>\n<meta property=\"article:modified_time\" content=\"2019-06-25T14:13:44+00:00\" \/>\n<meta property=\"og:image\" content=\"https:\/\/raed.academy\/wp-content\/uploads\/2019\/06\/Tolerancia-dstNtc.jpg\" \/>\n\t<meta property=\"og:image:width\" content=\"600\" \/>\n\t<meta property=\"og:image:height\" content=\"257\" \/>\n\t<meta property=\"og:image:type\" content=\"image\/jpeg\" \/>\n<meta name=\"author\" content=\"RAED\" \/>\n<meta name=\"twitter:card\" content=\"summary_large_image\" \/>\n<meta name=\"twitter:creator\" content=\"@raedacademy\" \/>\n<meta name=\"twitter:site\" content=\"@raedacademy\" \/>\n<meta name=\"twitter:label1\" content=\"Written by\" \/>\n\t<meta name=\"twitter:data1\" content=\"RAED\" \/>\n\t<meta name=\"twitter:label2\" content=\"Est. reading time\" \/>\n\t<meta name=\"twitter:data2\" content=\"1 minute\" \/>\n<script type=\"application\/ld+json\" class=\"yoast-schema-graph\">{\"@context\":\"https:\\\/\\\/schema.org\",\"@graph\":[{\"@type\":\"Article\",\"@id\":\"https:\\\/\\\/raed.academy\\\/en\\\/tolerance-award\\\/#article\",\"isPartOf\":{\"@id\":\"https:\\\/\\\/raed.academy\\\/en\\\/tolerance-award\\\/\"},\"author\":{\"name\":\"RAED\",\"@id\":\"https:\\\/\\\/raed.academy\\\/en\\\/#\\\/schema\\\/person\\\/5a755da80d1d979fd66ba745c8702927\"},\"headline\":\"Tolerance Award\",\"datePublished\":\"2019-06-13T10:09:04+00:00\",\"dateModified\":\"2019-06-25T14:13:44+00:00\",\"mainEntityOfPage\":{\"@id\":\"https:\\\/\\\/raed.academy\\\/en\\\/tolerance-award\\\/\"},\"wordCount\":291,\"publisher\":{\"@id\":\"https:\\\/\\\/raed.academy\\\/en\\\/#organization\"},\"image\":{\"@id\":\"https:\\\/\\\/raed.academy\\\/en\\\/tolerance-award\\\/#primaryimage\"},\"thumbnailUrl\":\"https:\\\/\\\/raed.academy\\\/wp-content\\\/uploads\\\/2019\\\/06\\\/Tolerancia-dstNtc.jpg\",\"articleSection\":[\"Prizes, awards and appointments\"],\"inLanguage\":\"en-US\"},{\"@type\":\"WebPage\",\"@id\":\"https:\\\/\\\/raed.academy\\\/en\\\/tolerance-award\\\/\",\"url\":\"https:\\\/\\\/raed.academy\\\/en\\\/tolerance-award\\\/\",\"name\":\"Tolerance Award - Royal European Academy of Doctors\",\"isPartOf\":{\"@id\":\"https:\\\/\\\/raed.academy\\\/en\\\/#website\"},\"primaryImageOfPage\":{\"@id\":\"https:\\\/\\\/raed.academy\\\/en\\\/tolerance-award\\\/#primaryimage\"},\"image\":{\"@id\":\"https:\\\/\\\/raed.academy\\\/en\\\/tolerance-award\\\/#primaryimage\"},\"thumbnailUrl\":\"https:\\\/\\\/raed.academy\\\/wp-content\\\/uploads\\\/2019\\\/06\\\/Tolerancia-dstNtc.jpg\",\"datePublished\":\"2019-06-13T10:09:04+00:00\",\"dateModified\":\"2019-06-25T14:13:44+00:00\",\"breadcrumb\":{\"@id\":\"https:\\\/\\\/raed.academy\\\/en\\\/tolerance-award\\\/#breadcrumb\"},\"inLanguage\":\"en-US\",\"potentialAction\":[{\"@type\":\"ReadAction\",\"target\":[\"https:\\\/\\\/raed.academy\\\/en\\\/tolerance-award\\\/\"]}]},{\"@type\":\"ImageObject\",\"inLanguage\":\"en-US\",\"@id\":\"https:\\\/\\\/raed.academy\\\/en\\\/tolerance-award\\\/#primaryimage\",\"url\":\"https:\\\/\\\/raed.academy\\\/wp-content\\\/uploads\\\/2019\\\/06\\\/Tolerancia-dstNtc.jpg\",\"contentUrl\":\"https:\\\/\\\/raed.academy\\\/wp-content\\\/uploads\\\/2019\\\/06\\\/Tolerancia-dstNtc.jpg\",\"width\":600,\"height\":257},{\"@type\":\"BreadcrumbList\",\"@id\":\"https:\\\/\\\/raed.academy\\\/en\\\/tolerance-award\\\/#breadcrumb\",\"itemListElement\":[{\"@type\":\"ListItem\",\"position\":1,\"name\":\"Inicio\",\"item\":\"https:\\\/\\\/raed.academy\\\/en\\\/\"},{\"@type\":\"ListItem\",\"position\":2,\"name\":\"Tolerance Award\"}]},{\"@type\":\"WebSite\",\"@id\":\"https:\\\/\\\/raed.academy\\\/en\\\/#website\",\"url\":\"https:\\\/\\\/raed.academy\\\/en\\\/\",\"name\":\"Royal European Academy of Doctors\",\"description\":\"Corporaci\u00f3n de derecho p\u00fablico de car\u00e1cter cient\u00edfico, t\u00e9cnico y art\u00edstico, que tiene por objeto la investigaci\u00f3n, el estudio, el fomento y la extensi\u00f3n del conocimiento en su sentido m\u00e1s amplio.\",\"publisher\":{\"@id\":\"https:\\\/\\\/raed.academy\\\/en\\\/#organization\"},\"potentialAction\":[{\"@type\":\"SearchAction\",\"target\":{\"@type\":\"EntryPoint\",\"urlTemplate\":\"https:\\\/\\\/raed.academy\\\/en\\\/?s={search_term_string}\"},\"query-input\":{\"@type\":\"PropertyValueSpecification\",\"valueRequired\":true,\"valueName\":\"search_term_string\"}}],\"inLanguage\":\"en-US\"},{\"@type\":\"Organization\",\"@id\":\"https:\\\/\\\/raed.academy\\\/en\\\/#organization\",\"name\":\"Real Academia Europea de Doctores\",\"url\":\"https:\\\/\\\/raed.academy\\\/en\\\/\",\"logo\":{\"@type\":\"ImageObject\",\"inLanguage\":\"en-US\",\"@id\":\"https:\\\/\\\/raed.academy\\\/en\\\/#\\\/schema\\\/logo\\\/image\\\/\",\"url\":\"https:\\\/\\\/raed.academy\\\/wp-content\\\/uploads\\\/2017\\\/01\\\/cropped-logo_raed.png\",\"contentUrl\":\"https:\\\/\\\/raed.academy\\\/wp-content\\\/uploads\\\/2017\\\/01\\\/cropped-logo_raed.png\",\"width\":512,\"height\":512,\"caption\":\"Real Academia Europea de Doctores\"},\"image\":{\"@id\":\"https:\\\/\\\/raed.academy\\\/en\\\/#\\\/schema\\\/logo\\\/image\\\/\"},\"sameAs\":[\"http:\\\/\\\/fb.me\\\/raed.academy\",\"https:\\\/\\\/x.com\\\/raedacademy\",\"https:\\\/\\\/www.instagram.com\\\/raed.academy\\\/\",\"https:\\\/\\\/www.youtube.com\\\/channel\\\/UCUYQwW2KrdirNWihxMDObwg\"]},{\"@type\":\"Person\",\"@id\":\"https:\\\/\\\/raed.academy\\\/en\\\/#\\\/schema\\\/person\\\/5a755da80d1d979fd66ba745c8702927\",\"name\":\"RAED\",\"image\":{\"@type\":\"ImageObject\",\"inLanguage\":\"en-US\",\"@id\":\"https:\\\/\\\/secure.gravatar.com\\\/avatar\\\/19fdfdc0d67fb9c45714b703a2ac82251c4fcea3637f002ac3c9b74c0183583c?s=96&d=mm&r=g\",\"url\":\"https:\\\/\\\/secure.gravatar.com\\\/avatar\\\/19fdfdc0d67fb9c45714b703a2ac82251c4fcea3637f002ac3c9b74c0183583c?s=96&d=mm&r=g\",\"contentUrl\":\"https:\\\/\\\/secure.gravatar.com\\\/avatar\\\/19fdfdc0d67fb9c45714b703a2ac82251c4fcea3637f002ac3c9b74c0183583c?s=96&d=mm&r=g\",\"caption\":\"RAED\"}}]}<\/script>\n<!-- \/ Yoast SEO plugin. -->","yoast_head_json":{"title":"Tolerance Award - Royal European Academy of Doctors","robots":{"index":"index","follow":"follow","max-snippet":"max-snippet:-1","max-image-preview":"max-image-preview:large","max-video-preview":"max-video-preview:-1"},"canonical":"https:\/\/raed.academy\/en\/tolerance-award\/","og_locale":"en_US","og_type":"article","og_title":"Tolerance Award - Royal European Academy of Doctors","og_description":"Teresa Freixes, professor of Constitutional Law at the Autonomous University of Barcelona, \u200b\u200bfull academician and general secretary of the Royal European Academy of Doctors-Barcelona 1914 (RAED), has been awarded the XXV Prize for Tolerance granted by the Association for the Tolerance. The jury highlighted her tireless activism for the dissemination of constitutional values \u200b\u200band Europeanism [&hellip;]","og_url":"https:\/\/raed.academy\/en\/tolerance-award\/","og_site_name":"Royal European Academy of Doctors","article_publisher":"http:\/\/fb.me\/raed.academy","article_published_time":"2019-06-13T10:09:04+00:00","article_modified_time":"2019-06-25T14:13:44+00:00","og_image":[{"width":600,"height":257,"url":"https:\/\/raed.academy\/wp-content\/uploads\/2019\/06\/Tolerancia-dstNtc.jpg","type":"image\/jpeg"}],"author":"RAED","twitter_card":"summary_large_image","twitter_creator":"@raedacademy","twitter_site":"@raedacademy","twitter_misc":{"Written by":"RAED","Est. reading time":"1 minute"},"schema":{"@context":"https:\/\/schema.org","@graph":[{"@type":"Article","@id":"https:\/\/raed.academy\/en\/tolerance-award\/#article","isPartOf":{"@id":"https:\/\/raed.academy\/en\/tolerance-award\/"},"author":{"name":"RAED","@id":"https:\/\/raed.academy\/en\/#\/schema\/person\/5a755da80d1d979fd66ba745c8702927"},"headline":"Tolerance Award","datePublished":"2019-06-13T10:09:04+00:00","dateModified":"2019-06-25T14:13:44+00:00","mainEntityOfPage":{"@id":"https:\/\/raed.academy\/en\/tolerance-award\/"},"wordCount":291,"publisher":{"@id":"https:\/\/raed.academy\/en\/#organization"},"image":{"@id":"https:\/\/raed.academy\/en\/tolerance-award\/#primaryimage"},"thumbnailUrl":"https:\/\/raed.academy\/wp-content\/uploads\/2019\/06\/Tolerancia-dstNtc.jpg","articleSection":["Prizes, awards and appointments"],"inLanguage":"en-US"},{"@type":"WebPage","@id":"https:\/\/raed.academy\/en\/tolerance-award\/","url":"https:\/\/raed.academy\/en\/tolerance-award\/","name":"Tolerance Award - Royal European Academy of Doctors","isPartOf":{"@id":"https:\/\/raed.academy\/en\/#website"},"primaryImageOfPage":{"@id":"https:\/\/raed.academy\/en\/tolerance-award\/#primaryimage"},"image":{"@id":"https:\/\/raed.academy\/en\/tolerance-award\/#primaryimage"},"thumbnailUrl":"https:\/\/raed.academy\/wp-content\/uploads\/2019\/06\/Tolerancia-dstNtc.jpg","datePublished":"2019-06-13T10:09:04+00:00","dateModified":"2019-06-25T14:13:44+00:00","breadcrumb":{"@id":"https:\/\/raed.academy\/en\/tolerance-award\/#breadcrumb"},"inLanguage":"en-US","potentialAction":[{"@type":"ReadAction","target":["https:\/\/raed.academy\/en\/tolerance-award\/"]}]},{"@type":"ImageObject","inLanguage":"en-US","@id":"https:\/\/raed.academy\/en\/tolerance-award\/#primaryimage","url":"https:\/\/raed.academy\/wp-content\/uploads\/2019\/06\/Tolerancia-dstNtc.jpg","contentUrl":"https:\/\/raed.academy\/wp-content\/uploads\/2019\/06\/Tolerancia-dstNtc.jpg","width":600,"height":257},{"@type":"BreadcrumbList","@id":"https:\/\/raed.academy\/en\/tolerance-award\/#breadcrumb","itemListElement":[{"@type":"ListItem","position":1,"name":"Inicio","item":"https:\/\/raed.academy\/en\/"},{"@type":"ListItem","position":2,"name":"Tolerance Award"}]},{"@type":"WebSite","@id":"https:\/\/raed.academy\/en\/#website","url":"https:\/\/raed.academy\/en\/","name":"Royal European Academy of Doctors","description":"Corporaci\u00f3n de derecho p\u00fablico de car\u00e1cter cient\u00edfico, t\u00e9cnico y art\u00edstico, que tiene por objeto la investigaci\u00f3n, el estudio, el fomento y la extensi\u00f3n del conocimiento en su sentido m\u00e1s amplio.","publisher":{"@id":"https:\/\/raed.academy\/en\/#organization"},"potentialAction":[{"@type":"SearchAction","target":{"@type":"EntryPoint","urlTemplate":"https:\/\/raed.academy\/en\/?s={search_term_string}"},"query-input":{"@type":"PropertyValueSpecification","valueRequired":true,"valueName":"search_term_string"}}],"inLanguage":"en-US"},{"@type":"Organization","@id":"https:\/\/raed.academy\/en\/#organization","name":"Real Academia Europea de Doctores","url":"https:\/\/raed.academy\/en\/","logo":{"@type":"ImageObject","inLanguage":"en-US","@id":"https:\/\/raed.academy\/en\/#\/schema\/logo\/image\/","url":"https:\/\/raed.academy\/wp-content\/uploads\/2017\/01\/cropped-logo_raed.png","contentUrl":"https:\/\/raed.academy\/wp-content\/uploads\/2017\/01\/cropped-logo_raed.png","width":512,"height":512,"caption":"Real Academia Europea de Doctores"},"image":{"@id":"https:\/\/raed.academy\/en\/#\/schema\/logo\/image\/"},"sameAs":["http:\/\/fb.me\/raed.academy","https:\/\/x.com\/raedacademy","https:\/\/www.instagram.com\/raed.academy\/","https:\/\/www.youtube.com\/channel\/UCUYQwW2KrdirNWihxMDObwg"]},{"@type":"Person","@id":"https:\/\/raed.academy\/en\/#\/schema\/person\/5a755da80d1d979fd66ba745c8702927","name":"RAED","image":{"@type":"ImageObject","inLanguage":"en-US","@id":"https:\/\/secure.gravatar.com\/avatar\/19fdfdc0d67fb9c45714b703a2ac82251c4fcea3637f002ac3c9b74c0183583c?s=96&d=mm&r=g","url":"https:\/\/secure.gravatar.com\/avatar\/19fdfdc0d67fb9c45714b703a2ac82251c4fcea3637f002ac3c9b74c0183583c?s=96&d=mm&r=g","contentUrl":"https:\/\/secure.gravatar.com\/avatar\/19fdfdc0d67fb9c45714b703a2ac82251c4fcea3637f002ac3c9b74c0183583c?s=96&d=mm&r=g","caption":"RAED"}}]}},"_links":{"self":[{"href":"https:\/\/raed.academy\/en\/wp-json\/wp\/v2\/posts\/74193","targetHints":{"allow":["GET"]}}],"collection":[{"href":"https:\/\/raed.academy\/en\/wp-json\/wp\/v2\/posts"}],"about":[{"href":"https:\/\/raed.academy\/en\/wp-json\/wp\/v2\/types\/post"}],"author":[{"embeddable":true,"href":"https:\/\/raed.academy\/en\/wp-json\/wp\/v2\/users\/12"}],"replies":[{"embeddable":true,"href":"https:\/\/raed.academy\/en\/wp-json\/wp\/v2\/comments?post=74193"}],"version-history":[{"count":0,"href":"https:\/\/raed.academy\/en\/wp-json\/wp\/v2\/posts\/74193\/revisions"}],"wp:featuredmedia":[{"embeddable":true,"href":"https:\/\/raed.academy\/en\/wp-json\/wp\/v2\/media\/73664"}],"wp:attachment":[{"href":"https:\/\/raed.academy\/en\/wp-json\/wp\/v2\/media?parent=74193"}],"wp:term":[{"taxonomy":"category","embeddable":true,"href":"https:\/\/raed.academy\/en\/wp-json\/wp\/v2\/categories?post=74193"},{"taxonomy":"post_tag","embeddable":true,"href":"https:\/\/raed.academy\/en\/wp-json\/wp\/v2\/tags?post=74193"}],"curies":[{"name":"wp","href":"https:\/\/api.w.org\/{rel}","templated":true}]}}