{"id":73828,"date":"2019-06-06T00:16:54","date_gmt":"2019-06-06T00:16:54","guid":{"rendered":"https:\/\/raed.academy\/?p=73828"},"modified":"2024-09-09T14:23:47","modified_gmt":"2024-09-09T14:23:47","slug":"nobel-prize-dialogue-madrid-2019-the-future-of-aging","status":"publish","type":"post","link":"https:\/\/raed.academy\/en\/nobel-prize-dialogue-madrid-2019-the-future-of-aging\/","title":{"rendered":"The future of aging"},"content":{"rendered":"<h2>Three Nobel prizes represent RAED at a meeting of the Nobel Foundation and the Ram\u00f3n Areces Foundation in Madrid<\/h2>\n<p><img loading=\"lazy\" decoding=\"async\" class=\"alignleft size-full wp-image-73103\" src=\"https:\/\/raed.academy\/wp-content\/uploads\/2019\/06\/Nobel-Prize-Dialogue-Madrid-dstNtc.jpg\" alt=\"\" width=\"600\" height=\"300\" \/>The Nobel prizes and honorary academicians of the <strong>Royal European Academy of Doctors-Barcelona 1914<\/strong> (RAED) <a href=\"https:\/\/raed.academy\/en\/academicians\/dr-ada-yonath\/\" target=\"_blank\" rel=\"noopener noreferrer\"><strong>Ada Yonath<\/strong><\/a> (Chemistry), <a href=\"https:\/\/raed.academy\/en\/academicians\/dr-finn-kydland\/\" target=\"_blank\" rel=\"noopener noreferrer\"><strong>Finn Kydland<\/strong><\/a> (Economics) and <a href=\"https:\/\/raed.academy\/en\/academicians\/dr-edmund-phelps\/\" target=\"_blank\" rel=\"noopener noreferrer\"><strong>Edmund Phelps<\/strong><\/a> (Economics) participated last May 22 in Madrid at the conference organized by the <a href=\"https:\/\/www.nobelprize.org\" target=\"_blank\" rel=\"noopener noreferrer\"><strong>Nobel Foundation<\/strong><\/a> and the <a href=\"https:\/\/www.fundacionareces.es\" target=\"_blank\" rel=\"noopener noreferrer\"><strong>Ram\u00f3n Areces Foundation<\/strong><\/a>, entitled <strong>&#8220;The future of aging&#8221;<\/strong>. Among the participants, the Nobel prize <strong>Edvard Moser<\/strong> (Physiology or Medicine) also participated. The Academy was formally represented by the full academician and president of its <strong>Institute of International Cooperation<\/strong> <a href=\"https:\/\/raed.academy\/en\/academicians\/dr-jose-ramon-calvo-fernandez\/\" target=\"_blank\" rel=\"noopener noreferrer\"><strong>Jos\u00e9 Ram\u00f3n Calvo<\/strong><\/a>.<\/p>\n<p>The objective of the event was to stimulate the debate at the highest level on a topic related to science, bringing together Nobel laureates, scientists of recognized world prestige, opinion leaders, policy makers, different interest groups and the general public in multidisciplinary sessions. The meeting aims in turn to deepen the dialogue between the scientific community and society. The conference is inspired by the <strong>Nobel Dialogue Week<\/strong> held in Sweden since 2012 the same week in December when the prizes are awarded.<\/p>\n<p>Kydland was recognized by the Swedish Academy in 2004. He holds the <strong>Jeffrey Henley Chair<\/strong> in Economics from the <a href=\"https:\/\/www.ucsb.edu\" target=\"_blank\" rel=\"noopener noreferrer\"><strong>University of California Santa Barbara<\/strong><\/a> and the <strong>Richard P. Simmons Chair<\/strong> in Economics at <a href=\"https:\/\/www.cmu.edu\" target=\"_blank\" rel=\"noopener noreferrer\"><strong>Carnegie Mellon University<\/strong><\/a>. Phelps received the award in 2006. He is the director of the <strong>Center on Capitalism and Society<\/strong> at <a href=\"https:\/\/www.columbia.edu\" target=\"_blank\" rel=\"noopener noreferrer\"><strong>Columbia University<\/strong><\/a>.<\/p>\n<p>Yonath, Nobel prize in Chemistry in 2009, focuses his research on protein biosynthesis and the antibiotics that paralyze it. She holds an honorary doctorate from more than 20 universities and has been recognized with numerous top-level scientific awards.<\/p>\n<h3><a href=\"https:\/\/www.fundacionareces.tv\/ciencias-de-la-vida-y-de-la-materia\/nobel-prize-dialogue\/\" target=\"_blank\" rel=\"noopener noreferrer\">Videos of the &#8220;Nobel Prize Dialogue Madrid 2019&#8221;<\/a><\/h3>\n\n\t\t<style type=\"text\/css\">\n\t\t\t#gallery-1 {\n\t\t\t\tmargin: auto;\n\t\t\t}\n\t\t\t#gallery-1 .gallery-item {\n\t\t\t\tfloat: left;\n\t\t\t\tmargin-top: 10px;\n\t\t\t\ttext-align: center;\n\t\t\t\twidth: 50%;\n\t\t\t}\n\t\t\t#gallery-1 img {\n\t\t\t\tborder: 2px solid #cfcfcf;\n\t\t\t}\n\t\t\t#gallery-1 .gallery-caption {\n\t\t\t\tmargin-left: 0;\n\t\t\t}\n\t\t\t\/* see gallery_shortcode() in wp-includes\/media.php *\/\n\t\t<\/style>\n\t\t<div id='gallery-1' class='gallery galleryid-73828 gallery-columns-2 gallery-size-full'><dl class='gallery-item'>\n\t\t\t<dt class='gallery-icon landscape'>\n\t\t\t\t<img loading=\"lazy\" decoding=\"async\" width=\"400\" height=\"225\" src=\"https:\/\/raed.academy\/wp-content\/uploads\/2019\/06\/Edmund-Phelps.jpg\" class=\"attachment-full size-full\" alt=\"Dr. Edmund Phelps\" aria-describedby=\"gallery-1-73108\" \/>\n\t\t\t<\/dt>\n\t\t\t\t<dd class='wp-caption-text gallery-caption' id='gallery-1-73108'>\n\t\t\t\tDr. Edmund Phelps\n\t\t\t\t<\/dd><\/dl><dl class='gallery-item'>\n\t\t\t<dt class='gallery-icon landscape'>\n\t\t\t\t<img loading=\"lazy\" decoding=\"async\" width=\"400\" height=\"225\" src=\"https:\/\/raed.academy\/wp-content\/uploads\/2019\/06\/Finn-Kydland.jpg\" class=\"attachment-full size-full\" alt=\"Dr. Finn Kydland\" aria-describedby=\"gallery-1-73111\" \/>\n\t\t\t<\/dt>\n\t\t\t\t<dd class='wp-caption-text gallery-caption' id='gallery-1-73111'>\n\t\t\t\tDr. Finn Kydland\n\t\t\t\t<\/dd><\/dl><br style=\"clear: both\" \/>\n\t\t<\/div>\n\n","protected":false},"excerpt":{"rendered":"<p>Three Nobel prizes represent RAED at a meeting of the Nobel Foundation and the Ram\u00f3n Areces Foundation in Madrid The Nobel prizes and honorary academicians of the Royal European Academy of Doctors-Barcelona 1914 (RAED) Ada Yonath (Chemistry), Finn Kydland (Economics) and Edmund Phelps (Economics) participated last May 22 in Madrid at the conference organized by [&hellip;]<\/p>\n","protected":false},"author":12,"featured_media":73105,"comment_status":"closed","ping_status":"closed","sticky":false,"template":"","format":"standard","meta":{"_et_pb_use_builder":"","_et_pb_old_content":"","_et_gb_content_width":"","footnotes":""},"categories":[67],"tags":[],"class_list":["post-73828","post","type-post","status-publish","format-standard","has-post-thumbnail","hentry","category-uncategorized-6","et-has-post-format-content","et_post_format-et-post-format-standard"],"yoast_head":"<!-- This site is optimized with the Yoast SEO plugin v27.4 - https:\/\/yoast.com\/product\/yoast-seo-wordpress\/ -->\n<title>The future of aging - Royal European Academy of Doctors<\/title>\n<meta name=\"description\" content=\"Four Nobel prizes represent RAED at a meeting of the Nobel Foundation and the Ram\u00f3n Areces Foundation in Madrid\" \/>\n<meta name=\"robots\" content=\"index, follow, max-snippet:-1, max-image-preview:large, max-video-preview:-1\" \/>\n<link rel=\"canonical\" href=\"https:\/\/raed.academy\/en\/nobel-prize-dialogue-madrid-2019-the-future-of-aging\/\" \/>\n<meta property=\"og:locale\" content=\"en_US\" \/>\n<meta property=\"og:type\" content=\"article\" \/>\n<meta property=\"og:title\" content=\"The future of aging - Royal European Academy of Doctors\" \/>\n<meta property=\"og:description\" content=\"Four Nobel prizes represent RAED at a meeting of the Nobel Foundation and the Ram\u00f3n Areces Foundation in Madrid\" \/>\n<meta property=\"og:url\" content=\"https:\/\/raed.academy\/en\/nobel-prize-dialogue-madrid-2019-the-future-of-aging\/\" \/>\n<meta property=\"og:site_name\" content=\"Royal European Academy of Doctors\" \/>\n<meta property=\"article:publisher\" content=\"http:\/\/fb.me\/raed.academy\" \/>\n<meta property=\"article:published_time\" content=\"2019-06-06T00:16:54+00:00\" \/>\n<meta property=\"article:modified_time\" content=\"2024-09-09T14:23:47+00:00\" \/>\n<meta property=\"og:image\" content=\"https:\/\/raed.academy\/wp-content\/uploads\/2019\/06\/Nobel-Prize-Dialogue-Madrid-dstNtc.jpg\" \/>\n\t<meta property=\"og:image:width\" content=\"600\" \/>\n\t<meta property=\"og:image:height\" content=\"300\" \/>\n\t<meta property=\"og:image:type\" content=\"image\/jpeg\" \/>\n<meta name=\"author\" content=\"RAED\" \/>\n<meta name=\"twitter:card\" content=\"summary_large_image\" \/>\n<meta name=\"twitter:creator\" content=\"@raedacademy\" \/>\n<meta name=\"twitter:site\" content=\"@raedacademy\" \/>\n<meta name=\"twitter:label1\" content=\"Written by\" \/>\n\t<meta name=\"twitter:data1\" content=\"RAED\" \/>\n\t<meta name=\"twitter:label2\" content=\"Est. reading time\" \/>\n\t<meta name=\"twitter:data2\" content=\"2 minutes\" \/>\n<script type=\"application\/ld+json\" class=\"yoast-schema-graph\">{\"@context\":\"https:\\\/\\\/schema.org\",\"@graph\":[{\"@type\":\"Article\",\"@id\":\"https:\\\/\\\/raed.academy\\\/en\\\/nobel-prize-dialogue-madrid-2019-the-future-of-aging\\\/#article\",\"isPartOf\":{\"@id\":\"https:\\\/\\\/raed.academy\\\/en\\\/nobel-prize-dialogue-madrid-2019-the-future-of-aging\\\/\"},\"author\":{\"name\":\"RAED\",\"@id\":\"https:\\\/\\\/raed.academy\\\/en\\\/#\\\/schema\\\/person\\\/5a755da80d1d979fd66ba745c8702927\"},\"headline\":\"The future of aging\",\"datePublished\":\"2019-06-06T00:16:54+00:00\",\"dateModified\":\"2024-09-09T14:23:47+00:00\",\"mainEntityOfPage\":{\"@id\":\"https:\\\/\\\/raed.academy\\\/en\\\/nobel-prize-dialogue-madrid-2019-the-future-of-aging\\\/\"},\"wordCount\":293,\"publisher\":{\"@id\":\"https:\\\/\\\/raed.academy\\\/en\\\/#organization\"},\"image\":{\"@id\":\"https:\\\/\\\/raed.academy\\\/en\\\/nobel-prize-dialogue-madrid-2019-the-future-of-aging\\\/#primaryimage\"},\"thumbnailUrl\":\"https:\\\/\\\/raed.academy\\\/wp-content\\\/uploads\\\/2019\\\/06\\\/Nobel-Prize-Dialogue-Madrid-dstNtc.jpg\",\"inLanguage\":\"en-US\"},{\"@type\":\"WebPage\",\"@id\":\"https:\\\/\\\/raed.academy\\\/en\\\/nobel-prize-dialogue-madrid-2019-the-future-of-aging\\\/\",\"url\":\"https:\\\/\\\/raed.academy\\\/en\\\/nobel-prize-dialogue-madrid-2019-the-future-of-aging\\\/\",\"name\":\"The future of aging - Royal European Academy of Doctors\",\"isPartOf\":{\"@id\":\"https:\\\/\\\/raed.academy\\\/en\\\/#website\"},\"primaryImageOfPage\":{\"@id\":\"https:\\\/\\\/raed.academy\\\/en\\\/nobel-prize-dialogue-madrid-2019-the-future-of-aging\\\/#primaryimage\"},\"image\":{\"@id\":\"https:\\\/\\\/raed.academy\\\/en\\\/nobel-prize-dialogue-madrid-2019-the-future-of-aging\\\/#primaryimage\"},\"thumbnailUrl\":\"https:\\\/\\\/raed.academy\\\/wp-content\\\/uploads\\\/2019\\\/06\\\/Nobel-Prize-Dialogue-Madrid-dstNtc.jpg\",\"datePublished\":\"2019-06-06T00:16:54+00:00\",\"dateModified\":\"2024-09-09T14:23:47+00:00\",\"description\":\"Four Nobel prizes represent RAED at a meeting of the Nobel Foundation and the Ram\u00f3n Areces Foundation in Madrid\",\"breadcrumb\":{\"@id\":\"https:\\\/\\\/raed.academy\\\/en\\\/nobel-prize-dialogue-madrid-2019-the-future-of-aging\\\/#breadcrumb\"},\"inLanguage\":\"en-US\",\"potentialAction\":[{\"@type\":\"ReadAction\",\"target\":[\"https:\\\/\\\/raed.academy\\\/en\\\/nobel-prize-dialogue-madrid-2019-the-future-of-aging\\\/\"]}]},{\"@type\":\"ImageObject\",\"inLanguage\":\"en-US\",\"@id\":\"https:\\\/\\\/raed.academy\\\/en\\\/nobel-prize-dialogue-madrid-2019-the-future-of-aging\\\/#primaryimage\",\"url\":\"https:\\\/\\\/raed.academy\\\/wp-content\\\/uploads\\\/2019\\\/06\\\/Nobel-Prize-Dialogue-Madrid-dstNtc.jpg\",\"contentUrl\":\"https:\\\/\\\/raed.academy\\\/wp-content\\\/uploads\\\/2019\\\/06\\\/Nobel-Prize-Dialogue-Madrid-dstNtc.jpg\",\"width\":600,\"height\":300},{\"@type\":\"BreadcrumbList\",\"@id\":\"https:\\\/\\\/raed.academy\\\/en\\\/nobel-prize-dialogue-madrid-2019-the-future-of-aging\\\/#breadcrumb\",\"itemListElement\":[{\"@type\":\"ListItem\",\"position\":1,\"name\":\"Inicio\",\"item\":\"https:\\\/\\\/raed.academy\\\/en\\\/\"},{\"@type\":\"ListItem\",\"position\":2,\"name\":\"The future of aging\"}]},{\"@type\":\"WebSite\",\"@id\":\"https:\\\/\\\/raed.academy\\\/en\\\/#website\",\"url\":\"https:\\\/\\\/raed.academy\\\/en\\\/\",\"name\":\"Royal European Academy of Doctors\",\"description\":\"Corporaci\u00f3n de derecho p\u00fablico de car\u00e1cter cient\u00edfico, t\u00e9cnico y art\u00edstico, que tiene por objeto la investigaci\u00f3n, el estudio, el fomento y la extensi\u00f3n del conocimiento en su sentido m\u00e1s amplio.\",\"publisher\":{\"@id\":\"https:\\\/\\\/raed.academy\\\/en\\\/#organization\"},\"potentialAction\":[{\"@type\":\"SearchAction\",\"target\":{\"@type\":\"EntryPoint\",\"urlTemplate\":\"https:\\\/\\\/raed.academy\\\/en\\\/?s={search_term_string}\"},\"query-input\":{\"@type\":\"PropertyValueSpecification\",\"valueRequired\":true,\"valueName\":\"search_term_string\"}}],\"inLanguage\":\"en-US\"},{\"@type\":\"Organization\",\"@id\":\"https:\\\/\\\/raed.academy\\\/en\\\/#organization\",\"name\":\"Real Academia Europea de Doctores\",\"url\":\"https:\\\/\\\/raed.academy\\\/en\\\/\",\"logo\":{\"@type\":\"ImageObject\",\"inLanguage\":\"en-US\",\"@id\":\"https:\\\/\\\/raed.academy\\\/en\\\/#\\\/schema\\\/logo\\\/image\\\/\",\"url\":\"https:\\\/\\\/raed.academy\\\/wp-content\\\/uploads\\\/2017\\\/01\\\/cropped-logo_raed.png\",\"contentUrl\":\"https:\\\/\\\/raed.academy\\\/wp-content\\\/uploads\\\/2017\\\/01\\\/cropped-logo_raed.png\",\"width\":512,\"height\":512,\"caption\":\"Real Academia Europea de Doctores\"},\"image\":{\"@id\":\"https:\\\/\\\/raed.academy\\\/en\\\/#\\\/schema\\\/logo\\\/image\\\/\"},\"sameAs\":[\"http:\\\/\\\/fb.me\\\/raed.academy\",\"https:\\\/\\\/x.com\\\/raedacademy\",\"https:\\\/\\\/www.instagram.com\\\/raed.academy\\\/\",\"https:\\\/\\\/www.youtube.com\\\/channel\\\/UCUYQwW2KrdirNWihxMDObwg\"]},{\"@type\":\"Person\",\"@id\":\"https:\\\/\\\/raed.academy\\\/en\\\/#\\\/schema\\\/person\\\/5a755da80d1d979fd66ba745c8702927\",\"name\":\"RAED\",\"image\":{\"@type\":\"ImageObject\",\"inLanguage\":\"en-US\",\"@id\":\"https:\\\/\\\/secure.gravatar.com\\\/avatar\\\/19fdfdc0d67fb9c45714b703a2ac82251c4fcea3637f002ac3c9b74c0183583c?s=96&d=mm&r=g\",\"url\":\"https:\\\/\\\/secure.gravatar.com\\\/avatar\\\/19fdfdc0d67fb9c45714b703a2ac82251c4fcea3637f002ac3c9b74c0183583c?s=96&d=mm&r=g\",\"contentUrl\":\"https:\\\/\\\/secure.gravatar.com\\\/avatar\\\/19fdfdc0d67fb9c45714b703a2ac82251c4fcea3637f002ac3c9b74c0183583c?s=96&d=mm&r=g\",\"caption\":\"RAED\"}}]}<\/script>\n<!-- \/ Yoast SEO plugin. -->","yoast_head_json":{"title":"The future of aging - Royal European Academy of Doctors","description":"Four Nobel prizes represent RAED at a meeting of the Nobel Foundation and the Ram\u00f3n Areces Foundation in Madrid","robots":{"index":"index","follow":"follow","max-snippet":"max-snippet:-1","max-image-preview":"max-image-preview:large","max-video-preview":"max-video-preview:-1"},"canonical":"https:\/\/raed.academy\/en\/nobel-prize-dialogue-madrid-2019-the-future-of-aging\/","og_locale":"en_US","og_type":"article","og_title":"The future of aging - Royal European Academy of Doctors","og_description":"Four Nobel prizes represent RAED at a meeting of the Nobel Foundation and the Ram\u00f3n Areces Foundation in Madrid","og_url":"https:\/\/raed.academy\/en\/nobel-prize-dialogue-madrid-2019-the-future-of-aging\/","og_site_name":"Royal European Academy of Doctors","article_publisher":"http:\/\/fb.me\/raed.academy","article_published_time":"2019-06-06T00:16:54+00:00","article_modified_time":"2024-09-09T14:23:47+00:00","og_image":[{"width":600,"height":300,"url":"https:\/\/raed.academy\/wp-content\/uploads\/2019\/06\/Nobel-Prize-Dialogue-Madrid-dstNtc.jpg","type":"image\/jpeg"}],"author":"RAED","twitter_card":"summary_large_image","twitter_creator":"@raedacademy","twitter_site":"@raedacademy","twitter_misc":{"Written by":"RAED","Est. reading time":"2 minutes"},"schema":{"@context":"https:\/\/schema.org","@graph":[{"@type":"Article","@id":"https:\/\/raed.academy\/en\/nobel-prize-dialogue-madrid-2019-the-future-of-aging\/#article","isPartOf":{"@id":"https:\/\/raed.academy\/en\/nobel-prize-dialogue-madrid-2019-the-future-of-aging\/"},"author":{"name":"RAED","@id":"https:\/\/raed.academy\/en\/#\/schema\/person\/5a755da80d1d979fd66ba745c8702927"},"headline":"The future of aging","datePublished":"2019-06-06T00:16:54+00:00","dateModified":"2024-09-09T14:23:47+00:00","mainEntityOfPage":{"@id":"https:\/\/raed.academy\/en\/nobel-prize-dialogue-madrid-2019-the-future-of-aging\/"},"wordCount":293,"publisher":{"@id":"https:\/\/raed.academy\/en\/#organization"},"image":{"@id":"https:\/\/raed.academy\/en\/nobel-prize-dialogue-madrid-2019-the-future-of-aging\/#primaryimage"},"thumbnailUrl":"https:\/\/raed.academy\/wp-content\/uploads\/2019\/06\/Nobel-Prize-Dialogue-Madrid-dstNtc.jpg","inLanguage":"en-US"},{"@type":"WebPage","@id":"https:\/\/raed.academy\/en\/nobel-prize-dialogue-madrid-2019-the-future-of-aging\/","url":"https:\/\/raed.academy\/en\/nobel-prize-dialogue-madrid-2019-the-future-of-aging\/","name":"The future of aging - Royal European Academy of Doctors","isPartOf":{"@id":"https:\/\/raed.academy\/en\/#website"},"primaryImageOfPage":{"@id":"https:\/\/raed.academy\/en\/nobel-prize-dialogue-madrid-2019-the-future-of-aging\/#primaryimage"},"image":{"@id":"https:\/\/raed.academy\/en\/nobel-prize-dialogue-madrid-2019-the-future-of-aging\/#primaryimage"},"thumbnailUrl":"https:\/\/raed.academy\/wp-content\/uploads\/2019\/06\/Nobel-Prize-Dialogue-Madrid-dstNtc.jpg","datePublished":"2019-06-06T00:16:54+00:00","dateModified":"2024-09-09T14:23:47+00:00","description":"Four Nobel prizes represent RAED at a meeting of the Nobel Foundation and the Ram\u00f3n Areces Foundation in Madrid","breadcrumb":{"@id":"https:\/\/raed.academy\/en\/nobel-prize-dialogue-madrid-2019-the-future-of-aging\/#breadcrumb"},"inLanguage":"en-US","potentialAction":[{"@type":"ReadAction","target":["https:\/\/raed.academy\/en\/nobel-prize-dialogue-madrid-2019-the-future-of-aging\/"]}]},{"@type":"ImageObject","inLanguage":"en-US","@id":"https:\/\/raed.academy\/en\/nobel-prize-dialogue-madrid-2019-the-future-of-aging\/#primaryimage","url":"https:\/\/raed.academy\/wp-content\/uploads\/2019\/06\/Nobel-Prize-Dialogue-Madrid-dstNtc.jpg","contentUrl":"https:\/\/raed.academy\/wp-content\/uploads\/2019\/06\/Nobel-Prize-Dialogue-Madrid-dstNtc.jpg","width":600,"height":300},{"@type":"BreadcrumbList","@id":"https:\/\/raed.academy\/en\/nobel-prize-dialogue-madrid-2019-the-future-of-aging\/#breadcrumb","itemListElement":[{"@type":"ListItem","position":1,"name":"Inicio","item":"https:\/\/raed.academy\/en\/"},{"@type":"ListItem","position":2,"name":"The future of aging"}]},{"@type":"WebSite","@id":"https:\/\/raed.academy\/en\/#website","url":"https:\/\/raed.academy\/en\/","name":"Royal European Academy of Doctors","description":"Corporaci\u00f3n de derecho p\u00fablico de car\u00e1cter cient\u00edfico, t\u00e9cnico y art\u00edstico, que tiene por objeto la investigaci\u00f3n, el estudio, el fomento y la extensi\u00f3n del conocimiento en su sentido m\u00e1s amplio.","publisher":{"@id":"https:\/\/raed.academy\/en\/#organization"},"potentialAction":[{"@type":"SearchAction","target":{"@type":"EntryPoint","urlTemplate":"https:\/\/raed.academy\/en\/?s={search_term_string}"},"query-input":{"@type":"PropertyValueSpecification","valueRequired":true,"valueName":"search_term_string"}}],"inLanguage":"en-US"},{"@type":"Organization","@id":"https:\/\/raed.academy\/en\/#organization","name":"Real Academia Europea de Doctores","url":"https:\/\/raed.academy\/en\/","logo":{"@type":"ImageObject","inLanguage":"en-US","@id":"https:\/\/raed.academy\/en\/#\/schema\/logo\/image\/","url":"https:\/\/raed.academy\/wp-content\/uploads\/2017\/01\/cropped-logo_raed.png","contentUrl":"https:\/\/raed.academy\/wp-content\/uploads\/2017\/01\/cropped-logo_raed.png","width":512,"height":512,"caption":"Real Academia Europea de Doctores"},"image":{"@id":"https:\/\/raed.academy\/en\/#\/schema\/logo\/image\/"},"sameAs":["http:\/\/fb.me\/raed.academy","https:\/\/x.com\/raedacademy","https:\/\/www.instagram.com\/raed.academy\/","https:\/\/www.youtube.com\/channel\/UCUYQwW2KrdirNWihxMDObwg"]},{"@type":"Person","@id":"https:\/\/raed.academy\/en\/#\/schema\/person\/5a755da80d1d979fd66ba745c8702927","name":"RAED","image":{"@type":"ImageObject","inLanguage":"en-US","@id":"https:\/\/secure.gravatar.com\/avatar\/19fdfdc0d67fb9c45714b703a2ac82251c4fcea3637f002ac3c9b74c0183583c?s=96&d=mm&r=g","url":"https:\/\/secure.gravatar.com\/avatar\/19fdfdc0d67fb9c45714b703a2ac82251c4fcea3637f002ac3c9b74c0183583c?s=96&d=mm&r=g","contentUrl":"https:\/\/secure.gravatar.com\/avatar\/19fdfdc0d67fb9c45714b703a2ac82251c4fcea3637f002ac3c9b74c0183583c?s=96&d=mm&r=g","caption":"RAED"}}]}},"_links":{"self":[{"href":"https:\/\/raed.academy\/en\/wp-json\/wp\/v2\/posts\/73828","targetHints":{"allow":["GET"]}}],"collection":[{"href":"https:\/\/raed.academy\/en\/wp-json\/wp\/v2\/posts"}],"about":[{"href":"https:\/\/raed.academy\/en\/wp-json\/wp\/v2\/types\/post"}],"author":[{"embeddable":true,"href":"https:\/\/raed.academy\/en\/wp-json\/wp\/v2\/users\/12"}],"replies":[{"embeddable":true,"href":"https:\/\/raed.academy\/en\/wp-json\/wp\/v2\/comments?post=73828"}],"version-history":[{"count":0,"href":"https:\/\/raed.academy\/en\/wp-json\/wp\/v2\/posts\/73828\/revisions"}],"wp:featuredmedia":[{"embeddable":true,"href":"https:\/\/raed.academy\/en\/wp-json\/wp\/v2\/media\/73105"}],"wp:attachment":[{"href":"https:\/\/raed.academy\/en\/wp-json\/wp\/v2\/media?parent=73828"}],"wp:term":[{"taxonomy":"category","embeddable":true,"href":"https:\/\/raed.academy\/en\/wp-json\/wp\/v2\/categories?post=73828"},{"taxonomy":"post_tag","embeddable":true,"href":"https:\/\/raed.academy\/en\/wp-json\/wp\/v2\/tags?post=73828"}],"curies":[{"name":"wp","href":"https:\/\/api.w.org\/{rel}","templated":true}]}}