{"id":73292,"date":"2019-05-30T19:51:16","date_gmt":"2019-05-30T19:51:16","guid":{"rendered":"https:\/\/raed.academy\/?p=73292"},"modified":"2019-06-12T15:51:38","modified_gmt":"2019-06-12T15:51:38","slug":"the-laguardia-manifesto","status":"publish","type":"post","link":"https:\/\/raed.academy\/en\/the-laguardia-manifesto\/","title":{"rendered":"The Laguardia Manifesto"},"content":{"rendered":"<p>[et_pb_section fb_built=&#8221;1&#8243; admin_label=&#8221;section&#8221; _builder_version=&#8221;3.22.3&#8243;][et_pb_row admin_label=&#8221;row&#8221; _builder_version=&#8221;3.22.3&#8243; background_size=&#8221;initial&#8221; background_position=&#8221;top_left&#8221; background_repeat=&#8221;repeat&#8221;][et_pb_column type=&#8221;4_4&#8243; _builder_version=&#8221;3.0.47&#8243;][et_pb_text admin_label=&#8221;Text&#8221; _builder_version=&#8221;3.22.7&#8243; background_size=&#8221;initial&#8221; background_position=&#8221;top_left&#8221; background_repeat=&#8221;repeat&#8221;]<\/p>\n<h2>The RAED and other institutions agree to fight for the protection of heritage during the Scientific-Cultural Meeting in La Rioja Alavesa<\/h2>\n<p>The <strong>Royal European Academy of Doctors-Barcelona 1914<\/strong> (RAED), the <strong>Royal Academy of Medicine of the Basque Country<\/strong> (RAMPV-EHMEA), the <a href=\"https:\/\/www.radoctores.es\/\" target=\"_blank\" rel=\"noopener noreferrer\"><strong>Royal Academy of Doctors of Spain<\/strong><\/a>, the <strong>Spanish Academy of Nutrition and Sciences of the Food<\/strong>, the <a href=\"http:\/\/www.nutricioncomunitaria.org\" target=\"_blank\" rel=\"noopener noreferrer\"><strong>Spanish Society of Community Nutrition<\/strong><\/a> and the <strong>Association for the Dissemination and Promotion of the World Heritage of Spain<\/strong> signed on May 25 in Laguardia a manifesto in which they commit themselves to fight together in the protection of the material and immaterial heritage of Spain. The signing of what these entities, called the <strong>&#8220;Manifesto of Laguardia (Rioja Alavesa)&#8221;<\/strong>, occurred within the framework of the first <strong>Scientific-Cultural Meeting in La Rioja Alavesa<\/strong> convened by RAED and RAMPV.<\/p>\n<p>&#8220;Spain is one of the world leaders in recognition by <a href=\"https:\/\/unesco.org\" target=\"_blank\" rel=\"noopener noreferrer\"><strong>Unesco<\/strong><\/a>. We are the third country in the world, after China and Italy. There are 47 declarations of Cultural and Natural Heritage and 18 of the Immaterial. This makes a total of 65 declarations , which gives us an idea of \u200b\u200bthe rich and varied heritage, and for this reason, we propose and support the celebration on November 2 of the <strong>World Heritage Day of Spain<\/strong>, the creation of a <strong>World Heritage Council of Spain<\/strong> in which they are represented the institutions and entities related to it, the strengthening of the Santiago&#8217;s Road, which represents the religious, cultural, geographical and commercial ties established in the pilgrimage as well as projecting the rich artistic heritage of important historical interest without forgetting its landscape value, protection and dissemination of the Mediterranean diet, set of knowledge, practices, skills and traditions all foods and enclaves, with evident benefits for health, biodiversity and sustainability, to which must be added healthy habits, physical activity, conviviality and a healthy rest, and stimulate research and dissemination of the collective heritage linked to the languages, uses and unique cultural expressions of the different territories of Spain&#8221;, says the manifesto.<\/p>\n<p><img loading=\"lazy\" decoding=\"async\" class=\"aligncenter size-full wp-image-72689\" src=\"https:\/\/raed.academy\/wp-content\/uploads\/2019\/05\/bodegas-Eguren-Ugarte.jpg\" alt=\"\" width=\"1050\" height=\"299\" srcset=\"https:\/\/raed.academy\/wp-content\/uploads\/2019\/05\/bodegas-Eguren-Ugarte.jpg 1050w, https:\/\/raed.academy\/wp-content\/uploads\/2019\/05\/bodegas-Eguren-Ugarte-768x219.jpg 768w\" sizes=\"(max-width: 1050px) 100vw, 1050px\" \/><\/p>\n<p>This first Scientific-Cultural Meeting in La Rioja Alavesa was attended by 35 speakers who, over the three days, discussed issues related to oenology, viticulture, food, diet and a region such as La Rioja Alavesa that is characterized for the internationally recognized quality of its wines. This scientific part was complemented with a series of cultural visits that included the <a href=\"https:\/\/www.marquesderiscal.com\" target=\"_blank\" rel=\"noopener noreferrer\"><strong>Marqu\u00e9s de Riscal<\/strong><\/a> winery, by the architect <strong>Frank Gehry<\/strong>, and the prestigious and award-winning winery of <a href=\"http:\/\/egurenugarte.com\" target=\"_blank\" rel=\"noopener noreferrer\"><strong>Eguren Ugarte<\/strong><\/a>. In its auditorium the presentations took place. The format of the interventions was the traditional 15 minutes of the events of the RAED and grouped into four large blocks: <strong>&#8220;Enology and Wine Culture&#8221;<\/strong>, which was divided into two sessions, <strong>&#8220;Food, Gastronomy and Health&#8221;<\/strong> and <strong>&#8220;Actuality in Science and Humanities&#8221;<\/strong>.<\/p>\n<p>In general, subjects as diverse as the relation of wine to music, humor, art, literature, wine in the history of civilizations, the costs of production and sale, the importance of cork in the evolutionary process of the wine, the function of the sensory organs before a wine tasting, marketing and oenology, the unique varieties of Rioja wine, the unique characteristics of ros\u00e9 wine, the protection of the vineyards, the biochemistry of wine, the oenological processes and food safety, wine within the Mediterranean diet, the routes of the Camino de Santiago, or the Sierra de Cantabria as an ecosystem of La Rioja Alavesa, magic and wine, the cauldrons of witches and wine, running among vineyards, walking the road with bread and wine, reformulating to eat healthier, metabolically healthy obesity, the challenge of communicating in health, gastrophysics, how to lose or earn a Michelin star, art and environmental fragility, art e and infancy, artificial intelligence and the behavior of dogs, the digital life of a &#8220;millennial&#8221;, sport or physical activity with ergogenic aids and the Basque language, its history and its context.<\/p>\n<h3><a href=\"https:\/\/raed.academy\/wp-content\/uploads\/2019\/05\/programa-del-Encuentro-Cientifico-cultural-La-Rioja-RAMPV-RAED-2019-v3.pdf\" target=\"_blank\" rel=\"noopener noreferrer\">Meeting program<\/a><\/h3>\n<h3><a href=\"https:\/\/raed.academy\/wp-content\/uploads\/2019\/05\/Manifiesto-de-Laguardia-2019F.pdf\" target=\"_blank\" rel=\"noopener noreferrer\">The manifiesto<\/a><\/h3>\n<p>[\/et_pb_text][\/et_pb_column][\/et_pb_row][et_pb_row use_custom_gutter=&#8221;on&#8221; gutter_width=&#8221;1&#8243; _builder_version=&#8221;3.22.7&#8243; locked=&#8221;off&#8221;][et_pb_column type=&#8221;4_4&#8243; _builder_version=&#8221;3.22.7&#8243;][et_pb_gallery gallery_ids=&#8221;72711,72692,72708,72720&#8243; show_title_and_caption=&#8221;off&#8221; show_pagination=&#8221;off&#8221; zoom_icon_color=&#8221;#6b5d38&#8243; hover_overlay_color=&#8221;rgba(255,255,255,0.7)&#8221; hover_icon=&#8221;%%58%%&#8221; _builder_version=&#8221;3.22.7&#8243; z_index_tablet=&#8221;500&#8243; custom_css_gallery_item=&#8221;padding: 2px;&#8221;][\/et_pb_gallery][et_pb_image src=&#8221;https:\/\/raed.academy\/wp-content\/uploads\/2019\/05\/Encuentro-Rioja-Alavesa-RAED-RAMPV-Laguardia-Pais-Vasco-2019-05-int.jpg&#8221; _builder_version=&#8221;3.22.7&#8243; z_index_tablet=&#8221;500&#8243;][\/et_pb_image][\/et_pb_column][\/et_pb_row][\/et_pb_section]<\/p>\n","protected":false},"excerpt":{"rendered":"<p>The RAED and other institutions agree to fight for the protection of heritage during the Scientific-Cultural Meeting in La Rioja Alavesa The Royal European Academy of Doctors-Barcelona 1914 (RAED), the Royal Academy of Medicine of the Basque Country (RAMPV-EHMEA), the Royal Academy of Doctors of Spain, the Spanish Academy of Nutrition and Sciences of the [&hellip;]<\/p>\n","protected":false},"author":12,"featured_media":72685,"comment_status":"closed","ping_status":"closed","sticky":false,"template":"","format":"standard","meta":{"_et_pb_use_builder":"on","_et_pb_old_content":"<h2>La RAED y el resto de instituciones presentes en el primer Encuentro Cient\u00edfico-Cultural en La Rioja Alavesa acuerdan luchar por la protecci\u00f3n del patrimonio<\/h2><p>La <strong>Real Academia Europea de Doctores-Barcelona 1914<\/strong> (RAED), la <strong>Real Academia de Medicina del Pa\u00eds Vasco-Euskal Herriko Medikuntzaren Errege Akademia<\/strong> (RAMPV-EHMEA), la <a href=\"https:\/\/www.radoctores.es\/\" target=\"_blank\" rel=\"noopener noreferrer\"><strong>Real Academia de Doctores de Espa\u00f1a<\/strong><\/a>, la <strong>Academia Espa\u00f1ola de Nutrici\u00f3n y Ciencias de la Alimentaci\u00f3n<\/strong>, la <a href=\"http:\/\/www.nutricioncomunitaria.org\" target=\"_blank\" rel=\"noopener noreferrer\"><strong>Sociedad Espa\u00f1ola de Nutrici\u00f3n Comunitaria<\/strong><\/a> y la<strong> Asociaci\u00f3n para la Difusi\u00f3n y Promoci\u00f3n del Patrimonio Mundial de Espa\u00f1a<\/strong> firmaron el pasado 25 de mayo en Laguardia un manifiesto en el que se comprometen a luchar de forma conjunta en la protecci\u00f3n del patrimonio material e inmaterial de Espa\u00f1a. La firma de lo que estas entidades denominaron el <strong>\"Manifiesto de Laguardia (Rioja Alavesa)\"<\/strong> se produjo en el marco del primer <strong>Encuentro Cient\u00edfico-Cultural en La Rioja Alavesa<\/strong> convocado por la RAED y la RAMPV.<\/p><p>\"Espa\u00f1a es uno de los l\u00edderes mundiales en reconocimientos por parte de la <a href=\"https:\/\/unesco.org\" target=\"_blank\" rel=\"noopener noreferrer\"><strong>Unesco<\/strong><\/a>. Somos el tercer pa\u00eds del mundo, despu\u00e9s de China e Italia. Son 47 declaraciones del Patrimonio Cultural y Natural y 18 las del Inmaterial. Esto hace un total de 65 declaraciones, lo que nos da una idea del rico y variado patrimonio. Por todo ello, proponemos y apoyamos la celebraci\u00f3n el pr\u00f3ximo 2 de noviembre del<strong> D\u00eda Mundial del Patrimonio Mundial de Espa\u00f1a<\/strong>, la creaci\u00f3n de un <strong>Consejo del Patrimonio Mundial de Espa\u00f1a<\/strong> en el que est\u00e9n representadas las instituciones y entidades relacionadas con el mismo, la potenciaci\u00f3n del Camino de Santiago, que representa los lazos religiosos, culturales, geogr\u00e1ficos y comerciales establecidos en la peregrinaci\u00f3n adem\u00e1s de proyectar el rico patrimonio art\u00edstico de importante inter\u00e9s hist\u00f3rico sin olvidar su valor paisaj\u00edstico, la protecci\u00f3n y difusi\u00f3n de la dieta mediterr\u00e1nea, conjunto de conocimientos, pr\u00e1cticas, habilidades y tradiciones relacionadas con los alimentos en todas sus fases y enclaves, con beneficios evidentes para la salud, la biodiversidad y la sostenibilidad a lo que hay que a\u00f1adir los h\u00e1bitos saludables, la actividad f\u00edsica, la convivialidad y un descanso saludable, y estimular la investigaci\u00f3n y la difusi\u00f3n del patrimonio colectivo vinculado a las lenguas, usos y expresiones culturales singulares de los distintos territorios de Espa\u00f1a\", se\u00f1ala el manifiesto.<\/p><p><img class=\"aligncenter size-full wp-image-72689\" src=\"https:\/\/raed.academy\/wp-content\/uploads\/2019\/05\/bodegas-Eguren-Ugarte.jpg\" alt=\"\" width=\"1050\" height=\"299\" \/><\/p><p>Este primer Encuentro Cient\u00edfico-Cultural en La Rioja Alavesa cont\u00f3 con la participaci\u00f3n de 35 ponentes que a lo largo de los tres d\u00edas abordaron temas relacionados con la enolog\u00eda, la viticultura, la alimentaci\u00f3n, la dieta y una regi\u00f3n como la Rioja Alavesa que se caracteriza por la calidad internacionalmente reconocida de sus vinos. Esta parte cient\u00edfica se complement\u00f3 con una serie de visitas culturales que incluyeron la bodega de <a href=\"https:\/\/www.marquesderiscal.com\" target=\"_blank\" rel=\"noopener noreferrer\"><strong>Marqu\u00e9s de Riscal<\/strong><\/a>, del arquitecto <strong>Frank Gehry<\/strong>, y la prestigiosa y galardonada bodega de <a href=\"http:\/\/egurenugarte.com\" target=\"_blank\" rel=\"noopener noreferrer\"><strong>Eguren Ugarte<\/strong><\/a>, en cuyo auditorio tuvieron lugar las ponencias. El formato de las intervenciones fue el ya tradicional de 15 minutos de los eventos de la RAED y se agruparon en cuatro grandes bloques: <strong>\"Enolog\u00eda y Cultura del Vino\"<\/strong>, que se dividi\u00f3 en dos sesiones, <strong>\"Alimentaci\u00f3n, Gastronom\u00eda y Salud\"<\/strong> y <strong>\"Actualidad en Ciencia y Humanidades\"<\/strong>.<\/p><p>En general se abordaron temas tan diversos como la relaci\u00f3n del vino con la m\u00fasica, el humor, el arte, la literatura, el vino en la historia de las civilizaciones, los costes de producci\u00f3n y venta, la importancia del corcho en el proceso evolutivo del vino, la funci\u00f3n de los \u00f3rganos sensoriales ante una cata de vino, el m\u00e1rketing y la enolog\u00eda, las variedades singulares del vino de Rioja, las caracter\u00edsticas \u00fanicas del vino rosado, la protecci\u00f3n de las vi\u00f1as, la bioqu\u00edmica del vino, los procesos enol\u00f3gicos y la seguridad alimentaria, el vino dentro de la dieta mediterr\u00e1nea, las rutas del Camino de Santiago, o la sierra de Cantabria como ecosistema de la Rioja Alavesa, la magia y el vino, los calderos de brujas y el vino, correr entre vi\u00f1edos, andando el camino con pan y vino, reformular para comer m\u00e1s sano, la obesidad metab\u00f3licamente sana, el reto de comunicar en salud, la gastrof\u00edsica, c\u00f3mo perder o ganar una estrella Michelin, arte y fragilidad medioambiental, arte e infancia, la inteligencia artificial y la conducta de los perros, la vida digital de un \"millenial\", el deporte o la actividad f\u00edsica con ayudas ergog\u00e9nicas y el euskera, su historia y su contexto.<\/p><h3><a href=\"https:\/\/raed.academy\/wp-content\/uploads\/2019\/05\/programa-del-Encuentro-Cientifico-cultural-La-Rioja-RAMPV-RAED-2019-v3.pdf\" target=\"_blank\" rel=\"noopener noreferrer\">Programa del encuentro<\/a><\/h3><h3><a href=\"https:\/\/raed.academy\/wp-content\/uploads\/2019\/05\/Manifiesto-de-Laguardia-2019F.pdf\" target=\"_blank\" rel=\"noopener noreferrer\">Manifiesto de Laguardia<\/a><\/h3><p>[gallery type=\"divi\" link=\"file\" size=\"full\" columns=\"4\" ids=\"72711,72708,72692,72720\"]<\/p><p><img class=\"aligncenter size-full wp-image-72686\" src=\"https:\/\/raed.academy\/wp-content\/uploads\/2019\/05\/Encuentro-Rioja-Alavesa-RAED-RAMPV-Laguardia-Pais-Vasco-2019-05-int.jpg\" alt=\"\" width=\"1150\" height=\"650\" \/><\/p>","_et_gb_content_width":"","footnotes":""},"categories":[67],"tags":[],"class_list":["post-73292","post","type-post","status-publish","format-standard","has-post-thumbnail","hentry","category-uncategorized-6","et-has-post-format-content","et_post_format-et-post-format-standard"],"yoast_head":"<!-- This site is optimized with the Yoast SEO plugin v27.4 - https:\/\/yoast.com\/product\/yoast-seo-wordpress\/ -->\n<title>The Laguardia Manifesto - Royal European Academy of Doctors<\/title>\n<meta name=\"robots\" content=\"index, follow, max-snippet:-1, max-image-preview:large, max-video-preview:-1\" \/>\n<link rel=\"canonical\" href=\"https:\/\/raed.academy\/en\/the-laguardia-manifesto\/\" \/>\n<meta property=\"og:locale\" content=\"en_US\" \/>\n<meta property=\"og:type\" content=\"article\" \/>\n<meta property=\"og:title\" content=\"The Laguardia Manifesto - Royal European Academy of Doctors\" \/>\n<meta property=\"og:description\" content=\"La RAED organiza y lleva a cabo una serie de actividades concentradas en mes y medio que contaron con la implicaci\u00f3n activa de numerosos acad\u00e9micos. Recepci\u00f3n de cuatro acad\u00e9micos correspondientes (Stavroula-Ina Piperaki para Grecia, Stephen Zeff y David B. Wilkins para Estados Unidos y Llu\u00eds Vicent Safont para Andorra) Mesa redonda sobre \u00abLa salida de [&hellip;]\" \/>\n<meta property=\"og:url\" content=\"https:\/\/raed.academy\/en\/the-laguardia-manifesto\/\" \/>\n<meta property=\"og:site_name\" content=\"Royal European Academy of Doctors\" \/>\n<meta property=\"article:publisher\" content=\"http:\/\/fb.me\/raed.academy\" \/>\n<meta property=\"article:published_time\" content=\"2019-05-30T19:51:16+00:00\" \/>\n<meta property=\"article:modified_time\" content=\"2019-06-12T15:51:38+00:00\" \/>\n<meta property=\"og:image\" content=\"https:\/\/raed.academy\/wp-content\/uploads\/2019\/05\/Marques-de-RIscal-dstNtc.jpg\" \/>\n\t<meta property=\"og:image:width\" content=\"1050\" \/>\n\t<meta property=\"og:image:height\" content=\"361\" \/>\n\t<meta property=\"og:image:type\" content=\"image\/jpeg\" \/>\n<meta name=\"author\" content=\"RAED\" \/>\n<meta name=\"twitter:card\" content=\"summary_large_image\" \/>\n<meta name=\"twitter:creator\" content=\"@raedacademy\" \/>\n<meta name=\"twitter:site\" content=\"@raedacademy\" \/>\n<meta name=\"twitter:label1\" content=\"Written by\" \/>\n\t<meta name=\"twitter:data1\" content=\"RAED\" \/>\n\t<meta name=\"twitter:label2\" content=\"Est. reading time\" \/>\n\t<meta name=\"twitter:data2\" content=\"4 minutes\" \/>\n<script type=\"application\/ld+json\" class=\"yoast-schema-graph\">{\"@context\":\"https:\\\/\\\/schema.org\",\"@graph\":[{\"@type\":\"Article\",\"@id\":\"https:\\\/\\\/raed.academy\\\/en\\\/the-laguardia-manifesto\\\/#article\",\"isPartOf\":{\"@id\":\"https:\\\/\\\/raed.academy\\\/en\\\/the-laguardia-manifesto\\\/\"},\"author\":{\"name\":\"RAED\",\"@id\":\"https:\\\/\\\/raed.academy\\\/en\\\/#\\\/schema\\\/person\\\/5a755da80d1d979fd66ba745c8702927\"},\"headline\":\"The Laguardia Manifesto\",\"datePublished\":\"2019-05-30T19:51:16+00:00\",\"dateModified\":\"2019-06-12T15:51:38+00:00\",\"mainEntityOfPage\":{\"@id\":\"https:\\\/\\\/raed.academy\\\/en\\\/the-laguardia-manifesto\\\/\"},\"wordCount\":788,\"publisher\":{\"@id\":\"https:\\\/\\\/raed.academy\\\/en\\\/#organization\"},\"image\":{\"@id\":\"https:\\\/\\\/raed.academy\\\/en\\\/the-laguardia-manifesto\\\/#primaryimage\"},\"thumbnailUrl\":\"https:\\\/\\\/raed.academy\\\/wp-content\\\/uploads\\\/2019\\\/05\\\/Marques-de-RIscal-dstNtc.jpg\",\"inLanguage\":\"en-US\"},{\"@type\":\"WebPage\",\"@id\":\"https:\\\/\\\/raed.academy\\\/en\\\/the-laguardia-manifesto\\\/\",\"url\":\"https:\\\/\\\/raed.academy\\\/en\\\/the-laguardia-manifesto\\\/\",\"name\":\"The Laguardia Manifesto - Royal European Academy of Doctors\",\"isPartOf\":{\"@id\":\"https:\\\/\\\/raed.academy\\\/en\\\/#website\"},\"primaryImageOfPage\":{\"@id\":\"https:\\\/\\\/raed.academy\\\/en\\\/the-laguardia-manifesto\\\/#primaryimage\"},\"image\":{\"@id\":\"https:\\\/\\\/raed.academy\\\/en\\\/the-laguardia-manifesto\\\/#primaryimage\"},\"thumbnailUrl\":\"https:\\\/\\\/raed.academy\\\/wp-content\\\/uploads\\\/2019\\\/05\\\/Marques-de-RIscal-dstNtc.jpg\",\"datePublished\":\"2019-05-30T19:51:16+00:00\",\"dateModified\":\"2019-06-12T15:51:38+00:00\",\"breadcrumb\":{\"@id\":\"https:\\\/\\\/raed.academy\\\/en\\\/the-laguardia-manifesto\\\/#breadcrumb\"},\"inLanguage\":\"en-US\",\"potentialAction\":[{\"@type\":\"ReadAction\",\"target\":[\"https:\\\/\\\/raed.academy\\\/en\\\/the-laguardia-manifesto\\\/\"]}]},{\"@type\":\"ImageObject\",\"inLanguage\":\"en-US\",\"@id\":\"https:\\\/\\\/raed.academy\\\/en\\\/the-laguardia-manifesto\\\/#primaryimage\",\"url\":\"https:\\\/\\\/raed.academy\\\/wp-content\\\/uploads\\\/2019\\\/05\\\/Marques-de-RIscal-dstNtc.jpg\",\"contentUrl\":\"https:\\\/\\\/raed.academy\\\/wp-content\\\/uploads\\\/2019\\\/05\\\/Marques-de-RIscal-dstNtc.jpg\",\"width\":1050,\"height\":361},{\"@type\":\"BreadcrumbList\",\"@id\":\"https:\\\/\\\/raed.academy\\\/en\\\/the-laguardia-manifesto\\\/#breadcrumb\",\"itemListElement\":[{\"@type\":\"ListItem\",\"position\":1,\"name\":\"Inicio\",\"item\":\"https:\\\/\\\/raed.academy\\\/en\\\/\"},{\"@type\":\"ListItem\",\"position\":2,\"name\":\"The Laguardia Manifesto\"}]},{\"@type\":\"WebSite\",\"@id\":\"https:\\\/\\\/raed.academy\\\/en\\\/#website\",\"url\":\"https:\\\/\\\/raed.academy\\\/en\\\/\",\"name\":\"Royal European Academy of Doctors\",\"description\":\"Corporaci\u00f3n de derecho p\u00fablico de car\u00e1cter cient\u00edfico, t\u00e9cnico y art\u00edstico, que tiene por objeto la investigaci\u00f3n, el estudio, el fomento y la extensi\u00f3n del conocimiento en su sentido m\u00e1s amplio.\",\"publisher\":{\"@id\":\"https:\\\/\\\/raed.academy\\\/en\\\/#organization\"},\"potentialAction\":[{\"@type\":\"SearchAction\",\"target\":{\"@type\":\"EntryPoint\",\"urlTemplate\":\"https:\\\/\\\/raed.academy\\\/en\\\/?s={search_term_string}\"},\"query-input\":{\"@type\":\"PropertyValueSpecification\",\"valueRequired\":true,\"valueName\":\"search_term_string\"}}],\"inLanguage\":\"en-US\"},{\"@type\":\"Organization\",\"@id\":\"https:\\\/\\\/raed.academy\\\/en\\\/#organization\",\"name\":\"Real Academia Europea de Doctores\",\"url\":\"https:\\\/\\\/raed.academy\\\/en\\\/\",\"logo\":{\"@type\":\"ImageObject\",\"inLanguage\":\"en-US\",\"@id\":\"https:\\\/\\\/raed.academy\\\/en\\\/#\\\/schema\\\/logo\\\/image\\\/\",\"url\":\"https:\\\/\\\/raed.academy\\\/wp-content\\\/uploads\\\/2017\\\/01\\\/cropped-logo_raed.png\",\"contentUrl\":\"https:\\\/\\\/raed.academy\\\/wp-content\\\/uploads\\\/2017\\\/01\\\/cropped-logo_raed.png\",\"width\":512,\"height\":512,\"caption\":\"Real Academia Europea de Doctores\"},\"image\":{\"@id\":\"https:\\\/\\\/raed.academy\\\/en\\\/#\\\/schema\\\/logo\\\/image\\\/\"},\"sameAs\":[\"http:\\\/\\\/fb.me\\\/raed.academy\",\"https:\\\/\\\/x.com\\\/raedacademy\",\"https:\\\/\\\/www.instagram.com\\\/raed.academy\\\/\",\"https:\\\/\\\/www.youtube.com\\\/channel\\\/UCUYQwW2KrdirNWihxMDObwg\"]},{\"@type\":\"Person\",\"@id\":\"https:\\\/\\\/raed.academy\\\/en\\\/#\\\/schema\\\/person\\\/5a755da80d1d979fd66ba745c8702927\",\"name\":\"RAED\",\"image\":{\"@type\":\"ImageObject\",\"inLanguage\":\"en-US\",\"@id\":\"https:\\\/\\\/secure.gravatar.com\\\/avatar\\\/19fdfdc0d67fb9c45714b703a2ac82251c4fcea3637f002ac3c9b74c0183583c?s=96&d=mm&r=g\",\"url\":\"https:\\\/\\\/secure.gravatar.com\\\/avatar\\\/19fdfdc0d67fb9c45714b703a2ac82251c4fcea3637f002ac3c9b74c0183583c?s=96&d=mm&r=g\",\"contentUrl\":\"https:\\\/\\\/secure.gravatar.com\\\/avatar\\\/19fdfdc0d67fb9c45714b703a2ac82251c4fcea3637f002ac3c9b74c0183583c?s=96&d=mm&r=g\",\"caption\":\"RAED\"}}]}<\/script>\n<!-- \/ Yoast SEO plugin. -->","yoast_head_json":{"title":"The Laguardia Manifesto - Royal European Academy of Doctors","robots":{"index":"index","follow":"follow","max-snippet":"max-snippet:-1","max-image-preview":"max-image-preview:large","max-video-preview":"max-video-preview:-1"},"canonical":"https:\/\/raed.academy\/en\/the-laguardia-manifesto\/","og_locale":"en_US","og_type":"article","og_title":"The Laguardia Manifesto - Royal European Academy of Doctors","og_description":"La RAED organiza y lleva a cabo una serie de actividades concentradas en mes y medio que contaron con la implicaci\u00f3n activa de numerosos acad\u00e9micos. Recepci\u00f3n de cuatro acad\u00e9micos correspondientes (Stavroula-Ina Piperaki para Grecia, Stephen Zeff y David B. Wilkins para Estados Unidos y Llu\u00eds Vicent Safont para Andorra) Mesa redonda sobre \u00abLa salida de [&hellip;]","og_url":"https:\/\/raed.academy\/en\/the-laguardia-manifesto\/","og_site_name":"Royal European Academy of Doctors","article_publisher":"http:\/\/fb.me\/raed.academy","article_published_time":"2019-05-30T19:51:16+00:00","article_modified_time":"2019-06-12T15:51:38+00:00","og_image":[{"width":1050,"height":361,"url":"https:\/\/raed.academy\/wp-content\/uploads\/2019\/05\/Marques-de-RIscal-dstNtc.jpg","type":"image\/jpeg"}],"author":"RAED","twitter_card":"summary_large_image","twitter_creator":"@raedacademy","twitter_site":"@raedacademy","twitter_misc":{"Written by":"RAED","Est. reading time":"4 minutes"},"schema":{"@context":"https:\/\/schema.org","@graph":[{"@type":"Article","@id":"https:\/\/raed.academy\/en\/the-laguardia-manifesto\/#article","isPartOf":{"@id":"https:\/\/raed.academy\/en\/the-laguardia-manifesto\/"},"author":{"name":"RAED","@id":"https:\/\/raed.academy\/en\/#\/schema\/person\/5a755da80d1d979fd66ba745c8702927"},"headline":"The Laguardia Manifesto","datePublished":"2019-05-30T19:51:16+00:00","dateModified":"2019-06-12T15:51:38+00:00","mainEntityOfPage":{"@id":"https:\/\/raed.academy\/en\/the-laguardia-manifesto\/"},"wordCount":788,"publisher":{"@id":"https:\/\/raed.academy\/en\/#organization"},"image":{"@id":"https:\/\/raed.academy\/en\/the-laguardia-manifesto\/#primaryimage"},"thumbnailUrl":"https:\/\/raed.academy\/wp-content\/uploads\/2019\/05\/Marques-de-RIscal-dstNtc.jpg","inLanguage":"en-US"},{"@type":"WebPage","@id":"https:\/\/raed.academy\/en\/the-laguardia-manifesto\/","url":"https:\/\/raed.academy\/en\/the-laguardia-manifesto\/","name":"The Laguardia Manifesto - Royal European Academy of Doctors","isPartOf":{"@id":"https:\/\/raed.academy\/en\/#website"},"primaryImageOfPage":{"@id":"https:\/\/raed.academy\/en\/the-laguardia-manifesto\/#primaryimage"},"image":{"@id":"https:\/\/raed.academy\/en\/the-laguardia-manifesto\/#primaryimage"},"thumbnailUrl":"https:\/\/raed.academy\/wp-content\/uploads\/2019\/05\/Marques-de-RIscal-dstNtc.jpg","datePublished":"2019-05-30T19:51:16+00:00","dateModified":"2019-06-12T15:51:38+00:00","breadcrumb":{"@id":"https:\/\/raed.academy\/en\/the-laguardia-manifesto\/#breadcrumb"},"inLanguage":"en-US","potentialAction":[{"@type":"ReadAction","target":["https:\/\/raed.academy\/en\/the-laguardia-manifesto\/"]}]},{"@type":"ImageObject","inLanguage":"en-US","@id":"https:\/\/raed.academy\/en\/the-laguardia-manifesto\/#primaryimage","url":"https:\/\/raed.academy\/wp-content\/uploads\/2019\/05\/Marques-de-RIscal-dstNtc.jpg","contentUrl":"https:\/\/raed.academy\/wp-content\/uploads\/2019\/05\/Marques-de-RIscal-dstNtc.jpg","width":1050,"height":361},{"@type":"BreadcrumbList","@id":"https:\/\/raed.academy\/en\/the-laguardia-manifesto\/#breadcrumb","itemListElement":[{"@type":"ListItem","position":1,"name":"Inicio","item":"https:\/\/raed.academy\/en\/"},{"@type":"ListItem","position":2,"name":"The Laguardia Manifesto"}]},{"@type":"WebSite","@id":"https:\/\/raed.academy\/en\/#website","url":"https:\/\/raed.academy\/en\/","name":"Royal European Academy of Doctors","description":"Corporaci\u00f3n de derecho p\u00fablico de car\u00e1cter cient\u00edfico, t\u00e9cnico y art\u00edstico, que tiene por objeto la investigaci\u00f3n, el estudio, el fomento y la extensi\u00f3n del conocimiento en su sentido m\u00e1s amplio.","publisher":{"@id":"https:\/\/raed.academy\/en\/#organization"},"potentialAction":[{"@type":"SearchAction","target":{"@type":"EntryPoint","urlTemplate":"https:\/\/raed.academy\/en\/?s={search_term_string}"},"query-input":{"@type":"PropertyValueSpecification","valueRequired":true,"valueName":"search_term_string"}}],"inLanguage":"en-US"},{"@type":"Organization","@id":"https:\/\/raed.academy\/en\/#organization","name":"Real Academia Europea de Doctores","url":"https:\/\/raed.academy\/en\/","logo":{"@type":"ImageObject","inLanguage":"en-US","@id":"https:\/\/raed.academy\/en\/#\/schema\/logo\/image\/","url":"https:\/\/raed.academy\/wp-content\/uploads\/2017\/01\/cropped-logo_raed.png","contentUrl":"https:\/\/raed.academy\/wp-content\/uploads\/2017\/01\/cropped-logo_raed.png","width":512,"height":512,"caption":"Real Academia Europea de Doctores"},"image":{"@id":"https:\/\/raed.academy\/en\/#\/schema\/logo\/image\/"},"sameAs":["http:\/\/fb.me\/raed.academy","https:\/\/x.com\/raedacademy","https:\/\/www.instagram.com\/raed.academy\/","https:\/\/www.youtube.com\/channel\/UCUYQwW2KrdirNWihxMDObwg"]},{"@type":"Person","@id":"https:\/\/raed.academy\/en\/#\/schema\/person\/5a755da80d1d979fd66ba745c8702927","name":"RAED","image":{"@type":"ImageObject","inLanguage":"en-US","@id":"https:\/\/secure.gravatar.com\/avatar\/19fdfdc0d67fb9c45714b703a2ac82251c4fcea3637f002ac3c9b74c0183583c?s=96&d=mm&r=g","url":"https:\/\/secure.gravatar.com\/avatar\/19fdfdc0d67fb9c45714b703a2ac82251c4fcea3637f002ac3c9b74c0183583c?s=96&d=mm&r=g","contentUrl":"https:\/\/secure.gravatar.com\/avatar\/19fdfdc0d67fb9c45714b703a2ac82251c4fcea3637f002ac3c9b74c0183583c?s=96&d=mm&r=g","caption":"RAED"}}]}},"_links":{"self":[{"href":"https:\/\/raed.academy\/en\/wp-json\/wp\/v2\/posts\/73292","targetHints":{"allow":["GET"]}}],"collection":[{"href":"https:\/\/raed.academy\/en\/wp-json\/wp\/v2\/posts"}],"about":[{"href":"https:\/\/raed.academy\/en\/wp-json\/wp\/v2\/types\/post"}],"author":[{"embeddable":true,"href":"https:\/\/raed.academy\/en\/wp-json\/wp\/v2\/users\/12"}],"replies":[{"embeddable":true,"href":"https:\/\/raed.academy\/en\/wp-json\/wp\/v2\/comments?post=73292"}],"version-history":[{"count":0,"href":"https:\/\/raed.academy\/en\/wp-json\/wp\/v2\/posts\/73292\/revisions"}],"wp:featuredmedia":[{"embeddable":true,"href":"https:\/\/raed.academy\/en\/wp-json\/wp\/v2\/media\/72685"}],"wp:attachment":[{"href":"https:\/\/raed.academy\/en\/wp-json\/wp\/v2\/media?parent=73292"}],"wp:term":[{"taxonomy":"category","embeddable":true,"href":"https:\/\/raed.academy\/en\/wp-json\/wp\/v2\/categories?post=73292"},{"taxonomy":"post_tag","embeddable":true,"href":"https:\/\/raed.academy\/en\/wp-json\/wp\/v2\/tags?post=73292"}],"curies":[{"name":"wp","href":"https:\/\/api.w.org\/{rel}","templated":true}]}}