{"id":70058,"date":"2019-04-03T18:09:04","date_gmt":"2019-04-03T18:09:04","guid":{"rendered":"https:\/\/raed.academy\/?p=70058"},"modified":"2019-04-09T14:44:25","modified_gmt":"2019-04-09T14:44:25","slug":"the-past-has-a-lot-of-future","status":"publish","type":"post","link":"https:\/\/raed.academy\/en\/the-past-has-a-lot-of-future\/","title":{"rendered":"The past has a lot of future"},"content":{"rendered":"<h2>The RAED welcomes in Barcelona the debate on the Spanish heritage that a week before held the Madrid<\/h2>\n<p><strong><img loading=\"lazy\" decoding=\"async\" class=\"alignleft wp-image-69766\" src=\"https:\/\/i2.wp.com\/raed.academy\/wp-content\/uploads\/2019\/04\/shutt-camino-de-Santiago-dstNtc.jpg?resize=400%2C305&amp;ssl=1\" alt=\"Camino de Santiago\" width=\"400\" height=\"305\" \/>The Royal European Academy of Doctors-Barcelona 1914<\/strong> (RAED) hosted last March 18th in Barcelona a round table on <strong>&#8220;Patrimonio mundial e inmaterial de Espa\u00f1a&#8221;<\/strong> (World and intangible heritage of Spain), that a week before had held the <a href=\"http:\/\/www.radoctores.es\"><strong>Royal Academy of Doctors of Spain<\/strong><\/a> (RADE) in Madrid, in both cases with the participation of academicians from the two institutions. The session was held in the Assembly Hall of Catalan Labour <strong><a href=\"http:\/\/www.foment.com\">National Works Promotion<\/a><\/strong>, headquarters of the RAED, with the participation of <strong>Antonio Bascones<\/strong>, president of the RADE; <strong>Ignacio Buqueras<\/strong>, full academician of the Section of Humanities of the RADE, president of the <strong>Association for the Dissemination and Promotion of the World Heritage of Spain<\/strong> and full academician elected of the RAED, and <a href=\"https:\/\/raed.academy\/en\/academicians\/dr-santiago-jose-castella-surribas\/\" target=\"_blank\" rel=\"noopener noreferrer\"><strong>Santiago Castell\u00e0<\/strong><\/a>, full academician of the RAED and general secretary of its Foundation. <strong><a href=\"https:\/\/raed.academy\/en\/academicians\/dr-alfredo-rocafort-nicolau\/\">Alfredo Rocafort<\/a><\/strong>, full academician and president of the Royal European Academy of Doctors, gave a welcome speech, while <strong><a href=\"https:\/\/raed.academy\/en\/academicians\/dr-teresa-freixes-sanjuan\/\">Teresa Freixes<\/a><\/strong>, full academician and general secretary of the RAED, intervened as moderator.<\/p>\n<p>Bascones reviewed in his exposition the history and peculiarities of the <strong>St Jame&#8217;s Way<\/strong> (the Camino de Santiago), probably the most singular and complex piece of Spanish heritage. &#8220;I advise vividly to do it from time to time, in stages, for days, without haste, with reflection and, especially, with faith and hope in a higher life. The road accepts you or rejects you. That is the true secret of it. Let us try, with our effort and tenacity, to accept us and receive our message, which will guide us all our future life&#8221;, he said after stopping at the different stages of his long history.<\/p>\n<p>Buqueras, for his part, reviewed the items recognized and protected by <a href=\"https:\/\/es.unesco.org\/\"><strong>Unesco<\/strong> <\/a>in Spain, both material and immaterial, and highlighted the work of the Association for the Dissemination and Promotion of the World Heritage of Spain. &#8220;One of the fundamental aspects of our association is to publicize, disseminate and protect declared assets, among our objectives is to carry out an intense outreach campaign, through the publication of books and their projection, the organization of exhibitions, the realization of cultural trips and, above all, the creation of postgraduate programs that will be taught in prestigious Spanish universities, as well as the <strong>Friends of World Heritage<\/strong> section, and we will celebrate <strong>World Heritage Day<\/strong> for the first time this year, next November 2, 35th anniversary of the first declarations corresponding to Spain made by Unesco&#8221;.<\/p>\n<p>Castell\u00e0 addressed the question of the construction of a common imaginary of <em>Spanishness<\/em> after making a tour through the Moorish Spain of <strong>Averroes<\/strong>, the Jewish, the one of the converted, the one of the Erasmists, heretics, Frenchified humanists, institutionalists, freethinkers and exiles. He stopped at two historical moments: the reception of Erasmianism and the reception of Krausism, to point out that curiously two thinkers who had not had special success and prestige in Europe were welcomed as a possibility of building an open and inclusive Spanishness. He cited<strong> Jos\u00e9 Antonio Maragall<\/strong> when he said that &#8220;Erasmianism could embrace itself as a possibility of secularization and openness, in his work on the concept of Spain in the Middle Ages, published by the<strong> Institute of Political Studies<\/strong> in 1959.<\/p>\n\n\t\t<style type=\"text\/css\">\n\t\t\t#gallery-1 {\n\t\t\t\tmargin: auto;\n\t\t\t}\n\t\t\t#gallery-1 .gallery-item {\n\t\t\t\tfloat: left;\n\t\t\t\tmargin-top: 10px;\n\t\t\t\ttext-align: center;\n\t\t\t\twidth: 50%;\n\t\t\t}\n\t\t\t#gallery-1 img {\n\t\t\t\tborder: 2px solid #cfcfcf;\n\t\t\t}\n\t\t\t#gallery-1 .gallery-caption {\n\t\t\t\tmargin-left: 0;\n\t\t\t}\n\t\t\t\/* see gallery_shortcode() in wp-includes\/media.php *\/\n\t\t<\/style>\n\t\t<div id='gallery-1' class='gallery galleryid-70058 gallery-columns-2 gallery-size-medium'><dl class='gallery-item'>\n\t\t\t<dt class='gallery-icon landscape'>\n\t\t\t\t<a href='https:\/\/raed.academy\/wp-content\/uploads\/2019\/04\/Patrimonio-Mundial-e-Inmaterial-de-Espa\u00f1a-6.jpg'><img loading=\"lazy\" decoding=\"async\" width=\"870\" height=\"653\" src=\"https:\/\/raed.academy\/wp-content\/uploads\/2019\/04\/Patrimonio-Mundial-e-Inmaterial-de-Espa\u00f1a-6.jpg\" class=\"attachment-medium size-medium\" alt=\"\" srcset=\"https:\/\/raed.academy\/wp-content\/uploads\/2019\/04\/Patrimonio-Mundial-e-Inmaterial-de-Espa\u00f1a-6.jpg 870w, https:\/\/raed.academy\/wp-content\/uploads\/2019\/04\/Patrimonio-Mundial-e-Inmaterial-de-Espa\u00f1a-6-768x576.jpg 768w\" sizes=\"(max-width: 870px) 100vw, 870px\" \/><\/a>\n\t\t\t<\/dt><\/dl><dl class='gallery-item'>\n\t\t\t<dt class='gallery-icon landscape'>\n\t\t\t\t<a href='https:\/\/raed.academy\/wp-content\/uploads\/2019\/04\/Patrimonio-Mundial-e-Inmaterial-de-Espa\u00f1a-5.jpg'><img loading=\"lazy\" decoding=\"async\" width=\"870\" height=\"653\" src=\"https:\/\/raed.academy\/wp-content\/uploads\/2019\/04\/Patrimonio-Mundial-e-Inmaterial-de-Espa\u00f1a-5.jpg\" class=\"attachment-medium size-medium\" alt=\"\" srcset=\"https:\/\/raed.academy\/wp-content\/uploads\/2019\/04\/Patrimonio-Mundial-e-Inmaterial-de-Espa\u00f1a-5.jpg 870w, https:\/\/raed.academy\/wp-content\/uploads\/2019\/04\/Patrimonio-Mundial-e-Inmaterial-de-Espa\u00f1a-5-768x576.jpg 768w\" sizes=\"(max-width: 870px) 100vw, 870px\" \/><\/a>\n\t\t\t<\/dt><\/dl><br style=\"clear: both\" \/><dl class='gallery-item'>\n\t\t\t<dt class='gallery-icon landscape'>\n\t\t\t\t<a href='https:\/\/raed.academy\/wp-content\/uploads\/2019\/04\/Patrimonio-Mundial-e-Inmaterial-de-Espa\u00f1a-3.jpg'><img loading=\"lazy\" decoding=\"async\" width=\"870\" height=\"653\" src=\"https:\/\/raed.academy\/wp-content\/uploads\/2019\/04\/Patrimonio-Mundial-e-Inmaterial-de-Espa\u00f1a-3.jpg\" class=\"attachment-medium size-medium\" alt=\"\" srcset=\"https:\/\/raed.academy\/wp-content\/uploads\/2019\/04\/Patrimonio-Mundial-e-Inmaterial-de-Espa\u00f1a-3.jpg 870w, https:\/\/raed.academy\/wp-content\/uploads\/2019\/04\/Patrimonio-Mundial-e-Inmaterial-de-Espa\u00f1a-3-768x576.jpg 768w\" sizes=\"(max-width: 870px) 100vw, 870px\" \/><\/a>\n\t\t\t<\/dt><\/dl><dl class='gallery-item'>\n\t\t\t<dt class='gallery-icon landscape'>\n\t\t\t\t<a href='https:\/\/raed.academy\/wp-content\/uploads\/2019\/04\/Patrimonio-Mundial-e-Inmaterial-de-Espa\u00f1a-1.jpg'><img loading=\"lazy\" decoding=\"async\" width=\"870\" height=\"653\" src=\"https:\/\/raed.academy\/wp-content\/uploads\/2019\/04\/Patrimonio-Mundial-e-Inmaterial-de-Espa\u00f1a-1.jpg\" class=\"attachment-medium size-medium\" alt=\"\" srcset=\"https:\/\/raed.academy\/wp-content\/uploads\/2019\/04\/Patrimonio-Mundial-e-Inmaterial-de-Espa\u00f1a-1.jpg 870w, https:\/\/raed.academy\/wp-content\/uploads\/2019\/04\/Patrimonio-Mundial-e-Inmaterial-de-Espa\u00f1a-1-768x576.jpg 768w\" sizes=\"(max-width: 870px) 100vw, 870px\" \/><\/a>\n\t\t\t<\/dt><\/dl><br style=\"clear: both\" \/><dl class='gallery-item'>\n\t\t\t<dt class='gallery-icon portrait'>\n\t\t\t\t<a href='https:\/\/raed.academy\/wp-content\/uploads\/2019\/04\/Patrimonio-Mundial-e-Inmaterial-de-Espa\u00f1a-4.jpg'><img loading=\"lazy\" decoding=\"async\" width=\"410\" height=\"547\" src=\"https:\/\/raed.academy\/wp-content\/uploads\/2019\/04\/Patrimonio-Mundial-e-Inmaterial-de-Espa\u00f1a-4.jpg\" class=\"attachment-medium size-medium\" alt=\"\" \/><\/a>\n\t\t\t<\/dt><\/dl><dl class='gallery-item'>\n\t\t\t<dt class='gallery-icon portrait'>\n\t\t\t\t<a href='https:\/\/raed.academy\/wp-content\/uploads\/2019\/04\/Patrimonio-Mundial-e-Inmaterial-de-Espa\u00f1a-2-Teresa-Freixes.jpg'><img loading=\"lazy\" decoding=\"async\" width=\"410\" height=\"546\" src=\"https:\/\/raed.academy\/wp-content\/uploads\/2019\/04\/Patrimonio-Mundial-e-Inmaterial-de-Espa\u00f1a-2-Teresa-Freixes.jpg\" class=\"attachment-medium size-medium\" alt=\"\" \/><\/a>\n\t\t\t<\/dt><\/dl><br style=\"clear: both\" \/>\n\t\t<\/div>\n\n","protected":false},"excerpt":{"rendered":"<p>The RAED welcomes in Barcelona the debate on the Spanish heritage that a week before held the Madrid The Royal European Academy of Doctors-Barcelona 1914 (RAED) hosted last March 18th in Barcelona a round table on &#8220;Patrimonio mundial e inmaterial de Espa\u00f1a&#8221; (World and intangible heritage of Spain), that a week before had held the [&hellip;]<\/p>\n","protected":false},"author":12,"featured_media":69765,"comment_status":"closed","ping_status":"closed","sticky":false,"template":"","format":"standard","meta":{"_et_pb_use_builder":"","_et_pb_old_content":"","_et_gb_content_width":"","footnotes":""},"categories":[67],"tags":[],"class_list":["post-70058","post","type-post","status-publish","format-standard","has-post-thumbnail","hentry","category-uncategorized-6","et-has-post-format-content","et_post_format-et-post-format-standard"],"yoast_head":"<!-- This site is optimized with the Yoast SEO plugin v27.4 - https:\/\/yoast.com\/product\/yoast-seo-wordpress\/ -->\n<title>The past has a lot of future - Royal European Academy of Doctors<\/title>\n<meta name=\"robots\" content=\"index, follow, max-snippet:-1, max-image-preview:large, max-video-preview:-1\" \/>\n<link rel=\"canonical\" href=\"https:\/\/raed.academy\/en\/the-past-has-a-lot-of-future\/\" \/>\n<meta property=\"og:locale\" content=\"en_US\" \/>\n<meta property=\"og:type\" content=\"article\" \/>\n<meta property=\"og:title\" content=\"The past has a lot of future - Royal European Academy of Doctors\" \/>\n<meta property=\"og:description\" content=\"The RAED welcomes in Barcelona the debate on the Spanish heritage that a week before held the Madrid The Royal European Academy of Doctors-Barcelona 1914 (RAED) hosted last March 18th in Barcelona a round table on &#8220;Patrimonio mundial e inmaterial de Espa\u00f1a&#8221; (World and intangible heritage of Spain), that a week before had held the [&hellip;]\" \/>\n<meta property=\"og:url\" content=\"https:\/\/raed.academy\/en\/the-past-has-a-lot-of-future\/\" \/>\n<meta property=\"og:site_name\" content=\"Royal European Academy of Doctors\" \/>\n<meta property=\"article:publisher\" content=\"http:\/\/fb.me\/raed.academy\" \/>\n<meta property=\"article:published_time\" content=\"2019-04-03T18:09:04+00:00\" \/>\n<meta property=\"article:modified_time\" content=\"2019-04-09T14:44:25+00:00\" \/>\n<meta property=\"og:image\" content=\"https:\/\/raed.academy\/wp-content\/uploads\/2019\/04\/shutt-camino-de-Santiago-dstNtc.jpg\" \/>\n\t<meta property=\"og:image:width\" content=\"550\" \/>\n\t<meta property=\"og:image:height\" content=\"419\" \/>\n\t<meta property=\"og:image:type\" content=\"image\/jpeg\" \/>\n<meta name=\"author\" content=\"RAED\" \/>\n<meta name=\"twitter:card\" content=\"summary_large_image\" \/>\n<meta name=\"twitter:creator\" content=\"@raedacademy\" \/>\n<meta name=\"twitter:site\" content=\"@raedacademy\" \/>\n<meta name=\"twitter:label1\" content=\"Written by\" \/>\n\t<meta name=\"twitter:data1\" content=\"RAED\" \/>\n\t<meta name=\"twitter:label2\" content=\"Est. reading time\" \/>\n\t<meta name=\"twitter:data2\" content=\"3 minutes\" \/>\n<script type=\"application\/ld+json\" class=\"yoast-schema-graph\">{\"@context\":\"https:\\\/\\\/schema.org\",\"@graph\":[{\"@type\":\"Article\",\"@id\":\"https:\\\/\\\/raed.academy\\\/en\\\/the-past-has-a-lot-of-future\\\/#article\",\"isPartOf\":{\"@id\":\"https:\\\/\\\/raed.academy\\\/en\\\/the-past-has-a-lot-of-future\\\/\"},\"author\":{\"name\":\"RAED\",\"@id\":\"https:\\\/\\\/raed.academy\\\/en\\\/#\\\/schema\\\/person\\\/5a755da80d1d979fd66ba745c8702927\"},\"headline\":\"The past has a lot of future\",\"datePublished\":\"2019-04-03T18:09:04+00:00\",\"dateModified\":\"2019-04-09T14:44:25+00:00\",\"mainEntityOfPage\":{\"@id\":\"https:\\\/\\\/raed.academy\\\/en\\\/the-past-has-a-lot-of-future\\\/\"},\"wordCount\":563,\"publisher\":{\"@id\":\"https:\\\/\\\/raed.academy\\\/en\\\/#organization\"},\"image\":{\"@id\":\"https:\\\/\\\/raed.academy\\\/en\\\/the-past-has-a-lot-of-future\\\/#primaryimage\"},\"thumbnailUrl\":\"https:\\\/\\\/raed.academy\\\/wp-content\\\/uploads\\\/2019\\\/04\\\/shutt-camino-de-Santiago-dstNtc.jpg\",\"inLanguage\":\"en-US\"},{\"@type\":\"WebPage\",\"@id\":\"https:\\\/\\\/raed.academy\\\/en\\\/the-past-has-a-lot-of-future\\\/\",\"url\":\"https:\\\/\\\/raed.academy\\\/en\\\/the-past-has-a-lot-of-future\\\/\",\"name\":\"The past has a lot of future - Royal European Academy of Doctors\",\"isPartOf\":{\"@id\":\"https:\\\/\\\/raed.academy\\\/en\\\/#website\"},\"primaryImageOfPage\":{\"@id\":\"https:\\\/\\\/raed.academy\\\/en\\\/the-past-has-a-lot-of-future\\\/#primaryimage\"},\"image\":{\"@id\":\"https:\\\/\\\/raed.academy\\\/en\\\/the-past-has-a-lot-of-future\\\/#primaryimage\"},\"thumbnailUrl\":\"https:\\\/\\\/raed.academy\\\/wp-content\\\/uploads\\\/2019\\\/04\\\/shutt-camino-de-Santiago-dstNtc.jpg\",\"datePublished\":\"2019-04-03T18:09:04+00:00\",\"dateModified\":\"2019-04-09T14:44:25+00:00\",\"breadcrumb\":{\"@id\":\"https:\\\/\\\/raed.academy\\\/en\\\/the-past-has-a-lot-of-future\\\/#breadcrumb\"},\"inLanguage\":\"en-US\",\"potentialAction\":[{\"@type\":\"ReadAction\",\"target\":[\"https:\\\/\\\/raed.academy\\\/en\\\/the-past-has-a-lot-of-future\\\/\"]}]},{\"@type\":\"ImageObject\",\"inLanguage\":\"en-US\",\"@id\":\"https:\\\/\\\/raed.academy\\\/en\\\/the-past-has-a-lot-of-future\\\/#primaryimage\",\"url\":\"https:\\\/\\\/raed.academy\\\/wp-content\\\/uploads\\\/2019\\\/04\\\/shutt-camino-de-Santiago-dstNtc.jpg\",\"contentUrl\":\"https:\\\/\\\/raed.academy\\\/wp-content\\\/uploads\\\/2019\\\/04\\\/shutt-camino-de-Santiago-dstNtc.jpg\",\"width\":550,\"height\":419,\"caption\":\"camino-de-Santiago\"},{\"@type\":\"BreadcrumbList\",\"@id\":\"https:\\\/\\\/raed.academy\\\/en\\\/the-past-has-a-lot-of-future\\\/#breadcrumb\",\"itemListElement\":[{\"@type\":\"ListItem\",\"position\":1,\"name\":\"Inicio\",\"item\":\"https:\\\/\\\/raed.academy\\\/en\\\/\"},{\"@type\":\"ListItem\",\"position\":2,\"name\":\"The past has a lot of future\"}]},{\"@type\":\"WebSite\",\"@id\":\"https:\\\/\\\/raed.academy\\\/en\\\/#website\",\"url\":\"https:\\\/\\\/raed.academy\\\/en\\\/\",\"name\":\"Royal European Academy of Doctors\",\"description\":\"Corporaci\u00f3n de derecho p\u00fablico de car\u00e1cter cient\u00edfico, t\u00e9cnico y art\u00edstico, que tiene por objeto la investigaci\u00f3n, el estudio, el fomento y la extensi\u00f3n del conocimiento en su sentido m\u00e1s amplio.\",\"publisher\":{\"@id\":\"https:\\\/\\\/raed.academy\\\/en\\\/#organization\"},\"potentialAction\":[{\"@type\":\"SearchAction\",\"target\":{\"@type\":\"EntryPoint\",\"urlTemplate\":\"https:\\\/\\\/raed.academy\\\/en\\\/?s={search_term_string}\"},\"query-input\":{\"@type\":\"PropertyValueSpecification\",\"valueRequired\":true,\"valueName\":\"search_term_string\"}}],\"inLanguage\":\"en-US\"},{\"@type\":\"Organization\",\"@id\":\"https:\\\/\\\/raed.academy\\\/en\\\/#organization\",\"name\":\"Real Academia Europea de Doctores\",\"url\":\"https:\\\/\\\/raed.academy\\\/en\\\/\",\"logo\":{\"@type\":\"ImageObject\",\"inLanguage\":\"en-US\",\"@id\":\"https:\\\/\\\/raed.academy\\\/en\\\/#\\\/schema\\\/logo\\\/image\\\/\",\"url\":\"https:\\\/\\\/raed.academy\\\/wp-content\\\/uploads\\\/2017\\\/01\\\/cropped-logo_raed.png\",\"contentUrl\":\"https:\\\/\\\/raed.academy\\\/wp-content\\\/uploads\\\/2017\\\/01\\\/cropped-logo_raed.png\",\"width\":512,\"height\":512,\"caption\":\"Real Academia Europea de Doctores\"},\"image\":{\"@id\":\"https:\\\/\\\/raed.academy\\\/en\\\/#\\\/schema\\\/logo\\\/image\\\/\"},\"sameAs\":[\"http:\\\/\\\/fb.me\\\/raed.academy\",\"https:\\\/\\\/x.com\\\/raedacademy\",\"https:\\\/\\\/www.instagram.com\\\/raed.academy\\\/\",\"https:\\\/\\\/www.youtube.com\\\/channel\\\/UCUYQwW2KrdirNWihxMDObwg\"]},{\"@type\":\"Person\",\"@id\":\"https:\\\/\\\/raed.academy\\\/en\\\/#\\\/schema\\\/person\\\/5a755da80d1d979fd66ba745c8702927\",\"name\":\"RAED\",\"image\":{\"@type\":\"ImageObject\",\"inLanguage\":\"en-US\",\"@id\":\"https:\\\/\\\/secure.gravatar.com\\\/avatar\\\/19fdfdc0d67fb9c45714b703a2ac82251c4fcea3637f002ac3c9b74c0183583c?s=96&d=mm&r=g\",\"url\":\"https:\\\/\\\/secure.gravatar.com\\\/avatar\\\/19fdfdc0d67fb9c45714b703a2ac82251c4fcea3637f002ac3c9b74c0183583c?s=96&d=mm&r=g\",\"contentUrl\":\"https:\\\/\\\/secure.gravatar.com\\\/avatar\\\/19fdfdc0d67fb9c45714b703a2ac82251c4fcea3637f002ac3c9b74c0183583c?s=96&d=mm&r=g\",\"caption\":\"RAED\"}}]}<\/script>\n<!-- \/ Yoast SEO plugin. -->","yoast_head_json":{"title":"The past has a lot of future - Royal European Academy of Doctors","robots":{"index":"index","follow":"follow","max-snippet":"max-snippet:-1","max-image-preview":"max-image-preview:large","max-video-preview":"max-video-preview:-1"},"canonical":"https:\/\/raed.academy\/en\/the-past-has-a-lot-of-future\/","og_locale":"en_US","og_type":"article","og_title":"The past has a lot of future - Royal European Academy of Doctors","og_description":"The RAED welcomes in Barcelona the debate on the Spanish heritage that a week before held the Madrid The Royal European Academy of Doctors-Barcelona 1914 (RAED) hosted last March 18th in Barcelona a round table on &#8220;Patrimonio mundial e inmaterial de Espa\u00f1a&#8221; (World and intangible heritage of Spain), that a week before had held the [&hellip;]","og_url":"https:\/\/raed.academy\/en\/the-past-has-a-lot-of-future\/","og_site_name":"Royal European Academy of Doctors","article_publisher":"http:\/\/fb.me\/raed.academy","article_published_time":"2019-04-03T18:09:04+00:00","article_modified_time":"2019-04-09T14:44:25+00:00","og_image":[{"width":550,"height":419,"url":"https:\/\/raed.academy\/wp-content\/uploads\/2019\/04\/shutt-camino-de-Santiago-dstNtc.jpg","type":"image\/jpeg"}],"author":"RAED","twitter_card":"summary_large_image","twitter_creator":"@raedacademy","twitter_site":"@raedacademy","twitter_misc":{"Written by":"RAED","Est. reading time":"3 minutes"},"schema":{"@context":"https:\/\/schema.org","@graph":[{"@type":"Article","@id":"https:\/\/raed.academy\/en\/the-past-has-a-lot-of-future\/#article","isPartOf":{"@id":"https:\/\/raed.academy\/en\/the-past-has-a-lot-of-future\/"},"author":{"name":"RAED","@id":"https:\/\/raed.academy\/en\/#\/schema\/person\/5a755da80d1d979fd66ba745c8702927"},"headline":"The past has a lot of future","datePublished":"2019-04-03T18:09:04+00:00","dateModified":"2019-04-09T14:44:25+00:00","mainEntityOfPage":{"@id":"https:\/\/raed.academy\/en\/the-past-has-a-lot-of-future\/"},"wordCount":563,"publisher":{"@id":"https:\/\/raed.academy\/en\/#organization"},"image":{"@id":"https:\/\/raed.academy\/en\/the-past-has-a-lot-of-future\/#primaryimage"},"thumbnailUrl":"https:\/\/raed.academy\/wp-content\/uploads\/2019\/04\/shutt-camino-de-Santiago-dstNtc.jpg","inLanguage":"en-US"},{"@type":"WebPage","@id":"https:\/\/raed.academy\/en\/the-past-has-a-lot-of-future\/","url":"https:\/\/raed.academy\/en\/the-past-has-a-lot-of-future\/","name":"The past has a lot of future - Royal European Academy of Doctors","isPartOf":{"@id":"https:\/\/raed.academy\/en\/#website"},"primaryImageOfPage":{"@id":"https:\/\/raed.academy\/en\/the-past-has-a-lot-of-future\/#primaryimage"},"image":{"@id":"https:\/\/raed.academy\/en\/the-past-has-a-lot-of-future\/#primaryimage"},"thumbnailUrl":"https:\/\/raed.academy\/wp-content\/uploads\/2019\/04\/shutt-camino-de-Santiago-dstNtc.jpg","datePublished":"2019-04-03T18:09:04+00:00","dateModified":"2019-04-09T14:44:25+00:00","breadcrumb":{"@id":"https:\/\/raed.academy\/en\/the-past-has-a-lot-of-future\/#breadcrumb"},"inLanguage":"en-US","potentialAction":[{"@type":"ReadAction","target":["https:\/\/raed.academy\/en\/the-past-has-a-lot-of-future\/"]}]},{"@type":"ImageObject","inLanguage":"en-US","@id":"https:\/\/raed.academy\/en\/the-past-has-a-lot-of-future\/#primaryimage","url":"https:\/\/raed.academy\/wp-content\/uploads\/2019\/04\/shutt-camino-de-Santiago-dstNtc.jpg","contentUrl":"https:\/\/raed.academy\/wp-content\/uploads\/2019\/04\/shutt-camino-de-Santiago-dstNtc.jpg","width":550,"height":419,"caption":"camino-de-Santiago"},{"@type":"BreadcrumbList","@id":"https:\/\/raed.academy\/en\/the-past-has-a-lot-of-future\/#breadcrumb","itemListElement":[{"@type":"ListItem","position":1,"name":"Inicio","item":"https:\/\/raed.academy\/en\/"},{"@type":"ListItem","position":2,"name":"The past has a lot of future"}]},{"@type":"WebSite","@id":"https:\/\/raed.academy\/en\/#website","url":"https:\/\/raed.academy\/en\/","name":"Royal European Academy of Doctors","description":"Corporaci\u00f3n de derecho p\u00fablico de car\u00e1cter cient\u00edfico, t\u00e9cnico y art\u00edstico, que tiene por objeto la investigaci\u00f3n, el estudio, el fomento y la extensi\u00f3n del conocimiento en su sentido m\u00e1s amplio.","publisher":{"@id":"https:\/\/raed.academy\/en\/#organization"},"potentialAction":[{"@type":"SearchAction","target":{"@type":"EntryPoint","urlTemplate":"https:\/\/raed.academy\/en\/?s={search_term_string}"},"query-input":{"@type":"PropertyValueSpecification","valueRequired":true,"valueName":"search_term_string"}}],"inLanguage":"en-US"},{"@type":"Organization","@id":"https:\/\/raed.academy\/en\/#organization","name":"Real Academia Europea de Doctores","url":"https:\/\/raed.academy\/en\/","logo":{"@type":"ImageObject","inLanguage":"en-US","@id":"https:\/\/raed.academy\/en\/#\/schema\/logo\/image\/","url":"https:\/\/raed.academy\/wp-content\/uploads\/2017\/01\/cropped-logo_raed.png","contentUrl":"https:\/\/raed.academy\/wp-content\/uploads\/2017\/01\/cropped-logo_raed.png","width":512,"height":512,"caption":"Real Academia Europea de Doctores"},"image":{"@id":"https:\/\/raed.academy\/en\/#\/schema\/logo\/image\/"},"sameAs":["http:\/\/fb.me\/raed.academy","https:\/\/x.com\/raedacademy","https:\/\/www.instagram.com\/raed.academy\/","https:\/\/www.youtube.com\/channel\/UCUYQwW2KrdirNWihxMDObwg"]},{"@type":"Person","@id":"https:\/\/raed.academy\/en\/#\/schema\/person\/5a755da80d1d979fd66ba745c8702927","name":"RAED","image":{"@type":"ImageObject","inLanguage":"en-US","@id":"https:\/\/secure.gravatar.com\/avatar\/19fdfdc0d67fb9c45714b703a2ac82251c4fcea3637f002ac3c9b74c0183583c?s=96&d=mm&r=g","url":"https:\/\/secure.gravatar.com\/avatar\/19fdfdc0d67fb9c45714b703a2ac82251c4fcea3637f002ac3c9b74c0183583c?s=96&d=mm&r=g","contentUrl":"https:\/\/secure.gravatar.com\/avatar\/19fdfdc0d67fb9c45714b703a2ac82251c4fcea3637f002ac3c9b74c0183583c?s=96&d=mm&r=g","caption":"RAED"}}]}},"_links":{"self":[{"href":"https:\/\/raed.academy\/en\/wp-json\/wp\/v2\/posts\/70058","targetHints":{"allow":["GET"]}}],"collection":[{"href":"https:\/\/raed.academy\/en\/wp-json\/wp\/v2\/posts"}],"about":[{"href":"https:\/\/raed.academy\/en\/wp-json\/wp\/v2\/types\/post"}],"author":[{"embeddable":true,"href":"https:\/\/raed.academy\/en\/wp-json\/wp\/v2\/users\/12"}],"replies":[{"embeddable":true,"href":"https:\/\/raed.academy\/en\/wp-json\/wp\/v2\/comments?post=70058"}],"version-history":[{"count":0,"href":"https:\/\/raed.academy\/en\/wp-json\/wp\/v2\/posts\/70058\/revisions"}],"wp:featuredmedia":[{"embeddable":true,"href":"https:\/\/raed.academy\/en\/wp-json\/wp\/v2\/media\/69765"}],"wp:attachment":[{"href":"https:\/\/raed.academy\/en\/wp-json\/wp\/v2\/media?parent=70058"}],"wp:term":[{"taxonomy":"category","embeddable":true,"href":"https:\/\/raed.academy\/en\/wp-json\/wp\/v2\/categories?post=70058"},{"taxonomy":"post_tag","embeddable":true,"href":"https:\/\/raed.academy\/en\/wp-json\/wp\/v2\/tags?post=70058"}],"curies":[{"name":"wp","href":"https:\/\/api.w.org\/{rel}","templated":true}]}}