{"id":70052,"date":"2019-04-03T17:54:46","date_gmt":"2019-04-03T17:54:46","guid":{"rendered":"https:\/\/raed.academy\/?p=70052"},"modified":"2019-04-08T09:46:13","modified_gmt":"2019-04-08T09:46:13","slug":"the-sense-of-cocoa","status":"publish","type":"post","link":"https:\/\/raed.academy\/en\/the-sense-of-cocoa\/","title":{"rendered":"The sense of cocoa"},"content":{"rendered":"<h2>Jordi Roca, academician of the RAED, promotes an initiative to fight against taste disorders<\/h2>\n<p><strong><img loading=\"lazy\" decoding=\"async\" class=\"jetpack-lazy-image jetpack-lazy-image--handled alignleft\" style=\"shape-outside: url('\/wp-content\/uploads\/2019\/04\/02_ESC_Jordi_Foto1.png'); float: left; shape-image-threshold: 0.5; shape-margin: 30px;\" src=\"https:\/\/i0.wp.com\/raed.academy\/wp-content\/uploads\/2019\/04\/02_ESC_Jordi_Foto1.png?resize=481%2C490&amp;ssl=1\" alt=\"\" width=\"481\" height=\"490\" data-lazy-loaded=\"1\" \/><a href=\"https:\/\/raed.academy\/en\/academicians\/mr-jordi-roca-fontane\/\">Jordi Roca<\/a><\/strong>, pastry chef at <strong><a href=\"https:\/\/cellercanroca.com\">Celler de Can Roca<\/a><\/strong> and honorary academician of the <strong>Royal European Academy of Doctors-Barcelona 1914<\/strong> (RAED), has presented the project <strong>&#8220;El sentido del cacao&#8221;<\/strong> (The sense of cocoa)\u00a0in collaboration with the financial institution <strong><a href=\"https:\/\/www.bbva.es\">BBVA<\/a><\/strong>. It&#8217;is an initiative promoted with the aim of providing visibility to taste disorders, a set of pathologies that affect the perception of the sense of taste and that suffers up to 17% of the population. The project has been developed from a pioneering research based on neuroscience and sensory management that has been supported, among other institutions, by the <strong><a href=\"http:\/\/www.madrid.org\/hospitalclinicosancarlos\">San Carlos Clinical Hospital of Madrid<\/a><\/strong> or the <strong><a href=\"https:\/\/iob-onco.com\/\">Oncology Institute of Barcelona<\/a><\/strong>.<\/p>\n<p>&#8220;El sentido del cacao&#8221; is part of a pioneering research process based on key aspects of neuroscience and sensory management carried out for the first time in history. &#8220;The project is born from a very clear starting hypothesis: is it possible to recover the sensation of taste in people with alterations through the stimulation of the other senses and the associated memories?&#8221; We immediately understood that the only way to address this challenge was through individualization: creating personalized experiences&#8221;, explained <strong>Jes\u00fas Porta-Etessam<\/strong>, head of the Neurology Section of the San Carlos Clinical Hospital, during the presentation ceremony.<\/p>\n<p><img loading=\"lazy\" decoding=\"async\" class=\"alignright wp-image-69814 jetpack-lazy-image jetpack-lazy-image--handled\" src=\"https:\/\/i0.wp.com\/raed.academy\/wp-content\/uploads\/2019\/04\/El-sentido-del-cacao-Jordi-Roca-2.jpg?resize=390%2C228&amp;ssl=1\" sizes=\"(max-width: 390px) 100vw, 390px\" srcset=\"https:\/\/i0.wp.com\/raed.academy\/wp-content\/uploads\/2019\/04\/El-sentido-del-cacao-Jordi-Roca-2.jpg?w=800&amp;ssl=1 800w, https:\/\/i0.wp.com\/raed.academy\/wp-content\/uploads\/2019\/04\/El-sentido-del-cacao-Jordi-Roca-2.jpg?resize=768%2C449&amp;ssl=1 768w\" alt=\"El sentido del cacao - Jordi Roca\" width=\"390\" height=\"228\" data-attachment-id=\"69814\" data-permalink=\"https:\/\/raed.academy\/proyecto-jordi-roca-el-sentido-del-cacao\/el-sentido-del-cacao-jordi-roca-2-2\/\" data-orig-file=\"https:\/\/i0.wp.com\/raed.academy\/wp-content\/uploads\/2019\/04\/El-sentido-del-cacao-Jordi-Roca-2.jpg?fit=800%2C468&amp;ssl=1\" data-orig-size=\"800,468\" data-comments-opened=\"0\" data-image-meta=\"{&quot;aperture&quot;:&quot;0&quot;,&quot;credit&quot;:&quot;&quot;,&quot;camera&quot;:&quot;&quot;,&quot;caption&quot;:&quot;&quot;,&quot;created_timestamp&quot;:&quot;0&quot;,&quot;copyright&quot;:&quot;&quot;,&quot;focal_length&quot;:&quot;0&quot;,&quot;iso&quot;:&quot;0&quot;,&quot;shutter_speed&quot;:&quot;0&quot;,&quot;title&quot;:&quot;&quot;,&quot;orientation&quot;:&quot;0&quot;}\" data-image-title=\"El sentido del cacao \u2013 Jordi Roca\" data-image-description=\"\" data-medium-file=\"https:\/\/i0.wp.com\/raed.academy\/wp-content\/uploads\/2019\/04\/El-sentido-del-cacao-Jordi-Roca-2.jpg?fit=800%2C468&amp;ssl=1\" data-large-file=\"https:\/\/i0.wp.com\/raed.academy\/wp-content\/uploads\/2019\/04\/El-sentido-del-cacao-Jordi-Roca-2.jpg?fit=800%2C468&amp;ssl=1\" data-lazy-loaded=\"1\" \/>&#8220;To awake the taste, we needed a global and evocative element that could be associated with personal experiences, but at the same time, it was essential to choose a malleable product, with many nuances and that could be individualized and enjoyed with the rest of the senses&#8221;, said Jordi Roca. &#8220;This project has allowed us to develop the first non-invasive sensory stimulation approach based on memory to recover a lost sense -added Porta-Etessam-. How did we do it? Tracing an experiential suit tailored to each participant. Different patients with taste disorders determine their sensory and behavioral profiles, their systems of understanding and consumption of cocoa or even memory and history with the chocolate of each of them&#8221;.<\/p>\n<p><img loading=\"lazy\" decoding=\"async\" class=\"alignleft wp-image-69811 jetpack-lazy-image jetpack-lazy-image--handled\" src=\"https:\/\/i1.wp.com\/raed.academy\/wp-content\/uploads\/2019\/04\/El-sentido-del-cacao-Jordi-Roca.jpg?resize=365%2C206&amp;ssl=1\" alt=\"Jordi Roca\" width=\"365\" height=\"206\" data-attachment-id=\"69811\" data-permalink=\"https:\/\/raed.academy\/proyecto-jordi-roca-el-sentido-del-cacao\/el-sentido-del-cacao-jordi-roca-2\/\" data-orig-file=\"https:\/\/i1.wp.com\/raed.academy\/wp-content\/uploads\/2019\/04\/El-sentido-del-cacao-Jordi-Roca.jpg?fit=550%2C310&amp;ssl=1\" data-orig-size=\"550,310\" data-comments-opened=\"0\" data-image-meta=\"{&quot;aperture&quot;:&quot;0&quot;,&quot;credit&quot;:&quot;&quot;,&quot;camera&quot;:&quot;&quot;,&quot;caption&quot;:&quot;&quot;,&quot;created_timestamp&quot;:&quot;0&quot;,&quot;copyright&quot;:&quot;&quot;,&quot;focal_length&quot;:&quot;0&quot;,&quot;iso&quot;:&quot;0&quot;,&quot;shutter_speed&quot;:&quot;0&quot;,&quot;title&quot;:&quot;&quot;,&quot;orientation&quot;:&quot;0&quot;}\" data-image-title=\"El-sentido-del-cacao-Jordi-Roca\" data-image-description=\"\" data-medium-file=\"https:\/\/i1.wp.com\/raed.academy\/wp-content\/uploads\/2019\/04\/El-sentido-del-cacao-Jordi-Roca.jpg?fit=550%2C310&amp;ssl=1\" data-large-file=\"https:\/\/i1.wp.com\/raed.academy\/wp-content\/uploads\/2019\/04\/El-sentido-del-cacao-Jordi-Roca.jpg?fit=550%2C310&amp;ssl=1\" data-lazy-loaded=\"1\" \/>From this qualitative process, Jordi Roca and his team at El Celler created, from cocoa, desserts inspired by the memories of each participant. In parallel, we proceeded to design a multisensory and immersive space, adaptable to the personal history of each individual. &#8220;We created an ideal experiential ecosystem where, when tasting each dessert, we managed to awake neuronal connections that helped us to revive the memory of cocoa in each person&#8221;, concluded the academician of the RAED.<\/p>\n<p>For the materialization of this project, BBVA and Jordi Roca have collaborated with a multidisciplinary group of Spanish scientists with diverse areas of specialization formed -in addition to Porta-Etessam- by <strong>Josep de Haro<\/strong>, clinical head of the Otorhinolaryngology Service in <strong><a href=\"http:\/\/www.bsa.cat\">Badalona Welfare Services;<\/a><\/strong> <strong>Laura L\u00f3pez-Mascaraque<\/strong>, researcher at the <strong>Ram\u00f3n y Cajal Institute<\/strong> of the <strong><a href=\"http:\/\/www.csic.es\">Higher Council for Scientific Research<\/a><\/strong>of Spain, and <strong>Jordina Casademunt,<\/strong> collaborator of the Oncology Institute of Barcelona.<\/p>\n<h3><a href=\"https:\/\/www.bbva.com\/es\/elsentidodelcacao\/\" target=\"_blank\" rel=\"noopener noreferrer\">Website of the project<\/a><\/h3>\n<p><iframe loading=\"lazy\" src=\"https:\/\/www.youtube.com\/embed\/s6BLGp8hYQY\" width=\"1160\" height=\"613\" frameborder=\"0\" allowfullscreen=\"allowfullscreen\"><\/iframe><\/p>\n","protected":false},"excerpt":{"rendered":"<p>Jordi Roca, academician of the RAED, promotes an initiative to fight against taste disorders Jordi Roca, pastry chef at Celler de Can Roca and honorary academician of the Royal European Academy of Doctors-Barcelona 1914 (RAED), has presented the project &#8220;El sentido del cacao&#8221; (The sense of cocoa)\u00a0in collaboration with the financial institution BBVA. It&#8217;is an [&hellip;]<\/p>\n","protected":false},"author":12,"featured_media":69936,"comment_status":"closed","ping_status":"closed","sticky":false,"template":"","format":"standard","meta":{"_et_pb_use_builder":"","_et_pb_old_content":"","_et_gb_content_width":"","footnotes":""},"categories":[215],"tags":[],"class_list":["post-70052","post","type-post","status-publish","format-standard","has-post-thumbnail","hentry","category-medicine-and-surgery","et-has-post-format-content","et_post_format-et-post-format-standard"],"yoast_head":"<!-- This site is optimized with the Yoast SEO plugin v27.4 - https:\/\/yoast.com\/product\/yoast-seo-wordpress\/ -->\n<title>The sense of cocoa - Royal European Academy of Doctors<\/title>\n<meta name=\"robots\" content=\"index, follow, max-snippet:-1, max-image-preview:large, max-video-preview:-1\" \/>\n<link rel=\"canonical\" href=\"https:\/\/raed.academy\/en\/the-sense-of-cocoa\/\" \/>\n<meta property=\"og:locale\" content=\"en_US\" \/>\n<meta property=\"og:type\" content=\"article\" \/>\n<meta property=\"og:title\" content=\"The sense of cocoa - Royal European Academy of Doctors\" \/>\n<meta property=\"og:description\" content=\"Jordi Roca, academician of the RAED, promotes an initiative to fight against taste disorders Jordi Roca, pastry chef at Celler de Can Roca and honorary academician of the Royal European Academy of Doctors-Barcelona 1914 (RAED), has presented the project &#8220;El sentido del cacao&#8221; (The sense of cocoa)\u00a0in collaboration with the financial institution BBVA. It&#8217;is an [&hellip;]\" \/>\n<meta property=\"og:url\" content=\"https:\/\/raed.academy\/en\/the-sense-of-cocoa\/\" \/>\n<meta property=\"og:site_name\" content=\"Royal European Academy of Doctors\" \/>\n<meta property=\"article:publisher\" content=\"http:\/\/fb.me\/raed.academy\" \/>\n<meta property=\"article:published_time\" content=\"2019-04-03T17:54:46+00:00\" \/>\n<meta property=\"article:modified_time\" content=\"2019-04-08T09:46:13+00:00\" \/>\n<meta property=\"og:image\" content=\"https:\/\/raed.academy\/wp-content\/uploads\/2019\/04\/02_ESC_Jordi_Foto1.png\" \/>\n\t<meta property=\"og:image:width\" content=\"550\" \/>\n\t<meta property=\"og:image:height\" content=\"540\" \/>\n\t<meta property=\"og:image:type\" content=\"image\/png\" \/>\n<meta name=\"author\" content=\"RAED\" \/>\n<meta name=\"twitter:card\" content=\"summary_large_image\" \/>\n<meta name=\"twitter:creator\" content=\"@raedacademy\" \/>\n<meta name=\"twitter:site\" content=\"@raedacademy\" \/>\n<meta name=\"twitter:label1\" content=\"Written by\" \/>\n\t<meta name=\"twitter:data1\" content=\"RAED\" \/>\n\t<meta name=\"twitter:label2\" content=\"Est. reading time\" \/>\n\t<meta name=\"twitter:data2\" content=\"2 minutes\" \/>\n<script type=\"application\/ld+json\" class=\"yoast-schema-graph\">{\"@context\":\"https:\\\/\\\/schema.org\",\"@graph\":[{\"@type\":\"Article\",\"@id\":\"https:\\\/\\\/raed.academy\\\/en\\\/the-sense-of-cocoa\\\/#article\",\"isPartOf\":{\"@id\":\"https:\\\/\\\/raed.academy\\\/en\\\/the-sense-of-cocoa\\\/\"},\"author\":{\"name\":\"RAED\",\"@id\":\"https:\\\/\\\/raed.academy\\\/en\\\/#\\\/schema\\\/person\\\/5a755da80d1d979fd66ba745c8702927\"},\"headline\":\"The sense of cocoa\",\"datePublished\":\"2019-04-03T17:54:46+00:00\",\"dateModified\":\"2019-04-08T09:46:13+00:00\",\"mainEntityOfPage\":{\"@id\":\"https:\\\/\\\/raed.academy\\\/en\\\/the-sense-of-cocoa\\\/\"},\"wordCount\":497,\"publisher\":{\"@id\":\"https:\\\/\\\/raed.academy\\\/en\\\/#organization\"},\"image\":{\"@id\":\"https:\\\/\\\/raed.academy\\\/en\\\/the-sense-of-cocoa\\\/#primaryimage\"},\"thumbnailUrl\":\"https:\\\/\\\/raed.academy\\\/wp-content\\\/uploads\\\/2019\\\/04\\\/02_ESC_Jordi_Foto1.png\",\"articleSection\":[\"Medicine and Surgery\"],\"inLanguage\":\"en-US\"},{\"@type\":\"WebPage\",\"@id\":\"https:\\\/\\\/raed.academy\\\/en\\\/the-sense-of-cocoa\\\/\",\"url\":\"https:\\\/\\\/raed.academy\\\/en\\\/the-sense-of-cocoa\\\/\",\"name\":\"The sense of cocoa - Royal European Academy of Doctors\",\"isPartOf\":{\"@id\":\"https:\\\/\\\/raed.academy\\\/en\\\/#website\"},\"primaryImageOfPage\":{\"@id\":\"https:\\\/\\\/raed.academy\\\/en\\\/the-sense-of-cocoa\\\/#primaryimage\"},\"image\":{\"@id\":\"https:\\\/\\\/raed.academy\\\/en\\\/the-sense-of-cocoa\\\/#primaryimage\"},\"thumbnailUrl\":\"https:\\\/\\\/raed.academy\\\/wp-content\\\/uploads\\\/2019\\\/04\\\/02_ESC_Jordi_Foto1.png\",\"datePublished\":\"2019-04-03T17:54:46+00:00\",\"dateModified\":\"2019-04-08T09:46:13+00:00\",\"breadcrumb\":{\"@id\":\"https:\\\/\\\/raed.academy\\\/en\\\/the-sense-of-cocoa\\\/#breadcrumb\"},\"inLanguage\":\"en-US\",\"potentialAction\":[{\"@type\":\"ReadAction\",\"target\":[\"https:\\\/\\\/raed.academy\\\/en\\\/the-sense-of-cocoa\\\/\"]}]},{\"@type\":\"ImageObject\",\"inLanguage\":\"en-US\",\"@id\":\"https:\\\/\\\/raed.academy\\\/en\\\/the-sense-of-cocoa\\\/#primaryimage\",\"url\":\"https:\\\/\\\/raed.academy\\\/wp-content\\\/uploads\\\/2019\\\/04\\\/02_ESC_Jordi_Foto1.png\",\"contentUrl\":\"https:\\\/\\\/raed.academy\\\/wp-content\\\/uploads\\\/2019\\\/04\\\/02_ESC_Jordi_Foto1.png\",\"width\":550,\"height\":540,\"caption\":\"Jordi Roca, Chef pastelero del Celler Can Roca\"},{\"@type\":\"BreadcrumbList\",\"@id\":\"https:\\\/\\\/raed.academy\\\/en\\\/the-sense-of-cocoa\\\/#breadcrumb\",\"itemListElement\":[{\"@type\":\"ListItem\",\"position\":1,\"name\":\"Inicio\",\"item\":\"https:\\\/\\\/raed.academy\\\/en\\\/\"},{\"@type\":\"ListItem\",\"position\":2,\"name\":\"The sense of cocoa\"}]},{\"@type\":\"WebSite\",\"@id\":\"https:\\\/\\\/raed.academy\\\/en\\\/#website\",\"url\":\"https:\\\/\\\/raed.academy\\\/en\\\/\",\"name\":\"Royal European Academy of Doctors\",\"description\":\"Corporaci\u00f3n de derecho p\u00fablico de car\u00e1cter cient\u00edfico, t\u00e9cnico y art\u00edstico, que tiene por objeto la investigaci\u00f3n, el estudio, el fomento y la extensi\u00f3n del conocimiento en su sentido m\u00e1s amplio.\",\"publisher\":{\"@id\":\"https:\\\/\\\/raed.academy\\\/en\\\/#organization\"},\"potentialAction\":[{\"@type\":\"SearchAction\",\"target\":{\"@type\":\"EntryPoint\",\"urlTemplate\":\"https:\\\/\\\/raed.academy\\\/en\\\/?s={search_term_string}\"},\"query-input\":{\"@type\":\"PropertyValueSpecification\",\"valueRequired\":true,\"valueName\":\"search_term_string\"}}],\"inLanguage\":\"en-US\"},{\"@type\":\"Organization\",\"@id\":\"https:\\\/\\\/raed.academy\\\/en\\\/#organization\",\"name\":\"Real Academia Europea de Doctores\",\"url\":\"https:\\\/\\\/raed.academy\\\/en\\\/\",\"logo\":{\"@type\":\"ImageObject\",\"inLanguage\":\"en-US\",\"@id\":\"https:\\\/\\\/raed.academy\\\/en\\\/#\\\/schema\\\/logo\\\/image\\\/\",\"url\":\"https:\\\/\\\/raed.academy\\\/wp-content\\\/uploads\\\/2017\\\/01\\\/cropped-logo_raed.png\",\"contentUrl\":\"https:\\\/\\\/raed.academy\\\/wp-content\\\/uploads\\\/2017\\\/01\\\/cropped-logo_raed.png\",\"width\":512,\"height\":512,\"caption\":\"Real Academia Europea de Doctores\"},\"image\":{\"@id\":\"https:\\\/\\\/raed.academy\\\/en\\\/#\\\/schema\\\/logo\\\/image\\\/\"},\"sameAs\":[\"http:\\\/\\\/fb.me\\\/raed.academy\",\"https:\\\/\\\/x.com\\\/raedacademy\",\"https:\\\/\\\/www.instagram.com\\\/raed.academy\\\/\",\"https:\\\/\\\/www.youtube.com\\\/channel\\\/UCUYQwW2KrdirNWihxMDObwg\"]},{\"@type\":\"Person\",\"@id\":\"https:\\\/\\\/raed.academy\\\/en\\\/#\\\/schema\\\/person\\\/5a755da80d1d979fd66ba745c8702927\",\"name\":\"RAED\",\"image\":{\"@type\":\"ImageObject\",\"inLanguage\":\"en-US\",\"@id\":\"https:\\\/\\\/secure.gravatar.com\\\/avatar\\\/19fdfdc0d67fb9c45714b703a2ac82251c4fcea3637f002ac3c9b74c0183583c?s=96&d=mm&r=g\",\"url\":\"https:\\\/\\\/secure.gravatar.com\\\/avatar\\\/19fdfdc0d67fb9c45714b703a2ac82251c4fcea3637f002ac3c9b74c0183583c?s=96&d=mm&r=g\",\"contentUrl\":\"https:\\\/\\\/secure.gravatar.com\\\/avatar\\\/19fdfdc0d67fb9c45714b703a2ac82251c4fcea3637f002ac3c9b74c0183583c?s=96&d=mm&r=g\",\"caption\":\"RAED\"}}]}<\/script>\n<!-- \/ Yoast SEO plugin. -->","yoast_head_json":{"title":"The sense of cocoa - Royal European Academy of Doctors","robots":{"index":"index","follow":"follow","max-snippet":"max-snippet:-1","max-image-preview":"max-image-preview:large","max-video-preview":"max-video-preview:-1"},"canonical":"https:\/\/raed.academy\/en\/the-sense-of-cocoa\/","og_locale":"en_US","og_type":"article","og_title":"The sense of cocoa - Royal European Academy of Doctors","og_description":"Jordi Roca, academician of the RAED, promotes an initiative to fight against taste disorders Jordi Roca, pastry chef at Celler de Can Roca and honorary academician of the Royal European Academy of Doctors-Barcelona 1914 (RAED), has presented the project &#8220;El sentido del cacao&#8221; (The sense of cocoa)\u00a0in collaboration with the financial institution BBVA. It&#8217;is an [&hellip;]","og_url":"https:\/\/raed.academy\/en\/the-sense-of-cocoa\/","og_site_name":"Royal European Academy of Doctors","article_publisher":"http:\/\/fb.me\/raed.academy","article_published_time":"2019-04-03T17:54:46+00:00","article_modified_time":"2019-04-08T09:46:13+00:00","og_image":[{"width":550,"height":540,"url":"https:\/\/raed.academy\/wp-content\/uploads\/2019\/04\/02_ESC_Jordi_Foto1.png","type":"image\/png"}],"author":"RAED","twitter_card":"summary_large_image","twitter_creator":"@raedacademy","twitter_site":"@raedacademy","twitter_misc":{"Written by":"RAED","Est. reading time":"2 minutes"},"schema":{"@context":"https:\/\/schema.org","@graph":[{"@type":"Article","@id":"https:\/\/raed.academy\/en\/the-sense-of-cocoa\/#article","isPartOf":{"@id":"https:\/\/raed.academy\/en\/the-sense-of-cocoa\/"},"author":{"name":"RAED","@id":"https:\/\/raed.academy\/en\/#\/schema\/person\/5a755da80d1d979fd66ba745c8702927"},"headline":"The sense of cocoa","datePublished":"2019-04-03T17:54:46+00:00","dateModified":"2019-04-08T09:46:13+00:00","mainEntityOfPage":{"@id":"https:\/\/raed.academy\/en\/the-sense-of-cocoa\/"},"wordCount":497,"publisher":{"@id":"https:\/\/raed.academy\/en\/#organization"},"image":{"@id":"https:\/\/raed.academy\/en\/the-sense-of-cocoa\/#primaryimage"},"thumbnailUrl":"https:\/\/raed.academy\/wp-content\/uploads\/2019\/04\/02_ESC_Jordi_Foto1.png","articleSection":["Medicine and Surgery"],"inLanguage":"en-US"},{"@type":"WebPage","@id":"https:\/\/raed.academy\/en\/the-sense-of-cocoa\/","url":"https:\/\/raed.academy\/en\/the-sense-of-cocoa\/","name":"The sense of cocoa - Royal European Academy of Doctors","isPartOf":{"@id":"https:\/\/raed.academy\/en\/#website"},"primaryImageOfPage":{"@id":"https:\/\/raed.academy\/en\/the-sense-of-cocoa\/#primaryimage"},"image":{"@id":"https:\/\/raed.academy\/en\/the-sense-of-cocoa\/#primaryimage"},"thumbnailUrl":"https:\/\/raed.academy\/wp-content\/uploads\/2019\/04\/02_ESC_Jordi_Foto1.png","datePublished":"2019-04-03T17:54:46+00:00","dateModified":"2019-04-08T09:46:13+00:00","breadcrumb":{"@id":"https:\/\/raed.academy\/en\/the-sense-of-cocoa\/#breadcrumb"},"inLanguage":"en-US","potentialAction":[{"@type":"ReadAction","target":["https:\/\/raed.academy\/en\/the-sense-of-cocoa\/"]}]},{"@type":"ImageObject","inLanguage":"en-US","@id":"https:\/\/raed.academy\/en\/the-sense-of-cocoa\/#primaryimage","url":"https:\/\/raed.academy\/wp-content\/uploads\/2019\/04\/02_ESC_Jordi_Foto1.png","contentUrl":"https:\/\/raed.academy\/wp-content\/uploads\/2019\/04\/02_ESC_Jordi_Foto1.png","width":550,"height":540,"caption":"Jordi Roca, Chef pastelero del Celler Can Roca"},{"@type":"BreadcrumbList","@id":"https:\/\/raed.academy\/en\/the-sense-of-cocoa\/#breadcrumb","itemListElement":[{"@type":"ListItem","position":1,"name":"Inicio","item":"https:\/\/raed.academy\/en\/"},{"@type":"ListItem","position":2,"name":"The sense of cocoa"}]},{"@type":"WebSite","@id":"https:\/\/raed.academy\/en\/#website","url":"https:\/\/raed.academy\/en\/","name":"Royal European Academy of Doctors","description":"Corporaci\u00f3n de derecho p\u00fablico de car\u00e1cter cient\u00edfico, t\u00e9cnico y art\u00edstico, que tiene por objeto la investigaci\u00f3n, el estudio, el fomento y la extensi\u00f3n del conocimiento en su sentido m\u00e1s amplio.","publisher":{"@id":"https:\/\/raed.academy\/en\/#organization"},"potentialAction":[{"@type":"SearchAction","target":{"@type":"EntryPoint","urlTemplate":"https:\/\/raed.academy\/en\/?s={search_term_string}"},"query-input":{"@type":"PropertyValueSpecification","valueRequired":true,"valueName":"search_term_string"}}],"inLanguage":"en-US"},{"@type":"Organization","@id":"https:\/\/raed.academy\/en\/#organization","name":"Real Academia Europea de Doctores","url":"https:\/\/raed.academy\/en\/","logo":{"@type":"ImageObject","inLanguage":"en-US","@id":"https:\/\/raed.academy\/en\/#\/schema\/logo\/image\/","url":"https:\/\/raed.academy\/wp-content\/uploads\/2017\/01\/cropped-logo_raed.png","contentUrl":"https:\/\/raed.academy\/wp-content\/uploads\/2017\/01\/cropped-logo_raed.png","width":512,"height":512,"caption":"Real Academia Europea de Doctores"},"image":{"@id":"https:\/\/raed.academy\/en\/#\/schema\/logo\/image\/"},"sameAs":["http:\/\/fb.me\/raed.academy","https:\/\/x.com\/raedacademy","https:\/\/www.instagram.com\/raed.academy\/","https:\/\/www.youtube.com\/channel\/UCUYQwW2KrdirNWihxMDObwg"]},{"@type":"Person","@id":"https:\/\/raed.academy\/en\/#\/schema\/person\/5a755da80d1d979fd66ba745c8702927","name":"RAED","image":{"@type":"ImageObject","inLanguage":"en-US","@id":"https:\/\/secure.gravatar.com\/avatar\/19fdfdc0d67fb9c45714b703a2ac82251c4fcea3637f002ac3c9b74c0183583c?s=96&d=mm&r=g","url":"https:\/\/secure.gravatar.com\/avatar\/19fdfdc0d67fb9c45714b703a2ac82251c4fcea3637f002ac3c9b74c0183583c?s=96&d=mm&r=g","contentUrl":"https:\/\/secure.gravatar.com\/avatar\/19fdfdc0d67fb9c45714b703a2ac82251c4fcea3637f002ac3c9b74c0183583c?s=96&d=mm&r=g","caption":"RAED"}}]}},"_links":{"self":[{"href":"https:\/\/raed.academy\/en\/wp-json\/wp\/v2\/posts\/70052","targetHints":{"allow":["GET"]}}],"collection":[{"href":"https:\/\/raed.academy\/en\/wp-json\/wp\/v2\/posts"}],"about":[{"href":"https:\/\/raed.academy\/en\/wp-json\/wp\/v2\/types\/post"}],"author":[{"embeddable":true,"href":"https:\/\/raed.academy\/en\/wp-json\/wp\/v2\/users\/12"}],"replies":[{"embeddable":true,"href":"https:\/\/raed.academy\/en\/wp-json\/wp\/v2\/comments?post=70052"}],"version-history":[{"count":0,"href":"https:\/\/raed.academy\/en\/wp-json\/wp\/v2\/posts\/70052\/revisions"}],"wp:featuredmedia":[{"embeddable":true,"href":"https:\/\/raed.academy\/en\/wp-json\/wp\/v2\/media\/69936"}],"wp:attachment":[{"href":"https:\/\/raed.academy\/en\/wp-json\/wp\/v2\/media?parent=70052"}],"wp:term":[{"taxonomy":"category","embeddable":true,"href":"https:\/\/raed.academy\/en\/wp-json\/wp\/v2\/categories?post=70052"},{"taxonomy":"post_tag","embeddable":true,"href":"https:\/\/raed.academy\/en\/wp-json\/wp\/v2\/tags?post=70052"}],"curies":[{"name":"wp","href":"https:\/\/api.w.org\/{rel}","templated":true}]}}