{"id":70035,"date":"2019-04-03T14:04:14","date_gmt":"2019-04-03T14:04:14","guid":{"rendered":"https:\/\/raed.academy\/?p=70035"},"modified":"2019-04-08T10:16:31","modified_gmt":"2019-04-08T10:16:31","slug":"a-tribute-to-philanthropy","status":"publish","type":"post","link":"https:\/\/raed.academy\/en\/a-tribute-to-philanthropy\/","title":{"rendered":"A tribute to philanthropy"},"content":{"rendered":"<p><strong><img loading=\"lazy\" decoding=\"async\" class=\"alignleft wp-image-69859\" src=\"https:\/\/i1.wp.com\/raed.academy\/wp-content\/uploads\/2019\/04\/placa-de-honor-AEFE-a-Pedro-Claros-Blanch-3.jpg?resize=290%2C435&amp;ssl=1\" alt=\"Placa de honor AEFE a Pedro Claros Blanch\" width=\"290\" height=\"435\" data-attachment-id=\"69859\" data-permalink=\"https:\/\/raed.academy\/un-tributo-a-la-filantropia\/placa-de-honor-aefe-a-pedro-claros-blanch-3-2\/\" data-orig-file=\"https:\/\/i1.wp.com\/raed.academy\/wp-content\/uploads\/2019\/04\/placa-de-honor-AEFE-a-Pedro-Claros-Blanch-3.jpg?fit=450%2C674&amp;ssl=1\" data-orig-size=\"450,674\" data-comments-opened=\"0\" data-image-meta=\"{&quot;aperture&quot;:&quot;3.5&quot;,&quot;credit&quot;:&quot;&quot;,&quot;camera&quot;:&quot;NIKON D810&quot;,&quot;caption&quot;:&quot;&quot;,&quot;created_timestamp&quot;:&quot;1552171340&quot;,&quot;copyright&quot;:&quot;&quot;,&quot;focal_length&quot;:&quot;70&quot;,&quot;iso&quot;:&quot;2500&quot;,&quot;shutter_speed&quot;:&quot;0.008&quot;,&quot;title&quot;:&quot;&quot;,&quot;orientation&quot;:&quot;0&quot;}\" data-image-title=\"Placa de honor AEFE a Pedro Claros Blanch\" data-image-description=\"&lt;p&gt;Placa de honor AEFE a Pedro Claros Blanch&lt;\/p&gt; \" data-medium-file=\"https:\/\/i1.wp.com\/raed.academy\/wp-content\/uploads\/2019\/04\/placa-de-honor-AEFE-a-Pedro-Claros-Blanch-3.jpg?fit=450%2C674&amp;ssl=1\" data-large-file=\"https:\/\/i1.wp.com\/raed.academy\/wp-content\/uploads\/2019\/04\/placa-de-honor-AEFE-a-Pedro-Claros-Blanch-3.jpg?fit=450%2C674&amp;ssl=1\" \/><img loading=\"lazy\" decoding=\"async\" class=\"alignright wp-image-69899\" src=\"https:\/\/i0.wp.com\/raed.academy\/wp-content\/uploads\/2019\/04\/Cruz-europea-de-oro-a-la-fundacion-Claros.jpg?resize=360%2C435&amp;ssl=1\" alt=\"Cruz europea de oro a la fundaci\u00f3n Clar\u00f3s\" width=\"360\" height=\"435\" data-attachment-id=\"69899\" data-permalink=\"https:\/\/raed.academy\/un-tributo-a-la-filantropia\/cruz-europea-de-oro-a-la-fundacion-claros\/\" data-orig-file=\"https:\/\/i0.wp.com\/raed.academy\/wp-content\/uploads\/2019\/04\/Cruz-europea-de-oro-a-la-fundacion-Claros.jpg?fit=430%2C519&amp;ssl=1\" data-orig-size=\"430,519\" data-comments-opened=\"0\" data-image-meta=\"{&quot;aperture&quot;:&quot;0&quot;,&quot;credit&quot;:&quot;&quot;,&quot;camera&quot;:&quot;&quot;,&quot;caption&quot;:&quot;&quot;,&quot;created_timestamp&quot;:&quot;0&quot;,&quot;copyright&quot;:&quot;&quot;,&quot;focal_length&quot;:&quot;0&quot;,&quot;iso&quot;:&quot;0&quot;,&quot;shutter_speed&quot;:&quot;0&quot;,&quot;title&quot;:&quot;&quot;,&quot;orientation&quot;:&quot;1&quot;}\" data-image-title=\"Cruz europea de oro a la fundaci\u00f3n Clar\u00f3s\" data-image-description=\"\" data-medium-file=\"https:\/\/i0.wp.com\/raed.academy\/wp-content\/uploads\/2019\/04\/Cruz-europea-de-oro-a-la-fundacion-Claros.jpg?fit=430%2C519&amp;ssl=1\" data-large-file=\"https:\/\/i0.wp.com\/raed.academy\/wp-content\/uploads\/2019\/04\/Cruz-europea-de-oro-a-la-fundacion-Claros.jpg?fit=430%2C519&amp;ssl=1\" \/><a href=\"https:\/\/raed.academy\/en\/academicians\/dr-pedro-claros-blanch\/\">Pedro Clar\u00f3s<\/a><\/strong>, full academician and vicepresident of the <strong>Royal European Academy of Doctors-Barcelona 1914<\/strong> (RAED), was recognized with the <strong>Plaque of Honor<\/strong> and the <strong>Great European Cross of Gold<\/strong> awarded by the <strong><a href=\"http:\/\/aefe.es\/\">European Promotion Foundation<\/a><\/strong> during a ceremony held on last March 9th at the <strong>Hotel Rey Juan Carlos I<\/strong> in Barcelona. The Grand Cross is the highest distinction with which this institution recognizes the Europeanist work of the representatives of Spanish civil society.<\/p>\n<p>A long career and research that have led him to be one of the leading otolaryngologists in Spain and Europe, required by large institutions such as the <strong><a href=\"http:\/\/www.liceubarcelona.cat\">Gran Teatre del Liceu<\/a> <\/strong>in Barcelona, \u200b\u200bClar\u00f3s adds his dedication to the sick with fewer resources through the programs of the <strong><a href=\"http:\/\/www.fundacionclaros.com\">Clar\u00f3s Foundation<\/a><\/strong>. An institution that also promotes projects together with the <strong><a href=\"http:\/\/www.clinicaclaros.com\">Clar\u00f3s Clinic<\/a><\/strong> with doctors from developing countries.<\/p>\n<p>This solidarity delivery has earned him the recognition in recent months of the <strong>Grand Cross<\/strong> of the Spanish <strong><a href=\"https:\/\/www.instituciondelmeritohumanitario.es\">Institution of Humanitarian Merit<\/a><\/strong> and the <strong>Gold Medal of Merit Sanitary<\/strong> of the <strong><a href=\"http:\/\/ilustreacademiaramonycajal.org\">Illustrious Academy of Health Sciences Ram\u00f3n y Cajal<\/a><\/strong>, in both cases for his exemplary professional merits and for his commitment to research, post-university teaching, medicine and social welfare. A task that now recognizes the European Development Foundation, founded in 1991 in Barcelona to keep alive the spirit of the <strong>Charter of Paris<\/strong>, signed by the 32 European States participating in the <strong>Conference for Security and Cooperation in Europe<\/strong>.<\/p>\n<p>&nbsp;<\/p>\n\n\t\t<style type=\"text\/css\">\n\t\t\t#gallery-1 {\n\t\t\t\tmargin: auto;\n\t\t\t}\n\t\t\t#gallery-1 .gallery-item {\n\t\t\t\tfloat: left;\n\t\t\t\tmargin-top: 10px;\n\t\t\t\ttext-align: center;\n\t\t\t\twidth: 33%;\n\t\t\t}\n\t\t\t#gallery-1 img {\n\t\t\t\tborder: 2px solid #cfcfcf;\n\t\t\t}\n\t\t\t#gallery-1 .gallery-caption {\n\t\t\t\tmargin-left: 0;\n\t\t\t}\n\t\t\t\/* see gallery_shortcode() in wp-includes\/media.php *\/\n\t\t<\/style>\n\t\t<div id='gallery-1' class='gallery galleryid-70035 gallery-columns-3 gallery-size-medium'><dl class='gallery-item'>\n\t\t\t<dt class='gallery-icon landscape'>\n\t\t\t\t<a href='https:\/\/raed.academy\/wp-content\/uploads\/2019\/04\/placa-de-honor-AEFE-a-Pedro-Claros-Blanch-2.jpg'><img loading=\"lazy\" decoding=\"async\" width=\"800\" height=\"534\" src=\"https:\/\/raed.academy\/wp-content\/uploads\/2019\/04\/placa-de-honor-AEFE-a-Pedro-Claros-Blanch-2.jpg\" class=\"attachment-medium size-medium\" alt=\"placa de hono AEFE a Pedro Claros Blanch\" srcset=\"https:\/\/raed.academy\/wp-content\/uploads\/2019\/04\/placa-de-honor-AEFE-a-Pedro-Claros-Blanch-2.jpg 800w, https:\/\/raed.academy\/wp-content\/uploads\/2019\/04\/placa-de-honor-AEFE-a-Pedro-Claros-Blanch-2-768x513.jpg 768w\" sizes=\"(max-width: 800px) 100vw, 800px\" \/><\/a>\n\t\t\t<\/dt><\/dl><dl class='gallery-item'>\n\t\t\t<dt class='gallery-icon landscape'>\n\t\t\t\t<a href='https:\/\/raed.academy\/wp-content\/uploads\/2019\/04\/placa-de-honor-AEFE-a-Pedro-Claros-Blanch-1.jpg'><img loading=\"lazy\" decoding=\"async\" width=\"779\" height=\"520\" src=\"https:\/\/raed.academy\/wp-content\/uploads\/2019\/04\/placa-de-honor-AEFE-a-Pedro-Claros-Blanch-1.jpg\" class=\"attachment-medium size-medium\" alt=\"placa de hono AEFE a Pedro Claros Blanchq\" srcset=\"https:\/\/raed.academy\/wp-content\/uploads\/2019\/04\/placa-de-honor-AEFE-a-Pedro-Claros-Blanch-1.jpg 779w, https:\/\/raed.academy\/wp-content\/uploads\/2019\/04\/placa-de-honor-AEFE-a-Pedro-Claros-Blanch-1-768x513.jpg 768w\" sizes=\"(max-width: 779px) 100vw, 779px\" \/><\/a>\n\t\t\t<\/dt><\/dl><dl class='gallery-item'>\n\t\t\t<dt class='gallery-icon landscape'>\n\t\t\t\t<a href='https:\/\/raed.academy\/wp-content\/uploads\/2019\/04\/placa-de-honor-AEFE-a-Pedro-Claros-Blanch-4.jpg'><img loading=\"lazy\" decoding=\"async\" width=\"1050\" height=\"701\" src=\"https:\/\/raed.academy\/wp-content\/uploads\/2019\/04\/placa-de-honor-AEFE-a-Pedro-Claros-Blanch-4.jpg\" class=\"attachment-medium size-medium\" alt=\"placa de hono AEFE a Pedro Claros Blanch\" srcset=\"https:\/\/raed.academy\/wp-content\/uploads\/2019\/04\/placa-de-honor-AEFE-a-Pedro-Claros-Blanch-4.jpg 1050w, https:\/\/raed.academy\/wp-content\/uploads\/2019\/04\/placa-de-honor-AEFE-a-Pedro-Claros-Blanch-4-768x513.jpg 768w\" sizes=\"(max-width: 1050px) 100vw, 1050px\" \/><\/a>\n\t\t\t<\/dt><\/dl><br style=\"clear: both\" \/>\n\t\t<\/div>\n\n","protected":false},"excerpt":{"rendered":"<p>Pedro Clar\u00f3s, full academician and vicepresident of the Royal European Academy of Doctors-Barcelona 1914 (RAED), was recognized with the Plaque of Honor and the Great European Cross of Gold awarded by the European Promotion Foundation during a ceremony held on last March 9th at the Hotel Rey Juan Carlos I in Barcelona. The Grand Cross [&hellip;]<\/p>\n","protected":false},"author":12,"featured_media":69855,"comment_status":"closed","ping_status":"closed","sticky":false,"template":"","format":"standard","meta":{"_et_pb_use_builder":"","_et_pb_old_content":"","_et_gb_content_width":"","footnotes":""},"categories":[167],"tags":[],"class_list":["post-70035","post","type-post","status-publish","format-standard","has-post-thumbnail","hentry","category-prizes-awards-and-appointments","et-has-post-format-content","et_post_format-et-post-format-standard"],"yoast_head":"<!-- This site is optimized with the Yoast SEO plugin v27.4 - https:\/\/yoast.com\/product\/yoast-seo-wordpress\/ -->\n<title>A tribute to philanthropy - Royal European Academy of Doctors<\/title>\n<meta name=\"robots\" content=\"index, follow, max-snippet:-1, max-image-preview:large, max-video-preview:-1\" \/>\n<link rel=\"canonical\" href=\"https:\/\/raed.academy\/en\/a-tribute-to-philanthropy\/\" \/>\n<meta property=\"og:locale\" content=\"en_US\" \/>\n<meta property=\"og:type\" content=\"article\" \/>\n<meta property=\"og:title\" content=\"A tribute to philanthropy - Royal European Academy of Doctors\" \/>\n<meta property=\"og:description\" content=\"Pedro Clar\u00f3s, full academician and vicepresident of the Royal European Academy of Doctors-Barcelona 1914 (RAED), was recognized with the Plaque of Honor and the Great European Cross of Gold awarded by the European Promotion Foundation during a ceremony held on last March 9th at the Hotel Rey Juan Carlos I in Barcelona. The Grand Cross [&hellip;]\" \/>\n<meta property=\"og:url\" content=\"https:\/\/raed.academy\/en\/a-tribute-to-philanthropy\/\" \/>\n<meta property=\"og:site_name\" content=\"Royal European Academy of Doctors\" \/>\n<meta property=\"article:publisher\" content=\"http:\/\/fb.me\/raed.academy\" \/>\n<meta property=\"article:published_time\" content=\"2019-04-03T14:04:14+00:00\" \/>\n<meta property=\"article:modified_time\" content=\"2019-04-08T10:16:31+00:00\" \/>\n<meta property=\"og:image\" content=\"https:\/\/raed.academy\/wp-content\/uploads\/2019\/04\/placa-de-honor-AEFE-a-Pedro-Claros-Blanch-2.jpg\" \/>\n\t<meta property=\"og:image:width\" content=\"800\" \/>\n\t<meta property=\"og:image:height\" content=\"534\" \/>\n\t<meta property=\"og:image:type\" content=\"image\/jpeg\" \/>\n<meta name=\"author\" content=\"RAED\" \/>\n<meta name=\"twitter:card\" content=\"summary_large_image\" \/>\n<meta name=\"twitter:creator\" content=\"@raedacademy\" \/>\n<meta name=\"twitter:site\" content=\"@raedacademy\" \/>\n<meta name=\"twitter:label1\" content=\"Written by\" \/>\n\t<meta name=\"twitter:data1\" content=\"RAED\" \/>\n\t<meta name=\"twitter:label2\" content=\"Est. reading time\" \/>\n\t<meta name=\"twitter:data2\" content=\"1 minute\" \/>\n<script type=\"application\/ld+json\" class=\"yoast-schema-graph\">{\"@context\":\"https:\\\/\\\/schema.org\",\"@graph\":[{\"@type\":\"Article\",\"@id\":\"https:\\\/\\\/raed.academy\\\/en\\\/a-tribute-to-philanthropy\\\/#article\",\"isPartOf\":{\"@id\":\"https:\\\/\\\/raed.academy\\\/en\\\/a-tribute-to-philanthropy\\\/\"},\"author\":{\"name\":\"RAED\",\"@id\":\"https:\\\/\\\/raed.academy\\\/en\\\/#\\\/schema\\\/person\\\/5a755da80d1d979fd66ba745c8702927\"},\"headline\":\"A tribute to philanthropy\",\"datePublished\":\"2019-04-03T14:04:14+00:00\",\"dateModified\":\"2019-04-08T10:16:31+00:00\",\"mainEntityOfPage\":{\"@id\":\"https:\\\/\\\/raed.academy\\\/en\\\/a-tribute-to-philanthropy\\\/\"},\"wordCount\":254,\"publisher\":{\"@id\":\"https:\\\/\\\/raed.academy\\\/en\\\/#organization\"},\"image\":{\"@id\":\"https:\\\/\\\/raed.academy\\\/en\\\/a-tribute-to-philanthropy\\\/#primaryimage\"},\"thumbnailUrl\":\"https:\\\/\\\/raed.academy\\\/wp-content\\\/uploads\\\/2019\\\/04\\\/placa-de-honor-AEFE-a-Pedro-Claros-Blanch-2.jpg\",\"articleSection\":[\"Prizes, awards and appointments\"],\"inLanguage\":\"en-US\"},{\"@type\":\"WebPage\",\"@id\":\"https:\\\/\\\/raed.academy\\\/en\\\/a-tribute-to-philanthropy\\\/\",\"url\":\"https:\\\/\\\/raed.academy\\\/en\\\/a-tribute-to-philanthropy\\\/\",\"name\":\"A tribute to philanthropy - Royal European Academy of Doctors\",\"isPartOf\":{\"@id\":\"https:\\\/\\\/raed.academy\\\/en\\\/#website\"},\"primaryImageOfPage\":{\"@id\":\"https:\\\/\\\/raed.academy\\\/en\\\/a-tribute-to-philanthropy\\\/#primaryimage\"},\"image\":{\"@id\":\"https:\\\/\\\/raed.academy\\\/en\\\/a-tribute-to-philanthropy\\\/#primaryimage\"},\"thumbnailUrl\":\"https:\\\/\\\/raed.academy\\\/wp-content\\\/uploads\\\/2019\\\/04\\\/placa-de-honor-AEFE-a-Pedro-Claros-Blanch-2.jpg\",\"datePublished\":\"2019-04-03T14:04:14+00:00\",\"dateModified\":\"2019-04-08T10:16:31+00:00\",\"breadcrumb\":{\"@id\":\"https:\\\/\\\/raed.academy\\\/en\\\/a-tribute-to-philanthropy\\\/#breadcrumb\"},\"inLanguage\":\"en-US\",\"potentialAction\":[{\"@type\":\"ReadAction\",\"target\":[\"https:\\\/\\\/raed.academy\\\/en\\\/a-tribute-to-philanthropy\\\/\"]}]},{\"@type\":\"ImageObject\",\"inLanguage\":\"en-US\",\"@id\":\"https:\\\/\\\/raed.academy\\\/en\\\/a-tribute-to-philanthropy\\\/#primaryimage\",\"url\":\"https:\\\/\\\/raed.academy\\\/wp-content\\\/uploads\\\/2019\\\/04\\\/placa-de-honor-AEFE-a-Pedro-Claros-Blanch-2.jpg\",\"contentUrl\":\"https:\\\/\\\/raed.academy\\\/wp-content\\\/uploads\\\/2019\\\/04\\\/placa-de-honor-AEFE-a-Pedro-Claros-Blanch-2.jpg\",\"width\":800,\"height\":534,\"caption\":\"placa de hono AEFE a Pedro Claros Blanch\"},{\"@type\":\"BreadcrumbList\",\"@id\":\"https:\\\/\\\/raed.academy\\\/en\\\/a-tribute-to-philanthropy\\\/#breadcrumb\",\"itemListElement\":[{\"@type\":\"ListItem\",\"position\":1,\"name\":\"Inicio\",\"item\":\"https:\\\/\\\/raed.academy\\\/en\\\/\"},{\"@type\":\"ListItem\",\"position\":2,\"name\":\"A tribute to philanthropy\"}]},{\"@type\":\"WebSite\",\"@id\":\"https:\\\/\\\/raed.academy\\\/en\\\/#website\",\"url\":\"https:\\\/\\\/raed.academy\\\/en\\\/\",\"name\":\"Royal European Academy of Doctors\",\"description\":\"Corporaci\u00f3n de derecho p\u00fablico de car\u00e1cter cient\u00edfico, t\u00e9cnico y art\u00edstico, que tiene por objeto la investigaci\u00f3n, el estudio, el fomento y la extensi\u00f3n del conocimiento en su sentido m\u00e1s amplio.\",\"publisher\":{\"@id\":\"https:\\\/\\\/raed.academy\\\/en\\\/#organization\"},\"potentialAction\":[{\"@type\":\"SearchAction\",\"target\":{\"@type\":\"EntryPoint\",\"urlTemplate\":\"https:\\\/\\\/raed.academy\\\/en\\\/?s={search_term_string}\"},\"query-input\":{\"@type\":\"PropertyValueSpecification\",\"valueRequired\":true,\"valueName\":\"search_term_string\"}}],\"inLanguage\":\"en-US\"},{\"@type\":\"Organization\",\"@id\":\"https:\\\/\\\/raed.academy\\\/en\\\/#organization\",\"name\":\"Real Academia Europea de Doctores\",\"url\":\"https:\\\/\\\/raed.academy\\\/en\\\/\",\"logo\":{\"@type\":\"ImageObject\",\"inLanguage\":\"en-US\",\"@id\":\"https:\\\/\\\/raed.academy\\\/en\\\/#\\\/schema\\\/logo\\\/image\\\/\",\"url\":\"https:\\\/\\\/raed.academy\\\/wp-content\\\/uploads\\\/2017\\\/01\\\/cropped-logo_raed.png\",\"contentUrl\":\"https:\\\/\\\/raed.academy\\\/wp-content\\\/uploads\\\/2017\\\/01\\\/cropped-logo_raed.png\",\"width\":512,\"height\":512,\"caption\":\"Real Academia Europea de Doctores\"},\"image\":{\"@id\":\"https:\\\/\\\/raed.academy\\\/en\\\/#\\\/schema\\\/logo\\\/image\\\/\"},\"sameAs\":[\"http:\\\/\\\/fb.me\\\/raed.academy\",\"https:\\\/\\\/x.com\\\/raedacademy\",\"https:\\\/\\\/www.instagram.com\\\/raed.academy\\\/\",\"https:\\\/\\\/www.youtube.com\\\/channel\\\/UCUYQwW2KrdirNWihxMDObwg\"]},{\"@type\":\"Person\",\"@id\":\"https:\\\/\\\/raed.academy\\\/en\\\/#\\\/schema\\\/person\\\/5a755da80d1d979fd66ba745c8702927\",\"name\":\"RAED\",\"image\":{\"@type\":\"ImageObject\",\"inLanguage\":\"en-US\",\"@id\":\"https:\\\/\\\/secure.gravatar.com\\\/avatar\\\/19fdfdc0d67fb9c45714b703a2ac82251c4fcea3637f002ac3c9b74c0183583c?s=96&d=mm&r=g\",\"url\":\"https:\\\/\\\/secure.gravatar.com\\\/avatar\\\/19fdfdc0d67fb9c45714b703a2ac82251c4fcea3637f002ac3c9b74c0183583c?s=96&d=mm&r=g\",\"contentUrl\":\"https:\\\/\\\/secure.gravatar.com\\\/avatar\\\/19fdfdc0d67fb9c45714b703a2ac82251c4fcea3637f002ac3c9b74c0183583c?s=96&d=mm&r=g\",\"caption\":\"RAED\"}}]}<\/script>\n<!-- \/ Yoast SEO plugin. -->","yoast_head_json":{"title":"A tribute to philanthropy - Royal European Academy of Doctors","robots":{"index":"index","follow":"follow","max-snippet":"max-snippet:-1","max-image-preview":"max-image-preview:large","max-video-preview":"max-video-preview:-1"},"canonical":"https:\/\/raed.academy\/en\/a-tribute-to-philanthropy\/","og_locale":"en_US","og_type":"article","og_title":"A tribute to philanthropy - Royal European Academy of Doctors","og_description":"Pedro Clar\u00f3s, full academician and vicepresident of the Royal European Academy of Doctors-Barcelona 1914 (RAED), was recognized with the Plaque of Honor and the Great European Cross of Gold awarded by the European Promotion Foundation during a ceremony held on last March 9th at the Hotel Rey Juan Carlos I in Barcelona. The Grand Cross [&hellip;]","og_url":"https:\/\/raed.academy\/en\/a-tribute-to-philanthropy\/","og_site_name":"Royal European Academy of Doctors","article_publisher":"http:\/\/fb.me\/raed.academy","article_published_time":"2019-04-03T14:04:14+00:00","article_modified_time":"2019-04-08T10:16:31+00:00","og_image":[{"width":800,"height":534,"url":"https:\/\/raed.academy\/wp-content\/uploads\/2019\/04\/placa-de-honor-AEFE-a-Pedro-Claros-Blanch-2.jpg","type":"image\/jpeg"}],"author":"RAED","twitter_card":"summary_large_image","twitter_creator":"@raedacademy","twitter_site":"@raedacademy","twitter_misc":{"Written by":"RAED","Est. reading time":"1 minute"},"schema":{"@context":"https:\/\/schema.org","@graph":[{"@type":"Article","@id":"https:\/\/raed.academy\/en\/a-tribute-to-philanthropy\/#article","isPartOf":{"@id":"https:\/\/raed.academy\/en\/a-tribute-to-philanthropy\/"},"author":{"name":"RAED","@id":"https:\/\/raed.academy\/en\/#\/schema\/person\/5a755da80d1d979fd66ba745c8702927"},"headline":"A tribute to philanthropy","datePublished":"2019-04-03T14:04:14+00:00","dateModified":"2019-04-08T10:16:31+00:00","mainEntityOfPage":{"@id":"https:\/\/raed.academy\/en\/a-tribute-to-philanthropy\/"},"wordCount":254,"publisher":{"@id":"https:\/\/raed.academy\/en\/#organization"},"image":{"@id":"https:\/\/raed.academy\/en\/a-tribute-to-philanthropy\/#primaryimage"},"thumbnailUrl":"https:\/\/raed.academy\/wp-content\/uploads\/2019\/04\/placa-de-honor-AEFE-a-Pedro-Claros-Blanch-2.jpg","articleSection":["Prizes, awards and appointments"],"inLanguage":"en-US"},{"@type":"WebPage","@id":"https:\/\/raed.academy\/en\/a-tribute-to-philanthropy\/","url":"https:\/\/raed.academy\/en\/a-tribute-to-philanthropy\/","name":"A tribute to philanthropy - Royal European Academy of Doctors","isPartOf":{"@id":"https:\/\/raed.academy\/en\/#website"},"primaryImageOfPage":{"@id":"https:\/\/raed.academy\/en\/a-tribute-to-philanthropy\/#primaryimage"},"image":{"@id":"https:\/\/raed.academy\/en\/a-tribute-to-philanthropy\/#primaryimage"},"thumbnailUrl":"https:\/\/raed.academy\/wp-content\/uploads\/2019\/04\/placa-de-honor-AEFE-a-Pedro-Claros-Blanch-2.jpg","datePublished":"2019-04-03T14:04:14+00:00","dateModified":"2019-04-08T10:16:31+00:00","breadcrumb":{"@id":"https:\/\/raed.academy\/en\/a-tribute-to-philanthropy\/#breadcrumb"},"inLanguage":"en-US","potentialAction":[{"@type":"ReadAction","target":["https:\/\/raed.academy\/en\/a-tribute-to-philanthropy\/"]}]},{"@type":"ImageObject","inLanguage":"en-US","@id":"https:\/\/raed.academy\/en\/a-tribute-to-philanthropy\/#primaryimage","url":"https:\/\/raed.academy\/wp-content\/uploads\/2019\/04\/placa-de-honor-AEFE-a-Pedro-Claros-Blanch-2.jpg","contentUrl":"https:\/\/raed.academy\/wp-content\/uploads\/2019\/04\/placa-de-honor-AEFE-a-Pedro-Claros-Blanch-2.jpg","width":800,"height":534,"caption":"placa de hono AEFE a Pedro Claros Blanch"},{"@type":"BreadcrumbList","@id":"https:\/\/raed.academy\/en\/a-tribute-to-philanthropy\/#breadcrumb","itemListElement":[{"@type":"ListItem","position":1,"name":"Inicio","item":"https:\/\/raed.academy\/en\/"},{"@type":"ListItem","position":2,"name":"A tribute to philanthropy"}]},{"@type":"WebSite","@id":"https:\/\/raed.academy\/en\/#website","url":"https:\/\/raed.academy\/en\/","name":"Royal European Academy of Doctors","description":"Corporaci\u00f3n de derecho p\u00fablico de car\u00e1cter cient\u00edfico, t\u00e9cnico y art\u00edstico, que tiene por objeto la investigaci\u00f3n, el estudio, el fomento y la extensi\u00f3n del conocimiento en su sentido m\u00e1s amplio.","publisher":{"@id":"https:\/\/raed.academy\/en\/#organization"},"potentialAction":[{"@type":"SearchAction","target":{"@type":"EntryPoint","urlTemplate":"https:\/\/raed.academy\/en\/?s={search_term_string}"},"query-input":{"@type":"PropertyValueSpecification","valueRequired":true,"valueName":"search_term_string"}}],"inLanguage":"en-US"},{"@type":"Organization","@id":"https:\/\/raed.academy\/en\/#organization","name":"Real Academia Europea de Doctores","url":"https:\/\/raed.academy\/en\/","logo":{"@type":"ImageObject","inLanguage":"en-US","@id":"https:\/\/raed.academy\/en\/#\/schema\/logo\/image\/","url":"https:\/\/raed.academy\/wp-content\/uploads\/2017\/01\/cropped-logo_raed.png","contentUrl":"https:\/\/raed.academy\/wp-content\/uploads\/2017\/01\/cropped-logo_raed.png","width":512,"height":512,"caption":"Real Academia Europea de Doctores"},"image":{"@id":"https:\/\/raed.academy\/en\/#\/schema\/logo\/image\/"},"sameAs":["http:\/\/fb.me\/raed.academy","https:\/\/x.com\/raedacademy","https:\/\/www.instagram.com\/raed.academy\/","https:\/\/www.youtube.com\/channel\/UCUYQwW2KrdirNWihxMDObwg"]},{"@type":"Person","@id":"https:\/\/raed.academy\/en\/#\/schema\/person\/5a755da80d1d979fd66ba745c8702927","name":"RAED","image":{"@type":"ImageObject","inLanguage":"en-US","@id":"https:\/\/secure.gravatar.com\/avatar\/19fdfdc0d67fb9c45714b703a2ac82251c4fcea3637f002ac3c9b74c0183583c?s=96&d=mm&r=g","url":"https:\/\/secure.gravatar.com\/avatar\/19fdfdc0d67fb9c45714b703a2ac82251c4fcea3637f002ac3c9b74c0183583c?s=96&d=mm&r=g","contentUrl":"https:\/\/secure.gravatar.com\/avatar\/19fdfdc0d67fb9c45714b703a2ac82251c4fcea3637f002ac3c9b74c0183583c?s=96&d=mm&r=g","caption":"RAED"}}]}},"_links":{"self":[{"href":"https:\/\/raed.academy\/en\/wp-json\/wp\/v2\/posts\/70035","targetHints":{"allow":["GET"]}}],"collection":[{"href":"https:\/\/raed.academy\/en\/wp-json\/wp\/v2\/posts"}],"about":[{"href":"https:\/\/raed.academy\/en\/wp-json\/wp\/v2\/types\/post"}],"author":[{"embeddable":true,"href":"https:\/\/raed.academy\/en\/wp-json\/wp\/v2\/users\/12"}],"replies":[{"embeddable":true,"href":"https:\/\/raed.academy\/en\/wp-json\/wp\/v2\/comments?post=70035"}],"version-history":[{"count":0,"href":"https:\/\/raed.academy\/en\/wp-json\/wp\/v2\/posts\/70035\/revisions"}],"wp:featuredmedia":[{"embeddable":true,"href":"https:\/\/raed.academy\/en\/wp-json\/wp\/v2\/media\/69855"}],"wp:attachment":[{"href":"https:\/\/raed.academy\/en\/wp-json\/wp\/v2\/media?parent=70035"}],"wp:term":[{"taxonomy":"category","embeddable":true,"href":"https:\/\/raed.academy\/en\/wp-json\/wp\/v2\/categories?post=70035"},{"taxonomy":"post_tag","embeddable":true,"href":"https:\/\/raed.academy\/en\/wp-json\/wp\/v2\/tags?post=70035"}],"curies":[{"name":"wp","href":"https:\/\/api.w.org\/{rel}","templated":true}]}}