{"id":6977,"date":"2016-06-21T12:17:30","date_gmt":"2016-06-21T12:17:30","guid":{"rendered":"http:\/\/radd.eu\/?p=6977"},"modified":"2017-05-15T14:22:56","modified_gmt":"2017-05-15T14:22:56","slug":"photo-gallery-of-royal-european-academy-of-doctorss-summer-dinner","status":"publish","type":"post","link":"https:\/\/raed.academy\/en\/photo-gallery-of-royal-european-academy-of-doctorss-summer-dinner\/","title":{"rendered":"Photo Gallery of the Royal European Academy of Doctors&#8217;s summer dinner"},"content":{"rendered":"<h3><span class=\"\" lang=\"en\"><span class=\"\">More than 200<\/span> people, half of them academicians and leading figures from academic world, <span class=\"\">attended the<\/span> summer dinner of the <strong>Royal Europan Academy of Doctors-Barcelona <span class=\"\">1914<\/span><\/strong> (RAED) held at<\/span> <a href=\"http:\/\/www.circuloecuestre.es\/\" target=\"_blank\" rel=\"noopener noreferrer\"><strong>C\u00edrculo Ecuestre<\/strong><\/a> of<span class=\"\" lang=\"en\"> Barcelona on June 8th upon receptian as honoraries members of <strong>Eric Maskin<\/strong>, <span title=\"RAED) de Erik Maskin, premio Nobel de Econom\u00eda en 2007;\">Nobel prize in Economics in 2007; <\/span><span title=\"Ernesto Kahan, premio Nobel de la Paz en 1995;\"><strong>Ernesto Kahan<\/strong>, Nobel Peace prize in 1995; <\/span><span title=\"Rosal\u00eda Arteaga, expresidenta de Ecuador, y Leslie Griffith, directora del Benjamin and Mae Volen National Center, en el que ser\u00e1 uno de los mayores actos organizados por la RAED en su centenaria historia. \"><strong>Rosal\u00eda Arteaga<\/strong>, former president of Ecuador, and <strong>Leslie Griffith<\/strong>, director of <\/span><\/span><a href=\"http:\/\/www.bio.brandeis.edu\/volen\/\" target=\"_blank\" rel=\"noopener noreferrer\"><strong>Benjamin and Mae Volen National Center<\/strong><\/a><span id=\"result_box\" class=\"\" lang=\"en\"><\/span>.<\/h3>\n<p style=\"text-align: center;\"><a href=\"http:\/\/raed.academy\/wp-content\/uploads\/2016\/06\/cenaverano2016-20.jpg\"><img loading=\"lazy\" decoding=\"async\" class=\"alignnone size-medium wp-image-6951\" src=\"http:\/\/raed.academy\/wp-content\/uploads\/2016\/06\/cenaverano2016-20-300x200.jpg\" alt=\"cenaverano2016-20\" width=\"300\" height=\"200\" srcset=\"https:\/\/raed.academy\/wp-content\/uploads\/2016\/06\/cenaverano2016-20-300x200.jpg 300w, https:\/\/raed.academy\/wp-content\/uploads\/2016\/06\/cenaverano2016-20-768x512.jpg 768w, https:\/\/raed.academy\/wp-content\/uploads\/2016\/06\/cenaverano2016-20.jpg 800w\" sizes=\"(max-width: 300px) 100vw, 300px\" \/><\/a><\/p>\n<p style=\"text-align: center;\"><a href=\"http:\/\/raed.academy\/wp-content\/uploads\/2016\/06\/cenaverano2016-19.jpg\"><img loading=\"lazy\" decoding=\"async\" class=\"alignnone size-medium wp-image-6952\" src=\"http:\/\/raed.academy\/wp-content\/uploads\/2016\/06\/cenaverano2016-19-300x200.jpg\" alt=\"cenaverano2016-19\" width=\"300\" height=\"200\" srcset=\"https:\/\/raed.academy\/wp-content\/uploads\/2016\/06\/cenaverano2016-19-300x200.jpg 300w, https:\/\/raed.academy\/wp-content\/uploads\/2016\/06\/cenaverano2016-19-768x512.jpg 768w, https:\/\/raed.academy\/wp-content\/uploads\/2016\/06\/cenaverano2016-19.jpg 800w\" sizes=\"(max-width: 300px) 100vw, 300px\" \/><\/a><\/p>\n<p style=\"text-align: center;\"><a href=\"http:\/\/raed.academy\/wp-content\/uploads\/2016\/06\/cenaverano2016-18.jpg\"><img loading=\"lazy\" decoding=\"async\" class=\"alignnone size-medium wp-image-6953\" src=\"http:\/\/raed.academy\/wp-content\/uploads\/2016\/06\/cenaverano2016-18-300x204.jpg\" alt=\"cenaverano2016-18\" width=\"300\" height=\"204\" srcset=\"https:\/\/raed.academy\/wp-content\/uploads\/2016\/06\/cenaverano2016-18-300x204.jpg 300w, https:\/\/raed.academy\/wp-content\/uploads\/2016\/06\/cenaverano2016-18.jpg 669w\" sizes=\"(max-width: 300px) 100vw, 300px\" \/><\/a><\/p>\n<p style=\"text-align: center;\"><a href=\"http:\/\/raed.academy\/wp-content\/uploads\/2016\/06\/cenaverano2016-17.jpg\"><img loading=\"lazy\" decoding=\"async\" class=\"alignnone size-medium wp-image-6954\" src=\"http:\/\/raed.academy\/wp-content\/uploads\/2016\/06\/cenaverano2016-17-300x227.jpg\" alt=\"cenaverano2016-17\" width=\"300\" height=\"227\" srcset=\"https:\/\/raed.academy\/wp-content\/uploads\/2016\/06\/cenaverano2016-17-300x227.jpg 300w, https:\/\/raed.academy\/wp-content\/uploads\/2016\/06\/cenaverano2016-17.jpg 641w\" sizes=\"(max-width: 300px) 100vw, 300px\" \/><\/a><\/p>\n<p style=\"text-align: center;\"><a href=\"http:\/\/raed.academy\/wp-content\/uploads\/2016\/06\/cenaverano2016-16.jpg\"><img loading=\"lazy\" decoding=\"async\" class=\"alignnone size-medium wp-image-6955\" src=\"http:\/\/raed.academy\/wp-content\/uploads\/2016\/06\/cenaverano2016-16-300x200.jpg\" alt=\"cenaverano2016-16\" width=\"300\" height=\"200\" srcset=\"https:\/\/raed.academy\/wp-content\/uploads\/2016\/06\/cenaverano2016-16-300x200.jpg 300w, https:\/\/raed.academy\/wp-content\/uploads\/2016\/06\/cenaverano2016-16-768x512.jpg 768w, https:\/\/raed.academy\/wp-content\/uploads\/2016\/06\/cenaverano2016-16.jpg 800w\" sizes=\"(max-width: 300px) 100vw, 300px\" \/><\/a><\/p>\n<p style=\"text-align: center;\"><a href=\"http:\/\/raed.academy\/wp-content\/uploads\/2016\/06\/cenaverano2016-15.jpg\"><img loading=\"lazy\" decoding=\"async\" class=\"alignnone size-medium wp-image-6956\" src=\"http:\/\/raed.academy\/wp-content\/uploads\/2016\/06\/cenaverano2016-15-300x200.jpg\" alt=\"cenaverano2016-15\" width=\"300\" height=\"200\" srcset=\"https:\/\/raed.academy\/wp-content\/uploads\/2016\/06\/cenaverano2016-15-300x200.jpg 300w, https:\/\/raed.academy\/wp-content\/uploads\/2016\/06\/cenaverano2016-15-768x512.jpg 768w, https:\/\/raed.academy\/wp-content\/uploads\/2016\/06\/cenaverano2016-15.jpg 800w\" sizes=\"(max-width: 300px) 100vw, 300px\" \/><\/a><\/p>\n<p style=\"text-align: center;\"><a href=\"http:\/\/raed.academy\/wp-content\/uploads\/2016\/06\/cenaverano2016-14.jpg\"><img loading=\"lazy\" decoding=\"async\" class=\"alignnone size-medium wp-image-6959\" src=\"http:\/\/raed.academy\/wp-content\/uploads\/2016\/06\/cenaverano2016-14-300x231.jpg\" alt=\"cenaverano2016-14\" width=\"300\" height=\"231\" srcset=\"https:\/\/raed.academy\/wp-content\/uploads\/2016\/06\/cenaverano2016-14-300x231.jpg 300w, https:\/\/raed.academy\/wp-content\/uploads\/2016\/06\/cenaverano2016-14-180x138.jpg 180w, https:\/\/raed.academy\/wp-content\/uploads\/2016\/06\/cenaverano2016-14.jpg 585w\" sizes=\"(max-width: 300px) 100vw, 300px\" \/><\/a><\/p>\n<p style=\"text-align: center;\"><a href=\"http:\/\/raed.academy\/wp-content\/uploads\/2016\/06\/cenaverano2016-13.jpg\"><img loading=\"lazy\" decoding=\"async\" class=\"alignnone size-medium wp-image-6960\" src=\"http:\/\/raed.academy\/wp-content\/uploads\/2016\/06\/cenaverano2016-13-300x200.jpg\" alt=\"cenaverano2016-13\" width=\"300\" height=\"200\" srcset=\"https:\/\/raed.academy\/wp-content\/uploads\/2016\/06\/cenaverano2016-13-300x200.jpg 300w, https:\/\/raed.academy\/wp-content\/uploads\/2016\/06\/cenaverano2016-13-768x512.jpg 768w, https:\/\/raed.academy\/wp-content\/uploads\/2016\/06\/cenaverano2016-13.jpg 800w\" sizes=\"(max-width: 300px) 100vw, 300px\" \/><\/a><\/p>\n<p style=\"text-align: center;\"><a href=\"http:\/\/raed.academy\/wp-content\/uploads\/2016\/06\/cenaverano2016-12.jpg\"><img loading=\"lazy\" decoding=\"async\" class=\"alignnone size-medium wp-image-6961\" src=\"http:\/\/raed.academy\/wp-content\/uploads\/2016\/06\/cenaverano2016-12-300x200.jpg\" alt=\"cenaverano2016-12\" width=\"300\" height=\"200\" srcset=\"https:\/\/raed.academy\/wp-content\/uploads\/2016\/06\/cenaverano2016-12-300x200.jpg 300w, https:\/\/raed.academy\/wp-content\/uploads\/2016\/06\/cenaverano2016-12-768x512.jpg 768w, https:\/\/raed.academy\/wp-content\/uploads\/2016\/06\/cenaverano2016-12.jpg 800w\" sizes=\"(max-width: 300px) 100vw, 300px\" \/><\/a><\/p>\n<p style=\"text-align: center;\"><a href=\"http:\/\/raed.academy\/wp-content\/uploads\/2016\/06\/cenaverano2016-11.jpg\"><img loading=\"lazy\" decoding=\"async\" class=\"alignnone size-medium wp-image-6962\" src=\"http:\/\/raed.academy\/wp-content\/uploads\/2016\/06\/cenaverano2016-11-300x230.jpg\" alt=\"cenaverano2016-11\" width=\"300\" height=\"230\" srcset=\"https:\/\/raed.academy\/wp-content\/uploads\/2016\/06\/cenaverano2016-11-300x230.jpg 300w, https:\/\/raed.academy\/wp-content\/uploads\/2016\/06\/cenaverano2016-11-180x138.jpg 180w, https:\/\/raed.academy\/wp-content\/uploads\/2016\/06\/cenaverano2016-11.jpg 653w\" sizes=\"(max-width: 300px) 100vw, 300px\" \/><\/a><\/p>\n<p style=\"text-align: center;\"><a href=\"http:\/\/raed.academy\/wp-content\/uploads\/2016\/06\/cenaverano2016-10.jpg\"><img loading=\"lazy\" decoding=\"async\" class=\"alignnone size-medium wp-image-6963\" src=\"http:\/\/raed.academy\/wp-content\/uploads\/2016\/06\/cenaverano2016-10-300x239.jpg\" alt=\"cenaverano2016-10\" width=\"300\" height=\"239\" srcset=\"https:\/\/raed.academy\/wp-content\/uploads\/2016\/06\/cenaverano2016-10-300x239.jpg 300w, https:\/\/raed.academy\/wp-content\/uploads\/2016\/06\/cenaverano2016-10-177x142.jpg 177w, https:\/\/raed.academy\/wp-content\/uploads\/2016\/06\/cenaverano2016-10-147x118.jpg 147w, https:\/\/raed.academy\/wp-content\/uploads\/2016\/06\/cenaverano2016-10.jpg 659w\" sizes=\"(max-width: 300px) 100vw, 300px\" \/><\/a><\/p>\n<p style=\"text-align: center;\"><a href=\"http:\/\/raed.academy\/wp-content\/uploads\/2016\/06\/cenaverano2016-09.jpg\"><img loading=\"lazy\" decoding=\"async\" class=\"alignnone size-medium wp-image-6964\" src=\"http:\/\/raed.academy\/wp-content\/uploads\/2016\/06\/cenaverano2016-09-300x200.jpg\" alt=\"cenaverano2016-09\" width=\"300\" height=\"200\" srcset=\"https:\/\/raed.academy\/wp-content\/uploads\/2016\/06\/cenaverano2016-09-300x200.jpg 300w, https:\/\/raed.academy\/wp-content\/uploads\/2016\/06\/cenaverano2016-09-768x512.jpg 768w, https:\/\/raed.academy\/wp-content\/uploads\/2016\/06\/cenaverano2016-09.jpg 800w\" sizes=\"(max-width: 300px) 100vw, 300px\" \/><\/a><\/p>\n<p style=\"text-align: center;\"><a href=\"http:\/\/raed.academy\/wp-content\/uploads\/2016\/06\/cenaverano2016-08.jpg\"><img loading=\"lazy\" decoding=\"async\" class=\"alignnone size-medium wp-image-6965\" src=\"http:\/\/raed.academy\/wp-content\/uploads\/2016\/06\/cenaverano2016-08-300x200.jpg\" alt=\"cenaverano2016-08\" width=\"300\" height=\"200\" srcset=\"https:\/\/raed.academy\/wp-content\/uploads\/2016\/06\/cenaverano2016-08-300x200.jpg 300w, https:\/\/raed.academy\/wp-content\/uploads\/2016\/06\/cenaverano2016-08-768x512.jpg 768w, https:\/\/raed.academy\/wp-content\/uploads\/2016\/06\/cenaverano2016-08.jpg 800w\" sizes=\"(max-width: 300px) 100vw, 300px\" \/><\/a><\/p>\n<p style=\"text-align: center;\"><a href=\"http:\/\/raed.academy\/wp-content\/uploads\/2016\/06\/cenaverano2016-07.jpg\"><img loading=\"lazy\" decoding=\"async\" class=\"alignnone size-medium wp-image-6966\" src=\"http:\/\/raed.academy\/wp-content\/uploads\/2016\/06\/cenaverano2016-07-300x191.jpg\" alt=\"cenaverano2016-07\" width=\"300\" height=\"191\" srcset=\"https:\/\/raed.academy\/wp-content\/uploads\/2016\/06\/cenaverano2016-07-300x191.jpg 300w, https:\/\/raed.academy\/wp-content\/uploads\/2016\/06\/cenaverano2016-07-460x295.jpg 460w, https:\/\/raed.academy\/wp-content\/uploads\/2016\/06\/cenaverano2016-07.jpg 698w\" sizes=\"(max-width: 300px) 100vw, 300px\" \/><\/a><\/p>\n<p style=\"text-align: center;\"><a href=\"http:\/\/raed.academy\/wp-content\/uploads\/2016\/06\/cenaverano2016-06.jpg\"><img loading=\"lazy\" decoding=\"async\" class=\"alignnone size-medium wp-image-6967\" src=\"http:\/\/raed.academy\/wp-content\/uploads\/2016\/06\/cenaverano2016-06-300x200.jpg\" alt=\"cenaverano2016-06\" width=\"300\" height=\"200\" srcset=\"https:\/\/raed.academy\/wp-content\/uploads\/2016\/06\/cenaverano2016-06-300x200.jpg 300w, https:\/\/raed.academy\/wp-content\/uploads\/2016\/06\/cenaverano2016-06-768x512.jpg 768w, https:\/\/raed.academy\/wp-content\/uploads\/2016\/06\/cenaverano2016-06.jpg 800w\" sizes=\"(max-width: 300px) 100vw, 300px\" \/><\/a><\/p>\n<p style=\"text-align: center;\"><a href=\"http:\/\/raed.academy\/wp-content\/uploads\/2016\/06\/cenaverano2016-05.jpg\"><img loading=\"lazy\" decoding=\"async\" class=\"alignnone size-medium wp-image-6968\" src=\"http:\/\/raed.academy\/wp-content\/uploads\/2016\/06\/cenaverano2016-05-300x230.jpg\" alt=\"cenaverano2016-05\" width=\"300\" height=\"230\" srcset=\"https:\/\/raed.academy\/wp-content\/uploads\/2016\/06\/cenaverano2016-05-300x230.jpg 300w, https:\/\/raed.academy\/wp-content\/uploads\/2016\/06\/cenaverano2016-05-180x138.jpg 180w, https:\/\/raed.academy\/wp-content\/uploads\/2016\/06\/cenaverano2016-05.jpg 682w\" sizes=\"(max-width: 300px) 100vw, 300px\" \/><\/a><\/p>\n<p style=\"text-align: center;\"><a href=\"http:\/\/raed.academy\/wp-content\/uploads\/2016\/06\/cenaverano2016-03.jpg\"><img loading=\"lazy\" decoding=\"async\" class=\"alignnone size-medium wp-image-6969\" src=\"http:\/\/raed.academy\/wp-content\/uploads\/2016\/06\/cenaverano2016-03-300x200.jpg\" alt=\"cenaverano2016-03\" width=\"300\" height=\"200\" srcset=\"https:\/\/raed.academy\/wp-content\/uploads\/2016\/06\/cenaverano2016-03-300x200.jpg 300w, https:\/\/raed.academy\/wp-content\/uploads\/2016\/06\/cenaverano2016-03-768x512.jpg 768w, https:\/\/raed.academy\/wp-content\/uploads\/2016\/06\/cenaverano2016-03.jpg 800w\" sizes=\"(max-width: 300px) 100vw, 300px\" \/><\/a><\/p>\n<p style=\"text-align: center;\"><a href=\"http:\/\/raed.academy\/wp-content\/uploads\/2016\/06\/cenaverano2016-02.jpg\"><img loading=\"lazy\" decoding=\"async\" class=\"alignnone size-medium wp-image-6970\" src=\"http:\/\/raed.academy\/wp-content\/uploads\/2016\/06\/cenaverano2016-02-300x179.jpg\" alt=\"cenaverano2016-02\" width=\"300\" height=\"179\" srcset=\"https:\/\/raed.academy\/wp-content\/uploads\/2016\/06\/cenaverano2016-02-300x179.jpg 300w, https:\/\/raed.academy\/wp-content\/uploads\/2016\/06\/cenaverano2016-02.jpg 760w\" sizes=\"(max-width: 300px) 100vw, 300px\" \/><\/a><\/p>\n<p style=\"text-align: center;\"><a href=\"http:\/\/raed.academy\/wp-content\/uploads\/2016\/06\/cenaverano2016-01.jpg\"><img loading=\"lazy\" decoding=\"async\" class=\"alignnone size-medium wp-image-6971\" src=\"http:\/\/raed.academy\/wp-content\/uploads\/2016\/06\/cenaverano2016-01-300x190.jpg\" alt=\"cenaverano2016-01\" width=\"300\" height=\"190\" srcset=\"https:\/\/raed.academy\/wp-content\/uploads\/2016\/06\/cenaverano2016-01-300x190.jpg 300w, https:\/\/raed.academy\/wp-content\/uploads\/2016\/06\/cenaverano2016-01-320x202.jpg 320w, https:\/\/raed.academy\/wp-content\/uploads\/2016\/06\/cenaverano2016-01-700x441.jpg 700w, https:\/\/raed.academy\/wp-content\/uploads\/2016\/06\/cenaverano2016-01.jpg 719w\" sizes=\"(max-width: 300px) 100vw, 300px\" \/><\/a><\/p>\n","protected":false},"excerpt":{"rendered":"<p>More than 200 people, half of them academicians and leading figures from academic world, attended the summer dinner of the Royal Europan Academy of Doctors-Barcelona 1914 (RAED) held at C\u00edrculo Ecuestre of Barcelona on June 8th upon receptian as honoraries members of Eric Maskin, Nobel prize in Economics in 2007; Ernesto Kahan, Nobel Peace prize [&hellip;]<\/p>\n","protected":false},"author":12,"featured_media":0,"comment_status":"closed","ping_status":"closed","sticky":false,"template":"","format":"standard","meta":{"_et_pb_use_builder":"","_et_pb_old_content":"","_et_gb_content_width":"","footnotes":""},"categories":[67],"tags":[],"class_list":["post-6977","post","type-post","status-publish","format-standard","hentry","category-uncategorized-6","et-doesnt-have-format-content","et_post_format-et-post-format-standard"],"yoast_head":"<!-- This site is optimized with the Yoast SEO plugin v27.4 - https:\/\/yoast.com\/product\/yoast-seo-wordpress\/ -->\n<title>Photo Gallery of the Royal European Academy of Doctors&#039;s summer dinner - Royal European Academy of Doctors<\/title>\n<meta name=\"robots\" content=\"index, follow, max-snippet:-1, max-image-preview:large, max-video-preview:-1\" \/>\n<link rel=\"canonical\" href=\"https:\/\/raed.academy\/en\/photo-gallery-of-royal-european-academy-of-doctorss-summer-dinner\/\" \/>\n<meta property=\"og:locale\" content=\"en_US\" \/>\n<meta property=\"og:type\" content=\"article\" \/>\n<meta property=\"og:title\" content=\"Photo Gallery of the Royal European Academy of Doctors&#039;s summer dinner - Royal European Academy of Doctors\" \/>\n<meta property=\"og:description\" content=\"More than 200 people, half of them academicians and leading figures from academic world, attended the summer dinner of the Royal Europan Academy of Doctors-Barcelona 1914 (RAED) held at C\u00edrculo Ecuestre of Barcelona on June 8th upon receptian as honoraries members of Eric Maskin, Nobel prize in Economics in 2007; Ernesto Kahan, Nobel Peace prize [&hellip;]\" \/>\n<meta property=\"og:url\" content=\"https:\/\/raed.academy\/en\/photo-gallery-of-royal-european-academy-of-doctorss-summer-dinner\/\" \/>\n<meta property=\"og:site_name\" content=\"Royal European Academy of Doctors\" \/>\n<meta property=\"article:publisher\" content=\"http:\/\/fb.me\/raed.academy\" \/>\n<meta property=\"article:published_time\" content=\"2016-06-21T12:17:30+00:00\" \/>\n<meta property=\"article:modified_time\" content=\"2017-05-15T14:22:56+00:00\" \/>\n<meta property=\"og:image\" content=\"http:\/\/raed.academy\/wp-content\/uploads\/2016\/06\/cenaverano2016-20-300x200.jpg\" \/>\n<meta name=\"author\" content=\"RAED\" \/>\n<meta name=\"twitter:card\" content=\"summary_large_image\" \/>\n<meta name=\"twitter:creator\" content=\"@raedacademy\" \/>\n<meta name=\"twitter:site\" content=\"@raedacademy\" \/>\n<meta name=\"twitter:label1\" content=\"Written by\" \/>\n\t<meta name=\"twitter:data1\" content=\"RAED\" \/>\n<script type=\"application\/ld+json\" class=\"yoast-schema-graph\">{\"@context\":\"https:\\\/\\\/schema.org\",\"@graph\":[{\"@type\":\"Article\",\"@id\":\"https:\\\/\\\/raed.academy\\\/en\\\/photo-gallery-of-royal-european-academy-of-doctorss-summer-dinner\\\/#article\",\"isPartOf\":{\"@id\":\"https:\\\/\\\/raed.academy\\\/en\\\/photo-gallery-of-royal-european-academy-of-doctorss-summer-dinner\\\/\"},\"author\":{\"name\":\"RAED\",\"@id\":\"https:\\\/\\\/raed.academy\\\/en\\\/#\\\/schema\\\/person\\\/5a755da80d1d979fd66ba745c8702927\"},\"headline\":\"Photo Gallery of the Royal European Academy of Doctors&#8217;s summer dinner\",\"datePublished\":\"2016-06-21T12:17:30+00:00\",\"dateModified\":\"2017-05-15T14:22:56+00:00\",\"mainEntityOfPage\":{\"@id\":\"https:\\\/\\\/raed.academy\\\/en\\\/photo-gallery-of-royal-european-academy-of-doctorss-summer-dinner\\\/\"},\"wordCount\":84,\"publisher\":{\"@id\":\"https:\\\/\\\/raed.academy\\\/en\\\/#organization\"},\"image\":{\"@id\":\"https:\\\/\\\/raed.academy\\\/en\\\/photo-gallery-of-royal-european-academy-of-doctorss-summer-dinner\\\/#primaryimage\"},\"thumbnailUrl\":\"http:\\\/\\\/raed.academy\\\/wp-content\\\/uploads\\\/2016\\\/06\\\/cenaverano2016-20-300x200.jpg\",\"inLanguage\":\"en-US\"},{\"@type\":\"WebPage\",\"@id\":\"https:\\\/\\\/raed.academy\\\/en\\\/photo-gallery-of-royal-european-academy-of-doctorss-summer-dinner\\\/\",\"url\":\"https:\\\/\\\/raed.academy\\\/en\\\/photo-gallery-of-royal-european-academy-of-doctorss-summer-dinner\\\/\",\"name\":\"Photo Gallery of the Royal European Academy of Doctors's summer dinner - Royal European Academy of Doctors\",\"isPartOf\":{\"@id\":\"https:\\\/\\\/raed.academy\\\/en\\\/#website\"},\"primaryImageOfPage\":{\"@id\":\"https:\\\/\\\/raed.academy\\\/en\\\/photo-gallery-of-royal-european-academy-of-doctorss-summer-dinner\\\/#primaryimage\"},\"image\":{\"@id\":\"https:\\\/\\\/raed.academy\\\/en\\\/photo-gallery-of-royal-european-academy-of-doctorss-summer-dinner\\\/#primaryimage\"},\"thumbnailUrl\":\"http:\\\/\\\/raed.academy\\\/wp-content\\\/uploads\\\/2016\\\/06\\\/cenaverano2016-20-300x200.jpg\",\"datePublished\":\"2016-06-21T12:17:30+00:00\",\"dateModified\":\"2017-05-15T14:22:56+00:00\",\"breadcrumb\":{\"@id\":\"https:\\\/\\\/raed.academy\\\/en\\\/photo-gallery-of-royal-european-academy-of-doctorss-summer-dinner\\\/#breadcrumb\"},\"inLanguage\":\"en-US\",\"potentialAction\":[{\"@type\":\"ReadAction\",\"target\":[\"https:\\\/\\\/raed.academy\\\/en\\\/photo-gallery-of-royal-european-academy-of-doctorss-summer-dinner\\\/\"]}]},{\"@type\":\"ImageObject\",\"inLanguage\":\"en-US\",\"@id\":\"https:\\\/\\\/raed.academy\\\/en\\\/photo-gallery-of-royal-european-academy-of-doctorss-summer-dinner\\\/#primaryimage\",\"url\":\"http:\\\/\\\/raed.academy\\\/wp-content\\\/uploads\\\/2016\\\/06\\\/cenaverano2016-20-300x200.jpg\",\"contentUrl\":\"http:\\\/\\\/raed.academy\\\/wp-content\\\/uploads\\\/2016\\\/06\\\/cenaverano2016-20-300x200.jpg\"},{\"@type\":\"BreadcrumbList\",\"@id\":\"https:\\\/\\\/raed.academy\\\/en\\\/photo-gallery-of-royal-european-academy-of-doctorss-summer-dinner\\\/#breadcrumb\",\"itemListElement\":[{\"@type\":\"ListItem\",\"position\":1,\"name\":\"Inicio\",\"item\":\"https:\\\/\\\/raed.academy\\\/en\\\/\"},{\"@type\":\"ListItem\",\"position\":2,\"name\":\"Photo Gallery of the Royal European Academy of Doctors&#8217;s summer dinner\"}]},{\"@type\":\"WebSite\",\"@id\":\"https:\\\/\\\/raed.academy\\\/en\\\/#website\",\"url\":\"https:\\\/\\\/raed.academy\\\/en\\\/\",\"name\":\"Royal European Academy of Doctors\",\"description\":\"Corporaci\u00f3n de derecho p\u00fablico de car\u00e1cter cient\u00edfico, t\u00e9cnico y art\u00edstico, que tiene por objeto la investigaci\u00f3n, el estudio, el fomento y la extensi\u00f3n del conocimiento en su sentido m\u00e1s amplio.\",\"publisher\":{\"@id\":\"https:\\\/\\\/raed.academy\\\/en\\\/#organization\"},\"potentialAction\":[{\"@type\":\"SearchAction\",\"target\":{\"@type\":\"EntryPoint\",\"urlTemplate\":\"https:\\\/\\\/raed.academy\\\/en\\\/?s={search_term_string}\"},\"query-input\":{\"@type\":\"PropertyValueSpecification\",\"valueRequired\":true,\"valueName\":\"search_term_string\"}}],\"inLanguage\":\"en-US\"},{\"@type\":\"Organization\",\"@id\":\"https:\\\/\\\/raed.academy\\\/en\\\/#organization\",\"name\":\"Real Academia Europea de Doctores\",\"url\":\"https:\\\/\\\/raed.academy\\\/en\\\/\",\"logo\":{\"@type\":\"ImageObject\",\"inLanguage\":\"en-US\",\"@id\":\"https:\\\/\\\/raed.academy\\\/en\\\/#\\\/schema\\\/logo\\\/image\\\/\",\"url\":\"https:\\\/\\\/raed.academy\\\/wp-content\\\/uploads\\\/2017\\\/01\\\/cropped-logo_raed.png\",\"contentUrl\":\"https:\\\/\\\/raed.academy\\\/wp-content\\\/uploads\\\/2017\\\/01\\\/cropped-logo_raed.png\",\"width\":512,\"height\":512,\"caption\":\"Real Academia Europea de Doctores\"},\"image\":{\"@id\":\"https:\\\/\\\/raed.academy\\\/en\\\/#\\\/schema\\\/logo\\\/image\\\/\"},\"sameAs\":[\"http:\\\/\\\/fb.me\\\/raed.academy\",\"https:\\\/\\\/x.com\\\/raedacademy\",\"https:\\\/\\\/www.instagram.com\\\/raed.academy\\\/\",\"https:\\\/\\\/www.youtube.com\\\/channel\\\/UCUYQwW2KrdirNWihxMDObwg\"]},{\"@type\":\"Person\",\"@id\":\"https:\\\/\\\/raed.academy\\\/en\\\/#\\\/schema\\\/person\\\/5a755da80d1d979fd66ba745c8702927\",\"name\":\"RAED\",\"image\":{\"@type\":\"ImageObject\",\"inLanguage\":\"en-US\",\"@id\":\"https:\\\/\\\/secure.gravatar.com\\\/avatar\\\/19fdfdc0d67fb9c45714b703a2ac82251c4fcea3637f002ac3c9b74c0183583c?s=96&d=mm&r=g\",\"url\":\"https:\\\/\\\/secure.gravatar.com\\\/avatar\\\/19fdfdc0d67fb9c45714b703a2ac82251c4fcea3637f002ac3c9b74c0183583c?s=96&d=mm&r=g\",\"contentUrl\":\"https:\\\/\\\/secure.gravatar.com\\\/avatar\\\/19fdfdc0d67fb9c45714b703a2ac82251c4fcea3637f002ac3c9b74c0183583c?s=96&d=mm&r=g\",\"caption\":\"RAED\"}}]}<\/script>\n<!-- \/ Yoast SEO plugin. -->","yoast_head_json":{"title":"Photo Gallery of the Royal European Academy of Doctors's summer dinner - Royal European Academy of Doctors","robots":{"index":"index","follow":"follow","max-snippet":"max-snippet:-1","max-image-preview":"max-image-preview:large","max-video-preview":"max-video-preview:-1"},"canonical":"https:\/\/raed.academy\/en\/photo-gallery-of-royal-european-academy-of-doctorss-summer-dinner\/","og_locale":"en_US","og_type":"article","og_title":"Photo Gallery of the Royal European Academy of Doctors's summer dinner - Royal European Academy of Doctors","og_description":"More than 200 people, half of them academicians and leading figures from academic world, attended the summer dinner of the Royal Europan Academy of Doctors-Barcelona 1914 (RAED) held at C\u00edrculo Ecuestre of Barcelona on June 8th upon receptian as honoraries members of Eric Maskin, Nobel prize in Economics in 2007; Ernesto Kahan, Nobel Peace prize [&hellip;]","og_url":"https:\/\/raed.academy\/en\/photo-gallery-of-royal-european-academy-of-doctorss-summer-dinner\/","og_site_name":"Royal European Academy of Doctors","article_publisher":"http:\/\/fb.me\/raed.academy","article_published_time":"2016-06-21T12:17:30+00:00","article_modified_time":"2017-05-15T14:22:56+00:00","og_image":[{"url":"http:\/\/raed.academy\/wp-content\/uploads\/2016\/06\/cenaverano2016-20-300x200.jpg","type":"","width":"","height":""}],"author":"RAED","twitter_card":"summary_large_image","twitter_creator":"@raedacademy","twitter_site":"@raedacademy","twitter_misc":{"Written by":"RAED"},"schema":{"@context":"https:\/\/schema.org","@graph":[{"@type":"Article","@id":"https:\/\/raed.academy\/en\/photo-gallery-of-royal-european-academy-of-doctorss-summer-dinner\/#article","isPartOf":{"@id":"https:\/\/raed.academy\/en\/photo-gallery-of-royal-european-academy-of-doctorss-summer-dinner\/"},"author":{"name":"RAED","@id":"https:\/\/raed.academy\/en\/#\/schema\/person\/5a755da80d1d979fd66ba745c8702927"},"headline":"Photo Gallery of the Royal European Academy of Doctors&#8217;s summer dinner","datePublished":"2016-06-21T12:17:30+00:00","dateModified":"2017-05-15T14:22:56+00:00","mainEntityOfPage":{"@id":"https:\/\/raed.academy\/en\/photo-gallery-of-royal-european-academy-of-doctorss-summer-dinner\/"},"wordCount":84,"publisher":{"@id":"https:\/\/raed.academy\/en\/#organization"},"image":{"@id":"https:\/\/raed.academy\/en\/photo-gallery-of-royal-european-academy-of-doctorss-summer-dinner\/#primaryimage"},"thumbnailUrl":"http:\/\/raed.academy\/wp-content\/uploads\/2016\/06\/cenaverano2016-20-300x200.jpg","inLanguage":"en-US"},{"@type":"WebPage","@id":"https:\/\/raed.academy\/en\/photo-gallery-of-royal-european-academy-of-doctorss-summer-dinner\/","url":"https:\/\/raed.academy\/en\/photo-gallery-of-royal-european-academy-of-doctorss-summer-dinner\/","name":"Photo Gallery of the Royal European Academy of Doctors's summer dinner - Royal European Academy of Doctors","isPartOf":{"@id":"https:\/\/raed.academy\/en\/#website"},"primaryImageOfPage":{"@id":"https:\/\/raed.academy\/en\/photo-gallery-of-royal-european-academy-of-doctorss-summer-dinner\/#primaryimage"},"image":{"@id":"https:\/\/raed.academy\/en\/photo-gallery-of-royal-european-academy-of-doctorss-summer-dinner\/#primaryimage"},"thumbnailUrl":"http:\/\/raed.academy\/wp-content\/uploads\/2016\/06\/cenaverano2016-20-300x200.jpg","datePublished":"2016-06-21T12:17:30+00:00","dateModified":"2017-05-15T14:22:56+00:00","breadcrumb":{"@id":"https:\/\/raed.academy\/en\/photo-gallery-of-royal-european-academy-of-doctorss-summer-dinner\/#breadcrumb"},"inLanguage":"en-US","potentialAction":[{"@type":"ReadAction","target":["https:\/\/raed.academy\/en\/photo-gallery-of-royal-european-academy-of-doctorss-summer-dinner\/"]}]},{"@type":"ImageObject","inLanguage":"en-US","@id":"https:\/\/raed.academy\/en\/photo-gallery-of-royal-european-academy-of-doctorss-summer-dinner\/#primaryimage","url":"http:\/\/raed.academy\/wp-content\/uploads\/2016\/06\/cenaverano2016-20-300x200.jpg","contentUrl":"http:\/\/raed.academy\/wp-content\/uploads\/2016\/06\/cenaverano2016-20-300x200.jpg"},{"@type":"BreadcrumbList","@id":"https:\/\/raed.academy\/en\/photo-gallery-of-royal-european-academy-of-doctorss-summer-dinner\/#breadcrumb","itemListElement":[{"@type":"ListItem","position":1,"name":"Inicio","item":"https:\/\/raed.academy\/en\/"},{"@type":"ListItem","position":2,"name":"Photo Gallery of the Royal European Academy of Doctors&#8217;s summer dinner"}]},{"@type":"WebSite","@id":"https:\/\/raed.academy\/en\/#website","url":"https:\/\/raed.academy\/en\/","name":"Royal European Academy of Doctors","description":"Corporaci\u00f3n de derecho p\u00fablico de car\u00e1cter cient\u00edfico, t\u00e9cnico y art\u00edstico, que tiene por objeto la investigaci\u00f3n, el estudio, el fomento y la extensi\u00f3n del conocimiento en su sentido m\u00e1s amplio.","publisher":{"@id":"https:\/\/raed.academy\/en\/#organization"},"potentialAction":[{"@type":"SearchAction","target":{"@type":"EntryPoint","urlTemplate":"https:\/\/raed.academy\/en\/?s={search_term_string}"},"query-input":{"@type":"PropertyValueSpecification","valueRequired":true,"valueName":"search_term_string"}}],"inLanguage":"en-US"},{"@type":"Organization","@id":"https:\/\/raed.academy\/en\/#organization","name":"Real Academia Europea de Doctores","url":"https:\/\/raed.academy\/en\/","logo":{"@type":"ImageObject","inLanguage":"en-US","@id":"https:\/\/raed.academy\/en\/#\/schema\/logo\/image\/","url":"https:\/\/raed.academy\/wp-content\/uploads\/2017\/01\/cropped-logo_raed.png","contentUrl":"https:\/\/raed.academy\/wp-content\/uploads\/2017\/01\/cropped-logo_raed.png","width":512,"height":512,"caption":"Real Academia Europea de Doctores"},"image":{"@id":"https:\/\/raed.academy\/en\/#\/schema\/logo\/image\/"},"sameAs":["http:\/\/fb.me\/raed.academy","https:\/\/x.com\/raedacademy","https:\/\/www.instagram.com\/raed.academy\/","https:\/\/www.youtube.com\/channel\/UCUYQwW2KrdirNWihxMDObwg"]},{"@type":"Person","@id":"https:\/\/raed.academy\/en\/#\/schema\/person\/5a755da80d1d979fd66ba745c8702927","name":"RAED","image":{"@type":"ImageObject","inLanguage":"en-US","@id":"https:\/\/secure.gravatar.com\/avatar\/19fdfdc0d67fb9c45714b703a2ac82251c4fcea3637f002ac3c9b74c0183583c?s=96&d=mm&r=g","url":"https:\/\/secure.gravatar.com\/avatar\/19fdfdc0d67fb9c45714b703a2ac82251c4fcea3637f002ac3c9b74c0183583c?s=96&d=mm&r=g","contentUrl":"https:\/\/secure.gravatar.com\/avatar\/19fdfdc0d67fb9c45714b703a2ac82251c4fcea3637f002ac3c9b74c0183583c?s=96&d=mm&r=g","caption":"RAED"}}]}},"_links":{"self":[{"href":"https:\/\/raed.academy\/en\/wp-json\/wp\/v2\/posts\/6977","targetHints":{"allow":["GET"]}}],"collection":[{"href":"https:\/\/raed.academy\/en\/wp-json\/wp\/v2\/posts"}],"about":[{"href":"https:\/\/raed.academy\/en\/wp-json\/wp\/v2\/types\/post"}],"author":[{"embeddable":true,"href":"https:\/\/raed.academy\/en\/wp-json\/wp\/v2\/users\/12"}],"replies":[{"embeddable":true,"href":"https:\/\/raed.academy\/en\/wp-json\/wp\/v2\/comments?post=6977"}],"version-history":[{"count":0,"href":"https:\/\/raed.academy\/en\/wp-json\/wp\/v2\/posts\/6977\/revisions"}],"wp:attachment":[{"href":"https:\/\/raed.academy\/en\/wp-json\/wp\/v2\/media?parent=6977"}],"wp:term":[{"taxonomy":"category","embeddable":true,"href":"https:\/\/raed.academy\/en\/wp-json\/wp\/v2\/categories?post=6977"},{"taxonomy":"post_tag","embeddable":true,"href":"https:\/\/raed.academy\/en\/wp-json\/wp\/v2\/tags?post=6977"}],"curies":[{"name":"wp","href":"https:\/\/api.w.org\/{rel}","templated":true}]}}