{"id":69132,"date":"2019-03-13T21:49:57","date_gmt":"2019-03-13T21:49:57","guid":{"rendered":"https:\/\/raed.academy\/?p=69132"},"modified":"2019-03-26T09:48:36","modified_gmt":"2019-03-26T09:48:36","slug":"17th-academic-act-official-association-of-physicians-of-barcelona","status":"publish","type":"post","link":"https:\/\/raed.academy\/en\/17th-academic-act-official-association-of-physicians-of-barcelona\/","title":{"rendered":"Memory of medicine"},"content":{"rendered":"<p><a href=\"https:\/\/raed.academy\/en\/academicians\/dr-maria-dels-angels-calvo-torras\/\" target=\"_blank\" rel=\"noopener noreferrer\"><strong>Maria \u00c0ngels Calvo<\/strong><\/a>, full academician and vice-president of the <strong>Royal European Academy of Doctors-Barcelona 1914<\/strong> (RAED) and academician at the same time of the <a href=\"http:\/\/ramc.cat\" target=\"_blank\" rel=\"noopener noreferrer\"><strong>Royal Academy of Medicine of Catalonia<\/strong><\/a>, of the <a href=\"http:\/\/rafc.cat\" target=\"_blank\" rel=\"noopener noreferrer\"><strong>Royal Academy of Pharmacy of Catalonia<\/strong><\/a>, of the <strong><a href=\"http:\/\/www.acvc.cat\" target=\"_blank\" rel=\"noopener noreferrer\">Academy of Veterinary<\/a> Sciences of Catalonia<\/strong> and the <a href=\"http:\/\/www.radoctores.es\" target=\"_blank\" rel=\"noopener noreferrer\"><strong>Royal Academy of Doctors of Spain<\/strong><\/a>, will participate on April 6 in the 17th Academic Act that the <strong>Historical Archive of Health Sciences<\/strong> of the <a href=\"https:\/\/www.comb.cat\" target=\"_blank\" rel=\"noopener noreferrer\"><strong>Official Association of Physicians of Barcelona<\/strong><\/a> will celebrate in Montserrat. Calvo will give the lecture <strong>&#8220;La resistencia a los antibi\u00f3ticos desde la medicina y la veterinaria&#8221;<\/strong> (Resistance to antibiotics from medicine and veterinary), in what will be the central act of the day.<\/p>\n<p><img loading=\"lazy\" decoding=\"async\" class=\"alignright size-full wp-image-68551 jetpack-lazy-image jetpack-lazy-image--handled\" src=\"https:\/\/i2.wp.com\/raed.academy\/wp-content\/uploads\/2019\/03\/concierto-Montserrat.jpg?resize=500%2C483&amp;ssl=1\" alt=\"Concierto en Montserrat\" width=\"500\" height=\"483\" data-attachment-id=\"68551\" data-permalink=\"https:\/\/raed.academy\/xvii-acto-academico-colegio-oficial-de-medicos-barcelona\/concierto-montserrat\/\" data-orig-file=\"https:\/\/i2.wp.com\/raed.academy\/wp-content\/uploads\/2019\/03\/concierto-Montserrat.jpg?fit=500%2C483&amp;ssl=1\" data-orig-size=\"500,483\" data-comments-opened=\"0\" data-image-meta=\"{&quot;aperture&quot;:&quot;0&quot;,&quot;credit&quot;:&quot;&quot;,&quot;camera&quot;:&quot;&quot;,&quot;caption&quot;:&quot;&quot;,&quot;created_timestamp&quot;:&quot;0&quot;,&quot;copyright&quot;:&quot;&quot;,&quot;focal_length&quot;:&quot;0&quot;,&quot;iso&quot;:&quot;0&quot;,&quot;shutter_speed&quot;:&quot;0&quot;,&quot;title&quot;:&quot;&quot;,&quot;orientation&quot;:&quot;0&quot;}\" data-image-title=\"Concierto en Montserrat\" data-image-description=\"\" data-medium-file=\"https:\/\/i2.wp.com\/raed.academy\/wp-content\/uploads\/2019\/03\/concierto-Montserrat.jpg?fit=500%2C483&amp;ssl=1\" data-large-file=\"https:\/\/i2.wp.com\/raed.academy\/wp-content\/uploads\/2019\/03\/concierto-Montserrat.jpg?fit=500%2C483&amp;ssl=1\" data-recalc-dims=\"1\" data-lazy-loaded=\"1\" \/>The session will be held in the Hall of the Fa\u00e7ade of the <a href=\"http:\/\/www.abadiamontserrat.net\/\" target=\"_blank\" rel=\"noopener noreferrer\"><strong>Abbey of Montserrat<\/strong><\/a> under the presidency of the abbot, <strong>Josep Maria Soler<\/strong>, the president of the Official Association of Physicians of Barcelona, \u200b\u200b<strong>Jaume Padr\u00f3s<\/strong>, and the director of the Archive, <strong>Llu\u00eds Gerrero<\/strong>. After the conference, the musical group <strong>Intermezzo<\/strong> will offer a recital with works by <strong>Alessandro Marcello<\/strong>, <strong>Antonio Vivaldi<\/strong>, <strong>Pietro Mascagni<\/strong>, <strong>Sergei Rachmaninov<\/strong>, <strong>Claude Bebussy<\/strong>, <strong>Dmitri Shostakovich<\/strong>, <strong>Manuel de Falla<\/strong> and <strong>George Gershwin<\/strong>.<\/p>\n<p>The two components of this formation have been formed with great teachers of their instruments and have expanded their formation in conservatories of Amsterdam, Milan and the <a href=\"http:\/\/www.liceubarcelona.cat\" target=\"_blank\" rel=\"noopener noreferrer\"><strong>Gran Teatre del Liceu<\/strong><\/a> in Barcelona. On this occasion they will offer a concert full of major works in the repertoire of piano and cello, where the dialogue between both instruments is very clear and their sonorities are fused to achieve an interpretation where music and expression become the only meaning.<\/p>\n<p>Historical Archive of Health Sciences was inaugurated in 1994 coinciding with the centenary of the Official Association of Physicians of Barcelona with some 400 books owned by <strong>Sime\u00f3n Selga<\/strong>. Nowadays it has become a collective library of the professional past, with volumes dating from the 17th century to the beginning of the 21st century. The fund now has about 35,000 volumes of which more than 20,000 are cataloged. This library also keeps some journals, photographs and various documents, and has been built from donations from deceased family members, by donations from those who do not have a place to keep them, or from those who consider them obsolete for their work, always keeping the name of the professional donor.<\/p>\n","protected":false},"excerpt":{"rendered":"<p>Maria \u00c0ngels Calvo, full academician and vice-president of the Royal European Academy of Doctors-Barcelona 1914 (RAED) and academician at the same time of the Royal Academy of Medicine of Catalonia, of the Royal Academy of Pharmacy of Catalonia, of the Academy of Veterinary Sciences of Catalonia and the Royal Academy of Doctors of Spain, will [&hellip;]<\/p>\n","protected":false},"author":12,"featured_media":68553,"comment_status":"closed","ping_status":"closed","sticky":false,"template":"","format":"standard","meta":{"_et_pb_use_builder":"","_et_pb_old_content":"","_et_gb_content_width":"","footnotes":""},"categories":[215],"tags":[],"class_list":["post-69132","post","type-post","status-publish","format-standard","has-post-thumbnail","hentry","category-medicine-and-surgery","et-has-post-format-content","et_post_format-et-post-format-standard"],"yoast_head":"<!-- This site is optimized with the Yoast SEO plugin v27.4 - https:\/\/yoast.com\/product\/yoast-seo-wordpress\/ -->\n<title>Memory of medicine - Royal European Academy of Doctors<\/title>\n<meta name=\"robots\" content=\"index, follow, max-snippet:-1, max-image-preview:large, max-video-preview:-1\" \/>\n<link rel=\"canonical\" href=\"https:\/\/raed.academy\/en\/17th-academic-act-official-association-of-physicians-of-barcelona\/\" \/>\n<meta property=\"og:locale\" content=\"en_US\" \/>\n<meta property=\"og:type\" content=\"article\" \/>\n<meta property=\"og:title\" content=\"Memory of medicine - Royal European Academy of Doctors\" \/>\n<meta property=\"og:description\" content=\"Maria \u00c0ngels Calvo, full academician and vice-president of the Royal European Academy of Doctors-Barcelona 1914 (RAED) and academician at the same time of the Royal Academy of Medicine of Catalonia, of the Royal Academy of Pharmacy of Catalonia, of the Academy of Veterinary Sciences of Catalonia and the Royal Academy of Doctors of Spain, will [&hellip;]\" \/>\n<meta property=\"og:url\" content=\"https:\/\/raed.academy\/en\/17th-academic-act-official-association-of-physicians-of-barcelona\/\" \/>\n<meta property=\"og:site_name\" content=\"Royal European Academy of Doctors\" \/>\n<meta property=\"article:publisher\" content=\"http:\/\/fb.me\/raed.academy\" \/>\n<meta property=\"article:published_time\" content=\"2019-03-13T21:49:57+00:00\" \/>\n<meta property=\"article:modified_time\" content=\"2019-03-26T09:48:36+00:00\" \/>\n<meta property=\"og:image\" content=\"https:\/\/raed.academy\/wp-content\/uploads\/2019\/03\/concierto-Montserrat.jpg\" \/>\n\t<meta property=\"og:image:width\" content=\"500\" \/>\n\t<meta property=\"og:image:height\" content=\"483\" \/>\n\t<meta property=\"og:image:type\" content=\"image\/jpeg\" \/>\n<meta name=\"author\" content=\"RAED\" \/>\n<meta name=\"twitter:card\" content=\"summary_large_image\" \/>\n<meta name=\"twitter:creator\" content=\"@raedacademy\" \/>\n<meta name=\"twitter:site\" content=\"@raedacademy\" \/>\n<meta name=\"twitter:label1\" content=\"Written by\" \/>\n\t<meta name=\"twitter:data1\" content=\"RAED\" \/>\n\t<meta name=\"twitter:label2\" content=\"Est. reading time\" \/>\n\t<meta name=\"twitter:data2\" content=\"2 minutes\" \/>\n<script type=\"application\/ld+json\" class=\"yoast-schema-graph\">{\"@context\":\"https:\\\/\\\/schema.org\",\"@graph\":[{\"@type\":\"Article\",\"@id\":\"https:\\\/\\\/raed.academy\\\/en\\\/17th-academic-act-official-association-of-physicians-of-barcelona\\\/#article\",\"isPartOf\":{\"@id\":\"https:\\\/\\\/raed.academy\\\/en\\\/17th-academic-act-official-association-of-physicians-of-barcelona\\\/\"},\"author\":{\"name\":\"RAED\",\"@id\":\"https:\\\/\\\/raed.academy\\\/en\\\/#\\\/schema\\\/person\\\/5a755da80d1d979fd66ba745c8702927\"},\"headline\":\"Memory of medicine\",\"datePublished\":\"2019-03-13T21:49:57+00:00\",\"dateModified\":\"2019-03-26T09:48:36+00:00\",\"mainEntityOfPage\":{\"@id\":\"https:\\\/\\\/raed.academy\\\/en\\\/17th-academic-act-official-association-of-physicians-of-barcelona\\\/\"},\"wordCount\":392,\"publisher\":{\"@id\":\"https:\\\/\\\/raed.academy\\\/en\\\/#organization\"},\"image\":{\"@id\":\"https:\\\/\\\/raed.academy\\\/en\\\/17th-academic-act-official-association-of-physicians-of-barcelona\\\/#primaryimage\"},\"thumbnailUrl\":\"https:\\\/\\\/raed.academy\\\/wp-content\\\/uploads\\\/2019\\\/03\\\/concierto-Montserrat.jpg\",\"articleSection\":[\"Medicine and Surgery\"],\"inLanguage\":\"en-US\"},{\"@type\":\"WebPage\",\"@id\":\"https:\\\/\\\/raed.academy\\\/en\\\/17th-academic-act-official-association-of-physicians-of-barcelona\\\/\",\"url\":\"https:\\\/\\\/raed.academy\\\/en\\\/17th-academic-act-official-association-of-physicians-of-barcelona\\\/\",\"name\":\"Memory of medicine - Royal European Academy of Doctors\",\"isPartOf\":{\"@id\":\"https:\\\/\\\/raed.academy\\\/en\\\/#website\"},\"primaryImageOfPage\":{\"@id\":\"https:\\\/\\\/raed.academy\\\/en\\\/17th-academic-act-official-association-of-physicians-of-barcelona\\\/#primaryimage\"},\"image\":{\"@id\":\"https:\\\/\\\/raed.academy\\\/en\\\/17th-academic-act-official-association-of-physicians-of-barcelona\\\/#primaryimage\"},\"thumbnailUrl\":\"https:\\\/\\\/raed.academy\\\/wp-content\\\/uploads\\\/2019\\\/03\\\/concierto-Montserrat.jpg\",\"datePublished\":\"2019-03-13T21:49:57+00:00\",\"dateModified\":\"2019-03-26T09:48:36+00:00\",\"breadcrumb\":{\"@id\":\"https:\\\/\\\/raed.academy\\\/en\\\/17th-academic-act-official-association-of-physicians-of-barcelona\\\/#breadcrumb\"},\"inLanguage\":\"en-US\",\"potentialAction\":[{\"@type\":\"ReadAction\",\"target\":[\"https:\\\/\\\/raed.academy\\\/en\\\/17th-academic-act-official-association-of-physicians-of-barcelona\\\/\"]}]},{\"@type\":\"ImageObject\",\"inLanguage\":\"en-US\",\"@id\":\"https:\\\/\\\/raed.academy\\\/en\\\/17th-academic-act-official-association-of-physicians-of-barcelona\\\/#primaryimage\",\"url\":\"https:\\\/\\\/raed.academy\\\/wp-content\\\/uploads\\\/2019\\\/03\\\/concierto-Montserrat.jpg\",\"contentUrl\":\"https:\\\/\\\/raed.academy\\\/wp-content\\\/uploads\\\/2019\\\/03\\\/concierto-Montserrat.jpg\",\"width\":500,\"height\":483,\"caption\":\"Concierto en Montserrat\"},{\"@type\":\"BreadcrumbList\",\"@id\":\"https:\\\/\\\/raed.academy\\\/en\\\/17th-academic-act-official-association-of-physicians-of-barcelona\\\/#breadcrumb\",\"itemListElement\":[{\"@type\":\"ListItem\",\"position\":1,\"name\":\"Inicio\",\"item\":\"https:\\\/\\\/raed.academy\\\/en\\\/\"},{\"@type\":\"ListItem\",\"position\":2,\"name\":\"Memory of medicine\"}]},{\"@type\":\"WebSite\",\"@id\":\"https:\\\/\\\/raed.academy\\\/en\\\/#website\",\"url\":\"https:\\\/\\\/raed.academy\\\/en\\\/\",\"name\":\"Royal European Academy of Doctors\",\"description\":\"Corporaci\u00f3n de derecho p\u00fablico de car\u00e1cter cient\u00edfico, t\u00e9cnico y art\u00edstico, que tiene por objeto la investigaci\u00f3n, el estudio, el fomento y la extensi\u00f3n del conocimiento en su sentido m\u00e1s amplio.\",\"publisher\":{\"@id\":\"https:\\\/\\\/raed.academy\\\/en\\\/#organization\"},\"potentialAction\":[{\"@type\":\"SearchAction\",\"target\":{\"@type\":\"EntryPoint\",\"urlTemplate\":\"https:\\\/\\\/raed.academy\\\/en\\\/?s={search_term_string}\"},\"query-input\":{\"@type\":\"PropertyValueSpecification\",\"valueRequired\":true,\"valueName\":\"search_term_string\"}}],\"inLanguage\":\"en-US\"},{\"@type\":\"Organization\",\"@id\":\"https:\\\/\\\/raed.academy\\\/en\\\/#organization\",\"name\":\"Real Academia Europea de Doctores\",\"url\":\"https:\\\/\\\/raed.academy\\\/en\\\/\",\"logo\":{\"@type\":\"ImageObject\",\"inLanguage\":\"en-US\",\"@id\":\"https:\\\/\\\/raed.academy\\\/en\\\/#\\\/schema\\\/logo\\\/image\\\/\",\"url\":\"https:\\\/\\\/raed.academy\\\/wp-content\\\/uploads\\\/2017\\\/01\\\/cropped-logo_raed.png\",\"contentUrl\":\"https:\\\/\\\/raed.academy\\\/wp-content\\\/uploads\\\/2017\\\/01\\\/cropped-logo_raed.png\",\"width\":512,\"height\":512,\"caption\":\"Real Academia Europea de Doctores\"},\"image\":{\"@id\":\"https:\\\/\\\/raed.academy\\\/en\\\/#\\\/schema\\\/logo\\\/image\\\/\"},\"sameAs\":[\"http:\\\/\\\/fb.me\\\/raed.academy\",\"https:\\\/\\\/x.com\\\/raedacademy\",\"https:\\\/\\\/www.instagram.com\\\/raed.academy\\\/\",\"https:\\\/\\\/www.youtube.com\\\/channel\\\/UCUYQwW2KrdirNWihxMDObwg\"]},{\"@type\":\"Person\",\"@id\":\"https:\\\/\\\/raed.academy\\\/en\\\/#\\\/schema\\\/person\\\/5a755da80d1d979fd66ba745c8702927\",\"name\":\"RAED\",\"image\":{\"@type\":\"ImageObject\",\"inLanguage\":\"en-US\",\"@id\":\"https:\\\/\\\/secure.gravatar.com\\\/avatar\\\/19fdfdc0d67fb9c45714b703a2ac82251c4fcea3637f002ac3c9b74c0183583c?s=96&d=mm&r=g\",\"url\":\"https:\\\/\\\/secure.gravatar.com\\\/avatar\\\/19fdfdc0d67fb9c45714b703a2ac82251c4fcea3637f002ac3c9b74c0183583c?s=96&d=mm&r=g\",\"contentUrl\":\"https:\\\/\\\/secure.gravatar.com\\\/avatar\\\/19fdfdc0d67fb9c45714b703a2ac82251c4fcea3637f002ac3c9b74c0183583c?s=96&d=mm&r=g\",\"caption\":\"RAED\"}}]}<\/script>\n<!-- \/ Yoast SEO plugin. -->","yoast_head_json":{"title":"Memory of medicine - Royal European Academy of Doctors","robots":{"index":"index","follow":"follow","max-snippet":"max-snippet:-1","max-image-preview":"max-image-preview:large","max-video-preview":"max-video-preview:-1"},"canonical":"https:\/\/raed.academy\/en\/17th-academic-act-official-association-of-physicians-of-barcelona\/","og_locale":"en_US","og_type":"article","og_title":"Memory of medicine - Royal European Academy of Doctors","og_description":"Maria \u00c0ngels Calvo, full academician and vice-president of the Royal European Academy of Doctors-Barcelona 1914 (RAED) and academician at the same time of the Royal Academy of Medicine of Catalonia, of the Royal Academy of Pharmacy of Catalonia, of the Academy of Veterinary Sciences of Catalonia and the Royal Academy of Doctors of Spain, will [&hellip;]","og_url":"https:\/\/raed.academy\/en\/17th-academic-act-official-association-of-physicians-of-barcelona\/","og_site_name":"Royal European Academy of Doctors","article_publisher":"http:\/\/fb.me\/raed.academy","article_published_time":"2019-03-13T21:49:57+00:00","article_modified_time":"2019-03-26T09:48:36+00:00","og_image":[{"width":500,"height":483,"url":"https:\/\/raed.academy\/wp-content\/uploads\/2019\/03\/concierto-Montserrat.jpg","type":"image\/jpeg"}],"author":"RAED","twitter_card":"summary_large_image","twitter_creator":"@raedacademy","twitter_site":"@raedacademy","twitter_misc":{"Written by":"RAED","Est. reading time":"2 minutes"},"schema":{"@context":"https:\/\/schema.org","@graph":[{"@type":"Article","@id":"https:\/\/raed.academy\/en\/17th-academic-act-official-association-of-physicians-of-barcelona\/#article","isPartOf":{"@id":"https:\/\/raed.academy\/en\/17th-academic-act-official-association-of-physicians-of-barcelona\/"},"author":{"name":"RAED","@id":"https:\/\/raed.academy\/en\/#\/schema\/person\/5a755da80d1d979fd66ba745c8702927"},"headline":"Memory of medicine","datePublished":"2019-03-13T21:49:57+00:00","dateModified":"2019-03-26T09:48:36+00:00","mainEntityOfPage":{"@id":"https:\/\/raed.academy\/en\/17th-academic-act-official-association-of-physicians-of-barcelona\/"},"wordCount":392,"publisher":{"@id":"https:\/\/raed.academy\/en\/#organization"},"image":{"@id":"https:\/\/raed.academy\/en\/17th-academic-act-official-association-of-physicians-of-barcelona\/#primaryimage"},"thumbnailUrl":"https:\/\/raed.academy\/wp-content\/uploads\/2019\/03\/concierto-Montserrat.jpg","articleSection":["Medicine and Surgery"],"inLanguage":"en-US"},{"@type":"WebPage","@id":"https:\/\/raed.academy\/en\/17th-academic-act-official-association-of-physicians-of-barcelona\/","url":"https:\/\/raed.academy\/en\/17th-academic-act-official-association-of-physicians-of-barcelona\/","name":"Memory of medicine - Royal European Academy of Doctors","isPartOf":{"@id":"https:\/\/raed.academy\/en\/#website"},"primaryImageOfPage":{"@id":"https:\/\/raed.academy\/en\/17th-academic-act-official-association-of-physicians-of-barcelona\/#primaryimage"},"image":{"@id":"https:\/\/raed.academy\/en\/17th-academic-act-official-association-of-physicians-of-barcelona\/#primaryimage"},"thumbnailUrl":"https:\/\/raed.academy\/wp-content\/uploads\/2019\/03\/concierto-Montserrat.jpg","datePublished":"2019-03-13T21:49:57+00:00","dateModified":"2019-03-26T09:48:36+00:00","breadcrumb":{"@id":"https:\/\/raed.academy\/en\/17th-academic-act-official-association-of-physicians-of-barcelona\/#breadcrumb"},"inLanguage":"en-US","potentialAction":[{"@type":"ReadAction","target":["https:\/\/raed.academy\/en\/17th-academic-act-official-association-of-physicians-of-barcelona\/"]}]},{"@type":"ImageObject","inLanguage":"en-US","@id":"https:\/\/raed.academy\/en\/17th-academic-act-official-association-of-physicians-of-barcelona\/#primaryimage","url":"https:\/\/raed.academy\/wp-content\/uploads\/2019\/03\/concierto-Montserrat.jpg","contentUrl":"https:\/\/raed.academy\/wp-content\/uploads\/2019\/03\/concierto-Montserrat.jpg","width":500,"height":483,"caption":"Concierto en Montserrat"},{"@type":"BreadcrumbList","@id":"https:\/\/raed.academy\/en\/17th-academic-act-official-association-of-physicians-of-barcelona\/#breadcrumb","itemListElement":[{"@type":"ListItem","position":1,"name":"Inicio","item":"https:\/\/raed.academy\/en\/"},{"@type":"ListItem","position":2,"name":"Memory of medicine"}]},{"@type":"WebSite","@id":"https:\/\/raed.academy\/en\/#website","url":"https:\/\/raed.academy\/en\/","name":"Royal European Academy of Doctors","description":"Corporaci\u00f3n de derecho p\u00fablico de car\u00e1cter cient\u00edfico, t\u00e9cnico y art\u00edstico, que tiene por objeto la investigaci\u00f3n, el estudio, el fomento y la extensi\u00f3n del conocimiento en su sentido m\u00e1s amplio.","publisher":{"@id":"https:\/\/raed.academy\/en\/#organization"},"potentialAction":[{"@type":"SearchAction","target":{"@type":"EntryPoint","urlTemplate":"https:\/\/raed.academy\/en\/?s={search_term_string}"},"query-input":{"@type":"PropertyValueSpecification","valueRequired":true,"valueName":"search_term_string"}}],"inLanguage":"en-US"},{"@type":"Organization","@id":"https:\/\/raed.academy\/en\/#organization","name":"Real Academia Europea de Doctores","url":"https:\/\/raed.academy\/en\/","logo":{"@type":"ImageObject","inLanguage":"en-US","@id":"https:\/\/raed.academy\/en\/#\/schema\/logo\/image\/","url":"https:\/\/raed.academy\/wp-content\/uploads\/2017\/01\/cropped-logo_raed.png","contentUrl":"https:\/\/raed.academy\/wp-content\/uploads\/2017\/01\/cropped-logo_raed.png","width":512,"height":512,"caption":"Real Academia Europea de Doctores"},"image":{"@id":"https:\/\/raed.academy\/en\/#\/schema\/logo\/image\/"},"sameAs":["http:\/\/fb.me\/raed.academy","https:\/\/x.com\/raedacademy","https:\/\/www.instagram.com\/raed.academy\/","https:\/\/www.youtube.com\/channel\/UCUYQwW2KrdirNWihxMDObwg"]},{"@type":"Person","@id":"https:\/\/raed.academy\/en\/#\/schema\/person\/5a755da80d1d979fd66ba745c8702927","name":"RAED","image":{"@type":"ImageObject","inLanguage":"en-US","@id":"https:\/\/secure.gravatar.com\/avatar\/19fdfdc0d67fb9c45714b703a2ac82251c4fcea3637f002ac3c9b74c0183583c?s=96&d=mm&r=g","url":"https:\/\/secure.gravatar.com\/avatar\/19fdfdc0d67fb9c45714b703a2ac82251c4fcea3637f002ac3c9b74c0183583c?s=96&d=mm&r=g","contentUrl":"https:\/\/secure.gravatar.com\/avatar\/19fdfdc0d67fb9c45714b703a2ac82251c4fcea3637f002ac3c9b74c0183583c?s=96&d=mm&r=g","caption":"RAED"}}]}},"_links":{"self":[{"href":"https:\/\/raed.academy\/en\/wp-json\/wp\/v2\/posts\/69132","targetHints":{"allow":["GET"]}}],"collection":[{"href":"https:\/\/raed.academy\/en\/wp-json\/wp\/v2\/posts"}],"about":[{"href":"https:\/\/raed.academy\/en\/wp-json\/wp\/v2\/types\/post"}],"author":[{"embeddable":true,"href":"https:\/\/raed.academy\/en\/wp-json\/wp\/v2\/users\/12"}],"replies":[{"embeddable":true,"href":"https:\/\/raed.academy\/en\/wp-json\/wp\/v2\/comments?post=69132"}],"version-history":[{"count":0,"href":"https:\/\/raed.academy\/en\/wp-json\/wp\/v2\/posts\/69132\/revisions"}],"wp:featuredmedia":[{"embeddable":true,"href":"https:\/\/raed.academy\/en\/wp-json\/wp\/v2\/media\/68553"}],"wp:attachment":[{"href":"https:\/\/raed.academy\/en\/wp-json\/wp\/v2\/media?parent=69132"}],"wp:term":[{"taxonomy":"category","embeddable":true,"href":"https:\/\/raed.academy\/en\/wp-json\/wp\/v2\/categories?post=69132"},{"taxonomy":"post_tag","embeddable":true,"href":"https:\/\/raed.academy\/en\/wp-json\/wp\/v2\/tags?post=69132"}],"curies":[{"name":"wp","href":"https:\/\/api.w.org\/{rel}","templated":true}]}}