{"id":67894,"date":"2019-02-27T18:02:09","date_gmt":"2019-02-27T18:02:09","guid":{"rendered":"https:\/\/raed.academy\/?p=67894"},"modified":"2019-03-07T17:05:00","modified_gmt":"2019-03-07T17:05:00","slug":"christianity-in-the-age-of-enlightenment","status":"publish","type":"post","link":"https:\/\/raed.academy\/en\/christianity-in-the-age-of-enlightenment\/","title":{"rendered":"Christianity in the Age of Enlightenment"},"content":{"rendered":"<p><img loading=\"lazy\" decoding=\"async\" class=\"alignright wp-image-67765 jetpack-lazy-image jetpack-lazy-image--handled\" src=\"https:\/\/i1.wp.com\/raed.academy\/wp-content\/uploads\/2019\/02\/La-Teologia-Cristiana-a-la-Modernitat_Josep-Ignasi-Saranyana.jpg?resize=350%2C529&amp;ssl=1\" alt=\"\" width=\"350\" height=\"529\" data-attachment-id=\"67765\" data-permalink=\"https:\/\/raed.academy\/la-teologia-cristiana-a-la-modernitat_josep-ignasi-saranyana-2\/\" data-orig-file=\"https:\/\/i1.wp.com\/raed.academy\/wp-content\/uploads\/2019\/02\/La-Teologia-Cristiana-a-la-Modernitat_Josep-Ignasi-Saranyana.jpg?fit=450%2C680&amp;ssl=1\" data-orig-size=\"450,680\" data-comments-opened=\"0\" data-image-meta=\"{&quot;aperture&quot;:&quot;0&quot;,&quot;credit&quot;:&quot;&quot;,&quot;camera&quot;:&quot;&quot;,&quot;caption&quot;:&quot;&quot;,&quot;created_timestamp&quot;:&quot;0&quot;,&quot;copyright&quot;:&quot;&quot;,&quot;focal_length&quot;:&quot;0&quot;,&quot;iso&quot;:&quot;0&quot;,&quot;shutter_speed&quot;:&quot;0&quot;,&quot;title&quot;:&quot;&quot;,&quot;orientation&quot;:&quot;0&quot;}\" data-image-title=\"La-Teologia-Cristiana-a-la-Modernitat_Josep-Ignasi-Saranyana\" data-image-description=\"\" data-medium-file=\"https:\/\/i1.wp.com\/raed.academy\/wp-content\/uploads\/2019\/02\/La-Teologia-Cristiana-a-la-Modernitat_Josep-Ignasi-Saranyana.jpg?fit=450%2C680&amp;ssl=1\" data-large-file=\"https:\/\/i1.wp.com\/raed.academy\/wp-content\/uploads\/2019\/02\/La-Teologia-Cristiana-a-la-Modernitat_Josep-Ignasi-Saranyana.jpg?fit=450%2C680&amp;ssl=1\" data-recalc-dims=\"1\" data-lazy-loaded=\"1\" \/><a href=\"https:\/\/raed.academy\/en\/academicians\/dr-josep-ignasi-saranyana-closa\/\" target=\"_blank\" rel=\"noopener noreferrer\"><strong>Josep Ignasi Saranyana<\/strong><\/a>, professor emeritus of the <a href=\"http:\/\/www.unav.edu\" target=\"_blank\" rel=\"noopener noreferrer\"><strong>University of Navarra<\/strong><\/a> and full academician of the <strong>Royal European Academy of Doctors-Barcelona 1914<\/strong> (RAED), has donated to the Library of the Academy the book <strong>&#8220;La teologia cristiana a la Modernitat. De l&#8217;albada del segle XVI al llindar de la Il\u00b7lustraci\u00f3&#8221;<\/strong> (Christian Theology to Modernity. From the beginning of the 16th century to the thresholds of the Enlightenment) (Cosset\u00e0nia Edicions), a recently published work of great historical and theological rigor that deals with the period from the end of the European civil wars at the end of the 15th century to the outbreak of liberalism.<\/p>\n<p>It is a crucial period for Western culture and thought, since it is at this moment when Modernity is forged. &#8220;It has been said and repeated that there was a rupture not only religious, but also cultural between the late Middle Ages and the Renaissance and, even more, between it and the Enlightenment. Well looked at, however, history does not jump. Historical fabric is much more fluid than it seems at first sight. It is a serious simplification (even more, it can be an ideological manipulation) to consider that it goes from darkness to clarity without a solution of continuity. Not Luther, by way of example, would have been possible without a radicalized medieval Agustinism and the empire of nominalism, or Kant would not be comprehensible without the Lutheran pietism&#8221;, is explained in the introduction of the work.<\/p>\n<p>This study tries to draw some lines of continuity in the development of theological and philosophical thought from the end of the 15th century to the fullness of political and religious Jansenism, showing that the sudden turns in the historical process are neither as surprising nor as abrupt as they appear in the simple and linear story of the history. Carefully analysed, the depth of the intellectual course of the West is addressed.<\/p>\n","protected":false},"excerpt":{"rendered":"<p>Josep Ignasi Saranyana, professor emeritus of the University of Navarra and full academician of the Royal European Academy of Doctors-Barcelona 1914 (RAED), has donated to the Library of the Academy the book &#8220;La teologia cristiana a la Modernitat. De l&#8217;albada del segle XVI al llindar de la Il\u00b7lustraci\u00f3&#8221; (Christian Theology to Modernity. From the beginning [&hellip;]<\/p>\n","protected":false},"author":12,"featured_media":67763,"comment_status":"closed","ping_status":"closed","sticky":false,"template":"","format":"standard","meta":{"_et_pb_use_builder":"","_et_pb_old_content":"","_et_gb_content_width":"","footnotes":""},"categories":[243],"tags":[],"class_list":["post-67894","post","type-post","status-publish","format-standard","has-post-thumbnail","hentry","category-categ-history","et-has-post-format-content","et_post_format-et-post-format-standard"],"yoast_head":"<!-- This site is optimized with the Yoast SEO plugin v27.4 - https:\/\/yoast.com\/product\/yoast-seo-wordpress\/ -->\n<title>Christianity in the Age of Enlightenment - Royal European Academy of Doctors<\/title>\n<meta name=\"robots\" content=\"index, follow, max-snippet:-1, max-image-preview:large, max-video-preview:-1\" \/>\n<link rel=\"canonical\" href=\"https:\/\/raed.academy\/en\/christianity-in-the-age-of-enlightenment\/\" \/>\n<meta property=\"og:locale\" content=\"en_US\" \/>\n<meta property=\"og:type\" content=\"article\" \/>\n<meta property=\"og:title\" content=\"Christianity in the Age of Enlightenment - Royal European Academy of Doctors\" \/>\n<meta property=\"og:description\" content=\"Josep Ignasi Saranyana, professor emeritus of the University of Navarra and full academician of the Royal European Academy of Doctors-Barcelona 1914 (RAED), has donated to the Library of the Academy the book &#8220;La teologia cristiana a la Modernitat. De l&#8217;albada del segle XVI al llindar de la Il\u00b7lustraci\u00f3&#8221; (Christian Theology to Modernity. From the beginning [&hellip;]\" \/>\n<meta property=\"og:url\" content=\"https:\/\/raed.academy\/en\/christianity-in-the-age-of-enlightenment\/\" \/>\n<meta property=\"og:site_name\" content=\"Royal European Academy of Doctors\" \/>\n<meta property=\"article:publisher\" content=\"http:\/\/fb.me\/raed.academy\" \/>\n<meta property=\"article:published_time\" content=\"2019-02-27T18:02:09+00:00\" \/>\n<meta property=\"article:modified_time\" content=\"2019-03-07T17:05:00+00:00\" \/>\n<meta property=\"og:image\" content=\"https:\/\/raed.academy\/wp-content\/uploads\/2019\/02\/La-Teologia-Cristiana-a-la-Modernitat_Josep-Ignasi-Saranyana.jpg\" \/>\n\t<meta property=\"og:image:width\" content=\"450\" \/>\n\t<meta property=\"og:image:height\" content=\"680\" \/>\n\t<meta property=\"og:image:type\" content=\"image\/jpeg\" \/>\n<meta name=\"author\" content=\"RAED\" \/>\n<meta name=\"twitter:card\" content=\"summary_large_image\" \/>\n<meta name=\"twitter:creator\" content=\"@raedacademy\" \/>\n<meta name=\"twitter:site\" content=\"@raedacademy\" \/>\n<meta name=\"twitter:label1\" content=\"Written by\" \/>\n\t<meta name=\"twitter:data1\" content=\"RAED\" \/>\n\t<meta name=\"twitter:label2\" content=\"Est. reading time\" \/>\n\t<meta name=\"twitter:data2\" content=\"2 minutes\" \/>\n<script type=\"application\/ld+json\" class=\"yoast-schema-graph\">{\"@context\":\"https:\\\/\\\/schema.org\",\"@graph\":[{\"@type\":\"Article\",\"@id\":\"https:\\\/\\\/raed.academy\\\/en\\\/christianity-in-the-age-of-enlightenment\\\/#article\",\"isPartOf\":{\"@id\":\"https:\\\/\\\/raed.academy\\\/en\\\/christianity-in-the-age-of-enlightenment\\\/\"},\"author\":{\"name\":\"RAED\",\"@id\":\"https:\\\/\\\/raed.academy\\\/en\\\/#\\\/schema\\\/person\\\/5a755da80d1d979fd66ba745c8702927\"},\"headline\":\"Christianity in the Age of Enlightenment\",\"datePublished\":\"2019-02-27T18:02:09+00:00\",\"dateModified\":\"2019-03-07T17:05:00+00:00\",\"mainEntityOfPage\":{\"@id\":\"https:\\\/\\\/raed.academy\\\/en\\\/christianity-in-the-age-of-enlightenment\\\/\"},\"wordCount\":321,\"publisher\":{\"@id\":\"https:\\\/\\\/raed.academy\\\/en\\\/#organization\"},\"image\":{\"@id\":\"https:\\\/\\\/raed.academy\\\/en\\\/christianity-in-the-age-of-enlightenment\\\/#primaryimage\"},\"thumbnailUrl\":\"https:\\\/\\\/raed.academy\\\/wp-content\\\/uploads\\\/2019\\\/02\\\/La-Teologia-Cristiana-a-la-Modernitat_Josep-Ignasi-Saranyana.jpg\",\"articleSection\":[\"History\"],\"inLanguage\":\"en-US\"},{\"@type\":\"WebPage\",\"@id\":\"https:\\\/\\\/raed.academy\\\/en\\\/christianity-in-the-age-of-enlightenment\\\/\",\"url\":\"https:\\\/\\\/raed.academy\\\/en\\\/christianity-in-the-age-of-enlightenment\\\/\",\"name\":\"Christianity in the Age of Enlightenment - Royal European Academy of Doctors\",\"isPartOf\":{\"@id\":\"https:\\\/\\\/raed.academy\\\/en\\\/#website\"},\"primaryImageOfPage\":{\"@id\":\"https:\\\/\\\/raed.academy\\\/en\\\/christianity-in-the-age-of-enlightenment\\\/#primaryimage\"},\"image\":{\"@id\":\"https:\\\/\\\/raed.academy\\\/en\\\/christianity-in-the-age-of-enlightenment\\\/#primaryimage\"},\"thumbnailUrl\":\"https:\\\/\\\/raed.academy\\\/wp-content\\\/uploads\\\/2019\\\/02\\\/La-Teologia-Cristiana-a-la-Modernitat_Josep-Ignasi-Saranyana.jpg\",\"datePublished\":\"2019-02-27T18:02:09+00:00\",\"dateModified\":\"2019-03-07T17:05:00+00:00\",\"breadcrumb\":{\"@id\":\"https:\\\/\\\/raed.academy\\\/en\\\/christianity-in-the-age-of-enlightenment\\\/#breadcrumb\"},\"inLanguage\":\"en-US\",\"potentialAction\":[{\"@type\":\"ReadAction\",\"target\":[\"https:\\\/\\\/raed.academy\\\/en\\\/christianity-in-the-age-of-enlightenment\\\/\"]}]},{\"@type\":\"ImageObject\",\"inLanguage\":\"en-US\",\"@id\":\"https:\\\/\\\/raed.academy\\\/en\\\/christianity-in-the-age-of-enlightenment\\\/#primaryimage\",\"url\":\"https:\\\/\\\/raed.academy\\\/wp-content\\\/uploads\\\/2019\\\/02\\\/La-Teologia-Cristiana-a-la-Modernitat_Josep-Ignasi-Saranyana.jpg\",\"contentUrl\":\"https:\\\/\\\/raed.academy\\\/wp-content\\\/uploads\\\/2019\\\/02\\\/La-Teologia-Cristiana-a-la-Modernitat_Josep-Ignasi-Saranyana.jpg\",\"width\":450,\"height\":680},{\"@type\":\"BreadcrumbList\",\"@id\":\"https:\\\/\\\/raed.academy\\\/en\\\/christianity-in-the-age-of-enlightenment\\\/#breadcrumb\",\"itemListElement\":[{\"@type\":\"ListItem\",\"position\":1,\"name\":\"Inicio\",\"item\":\"https:\\\/\\\/raed.academy\\\/en\\\/\"},{\"@type\":\"ListItem\",\"position\":2,\"name\":\"Christianity in the Age of Enlightenment\"}]},{\"@type\":\"WebSite\",\"@id\":\"https:\\\/\\\/raed.academy\\\/en\\\/#website\",\"url\":\"https:\\\/\\\/raed.academy\\\/en\\\/\",\"name\":\"Royal European Academy of Doctors\",\"description\":\"Corporaci\u00f3n de derecho p\u00fablico de car\u00e1cter cient\u00edfico, t\u00e9cnico y art\u00edstico, que tiene por objeto la investigaci\u00f3n, el estudio, el fomento y la extensi\u00f3n del conocimiento en su sentido m\u00e1s amplio.\",\"publisher\":{\"@id\":\"https:\\\/\\\/raed.academy\\\/en\\\/#organization\"},\"potentialAction\":[{\"@type\":\"SearchAction\",\"target\":{\"@type\":\"EntryPoint\",\"urlTemplate\":\"https:\\\/\\\/raed.academy\\\/en\\\/?s={search_term_string}\"},\"query-input\":{\"@type\":\"PropertyValueSpecification\",\"valueRequired\":true,\"valueName\":\"search_term_string\"}}],\"inLanguage\":\"en-US\"},{\"@type\":\"Organization\",\"@id\":\"https:\\\/\\\/raed.academy\\\/en\\\/#organization\",\"name\":\"Real Academia Europea de Doctores\",\"url\":\"https:\\\/\\\/raed.academy\\\/en\\\/\",\"logo\":{\"@type\":\"ImageObject\",\"inLanguage\":\"en-US\",\"@id\":\"https:\\\/\\\/raed.academy\\\/en\\\/#\\\/schema\\\/logo\\\/image\\\/\",\"url\":\"https:\\\/\\\/raed.academy\\\/wp-content\\\/uploads\\\/2017\\\/01\\\/cropped-logo_raed.png\",\"contentUrl\":\"https:\\\/\\\/raed.academy\\\/wp-content\\\/uploads\\\/2017\\\/01\\\/cropped-logo_raed.png\",\"width\":512,\"height\":512,\"caption\":\"Real Academia Europea de Doctores\"},\"image\":{\"@id\":\"https:\\\/\\\/raed.academy\\\/en\\\/#\\\/schema\\\/logo\\\/image\\\/\"},\"sameAs\":[\"http:\\\/\\\/fb.me\\\/raed.academy\",\"https:\\\/\\\/x.com\\\/raedacademy\",\"https:\\\/\\\/www.instagram.com\\\/raed.academy\\\/\",\"https:\\\/\\\/www.youtube.com\\\/channel\\\/UCUYQwW2KrdirNWihxMDObwg\"]},{\"@type\":\"Person\",\"@id\":\"https:\\\/\\\/raed.academy\\\/en\\\/#\\\/schema\\\/person\\\/5a755da80d1d979fd66ba745c8702927\",\"name\":\"RAED\",\"image\":{\"@type\":\"ImageObject\",\"inLanguage\":\"en-US\",\"@id\":\"https:\\\/\\\/secure.gravatar.com\\\/avatar\\\/19fdfdc0d67fb9c45714b703a2ac82251c4fcea3637f002ac3c9b74c0183583c?s=96&d=mm&r=g\",\"url\":\"https:\\\/\\\/secure.gravatar.com\\\/avatar\\\/19fdfdc0d67fb9c45714b703a2ac82251c4fcea3637f002ac3c9b74c0183583c?s=96&d=mm&r=g\",\"contentUrl\":\"https:\\\/\\\/secure.gravatar.com\\\/avatar\\\/19fdfdc0d67fb9c45714b703a2ac82251c4fcea3637f002ac3c9b74c0183583c?s=96&d=mm&r=g\",\"caption\":\"RAED\"}}]}<\/script>\n<!-- \/ Yoast SEO plugin. -->","yoast_head_json":{"title":"Christianity in the Age of Enlightenment - Royal European Academy of Doctors","robots":{"index":"index","follow":"follow","max-snippet":"max-snippet:-1","max-image-preview":"max-image-preview:large","max-video-preview":"max-video-preview:-1"},"canonical":"https:\/\/raed.academy\/en\/christianity-in-the-age-of-enlightenment\/","og_locale":"en_US","og_type":"article","og_title":"Christianity in the Age of Enlightenment - Royal European Academy of Doctors","og_description":"Josep Ignasi Saranyana, professor emeritus of the University of Navarra and full academician of the Royal European Academy of Doctors-Barcelona 1914 (RAED), has donated to the Library of the Academy the book &#8220;La teologia cristiana a la Modernitat. De l&#8217;albada del segle XVI al llindar de la Il\u00b7lustraci\u00f3&#8221; (Christian Theology to Modernity. From the beginning [&hellip;]","og_url":"https:\/\/raed.academy\/en\/christianity-in-the-age-of-enlightenment\/","og_site_name":"Royal European Academy of Doctors","article_publisher":"http:\/\/fb.me\/raed.academy","article_published_time":"2019-02-27T18:02:09+00:00","article_modified_time":"2019-03-07T17:05:00+00:00","og_image":[{"width":450,"height":680,"url":"https:\/\/raed.academy\/wp-content\/uploads\/2019\/02\/La-Teologia-Cristiana-a-la-Modernitat_Josep-Ignasi-Saranyana.jpg","type":"image\/jpeg"}],"author":"RAED","twitter_card":"summary_large_image","twitter_creator":"@raedacademy","twitter_site":"@raedacademy","twitter_misc":{"Written by":"RAED","Est. reading time":"2 minutes"},"schema":{"@context":"https:\/\/schema.org","@graph":[{"@type":"Article","@id":"https:\/\/raed.academy\/en\/christianity-in-the-age-of-enlightenment\/#article","isPartOf":{"@id":"https:\/\/raed.academy\/en\/christianity-in-the-age-of-enlightenment\/"},"author":{"name":"RAED","@id":"https:\/\/raed.academy\/en\/#\/schema\/person\/5a755da80d1d979fd66ba745c8702927"},"headline":"Christianity in the Age of Enlightenment","datePublished":"2019-02-27T18:02:09+00:00","dateModified":"2019-03-07T17:05:00+00:00","mainEntityOfPage":{"@id":"https:\/\/raed.academy\/en\/christianity-in-the-age-of-enlightenment\/"},"wordCount":321,"publisher":{"@id":"https:\/\/raed.academy\/en\/#organization"},"image":{"@id":"https:\/\/raed.academy\/en\/christianity-in-the-age-of-enlightenment\/#primaryimage"},"thumbnailUrl":"https:\/\/raed.academy\/wp-content\/uploads\/2019\/02\/La-Teologia-Cristiana-a-la-Modernitat_Josep-Ignasi-Saranyana.jpg","articleSection":["History"],"inLanguage":"en-US"},{"@type":"WebPage","@id":"https:\/\/raed.academy\/en\/christianity-in-the-age-of-enlightenment\/","url":"https:\/\/raed.academy\/en\/christianity-in-the-age-of-enlightenment\/","name":"Christianity in the Age of Enlightenment - Royal European Academy of Doctors","isPartOf":{"@id":"https:\/\/raed.academy\/en\/#website"},"primaryImageOfPage":{"@id":"https:\/\/raed.academy\/en\/christianity-in-the-age-of-enlightenment\/#primaryimage"},"image":{"@id":"https:\/\/raed.academy\/en\/christianity-in-the-age-of-enlightenment\/#primaryimage"},"thumbnailUrl":"https:\/\/raed.academy\/wp-content\/uploads\/2019\/02\/La-Teologia-Cristiana-a-la-Modernitat_Josep-Ignasi-Saranyana.jpg","datePublished":"2019-02-27T18:02:09+00:00","dateModified":"2019-03-07T17:05:00+00:00","breadcrumb":{"@id":"https:\/\/raed.academy\/en\/christianity-in-the-age-of-enlightenment\/#breadcrumb"},"inLanguage":"en-US","potentialAction":[{"@type":"ReadAction","target":["https:\/\/raed.academy\/en\/christianity-in-the-age-of-enlightenment\/"]}]},{"@type":"ImageObject","inLanguage":"en-US","@id":"https:\/\/raed.academy\/en\/christianity-in-the-age-of-enlightenment\/#primaryimage","url":"https:\/\/raed.academy\/wp-content\/uploads\/2019\/02\/La-Teologia-Cristiana-a-la-Modernitat_Josep-Ignasi-Saranyana.jpg","contentUrl":"https:\/\/raed.academy\/wp-content\/uploads\/2019\/02\/La-Teologia-Cristiana-a-la-Modernitat_Josep-Ignasi-Saranyana.jpg","width":450,"height":680},{"@type":"BreadcrumbList","@id":"https:\/\/raed.academy\/en\/christianity-in-the-age-of-enlightenment\/#breadcrumb","itemListElement":[{"@type":"ListItem","position":1,"name":"Inicio","item":"https:\/\/raed.academy\/en\/"},{"@type":"ListItem","position":2,"name":"Christianity in the Age of Enlightenment"}]},{"@type":"WebSite","@id":"https:\/\/raed.academy\/en\/#website","url":"https:\/\/raed.academy\/en\/","name":"Royal European Academy of Doctors","description":"Corporaci\u00f3n de derecho p\u00fablico de car\u00e1cter cient\u00edfico, t\u00e9cnico y art\u00edstico, que tiene por objeto la investigaci\u00f3n, el estudio, el fomento y la extensi\u00f3n del conocimiento en su sentido m\u00e1s amplio.","publisher":{"@id":"https:\/\/raed.academy\/en\/#organization"},"potentialAction":[{"@type":"SearchAction","target":{"@type":"EntryPoint","urlTemplate":"https:\/\/raed.academy\/en\/?s={search_term_string}"},"query-input":{"@type":"PropertyValueSpecification","valueRequired":true,"valueName":"search_term_string"}}],"inLanguage":"en-US"},{"@type":"Organization","@id":"https:\/\/raed.academy\/en\/#organization","name":"Real Academia Europea de Doctores","url":"https:\/\/raed.academy\/en\/","logo":{"@type":"ImageObject","inLanguage":"en-US","@id":"https:\/\/raed.academy\/en\/#\/schema\/logo\/image\/","url":"https:\/\/raed.academy\/wp-content\/uploads\/2017\/01\/cropped-logo_raed.png","contentUrl":"https:\/\/raed.academy\/wp-content\/uploads\/2017\/01\/cropped-logo_raed.png","width":512,"height":512,"caption":"Real Academia Europea de Doctores"},"image":{"@id":"https:\/\/raed.academy\/en\/#\/schema\/logo\/image\/"},"sameAs":["http:\/\/fb.me\/raed.academy","https:\/\/x.com\/raedacademy","https:\/\/www.instagram.com\/raed.academy\/","https:\/\/www.youtube.com\/channel\/UCUYQwW2KrdirNWihxMDObwg"]},{"@type":"Person","@id":"https:\/\/raed.academy\/en\/#\/schema\/person\/5a755da80d1d979fd66ba745c8702927","name":"RAED","image":{"@type":"ImageObject","inLanguage":"en-US","@id":"https:\/\/secure.gravatar.com\/avatar\/19fdfdc0d67fb9c45714b703a2ac82251c4fcea3637f002ac3c9b74c0183583c?s=96&d=mm&r=g","url":"https:\/\/secure.gravatar.com\/avatar\/19fdfdc0d67fb9c45714b703a2ac82251c4fcea3637f002ac3c9b74c0183583c?s=96&d=mm&r=g","contentUrl":"https:\/\/secure.gravatar.com\/avatar\/19fdfdc0d67fb9c45714b703a2ac82251c4fcea3637f002ac3c9b74c0183583c?s=96&d=mm&r=g","caption":"RAED"}}]}},"_links":{"self":[{"href":"https:\/\/raed.academy\/en\/wp-json\/wp\/v2\/posts\/67894","targetHints":{"allow":["GET"]}}],"collection":[{"href":"https:\/\/raed.academy\/en\/wp-json\/wp\/v2\/posts"}],"about":[{"href":"https:\/\/raed.academy\/en\/wp-json\/wp\/v2\/types\/post"}],"author":[{"embeddable":true,"href":"https:\/\/raed.academy\/en\/wp-json\/wp\/v2\/users\/12"}],"replies":[{"embeddable":true,"href":"https:\/\/raed.academy\/en\/wp-json\/wp\/v2\/comments?post=67894"}],"version-history":[{"count":0,"href":"https:\/\/raed.academy\/en\/wp-json\/wp\/v2\/posts\/67894\/revisions"}],"wp:featuredmedia":[{"embeddable":true,"href":"https:\/\/raed.academy\/en\/wp-json\/wp\/v2\/media\/67763"}],"wp:attachment":[{"href":"https:\/\/raed.academy\/en\/wp-json\/wp\/v2\/media?parent=67894"}],"wp:term":[{"taxonomy":"category","embeddable":true,"href":"https:\/\/raed.academy\/en\/wp-json\/wp\/v2\/categories?post=67894"},{"taxonomy":"post_tag","embeddable":true,"href":"https:\/\/raed.academy\/en\/wp-json\/wp\/v2\/tags?post=67894"}],"curies":[{"name":"wp","href":"https:\/\/api.w.org\/{rel}","templated":true}]}}