{"id":64264,"date":"2019-01-09T10:01:59","date_gmt":"2019-01-09T10:01:59","guid":{"rendered":"https:\/\/raed.academy\/?p=64264"},"modified":"2019-01-11T11:20:52","modified_gmt":"2019-01-11T11:20:52","slug":"video-summary-of-the-admission-of-rafael-urrialde","status":"publish","type":"post","link":"https:\/\/raed.academy\/en\/video-summary-of-the-admission-of-rafael-urrialde\/","title":{"rendered":"Video summary of the admission of Rafael Urrialde"},"content":{"rendered":"<p>The YouTube channel of the <strong>Royal European Academy of Doctors-Barcelona 1914<\/strong> (RAED) already has the video summary of admission as a corresponding academician of <a href=\"https:\/\/raed.academy\/en\/academicians\/dr-rafael-urrialde-de-andres\/\" target=\"_blank\" rel=\"noopener\"><strong>Rafael Urrialde<\/strong><\/a>, doctor in Biological Sciences, which was held in Barcelona on September 20. The recipient read the admission speech <strong>&#8220;Evoluci\u00f3n de la informaci\u00f3n relacionada con la alimentaci\u00f3n y la nutrici\u00f3n: retos de adaptaci\u00f3n por el consumidor&#8221;<\/strong> (Evolution of information related to food and nutrition: challenges of adaptation by the consumer). On behalf of the RAED answered the full academician <a href=\"https:\/\/raed.academy\/en\/academicians\/dr-lluis-serra-majem\/\" target=\"_blank\" rel=\"noopener\"><strong>Llu\u00eds Serra<\/strong><\/a>.<\/p>\n<p>In his presentation, the new academician highlighted how the advances of the last century in terms of food not only go by the variety and availability of food, unthinkable in previous times, but by food hygiene, something also new since conservation stopped be the only priority of many societies that devised and transmitted their own techniques.<\/p>\n<p>Member of different scientific committees related to food and nutrition, the new academician is the author and co-author of scientific publications related to nutrition education. He was Head of Health and Food Safety in <a href=\"http:\/\/www.lechepuleva.es\" target=\"_blank\" rel=\"noopener\"><strong>Puleva Food<\/strong><\/a>, director of the Health and Food Department in the <a href=\"http:\/\/www.uniondeconsumidores.info\" target=\"_blank\" rel=\"noopener\"><strong>Consumers Union of Spain<\/strong><\/a>, technical coordinator of the magazine <strong>&#8220;Ciudadano&#8221;<\/strong>, analysis technician of the <strong>Institute of the Cold<\/strong> of the Spanish <a href=\"http:\/\/www.csic.es\" target=\"_blank\" rel=\"noopener\"><strong>Superior Council of Scientific Research<\/strong><\/a> and collaborator of the <strong>Chair of Plant Physiology<\/strong> of the Faculty of Biological Sciences of the <a href=\"http:\/\/www.ucm.es\" target=\"_blank\" rel=\"noopener\"><strong>Complutense University of Madrid<\/strong><\/a>. He is currently director of Health and Nutrition at <a href=\"http:\/\/www.ccepiberia.com\" target=\"_blank\" rel=\"noopener\"><strong>Coca-Cola Iberia<\/strong><\/a>.<\/p>\n<h3>Video summary<\/h3>\n<p><iframe loading=\"lazy\" src=\"https:\/\/www.youtube.com\/embed\/sriiw3jhEwA\" width=\"1160\" height=\"632\" frameborder=\"0\" allowfullscreen=\"allowfullscreen\"><\/iframe><\/p>\n<h3>Full video<\/h3>\n<p><iframe loading=\"lazy\" src=\"https:\/\/www.youtube.com\/embed\/m7RJ8jzBO44\" width=\"1160\" height=\"632\" frameborder=\"0\" allowfullscreen=\"allowfullscreen\"><\/iframe><\/p>\n","protected":false},"excerpt":{"rendered":"<p>The YouTube channel of the Royal European Academy of Doctors-Barcelona 1914 (RAED) already has the video summary of admission as a corresponding academician of Rafael Urrialde, doctor in Biological Sciences, which was held in Barcelona on September 20. The recipient read the admission speech &#8220;Evoluci\u00f3n de la informaci\u00f3n relacionada con la alimentaci\u00f3n y la nutrici\u00f3n: [&hellip;]<\/p>\n","protected":false},"author":12,"featured_media":56714,"comment_status":"closed","ping_status":"closed","sticky":false,"template":"","format":"standard","meta":{"_et_pb_use_builder":"","_et_pb_old_content":"","_et_gb_content_width":"","footnotes":""},"categories":[236],"tags":[],"class_list":["post-64264","post","type-post","status-publish","format-standard","has-post-thumbnail","hentry","category-food-and-nutrition","et-has-post-format-content","et_post_format-et-post-format-standard"],"yoast_head":"<!-- This site is optimized with the Yoast SEO plugin v27.4 - https:\/\/yoast.com\/product\/yoast-seo-wordpress\/ -->\n<title>Video summary of the admission of Rafael Urrialde - Royal European Academy of Doctors<\/title>\n<meta name=\"robots\" content=\"index, follow, max-snippet:-1, max-image-preview:large, max-video-preview:-1\" \/>\n<link rel=\"canonical\" href=\"https:\/\/raed.academy\/en\/video-summary-of-the-admission-of-rafael-urrialde\/\" \/>\n<meta property=\"og:locale\" content=\"en_US\" \/>\n<meta property=\"og:type\" content=\"article\" \/>\n<meta property=\"og:title\" content=\"Video summary of the admission of Rafael Urrialde - Royal European Academy of Doctors\" \/>\n<meta property=\"og:description\" content=\"The YouTube channel of the Royal European Academy of Doctors-Barcelona 1914 (RAED) already has the video summary of admission as a corresponding academician of Rafael Urrialde, doctor in Biological Sciences, which was held in Barcelona on September 20. The recipient read the admission speech &#8220;Evoluci\u00f3n de la informaci\u00f3n relacionada con la alimentaci\u00f3n y la nutrici\u00f3n: [&hellip;]\" \/>\n<meta property=\"og:url\" content=\"https:\/\/raed.academy\/en\/video-summary-of-the-admission-of-rafael-urrialde\/\" \/>\n<meta property=\"og:site_name\" content=\"Royal European Academy of Doctors\" \/>\n<meta property=\"article:publisher\" content=\"http:\/\/fb.me\/raed.academy\" \/>\n<meta property=\"article:published_time\" content=\"2019-01-09T10:01:59+00:00\" \/>\n<meta property=\"article:modified_time\" content=\"2019-01-11T11:20:52+00:00\" \/>\n<meta property=\"og:image\" content=\"https:\/\/raed.academy\/wp-content\/uploads\/2018\/09\/acto-ingreso-Dr-Rafael-Urrialde-de-Andres-17.jpg\" \/>\n\t<meta property=\"og:image:width\" content=\"800\" \/>\n\t<meta property=\"og:image:height\" content=\"534\" \/>\n\t<meta property=\"og:image:type\" content=\"image\/jpeg\" \/>\n<meta name=\"author\" content=\"RAED\" \/>\n<meta name=\"twitter:card\" content=\"summary_large_image\" \/>\n<meta name=\"twitter:creator\" content=\"@raedacademy\" \/>\n<meta name=\"twitter:site\" content=\"@raedacademy\" \/>\n<meta name=\"twitter:label1\" content=\"Written by\" \/>\n\t<meta name=\"twitter:data1\" content=\"RAED\" \/>\n\t<meta name=\"twitter:label2\" content=\"Est. reading time\" \/>\n\t<meta name=\"twitter:data2\" content=\"1 minute\" \/>\n<script type=\"application\/ld+json\" class=\"yoast-schema-graph\">{\"@context\":\"https:\\\/\\\/schema.org\",\"@graph\":[{\"@type\":\"Article\",\"@id\":\"https:\\\/\\\/raed.academy\\\/en\\\/video-summary-of-the-admission-of-rafael-urrialde\\\/#article\",\"isPartOf\":{\"@id\":\"https:\\\/\\\/raed.academy\\\/en\\\/video-summary-of-the-admission-of-rafael-urrialde\\\/\"},\"author\":{\"name\":\"RAED\",\"@id\":\"https:\\\/\\\/raed.academy\\\/en\\\/#\\\/schema\\\/person\\\/5a755da80d1d979fd66ba745c8702927\"},\"headline\":\"Video summary of the admission of Rafael Urrialde\",\"datePublished\":\"2019-01-09T10:01:59+00:00\",\"dateModified\":\"2019-01-11T11:20:52+00:00\",\"mainEntityOfPage\":{\"@id\":\"https:\\\/\\\/raed.academy\\\/en\\\/video-summary-of-the-admission-of-rafael-urrialde\\\/\"},\"wordCount\":260,\"publisher\":{\"@id\":\"https:\\\/\\\/raed.academy\\\/en\\\/#organization\"},\"image\":{\"@id\":\"https:\\\/\\\/raed.academy\\\/en\\\/video-summary-of-the-admission-of-rafael-urrialde\\\/#primaryimage\"},\"thumbnailUrl\":\"https:\\\/\\\/raed.academy\\\/wp-content\\\/uploads\\\/2018\\\/09\\\/acto-ingreso-Dr-Rafael-Urrialde-de-Andres-17.jpg\",\"articleSection\":[\"Food and nutrition\"],\"inLanguage\":\"en-US\"},{\"@type\":\"WebPage\",\"@id\":\"https:\\\/\\\/raed.academy\\\/en\\\/video-summary-of-the-admission-of-rafael-urrialde\\\/\",\"url\":\"https:\\\/\\\/raed.academy\\\/en\\\/video-summary-of-the-admission-of-rafael-urrialde\\\/\",\"name\":\"Video summary of the admission of Rafael Urrialde - Royal European Academy of Doctors\",\"isPartOf\":{\"@id\":\"https:\\\/\\\/raed.academy\\\/en\\\/#website\"},\"primaryImageOfPage\":{\"@id\":\"https:\\\/\\\/raed.academy\\\/en\\\/video-summary-of-the-admission-of-rafael-urrialde\\\/#primaryimage\"},\"image\":{\"@id\":\"https:\\\/\\\/raed.academy\\\/en\\\/video-summary-of-the-admission-of-rafael-urrialde\\\/#primaryimage\"},\"thumbnailUrl\":\"https:\\\/\\\/raed.academy\\\/wp-content\\\/uploads\\\/2018\\\/09\\\/acto-ingreso-Dr-Rafael-Urrialde-de-Andres-17.jpg\",\"datePublished\":\"2019-01-09T10:01:59+00:00\",\"dateModified\":\"2019-01-11T11:20:52+00:00\",\"breadcrumb\":{\"@id\":\"https:\\\/\\\/raed.academy\\\/en\\\/video-summary-of-the-admission-of-rafael-urrialde\\\/#breadcrumb\"},\"inLanguage\":\"en-US\",\"potentialAction\":[{\"@type\":\"ReadAction\",\"target\":[\"https:\\\/\\\/raed.academy\\\/en\\\/video-summary-of-the-admission-of-rafael-urrialde\\\/\"]}]},{\"@type\":\"ImageObject\",\"inLanguage\":\"en-US\",\"@id\":\"https:\\\/\\\/raed.academy\\\/en\\\/video-summary-of-the-admission-of-rafael-urrialde\\\/#primaryimage\",\"url\":\"https:\\\/\\\/raed.academy\\\/wp-content\\\/uploads\\\/2018\\\/09\\\/acto-ingreso-Dr-Rafael-Urrialde-de-Andres-17.jpg\",\"contentUrl\":\"https:\\\/\\\/raed.academy\\\/wp-content\\\/uploads\\\/2018\\\/09\\\/acto-ingreso-Dr-Rafael-Urrialde-de-Andres-17.jpg\",\"width\":800,\"height\":534},{\"@type\":\"BreadcrumbList\",\"@id\":\"https:\\\/\\\/raed.academy\\\/en\\\/video-summary-of-the-admission-of-rafael-urrialde\\\/#breadcrumb\",\"itemListElement\":[{\"@type\":\"ListItem\",\"position\":1,\"name\":\"Inicio\",\"item\":\"https:\\\/\\\/raed.academy\\\/en\\\/\"},{\"@type\":\"ListItem\",\"position\":2,\"name\":\"Video summary of the admission of Rafael Urrialde\"}]},{\"@type\":\"WebSite\",\"@id\":\"https:\\\/\\\/raed.academy\\\/en\\\/#website\",\"url\":\"https:\\\/\\\/raed.academy\\\/en\\\/\",\"name\":\"Royal European Academy of Doctors\",\"description\":\"Corporaci\u00f3n de derecho p\u00fablico de car\u00e1cter cient\u00edfico, t\u00e9cnico y art\u00edstico, que tiene por objeto la investigaci\u00f3n, el estudio, el fomento y la extensi\u00f3n del conocimiento en su sentido m\u00e1s amplio.\",\"publisher\":{\"@id\":\"https:\\\/\\\/raed.academy\\\/en\\\/#organization\"},\"potentialAction\":[{\"@type\":\"SearchAction\",\"target\":{\"@type\":\"EntryPoint\",\"urlTemplate\":\"https:\\\/\\\/raed.academy\\\/en\\\/?s={search_term_string}\"},\"query-input\":{\"@type\":\"PropertyValueSpecification\",\"valueRequired\":true,\"valueName\":\"search_term_string\"}}],\"inLanguage\":\"en-US\"},{\"@type\":\"Organization\",\"@id\":\"https:\\\/\\\/raed.academy\\\/en\\\/#organization\",\"name\":\"Real Academia Europea de Doctores\",\"url\":\"https:\\\/\\\/raed.academy\\\/en\\\/\",\"logo\":{\"@type\":\"ImageObject\",\"inLanguage\":\"en-US\",\"@id\":\"https:\\\/\\\/raed.academy\\\/en\\\/#\\\/schema\\\/logo\\\/image\\\/\",\"url\":\"https:\\\/\\\/raed.academy\\\/wp-content\\\/uploads\\\/2017\\\/01\\\/cropped-logo_raed.png\",\"contentUrl\":\"https:\\\/\\\/raed.academy\\\/wp-content\\\/uploads\\\/2017\\\/01\\\/cropped-logo_raed.png\",\"width\":512,\"height\":512,\"caption\":\"Real Academia Europea de Doctores\"},\"image\":{\"@id\":\"https:\\\/\\\/raed.academy\\\/en\\\/#\\\/schema\\\/logo\\\/image\\\/\"},\"sameAs\":[\"http:\\\/\\\/fb.me\\\/raed.academy\",\"https:\\\/\\\/x.com\\\/raedacademy\",\"https:\\\/\\\/www.instagram.com\\\/raed.academy\\\/\",\"https:\\\/\\\/www.youtube.com\\\/channel\\\/UCUYQwW2KrdirNWihxMDObwg\"]},{\"@type\":\"Person\",\"@id\":\"https:\\\/\\\/raed.academy\\\/en\\\/#\\\/schema\\\/person\\\/5a755da80d1d979fd66ba745c8702927\",\"name\":\"RAED\",\"image\":{\"@type\":\"ImageObject\",\"inLanguage\":\"en-US\",\"@id\":\"https:\\\/\\\/secure.gravatar.com\\\/avatar\\\/19fdfdc0d67fb9c45714b703a2ac82251c4fcea3637f002ac3c9b74c0183583c?s=96&d=mm&r=g\",\"url\":\"https:\\\/\\\/secure.gravatar.com\\\/avatar\\\/19fdfdc0d67fb9c45714b703a2ac82251c4fcea3637f002ac3c9b74c0183583c?s=96&d=mm&r=g\",\"contentUrl\":\"https:\\\/\\\/secure.gravatar.com\\\/avatar\\\/19fdfdc0d67fb9c45714b703a2ac82251c4fcea3637f002ac3c9b74c0183583c?s=96&d=mm&r=g\",\"caption\":\"RAED\"}}]}<\/script>\n<!-- \/ Yoast SEO plugin. -->","yoast_head_json":{"title":"Video summary of the admission of Rafael Urrialde - Royal European Academy of Doctors","robots":{"index":"index","follow":"follow","max-snippet":"max-snippet:-1","max-image-preview":"max-image-preview:large","max-video-preview":"max-video-preview:-1"},"canonical":"https:\/\/raed.academy\/en\/video-summary-of-the-admission-of-rafael-urrialde\/","og_locale":"en_US","og_type":"article","og_title":"Video summary of the admission of Rafael Urrialde - Royal European Academy of Doctors","og_description":"The YouTube channel of the Royal European Academy of Doctors-Barcelona 1914 (RAED) already has the video summary of admission as a corresponding academician of Rafael Urrialde, doctor in Biological Sciences, which was held in Barcelona on September 20. The recipient read the admission speech &#8220;Evoluci\u00f3n de la informaci\u00f3n relacionada con la alimentaci\u00f3n y la nutrici\u00f3n: [&hellip;]","og_url":"https:\/\/raed.academy\/en\/video-summary-of-the-admission-of-rafael-urrialde\/","og_site_name":"Royal European Academy of Doctors","article_publisher":"http:\/\/fb.me\/raed.academy","article_published_time":"2019-01-09T10:01:59+00:00","article_modified_time":"2019-01-11T11:20:52+00:00","og_image":[{"width":800,"height":534,"url":"https:\/\/raed.academy\/wp-content\/uploads\/2018\/09\/acto-ingreso-Dr-Rafael-Urrialde-de-Andres-17.jpg","type":"image\/jpeg"}],"author":"RAED","twitter_card":"summary_large_image","twitter_creator":"@raedacademy","twitter_site":"@raedacademy","twitter_misc":{"Written by":"RAED","Est. reading time":"1 minute"},"schema":{"@context":"https:\/\/schema.org","@graph":[{"@type":"Article","@id":"https:\/\/raed.academy\/en\/video-summary-of-the-admission-of-rafael-urrialde\/#article","isPartOf":{"@id":"https:\/\/raed.academy\/en\/video-summary-of-the-admission-of-rafael-urrialde\/"},"author":{"name":"RAED","@id":"https:\/\/raed.academy\/en\/#\/schema\/person\/5a755da80d1d979fd66ba745c8702927"},"headline":"Video summary of the admission of Rafael Urrialde","datePublished":"2019-01-09T10:01:59+00:00","dateModified":"2019-01-11T11:20:52+00:00","mainEntityOfPage":{"@id":"https:\/\/raed.academy\/en\/video-summary-of-the-admission-of-rafael-urrialde\/"},"wordCount":260,"publisher":{"@id":"https:\/\/raed.academy\/en\/#organization"},"image":{"@id":"https:\/\/raed.academy\/en\/video-summary-of-the-admission-of-rafael-urrialde\/#primaryimage"},"thumbnailUrl":"https:\/\/raed.academy\/wp-content\/uploads\/2018\/09\/acto-ingreso-Dr-Rafael-Urrialde-de-Andres-17.jpg","articleSection":["Food and nutrition"],"inLanguage":"en-US"},{"@type":"WebPage","@id":"https:\/\/raed.academy\/en\/video-summary-of-the-admission-of-rafael-urrialde\/","url":"https:\/\/raed.academy\/en\/video-summary-of-the-admission-of-rafael-urrialde\/","name":"Video summary of the admission of Rafael Urrialde - Royal European Academy of Doctors","isPartOf":{"@id":"https:\/\/raed.academy\/en\/#website"},"primaryImageOfPage":{"@id":"https:\/\/raed.academy\/en\/video-summary-of-the-admission-of-rafael-urrialde\/#primaryimage"},"image":{"@id":"https:\/\/raed.academy\/en\/video-summary-of-the-admission-of-rafael-urrialde\/#primaryimage"},"thumbnailUrl":"https:\/\/raed.academy\/wp-content\/uploads\/2018\/09\/acto-ingreso-Dr-Rafael-Urrialde-de-Andres-17.jpg","datePublished":"2019-01-09T10:01:59+00:00","dateModified":"2019-01-11T11:20:52+00:00","breadcrumb":{"@id":"https:\/\/raed.academy\/en\/video-summary-of-the-admission-of-rafael-urrialde\/#breadcrumb"},"inLanguage":"en-US","potentialAction":[{"@type":"ReadAction","target":["https:\/\/raed.academy\/en\/video-summary-of-the-admission-of-rafael-urrialde\/"]}]},{"@type":"ImageObject","inLanguage":"en-US","@id":"https:\/\/raed.academy\/en\/video-summary-of-the-admission-of-rafael-urrialde\/#primaryimage","url":"https:\/\/raed.academy\/wp-content\/uploads\/2018\/09\/acto-ingreso-Dr-Rafael-Urrialde-de-Andres-17.jpg","contentUrl":"https:\/\/raed.academy\/wp-content\/uploads\/2018\/09\/acto-ingreso-Dr-Rafael-Urrialde-de-Andres-17.jpg","width":800,"height":534},{"@type":"BreadcrumbList","@id":"https:\/\/raed.academy\/en\/video-summary-of-the-admission-of-rafael-urrialde\/#breadcrumb","itemListElement":[{"@type":"ListItem","position":1,"name":"Inicio","item":"https:\/\/raed.academy\/en\/"},{"@type":"ListItem","position":2,"name":"Video summary of the admission of Rafael Urrialde"}]},{"@type":"WebSite","@id":"https:\/\/raed.academy\/en\/#website","url":"https:\/\/raed.academy\/en\/","name":"Royal European Academy of Doctors","description":"Corporaci\u00f3n de derecho p\u00fablico de car\u00e1cter cient\u00edfico, t\u00e9cnico y art\u00edstico, que tiene por objeto la investigaci\u00f3n, el estudio, el fomento y la extensi\u00f3n del conocimiento en su sentido m\u00e1s amplio.","publisher":{"@id":"https:\/\/raed.academy\/en\/#organization"},"potentialAction":[{"@type":"SearchAction","target":{"@type":"EntryPoint","urlTemplate":"https:\/\/raed.academy\/en\/?s={search_term_string}"},"query-input":{"@type":"PropertyValueSpecification","valueRequired":true,"valueName":"search_term_string"}}],"inLanguage":"en-US"},{"@type":"Organization","@id":"https:\/\/raed.academy\/en\/#organization","name":"Real Academia Europea de Doctores","url":"https:\/\/raed.academy\/en\/","logo":{"@type":"ImageObject","inLanguage":"en-US","@id":"https:\/\/raed.academy\/en\/#\/schema\/logo\/image\/","url":"https:\/\/raed.academy\/wp-content\/uploads\/2017\/01\/cropped-logo_raed.png","contentUrl":"https:\/\/raed.academy\/wp-content\/uploads\/2017\/01\/cropped-logo_raed.png","width":512,"height":512,"caption":"Real Academia Europea de Doctores"},"image":{"@id":"https:\/\/raed.academy\/en\/#\/schema\/logo\/image\/"},"sameAs":["http:\/\/fb.me\/raed.academy","https:\/\/x.com\/raedacademy","https:\/\/www.instagram.com\/raed.academy\/","https:\/\/www.youtube.com\/channel\/UCUYQwW2KrdirNWihxMDObwg"]},{"@type":"Person","@id":"https:\/\/raed.academy\/en\/#\/schema\/person\/5a755da80d1d979fd66ba745c8702927","name":"RAED","image":{"@type":"ImageObject","inLanguage":"en-US","@id":"https:\/\/secure.gravatar.com\/avatar\/19fdfdc0d67fb9c45714b703a2ac82251c4fcea3637f002ac3c9b74c0183583c?s=96&d=mm&r=g","url":"https:\/\/secure.gravatar.com\/avatar\/19fdfdc0d67fb9c45714b703a2ac82251c4fcea3637f002ac3c9b74c0183583c?s=96&d=mm&r=g","contentUrl":"https:\/\/secure.gravatar.com\/avatar\/19fdfdc0d67fb9c45714b703a2ac82251c4fcea3637f002ac3c9b74c0183583c?s=96&d=mm&r=g","caption":"RAED"}}]}},"_links":{"self":[{"href":"https:\/\/raed.academy\/en\/wp-json\/wp\/v2\/posts\/64264","targetHints":{"allow":["GET"]}}],"collection":[{"href":"https:\/\/raed.academy\/en\/wp-json\/wp\/v2\/posts"}],"about":[{"href":"https:\/\/raed.academy\/en\/wp-json\/wp\/v2\/types\/post"}],"author":[{"embeddable":true,"href":"https:\/\/raed.academy\/en\/wp-json\/wp\/v2\/users\/12"}],"replies":[{"embeddable":true,"href":"https:\/\/raed.academy\/en\/wp-json\/wp\/v2\/comments?post=64264"}],"version-history":[{"count":0,"href":"https:\/\/raed.academy\/en\/wp-json\/wp\/v2\/posts\/64264\/revisions"}],"wp:featuredmedia":[{"embeddable":true,"href":"https:\/\/raed.academy\/en\/wp-json\/wp\/v2\/media\/56714"}],"wp:attachment":[{"href":"https:\/\/raed.academy\/en\/wp-json\/wp\/v2\/media?parent=64264"}],"wp:term":[{"taxonomy":"category","embeddable":true,"href":"https:\/\/raed.academy\/en\/wp-json\/wp\/v2\/categories?post=64264"},{"taxonomy":"post_tag","embeddable":true,"href":"https:\/\/raed.academy\/en\/wp-json\/wp\/v2\/tags?post=64264"}],"curies":[{"name":"wp","href":"https:\/\/api.w.org\/{rel}","templated":true}]}}