{"id":63903,"date":"2019-01-02T18:10:16","date_gmt":"2019-01-02T18:10:16","guid":{"rendered":"https:\/\/raed.academy\/?p=63903"},"modified":"2019-01-07T11:05:18","modified_gmt":"2019-01-07T11:05:18","slug":"convening-power","status":"publish","type":"post","link":"https:\/\/raed.academy\/en\/convening-power\/","title":{"rendered":"Convening power"},"content":{"rendered":"<h2>Some 8,000 people attended the hundred events organised by the RAED throughout 2018<\/h2>\n<p>Around 8,000 people attended the 96 events organised by the <strong>Royal European Academy of Doctors-Barcelona 1914<\/strong> (RAED) throughout 2018. They were, in particular, two book presentations, 17 academic admissions, 10 debates, 58 conferences and colloquia, eight concerts and one Consolatio. Precisely in the section of conferences and debates, the <strong>4th International Act-International Congress of Interdisciplinary Research<\/strong>, held last July in various cities of the Mediterranean, was one of those that registered more participation followed by the conference given by the former president of Brazil <strong>Dilma Rousseff<\/strong> and the day of conferences that took place at the <a href=\"https:\/\/www.hotelbalnearivichycatalan.cat\" target=\"_blank\" rel=\"noopener\"><strong>Spa Hotel Vichy Catal\u00e1n<\/strong><\/a>.<\/p>\n<p>Regarding the admissions of academicians, the 17 acts gathered around 800 people in the Assembly Hall of Catalan Labour<a href=\"http:\/\/www.foment.com\" target=\"_blank\" rel=\"noopener\"><strong> National Work Promotion<\/strong><\/a>. The admission as honorary academician of the Japanese consul in Barcelona, \u200b\u200b<a href=\"https:\/\/raed.academy\/en\/academicians\/naohito-watanabe\/\" target=\"_blank\" rel=\"noopener\"><strong>Naohito Watanabe<\/strong><\/a>, was the one that gathered the largest number of attendees, followed by those of the academicians <a href=\"https:\/\/raed.academy\/en\/academicians\/dr-mariangela-vilallonga-vives\/\" target=\"_blank\" rel=\"noopener\"><strong>Mari\u00e0ngela Vilallonga<\/strong><\/a> and <a href=\"https:\/\/raed.academy\/en\/academicians\/dr-mireia-las-heras-maestro\/\" target=\"_blank\" rel=\"noopener\"><strong>Mireia Las Heras<\/strong><\/a>.<\/p>\n<p>As for the activity of the sections of the RAED, the most dynamic were those of Social Sciences and Health Sciences (26 organised events), Experimental Sciences (13 organised events) and Human Sciences (seven organised events). Also noteworthy are the multidisciplinary acts organised jointly by several sections (21).<\/p>\n<p>Most of the activities have been located in Barcelona. However, the organisation of events in other cities is increasing (44 events), as shown by the activities carried out in Madrid, Seville or Girona, not counting the foreign cities in which RAED has visited its international events. During this year there have been two: in addition to the International Congress that has travelled the Mediterranean, the dialogue\u00a0<strong>&#8220;Los retos de la ciencia y el humanismo actual vistos desde la perspectiva de las academias cient\u00edficas&#8221;<\/strong> (The challenges of science and current humanism seen from the perspective of scientific academies), organised in the Vatican with the <a href=\"http:\/\/www.vatican.va\/roman_curia\/pontifical_academies\/acdscien\/index_sp.htm\" target=\"_blank\" rel=\"noopener\"><strong>Pontifical Academy of Sciences<\/strong><\/a>, and the <strong>Doctoral Thesis Contest<\/strong> in Mexico, organised together with the <a href=\"http:\/\/www.utlaguna.edu.mx\/cieslag\" target=\"_blank\" rel=\"noopener\"><strong>Community of Institutions of Higher Education of La Laguna<\/strong><\/a>, which this 2018 was consolidated with its second edition and had a great reception from the public.<\/p>\n<p>&nbsp;<\/p>\n\n\t\t<style type=\"text\/css\">\n\t\t\t#gallery-1 {\n\t\t\t\tmargin: auto;\n\t\t\t}\n\t\t\t#gallery-1 .gallery-item {\n\t\t\t\tfloat: left;\n\t\t\t\tmargin-top: 10px;\n\t\t\t\ttext-align: center;\n\t\t\t\twidth: 25%;\n\t\t\t}\n\t\t\t#gallery-1 img {\n\t\t\t\tborder: 2px solid #cfcfcf;\n\t\t\t}\n\t\t\t#gallery-1 .gallery-caption {\n\t\t\t\tmargin-left: 0;\n\t\t\t}\n\t\t\t\/* see gallery_shortcode() in wp-includes\/media.php *\/\n\t\t<\/style>\n\t\t<div id='gallery-1' class='gallery galleryid-63903 gallery-columns-4 gallery-size-medium'><dl class='gallery-item'>\n\t\t\t<dt class='gallery-icon landscape'>\n\t\t\t\t<a href='https:\/\/raed.academy\/wp-content\/uploads\/2018\/01\/presentacion-del-libro-La-noria-de-Xabier-A\u00f1overos-2.jpg'><img loading=\"lazy\" decoding=\"async\" width=\"800\" height=\"533\" src=\"https:\/\/raed.academy\/wp-content\/uploads\/2018\/01\/presentacion-del-libro-La-noria-de-Xabier-A\u00f1overos-2.jpg\" class=\"attachment-medium size-medium\" alt=\"\" srcset=\"https:\/\/raed.academy\/wp-content\/uploads\/2018\/01\/presentacion-del-libro-La-noria-de-Xabier-A\u00f1overos-2.jpg 800w, https:\/\/raed.academy\/wp-content\/uploads\/2018\/01\/presentacion-del-libro-La-noria-de-Xabier-A\u00f1overos-2-768x512.jpg 768w\" sizes=\"(max-width: 800px) 100vw, 800px\" \/><\/a>\n\t\t\t<\/dt><\/dl><dl class='gallery-item'>\n\t\t\t<dt class='gallery-icon landscape'>\n\t\t\t\t<a href='https:\/\/raed.academy\/wp-content\/uploads\/2018\/02\/acto-ingreso-RAED-Javier-Gil-Mur-6.jpg'><img loading=\"lazy\" decoding=\"async\" width=\"800\" height=\"533\" src=\"https:\/\/raed.academy\/wp-content\/uploads\/2018\/02\/acto-ingreso-RAED-Javier-Gil-Mur-6.jpg\" class=\"attachment-medium size-medium\" alt=\"\" srcset=\"https:\/\/raed.academy\/wp-content\/uploads\/2018\/02\/acto-ingreso-RAED-Javier-Gil-Mur-6.jpg 800w, https:\/\/raed.academy\/wp-content\/uploads\/2018\/02\/acto-ingreso-RAED-Javier-Gil-Mur-6-768x512.jpg 768w\" sizes=\"(max-width: 800px) 100vw, 800px\" \/><\/a>\n\t\t\t<\/dt><\/dl><dl class='gallery-item'>\n\t\t\t<dt class='gallery-icon landscape'>\n\t\t\t\t<a href='https:\/\/raed.academy\/wp-content\/uploads\/2018\/02\/acto-ingreso-Carlo-Maria-Gallucci-5.jpg'><img loading=\"lazy\" decoding=\"async\" width=\"800\" height=\"533\" src=\"https:\/\/raed.academy\/wp-content\/uploads\/2018\/02\/acto-ingreso-Carlo-Maria-Gallucci-5.jpg\" class=\"attachment-medium size-medium\" alt=\"\" srcset=\"https:\/\/raed.academy\/wp-content\/uploads\/2018\/02\/acto-ingreso-Carlo-Maria-Gallucci-5.jpg 800w, https:\/\/raed.academy\/wp-content\/uploads\/2018\/02\/acto-ingreso-Carlo-Maria-Gallucci-5-768x512.jpg 768w\" sizes=\"(max-width: 800px) 100vw, 800px\" \/><\/a>\n\t\t\t<\/dt><\/dl><dl class='gallery-item'>\n\t\t\t<dt class='gallery-icon landscape'>\n\t\t\t\t<a href='https:\/\/raed.academy\/wp-content\/uploads\/2018\/02\/7-conferencia-Erwin-Neher-Cajasol.jpg'><img loading=\"lazy\" decoding=\"async\" width=\"950\" height=\"633\" src=\"https:\/\/raed.academy\/wp-content\/uploads\/2018\/02\/7-conferencia-Erwin-Neher-Cajasol.jpg\" class=\"attachment-medium size-medium\" alt=\"\" srcset=\"https:\/\/raed.academy\/wp-content\/uploads\/2018\/02\/7-conferencia-Erwin-Neher-Cajasol.jpg 950w, https:\/\/raed.academy\/wp-content\/uploads\/2018\/02\/7-conferencia-Erwin-Neher-Cajasol-768x512.jpg 768w\" sizes=\"(max-width: 950px) 100vw, 950px\" \/><\/a>\n\t\t\t<\/dt><\/dl><br style=\"clear: both\" \/><dl class='gallery-item'>\n\t\t\t<dt class='gallery-icon landscape'>\n\t\t\t\t<a href='https:\/\/raed.academy\/wp-content\/uploads\/2019\/01\/5-conferencias-Vichy-Catalan-2.jpg'><img loading=\"lazy\" decoding=\"async\" width=\"579\" height=\"386\" src=\"https:\/\/raed.academy\/wp-content\/uploads\/2019\/01\/5-conferencias-Vichy-Catalan-2.jpg\" class=\"attachment-medium size-medium\" alt=\"\" \/><\/a>\n\t\t\t<\/dt><\/dl><dl class='gallery-item'>\n\t\t\t<dt class='gallery-icon landscape'>\n\t\t\t\t<a href='https:\/\/raed.academy\/wp-content\/uploads\/2018\/03\/consolatio-6.jpg'><img loading=\"lazy\" decoding=\"async\" width=\"800\" height=\"533\" src=\"https:\/\/raed.academy\/wp-content\/uploads\/2018\/03\/consolatio-6.jpg\" class=\"attachment-medium size-medium\" alt=\"\" srcset=\"https:\/\/raed.academy\/wp-content\/uploads\/2018\/03\/consolatio-6.jpg 800w, https:\/\/raed.academy\/wp-content\/uploads\/2018\/03\/consolatio-6-768x512.jpg 768w\" sizes=\"(max-width: 800px) 100vw, 800px\" \/><\/a>\n\t\t\t<\/dt><\/dl><dl class='gallery-item'>\n\t\t\t<dt class='gallery-icon landscape'>\n\t\t\t\t<a href='https:\/\/raed.academy\/wp-content\/uploads\/2018\/03\/acto-ingreso-Rodolfo-Fernandez-Cuellas-5.jpg'><img loading=\"lazy\" decoding=\"async\" width=\"800\" height=\"533\" src=\"https:\/\/raed.academy\/wp-content\/uploads\/2018\/03\/acto-ingreso-Rodolfo-Fernandez-Cuellas-5.jpg\" class=\"attachment-medium size-medium\" alt=\"acto de ingreso de Rodolfo Fern\u00e1ndez Cuellas\" srcset=\"https:\/\/raed.academy\/wp-content\/uploads\/2018\/03\/acto-ingreso-Rodolfo-Fernandez-Cuellas-5.jpg 800w, https:\/\/raed.academy\/wp-content\/uploads\/2018\/03\/acto-ingreso-Rodolfo-Fernandez-Cuellas-5-768x512.jpg 768w\" sizes=\"(max-width: 800px) 100vw, 800px\" \/><\/a>\n\t\t\t<\/dt><\/dl><dl class='gallery-item'>\n\t\t\t<dt class='gallery-icon landscape'>\n\t\t\t\t<a href='https:\/\/raed.academy\/wp-content\/uploads\/2018\/03\/6-Richard-Roberts-conferencia-cultivos-transgenicos.jpg'><img loading=\"lazy\" decoding=\"async\" width=\"850\" height=\"567\" src=\"https:\/\/raed.academy\/wp-content\/uploads\/2018\/03\/6-Richard-Roberts-conferencia-cultivos-transgenicos.jpg\" class=\"attachment-medium size-medium\" alt=\"\u00bfSon seguros los cultivos transg\u00e9nicos?\" srcset=\"https:\/\/raed.academy\/wp-content\/uploads\/2018\/03\/6-Richard-Roberts-conferencia-cultivos-transgenicos.jpg 850w, https:\/\/raed.academy\/wp-content\/uploads\/2018\/03\/6-Richard-Roberts-conferencia-cultivos-transgenicos-768x512.jpg 768w\" sizes=\"(max-width: 850px) 100vw, 850px\" \/><\/a>\n\t\t\t<\/dt><\/dl><br style=\"clear: both\" \/><dl class='gallery-item'>\n\t\t\t<dt class='gallery-icon landscape'>\n\t\t\t\t<a href='https:\/\/raed.academy\/wp-content\/uploads\/2018\/05\/conferencia-Tutankamon-4.jpg'><img loading=\"lazy\" decoding=\"async\" width=\"800\" height=\"533\" src=\"https:\/\/raed.academy\/wp-content\/uploads\/2018\/05\/conferencia-Tutankamon-4.jpg\" class=\"attachment-medium size-medium\" alt=\"Conferencia: Misterio en vida y muerte \u2013 Tutankam\u00f3n\" srcset=\"https:\/\/raed.academy\/wp-content\/uploads\/2018\/05\/conferencia-Tutankamon-4.jpg 800w, https:\/\/raed.academy\/wp-content\/uploads\/2018\/05\/conferencia-Tutankamon-4-768x512.jpg 768w\" sizes=\"(max-width: 800px) 100vw, 800px\" \/><\/a>\n\t\t\t<\/dt><\/dl><dl class='gallery-item'>\n\t\t\t<dt class='gallery-icon landscape'>\n\t\t\t\t<a href='https:\/\/raed.academy\/wp-content\/uploads\/2018\/05\/Naohito-Watanabe-acto-ingreso-RAED-4.jpg'><img loading=\"lazy\" decoding=\"async\" width=\"800\" height=\"533\" src=\"https:\/\/raed.academy\/wp-content\/uploads\/2018\/05\/Naohito-Watanabe-acto-ingreso-RAED-4.jpg\" class=\"attachment-medium size-medium\" alt=\"\" srcset=\"https:\/\/raed.academy\/wp-content\/uploads\/2018\/05\/Naohito-Watanabe-acto-ingreso-RAED-4.jpg 800w, https:\/\/raed.academy\/wp-content\/uploads\/2018\/05\/Naohito-Watanabe-acto-ingreso-RAED-4-768x512.jpg 768w\" sizes=\"(max-width: 800px) 100vw, 800px\" \/><\/a>\n\t\t\t<\/dt><\/dl><dl class='gallery-item'>\n\t\t\t<dt class='gallery-icon landscape'>\n\t\t\t\t<a href='https:\/\/raed.academy\/wp-content\/uploads\/2018\/05\/ingreso-Maria-Asuncion-Peire-8.jpg'><img loading=\"lazy\" decoding=\"async\" width=\"1000\" height=\"667\" src=\"https:\/\/raed.academy\/wp-content\/uploads\/2018\/05\/ingreso-Maria-Asuncion-Peire-8.jpg\" class=\"attachment-medium size-medium\" alt=\"\" srcset=\"https:\/\/raed.academy\/wp-content\/uploads\/2018\/05\/ingreso-Maria-Asuncion-Peire-8.jpg 1000w, https:\/\/raed.academy\/wp-content\/uploads\/2018\/05\/ingreso-Maria-Asuncion-Peire-8-768x512.jpg 768w\" sizes=\"(max-width: 1000px) 100vw, 1000px\" \/><\/a>\n\t\t\t<\/dt><\/dl><dl class='gallery-item'>\n\t\t\t<dt class='gallery-icon landscape'>\n\t\t\t\t<a href='https:\/\/raed.academy\/wp-content\/uploads\/2018\/06\/acto-ingreso-Mireia-Las-Heras-10.jpg'><img loading=\"lazy\" decoding=\"async\" width=\"870\" height=\"580\" src=\"https:\/\/raed.academy\/wp-content\/uploads\/2018\/06\/acto-ingreso-Mireia-Las-Heras-10.jpg\" class=\"attachment-medium size-medium\" alt=\"\" srcset=\"https:\/\/raed.academy\/wp-content\/uploads\/2018\/06\/acto-ingreso-Mireia-Las-Heras-10.jpg 870w, https:\/\/raed.academy\/wp-content\/uploads\/2018\/06\/acto-ingreso-Mireia-Las-Heras-10-768x512.jpg 768w\" sizes=\"(max-width: 870px) 100vw, 870px\" \/><\/a>\n\t\t\t<\/dt><\/dl><br style=\"clear: both\" \/><dl class='gallery-item'>\n\t\t\t<dt class='gallery-icon landscape'>\n\t\t\t\t<a href='https:\/\/raed.academy\/wp-content\/uploads\/2018\/06\/acto-ingreso-Mireia-Las-Heras-11.jpg'><img loading=\"lazy\" decoding=\"async\" width=\"850\" height=\"566\" src=\"https:\/\/raed.academy\/wp-content\/uploads\/2018\/06\/acto-ingreso-Mireia-Las-Heras-11.jpg\" class=\"attachment-medium size-medium\" alt=\"\" srcset=\"https:\/\/raed.academy\/wp-content\/uploads\/2018\/06\/acto-ingreso-Mireia-Las-Heras-11.jpg 850w, https:\/\/raed.academy\/wp-content\/uploads\/2018\/06\/acto-ingreso-Mireia-Las-Heras-11-768x511.jpg 768w\" sizes=\"(max-width: 850px) 100vw, 850px\" \/><\/a>\n\t\t\t<\/dt><\/dl><dl class='gallery-item'>\n\t\t\t<dt class='gallery-icon landscape'>\n\t\t\t\t<a href='https:\/\/raed.academy\/wp-content\/uploads\/2018\/06\/acto-ingreso-Marta-Pulido-Mestre-2.jpg'><img loading=\"lazy\" decoding=\"async\" width=\"850\" height=\"567\" src=\"https:\/\/raed.academy\/wp-content\/uploads\/2018\/06\/acto-ingreso-Marta-Pulido-Mestre-2.jpg\" class=\"attachment-medium size-medium\" alt=\"\" srcset=\"https:\/\/raed.academy\/wp-content\/uploads\/2018\/06\/acto-ingreso-Marta-Pulido-Mestre-2.jpg 850w, https:\/\/raed.academy\/wp-content\/uploads\/2018\/06\/acto-ingreso-Marta-Pulido-Mestre-2-768x512.jpg 768w\" sizes=\"(max-width: 850px) 100vw, 850px\" \/><\/a>\n\t\t\t<\/dt><\/dl><dl class='gallery-item'>\n\t\t\t<dt class='gallery-icon landscape'>\n\t\t\t\t<a href='https:\/\/raed.academy\/wp-content\/uploads\/2017\/07\/discurso-de-ingreso-jerome-friedman.jpg'><img loading=\"lazy\" decoding=\"async\" width=\"300\" height=\"200\" src=\"https:\/\/raed.academy\/wp-content\/uploads\/2017\/07\/discurso-de-ingreso-jerome-friedman-300x200.jpg\" class=\"attachment-medium size-medium\" alt=\"\" srcset=\"https:\/\/raed.academy\/wp-content\/uploads\/2017\/07\/discurso-de-ingreso-jerome-friedman-300x200.jpg 300w, https:\/\/raed.academy\/wp-content\/uploads\/2017\/07\/discurso-de-ingreso-jerome-friedman-768x512.jpg 768w, https:\/\/raed.academy\/wp-content\/uploads\/2017\/07\/discurso-de-ingreso-jerome-friedman.jpg 800w\" sizes=\"(max-width: 300px) 100vw, 300px\" \/><\/a>\n\t\t\t<\/dt><\/dl><dl class='gallery-item'>\n\t\t\t<dt class='gallery-icon landscape'>\n\t\t\t\t<a href='https:\/\/raed.academy\/wp-content\/uploads\/2019\/01\/12-discurso-de-ingreso-jerome-friedman2.jpg'><img loading=\"lazy\" decoding=\"async\" width=\"529\" height=\"353\" src=\"https:\/\/raed.academy\/wp-content\/uploads\/2019\/01\/12-discurso-de-ingreso-jerome-friedman2.jpg\" class=\"attachment-medium size-medium\" alt=\"\" \/><\/a>\n\t\t\t<\/dt><\/dl><br style=\"clear: both\" \/><dl class='gallery-item'>\n\t\t\t<dt class='gallery-icon landscape'>\n\t\t\t\t<a href='https:\/\/raed.academy\/wp-content\/uploads\/2018\/08\/Pontificia-Academia-de-las-Ciencias-foto-grupo2.jpg'><img loading=\"lazy\" decoding=\"async\" width=\"900\" height=\"600\" src=\"https:\/\/raed.academy\/wp-content\/uploads\/2018\/08\/Pontificia-Academia-de-las-Ciencias-foto-grupo2.jpg\" class=\"attachment-medium size-medium\" alt=\"Pontificia Academia de las Ciencias\" srcset=\"https:\/\/raed.academy\/wp-content\/uploads\/2018\/08\/Pontificia-Academia-de-las-Ciencias-foto-grupo2.jpg 900w, https:\/\/raed.academy\/wp-content\/uploads\/2018\/08\/Pontificia-Academia-de-las-Ciencias-foto-grupo2-768x512.jpg 768w\" sizes=\"(max-width: 900px) 100vw, 900px\" \/><\/a>\n\t\t\t<\/dt><\/dl><dl class='gallery-item'>\n\t\t\t<dt class='gallery-icon landscape'>\n\t\t\t\t<a href='https:\/\/raed.academy\/wp-content\/uploads\/2018\/09\/Josep-Maria-Ustrell-i-Torrent-9.jpg'><img loading=\"lazy\" decoding=\"async\" width=\"1240\" height=\"827\" src=\"https:\/\/raed.academy\/wp-content\/uploads\/2018\/09\/Josep-Maria-Ustrell-i-Torrent-9.jpg\" class=\"attachment-medium size-medium\" alt=\"Josep Maria Ustrell i Torrent\" srcset=\"https:\/\/raed.academy\/wp-content\/uploads\/2018\/09\/Josep-Maria-Ustrell-i-Torrent-9.jpg 1240w, https:\/\/raed.academy\/wp-content\/uploads\/2018\/09\/Josep-Maria-Ustrell-i-Torrent-9-768x512.jpg 768w, https:\/\/raed.academy\/wp-content\/uploads\/2018\/09\/Josep-Maria-Ustrell-i-Torrent-9-1080x720.jpg 1080w\" sizes=\"(max-width: 1240px) 100vw, 1240px\" \/><\/a>\n\t\t\t<\/dt><\/dl><dl class='gallery-item'>\n\t\t\t<dt class='gallery-icon landscape'>\n\t\t\t\t<a href='https:\/\/raed.academy\/wp-content\/uploads\/2018\/10\/acto-ingreso-Jesus-Lafuente-Baraza-13.jpg'><img loading=\"lazy\" decoding=\"async\" width=\"1100\" height=\"734\" src=\"https:\/\/raed.academy\/wp-content\/uploads\/2018\/10\/acto-ingreso-Jesus-Lafuente-Baraza-13.jpg\" class=\"attachment-medium size-medium\" alt=\"\" srcset=\"https:\/\/raed.academy\/wp-content\/uploads\/2018\/10\/acto-ingreso-Jesus-Lafuente-Baraza-13.jpg 1100w, https:\/\/raed.academy\/wp-content\/uploads\/2018\/10\/acto-ingreso-Jesus-Lafuente-Baraza-13-768x512.jpg 768w, https:\/\/raed.academy\/wp-content\/uploads\/2018\/10\/acto-ingreso-Jesus-Lafuente-Baraza-13-1080x721.jpg 1080w\" sizes=\"(max-width: 1100px) 100vw, 1100px\" \/><\/a>\n\t\t\t<\/dt><\/dl><dl class='gallery-item'>\n\t\t\t<dt class='gallery-icon landscape'>\n\t\t\t\t<a href='https:\/\/raed.academy\/wp-content\/uploads\/2019\/01\/22-Universidad-Aut\u00f3noma-Coahuila-Mexico-Cieslag-2.jpg'><img loading=\"lazy\" decoding=\"async\" width=\"637\" height=\"425\" src=\"https:\/\/raed.academy\/wp-content\/uploads\/2019\/01\/22-Universidad-Aut\u00f3noma-Coahuila-Mexico-Cieslag-2.jpg\" class=\"attachment-medium size-medium\" alt=\"\" \/><\/a>\n\t\t\t<\/dt><\/dl><br style=\"clear: both\" \/><dl class='gallery-item'>\n\t\t\t<dt class='gallery-icon landscape'>\n\t\t\t\t<a href='https:\/\/raed.academy\/wp-content\/uploads\/2018\/10\/ingreso-RAED-Dr-Pere-Joan-Cardona-Iglesias-10.jpg'><img loading=\"lazy\" decoding=\"async\" width=\"970\" height=\"647\" src=\"https:\/\/raed.academy\/wp-content\/uploads\/2018\/10\/ingreso-RAED-Dr-Pere-Joan-Cardona-Iglesias-10.jpg\" class=\"attachment-medium size-medium\" alt=\"Ingreso RAED Dr. Pere Joan Cardona Iglesias\" srcset=\"https:\/\/raed.academy\/wp-content\/uploads\/2018\/10\/ingreso-RAED-Dr-Pere-Joan-Cardona-Iglesias-10.jpg 970w, https:\/\/raed.academy\/wp-content\/uploads\/2018\/10\/ingreso-RAED-Dr-Pere-Joan-Cardona-Iglesias-10-768x512.jpg 768w\" sizes=\"(max-width: 970px) 100vw, 970px\" \/><\/a>\n\t\t\t<\/dt><\/dl><dl class='gallery-item'>\n\t\t\t<dt class='gallery-icon landscape'>\n\t\t\t\t<a href='https:\/\/raed.academy\/wp-content\/uploads\/2019\/01\/24-debate-sobre-cardenal-Francesc-Vidal-i-Barraquer2.jpg'><img loading=\"lazy\" decoding=\"async\" width=\"600\" height=\"400\" src=\"https:\/\/raed.academy\/wp-content\/uploads\/2019\/01\/24-debate-sobre-cardenal-Francesc-Vidal-i-Barraquer2.jpg\" class=\"attachment-medium size-medium\" alt=\"El Cardenal Francesc Vidal i Barraquer (1868-1943)\" \/><\/a>\n\t\t\t<\/dt><\/dl><dl class='gallery-item'>\n\t\t\t<dt class='gallery-icon landscape'>\n\t\t\t\t<a href='https:\/\/raed.academy\/wp-content\/uploads\/2018\/12\/cena-Navidad-RAED-dstNtc.jpg'><img loading=\"lazy\" decoding=\"async\" width=\"970\" height=\"647\" src=\"https:\/\/raed.academy\/wp-content\/uploads\/2018\/12\/cena-Navidad-RAED-dstNtc.jpg\" class=\"attachment-medium size-medium\" alt=\"Cena de Navidad RAED 2018\" srcset=\"https:\/\/raed.academy\/wp-content\/uploads\/2018\/12\/cena-Navidad-RAED-dstNtc.jpg 970w, https:\/\/raed.academy\/wp-content\/uploads\/2018\/12\/cena-Navidad-RAED-dstNtc-768x512.jpg 768w\" sizes=\"(max-width: 970px) 100vw, 970px\" \/><\/a>\n\t\t\t<\/dt><\/dl><dl class='gallery-item'>\n\t\t\t<dt class='gallery-icon landscape'>\n\t\t\t\t<a href='https:\/\/raed.academy\/wp-content\/uploads\/2018\/12\/constitucion-fundacion-Pro-RAED-dstNtc.jpg'><img loading=\"lazy\" decoding=\"async\" width=\"1050\" height=\"700\" src=\"https:\/\/raed.academy\/wp-content\/uploads\/2018\/12\/constitucion-fundacion-Pro-RAED-dstNtc.jpg\" class=\"attachment-medium size-medium\" alt=\"\" srcset=\"https:\/\/raed.academy\/wp-content\/uploads\/2018\/12\/constitucion-fundacion-Pro-RAED-dstNtc.jpg 1050w, https:\/\/raed.academy\/wp-content\/uploads\/2018\/12\/constitucion-fundacion-Pro-RAED-dstNtc-768x512.jpg 768w\" sizes=\"(max-width: 1050px) 100vw, 1050px\" \/><\/a>\n\t\t\t<\/dt><\/dl><br style=\"clear: both\" \/>\n\t\t<\/div>\n\n","protected":false},"excerpt":{"rendered":"<p>Some 8,000 people attended the hundred events organised by the RAED throughout 2018 Around 8,000 people attended the 96 events organised by the Royal European Academy of Doctors-Barcelona 1914 (RAED) throughout 2018. They were, in particular, two book presentations, 17 academic admissions, 10 debates, 58 conferences and colloquia, eight concerts and one Consolatio. Precisely in [&hellip;]<\/p>\n","protected":false},"author":12,"featured_media":54202,"comment_status":"closed","ping_status":"closed","sticky":false,"template":"","format":"standard","meta":{"_et_pb_use_builder":"","_et_pb_old_content":"","_et_gb_content_width":"","footnotes":""},"categories":[67],"tags":[],"class_list":["post-63903","post","type-post","status-publish","format-standard","has-post-thumbnail","hentry","category-uncategorized-6","et-has-post-format-content","et_post_format-et-post-format-standard"],"yoast_head":"<!-- This site is optimized with the Yoast SEO plugin v27.4 - https:\/\/yoast.com\/product\/yoast-seo-wordpress\/ -->\n<title>Convening power - Royal European Academy of Doctors<\/title>\n<meta name=\"robots\" content=\"index, follow, max-snippet:-1, max-image-preview:large, max-video-preview:-1\" \/>\n<link rel=\"canonical\" href=\"https:\/\/raed.academy\/en\/convening-power\/\" \/>\n<meta property=\"og:locale\" content=\"en_US\" \/>\n<meta property=\"og:type\" content=\"article\" \/>\n<meta property=\"og:title\" content=\"Convening power - Royal European Academy of Doctors\" \/>\n<meta property=\"og:description\" content=\"Some 8,000 people attended the hundred events organised by the RAED throughout 2018 Around 8,000 people attended the 96 events organised by the Royal European Academy of Doctors-Barcelona 1914 (RAED) throughout 2018. They were, in particular, two book presentations, 17 academic admissions, 10 debates, 58 conferences and colloquia, eight concerts and one Consolatio. Precisely in [&hellip;]\" \/>\n<meta property=\"og:url\" content=\"https:\/\/raed.academy\/en\/convening-power\/\" \/>\n<meta property=\"og:site_name\" content=\"Royal European Academy of Doctors\" \/>\n<meta property=\"article:publisher\" content=\"http:\/\/fb.me\/raed.academy\" \/>\n<meta property=\"article:published_time\" content=\"2019-01-02T18:10:16+00:00\" \/>\n<meta property=\"article:modified_time\" content=\"2019-01-07T11:05:18+00:00\" \/>\n<meta property=\"og:image\" content=\"https:\/\/raed.academy\/wp-content\/uploads\/2018\/03\/acto-ingreso-Rodolfo-Fernandez-Cuellas-5.jpg\" \/>\n\t<meta property=\"og:image:width\" content=\"800\" \/>\n\t<meta property=\"og:image:height\" content=\"533\" \/>\n\t<meta property=\"og:image:type\" content=\"image\/jpeg\" \/>\n<meta name=\"author\" content=\"RAED\" \/>\n<meta name=\"twitter:card\" content=\"summary_large_image\" \/>\n<meta name=\"twitter:creator\" content=\"@raedacademy\" \/>\n<meta name=\"twitter:site\" content=\"@raedacademy\" \/>\n<meta name=\"twitter:label1\" content=\"Written by\" \/>\n\t<meta name=\"twitter:data1\" content=\"RAED\" \/>\n\t<meta name=\"twitter:label2\" content=\"Est. reading time\" \/>\n\t<meta name=\"twitter:data2\" content=\"2 minutes\" \/>\n<script type=\"application\/ld+json\" class=\"yoast-schema-graph\">{\"@context\":\"https:\\\/\\\/schema.org\",\"@graph\":[{\"@type\":\"Article\",\"@id\":\"https:\\\/\\\/raed.academy\\\/en\\\/convening-power\\\/#article\",\"isPartOf\":{\"@id\":\"https:\\\/\\\/raed.academy\\\/en\\\/convening-power\\\/\"},\"author\":{\"name\":\"RAED\",\"@id\":\"https:\\\/\\\/raed.academy\\\/en\\\/#\\\/schema\\\/person\\\/5a755da80d1d979fd66ba745c8702927\"},\"headline\":\"Convening power\",\"datePublished\":\"2019-01-02T18:10:16+00:00\",\"dateModified\":\"2019-01-07T11:05:18+00:00\",\"mainEntityOfPage\":{\"@id\":\"https:\\\/\\\/raed.academy\\\/en\\\/convening-power\\\/\"},\"wordCount\":360,\"publisher\":{\"@id\":\"https:\\\/\\\/raed.academy\\\/en\\\/#organization\"},\"image\":{\"@id\":\"https:\\\/\\\/raed.academy\\\/en\\\/convening-power\\\/#primaryimage\"},\"thumbnailUrl\":\"https:\\\/\\\/raed.academy\\\/wp-content\\\/uploads\\\/2018\\\/03\\\/acto-ingreso-Rodolfo-Fernandez-Cuellas-5.jpg\",\"inLanguage\":\"en-US\"},{\"@type\":\"WebPage\",\"@id\":\"https:\\\/\\\/raed.academy\\\/en\\\/convening-power\\\/\",\"url\":\"https:\\\/\\\/raed.academy\\\/en\\\/convening-power\\\/\",\"name\":\"Convening power - Royal European Academy of Doctors\",\"isPartOf\":{\"@id\":\"https:\\\/\\\/raed.academy\\\/en\\\/#website\"},\"primaryImageOfPage\":{\"@id\":\"https:\\\/\\\/raed.academy\\\/en\\\/convening-power\\\/#primaryimage\"},\"image\":{\"@id\":\"https:\\\/\\\/raed.academy\\\/en\\\/convening-power\\\/#primaryimage\"},\"thumbnailUrl\":\"https:\\\/\\\/raed.academy\\\/wp-content\\\/uploads\\\/2018\\\/03\\\/acto-ingreso-Rodolfo-Fernandez-Cuellas-5.jpg\",\"datePublished\":\"2019-01-02T18:10:16+00:00\",\"dateModified\":\"2019-01-07T11:05:18+00:00\",\"breadcrumb\":{\"@id\":\"https:\\\/\\\/raed.academy\\\/en\\\/convening-power\\\/#breadcrumb\"},\"inLanguage\":\"en-US\",\"potentialAction\":[{\"@type\":\"ReadAction\",\"target\":[\"https:\\\/\\\/raed.academy\\\/en\\\/convening-power\\\/\"]}]},{\"@type\":\"ImageObject\",\"inLanguage\":\"en-US\",\"@id\":\"https:\\\/\\\/raed.academy\\\/en\\\/convening-power\\\/#primaryimage\",\"url\":\"https:\\\/\\\/raed.academy\\\/wp-content\\\/uploads\\\/2018\\\/03\\\/acto-ingreso-Rodolfo-Fernandez-Cuellas-5.jpg\",\"contentUrl\":\"https:\\\/\\\/raed.academy\\\/wp-content\\\/uploads\\\/2018\\\/03\\\/acto-ingreso-Rodolfo-Fernandez-Cuellas-5.jpg\",\"width\":800,\"height\":533,\"caption\":\"acto de ingreso de Rodolfo Fern\u00e1ndez Cuellas\"},{\"@type\":\"BreadcrumbList\",\"@id\":\"https:\\\/\\\/raed.academy\\\/en\\\/convening-power\\\/#breadcrumb\",\"itemListElement\":[{\"@type\":\"ListItem\",\"position\":1,\"name\":\"Inicio\",\"item\":\"https:\\\/\\\/raed.academy\\\/en\\\/\"},{\"@type\":\"ListItem\",\"position\":2,\"name\":\"Convening power\"}]},{\"@type\":\"WebSite\",\"@id\":\"https:\\\/\\\/raed.academy\\\/en\\\/#website\",\"url\":\"https:\\\/\\\/raed.academy\\\/en\\\/\",\"name\":\"Royal European Academy of Doctors\",\"description\":\"Corporaci\u00f3n de derecho p\u00fablico de car\u00e1cter cient\u00edfico, t\u00e9cnico y art\u00edstico, que tiene por objeto la investigaci\u00f3n, el estudio, el fomento y la extensi\u00f3n del conocimiento en su sentido m\u00e1s amplio.\",\"publisher\":{\"@id\":\"https:\\\/\\\/raed.academy\\\/en\\\/#organization\"},\"potentialAction\":[{\"@type\":\"SearchAction\",\"target\":{\"@type\":\"EntryPoint\",\"urlTemplate\":\"https:\\\/\\\/raed.academy\\\/en\\\/?s={search_term_string}\"},\"query-input\":{\"@type\":\"PropertyValueSpecification\",\"valueRequired\":true,\"valueName\":\"search_term_string\"}}],\"inLanguage\":\"en-US\"},{\"@type\":\"Organization\",\"@id\":\"https:\\\/\\\/raed.academy\\\/en\\\/#organization\",\"name\":\"Real Academia Europea de Doctores\",\"url\":\"https:\\\/\\\/raed.academy\\\/en\\\/\",\"logo\":{\"@type\":\"ImageObject\",\"inLanguage\":\"en-US\",\"@id\":\"https:\\\/\\\/raed.academy\\\/en\\\/#\\\/schema\\\/logo\\\/image\\\/\",\"url\":\"https:\\\/\\\/raed.academy\\\/wp-content\\\/uploads\\\/2017\\\/01\\\/cropped-logo_raed.png\",\"contentUrl\":\"https:\\\/\\\/raed.academy\\\/wp-content\\\/uploads\\\/2017\\\/01\\\/cropped-logo_raed.png\",\"width\":512,\"height\":512,\"caption\":\"Real Academia Europea de Doctores\"},\"image\":{\"@id\":\"https:\\\/\\\/raed.academy\\\/en\\\/#\\\/schema\\\/logo\\\/image\\\/\"},\"sameAs\":[\"http:\\\/\\\/fb.me\\\/raed.academy\",\"https:\\\/\\\/x.com\\\/raedacademy\",\"https:\\\/\\\/www.instagram.com\\\/raed.academy\\\/\",\"https:\\\/\\\/www.youtube.com\\\/channel\\\/UCUYQwW2KrdirNWihxMDObwg\"]},{\"@type\":\"Person\",\"@id\":\"https:\\\/\\\/raed.academy\\\/en\\\/#\\\/schema\\\/person\\\/5a755da80d1d979fd66ba745c8702927\",\"name\":\"RAED\",\"image\":{\"@type\":\"ImageObject\",\"inLanguage\":\"en-US\",\"@id\":\"https:\\\/\\\/secure.gravatar.com\\\/avatar\\\/19fdfdc0d67fb9c45714b703a2ac82251c4fcea3637f002ac3c9b74c0183583c?s=96&d=mm&r=g\",\"url\":\"https:\\\/\\\/secure.gravatar.com\\\/avatar\\\/19fdfdc0d67fb9c45714b703a2ac82251c4fcea3637f002ac3c9b74c0183583c?s=96&d=mm&r=g\",\"contentUrl\":\"https:\\\/\\\/secure.gravatar.com\\\/avatar\\\/19fdfdc0d67fb9c45714b703a2ac82251c4fcea3637f002ac3c9b74c0183583c?s=96&d=mm&r=g\",\"caption\":\"RAED\"}}]}<\/script>\n<!-- \/ Yoast SEO plugin. -->","yoast_head_json":{"title":"Convening power - Royal European Academy of Doctors","robots":{"index":"index","follow":"follow","max-snippet":"max-snippet:-1","max-image-preview":"max-image-preview:large","max-video-preview":"max-video-preview:-1"},"canonical":"https:\/\/raed.academy\/en\/convening-power\/","og_locale":"en_US","og_type":"article","og_title":"Convening power - Royal European Academy of Doctors","og_description":"Some 8,000 people attended the hundred events organised by the RAED throughout 2018 Around 8,000 people attended the 96 events organised by the Royal European Academy of Doctors-Barcelona 1914 (RAED) throughout 2018. They were, in particular, two book presentations, 17 academic admissions, 10 debates, 58 conferences and colloquia, eight concerts and one Consolatio. Precisely in [&hellip;]","og_url":"https:\/\/raed.academy\/en\/convening-power\/","og_site_name":"Royal European Academy of Doctors","article_publisher":"http:\/\/fb.me\/raed.academy","article_published_time":"2019-01-02T18:10:16+00:00","article_modified_time":"2019-01-07T11:05:18+00:00","og_image":[{"width":800,"height":533,"url":"https:\/\/raed.academy\/wp-content\/uploads\/2018\/03\/acto-ingreso-Rodolfo-Fernandez-Cuellas-5.jpg","type":"image\/jpeg"}],"author":"RAED","twitter_card":"summary_large_image","twitter_creator":"@raedacademy","twitter_site":"@raedacademy","twitter_misc":{"Written by":"RAED","Est. reading time":"2 minutes"},"schema":{"@context":"https:\/\/schema.org","@graph":[{"@type":"Article","@id":"https:\/\/raed.academy\/en\/convening-power\/#article","isPartOf":{"@id":"https:\/\/raed.academy\/en\/convening-power\/"},"author":{"name":"RAED","@id":"https:\/\/raed.academy\/en\/#\/schema\/person\/5a755da80d1d979fd66ba745c8702927"},"headline":"Convening power","datePublished":"2019-01-02T18:10:16+00:00","dateModified":"2019-01-07T11:05:18+00:00","mainEntityOfPage":{"@id":"https:\/\/raed.academy\/en\/convening-power\/"},"wordCount":360,"publisher":{"@id":"https:\/\/raed.academy\/en\/#organization"},"image":{"@id":"https:\/\/raed.academy\/en\/convening-power\/#primaryimage"},"thumbnailUrl":"https:\/\/raed.academy\/wp-content\/uploads\/2018\/03\/acto-ingreso-Rodolfo-Fernandez-Cuellas-5.jpg","inLanguage":"en-US"},{"@type":"WebPage","@id":"https:\/\/raed.academy\/en\/convening-power\/","url":"https:\/\/raed.academy\/en\/convening-power\/","name":"Convening power - Royal European Academy of Doctors","isPartOf":{"@id":"https:\/\/raed.academy\/en\/#website"},"primaryImageOfPage":{"@id":"https:\/\/raed.academy\/en\/convening-power\/#primaryimage"},"image":{"@id":"https:\/\/raed.academy\/en\/convening-power\/#primaryimage"},"thumbnailUrl":"https:\/\/raed.academy\/wp-content\/uploads\/2018\/03\/acto-ingreso-Rodolfo-Fernandez-Cuellas-5.jpg","datePublished":"2019-01-02T18:10:16+00:00","dateModified":"2019-01-07T11:05:18+00:00","breadcrumb":{"@id":"https:\/\/raed.academy\/en\/convening-power\/#breadcrumb"},"inLanguage":"en-US","potentialAction":[{"@type":"ReadAction","target":["https:\/\/raed.academy\/en\/convening-power\/"]}]},{"@type":"ImageObject","inLanguage":"en-US","@id":"https:\/\/raed.academy\/en\/convening-power\/#primaryimage","url":"https:\/\/raed.academy\/wp-content\/uploads\/2018\/03\/acto-ingreso-Rodolfo-Fernandez-Cuellas-5.jpg","contentUrl":"https:\/\/raed.academy\/wp-content\/uploads\/2018\/03\/acto-ingreso-Rodolfo-Fernandez-Cuellas-5.jpg","width":800,"height":533,"caption":"acto de ingreso de Rodolfo Fern\u00e1ndez Cuellas"},{"@type":"BreadcrumbList","@id":"https:\/\/raed.academy\/en\/convening-power\/#breadcrumb","itemListElement":[{"@type":"ListItem","position":1,"name":"Inicio","item":"https:\/\/raed.academy\/en\/"},{"@type":"ListItem","position":2,"name":"Convening power"}]},{"@type":"WebSite","@id":"https:\/\/raed.academy\/en\/#website","url":"https:\/\/raed.academy\/en\/","name":"Royal European Academy of Doctors","description":"Corporaci\u00f3n de derecho p\u00fablico de car\u00e1cter cient\u00edfico, t\u00e9cnico y art\u00edstico, que tiene por objeto la investigaci\u00f3n, el estudio, el fomento y la extensi\u00f3n del conocimiento en su sentido m\u00e1s amplio.","publisher":{"@id":"https:\/\/raed.academy\/en\/#organization"},"potentialAction":[{"@type":"SearchAction","target":{"@type":"EntryPoint","urlTemplate":"https:\/\/raed.academy\/en\/?s={search_term_string}"},"query-input":{"@type":"PropertyValueSpecification","valueRequired":true,"valueName":"search_term_string"}}],"inLanguage":"en-US"},{"@type":"Organization","@id":"https:\/\/raed.academy\/en\/#organization","name":"Real Academia Europea de Doctores","url":"https:\/\/raed.academy\/en\/","logo":{"@type":"ImageObject","inLanguage":"en-US","@id":"https:\/\/raed.academy\/en\/#\/schema\/logo\/image\/","url":"https:\/\/raed.academy\/wp-content\/uploads\/2017\/01\/cropped-logo_raed.png","contentUrl":"https:\/\/raed.academy\/wp-content\/uploads\/2017\/01\/cropped-logo_raed.png","width":512,"height":512,"caption":"Real Academia Europea de Doctores"},"image":{"@id":"https:\/\/raed.academy\/en\/#\/schema\/logo\/image\/"},"sameAs":["http:\/\/fb.me\/raed.academy","https:\/\/x.com\/raedacademy","https:\/\/www.instagram.com\/raed.academy\/","https:\/\/www.youtube.com\/channel\/UCUYQwW2KrdirNWihxMDObwg"]},{"@type":"Person","@id":"https:\/\/raed.academy\/en\/#\/schema\/person\/5a755da80d1d979fd66ba745c8702927","name":"RAED","image":{"@type":"ImageObject","inLanguage":"en-US","@id":"https:\/\/secure.gravatar.com\/avatar\/19fdfdc0d67fb9c45714b703a2ac82251c4fcea3637f002ac3c9b74c0183583c?s=96&d=mm&r=g","url":"https:\/\/secure.gravatar.com\/avatar\/19fdfdc0d67fb9c45714b703a2ac82251c4fcea3637f002ac3c9b74c0183583c?s=96&d=mm&r=g","contentUrl":"https:\/\/secure.gravatar.com\/avatar\/19fdfdc0d67fb9c45714b703a2ac82251c4fcea3637f002ac3c9b74c0183583c?s=96&d=mm&r=g","caption":"RAED"}}]}},"_links":{"self":[{"href":"https:\/\/raed.academy\/en\/wp-json\/wp\/v2\/posts\/63903","targetHints":{"allow":["GET"]}}],"collection":[{"href":"https:\/\/raed.academy\/en\/wp-json\/wp\/v2\/posts"}],"about":[{"href":"https:\/\/raed.academy\/en\/wp-json\/wp\/v2\/types\/post"}],"author":[{"embeddable":true,"href":"https:\/\/raed.academy\/en\/wp-json\/wp\/v2\/users\/12"}],"replies":[{"embeddable":true,"href":"https:\/\/raed.academy\/en\/wp-json\/wp\/v2\/comments?post=63903"}],"version-history":[{"count":0,"href":"https:\/\/raed.academy\/en\/wp-json\/wp\/v2\/posts\/63903\/revisions"}],"wp:featuredmedia":[{"embeddable":true,"href":"https:\/\/raed.academy\/en\/wp-json\/wp\/v2\/media\/54202"}],"wp:attachment":[{"href":"https:\/\/raed.academy\/en\/wp-json\/wp\/v2\/media?parent=63903"}],"wp:term":[{"taxonomy":"category","embeddable":true,"href":"https:\/\/raed.academy\/en\/wp-json\/wp\/v2\/categories?post=63903"},{"taxonomy":"post_tag","embeddable":true,"href":"https:\/\/raed.academy\/en\/wp-json\/wp\/v2\/tags?post=63903"}],"curies":[{"name":"wp","href":"https:\/\/api.w.org\/{rel}","templated":true}]}}