{"id":63856,"date":"2018-12-27T08:29:46","date_gmt":"2018-12-27T08:29:46","guid":{"rendered":"https:\/\/raed.academy\/?p=63856"},"modified":"2019-01-06T15:00:57","modified_gmt":"2019-01-06T15:00:57","slug":"rare-diseases","status":"publish","type":"post","link":"https:\/\/raed.academy\/en\/rare-diseases\/","title":{"rendered":"Rare diseases"},"content":{"rendered":"<h2>Joaqu\u00edn Callabed participates in a day of reference on some pathologies that affect three million Spaniards<\/h2>\n<div id=\"attachment_63587\" style=\"width: 460px\" class=\"wp-caption alignleft\"><img loading=\"lazy\" decoding=\"async\" aria-describedby=\"caption-attachment-63587\" class=\"wp-image-63587 size-full\" src=\"https:\/\/raed.academy\/wp-content\/uploads\/2018\/12\/Joaquin-callabed.Jornada-Enfermedades-Rarasa.jpeg\" alt=\"Joaqu\u00edn Callabed. Jornada Enfermedades Raras\" width=\"450\" height=\"300\" \/><p id=\"caption-attachment-63587\" class=\"wp-caption-text\">Dr. Joaqu\u00edn Callabed<\/p><\/div>\n<p><strong>Joaqu\u00edn Callabed<\/strong>, president of the Spanish <strong>Club of Social Paediatrics<\/strong> and elected academician of the <strong>Royal European Academy of Doctors-Barcelona 1914<\/strong> (RAED), participated on November 21 in the <strong>&#8220;Jornada de la infancia y enfermedades raras. Apoyo a la familia y a la escuela&#8221;<\/strong> (Childhood and Rare Diseases Day. Support for the family and the school), organised by the <a href=\"https:\/\/fcmb.org\" target=\"_blank\" rel=\"noopener\"><strong>Barcelona House of Mercy Foundation<\/strong><\/a> with the collaboration of the <a href=\"http:\/\/www.fundacionbancarialacaixa.org\" target=\"_blank\" rel=\"noopener\"><strong>La Caixa Banking Foundation<\/strong><\/a> at the <strong>Macaya Palace<\/strong> in Barcelona. Callabed intervened with the paper <strong>&#8220;El futuro de las enfermedades raras en la infancia&#8221;<\/strong> (The future of rare diseases in childhood).<\/p>\n<p>The academician began his speech explaining that rare diseases are actually a group of very numerous diseases, between 5,000 and 7,000, that affect about three million people in Spain alone. To their own health problems are added those of their therapeutic diagnosis and the social, family and even bioethical problems that they usually entail. &#8220;The diagnosis is difficult and in many cases it is done in adulthood, although today we know that genetics plays a basic role in its prevention&#8221;, he said.<\/p>\n<p>Callabed said that the treatment of these pathologies is very limited, there are few drugs and it is not profitable to investigate for a small number of patients; to the extent that only 5% of rare diseases have specific treatment. Specific aid is required for research and compounding, which is carried out by hand and allows associating medications and giving a customised medication. This is usually the only hope for these patients.<\/p>\n<p><img loading=\"lazy\" decoding=\"async\" class=\"alignright wp-image-63600\" src=\"https:\/\/raed.academy\/wp-content\/uploads\/2018\/12\/jornada-enfermedades-raras-dstNtc.jpg\" alt=\"\" width=\"400\" height=\"220\" \/>Beyond this pharmacological treatment, the academician highlighted the need for those affected and their families to receive specific support. &#8220;We must promote the educational inclusion of those affected, promote participation in the workplace and enhance the performance of social services, especially those related to disability and dependence, and support families&#8221;, he said.<\/p>\n<p>At a bioethical level, rare diseases represent a challenge for a multidisciplinary and interdisciplinary approach.\u00a0Callabed added &#8220;Scientific limitations shouldn&#8217;t limit attention, science can tell us what is accurate but not just and human, because as the humanist <strong>Fran\u00e7ois Rabelais<\/strong> said, science without conscience is the ruin of the soul&#8221;, he concluded.<\/p>\n<h3><a href=\"https:\/\/fcmb.org\/index.php\/es\/jornadas-fcmb\/item\/284-jornada-infancia-i-malalties-rares\" target=\"_blank\" rel=\"noopener\">Meeting website<\/a><\/h3>\n","protected":false},"excerpt":{"rendered":"<p>Joaqu\u00edn Callabed participates in a day of reference on some pathologies that affect three million Spaniards Joaqu\u00edn Callabed, president of the Spanish Club of Social Paediatrics and elected academician of the Royal European Academy of Doctors-Barcelona 1914 (RAED), participated on November 21 in the &#8220;Jornada de la infancia y enfermedades raras. Apoyo a la familia [&hellip;]<\/p>\n","protected":false},"author":12,"featured_media":63602,"comment_status":"closed","ping_status":"closed","sticky":false,"template":"","format":"standard","meta":{"_et_pb_use_builder":"","_et_pb_old_content":"","_et_gb_content_width":"","footnotes":""},"categories":[215],"tags":[],"class_list":["post-63856","post","type-post","status-publish","format-standard","has-post-thumbnail","hentry","category-medicine-and-surgery","et-has-post-format-content","et_post_format-et-post-format-standard"],"yoast_head":"<!-- This site is optimized with the Yoast SEO plugin v27.4 - https:\/\/yoast.com\/product\/yoast-seo-wordpress\/ -->\n<title>Rare diseases - Royal European Academy of Doctors<\/title>\n<meta name=\"robots\" content=\"index, follow, max-snippet:-1, max-image-preview:large, max-video-preview:-1\" \/>\n<link rel=\"canonical\" href=\"https:\/\/raed.academy\/en\/rare-diseases\/\" \/>\n<meta property=\"og:locale\" content=\"en_US\" \/>\n<meta property=\"og:type\" content=\"article\" \/>\n<meta property=\"og:title\" content=\"Rare diseases - Royal European Academy of Doctors\" \/>\n<meta property=\"og:description\" content=\"Joaqu\u00edn Callabed participates in a day of reference on some pathologies that affect three million Spaniards Joaqu\u00edn Callabed, president of the Spanish Club of Social Paediatrics and elected academician of the Royal European Academy of Doctors-Barcelona 1914 (RAED), participated on November 21 in the &#8220;Jornada de la infancia y enfermedades raras. Apoyo a la familia [&hellip;]\" \/>\n<meta property=\"og:url\" content=\"https:\/\/raed.academy\/en\/rare-diseases\/\" \/>\n<meta property=\"og:site_name\" content=\"Royal European Academy of Doctors\" \/>\n<meta property=\"article:publisher\" content=\"http:\/\/fb.me\/raed.academy\" \/>\n<meta property=\"article:published_time\" content=\"2018-12-27T08:29:46+00:00\" \/>\n<meta property=\"article:modified_time\" content=\"2019-01-06T15:00:57+00:00\" \/>\n<meta property=\"og:image\" content=\"https:\/\/raed.academy\/wp-content\/uploads\/2018\/12\/jornada-enfermedades-raras-dstNtc.jpg\" \/>\n\t<meta property=\"og:image:width\" content=\"500\" \/>\n\t<meta property=\"og:image:height\" content=\"275\" \/>\n\t<meta property=\"og:image:type\" content=\"image\/jpeg\" \/>\n<meta name=\"author\" content=\"RAED\" \/>\n<meta name=\"twitter:card\" content=\"summary_large_image\" \/>\n<meta name=\"twitter:creator\" content=\"@raedacademy\" \/>\n<meta name=\"twitter:site\" content=\"@raedacademy\" \/>\n<meta name=\"twitter:label1\" content=\"Written by\" \/>\n\t<meta name=\"twitter:data1\" content=\"RAED\" \/>\n\t<meta name=\"twitter:label2\" content=\"Est. reading time\" \/>\n\t<meta name=\"twitter:data2\" content=\"2 minutes\" \/>\n<script type=\"application\/ld+json\" class=\"yoast-schema-graph\">{\"@context\":\"https:\\\/\\\/schema.org\",\"@graph\":[{\"@type\":\"Article\",\"@id\":\"https:\\\/\\\/raed.academy\\\/en\\\/rare-diseases\\\/#article\",\"isPartOf\":{\"@id\":\"https:\\\/\\\/raed.academy\\\/en\\\/rare-diseases\\\/\"},\"author\":{\"name\":\"RAED\",\"@id\":\"https:\\\/\\\/raed.academy\\\/en\\\/#\\\/schema\\\/person\\\/5a755da80d1d979fd66ba745c8702927\"},\"headline\":\"Rare diseases\",\"datePublished\":\"2018-12-27T08:29:46+00:00\",\"dateModified\":\"2019-01-06T15:00:57+00:00\",\"mainEntityOfPage\":{\"@id\":\"https:\\\/\\\/raed.academy\\\/en\\\/rare-diseases\\\/\"},\"wordCount\":387,\"publisher\":{\"@id\":\"https:\\\/\\\/raed.academy\\\/en\\\/#organization\"},\"image\":{\"@id\":\"https:\\\/\\\/raed.academy\\\/en\\\/rare-diseases\\\/#primaryimage\"},\"thumbnailUrl\":\"https:\\\/\\\/raed.academy\\\/wp-content\\\/uploads\\\/2018\\\/12\\\/jornada-enfermedades-raras-dstNtc.jpg\",\"articleSection\":[\"Medicine and Surgery\"],\"inLanguage\":\"en-US\"},{\"@type\":\"WebPage\",\"@id\":\"https:\\\/\\\/raed.academy\\\/en\\\/rare-diseases\\\/\",\"url\":\"https:\\\/\\\/raed.academy\\\/en\\\/rare-diseases\\\/\",\"name\":\"Rare diseases - Royal European Academy of Doctors\",\"isPartOf\":{\"@id\":\"https:\\\/\\\/raed.academy\\\/en\\\/#website\"},\"primaryImageOfPage\":{\"@id\":\"https:\\\/\\\/raed.academy\\\/en\\\/rare-diseases\\\/#primaryimage\"},\"image\":{\"@id\":\"https:\\\/\\\/raed.academy\\\/en\\\/rare-diseases\\\/#primaryimage\"},\"thumbnailUrl\":\"https:\\\/\\\/raed.academy\\\/wp-content\\\/uploads\\\/2018\\\/12\\\/jornada-enfermedades-raras-dstNtc.jpg\",\"datePublished\":\"2018-12-27T08:29:46+00:00\",\"dateModified\":\"2019-01-06T15:00:57+00:00\",\"breadcrumb\":{\"@id\":\"https:\\\/\\\/raed.academy\\\/en\\\/rare-diseases\\\/#breadcrumb\"},\"inLanguage\":\"en-US\",\"potentialAction\":[{\"@type\":\"ReadAction\",\"target\":[\"https:\\\/\\\/raed.academy\\\/en\\\/rare-diseases\\\/\"]}]},{\"@type\":\"ImageObject\",\"inLanguage\":\"en-US\",\"@id\":\"https:\\\/\\\/raed.academy\\\/en\\\/rare-diseases\\\/#primaryimage\",\"url\":\"https:\\\/\\\/raed.academy\\\/wp-content\\\/uploads\\\/2018\\\/12\\\/jornada-enfermedades-raras-dstNtc.jpg\",\"contentUrl\":\"https:\\\/\\\/raed.academy\\\/wp-content\\\/uploads\\\/2018\\\/12\\\/jornada-enfermedades-raras-dstNtc.jpg\",\"width\":500,\"height\":275},{\"@type\":\"BreadcrumbList\",\"@id\":\"https:\\\/\\\/raed.academy\\\/en\\\/rare-diseases\\\/#breadcrumb\",\"itemListElement\":[{\"@type\":\"ListItem\",\"position\":1,\"name\":\"Inicio\",\"item\":\"https:\\\/\\\/raed.academy\\\/en\\\/\"},{\"@type\":\"ListItem\",\"position\":2,\"name\":\"Rare diseases\"}]},{\"@type\":\"WebSite\",\"@id\":\"https:\\\/\\\/raed.academy\\\/en\\\/#website\",\"url\":\"https:\\\/\\\/raed.academy\\\/en\\\/\",\"name\":\"Royal European Academy of Doctors\",\"description\":\"Corporaci\u00f3n de derecho p\u00fablico de car\u00e1cter cient\u00edfico, t\u00e9cnico y art\u00edstico, que tiene por objeto la investigaci\u00f3n, el estudio, el fomento y la extensi\u00f3n del conocimiento en su sentido m\u00e1s amplio.\",\"publisher\":{\"@id\":\"https:\\\/\\\/raed.academy\\\/en\\\/#organization\"},\"potentialAction\":[{\"@type\":\"SearchAction\",\"target\":{\"@type\":\"EntryPoint\",\"urlTemplate\":\"https:\\\/\\\/raed.academy\\\/en\\\/?s={search_term_string}\"},\"query-input\":{\"@type\":\"PropertyValueSpecification\",\"valueRequired\":true,\"valueName\":\"search_term_string\"}}],\"inLanguage\":\"en-US\"},{\"@type\":\"Organization\",\"@id\":\"https:\\\/\\\/raed.academy\\\/en\\\/#organization\",\"name\":\"Real Academia Europea de Doctores\",\"url\":\"https:\\\/\\\/raed.academy\\\/en\\\/\",\"logo\":{\"@type\":\"ImageObject\",\"inLanguage\":\"en-US\",\"@id\":\"https:\\\/\\\/raed.academy\\\/en\\\/#\\\/schema\\\/logo\\\/image\\\/\",\"url\":\"https:\\\/\\\/raed.academy\\\/wp-content\\\/uploads\\\/2017\\\/01\\\/cropped-logo_raed.png\",\"contentUrl\":\"https:\\\/\\\/raed.academy\\\/wp-content\\\/uploads\\\/2017\\\/01\\\/cropped-logo_raed.png\",\"width\":512,\"height\":512,\"caption\":\"Real Academia Europea de Doctores\"},\"image\":{\"@id\":\"https:\\\/\\\/raed.academy\\\/en\\\/#\\\/schema\\\/logo\\\/image\\\/\"},\"sameAs\":[\"http:\\\/\\\/fb.me\\\/raed.academy\",\"https:\\\/\\\/x.com\\\/raedacademy\",\"https:\\\/\\\/www.instagram.com\\\/raed.academy\\\/\",\"https:\\\/\\\/www.youtube.com\\\/channel\\\/UCUYQwW2KrdirNWihxMDObwg\"]},{\"@type\":\"Person\",\"@id\":\"https:\\\/\\\/raed.academy\\\/en\\\/#\\\/schema\\\/person\\\/5a755da80d1d979fd66ba745c8702927\",\"name\":\"RAED\",\"image\":{\"@type\":\"ImageObject\",\"inLanguage\":\"en-US\",\"@id\":\"https:\\\/\\\/secure.gravatar.com\\\/avatar\\\/19fdfdc0d67fb9c45714b703a2ac82251c4fcea3637f002ac3c9b74c0183583c?s=96&d=mm&r=g\",\"url\":\"https:\\\/\\\/secure.gravatar.com\\\/avatar\\\/19fdfdc0d67fb9c45714b703a2ac82251c4fcea3637f002ac3c9b74c0183583c?s=96&d=mm&r=g\",\"contentUrl\":\"https:\\\/\\\/secure.gravatar.com\\\/avatar\\\/19fdfdc0d67fb9c45714b703a2ac82251c4fcea3637f002ac3c9b74c0183583c?s=96&d=mm&r=g\",\"caption\":\"RAED\"}}]}<\/script>\n<!-- \/ Yoast SEO plugin. -->","yoast_head_json":{"title":"Rare diseases - Royal European Academy of Doctors","robots":{"index":"index","follow":"follow","max-snippet":"max-snippet:-1","max-image-preview":"max-image-preview:large","max-video-preview":"max-video-preview:-1"},"canonical":"https:\/\/raed.academy\/en\/rare-diseases\/","og_locale":"en_US","og_type":"article","og_title":"Rare diseases - Royal European Academy of Doctors","og_description":"Joaqu\u00edn Callabed participates in a day of reference on some pathologies that affect three million Spaniards Joaqu\u00edn Callabed, president of the Spanish Club of Social Paediatrics and elected academician of the Royal European Academy of Doctors-Barcelona 1914 (RAED), participated on November 21 in the &#8220;Jornada de la infancia y enfermedades raras. Apoyo a la familia [&hellip;]","og_url":"https:\/\/raed.academy\/en\/rare-diseases\/","og_site_name":"Royal European Academy of Doctors","article_publisher":"http:\/\/fb.me\/raed.academy","article_published_time":"2018-12-27T08:29:46+00:00","article_modified_time":"2019-01-06T15:00:57+00:00","og_image":[{"width":500,"height":275,"url":"https:\/\/raed.academy\/wp-content\/uploads\/2018\/12\/jornada-enfermedades-raras-dstNtc.jpg","type":"image\/jpeg"}],"author":"RAED","twitter_card":"summary_large_image","twitter_creator":"@raedacademy","twitter_site":"@raedacademy","twitter_misc":{"Written by":"RAED","Est. reading time":"2 minutes"},"schema":{"@context":"https:\/\/schema.org","@graph":[{"@type":"Article","@id":"https:\/\/raed.academy\/en\/rare-diseases\/#article","isPartOf":{"@id":"https:\/\/raed.academy\/en\/rare-diseases\/"},"author":{"name":"RAED","@id":"https:\/\/raed.academy\/en\/#\/schema\/person\/5a755da80d1d979fd66ba745c8702927"},"headline":"Rare diseases","datePublished":"2018-12-27T08:29:46+00:00","dateModified":"2019-01-06T15:00:57+00:00","mainEntityOfPage":{"@id":"https:\/\/raed.academy\/en\/rare-diseases\/"},"wordCount":387,"publisher":{"@id":"https:\/\/raed.academy\/en\/#organization"},"image":{"@id":"https:\/\/raed.academy\/en\/rare-diseases\/#primaryimage"},"thumbnailUrl":"https:\/\/raed.academy\/wp-content\/uploads\/2018\/12\/jornada-enfermedades-raras-dstNtc.jpg","articleSection":["Medicine and Surgery"],"inLanguage":"en-US"},{"@type":"WebPage","@id":"https:\/\/raed.academy\/en\/rare-diseases\/","url":"https:\/\/raed.academy\/en\/rare-diseases\/","name":"Rare diseases - Royal European Academy of Doctors","isPartOf":{"@id":"https:\/\/raed.academy\/en\/#website"},"primaryImageOfPage":{"@id":"https:\/\/raed.academy\/en\/rare-diseases\/#primaryimage"},"image":{"@id":"https:\/\/raed.academy\/en\/rare-diseases\/#primaryimage"},"thumbnailUrl":"https:\/\/raed.academy\/wp-content\/uploads\/2018\/12\/jornada-enfermedades-raras-dstNtc.jpg","datePublished":"2018-12-27T08:29:46+00:00","dateModified":"2019-01-06T15:00:57+00:00","breadcrumb":{"@id":"https:\/\/raed.academy\/en\/rare-diseases\/#breadcrumb"},"inLanguage":"en-US","potentialAction":[{"@type":"ReadAction","target":["https:\/\/raed.academy\/en\/rare-diseases\/"]}]},{"@type":"ImageObject","inLanguage":"en-US","@id":"https:\/\/raed.academy\/en\/rare-diseases\/#primaryimage","url":"https:\/\/raed.academy\/wp-content\/uploads\/2018\/12\/jornada-enfermedades-raras-dstNtc.jpg","contentUrl":"https:\/\/raed.academy\/wp-content\/uploads\/2018\/12\/jornada-enfermedades-raras-dstNtc.jpg","width":500,"height":275},{"@type":"BreadcrumbList","@id":"https:\/\/raed.academy\/en\/rare-diseases\/#breadcrumb","itemListElement":[{"@type":"ListItem","position":1,"name":"Inicio","item":"https:\/\/raed.academy\/en\/"},{"@type":"ListItem","position":2,"name":"Rare diseases"}]},{"@type":"WebSite","@id":"https:\/\/raed.academy\/en\/#website","url":"https:\/\/raed.academy\/en\/","name":"Royal European Academy of Doctors","description":"Corporaci\u00f3n de derecho p\u00fablico de car\u00e1cter cient\u00edfico, t\u00e9cnico y art\u00edstico, que tiene por objeto la investigaci\u00f3n, el estudio, el fomento y la extensi\u00f3n del conocimiento en su sentido m\u00e1s amplio.","publisher":{"@id":"https:\/\/raed.academy\/en\/#organization"},"potentialAction":[{"@type":"SearchAction","target":{"@type":"EntryPoint","urlTemplate":"https:\/\/raed.academy\/en\/?s={search_term_string}"},"query-input":{"@type":"PropertyValueSpecification","valueRequired":true,"valueName":"search_term_string"}}],"inLanguage":"en-US"},{"@type":"Organization","@id":"https:\/\/raed.academy\/en\/#organization","name":"Real Academia Europea de Doctores","url":"https:\/\/raed.academy\/en\/","logo":{"@type":"ImageObject","inLanguage":"en-US","@id":"https:\/\/raed.academy\/en\/#\/schema\/logo\/image\/","url":"https:\/\/raed.academy\/wp-content\/uploads\/2017\/01\/cropped-logo_raed.png","contentUrl":"https:\/\/raed.academy\/wp-content\/uploads\/2017\/01\/cropped-logo_raed.png","width":512,"height":512,"caption":"Real Academia Europea de Doctores"},"image":{"@id":"https:\/\/raed.academy\/en\/#\/schema\/logo\/image\/"},"sameAs":["http:\/\/fb.me\/raed.academy","https:\/\/x.com\/raedacademy","https:\/\/www.instagram.com\/raed.academy\/","https:\/\/www.youtube.com\/channel\/UCUYQwW2KrdirNWihxMDObwg"]},{"@type":"Person","@id":"https:\/\/raed.academy\/en\/#\/schema\/person\/5a755da80d1d979fd66ba745c8702927","name":"RAED","image":{"@type":"ImageObject","inLanguage":"en-US","@id":"https:\/\/secure.gravatar.com\/avatar\/19fdfdc0d67fb9c45714b703a2ac82251c4fcea3637f002ac3c9b74c0183583c?s=96&d=mm&r=g","url":"https:\/\/secure.gravatar.com\/avatar\/19fdfdc0d67fb9c45714b703a2ac82251c4fcea3637f002ac3c9b74c0183583c?s=96&d=mm&r=g","contentUrl":"https:\/\/secure.gravatar.com\/avatar\/19fdfdc0d67fb9c45714b703a2ac82251c4fcea3637f002ac3c9b74c0183583c?s=96&d=mm&r=g","caption":"RAED"}}]}},"_links":{"self":[{"href":"https:\/\/raed.academy\/en\/wp-json\/wp\/v2\/posts\/63856","targetHints":{"allow":["GET"]}}],"collection":[{"href":"https:\/\/raed.academy\/en\/wp-json\/wp\/v2\/posts"}],"about":[{"href":"https:\/\/raed.academy\/en\/wp-json\/wp\/v2\/types\/post"}],"author":[{"embeddable":true,"href":"https:\/\/raed.academy\/en\/wp-json\/wp\/v2\/users\/12"}],"replies":[{"embeddable":true,"href":"https:\/\/raed.academy\/en\/wp-json\/wp\/v2\/comments?post=63856"}],"version-history":[{"count":0,"href":"https:\/\/raed.academy\/en\/wp-json\/wp\/v2\/posts\/63856\/revisions"}],"wp:featuredmedia":[{"embeddable":true,"href":"https:\/\/raed.academy\/en\/wp-json\/wp\/v2\/media\/63602"}],"wp:attachment":[{"href":"https:\/\/raed.academy\/en\/wp-json\/wp\/v2\/media?parent=63856"}],"wp:term":[{"taxonomy":"category","embeddable":true,"href":"https:\/\/raed.academy\/en\/wp-json\/wp\/v2\/categories?post=63856"},{"taxonomy":"post_tag","embeddable":true,"href":"https:\/\/raed.academy\/en\/wp-json\/wp\/v2\/tags?post=63856"}],"curies":[{"name":"wp","href":"https:\/\/api.w.org\/{rel}","templated":true}]}}