{"id":60229,"date":"2018-10-23T06:54:41","date_gmt":"2018-10-23T06:54:41","guid":{"rendered":"http:\/\/raed.academy\/?p=60229"},"modified":"2018-10-29T12:36:02","modified_gmt":"2018-10-29T12:36:02","slug":"isaac-peral-hero-betrayed","status":"publish","type":"post","link":"https:\/\/raed.academy\/en\/isaac-peral-hero-betrayed\/","title":{"rendered":"Who sank Peral&#8217;s submarine?"},"content":{"rendered":"<div id=\"attachment_60034\" style=\"width: 610px\" class=\"wp-caption alignleft\"><img loading=\"lazy\" decoding=\"async\" aria-describedby=\"caption-attachment-60034\" class=\"wp-image-60034\" src=\"http:\/\/raed.academy\/wp-content\/uploads\/2018\/10\/Manuel-Murillo-ponencia-IV-acto-internacional.jpg\" alt=\"Manuel Murillo, ponencia en el IV acto internacional\" width=\"600\" height=\"400\" srcset=\"https:\/\/raed.academy\/wp-content\/uploads\/2018\/10\/Manuel-Murillo-ponencia-IV-acto-internacional.jpg 800w, https:\/\/raed.academy\/wp-content\/uploads\/2018\/10\/Manuel-Murillo-ponencia-IV-acto-internacional-768x512.jpg 768w\" sizes=\"(max-width: 600px) 100vw, 600px\" \/><p id=\"caption-attachment-60034\" class=\"wp-caption-text\">Manuel Murillo<\/p><\/div>\n<p><strong>Manuel Murillo<\/strong>, director of Communication of the <strong>Royal European Academy of Doctors-Barcelona 1914<\/strong> (RAED), presented during the <strong>4th International Act-European Congress of Interdisciplinary Research<\/strong> of the RAED, which was held last July in various Mediterranean capitals, the work <strong>&#8220;Isaac Peral, un h\u00e9roe traicionado por la mediocridad de los pol\u00edticos&#8221;<\/strong> (Isaac Peral, a hero betrayed by the mediocrity of politicians), where he explains how the Spanish Government and Spanish Navy of the late nineteenth century squandered the innovative project of this naval engineer that could have completely changed the course of the wars in the Philippines and Cuba, as recognized by the victors.<\/p>\n<p>&#8220;Commodore George Dewey acknowledged that if the Spanish fleet of Cavite in the Philippines had had a Peral submarine, the Americans would not have been able to maintain the blockade. Peral&#8217;s submarine, the first modern submersible with combat capability in the world, made several successful tests on the high seas. In 1890 this powerful weapon was available and until 1898, the year of the war with the United States for the independence of Cuba, it would have been perfected, as intended by its engineer and inventor Isaac Peral. How is it possible that not only this vessel was not built but the project was destroyed shortly after, renouncing to lead the naval engineering in the world? Many reasons, but one very powerful: the corruption and mediocrity of the politicians&#8221;, explains Murillo in the summary of his paper.<\/p>\n<p><img loading=\"lazy\" decoding=\"async\" class=\"alignright wp-image-60011\" src=\"http:\/\/raed.academy\/wp-content\/uploads\/2018\/10\/peral-submarino-dstNtc.jpg\" alt=\"\" width=\"499\" height=\"281\" \/>Peral&#8217;s project, initially supported by the Government and the Navy, was boycotted by the imprudence of the commanders who had to keep a military secret and soon the main powers knew about it and got to know even its technical details. Despite the success of its first tests, the Administration, both civilian and military, preferred to file a project that would end up developing foreign powers. Peral ended up asking for the loss his position in the Navy and even ran out his pension.\u00a0&#8220;Did the tests of the Peral&#8217;s submarine really not meet the expectations of this military ingenuity? Is something simpler&#8230; Corruption and the personal enrichment of some of the politicians of that time sank the progress of the country, putting their personal interests before those of their fellow citizens&#8221;, concludes Murillo.<\/p>\n<p>With a degree in Information Sciences and a master&#8217;s degree in Economic Information from the<a href=\"https:\/\/www.uab.cat\" target=\"_blank\" rel=\"noopener\"><strong> Autonomous University of Barcelona<\/strong><\/a>, \u200b\u200bMurillo heads the communication consultancy <strong>Murillo &amp; Knowledge<\/strong>, which develops projects for companies, entities and public administrations. In the remainder of the year, eight actions are planned in the scientific, food and health fields.<\/p>\n","protected":false},"excerpt":{"rendered":"<p>Manuel Murillo, director of Communication of the Royal European Academy of Doctors-Barcelona 1914 (RAED), presented during the 4th International Act-European Congress of Interdisciplinary Research of the RAED, which was held last July in various Mediterranean capitals, the work &#8220;Isaac Peral, un h\u00e9roe traicionado por la mediocridad de los pol\u00edticos&#8221; (Isaac Peral, a hero betrayed by [&hellip;]<\/p>\n","protected":false},"author":12,"featured_media":60011,"comment_status":"closed","ping_status":"closed","sticky":false,"template":"","format":"standard","meta":{"_et_pb_use_builder":"","_et_pb_old_content":"","_et_gb_content_width":"","footnotes":""},"categories":[67],"tags":[],"class_list":["post-60229","post","type-post","status-publish","format-standard","has-post-thumbnail","hentry","category-uncategorized-6","et-has-post-format-content","et_post_format-et-post-format-standard"],"yoast_head":"<!-- This site is optimized with the Yoast SEO plugin v27.5 - https:\/\/yoast.com\/product\/yoast-seo-wordpress\/ -->\n<title>Isaac Peral, a hero betrayed - Royal European Academy of Doctors<\/title>\n<meta name=\"description\" content=\"Manuel Murillo presented during the 4th International Act of the RAED the work &quot;Isaac Peral, a hero betrayed by the mediocrity of politicians&quot;\" \/>\n<meta name=\"robots\" content=\"index, follow, max-snippet:-1, max-image-preview:large, max-video-preview:-1\" \/>\n<link rel=\"canonical\" href=\"https:\/\/raed.academy\/en\/isaac-peral-hero-betrayed\/\" \/>\n<meta property=\"og:locale\" content=\"en_US\" \/>\n<meta property=\"og:type\" content=\"article\" \/>\n<meta property=\"og:title\" content=\"Isaac Peral, a hero betrayed - Royal European Academy of Doctors\" \/>\n<meta property=\"og:description\" content=\"Manuel Murillo presented during the 4th International Act of the RAED the work &quot;Isaac Peral, a hero betrayed by the mediocrity of politicians&quot;\" \/>\n<meta property=\"og:url\" content=\"https:\/\/raed.academy\/en\/isaac-peral-hero-betrayed\/\" \/>\n<meta property=\"og:site_name\" content=\"Royal European Academy of Doctors\" \/>\n<meta property=\"article:publisher\" content=\"http:\/\/fb.me\/raed.academy\" \/>\n<meta property=\"article:published_time\" content=\"2018-10-23T06:54:41+00:00\" \/>\n<meta property=\"article:modified_time\" content=\"2018-10-29T12:36:02+00:00\" \/>\n<meta property=\"og:image\" content=\"https:\/\/raed.academy\/wp-content\/uploads\/2018\/10\/peral-submarino-dstNtc.jpg\" \/>\n\t<meta property=\"og:image:width\" content=\"620\" \/>\n\t<meta property=\"og:image:height\" content=\"349\" \/>\n\t<meta property=\"og:image:type\" content=\"image\/jpeg\" \/>\n<meta name=\"author\" content=\"RAED\" \/>\n<meta name=\"twitter:card\" content=\"summary_large_image\" \/>\n<meta name=\"twitter:creator\" content=\"@raedacademy\" \/>\n<meta name=\"twitter:site\" content=\"@raedacademy\" \/>\n<meta name=\"twitter:label1\" content=\"Written by\" \/>\n\t<meta name=\"twitter:data1\" content=\"RAED\" \/>\n\t<meta name=\"twitter:label2\" content=\"Est. reading time\" \/>\n\t<meta name=\"twitter:data2\" content=\"2 minutes\" \/>\n<script type=\"application\/ld+json\" class=\"yoast-schema-graph\">{\"@context\":\"https:\\\/\\\/schema.org\",\"@graph\":[{\"@type\":\"Article\",\"@id\":\"https:\\\/\\\/raed.academy\\\/en\\\/isaac-peral-hero-betrayed\\\/#article\",\"isPartOf\":{\"@id\":\"https:\\\/\\\/raed.academy\\\/en\\\/isaac-peral-hero-betrayed\\\/\"},\"author\":{\"name\":\"RAED\",\"@id\":\"https:\\\/\\\/raed.academy\\\/en\\\/#\\\/schema\\\/person\\\/5a755da80d1d979fd66ba745c8702927\"},\"headline\":\"Who sank Peral&#8217;s submarine?\",\"datePublished\":\"2018-10-23T06:54:41+00:00\",\"dateModified\":\"2018-10-29T12:36:02+00:00\",\"mainEntityOfPage\":{\"@id\":\"https:\\\/\\\/raed.academy\\\/en\\\/isaac-peral-hero-betrayed\\\/\"},\"wordCount\":443,\"publisher\":{\"@id\":\"https:\\\/\\\/raed.academy\\\/en\\\/#organization\"},\"image\":{\"@id\":\"https:\\\/\\\/raed.academy\\\/en\\\/isaac-peral-hero-betrayed\\\/#primaryimage\"},\"thumbnailUrl\":\"https:\\\/\\\/raed.academy\\\/wp-content\\\/uploads\\\/2018\\\/10\\\/peral-submarino-dstNtc.jpg\",\"inLanguage\":\"en-US\"},{\"@type\":\"WebPage\",\"@id\":\"https:\\\/\\\/raed.academy\\\/en\\\/isaac-peral-hero-betrayed\\\/\",\"url\":\"https:\\\/\\\/raed.academy\\\/en\\\/isaac-peral-hero-betrayed\\\/\",\"name\":\"Isaac Peral, a hero betrayed - Royal European Academy of Doctors\",\"isPartOf\":{\"@id\":\"https:\\\/\\\/raed.academy\\\/en\\\/#website\"},\"primaryImageOfPage\":{\"@id\":\"https:\\\/\\\/raed.academy\\\/en\\\/isaac-peral-hero-betrayed\\\/#primaryimage\"},\"image\":{\"@id\":\"https:\\\/\\\/raed.academy\\\/en\\\/isaac-peral-hero-betrayed\\\/#primaryimage\"},\"thumbnailUrl\":\"https:\\\/\\\/raed.academy\\\/wp-content\\\/uploads\\\/2018\\\/10\\\/peral-submarino-dstNtc.jpg\",\"datePublished\":\"2018-10-23T06:54:41+00:00\",\"dateModified\":\"2018-10-29T12:36:02+00:00\",\"description\":\"Manuel Murillo presented during the 4th International Act of the RAED the work \\\"Isaac Peral, a hero betrayed by the mediocrity of politicians\\\"\",\"breadcrumb\":{\"@id\":\"https:\\\/\\\/raed.academy\\\/en\\\/isaac-peral-hero-betrayed\\\/#breadcrumb\"},\"inLanguage\":\"en-US\",\"potentialAction\":[{\"@type\":\"ReadAction\",\"target\":[\"https:\\\/\\\/raed.academy\\\/en\\\/isaac-peral-hero-betrayed\\\/\"]}]},{\"@type\":\"ImageObject\",\"inLanguage\":\"en-US\",\"@id\":\"https:\\\/\\\/raed.academy\\\/en\\\/isaac-peral-hero-betrayed\\\/#primaryimage\",\"url\":\"https:\\\/\\\/raed.academy\\\/wp-content\\\/uploads\\\/2018\\\/10\\\/peral-submarino-dstNtc.jpg\",\"contentUrl\":\"https:\\\/\\\/raed.academy\\\/wp-content\\\/uploads\\\/2018\\\/10\\\/peral-submarino-dstNtc.jpg\",\"width\":620,\"height\":349},{\"@type\":\"BreadcrumbList\",\"@id\":\"https:\\\/\\\/raed.academy\\\/en\\\/isaac-peral-hero-betrayed\\\/#breadcrumb\",\"itemListElement\":[{\"@type\":\"ListItem\",\"position\":1,\"name\":\"Inicio\",\"item\":\"https:\\\/\\\/raed.academy\\\/en\\\/\"},{\"@type\":\"ListItem\",\"position\":2,\"name\":\"Who sank Peral&#8217;s submarine?\"}]},{\"@type\":\"WebSite\",\"@id\":\"https:\\\/\\\/raed.academy\\\/en\\\/#website\",\"url\":\"https:\\\/\\\/raed.academy\\\/en\\\/\",\"name\":\"Royal European Academy of Doctors\",\"description\":\"Corporaci\u00f3n de derecho p\u00fablico de car\u00e1cter cient\u00edfico, t\u00e9cnico y art\u00edstico, que tiene por objeto la investigaci\u00f3n, el estudio, el fomento y la extensi\u00f3n del conocimiento en su sentido m\u00e1s amplio.\",\"publisher\":{\"@id\":\"https:\\\/\\\/raed.academy\\\/en\\\/#organization\"},\"potentialAction\":[{\"@type\":\"SearchAction\",\"target\":{\"@type\":\"EntryPoint\",\"urlTemplate\":\"https:\\\/\\\/raed.academy\\\/en\\\/?s={search_term_string}\"},\"query-input\":{\"@type\":\"PropertyValueSpecification\",\"valueRequired\":true,\"valueName\":\"search_term_string\"}}],\"inLanguage\":\"en-US\"},{\"@type\":\"Organization\",\"@id\":\"https:\\\/\\\/raed.academy\\\/en\\\/#organization\",\"name\":\"Real Academia Europea de Doctores\",\"url\":\"https:\\\/\\\/raed.academy\\\/en\\\/\",\"logo\":{\"@type\":\"ImageObject\",\"inLanguage\":\"en-US\",\"@id\":\"https:\\\/\\\/raed.academy\\\/en\\\/#\\\/schema\\\/logo\\\/image\\\/\",\"url\":\"https:\\\/\\\/raed.academy\\\/wp-content\\\/uploads\\\/2017\\\/01\\\/cropped-logo_raed.png\",\"contentUrl\":\"https:\\\/\\\/raed.academy\\\/wp-content\\\/uploads\\\/2017\\\/01\\\/cropped-logo_raed.png\",\"width\":512,\"height\":512,\"caption\":\"Real Academia Europea de Doctores\"},\"image\":{\"@id\":\"https:\\\/\\\/raed.academy\\\/en\\\/#\\\/schema\\\/logo\\\/image\\\/\"},\"sameAs\":[\"http:\\\/\\\/fb.me\\\/raed.academy\",\"https:\\\/\\\/x.com\\\/raedacademy\",\"https:\\\/\\\/www.instagram.com\\\/raed.academy\\\/\",\"https:\\\/\\\/www.youtube.com\\\/channel\\\/UCUYQwW2KrdirNWihxMDObwg\"]},{\"@type\":\"Person\",\"@id\":\"https:\\\/\\\/raed.academy\\\/en\\\/#\\\/schema\\\/person\\\/5a755da80d1d979fd66ba745c8702927\",\"name\":\"RAED\",\"image\":{\"@type\":\"ImageObject\",\"inLanguage\":\"en-US\",\"@id\":\"https:\\\/\\\/secure.gravatar.com\\\/avatar\\\/19fdfdc0d67fb9c45714b703a2ac82251c4fcea3637f002ac3c9b74c0183583c?s=96&d=mm&r=g\",\"url\":\"https:\\\/\\\/secure.gravatar.com\\\/avatar\\\/19fdfdc0d67fb9c45714b703a2ac82251c4fcea3637f002ac3c9b74c0183583c?s=96&d=mm&r=g\",\"contentUrl\":\"https:\\\/\\\/secure.gravatar.com\\\/avatar\\\/19fdfdc0d67fb9c45714b703a2ac82251c4fcea3637f002ac3c9b74c0183583c?s=96&d=mm&r=g\",\"caption\":\"RAED\"}}]}<\/script>\n<!-- \/ Yoast SEO plugin. -->","yoast_head_json":{"title":"Isaac Peral, a hero betrayed - Royal European Academy of Doctors","description":"Manuel Murillo presented during the 4th International Act of the RAED the work \"Isaac Peral, a hero betrayed by the mediocrity of politicians\"","robots":{"index":"index","follow":"follow","max-snippet":"max-snippet:-1","max-image-preview":"max-image-preview:large","max-video-preview":"max-video-preview:-1"},"canonical":"https:\/\/raed.academy\/en\/isaac-peral-hero-betrayed\/","og_locale":"en_US","og_type":"article","og_title":"Isaac Peral, a hero betrayed - Royal European Academy of Doctors","og_description":"Manuel Murillo presented during the 4th International Act of the RAED the work \"Isaac Peral, a hero betrayed by the mediocrity of politicians\"","og_url":"https:\/\/raed.academy\/en\/isaac-peral-hero-betrayed\/","og_site_name":"Royal European Academy of Doctors","article_publisher":"http:\/\/fb.me\/raed.academy","article_published_time":"2018-10-23T06:54:41+00:00","article_modified_time":"2018-10-29T12:36:02+00:00","og_image":[{"width":620,"height":349,"url":"https:\/\/raed.academy\/wp-content\/uploads\/2018\/10\/peral-submarino-dstNtc.jpg","type":"image\/jpeg"}],"author":"RAED","twitter_card":"summary_large_image","twitter_creator":"@raedacademy","twitter_site":"@raedacademy","twitter_misc":{"Written by":"RAED","Est. reading time":"2 minutes"},"schema":{"@context":"https:\/\/schema.org","@graph":[{"@type":"Article","@id":"https:\/\/raed.academy\/en\/isaac-peral-hero-betrayed\/#article","isPartOf":{"@id":"https:\/\/raed.academy\/en\/isaac-peral-hero-betrayed\/"},"author":{"name":"RAED","@id":"https:\/\/raed.academy\/en\/#\/schema\/person\/5a755da80d1d979fd66ba745c8702927"},"headline":"Who sank Peral&#8217;s submarine?","datePublished":"2018-10-23T06:54:41+00:00","dateModified":"2018-10-29T12:36:02+00:00","mainEntityOfPage":{"@id":"https:\/\/raed.academy\/en\/isaac-peral-hero-betrayed\/"},"wordCount":443,"publisher":{"@id":"https:\/\/raed.academy\/en\/#organization"},"image":{"@id":"https:\/\/raed.academy\/en\/isaac-peral-hero-betrayed\/#primaryimage"},"thumbnailUrl":"https:\/\/raed.academy\/wp-content\/uploads\/2018\/10\/peral-submarino-dstNtc.jpg","inLanguage":"en-US"},{"@type":"WebPage","@id":"https:\/\/raed.academy\/en\/isaac-peral-hero-betrayed\/","url":"https:\/\/raed.academy\/en\/isaac-peral-hero-betrayed\/","name":"Isaac Peral, a hero betrayed - Royal European Academy of Doctors","isPartOf":{"@id":"https:\/\/raed.academy\/en\/#website"},"primaryImageOfPage":{"@id":"https:\/\/raed.academy\/en\/isaac-peral-hero-betrayed\/#primaryimage"},"image":{"@id":"https:\/\/raed.academy\/en\/isaac-peral-hero-betrayed\/#primaryimage"},"thumbnailUrl":"https:\/\/raed.academy\/wp-content\/uploads\/2018\/10\/peral-submarino-dstNtc.jpg","datePublished":"2018-10-23T06:54:41+00:00","dateModified":"2018-10-29T12:36:02+00:00","description":"Manuel Murillo presented during the 4th International Act of the RAED the work \"Isaac Peral, a hero betrayed by the mediocrity of politicians\"","breadcrumb":{"@id":"https:\/\/raed.academy\/en\/isaac-peral-hero-betrayed\/#breadcrumb"},"inLanguage":"en-US","potentialAction":[{"@type":"ReadAction","target":["https:\/\/raed.academy\/en\/isaac-peral-hero-betrayed\/"]}]},{"@type":"ImageObject","inLanguage":"en-US","@id":"https:\/\/raed.academy\/en\/isaac-peral-hero-betrayed\/#primaryimage","url":"https:\/\/raed.academy\/wp-content\/uploads\/2018\/10\/peral-submarino-dstNtc.jpg","contentUrl":"https:\/\/raed.academy\/wp-content\/uploads\/2018\/10\/peral-submarino-dstNtc.jpg","width":620,"height":349},{"@type":"BreadcrumbList","@id":"https:\/\/raed.academy\/en\/isaac-peral-hero-betrayed\/#breadcrumb","itemListElement":[{"@type":"ListItem","position":1,"name":"Inicio","item":"https:\/\/raed.academy\/en\/"},{"@type":"ListItem","position":2,"name":"Who sank Peral&#8217;s submarine?"}]},{"@type":"WebSite","@id":"https:\/\/raed.academy\/en\/#website","url":"https:\/\/raed.academy\/en\/","name":"Royal European Academy of Doctors","description":"Corporaci\u00f3n de derecho p\u00fablico de car\u00e1cter cient\u00edfico, t\u00e9cnico y art\u00edstico, que tiene por objeto la investigaci\u00f3n, el estudio, el fomento y la extensi\u00f3n del conocimiento en su sentido m\u00e1s amplio.","publisher":{"@id":"https:\/\/raed.academy\/en\/#organization"},"potentialAction":[{"@type":"SearchAction","target":{"@type":"EntryPoint","urlTemplate":"https:\/\/raed.academy\/en\/?s={search_term_string}"},"query-input":{"@type":"PropertyValueSpecification","valueRequired":true,"valueName":"search_term_string"}}],"inLanguage":"en-US"},{"@type":"Organization","@id":"https:\/\/raed.academy\/en\/#organization","name":"Real Academia Europea de Doctores","url":"https:\/\/raed.academy\/en\/","logo":{"@type":"ImageObject","inLanguage":"en-US","@id":"https:\/\/raed.academy\/en\/#\/schema\/logo\/image\/","url":"https:\/\/raed.academy\/wp-content\/uploads\/2017\/01\/cropped-logo_raed.png","contentUrl":"https:\/\/raed.academy\/wp-content\/uploads\/2017\/01\/cropped-logo_raed.png","width":512,"height":512,"caption":"Real Academia Europea de Doctores"},"image":{"@id":"https:\/\/raed.academy\/en\/#\/schema\/logo\/image\/"},"sameAs":["http:\/\/fb.me\/raed.academy","https:\/\/x.com\/raedacademy","https:\/\/www.instagram.com\/raed.academy\/","https:\/\/www.youtube.com\/channel\/UCUYQwW2KrdirNWihxMDObwg"]},{"@type":"Person","@id":"https:\/\/raed.academy\/en\/#\/schema\/person\/5a755da80d1d979fd66ba745c8702927","name":"RAED","image":{"@type":"ImageObject","inLanguage":"en-US","@id":"https:\/\/secure.gravatar.com\/avatar\/19fdfdc0d67fb9c45714b703a2ac82251c4fcea3637f002ac3c9b74c0183583c?s=96&d=mm&r=g","url":"https:\/\/secure.gravatar.com\/avatar\/19fdfdc0d67fb9c45714b703a2ac82251c4fcea3637f002ac3c9b74c0183583c?s=96&d=mm&r=g","contentUrl":"https:\/\/secure.gravatar.com\/avatar\/19fdfdc0d67fb9c45714b703a2ac82251c4fcea3637f002ac3c9b74c0183583c?s=96&d=mm&r=g","caption":"RAED"}}]}},"_links":{"self":[{"href":"https:\/\/raed.academy\/en\/wp-json\/wp\/v2\/posts\/60229","targetHints":{"allow":["GET"]}}],"collection":[{"href":"https:\/\/raed.academy\/en\/wp-json\/wp\/v2\/posts"}],"about":[{"href":"https:\/\/raed.academy\/en\/wp-json\/wp\/v2\/types\/post"}],"author":[{"embeddable":true,"href":"https:\/\/raed.academy\/en\/wp-json\/wp\/v2\/users\/12"}],"replies":[{"embeddable":true,"href":"https:\/\/raed.academy\/en\/wp-json\/wp\/v2\/comments?post=60229"}],"version-history":[{"count":0,"href":"https:\/\/raed.academy\/en\/wp-json\/wp\/v2\/posts\/60229\/revisions"}],"wp:featuredmedia":[{"embeddable":true,"href":"https:\/\/raed.academy\/en\/wp-json\/wp\/v2\/media\/60011"}],"wp:attachment":[{"href":"https:\/\/raed.academy\/en\/wp-json\/wp\/v2\/media?parent=60229"}],"wp:term":[{"taxonomy":"category","embeddable":true,"href":"https:\/\/raed.academy\/en\/wp-json\/wp\/v2\/categories?post=60229"},{"taxonomy":"post_tag","embeddable":true,"href":"https:\/\/raed.academy\/en\/wp-json\/wp\/v2\/tags?post=60229"}],"curies":[{"name":"wp","href":"https:\/\/api.w.org\/{rel}","templated":true}]}}