{"id":5182,"date":"2016-03-14T09:45:07","date_gmt":"2016-03-14T09:45:07","guid":{"rendered":"http:\/\/radd.eu\/?p=5182"},"modified":"2017-05-19T10:35:14","modified_gmt":"2017-05-19T10:35:14","slug":"video-summary-of-the-admission-as-full-academician-of-antonio-pulido","status":"publish","type":"post","link":"https:\/\/raed.academy\/en\/video-summary-of-the-admission-as-full-academician-of-antonio-pulido\/","title":{"rendered":"14\u00ba March 2016 > Video summary of the admission as full academician of Antonio Pulido"},"content":{"rendered":"<hr \/>\n<h3>Youtube channel of the <strong>Royal European Academy of Doctors-Barcelona 1914<\/strong> (RAED) already have the video summary of the act of admission as full academician of <a href=\"https:\/\/raed.academy\/en\/academicians\/dr-rafael-i-barraquer-compte\/dr-antonio-pulido-gutierrez-2\/\" target=\"_blank\" rel=\"noopener\"><strong>Antonio Pulido<\/strong><\/a>, president of <a href=\"https:\/\/portal.lacaixa.es\/\" target=\"_blank\" rel=\"noopener\"><strong>Cajasol<\/strong><\/a> saving bank and <a href=\"http:\/\/www.cajasol.es\/\" target=\"_blank\" rel=\"noopener\"><strong>Cajasol Foundation<\/strong><\/a> and member of the Board of Directors of <strong><a href=\"https:\/\/portal.lacaixa.es\/\" target=\"_blank\" rel=\"noopener\">CaixaBank<\/a><\/strong>.<\/h3>\n<h3><strong><a href=\"https:\/\/www.youtube.com\/watch?v=LOMVdahzASM\" target=\"_blank\" rel=\"noopener\">Watch the video<\/a><\/strong><\/h3>\n","protected":false},"excerpt":{"rendered":"<p>Youtube channel of the Royal European Academy of Doctors-Barcelona 1914 (RAED) already have the video summary of the act of admission as full academician of Antonio Pulido, president of Cajasol saving bank and Cajasol Foundation and member of the Board of Directors of CaixaBank. Watch the video<\/p>\n","protected":false},"author":12,"featured_media":0,"comment_status":"closed","ping_status":"closed","sticky":false,"template":"","format":"standard","meta":{"_et_pb_use_builder":"","_et_pb_old_content":"","_et_gb_content_width":"","footnotes":""},"categories":[144],"tags":[476],"class_list":["post-5182","post","type-post","status-publish","format-standard","hentry","category-acts-admission-academicians","tag-academicians-income","et-doesnt-have-format-content","et_post_format-et-post-format-standard"],"yoast_head":"<!-- This site is optimized with the Yoast SEO plugin v27.4 - https:\/\/yoast.com\/product\/yoast-seo-wordpress\/ -->\n<title>14\u00ba March 2016 &gt; Video summary of the admission as full academician of Antonio Pulido - Royal European Academy of Doctors<\/title>\n<meta name=\"robots\" content=\"index, follow, max-snippet:-1, max-image-preview:large, max-video-preview:-1\" \/>\n<link rel=\"canonical\" href=\"https:\/\/raed.academy\/en\/video-summary-of-the-admission-as-full-academician-of-antonio-pulido\/\" \/>\n<meta property=\"og:locale\" content=\"en_US\" \/>\n<meta property=\"og:type\" content=\"article\" \/>\n<meta property=\"og:title\" content=\"14\u00ba March 2016 &gt; Video summary of the admission as full academician of Antonio Pulido - Royal European Academy of Doctors\" \/>\n<meta property=\"og:description\" content=\"Youtube channel of the Royal European Academy of Doctors-Barcelona 1914 (RAED) already have the video summary of the act of admission as full academician of Antonio Pulido, president of Cajasol saving bank and Cajasol Foundation and member of the Board of Directors of CaixaBank. Watch the video\" \/>\n<meta property=\"og:url\" content=\"https:\/\/raed.academy\/en\/video-summary-of-the-admission-as-full-academician-of-antonio-pulido\/\" \/>\n<meta property=\"og:site_name\" content=\"Royal European Academy of Doctors\" \/>\n<meta property=\"article:publisher\" content=\"http:\/\/fb.me\/raed.academy\" \/>\n<meta property=\"article:published_time\" content=\"2016-03-14T09:45:07+00:00\" \/>\n<meta property=\"article:modified_time\" content=\"2017-05-19T10:35:14+00:00\" \/>\n<meta name=\"author\" content=\"RAED\" \/>\n<meta name=\"twitter:card\" content=\"summary_large_image\" \/>\n<meta name=\"twitter:creator\" content=\"@raedacademy\" \/>\n<meta name=\"twitter:site\" content=\"@raedacademy\" \/>\n<meta name=\"twitter:label1\" content=\"Written by\" \/>\n\t<meta name=\"twitter:data1\" content=\"RAED\" \/>\n<script type=\"application\/ld+json\" class=\"yoast-schema-graph\">{\"@context\":\"https:\\\/\\\/schema.org\",\"@graph\":[{\"@type\":\"Article\",\"@id\":\"https:\\\/\\\/raed.academy\\\/en\\\/video-summary-of-the-admission-as-full-academician-of-antonio-pulido\\\/#article\",\"isPartOf\":{\"@id\":\"https:\\\/\\\/raed.academy\\\/en\\\/video-summary-of-the-admission-as-full-academician-of-antonio-pulido\\\/\"},\"author\":{\"name\":\"RAED\",\"@id\":\"https:\\\/\\\/raed.academy\\\/en\\\/#\\\/schema\\\/person\\\/5a755da80d1d979fd66ba745c8702927\"},\"headline\":\"14\u00ba March 2016 > Video summary of the admission as full academician of Antonio Pulido\",\"datePublished\":\"2016-03-14T09:45:07+00:00\",\"dateModified\":\"2017-05-19T10:35:14+00:00\",\"mainEntityOfPage\":{\"@id\":\"https:\\\/\\\/raed.academy\\\/en\\\/video-summary-of-the-admission-as-full-academician-of-antonio-pulido\\\/\"},\"wordCount\":58,\"publisher\":{\"@id\":\"https:\\\/\\\/raed.academy\\\/en\\\/#organization\"},\"keywords\":[\"academicians income\"],\"articleSection\":[\"Acts of admission as academicians\"],\"inLanguage\":\"en-US\"},{\"@type\":\"WebPage\",\"@id\":\"https:\\\/\\\/raed.academy\\\/en\\\/video-summary-of-the-admission-as-full-academician-of-antonio-pulido\\\/\",\"url\":\"https:\\\/\\\/raed.academy\\\/en\\\/video-summary-of-the-admission-as-full-academician-of-antonio-pulido\\\/\",\"name\":\"14\u00ba March 2016 > Video summary of the admission as full academician of Antonio Pulido - Royal European Academy of Doctors\",\"isPartOf\":{\"@id\":\"https:\\\/\\\/raed.academy\\\/en\\\/#website\"},\"datePublished\":\"2016-03-14T09:45:07+00:00\",\"dateModified\":\"2017-05-19T10:35:14+00:00\",\"breadcrumb\":{\"@id\":\"https:\\\/\\\/raed.academy\\\/en\\\/video-summary-of-the-admission-as-full-academician-of-antonio-pulido\\\/#breadcrumb\"},\"inLanguage\":\"en-US\",\"potentialAction\":[{\"@type\":\"ReadAction\",\"target\":[\"https:\\\/\\\/raed.academy\\\/en\\\/video-summary-of-the-admission-as-full-academician-of-antonio-pulido\\\/\"]}]},{\"@type\":\"BreadcrumbList\",\"@id\":\"https:\\\/\\\/raed.academy\\\/en\\\/video-summary-of-the-admission-as-full-academician-of-antonio-pulido\\\/#breadcrumb\",\"itemListElement\":[{\"@type\":\"ListItem\",\"position\":1,\"name\":\"Inicio\",\"item\":\"https:\\\/\\\/raed.academy\\\/en\\\/\"},{\"@type\":\"ListItem\",\"position\":2,\"name\":\"14\u00ba March 2016 > Video summary of the admission as full academician of Antonio Pulido\"}]},{\"@type\":\"WebSite\",\"@id\":\"https:\\\/\\\/raed.academy\\\/en\\\/#website\",\"url\":\"https:\\\/\\\/raed.academy\\\/en\\\/\",\"name\":\"Royal European Academy of Doctors\",\"description\":\"Corporaci\u00f3n de derecho p\u00fablico de car\u00e1cter cient\u00edfico, t\u00e9cnico y art\u00edstico, que tiene por objeto la investigaci\u00f3n, el estudio, el fomento y la extensi\u00f3n del conocimiento en su sentido m\u00e1s amplio.\",\"publisher\":{\"@id\":\"https:\\\/\\\/raed.academy\\\/en\\\/#organization\"},\"potentialAction\":[{\"@type\":\"SearchAction\",\"target\":{\"@type\":\"EntryPoint\",\"urlTemplate\":\"https:\\\/\\\/raed.academy\\\/en\\\/?s={search_term_string}\"},\"query-input\":{\"@type\":\"PropertyValueSpecification\",\"valueRequired\":true,\"valueName\":\"search_term_string\"}}],\"inLanguage\":\"en-US\"},{\"@type\":\"Organization\",\"@id\":\"https:\\\/\\\/raed.academy\\\/en\\\/#organization\",\"name\":\"Real Academia Europea de Doctores\",\"url\":\"https:\\\/\\\/raed.academy\\\/en\\\/\",\"logo\":{\"@type\":\"ImageObject\",\"inLanguage\":\"en-US\",\"@id\":\"https:\\\/\\\/raed.academy\\\/en\\\/#\\\/schema\\\/logo\\\/image\\\/\",\"url\":\"https:\\\/\\\/raed.academy\\\/wp-content\\\/uploads\\\/2017\\\/01\\\/cropped-logo_raed.png\",\"contentUrl\":\"https:\\\/\\\/raed.academy\\\/wp-content\\\/uploads\\\/2017\\\/01\\\/cropped-logo_raed.png\",\"width\":512,\"height\":512,\"caption\":\"Real Academia Europea de Doctores\"},\"image\":{\"@id\":\"https:\\\/\\\/raed.academy\\\/en\\\/#\\\/schema\\\/logo\\\/image\\\/\"},\"sameAs\":[\"http:\\\/\\\/fb.me\\\/raed.academy\",\"https:\\\/\\\/x.com\\\/raedacademy\",\"https:\\\/\\\/www.instagram.com\\\/raed.academy\\\/\",\"https:\\\/\\\/www.youtube.com\\\/channel\\\/UCUYQwW2KrdirNWihxMDObwg\"]},{\"@type\":\"Person\",\"@id\":\"https:\\\/\\\/raed.academy\\\/en\\\/#\\\/schema\\\/person\\\/5a755da80d1d979fd66ba745c8702927\",\"name\":\"RAED\",\"image\":{\"@type\":\"ImageObject\",\"inLanguage\":\"en-US\",\"@id\":\"https:\\\/\\\/secure.gravatar.com\\\/avatar\\\/19fdfdc0d67fb9c45714b703a2ac82251c4fcea3637f002ac3c9b74c0183583c?s=96&d=mm&r=g\",\"url\":\"https:\\\/\\\/secure.gravatar.com\\\/avatar\\\/19fdfdc0d67fb9c45714b703a2ac82251c4fcea3637f002ac3c9b74c0183583c?s=96&d=mm&r=g\",\"contentUrl\":\"https:\\\/\\\/secure.gravatar.com\\\/avatar\\\/19fdfdc0d67fb9c45714b703a2ac82251c4fcea3637f002ac3c9b74c0183583c?s=96&d=mm&r=g\",\"caption\":\"RAED\"}}]}<\/script>\n<!-- \/ Yoast SEO plugin. -->","yoast_head_json":{"title":"14\u00ba March 2016 > Video summary of the admission as full academician of Antonio Pulido - Royal European Academy of Doctors","robots":{"index":"index","follow":"follow","max-snippet":"max-snippet:-1","max-image-preview":"max-image-preview:large","max-video-preview":"max-video-preview:-1"},"canonical":"https:\/\/raed.academy\/en\/video-summary-of-the-admission-as-full-academician-of-antonio-pulido\/","og_locale":"en_US","og_type":"article","og_title":"14\u00ba March 2016 > Video summary of the admission as full academician of Antonio Pulido - Royal European Academy of Doctors","og_description":"Youtube channel of the Royal European Academy of Doctors-Barcelona 1914 (RAED) already have the video summary of the act of admission as full academician of Antonio Pulido, president of Cajasol saving bank and Cajasol Foundation and member of the Board of Directors of CaixaBank. Watch the video","og_url":"https:\/\/raed.academy\/en\/video-summary-of-the-admission-as-full-academician-of-antonio-pulido\/","og_site_name":"Royal European Academy of Doctors","article_publisher":"http:\/\/fb.me\/raed.academy","article_published_time":"2016-03-14T09:45:07+00:00","article_modified_time":"2017-05-19T10:35:14+00:00","author":"RAED","twitter_card":"summary_large_image","twitter_creator":"@raedacademy","twitter_site":"@raedacademy","twitter_misc":{"Written by":"RAED"},"schema":{"@context":"https:\/\/schema.org","@graph":[{"@type":"Article","@id":"https:\/\/raed.academy\/en\/video-summary-of-the-admission-as-full-academician-of-antonio-pulido\/#article","isPartOf":{"@id":"https:\/\/raed.academy\/en\/video-summary-of-the-admission-as-full-academician-of-antonio-pulido\/"},"author":{"name":"RAED","@id":"https:\/\/raed.academy\/en\/#\/schema\/person\/5a755da80d1d979fd66ba745c8702927"},"headline":"14\u00ba March 2016 > Video summary of the admission as full academician of Antonio Pulido","datePublished":"2016-03-14T09:45:07+00:00","dateModified":"2017-05-19T10:35:14+00:00","mainEntityOfPage":{"@id":"https:\/\/raed.academy\/en\/video-summary-of-the-admission-as-full-academician-of-antonio-pulido\/"},"wordCount":58,"publisher":{"@id":"https:\/\/raed.academy\/en\/#organization"},"keywords":["academicians income"],"articleSection":["Acts of admission as academicians"],"inLanguage":"en-US"},{"@type":"WebPage","@id":"https:\/\/raed.academy\/en\/video-summary-of-the-admission-as-full-academician-of-antonio-pulido\/","url":"https:\/\/raed.academy\/en\/video-summary-of-the-admission-as-full-academician-of-antonio-pulido\/","name":"14\u00ba March 2016 > Video summary of the admission as full academician of Antonio Pulido - Royal European Academy of Doctors","isPartOf":{"@id":"https:\/\/raed.academy\/en\/#website"},"datePublished":"2016-03-14T09:45:07+00:00","dateModified":"2017-05-19T10:35:14+00:00","breadcrumb":{"@id":"https:\/\/raed.academy\/en\/video-summary-of-the-admission-as-full-academician-of-antonio-pulido\/#breadcrumb"},"inLanguage":"en-US","potentialAction":[{"@type":"ReadAction","target":["https:\/\/raed.academy\/en\/video-summary-of-the-admission-as-full-academician-of-antonio-pulido\/"]}]},{"@type":"BreadcrumbList","@id":"https:\/\/raed.academy\/en\/video-summary-of-the-admission-as-full-academician-of-antonio-pulido\/#breadcrumb","itemListElement":[{"@type":"ListItem","position":1,"name":"Inicio","item":"https:\/\/raed.academy\/en\/"},{"@type":"ListItem","position":2,"name":"14\u00ba March 2016 > Video summary of the admission as full academician of Antonio Pulido"}]},{"@type":"WebSite","@id":"https:\/\/raed.academy\/en\/#website","url":"https:\/\/raed.academy\/en\/","name":"Royal European Academy of Doctors","description":"Corporaci\u00f3n de derecho p\u00fablico de car\u00e1cter cient\u00edfico, t\u00e9cnico y art\u00edstico, que tiene por objeto la investigaci\u00f3n, el estudio, el fomento y la extensi\u00f3n del conocimiento en su sentido m\u00e1s amplio.","publisher":{"@id":"https:\/\/raed.academy\/en\/#organization"},"potentialAction":[{"@type":"SearchAction","target":{"@type":"EntryPoint","urlTemplate":"https:\/\/raed.academy\/en\/?s={search_term_string}"},"query-input":{"@type":"PropertyValueSpecification","valueRequired":true,"valueName":"search_term_string"}}],"inLanguage":"en-US"},{"@type":"Organization","@id":"https:\/\/raed.academy\/en\/#organization","name":"Real Academia Europea de Doctores","url":"https:\/\/raed.academy\/en\/","logo":{"@type":"ImageObject","inLanguage":"en-US","@id":"https:\/\/raed.academy\/en\/#\/schema\/logo\/image\/","url":"https:\/\/raed.academy\/wp-content\/uploads\/2017\/01\/cropped-logo_raed.png","contentUrl":"https:\/\/raed.academy\/wp-content\/uploads\/2017\/01\/cropped-logo_raed.png","width":512,"height":512,"caption":"Real Academia Europea de Doctores"},"image":{"@id":"https:\/\/raed.academy\/en\/#\/schema\/logo\/image\/"},"sameAs":["http:\/\/fb.me\/raed.academy","https:\/\/x.com\/raedacademy","https:\/\/www.instagram.com\/raed.academy\/","https:\/\/www.youtube.com\/channel\/UCUYQwW2KrdirNWihxMDObwg"]},{"@type":"Person","@id":"https:\/\/raed.academy\/en\/#\/schema\/person\/5a755da80d1d979fd66ba745c8702927","name":"RAED","image":{"@type":"ImageObject","inLanguage":"en-US","@id":"https:\/\/secure.gravatar.com\/avatar\/19fdfdc0d67fb9c45714b703a2ac82251c4fcea3637f002ac3c9b74c0183583c?s=96&d=mm&r=g","url":"https:\/\/secure.gravatar.com\/avatar\/19fdfdc0d67fb9c45714b703a2ac82251c4fcea3637f002ac3c9b74c0183583c?s=96&d=mm&r=g","contentUrl":"https:\/\/secure.gravatar.com\/avatar\/19fdfdc0d67fb9c45714b703a2ac82251c4fcea3637f002ac3c9b74c0183583c?s=96&d=mm&r=g","caption":"RAED"}}]}},"_links":{"self":[{"href":"https:\/\/raed.academy\/en\/wp-json\/wp\/v2\/posts\/5182","targetHints":{"allow":["GET"]}}],"collection":[{"href":"https:\/\/raed.academy\/en\/wp-json\/wp\/v2\/posts"}],"about":[{"href":"https:\/\/raed.academy\/en\/wp-json\/wp\/v2\/types\/post"}],"author":[{"embeddable":true,"href":"https:\/\/raed.academy\/en\/wp-json\/wp\/v2\/users\/12"}],"replies":[{"embeddable":true,"href":"https:\/\/raed.academy\/en\/wp-json\/wp\/v2\/comments?post=5182"}],"version-history":[{"count":0,"href":"https:\/\/raed.academy\/en\/wp-json\/wp\/v2\/posts\/5182\/revisions"}],"wp:attachment":[{"href":"https:\/\/raed.academy\/en\/wp-json\/wp\/v2\/media?parent=5182"}],"wp:term":[{"taxonomy":"category","embeddable":true,"href":"https:\/\/raed.academy\/en\/wp-json\/wp\/v2\/categories?post=5182"},{"taxonomy":"post_tag","embeddable":true,"href":"https:\/\/raed.academy\/en\/wp-json\/wp\/v2\/tags?post=5182"}],"curies":[{"name":"wp","href":"https:\/\/api.w.org\/{rel}","templated":true}]}}