{"id":5175,"date":"2016-03-15T09:17:23","date_gmt":"2016-03-15T09:17:23","guid":{"rendered":"http:\/\/radd.eu\/?p=5175"},"modified":"2017-05-19T10:25:49","modified_gmt":"2017-05-19T10:25:49","slug":"juan-carlos-garcia-valdecasas-sees-an-increasingly-meticulous-and-less-preponderant-surgery","status":"publish","type":"post","link":"https:\/\/raed.academy\/en\/juan-carlos-garcia-valdecasas-sees-an-increasingly-meticulous-and-less-preponderant-surgery\/","title":{"rendered":"15\u00ba March 2016 > Juan Carlos Garc\u00eda-Valdecasas sees an increasingly meticulous and less preponderant surgery"},"content":{"rendered":"<hr \/>\n<h3 style=\"text-align: center;\"><a href=\"http:\/\/raed.academy\/wp-content\/uploads\/2016\/03\/9747-072.jpg\" rel=\"attachment wp-att-5193\"><img loading=\"lazy\" decoding=\"async\" class=\"alignnone size-medium wp-image-5193\" src=\"http:\/\/raed.academy\/wp-content\/uploads\/2016\/03\/9747-072-300x200.jpg\" alt=\"9747-072\" width=\"300\" height=\"200\" \/><\/a><\/h3>\n<h3>The surgeon<strong> Juan Carlos Garc\u00eda-Valdecasas <\/strong><span id=\"result_box\" class=\"\" lang=\"en\"><span title=\"El cirujano Juan Carlos Garc\u00eda-Valdecasas ha pasado su larga trayectoria profesional y ha apuntado el futuro de la cirug\u00eda en el siglo XXI en su discurso de ingreso como acad\u00e9mico de n\u00famero en la Real Academia Europea de Doctores-Barcelona 1914 (RAED), que ha\">has spent his long career and pointed out the future of surgery in the XXI century in his inaugural speech as full academician of the <strong>Royal European Academy of Doctors-Barcelona 1914<\/strong> (RAED), which has <\/span><span title=\"le\u00eddo esta tarde en Barcelona.\">read this afternoon in Barcelona. <\/span><span title=\"En &quot;La cirug\u00eda digestiva del siglo XXI&quot;, el nuevo acad\u00e9mico explica unos avances que califica de &quot;ciencia ficci\u00f3n&quot; que han hecho de intervenciones como el transplante de h\u00edgado que hace apenas dos d\u00e9cadas resultasen a menudo inviables hoy sean una alternativa de \u00e9xito. \">In <strong>&#8220;The digestive surgery of the century&#8221;<\/strong>, the new academician <span title=\"En &quot;La cirug\u00eda digestiva del siglo XXI&quot;, el nuevo acad\u00e9mico asegura que los avances han sido como de &quot;ciencia ficci\u00f3n&quot;, y que intervenciones como el transplante de h\u00edgado, que hace s\u00f3lo dos d\u00e9cadas era habitualmente inviable, hoy es una alternativa de \u00e9xito\">ensures that progress has been as &#8220;science fiction&#8221; and that interventions such as liver transplantation, which only two decades ago was usually unfeasible, today is a successful alternative.<\/h3>\n<p style=\"text-align: center;\"><a href=\"http:\/\/raed.academy\/wp-content\/uploads\/2016\/03\/9747-093.jpg\" rel=\"attachment wp-att-5196\"><img loading=\"lazy\" decoding=\"async\" class=\"alignnone size-medium wp-image-5196\" src=\"http:\/\/raed.academy\/wp-content\/uploads\/2016\/03\/9747-093-300x200.jpg\" alt=\"9747-093\" width=\"300\" height=\"200\" \/><\/a><\/p>\n<h3><span id=\"result_box\" class=\"\" lang=\"en\"><span title=\"Vinculado siempre a la Universidad de Barcelona y al Hospital Cl\u00ednic de Barcelona, Garc\u00eda-Valdecasas considera que la evoluci\u00f3n de la cirug\u00eda en las pr\u00f3ximas d\u00e9cadas la har\u00e1 a\u00fan m\u00e1s meticulosa y menos agresiva gracias a la evoluci\u00f3n de la tecnolog\u00eda laparosc\u00f3pica y rob\u00f3tica y una alternativa a\">Always linked to the <a href=\"http:\/\/www.ub.edu\" target=\"_blank\"><strong>University of Barcelona<\/strong><\/a> and the <a href=\"http:\/\/www.hospitalclinic.org\/\" target=\"_blank\"><strong>Hospital Cl\u00ednic<\/strong><\/a> in Barcelona, \u200b\u200bGarc\u00eda-Valdecasas believes that the evolution of surgery in the coming decades will make further meticulous and less aggressive thanks to the evolution of laparoscopic and robotics technology and only an alternative to <\/span><span title=\"los tratamientos m\u00e9dicos. \">medical treatments.<\/h3>\n<p style=\"text-align: center;\"><a href=\"http:\/\/raed.academy\/wp-content\/uploads\/2016\/03\/9747-115.jpg\" rel=\"attachment wp-att-5197\"><img loading=\"lazy\" decoding=\"async\" class=\"alignnone size-medium wp-image-5197\" src=\"http:\/\/raed.academy\/wp-content\/uploads\/2016\/03\/9747-115-300x200.jpg\" alt=\"9747-115\" width=\"300\" height=\"200\" \/><\/a><\/p>\n<h3><span id=\"result_box\" class=\"\" lang=\"en\"><span title=\"&quot;La Cirug\u00eda ha tenido un papel en el siglo XX de absoluto protagonismo. En la actualidad sigue siendo el elemento m\u00e1s importante en la curaci\u00f3n la mayor\u00eda de las neoplasias, en lo que a mi especialidad se refiere. Sin embargo cada vez m\u00e1s est\u00e1 perdiendo su\">&#8220;Surgery has played a role in the twentieth century of absolute prominence. Today remains the most important in curing most cancers, what my specialty is concerned element. However, it&#8217;s increasingly losing its <\/span><span title=\"papel preponderante en beneficio del tratamiento m\u00e9dico. La quimioterapia y radioterapia actuales, nada tienen que ver con la de hace a\u00f1os. La posibilidad de desarrollar f\u00e1rmacos nuevos con una mayor eficacia, es cada vez m\u00e1s frecuente&quot;, explica en su discurso.\">leading role for the benefit of medical treatment. Chemotherapy and radiotherapy today have nothing to do with for years. The possibility of developing new drugs with greater efficiency is becoming more common&#8221;, he explains in his speech.<\/h3>\n","protected":false},"excerpt":{"rendered":"<p>The surgeon Juan Carlos Garc\u00eda-Valdecasas has spent his long career and pointed out the future of surgery in the XXI century in his inaugural speech as full academician of the Royal European Academy of Doctors-Barcelona 1914 (RAED), which has read this afternoon in Barcelona. In &#8220;The digestive surgery of the century&#8221;, the new academician ensures [&hellip;]<\/p>\n","protected":false},"author":12,"featured_media":0,"comment_status":"open","ping_status":"open","sticky":false,"template":"","format":"standard","meta":{"_et_pb_use_builder":"","_et_pb_old_content":"","_et_gb_content_width":"","footnotes":""},"categories":[8,67],"tags":[],"class_list":["post-5175","post","type-post","status-publish","format-standard","hentry","category-other-news","category-uncategorized-6","et-doesnt-have-format-content","et_post_format-et-post-format-standard"],"yoast_head":"<!-- This site is optimized with the Yoast SEO plugin v27.4 - https:\/\/yoast.com\/product\/yoast-seo-wordpress\/ -->\n<title>15\u00ba March 2016 &gt; Juan Carlos Garc\u00eda-Valdecasas sees an increasingly meticulous and less preponderant surgery - Royal European Academy of Doctors<\/title>\n<meta name=\"robots\" content=\"index, follow, max-snippet:-1, max-image-preview:large, max-video-preview:-1\" \/>\n<link rel=\"canonical\" href=\"https:\/\/raed.academy\/en\/juan-carlos-garcia-valdecasas-sees-an-increasingly-meticulous-and-less-preponderant-surgery\/\" \/>\n<meta property=\"og:locale\" content=\"en_US\" \/>\n<meta property=\"og:type\" content=\"article\" \/>\n<meta property=\"og:title\" content=\"15\u00ba March 2016 &gt; Juan Carlos Garc\u00eda-Valdecasas sees an increasingly meticulous and less preponderant surgery - Royal European Academy of Doctors\" \/>\n<meta property=\"og:description\" content=\"The surgeon Juan Carlos Garc\u00eda-Valdecasas has spent his long career and pointed out the future of surgery in the XXI century in his inaugural speech as full academician of the Royal European Academy of Doctors-Barcelona 1914 (RAED), which has read this afternoon in Barcelona. In &#8220;The digestive surgery of the century&#8221;, the new academician ensures [&hellip;]\" \/>\n<meta property=\"og:url\" content=\"https:\/\/raed.academy\/en\/juan-carlos-garcia-valdecasas-sees-an-increasingly-meticulous-and-less-preponderant-surgery\/\" \/>\n<meta property=\"og:site_name\" content=\"Royal European Academy of Doctors\" \/>\n<meta property=\"article:publisher\" content=\"http:\/\/fb.me\/raed.academy\" \/>\n<meta property=\"article:published_time\" content=\"2016-03-15T09:17:23+00:00\" \/>\n<meta property=\"article:modified_time\" content=\"2017-05-19T10:25:49+00:00\" \/>\n<meta property=\"og:image\" content=\"http:\/\/raed.academy\/wp-content\/uploads\/2016\/03\/9747-072-300x200.jpg\" \/>\n<meta name=\"author\" content=\"RAED\" \/>\n<meta name=\"twitter:card\" content=\"summary_large_image\" \/>\n<meta name=\"twitter:creator\" content=\"@raedacademy\" \/>\n<meta name=\"twitter:site\" content=\"@raedacademy\" \/>\n<meta name=\"twitter:label1\" content=\"Written by\" \/>\n\t<meta name=\"twitter:data1\" content=\"RAED\" \/>\n\t<meta name=\"twitter:label2\" content=\"Est. reading time\" \/>\n\t<meta name=\"twitter:data2\" content=\"1 minute\" \/>\n<script type=\"application\/ld+json\" class=\"yoast-schema-graph\">{\"@context\":\"https:\\\/\\\/schema.org\",\"@graph\":[{\"@type\":\"Article\",\"@id\":\"https:\\\/\\\/raed.academy\\\/en\\\/juan-carlos-garcia-valdecasas-sees-an-increasingly-meticulous-and-less-preponderant-surgery\\\/#article\",\"isPartOf\":{\"@id\":\"https:\\\/\\\/raed.academy\\\/en\\\/juan-carlos-garcia-valdecasas-sees-an-increasingly-meticulous-and-less-preponderant-surgery\\\/\"},\"author\":{\"name\":\"RAED\",\"@id\":\"https:\\\/\\\/raed.academy\\\/en\\\/#\\\/schema\\\/person\\\/5a755da80d1d979fd66ba745c8702927\"},\"headline\":\"15\u00ba March 2016 > Juan Carlos Garc\u00eda-Valdecasas sees an increasingly meticulous and less preponderant surgery\",\"datePublished\":\"2016-03-15T09:17:23+00:00\",\"dateModified\":\"2017-05-19T10:25:49+00:00\",\"mainEntityOfPage\":{\"@id\":\"https:\\\/\\\/raed.academy\\\/en\\\/juan-carlos-garcia-valdecasas-sees-an-increasingly-meticulous-and-less-preponderant-surgery\\\/\"},\"wordCount\":214,\"commentCount\":0,\"publisher\":{\"@id\":\"https:\\\/\\\/raed.academy\\\/en\\\/#organization\"},\"image\":{\"@id\":\"https:\\\/\\\/raed.academy\\\/en\\\/juan-carlos-garcia-valdecasas-sees-an-increasingly-meticulous-and-less-preponderant-surgery\\\/#primaryimage\"},\"thumbnailUrl\":\"http:\\\/\\\/raed.academy\\\/wp-content\\\/uploads\\\/2016\\\/03\\\/9747-072-300x200.jpg\",\"articleSection\":[\"Other news\"],\"inLanguage\":\"en-US\",\"potentialAction\":[{\"@type\":\"CommentAction\",\"name\":\"Comment\",\"target\":[\"https:\\\/\\\/raed.academy\\\/en\\\/juan-carlos-garcia-valdecasas-sees-an-increasingly-meticulous-and-less-preponderant-surgery\\\/#respond\"]}]},{\"@type\":\"WebPage\",\"@id\":\"https:\\\/\\\/raed.academy\\\/en\\\/juan-carlos-garcia-valdecasas-sees-an-increasingly-meticulous-and-less-preponderant-surgery\\\/\",\"url\":\"https:\\\/\\\/raed.academy\\\/en\\\/juan-carlos-garcia-valdecasas-sees-an-increasingly-meticulous-and-less-preponderant-surgery\\\/\",\"name\":\"15\u00ba March 2016 > Juan Carlos Garc\u00eda-Valdecasas sees an increasingly meticulous and less preponderant surgery - Royal European Academy of Doctors\",\"isPartOf\":{\"@id\":\"https:\\\/\\\/raed.academy\\\/en\\\/#website\"},\"primaryImageOfPage\":{\"@id\":\"https:\\\/\\\/raed.academy\\\/en\\\/juan-carlos-garcia-valdecasas-sees-an-increasingly-meticulous-and-less-preponderant-surgery\\\/#primaryimage\"},\"image\":{\"@id\":\"https:\\\/\\\/raed.academy\\\/en\\\/juan-carlos-garcia-valdecasas-sees-an-increasingly-meticulous-and-less-preponderant-surgery\\\/#primaryimage\"},\"thumbnailUrl\":\"http:\\\/\\\/raed.academy\\\/wp-content\\\/uploads\\\/2016\\\/03\\\/9747-072-300x200.jpg\",\"datePublished\":\"2016-03-15T09:17:23+00:00\",\"dateModified\":\"2017-05-19T10:25:49+00:00\",\"breadcrumb\":{\"@id\":\"https:\\\/\\\/raed.academy\\\/en\\\/juan-carlos-garcia-valdecasas-sees-an-increasingly-meticulous-and-less-preponderant-surgery\\\/#breadcrumb\"},\"inLanguage\":\"en-US\",\"potentialAction\":[{\"@type\":\"ReadAction\",\"target\":[\"https:\\\/\\\/raed.academy\\\/en\\\/juan-carlos-garcia-valdecasas-sees-an-increasingly-meticulous-and-less-preponderant-surgery\\\/\"]}]},{\"@type\":\"ImageObject\",\"inLanguage\":\"en-US\",\"@id\":\"https:\\\/\\\/raed.academy\\\/en\\\/juan-carlos-garcia-valdecasas-sees-an-increasingly-meticulous-and-less-preponderant-surgery\\\/#primaryimage\",\"url\":\"http:\\\/\\\/raed.academy\\\/wp-content\\\/uploads\\\/2016\\\/03\\\/9747-072-300x200.jpg\",\"contentUrl\":\"http:\\\/\\\/raed.academy\\\/wp-content\\\/uploads\\\/2016\\\/03\\\/9747-072-300x200.jpg\"},{\"@type\":\"BreadcrumbList\",\"@id\":\"https:\\\/\\\/raed.academy\\\/en\\\/juan-carlos-garcia-valdecasas-sees-an-increasingly-meticulous-and-less-preponderant-surgery\\\/#breadcrumb\",\"itemListElement\":[{\"@type\":\"ListItem\",\"position\":1,\"name\":\"Inicio\",\"item\":\"https:\\\/\\\/raed.academy\\\/en\\\/\"},{\"@type\":\"ListItem\",\"position\":2,\"name\":\"15\u00ba March 2016 > Juan Carlos Garc\u00eda-Valdecasas sees an increasingly meticulous and less preponderant surgery\"}]},{\"@type\":\"WebSite\",\"@id\":\"https:\\\/\\\/raed.academy\\\/en\\\/#website\",\"url\":\"https:\\\/\\\/raed.academy\\\/en\\\/\",\"name\":\"Royal European Academy of Doctors\",\"description\":\"Corporaci\u00f3n de derecho p\u00fablico de car\u00e1cter cient\u00edfico, t\u00e9cnico y art\u00edstico, que tiene por objeto la investigaci\u00f3n, el estudio, el fomento y la extensi\u00f3n del conocimiento en su sentido m\u00e1s amplio.\",\"publisher\":{\"@id\":\"https:\\\/\\\/raed.academy\\\/en\\\/#organization\"},\"potentialAction\":[{\"@type\":\"SearchAction\",\"target\":{\"@type\":\"EntryPoint\",\"urlTemplate\":\"https:\\\/\\\/raed.academy\\\/en\\\/?s={search_term_string}\"},\"query-input\":{\"@type\":\"PropertyValueSpecification\",\"valueRequired\":true,\"valueName\":\"search_term_string\"}}],\"inLanguage\":\"en-US\"},{\"@type\":\"Organization\",\"@id\":\"https:\\\/\\\/raed.academy\\\/en\\\/#organization\",\"name\":\"Real Academia Europea de Doctores\",\"url\":\"https:\\\/\\\/raed.academy\\\/en\\\/\",\"logo\":{\"@type\":\"ImageObject\",\"inLanguage\":\"en-US\",\"@id\":\"https:\\\/\\\/raed.academy\\\/en\\\/#\\\/schema\\\/logo\\\/image\\\/\",\"url\":\"https:\\\/\\\/raed.academy\\\/wp-content\\\/uploads\\\/2017\\\/01\\\/cropped-logo_raed.png\",\"contentUrl\":\"https:\\\/\\\/raed.academy\\\/wp-content\\\/uploads\\\/2017\\\/01\\\/cropped-logo_raed.png\",\"width\":512,\"height\":512,\"caption\":\"Real Academia Europea de Doctores\"},\"image\":{\"@id\":\"https:\\\/\\\/raed.academy\\\/en\\\/#\\\/schema\\\/logo\\\/image\\\/\"},\"sameAs\":[\"http:\\\/\\\/fb.me\\\/raed.academy\",\"https:\\\/\\\/x.com\\\/raedacademy\",\"https:\\\/\\\/www.instagram.com\\\/raed.academy\\\/\",\"https:\\\/\\\/www.youtube.com\\\/channel\\\/UCUYQwW2KrdirNWihxMDObwg\"]},{\"@type\":\"Person\",\"@id\":\"https:\\\/\\\/raed.academy\\\/en\\\/#\\\/schema\\\/person\\\/5a755da80d1d979fd66ba745c8702927\",\"name\":\"RAED\",\"image\":{\"@type\":\"ImageObject\",\"inLanguage\":\"en-US\",\"@id\":\"https:\\\/\\\/secure.gravatar.com\\\/avatar\\\/19fdfdc0d67fb9c45714b703a2ac82251c4fcea3637f002ac3c9b74c0183583c?s=96&d=mm&r=g\",\"url\":\"https:\\\/\\\/secure.gravatar.com\\\/avatar\\\/19fdfdc0d67fb9c45714b703a2ac82251c4fcea3637f002ac3c9b74c0183583c?s=96&d=mm&r=g\",\"contentUrl\":\"https:\\\/\\\/secure.gravatar.com\\\/avatar\\\/19fdfdc0d67fb9c45714b703a2ac82251c4fcea3637f002ac3c9b74c0183583c?s=96&d=mm&r=g\",\"caption\":\"RAED\"}}]}<\/script>\n<!-- \/ Yoast SEO plugin. -->","yoast_head_json":{"title":"15\u00ba March 2016 > Juan Carlos Garc\u00eda-Valdecasas sees an increasingly meticulous and less preponderant surgery - Royal European Academy of Doctors","robots":{"index":"index","follow":"follow","max-snippet":"max-snippet:-1","max-image-preview":"max-image-preview:large","max-video-preview":"max-video-preview:-1"},"canonical":"https:\/\/raed.academy\/en\/juan-carlos-garcia-valdecasas-sees-an-increasingly-meticulous-and-less-preponderant-surgery\/","og_locale":"en_US","og_type":"article","og_title":"15\u00ba March 2016 > Juan Carlos Garc\u00eda-Valdecasas sees an increasingly meticulous and less preponderant surgery - Royal European Academy of Doctors","og_description":"The surgeon Juan Carlos Garc\u00eda-Valdecasas has spent his long career and pointed out the future of surgery in the XXI century in his inaugural speech as full academician of the Royal European Academy of Doctors-Barcelona 1914 (RAED), which has read this afternoon in Barcelona. In &#8220;The digestive surgery of the century&#8221;, the new academician ensures [&hellip;]","og_url":"https:\/\/raed.academy\/en\/juan-carlos-garcia-valdecasas-sees-an-increasingly-meticulous-and-less-preponderant-surgery\/","og_site_name":"Royal European Academy of Doctors","article_publisher":"http:\/\/fb.me\/raed.academy","article_published_time":"2016-03-15T09:17:23+00:00","article_modified_time":"2017-05-19T10:25:49+00:00","og_image":[{"url":"http:\/\/raed.academy\/wp-content\/uploads\/2016\/03\/9747-072-300x200.jpg","type":"","width":"","height":""}],"author":"RAED","twitter_card":"summary_large_image","twitter_creator":"@raedacademy","twitter_site":"@raedacademy","twitter_misc":{"Written by":"RAED","Est. reading time":"1 minute"},"schema":{"@context":"https:\/\/schema.org","@graph":[{"@type":"Article","@id":"https:\/\/raed.academy\/en\/juan-carlos-garcia-valdecasas-sees-an-increasingly-meticulous-and-less-preponderant-surgery\/#article","isPartOf":{"@id":"https:\/\/raed.academy\/en\/juan-carlos-garcia-valdecasas-sees-an-increasingly-meticulous-and-less-preponderant-surgery\/"},"author":{"name":"RAED","@id":"https:\/\/raed.academy\/en\/#\/schema\/person\/5a755da80d1d979fd66ba745c8702927"},"headline":"15\u00ba March 2016 > Juan Carlos Garc\u00eda-Valdecasas sees an increasingly meticulous and less preponderant surgery","datePublished":"2016-03-15T09:17:23+00:00","dateModified":"2017-05-19T10:25:49+00:00","mainEntityOfPage":{"@id":"https:\/\/raed.academy\/en\/juan-carlos-garcia-valdecasas-sees-an-increasingly-meticulous-and-less-preponderant-surgery\/"},"wordCount":214,"commentCount":0,"publisher":{"@id":"https:\/\/raed.academy\/en\/#organization"},"image":{"@id":"https:\/\/raed.academy\/en\/juan-carlos-garcia-valdecasas-sees-an-increasingly-meticulous-and-less-preponderant-surgery\/#primaryimage"},"thumbnailUrl":"http:\/\/raed.academy\/wp-content\/uploads\/2016\/03\/9747-072-300x200.jpg","articleSection":["Other news"],"inLanguage":"en-US","potentialAction":[{"@type":"CommentAction","name":"Comment","target":["https:\/\/raed.academy\/en\/juan-carlos-garcia-valdecasas-sees-an-increasingly-meticulous-and-less-preponderant-surgery\/#respond"]}]},{"@type":"WebPage","@id":"https:\/\/raed.academy\/en\/juan-carlos-garcia-valdecasas-sees-an-increasingly-meticulous-and-less-preponderant-surgery\/","url":"https:\/\/raed.academy\/en\/juan-carlos-garcia-valdecasas-sees-an-increasingly-meticulous-and-less-preponderant-surgery\/","name":"15\u00ba March 2016 > Juan Carlos Garc\u00eda-Valdecasas sees an increasingly meticulous and less preponderant surgery - Royal European Academy of Doctors","isPartOf":{"@id":"https:\/\/raed.academy\/en\/#website"},"primaryImageOfPage":{"@id":"https:\/\/raed.academy\/en\/juan-carlos-garcia-valdecasas-sees-an-increasingly-meticulous-and-less-preponderant-surgery\/#primaryimage"},"image":{"@id":"https:\/\/raed.academy\/en\/juan-carlos-garcia-valdecasas-sees-an-increasingly-meticulous-and-less-preponderant-surgery\/#primaryimage"},"thumbnailUrl":"http:\/\/raed.academy\/wp-content\/uploads\/2016\/03\/9747-072-300x200.jpg","datePublished":"2016-03-15T09:17:23+00:00","dateModified":"2017-05-19T10:25:49+00:00","breadcrumb":{"@id":"https:\/\/raed.academy\/en\/juan-carlos-garcia-valdecasas-sees-an-increasingly-meticulous-and-less-preponderant-surgery\/#breadcrumb"},"inLanguage":"en-US","potentialAction":[{"@type":"ReadAction","target":["https:\/\/raed.academy\/en\/juan-carlos-garcia-valdecasas-sees-an-increasingly-meticulous-and-less-preponderant-surgery\/"]}]},{"@type":"ImageObject","inLanguage":"en-US","@id":"https:\/\/raed.academy\/en\/juan-carlos-garcia-valdecasas-sees-an-increasingly-meticulous-and-less-preponderant-surgery\/#primaryimage","url":"http:\/\/raed.academy\/wp-content\/uploads\/2016\/03\/9747-072-300x200.jpg","contentUrl":"http:\/\/raed.academy\/wp-content\/uploads\/2016\/03\/9747-072-300x200.jpg"},{"@type":"BreadcrumbList","@id":"https:\/\/raed.academy\/en\/juan-carlos-garcia-valdecasas-sees-an-increasingly-meticulous-and-less-preponderant-surgery\/#breadcrumb","itemListElement":[{"@type":"ListItem","position":1,"name":"Inicio","item":"https:\/\/raed.academy\/en\/"},{"@type":"ListItem","position":2,"name":"15\u00ba March 2016 > Juan Carlos Garc\u00eda-Valdecasas sees an increasingly meticulous and less preponderant surgery"}]},{"@type":"WebSite","@id":"https:\/\/raed.academy\/en\/#website","url":"https:\/\/raed.academy\/en\/","name":"Royal European Academy of Doctors","description":"Corporaci\u00f3n de derecho p\u00fablico de car\u00e1cter cient\u00edfico, t\u00e9cnico y art\u00edstico, que tiene por objeto la investigaci\u00f3n, el estudio, el fomento y la extensi\u00f3n del conocimiento en su sentido m\u00e1s amplio.","publisher":{"@id":"https:\/\/raed.academy\/en\/#organization"},"potentialAction":[{"@type":"SearchAction","target":{"@type":"EntryPoint","urlTemplate":"https:\/\/raed.academy\/en\/?s={search_term_string}"},"query-input":{"@type":"PropertyValueSpecification","valueRequired":true,"valueName":"search_term_string"}}],"inLanguage":"en-US"},{"@type":"Organization","@id":"https:\/\/raed.academy\/en\/#organization","name":"Real Academia Europea de Doctores","url":"https:\/\/raed.academy\/en\/","logo":{"@type":"ImageObject","inLanguage":"en-US","@id":"https:\/\/raed.academy\/en\/#\/schema\/logo\/image\/","url":"https:\/\/raed.academy\/wp-content\/uploads\/2017\/01\/cropped-logo_raed.png","contentUrl":"https:\/\/raed.academy\/wp-content\/uploads\/2017\/01\/cropped-logo_raed.png","width":512,"height":512,"caption":"Real Academia Europea de Doctores"},"image":{"@id":"https:\/\/raed.academy\/en\/#\/schema\/logo\/image\/"},"sameAs":["http:\/\/fb.me\/raed.academy","https:\/\/x.com\/raedacademy","https:\/\/www.instagram.com\/raed.academy\/","https:\/\/www.youtube.com\/channel\/UCUYQwW2KrdirNWihxMDObwg"]},{"@type":"Person","@id":"https:\/\/raed.academy\/en\/#\/schema\/person\/5a755da80d1d979fd66ba745c8702927","name":"RAED","image":{"@type":"ImageObject","inLanguage":"en-US","@id":"https:\/\/secure.gravatar.com\/avatar\/19fdfdc0d67fb9c45714b703a2ac82251c4fcea3637f002ac3c9b74c0183583c?s=96&d=mm&r=g","url":"https:\/\/secure.gravatar.com\/avatar\/19fdfdc0d67fb9c45714b703a2ac82251c4fcea3637f002ac3c9b74c0183583c?s=96&d=mm&r=g","contentUrl":"https:\/\/secure.gravatar.com\/avatar\/19fdfdc0d67fb9c45714b703a2ac82251c4fcea3637f002ac3c9b74c0183583c?s=96&d=mm&r=g","caption":"RAED"}}]}},"_links":{"self":[{"href":"https:\/\/raed.academy\/en\/wp-json\/wp\/v2\/posts\/5175","targetHints":{"allow":["GET"]}}],"collection":[{"href":"https:\/\/raed.academy\/en\/wp-json\/wp\/v2\/posts"}],"about":[{"href":"https:\/\/raed.academy\/en\/wp-json\/wp\/v2\/types\/post"}],"author":[{"embeddable":true,"href":"https:\/\/raed.academy\/en\/wp-json\/wp\/v2\/users\/12"}],"replies":[{"embeddable":true,"href":"https:\/\/raed.academy\/en\/wp-json\/wp\/v2\/comments?post=5175"}],"version-history":[{"count":0,"href":"https:\/\/raed.academy\/en\/wp-json\/wp\/v2\/posts\/5175\/revisions"}],"wp:attachment":[{"href":"https:\/\/raed.academy\/en\/wp-json\/wp\/v2\/media?parent=5175"}],"wp:term":[{"taxonomy":"category","embeddable":true,"href":"https:\/\/raed.academy\/en\/wp-json\/wp\/v2\/categories?post=5175"},{"taxonomy":"post_tag","embeddable":true,"href":"https:\/\/raed.academy\/en\/wp-json\/wp\/v2\/tags?post=5175"}],"curies":[{"name":"wp","href":"https:\/\/api.w.org\/{rel}","templated":true}]}}