{"id":4831,"date":"2016-02-18T10:58:59","date_gmt":"2016-02-18T10:58:59","guid":{"rendered":"http:\/\/radd.eu\/?p=4831"},"modified":"2017-05-22T08:25:23","modified_gmt":"2017-05-22T08:25:23","slug":"antonio-pulido-president-of-cajasol-enters-at-the-royal-european-academy-of-doctors","status":"publish","type":"post","link":"https:\/\/raed.academy\/en\/antonio-pulido-president-of-cajasol-enters-at-the-royal-european-academy-of-doctors\/","title":{"rendered":"Antonio Pulido, president of Cajasol, enters at the Royal European Academy of Doctors"},"content":{"rendered":"<hr \/>\n<h3><strong>Antonio Pulido Guti\u00e9rrez<\/strong>, <span id=\"result_box\" class=\"\" lang=\"en\"><span title=\"Antonio Pulido Guti\u00e9rrez, presidente de Cajasol y de la Fundaci\u00f3n Cajasol y miembro del Consejo de Administraci\u00f3n de CaixaBank, ingresar\u00e1 como accad\u00e9mico de n\u00famero en la Real Academia Europea de Doctores-Barcelona 1914 (RAED) durante una ceremonia que se celebrar\u00e1 en Barcelona el pr\u00f3ximo jueves\">president of <a href=\"https:\/\/portal.lacaixa.es\/holabank\/particulares_en.html\" target=\"_blank\"><strong>Cajasol<\/strong> <\/a>and <strong><a href=\"http:\/\/www.cajasol.es\/\" target=\"_blank\">Cajasol Foundation<\/a><\/strong> and member of the Board of Directors of <strong><a href=\"https:\/\/portal.lacaixa.es\/holabank\/particulares_en.html\" target=\"_blank\">CaixaBank<\/a><\/strong>, will enter as full academiacian at the <strong>Royal European Academy of Doctors-Barcelona 1914<\/strong> (RAED) during a ceremony to be held in Barcelona on Thursday<\/span><span title=\", 25 de febrero.\">, February 25. <\/span><span title=\"El recipiendario leer\u00e1 el discurso de ingreso &quot;La figura del emprendedor y el concepto del emprendimiento&quot;.\">The recipient will read the inaugural address <strong>&#8220;The entrepreneur and the concept of entrepreneurship&#8221;<\/strong>. <\/span><span title=\"Le responder\u00e1 en nombre de la RAED el acad\u00e9mico Jos\u00e9 Daniel Barquero. \">Will respond on behalf of the RAED its academician <strong><a href=\"http:\/\/raed.academy\/ca\/academics\/dr-jose-daniel-barquero-cabrero\/\" target=\"_blank\">Jos\u00e9 Daniel Barquero<\/a><\/strong>.<\/span><\/span><br \/>\n<span id=\"result_box\" class=\"\" lang=\"en\"><\/span><span id=\"result_box\" class=\"\" lang=\"en\"><\/h3>\n<h3><span id=\"result_box\" class=\"\" lang=\"en\"><span title=\"Licenciado en Ciencias Econ\u00f3micas y Empresariales y doctor en Econom\u00eda por la Universidad de Sevilla, el nuevo acad\u00e9mico ha sido profesor de la Universidad de Sevilla y de la Universidad Pablo de Olavide de Sevilla.\">Bachelor and doctor in Economics from the University of Sevilla, the new member has taught at the <strong>University of Seville<\/strong> and the <strong>University Pablo de Olavide<\/strong>. <\/span><span title=\"Es presidente del Consejo Andaluz de Colegios de Economistas, de la Asociaci\u00f3n Andaluza de Fundaciones y de la Asociaci\u00f3n Internacional de Cr\u00e9dito Prendario y Social.\">He is president of the <strong>Andalusian Council of Colleges of Economists<\/strong>, the <strong>Andalusian Association Foundation<\/strong> and the <strong>International Association of Collateral and Social Credit<\/strong>. <\/span><span title=\"Tambi\u00e9n ha presidido la Organizaci\u00f3n de Economistas de la Educaci\u00f3n.\">He has also chaired the <strong>Organization of Economists of Education<\/strong>. <\/span><span title=\"En 2006 fue elegido presidente de la Caja de Ahorros El Monte y desde mayo de 2007 preside Cajasol y la Fundaci\u00f3n Cajasol.\">In 2006 he was elected president of the <strong>Caja de Ahorros El Monte<\/strong> and chaired <strong>Cajasol<\/strong> and <strong>Cajasol Foundation<\/strong> since 2007. <\/span><span title=\"Es miembro del Consejo de Administraci\u00f3n de CaixaBank desde 2012.\">He is a member of the Board of Directors of <strong>CaixaBank<\/strong> since 2012.<\/h3>\n<h3><strong><a href=\"http:\/\/raed.academy\/wp-content\/uploads\/2016\/02\/RAD-Invitaci\u00f3n-Investidura-Dr.-Pulido-25-02-2016-1.pdf\" rel=\"\">Download invitation<\/a><\/strong><\/h3>\n","protected":false},"excerpt":{"rendered":"<p>Antonio Pulido Guti\u00e9rrez, president of Cajasol and Cajasol Foundation and member of the Board of Directors of CaixaBank, will enter as full academiacian at the Royal European Academy of Doctors-Barcelona 1914 (RAED) during a ceremony to be held in Barcelona on Thursday, February 25. The recipient will read the inaugural address &#8220;The entrepreneur and the [&hellip;]<\/p>\n","protected":false},"author":12,"featured_media":0,"comment_status":"open","ping_status":"open","sticky":false,"template":"","format":"standard","meta":{"_et_pb_use_builder":"","_et_pb_old_content":"","_et_gb_content_width":"","footnotes":""},"categories":[144],"tags":[476],"class_list":["post-4831","post","type-post","status-publish","format-standard","hentry","category-acts-admission-academicians","tag-academicians-income","et-doesnt-have-format-content","et_post_format-et-post-format-standard"],"yoast_head":"<!-- This site is optimized with the Yoast SEO plugin v27.5 - https:\/\/yoast.com\/product\/yoast-seo-wordpress\/ -->\n<title>Antonio Pulido, president of Cajasol, enters at the Royal European Academy of Doctors - Royal European Academy of Doctors<\/title>\n<meta name=\"robots\" content=\"index, follow, max-snippet:-1, max-image-preview:large, max-video-preview:-1\" \/>\n<link rel=\"canonical\" href=\"https:\/\/raed.academy\/en\/antonio-pulido-president-of-cajasol-enters-at-the-royal-european-academy-of-doctors\/\" \/>\n<meta property=\"og:locale\" content=\"en_US\" \/>\n<meta property=\"og:type\" content=\"article\" \/>\n<meta property=\"og:title\" content=\"Antonio Pulido, president of Cajasol, enters at the Royal European Academy of Doctors - Royal European Academy of Doctors\" \/>\n<meta property=\"og:description\" content=\"Antonio Pulido Guti\u00e9rrez, president of Cajasol and Cajasol Foundation and member of the Board of Directors of CaixaBank, will enter as full academiacian at the Royal European Academy of Doctors-Barcelona 1914 (RAED) during a ceremony to be held in Barcelona on Thursday, February 25. The recipient will read the inaugural address &#8220;The entrepreneur and the [&hellip;]\" \/>\n<meta property=\"og:url\" content=\"https:\/\/raed.academy\/en\/antonio-pulido-president-of-cajasol-enters-at-the-royal-european-academy-of-doctors\/\" \/>\n<meta property=\"og:site_name\" content=\"Royal European Academy of Doctors\" \/>\n<meta property=\"article:publisher\" content=\"http:\/\/fb.me\/raed.academy\" \/>\n<meta property=\"article:published_time\" content=\"2016-02-18T10:58:59+00:00\" \/>\n<meta property=\"article:modified_time\" content=\"2017-05-22T08:25:23+00:00\" \/>\n<meta name=\"author\" content=\"RAED\" \/>\n<meta name=\"twitter:card\" content=\"summary_large_image\" \/>\n<meta name=\"twitter:creator\" content=\"@raedacademy\" \/>\n<meta name=\"twitter:site\" content=\"@raedacademy\" \/>\n<meta name=\"twitter:label1\" content=\"Written by\" \/>\n\t<meta name=\"twitter:data1\" content=\"RAED\" \/>\n\t<meta name=\"twitter:label2\" content=\"Est. reading time\" \/>\n\t<meta name=\"twitter:data2\" content=\"1 minute\" \/>\n<script type=\"application\/ld+json\" class=\"yoast-schema-graph\">{\"@context\":\"https:\\\/\\\/schema.org\",\"@graph\":[{\"@type\":\"Article\",\"@id\":\"https:\\\/\\\/raed.academy\\\/en\\\/antonio-pulido-president-of-cajasol-enters-at-the-royal-european-academy-of-doctors\\\/#article\",\"isPartOf\":{\"@id\":\"https:\\\/\\\/raed.academy\\\/en\\\/antonio-pulido-president-of-cajasol-enters-at-the-royal-european-academy-of-doctors\\\/\"},\"author\":{\"name\":\"RAED\",\"@id\":\"https:\\\/\\\/raed.academy\\\/en\\\/#\\\/schema\\\/person\\\/5a755da80d1d979fd66ba745c8702927\"},\"headline\":\"Antonio Pulido, president of Cajasol, enters at the Royal European Academy of Doctors\",\"datePublished\":\"2016-02-18T10:58:59+00:00\",\"dateModified\":\"2017-05-22T08:25:23+00:00\",\"mainEntityOfPage\":{\"@id\":\"https:\\\/\\\/raed.academy\\\/en\\\/antonio-pulido-president-of-cajasol-enters-at-the-royal-european-academy-of-doctors\\\/\"},\"wordCount\":175,\"commentCount\":0,\"publisher\":{\"@id\":\"https:\\\/\\\/raed.academy\\\/en\\\/#organization\"},\"keywords\":[\"academicians income\"],\"articleSection\":[\"Acts of admission as academicians\"],\"inLanguage\":\"en-US\",\"potentialAction\":[{\"@type\":\"CommentAction\",\"name\":\"Comment\",\"target\":[\"https:\\\/\\\/raed.academy\\\/en\\\/antonio-pulido-president-of-cajasol-enters-at-the-royal-european-academy-of-doctors\\\/#respond\"]}]},{\"@type\":\"WebPage\",\"@id\":\"https:\\\/\\\/raed.academy\\\/en\\\/antonio-pulido-president-of-cajasol-enters-at-the-royal-european-academy-of-doctors\\\/\",\"url\":\"https:\\\/\\\/raed.academy\\\/en\\\/antonio-pulido-president-of-cajasol-enters-at-the-royal-european-academy-of-doctors\\\/\",\"name\":\"Antonio Pulido, president of Cajasol, enters at the Royal European Academy of Doctors - Royal European Academy of Doctors\",\"isPartOf\":{\"@id\":\"https:\\\/\\\/raed.academy\\\/en\\\/#website\"},\"datePublished\":\"2016-02-18T10:58:59+00:00\",\"dateModified\":\"2017-05-22T08:25:23+00:00\",\"breadcrumb\":{\"@id\":\"https:\\\/\\\/raed.academy\\\/en\\\/antonio-pulido-president-of-cajasol-enters-at-the-royal-european-academy-of-doctors\\\/#breadcrumb\"},\"inLanguage\":\"en-US\",\"potentialAction\":[{\"@type\":\"ReadAction\",\"target\":[\"https:\\\/\\\/raed.academy\\\/en\\\/antonio-pulido-president-of-cajasol-enters-at-the-royal-european-academy-of-doctors\\\/\"]}]},{\"@type\":\"BreadcrumbList\",\"@id\":\"https:\\\/\\\/raed.academy\\\/en\\\/antonio-pulido-president-of-cajasol-enters-at-the-royal-european-academy-of-doctors\\\/#breadcrumb\",\"itemListElement\":[{\"@type\":\"ListItem\",\"position\":1,\"name\":\"Inicio\",\"item\":\"https:\\\/\\\/raed.academy\\\/en\\\/\"},{\"@type\":\"ListItem\",\"position\":2,\"name\":\"Antonio Pulido, president of Cajasol, enters at the Royal European Academy of Doctors\"}]},{\"@type\":\"WebSite\",\"@id\":\"https:\\\/\\\/raed.academy\\\/en\\\/#website\",\"url\":\"https:\\\/\\\/raed.academy\\\/en\\\/\",\"name\":\"Royal European Academy of Doctors\",\"description\":\"Corporaci\u00f3n de derecho p\u00fablico de car\u00e1cter cient\u00edfico, t\u00e9cnico y art\u00edstico, que tiene por objeto la investigaci\u00f3n, el estudio, el fomento y la extensi\u00f3n del conocimiento en su sentido m\u00e1s amplio.\",\"publisher\":{\"@id\":\"https:\\\/\\\/raed.academy\\\/en\\\/#organization\"},\"potentialAction\":[{\"@type\":\"SearchAction\",\"target\":{\"@type\":\"EntryPoint\",\"urlTemplate\":\"https:\\\/\\\/raed.academy\\\/en\\\/?s={search_term_string}\"},\"query-input\":{\"@type\":\"PropertyValueSpecification\",\"valueRequired\":true,\"valueName\":\"search_term_string\"}}],\"inLanguage\":\"en-US\"},{\"@type\":\"Organization\",\"@id\":\"https:\\\/\\\/raed.academy\\\/en\\\/#organization\",\"name\":\"Real Academia Europea de Doctores\",\"url\":\"https:\\\/\\\/raed.academy\\\/en\\\/\",\"logo\":{\"@type\":\"ImageObject\",\"inLanguage\":\"en-US\",\"@id\":\"https:\\\/\\\/raed.academy\\\/en\\\/#\\\/schema\\\/logo\\\/image\\\/\",\"url\":\"https:\\\/\\\/raed.academy\\\/wp-content\\\/uploads\\\/2017\\\/01\\\/cropped-logo_raed.png\",\"contentUrl\":\"https:\\\/\\\/raed.academy\\\/wp-content\\\/uploads\\\/2017\\\/01\\\/cropped-logo_raed.png\",\"width\":512,\"height\":512,\"caption\":\"Real Academia Europea de Doctores\"},\"image\":{\"@id\":\"https:\\\/\\\/raed.academy\\\/en\\\/#\\\/schema\\\/logo\\\/image\\\/\"},\"sameAs\":[\"http:\\\/\\\/fb.me\\\/raed.academy\",\"https:\\\/\\\/x.com\\\/raedacademy\",\"https:\\\/\\\/www.instagram.com\\\/raed.academy\\\/\",\"https:\\\/\\\/www.youtube.com\\\/channel\\\/UCUYQwW2KrdirNWihxMDObwg\"]},{\"@type\":\"Person\",\"@id\":\"https:\\\/\\\/raed.academy\\\/en\\\/#\\\/schema\\\/person\\\/5a755da80d1d979fd66ba745c8702927\",\"name\":\"RAED\",\"image\":{\"@type\":\"ImageObject\",\"inLanguage\":\"en-US\",\"@id\":\"https:\\\/\\\/secure.gravatar.com\\\/avatar\\\/19fdfdc0d67fb9c45714b703a2ac82251c4fcea3637f002ac3c9b74c0183583c?s=96&d=mm&r=g\",\"url\":\"https:\\\/\\\/secure.gravatar.com\\\/avatar\\\/19fdfdc0d67fb9c45714b703a2ac82251c4fcea3637f002ac3c9b74c0183583c?s=96&d=mm&r=g\",\"contentUrl\":\"https:\\\/\\\/secure.gravatar.com\\\/avatar\\\/19fdfdc0d67fb9c45714b703a2ac82251c4fcea3637f002ac3c9b74c0183583c?s=96&d=mm&r=g\",\"caption\":\"RAED\"}}]}<\/script>\n<!-- \/ Yoast SEO plugin. -->","yoast_head_json":{"title":"Antonio Pulido, president of Cajasol, enters at the Royal European Academy of Doctors - Royal European Academy of Doctors","robots":{"index":"index","follow":"follow","max-snippet":"max-snippet:-1","max-image-preview":"max-image-preview:large","max-video-preview":"max-video-preview:-1"},"canonical":"https:\/\/raed.academy\/en\/antonio-pulido-president-of-cajasol-enters-at-the-royal-european-academy-of-doctors\/","og_locale":"en_US","og_type":"article","og_title":"Antonio Pulido, president of Cajasol, enters at the Royal European Academy of Doctors - Royal European Academy of Doctors","og_description":"Antonio Pulido Guti\u00e9rrez, president of Cajasol and Cajasol Foundation and member of the Board of Directors of CaixaBank, will enter as full academiacian at the Royal European Academy of Doctors-Barcelona 1914 (RAED) during a ceremony to be held in Barcelona on Thursday, February 25. The recipient will read the inaugural address &#8220;The entrepreneur and the [&hellip;]","og_url":"https:\/\/raed.academy\/en\/antonio-pulido-president-of-cajasol-enters-at-the-royal-european-academy-of-doctors\/","og_site_name":"Royal European Academy of Doctors","article_publisher":"http:\/\/fb.me\/raed.academy","article_published_time":"2016-02-18T10:58:59+00:00","article_modified_time":"2017-05-22T08:25:23+00:00","author":"RAED","twitter_card":"summary_large_image","twitter_creator":"@raedacademy","twitter_site":"@raedacademy","twitter_misc":{"Written by":"RAED","Est. reading time":"1 minute"},"schema":{"@context":"https:\/\/schema.org","@graph":[{"@type":"Article","@id":"https:\/\/raed.academy\/en\/antonio-pulido-president-of-cajasol-enters-at-the-royal-european-academy-of-doctors\/#article","isPartOf":{"@id":"https:\/\/raed.academy\/en\/antonio-pulido-president-of-cajasol-enters-at-the-royal-european-academy-of-doctors\/"},"author":{"name":"RAED","@id":"https:\/\/raed.academy\/en\/#\/schema\/person\/5a755da80d1d979fd66ba745c8702927"},"headline":"Antonio Pulido, president of Cajasol, enters at the Royal European Academy of Doctors","datePublished":"2016-02-18T10:58:59+00:00","dateModified":"2017-05-22T08:25:23+00:00","mainEntityOfPage":{"@id":"https:\/\/raed.academy\/en\/antonio-pulido-president-of-cajasol-enters-at-the-royal-european-academy-of-doctors\/"},"wordCount":175,"commentCount":0,"publisher":{"@id":"https:\/\/raed.academy\/en\/#organization"},"keywords":["academicians income"],"articleSection":["Acts of admission as academicians"],"inLanguage":"en-US","potentialAction":[{"@type":"CommentAction","name":"Comment","target":["https:\/\/raed.academy\/en\/antonio-pulido-president-of-cajasol-enters-at-the-royal-european-academy-of-doctors\/#respond"]}]},{"@type":"WebPage","@id":"https:\/\/raed.academy\/en\/antonio-pulido-president-of-cajasol-enters-at-the-royal-european-academy-of-doctors\/","url":"https:\/\/raed.academy\/en\/antonio-pulido-president-of-cajasol-enters-at-the-royal-european-academy-of-doctors\/","name":"Antonio Pulido, president of Cajasol, enters at the Royal European Academy of Doctors - Royal European Academy of Doctors","isPartOf":{"@id":"https:\/\/raed.academy\/en\/#website"},"datePublished":"2016-02-18T10:58:59+00:00","dateModified":"2017-05-22T08:25:23+00:00","breadcrumb":{"@id":"https:\/\/raed.academy\/en\/antonio-pulido-president-of-cajasol-enters-at-the-royal-european-academy-of-doctors\/#breadcrumb"},"inLanguage":"en-US","potentialAction":[{"@type":"ReadAction","target":["https:\/\/raed.academy\/en\/antonio-pulido-president-of-cajasol-enters-at-the-royal-european-academy-of-doctors\/"]}]},{"@type":"BreadcrumbList","@id":"https:\/\/raed.academy\/en\/antonio-pulido-president-of-cajasol-enters-at-the-royal-european-academy-of-doctors\/#breadcrumb","itemListElement":[{"@type":"ListItem","position":1,"name":"Inicio","item":"https:\/\/raed.academy\/en\/"},{"@type":"ListItem","position":2,"name":"Antonio Pulido, president of Cajasol, enters at the Royal European Academy of Doctors"}]},{"@type":"WebSite","@id":"https:\/\/raed.academy\/en\/#website","url":"https:\/\/raed.academy\/en\/","name":"Royal European Academy of Doctors","description":"Corporaci\u00f3n de derecho p\u00fablico de car\u00e1cter cient\u00edfico, t\u00e9cnico y art\u00edstico, que tiene por objeto la investigaci\u00f3n, el estudio, el fomento y la extensi\u00f3n del conocimiento en su sentido m\u00e1s amplio.","publisher":{"@id":"https:\/\/raed.academy\/en\/#organization"},"potentialAction":[{"@type":"SearchAction","target":{"@type":"EntryPoint","urlTemplate":"https:\/\/raed.academy\/en\/?s={search_term_string}"},"query-input":{"@type":"PropertyValueSpecification","valueRequired":true,"valueName":"search_term_string"}}],"inLanguage":"en-US"},{"@type":"Organization","@id":"https:\/\/raed.academy\/en\/#organization","name":"Real Academia Europea de Doctores","url":"https:\/\/raed.academy\/en\/","logo":{"@type":"ImageObject","inLanguage":"en-US","@id":"https:\/\/raed.academy\/en\/#\/schema\/logo\/image\/","url":"https:\/\/raed.academy\/wp-content\/uploads\/2017\/01\/cropped-logo_raed.png","contentUrl":"https:\/\/raed.academy\/wp-content\/uploads\/2017\/01\/cropped-logo_raed.png","width":512,"height":512,"caption":"Real Academia Europea de Doctores"},"image":{"@id":"https:\/\/raed.academy\/en\/#\/schema\/logo\/image\/"},"sameAs":["http:\/\/fb.me\/raed.academy","https:\/\/x.com\/raedacademy","https:\/\/www.instagram.com\/raed.academy\/","https:\/\/www.youtube.com\/channel\/UCUYQwW2KrdirNWihxMDObwg"]},{"@type":"Person","@id":"https:\/\/raed.academy\/en\/#\/schema\/person\/5a755da80d1d979fd66ba745c8702927","name":"RAED","image":{"@type":"ImageObject","inLanguage":"en-US","@id":"https:\/\/secure.gravatar.com\/avatar\/19fdfdc0d67fb9c45714b703a2ac82251c4fcea3637f002ac3c9b74c0183583c?s=96&d=mm&r=g","url":"https:\/\/secure.gravatar.com\/avatar\/19fdfdc0d67fb9c45714b703a2ac82251c4fcea3637f002ac3c9b74c0183583c?s=96&d=mm&r=g","contentUrl":"https:\/\/secure.gravatar.com\/avatar\/19fdfdc0d67fb9c45714b703a2ac82251c4fcea3637f002ac3c9b74c0183583c?s=96&d=mm&r=g","caption":"RAED"}}]}},"_links":{"self":[{"href":"https:\/\/raed.academy\/en\/wp-json\/wp\/v2\/posts\/4831","targetHints":{"allow":["GET"]}}],"collection":[{"href":"https:\/\/raed.academy\/en\/wp-json\/wp\/v2\/posts"}],"about":[{"href":"https:\/\/raed.academy\/en\/wp-json\/wp\/v2\/types\/post"}],"author":[{"embeddable":true,"href":"https:\/\/raed.academy\/en\/wp-json\/wp\/v2\/users\/12"}],"replies":[{"embeddable":true,"href":"https:\/\/raed.academy\/en\/wp-json\/wp\/v2\/comments?post=4831"}],"version-history":[{"count":0,"href":"https:\/\/raed.academy\/en\/wp-json\/wp\/v2\/posts\/4831\/revisions"}],"wp:attachment":[{"href":"https:\/\/raed.academy\/en\/wp-json\/wp\/v2\/media?parent=4831"}],"wp:term":[{"taxonomy":"category","embeddable":true,"href":"https:\/\/raed.academy\/en\/wp-json\/wp\/v2\/categories?post=4831"},{"taxonomy":"post_tag","embeddable":true,"href":"https:\/\/raed.academy\/en\/wp-json\/wp\/v2\/tags?post=4831"}],"curies":[{"name":"wp","href":"https:\/\/api.w.org\/{rel}","templated":true}]}}