{"id":47244,"date":"2018-07-02T08:35:04","date_gmt":"2018-07-02T08:35:04","guid":{"rendered":"http:\/\/raed.academy\/?p=47244"},"modified":"2018-07-09T09:32:52","modified_gmt":"2018-07-09T09:32:52","slug":"a-reference-at-the-university","status":"publish","type":"post","link":"https:\/\/raed.academy\/en\/a-reference-at-the-university\/","title":{"rendered":"A reference at the university"},"content":{"rendered":"<div id=\"attachment_47136\" style=\"width: 380px\" class=\"wp-caption alignright\"><img loading=\"lazy\" decoding=\"async\" aria-describedby=\"caption-attachment-47136\" class=\"wp-image-47136 size-full\" src=\"http:\/\/raed.academy\/wp-content\/uploads\/2018\/07\/Jaume-Armengou-Orus.jpg\" alt=\"Jaume Armengou Or\u00fas\" width=\"370\" height=\"236\" \/><p id=\"caption-attachment-47136\" class=\"wp-caption-text\">Dr Jaume Armengou<\/p><\/div>\n<p><a href=\"http:\/\/raed.academy\/en\/academicians\/dr-jaume-armengou-orus\/\" target=\"_blank\" rel=\"noopener\"><strong>Jaume Armengou<\/strong><\/a>, vice chancellor of Academic Organisation and International Relations of the <a href=\"http:\/\/www.uic.es\" target=\"_blank\" rel=\"noopener\"><strong>International University of Catalonia<\/strong><\/a> (UIC) and full academician of the <strong>Royal European Academy of Doctors-Barcelona 1914<\/strong> (RAED), will assume in September the General Secretariat of the Business School <a href=\"http:\/\/www.iese.edu\" target=\"_blank\" rel=\"noopener\"><strong>IESE<\/strong> <\/a>to open a new stage in a professional career focused on academic management. &#8220;After these eleven years at UIC I can only express my gratitude and admiration to so many people with whom I have shared a lot of experiences, I will continue to have them at my disposal, I will observe the exciting progress of the university from a very close. I will consider it as my own&#8221;, said Armengou in his parting address to the UIC community.<\/p>\n<p>Architect of the management model of this university centre, the academician started from the testimony of professors with more than 40 years of experience, from diverse teaching models from all over the world and from models of success in the management of companies to configure the successful model of the UIC. &#8220;Common practice in engineering, the theory of similarity is based on the verification of models or small-scale projects that a project fits all safety and functionality parameters, which is why from the beginning I tried to take this theory to others areas, such as teaching&#8221;, explained Armengou the gestation of this model during his admission to the Royal Academy.<\/p>\n<p>A doctor in Road, Canal and Port Engineering from the <a href=\"http:\/\/www.upc.cat\" target=\"_blank\" rel=\"noopener\"><strong>Polytechnic University of Catalonia<\/strong><\/a> (UPC), concerns about various areas of knowledge have led Armengou to become a specialist in fields as diverse as the management of all types of projects, design and calculation of concrete structures and biomedical engineering. He has been a professor at the UPC, at the <a href=\"https:\/\/www.unav.edu\" target=\"_blank\" rel=\"noopener\"><strong>University of Navarra<\/strong><\/a>, at the <a href=\"http:\/\/udep.edu.pe\" target=\"_blank\" rel=\"noopener\"><strong>University of Piura<\/strong><\/a> (Peru) and at the UIC. Now he opens a new stage linked to the world of business training.<\/p>\n","protected":false},"excerpt":{"rendered":"<p>Jaume Armengou, vice chancellor of Academic Organisation and International Relations of the International University of Catalonia (UIC) and full academician of the Royal European Academy of Doctors-Barcelona 1914 (RAED), will assume in September the General Secretariat of the Business School IESE to open a new stage in a professional career focused on academic management. &#8220;After [&hellip;]<\/p>\n","protected":false},"author":12,"featured_media":47188,"comment_status":"closed","ping_status":"closed","sticky":false,"template":"","format":"standard","meta":{"_et_pb_use_builder":"","_et_pb_old_content":"","_et_gb_content_width":"","footnotes":""},"categories":[67],"tags":[],"class_list":["post-47244","post","type-post","status-publish","format-standard","has-post-thumbnail","hentry","category-uncategorized-6","et-has-post-format-content","et_post_format-et-post-format-standard"],"yoast_head":"<!-- This site is optimized with the Yoast SEO plugin v27.4 - https:\/\/yoast.com\/product\/yoast-seo-wordpress\/ -->\n<title>A reference at the university - Royal European Academy of Doctors<\/title>\n<meta name=\"robots\" content=\"index, follow, max-snippet:-1, max-image-preview:large, max-video-preview:-1\" \/>\n<link rel=\"canonical\" href=\"https:\/\/raed.academy\/en\/a-reference-at-the-university\/\" \/>\n<meta property=\"og:locale\" content=\"en_US\" \/>\n<meta property=\"og:type\" content=\"article\" \/>\n<meta property=\"og:title\" content=\"A reference at the university - Royal European Academy of Doctors\" \/>\n<meta property=\"og:description\" content=\"Jaume Armengou, vice chancellor of Academic Organisation and International Relations of the International University of Catalonia (UIC) and full academician of the Royal European Academy of Doctors-Barcelona 1914 (RAED), will assume in September the General Secretariat of the Business School IESE to open a new stage in a professional career focused on academic management. &#8220;After [&hellip;]\" \/>\n<meta property=\"og:url\" content=\"https:\/\/raed.academy\/en\/a-reference-at-the-university\/\" \/>\n<meta property=\"og:site_name\" content=\"Royal European Academy of Doctors\" \/>\n<meta property=\"article:publisher\" content=\"http:\/\/fb.me\/raed.academy\" \/>\n<meta property=\"article:published_time\" content=\"2018-07-02T08:35:04+00:00\" \/>\n<meta property=\"article:modified_time\" content=\"2018-07-09T09:32:52+00:00\" \/>\n<meta property=\"og:image\" content=\"https:\/\/raed.academy\/wp-content\/uploads\/2018\/07\/logo-iese-int.jpg\" \/>\n\t<meta property=\"og:image:width\" content=\"350\" \/>\n\t<meta property=\"og:image:height\" content=\"210\" \/>\n\t<meta property=\"og:image:type\" content=\"image\/jpeg\" \/>\n<meta name=\"author\" content=\"RAED\" \/>\n<meta name=\"twitter:card\" content=\"summary_large_image\" \/>\n<meta name=\"twitter:creator\" content=\"@raedacademy\" \/>\n<meta name=\"twitter:site\" content=\"@raedacademy\" \/>\n<meta name=\"twitter:label1\" content=\"Written by\" \/>\n\t<meta name=\"twitter:data1\" content=\"RAED\" \/>\n\t<meta name=\"twitter:label2\" content=\"Est. reading time\" \/>\n\t<meta name=\"twitter:data2\" content=\"2 minutes\" \/>\n<script type=\"application\/ld+json\" class=\"yoast-schema-graph\">{\"@context\":\"https:\\\/\\\/schema.org\",\"@graph\":[{\"@type\":\"Article\",\"@id\":\"https:\\\/\\\/raed.academy\\\/en\\\/a-reference-at-the-university\\\/#article\",\"isPartOf\":{\"@id\":\"https:\\\/\\\/raed.academy\\\/en\\\/a-reference-at-the-university\\\/\"},\"author\":{\"name\":\"RAED\",\"@id\":\"https:\\\/\\\/raed.academy\\\/en\\\/#\\\/schema\\\/person\\\/5a755da80d1d979fd66ba745c8702927\"},\"headline\":\"A reference at the university\",\"datePublished\":\"2018-07-02T08:35:04+00:00\",\"dateModified\":\"2018-07-09T09:32:52+00:00\",\"mainEntityOfPage\":{\"@id\":\"https:\\\/\\\/raed.academy\\\/en\\\/a-reference-at-the-university\\\/\"},\"wordCount\":328,\"publisher\":{\"@id\":\"https:\\\/\\\/raed.academy\\\/en\\\/#organization\"},\"image\":{\"@id\":\"https:\\\/\\\/raed.academy\\\/en\\\/a-reference-at-the-university\\\/#primaryimage\"},\"thumbnailUrl\":\"https:\\\/\\\/raed.academy\\\/wp-content\\\/uploads\\\/2018\\\/07\\\/logo-iese-int.jpg\",\"inLanguage\":\"en-US\"},{\"@type\":\"WebPage\",\"@id\":\"https:\\\/\\\/raed.academy\\\/en\\\/a-reference-at-the-university\\\/\",\"url\":\"https:\\\/\\\/raed.academy\\\/en\\\/a-reference-at-the-university\\\/\",\"name\":\"A reference at the university - Royal European Academy of Doctors\",\"isPartOf\":{\"@id\":\"https:\\\/\\\/raed.academy\\\/en\\\/#website\"},\"primaryImageOfPage\":{\"@id\":\"https:\\\/\\\/raed.academy\\\/en\\\/a-reference-at-the-university\\\/#primaryimage\"},\"image\":{\"@id\":\"https:\\\/\\\/raed.academy\\\/en\\\/a-reference-at-the-university\\\/#primaryimage\"},\"thumbnailUrl\":\"https:\\\/\\\/raed.academy\\\/wp-content\\\/uploads\\\/2018\\\/07\\\/logo-iese-int.jpg\",\"datePublished\":\"2018-07-02T08:35:04+00:00\",\"dateModified\":\"2018-07-09T09:32:52+00:00\",\"breadcrumb\":{\"@id\":\"https:\\\/\\\/raed.academy\\\/en\\\/a-reference-at-the-university\\\/#breadcrumb\"},\"inLanguage\":\"en-US\",\"potentialAction\":[{\"@type\":\"ReadAction\",\"target\":[\"https:\\\/\\\/raed.academy\\\/en\\\/a-reference-at-the-university\\\/\"]}]},{\"@type\":\"ImageObject\",\"inLanguage\":\"en-US\",\"@id\":\"https:\\\/\\\/raed.academy\\\/en\\\/a-reference-at-the-university\\\/#primaryimage\",\"url\":\"https:\\\/\\\/raed.academy\\\/wp-content\\\/uploads\\\/2018\\\/07\\\/logo-iese-int.jpg\",\"contentUrl\":\"https:\\\/\\\/raed.academy\\\/wp-content\\\/uploads\\\/2018\\\/07\\\/logo-iese-int.jpg\",\"width\":350,\"height\":210},{\"@type\":\"BreadcrumbList\",\"@id\":\"https:\\\/\\\/raed.academy\\\/en\\\/a-reference-at-the-university\\\/#breadcrumb\",\"itemListElement\":[{\"@type\":\"ListItem\",\"position\":1,\"name\":\"Inicio\",\"item\":\"https:\\\/\\\/raed.academy\\\/en\\\/\"},{\"@type\":\"ListItem\",\"position\":2,\"name\":\"A reference at the university\"}]},{\"@type\":\"WebSite\",\"@id\":\"https:\\\/\\\/raed.academy\\\/en\\\/#website\",\"url\":\"https:\\\/\\\/raed.academy\\\/en\\\/\",\"name\":\"Royal European Academy of Doctors\",\"description\":\"Corporaci\u00f3n de derecho p\u00fablico de car\u00e1cter cient\u00edfico, t\u00e9cnico y art\u00edstico, que tiene por objeto la investigaci\u00f3n, el estudio, el fomento y la extensi\u00f3n del conocimiento en su sentido m\u00e1s amplio.\",\"publisher\":{\"@id\":\"https:\\\/\\\/raed.academy\\\/en\\\/#organization\"},\"potentialAction\":[{\"@type\":\"SearchAction\",\"target\":{\"@type\":\"EntryPoint\",\"urlTemplate\":\"https:\\\/\\\/raed.academy\\\/en\\\/?s={search_term_string}\"},\"query-input\":{\"@type\":\"PropertyValueSpecification\",\"valueRequired\":true,\"valueName\":\"search_term_string\"}}],\"inLanguage\":\"en-US\"},{\"@type\":\"Organization\",\"@id\":\"https:\\\/\\\/raed.academy\\\/en\\\/#organization\",\"name\":\"Real Academia Europea de Doctores\",\"url\":\"https:\\\/\\\/raed.academy\\\/en\\\/\",\"logo\":{\"@type\":\"ImageObject\",\"inLanguage\":\"en-US\",\"@id\":\"https:\\\/\\\/raed.academy\\\/en\\\/#\\\/schema\\\/logo\\\/image\\\/\",\"url\":\"https:\\\/\\\/raed.academy\\\/wp-content\\\/uploads\\\/2017\\\/01\\\/cropped-logo_raed.png\",\"contentUrl\":\"https:\\\/\\\/raed.academy\\\/wp-content\\\/uploads\\\/2017\\\/01\\\/cropped-logo_raed.png\",\"width\":512,\"height\":512,\"caption\":\"Real Academia Europea de Doctores\"},\"image\":{\"@id\":\"https:\\\/\\\/raed.academy\\\/en\\\/#\\\/schema\\\/logo\\\/image\\\/\"},\"sameAs\":[\"http:\\\/\\\/fb.me\\\/raed.academy\",\"https:\\\/\\\/x.com\\\/raedacademy\",\"https:\\\/\\\/www.instagram.com\\\/raed.academy\\\/\",\"https:\\\/\\\/www.youtube.com\\\/channel\\\/UCUYQwW2KrdirNWihxMDObwg\"]},{\"@type\":\"Person\",\"@id\":\"https:\\\/\\\/raed.academy\\\/en\\\/#\\\/schema\\\/person\\\/5a755da80d1d979fd66ba745c8702927\",\"name\":\"RAED\",\"image\":{\"@type\":\"ImageObject\",\"inLanguage\":\"en-US\",\"@id\":\"https:\\\/\\\/secure.gravatar.com\\\/avatar\\\/19fdfdc0d67fb9c45714b703a2ac82251c4fcea3637f002ac3c9b74c0183583c?s=96&d=mm&r=g\",\"url\":\"https:\\\/\\\/secure.gravatar.com\\\/avatar\\\/19fdfdc0d67fb9c45714b703a2ac82251c4fcea3637f002ac3c9b74c0183583c?s=96&d=mm&r=g\",\"contentUrl\":\"https:\\\/\\\/secure.gravatar.com\\\/avatar\\\/19fdfdc0d67fb9c45714b703a2ac82251c4fcea3637f002ac3c9b74c0183583c?s=96&d=mm&r=g\",\"caption\":\"RAED\"}}]}<\/script>\n<!-- \/ Yoast SEO plugin. -->","yoast_head_json":{"title":"A reference at the university - Royal European Academy of Doctors","robots":{"index":"index","follow":"follow","max-snippet":"max-snippet:-1","max-image-preview":"max-image-preview:large","max-video-preview":"max-video-preview:-1"},"canonical":"https:\/\/raed.academy\/en\/a-reference-at-the-university\/","og_locale":"en_US","og_type":"article","og_title":"A reference at the university - Royal European Academy of Doctors","og_description":"Jaume Armengou, vice chancellor of Academic Organisation and International Relations of the International University of Catalonia (UIC) and full academician of the Royal European Academy of Doctors-Barcelona 1914 (RAED), will assume in September the General Secretariat of the Business School IESE to open a new stage in a professional career focused on academic management. &#8220;After [&hellip;]","og_url":"https:\/\/raed.academy\/en\/a-reference-at-the-university\/","og_site_name":"Royal European Academy of Doctors","article_publisher":"http:\/\/fb.me\/raed.academy","article_published_time":"2018-07-02T08:35:04+00:00","article_modified_time":"2018-07-09T09:32:52+00:00","og_image":[{"width":350,"height":210,"url":"https:\/\/raed.academy\/wp-content\/uploads\/2018\/07\/logo-iese-int.jpg","type":"image\/jpeg"}],"author":"RAED","twitter_card":"summary_large_image","twitter_creator":"@raedacademy","twitter_site":"@raedacademy","twitter_misc":{"Written by":"RAED","Est. reading time":"2 minutes"},"schema":{"@context":"https:\/\/schema.org","@graph":[{"@type":"Article","@id":"https:\/\/raed.academy\/en\/a-reference-at-the-university\/#article","isPartOf":{"@id":"https:\/\/raed.academy\/en\/a-reference-at-the-university\/"},"author":{"name":"RAED","@id":"https:\/\/raed.academy\/en\/#\/schema\/person\/5a755da80d1d979fd66ba745c8702927"},"headline":"A reference at the university","datePublished":"2018-07-02T08:35:04+00:00","dateModified":"2018-07-09T09:32:52+00:00","mainEntityOfPage":{"@id":"https:\/\/raed.academy\/en\/a-reference-at-the-university\/"},"wordCount":328,"publisher":{"@id":"https:\/\/raed.academy\/en\/#organization"},"image":{"@id":"https:\/\/raed.academy\/en\/a-reference-at-the-university\/#primaryimage"},"thumbnailUrl":"https:\/\/raed.academy\/wp-content\/uploads\/2018\/07\/logo-iese-int.jpg","inLanguage":"en-US"},{"@type":"WebPage","@id":"https:\/\/raed.academy\/en\/a-reference-at-the-university\/","url":"https:\/\/raed.academy\/en\/a-reference-at-the-university\/","name":"A reference at the university - Royal European Academy of Doctors","isPartOf":{"@id":"https:\/\/raed.academy\/en\/#website"},"primaryImageOfPage":{"@id":"https:\/\/raed.academy\/en\/a-reference-at-the-university\/#primaryimage"},"image":{"@id":"https:\/\/raed.academy\/en\/a-reference-at-the-university\/#primaryimage"},"thumbnailUrl":"https:\/\/raed.academy\/wp-content\/uploads\/2018\/07\/logo-iese-int.jpg","datePublished":"2018-07-02T08:35:04+00:00","dateModified":"2018-07-09T09:32:52+00:00","breadcrumb":{"@id":"https:\/\/raed.academy\/en\/a-reference-at-the-university\/#breadcrumb"},"inLanguage":"en-US","potentialAction":[{"@type":"ReadAction","target":["https:\/\/raed.academy\/en\/a-reference-at-the-university\/"]}]},{"@type":"ImageObject","inLanguage":"en-US","@id":"https:\/\/raed.academy\/en\/a-reference-at-the-university\/#primaryimage","url":"https:\/\/raed.academy\/wp-content\/uploads\/2018\/07\/logo-iese-int.jpg","contentUrl":"https:\/\/raed.academy\/wp-content\/uploads\/2018\/07\/logo-iese-int.jpg","width":350,"height":210},{"@type":"BreadcrumbList","@id":"https:\/\/raed.academy\/en\/a-reference-at-the-university\/#breadcrumb","itemListElement":[{"@type":"ListItem","position":1,"name":"Inicio","item":"https:\/\/raed.academy\/en\/"},{"@type":"ListItem","position":2,"name":"A reference at the university"}]},{"@type":"WebSite","@id":"https:\/\/raed.academy\/en\/#website","url":"https:\/\/raed.academy\/en\/","name":"Royal European Academy of Doctors","description":"Corporaci\u00f3n de derecho p\u00fablico de car\u00e1cter cient\u00edfico, t\u00e9cnico y art\u00edstico, que tiene por objeto la investigaci\u00f3n, el estudio, el fomento y la extensi\u00f3n del conocimiento en su sentido m\u00e1s amplio.","publisher":{"@id":"https:\/\/raed.academy\/en\/#organization"},"potentialAction":[{"@type":"SearchAction","target":{"@type":"EntryPoint","urlTemplate":"https:\/\/raed.academy\/en\/?s={search_term_string}"},"query-input":{"@type":"PropertyValueSpecification","valueRequired":true,"valueName":"search_term_string"}}],"inLanguage":"en-US"},{"@type":"Organization","@id":"https:\/\/raed.academy\/en\/#organization","name":"Real Academia Europea de Doctores","url":"https:\/\/raed.academy\/en\/","logo":{"@type":"ImageObject","inLanguage":"en-US","@id":"https:\/\/raed.academy\/en\/#\/schema\/logo\/image\/","url":"https:\/\/raed.academy\/wp-content\/uploads\/2017\/01\/cropped-logo_raed.png","contentUrl":"https:\/\/raed.academy\/wp-content\/uploads\/2017\/01\/cropped-logo_raed.png","width":512,"height":512,"caption":"Real Academia Europea de Doctores"},"image":{"@id":"https:\/\/raed.academy\/en\/#\/schema\/logo\/image\/"},"sameAs":["http:\/\/fb.me\/raed.academy","https:\/\/x.com\/raedacademy","https:\/\/www.instagram.com\/raed.academy\/","https:\/\/www.youtube.com\/channel\/UCUYQwW2KrdirNWihxMDObwg"]},{"@type":"Person","@id":"https:\/\/raed.academy\/en\/#\/schema\/person\/5a755da80d1d979fd66ba745c8702927","name":"RAED","image":{"@type":"ImageObject","inLanguage":"en-US","@id":"https:\/\/secure.gravatar.com\/avatar\/19fdfdc0d67fb9c45714b703a2ac82251c4fcea3637f002ac3c9b74c0183583c?s=96&d=mm&r=g","url":"https:\/\/secure.gravatar.com\/avatar\/19fdfdc0d67fb9c45714b703a2ac82251c4fcea3637f002ac3c9b74c0183583c?s=96&d=mm&r=g","contentUrl":"https:\/\/secure.gravatar.com\/avatar\/19fdfdc0d67fb9c45714b703a2ac82251c4fcea3637f002ac3c9b74c0183583c?s=96&d=mm&r=g","caption":"RAED"}}]}},"_links":{"self":[{"href":"https:\/\/raed.academy\/en\/wp-json\/wp\/v2\/posts\/47244","targetHints":{"allow":["GET"]}}],"collection":[{"href":"https:\/\/raed.academy\/en\/wp-json\/wp\/v2\/posts"}],"about":[{"href":"https:\/\/raed.academy\/en\/wp-json\/wp\/v2\/types\/post"}],"author":[{"embeddable":true,"href":"https:\/\/raed.academy\/en\/wp-json\/wp\/v2\/users\/12"}],"replies":[{"embeddable":true,"href":"https:\/\/raed.academy\/en\/wp-json\/wp\/v2\/comments?post=47244"}],"version-history":[{"count":0,"href":"https:\/\/raed.academy\/en\/wp-json\/wp\/v2\/posts\/47244\/revisions"}],"wp:featuredmedia":[{"embeddable":true,"href":"https:\/\/raed.academy\/en\/wp-json\/wp\/v2\/media\/47188"}],"wp:attachment":[{"href":"https:\/\/raed.academy\/en\/wp-json\/wp\/v2\/media?parent=47244"}],"wp:term":[{"taxonomy":"category","embeddable":true,"href":"https:\/\/raed.academy\/en\/wp-json\/wp\/v2\/categories?post=47244"},{"taxonomy":"post_tag","embeddable":true,"href":"https:\/\/raed.academy\/en\/wp-json\/wp\/v2\/tags?post=47244"}],"curies":[{"name":"wp","href":"https:\/\/api.w.org\/{rel}","templated":true}]}}