{"id":44193,"date":"2018-04-03T10:18:41","date_gmt":"2018-04-03T10:18:41","guid":{"rendered":"http:\/\/raed.academy\/?p=44193"},"modified":"2018-04-06T13:25:51","modified_gmt":"2018-04-06T13:25:51","slug":"exhibition-watercolours-joaquin-callabed","status":"publish","type":"post","link":"https:\/\/raed.academy\/en\/exhibition-watercolours-joaquin-callabed\/","title":{"rendered":"From Paris to Barcelona"},"content":{"rendered":"<h2>Joaqu\u00edn Callabed exhibits an intimate collection of watercolours at the Barcelona Medical Association<\/h2>\n<p><strong><img loading=\"lazy\" decoding=\"async\" class=\"wp-image-44240 alignleft\" src=\"http:\/\/raed.academy\/wp-content\/uploads\/2018\/04\/Joaqu\u00edn-Callabed.jpg\" alt=\"Dr.Joaqu\u00edn Callabed\" width=\"300\" height=\"351\" \/>Joaqu\u00edn Callabed<\/strong>, president of the Spanish <strong>Club of Social Paediatrics<\/strong> and elected academician of the <strong>Royal European Academy of Doctors-Barcelona 1914<\/strong> (RAED), exposes until next Sunday, April 15, at the <a href=\"http:\/\/www.comb.cat\" target=\"_blank\" rel=\"noopener\"><strong>Barcelona Medial Association<\/strong><\/a> (Paseo de la Bonanova, 47, access via Vilanala street) the collection of watercolours <strong>&#8220;De Par\u00eds a Barcelona&#8221;<\/strong> (From Paris to Barcelona). On Thursday, at 7.00 pm, <strong>Josep F\u00e8lix Bentz<\/strong>, president of the <a href=\"http:\/\/www.reialcercleartistic.cat\" target=\"_blank\" rel=\"noopener\"><strong>Royal Artistic Circle of Barcelona<\/strong><\/a>, \u200b\u200bwill make a presentation of the exhibition.<\/p>\n<p>Doctor of Medicine and recognized specialist in Paediatrics and Childcare, Callabed trained as a painter in the <a href=\"http:\/\/www.aquarellistes.com\" target=\"_blank\" rel=\"noopener\"><strong>Association of Watercolourists of Catalonia<\/strong><\/a>, founded by the painter <strong>Joan Baixas<\/strong>, and expanded his studies in Paris with <strong>Andr\u00e9 Renoux<\/strong>. He is a member of the <a href=\"http:\/\/www.rasanluis.net\" target=\"_blank\" rel=\"noopener\"><strong>Royal Academy of Nobles and Fine Arts of Saint Louis<\/strong><\/a>. The watercolours of Paris, with beautiful urban landscapes, show their love for the neighbourhoods of Saint Germain and Montmartre, with scenes such as <strong>&#8220;La Cremaill\u00e8re&#8221;<\/strong>, <strong>&#8220;Place du Tertre&#8221;<\/strong> or <strong>&#8220;Fantas\u00eda para la iglesia del Sacr\u00e9 Coeur&#8221;<\/strong>, a work in the which prints a lyrical surrealist air. From Saint Germain select bookstores appear as <strong>&#8220;L&#8217;\u00c9cume des Pages&#8221;<\/strong> or <strong>&#8220;Librerie des Femmes&#8221;<\/strong> on Seine street, or classic corners and bistros.<\/p>\n<p>The soft surrealist lyricism continues in Barcelona with the Romanesque churches in <strong>&#8220;Fantas\u00eda para Santa Ana&#8221;<\/strong> and <strong>&#8220;Sant Climent de Ta\u00fcll&#8221;<\/strong>, which emerges sweetly from a palette suspended in the air. The church of Saint\u00a0Bartholomew and Saint Tecla of Sitges walks with soft brushstrokes on the waters as in a verse by <strong>Shelley<\/strong>. Like a Parisian mirror, there are also bars for coffee or social gatherings such as Zurich or Caf\u00e9 de la \u00d3pera, on Barcelona&#8217;s Rambla. An original sample, creative, sensitive and well resolved in the difficult art of watercolor, with the personal interpretation of the author before the themes that parade through his retina in his beloved cities.<\/p>\n<h3><a href=\"http:\/\/raed.academy\/wp-content\/uploads\/2018\/04\/invitacion-exposicion-acuarelas-Joaquin-Callabed-5-abril.jpg\" target=\"_blank\" rel=\"noopener\">Download invitation<\/a><\/h3>\n\n\t\t<style type=\"text\/css\">\n\t\t\t#gallery-1 {\n\t\t\t\tmargin: auto;\n\t\t\t}\n\t\t\t#gallery-1 .gallery-item {\n\t\t\t\tfloat: left;\n\t\t\t\tmargin-top: 10px;\n\t\t\t\ttext-align: center;\n\t\t\t\twidth: 33%;\n\t\t\t}\n\t\t\t#gallery-1 img {\n\t\t\t\tborder: 2px solid #cfcfcf;\n\t\t\t}\n\t\t\t#gallery-1 .gallery-caption {\n\t\t\t\tmargin-left: 0;\n\t\t\t}\n\t\t\t\/* see gallery_shortcode() in wp-includes\/media.php *\/\n\t\t<\/style>\n\t\t<div id='gallery-1' class='gallery galleryid-44193 gallery-columns-3 gallery-size-medium'><dl class='gallery-item'>\n\t\t\t<dt class='gallery-icon landscape'>\n\t\t\t\t<a href='https:\/\/raed.academy\/wp-content\/uploads\/2018\/04\/Le-Coin-des-Artistes-acuarela-Joaquin-Callabed.jpg'><img loading=\"lazy\" decoding=\"async\" width=\"900\" height=\"625\" src=\"https:\/\/raed.academy\/wp-content\/uploads\/2018\/04\/Le-Coin-des-Artistes-acuarela-Joaquin-Callabed.jpg\" class=\"attachment-medium size-medium\" alt=\"Joaqu\u00edn Callabed\" srcset=\"https:\/\/raed.academy\/wp-content\/uploads\/2018\/04\/Le-Coin-des-Artistes-acuarela-Joaquin-Callabed.jpg 900w, https:\/\/raed.academy\/wp-content\/uploads\/2018\/04\/Le-Coin-des-Artistes-acuarela-Joaquin-Callabed-768x533.jpg 768w\" sizes=\"(max-width: 900px) 100vw, 900px\" \/><\/a>\n\t\t\t<\/dt><\/dl><dl class='gallery-item'>\n\t\t\t<dt class='gallery-icon landscape'>\n\t\t\t\t<a href='https:\/\/raed.academy\/wp-content\/uploads\/2018\/04\/Libraire-des-Femmes-Paris-acuarela-Joaquin-Callabed.jpg'><img loading=\"lazy\" decoding=\"async\" width=\"900\" height=\"625\" src=\"https:\/\/raed.academy\/wp-content\/uploads\/2018\/04\/Libraire-des-Femmes-Paris-acuarela-Joaquin-Callabed.jpg\" class=\"attachment-medium size-medium\" alt=\"Joaqu\u00edn Callabed\" srcset=\"https:\/\/raed.academy\/wp-content\/uploads\/2018\/04\/Libraire-des-Femmes-Paris-acuarela-Joaquin-Callabed.jpg 900w, https:\/\/raed.academy\/wp-content\/uploads\/2018\/04\/Libraire-des-Femmes-Paris-acuarela-Joaquin-Callabed-768x533.jpg 768w\" sizes=\"(max-width: 900px) 100vw, 900px\" \/><\/a>\n\t\t\t<\/dt><\/dl><dl class='gallery-item'>\n\t\t\t<dt class='gallery-icon landscape'>\n\t\t\t\t<a href='https:\/\/raed.academy\/wp-content\/uploads\/2018\/04\/hotel-Saint-Germain-des-Pres-acuarela-Joaquin-Callabed.jpg'><img loading=\"lazy\" decoding=\"async\" width=\"900\" height=\"625\" src=\"https:\/\/raed.academy\/wp-content\/uploads\/2018\/04\/hotel-Saint-Germain-des-Pres-acuarela-Joaquin-Callabed.jpg\" class=\"attachment-medium size-medium\" alt=\"Joaqu\u00edn Callabed\" srcset=\"https:\/\/raed.academy\/wp-content\/uploads\/2018\/04\/hotel-Saint-Germain-des-Pres-acuarela-Joaquin-Callabed.jpg 900w, https:\/\/raed.academy\/wp-content\/uploads\/2018\/04\/hotel-Saint-Germain-des-Pres-acuarela-Joaquin-Callabed-768x533.jpg 768w\" sizes=\"(max-width: 900px) 100vw, 900px\" \/><\/a>\n\t\t\t<\/dt><\/dl><br style=\"clear: both\" \/><dl class='gallery-item'>\n\t\t\t<dt class='gallery-icon portrait'>\n\t\t\t\t<a href='https:\/\/raed.academy\/wp-content\/uploads\/2018\/04\/Sacre-Coeur-expo-acuarela-Joaquin-Callabed.jpg'><img loading=\"lazy\" decoding=\"async\" width=\"601\" height=\"850\" src=\"https:\/\/raed.academy\/wp-content\/uploads\/2018\/04\/Sacre-Coeur-expo-acuarela-Joaquin-Callabed.jpg\" class=\"attachment-medium size-medium\" alt=\"Acuarela de Joaqu\u00edn Callabed\" \/><\/a>\n\t\t\t<\/dt><\/dl><dl class='gallery-item'>\n\t\t\t<dt class='gallery-icon portrait'>\n\t\t\t\t<a href='https:\/\/raed.academy\/wp-content\/uploads\/2018\/04\/Torla-Huesca-expo-acuarela-Joaquin-Callabed.jpg'><img loading=\"lazy\" decoding=\"async\" width=\"601\" height=\"850\" src=\"https:\/\/raed.academy\/wp-content\/uploads\/2018\/04\/Torla-Huesca-expo-acuarela-Joaquin-Callabed.jpg\" class=\"attachment-medium size-medium\" alt=\"Acuarela de Joaqu\u00edn Callabed\" \/><\/a>\n\t\t\t<\/dt><\/dl><dl class='gallery-item'>\n\t\t\t<dt class='gallery-icon portrait'>\n\t\t\t\t<a href='https:\/\/raed.academy\/wp-content\/uploads\/2018\/04\/Una-Caricia-Valenciana-expo-acuarela-Joaquin-Callabed.jpg'><img loading=\"lazy\" decoding=\"async\" width=\"601\" height=\"850\" src=\"https:\/\/raed.academy\/wp-content\/uploads\/2018\/04\/Una-Caricia-Valenciana-expo-acuarela-Joaquin-Callabed.jpg\" class=\"attachment-medium size-medium\" alt=\"Acuarela de Joaqu\u00edn Callabed\" \/><\/a>\n\t\t\t<\/dt><\/dl><br style=\"clear: both\" \/>\n\t\t<\/div>\n\n<p>&nbsp;<\/p>\n<p><img loading=\"lazy\" decoding=\"async\" class=\"aligncenter wp-image-44226\" src=\"http:\/\/raed.academy\/wp-content\/uploads\/2018\/04\/la-Cremaillere-acuarela-Joaquin-Callabed.jpg\" alt=\"La Cremaillere - Exhibition of watercolors by Joaquin Callabed\" width=\"500\" height=\"484\" srcset=\"https:\/\/raed.academy\/wp-content\/uploads\/2018\/04\/la-Cremaillere-acuarela-Joaquin-Callabed.jpg 850w, https:\/\/raed.academy\/wp-content\/uploads\/2018\/04\/la-Cremaillere-acuarela-Joaquin-Callabed-768x744.jpg 768w\" sizes=\"(max-width: 500px) 100vw, 500px\" \/><\/p>\n","protected":false},"excerpt":{"rendered":"<p>Joaqu\u00edn Callabed exhibits an intimate collection of watercolours at the Barcelona Medical Association Joaqu\u00edn Callabed, president of the Spanish Club of Social Paediatrics and elected academician of the Royal European Academy of Doctors-Barcelona 1914 (RAED), exposes until next Sunday, April 15, at the Barcelona Medial Association (Paseo de la Bonanova, 47, access via Vilanala street) [&hellip;]<\/p>\n","protected":false},"author":12,"featured_media":44221,"comment_status":"closed","ping_status":"closed","sticky":false,"template":"","format":"standard","meta":{"_et_pb_use_builder":"","_et_pb_old_content":"","_et_gb_content_width":"","footnotes":""},"categories":[67],"tags":[],"class_list":["post-44193","post","type-post","status-publish","format-standard","has-post-thumbnail","hentry","category-uncategorized-6","et-has-post-format-content","et_post_format-et-post-format-standard"],"yoast_head":"<!-- This site is optimized with the Yoast SEO plugin v27.4 - https:\/\/yoast.com\/product\/yoast-seo-wordpress\/ -->\n<title>Exhibition of watercolours by Joaquin Callabed | Royal European Academy of Doctors<\/title>\n<meta name=\"description\" content=\"Exhibition of watercolours by Joaquin Callabed, &quot;From Paris to Barcelona&quot;, until next Sunday, April 15, at the Barcelona Medial Association (Paseo de la Bonanova, 47, access via Vilanala street).\" \/>\n<meta name=\"robots\" content=\"index, follow, max-snippet:-1, max-image-preview:large, max-video-preview:-1\" \/>\n<link rel=\"canonical\" href=\"https:\/\/raed.academy\/en\/exhibition-watercolours-joaquin-callabed\/\" \/>\n<meta property=\"og:locale\" content=\"en_US\" \/>\n<meta property=\"og:type\" content=\"article\" \/>\n<meta property=\"og:title\" content=\"Exhibition of watercolours by Joaquin Callabed | Royal European Academy of Doctors\" \/>\n<meta property=\"og:description\" content=\"Exhibition of watercolours by Joaquin Callabed, &quot;From Paris to Barcelona&quot;, until next Sunday, April 15, at the Barcelona Medial Association (Paseo de la Bonanova, 47, access via Vilanala street).\" \/>\n<meta property=\"og:url\" content=\"https:\/\/raed.academy\/en\/exhibition-watercolours-joaquin-callabed\/\" \/>\n<meta property=\"og:site_name\" content=\"Royal European Academy of Doctors\" \/>\n<meta property=\"article:publisher\" content=\"http:\/\/fb.me\/raed.academy\" \/>\n<meta property=\"article:published_time\" content=\"2018-04-03T10:18:41+00:00\" \/>\n<meta property=\"article:modified_time\" content=\"2018-04-06T13:25:51+00:00\" \/>\n<meta property=\"og:image\" content=\"https:\/\/raed.academy\/wp-content\/uploads\/2018\/04\/exposicion-acuarelas-Joaqu\u00edn-Callabed-dstNtc.jpg\" \/>\n\t<meta property=\"og:image:width\" content=\"1050\" \/>\n\t<meta property=\"og:image:height\" content=\"340\" \/>\n\t<meta property=\"og:image:type\" content=\"image\/jpeg\" \/>\n<meta name=\"author\" content=\"RAED\" \/>\n<meta name=\"twitter:card\" content=\"summary_large_image\" \/>\n<meta name=\"twitter:creator\" content=\"@raedacademy\" \/>\n<meta name=\"twitter:site\" content=\"@raedacademy\" \/>\n<meta name=\"twitter:label1\" content=\"Written by\" \/>\n\t<meta name=\"twitter:data1\" content=\"RAED\" \/>\n\t<meta name=\"twitter:label2\" content=\"Est. reading time\" \/>\n\t<meta name=\"twitter:data2\" content=\"2 minutes\" \/>\n<script type=\"application\/ld+json\" class=\"yoast-schema-graph\">{\"@context\":\"https:\\\/\\\/schema.org\",\"@graph\":[{\"@type\":\"Article\",\"@id\":\"https:\\\/\\\/raed.academy\\\/en\\\/exhibition-watercolours-joaquin-callabed\\\/#article\",\"isPartOf\":{\"@id\":\"https:\\\/\\\/raed.academy\\\/en\\\/exhibition-watercolours-joaquin-callabed\\\/\"},\"author\":{\"name\":\"RAED\",\"@id\":\"https:\\\/\\\/raed.academy\\\/en\\\/#\\\/schema\\\/person\\\/5a755da80d1d979fd66ba745c8702927\"},\"headline\":\"From Paris to Barcelona\",\"datePublished\":\"2018-04-03T10:18:41+00:00\",\"dateModified\":\"2018-04-06T13:25:51+00:00\",\"mainEntityOfPage\":{\"@id\":\"https:\\\/\\\/raed.academy\\\/en\\\/exhibition-watercolours-joaquin-callabed\\\/\"},\"wordCount\":343,\"publisher\":{\"@id\":\"https:\\\/\\\/raed.academy\\\/en\\\/#organization\"},\"image\":{\"@id\":\"https:\\\/\\\/raed.academy\\\/en\\\/exhibition-watercolours-joaquin-callabed\\\/#primaryimage\"},\"thumbnailUrl\":\"https:\\\/\\\/raed.academy\\\/wp-content\\\/uploads\\\/2018\\\/04\\\/exposicion-acuarelas-Joaqu\u00edn-Callabed-dstNtc.jpg\",\"inLanguage\":\"en-US\"},{\"@type\":\"WebPage\",\"@id\":\"https:\\\/\\\/raed.academy\\\/en\\\/exhibition-watercolours-joaquin-callabed\\\/\",\"url\":\"https:\\\/\\\/raed.academy\\\/en\\\/exhibition-watercolours-joaquin-callabed\\\/\",\"name\":\"Exhibition of watercolours by Joaquin Callabed | Royal European Academy of Doctors\",\"isPartOf\":{\"@id\":\"https:\\\/\\\/raed.academy\\\/en\\\/#website\"},\"primaryImageOfPage\":{\"@id\":\"https:\\\/\\\/raed.academy\\\/en\\\/exhibition-watercolours-joaquin-callabed\\\/#primaryimage\"},\"image\":{\"@id\":\"https:\\\/\\\/raed.academy\\\/en\\\/exhibition-watercolours-joaquin-callabed\\\/#primaryimage\"},\"thumbnailUrl\":\"https:\\\/\\\/raed.academy\\\/wp-content\\\/uploads\\\/2018\\\/04\\\/exposicion-acuarelas-Joaqu\u00edn-Callabed-dstNtc.jpg\",\"datePublished\":\"2018-04-03T10:18:41+00:00\",\"dateModified\":\"2018-04-06T13:25:51+00:00\",\"description\":\"Exhibition of watercolours by Joaquin Callabed, \\\"From Paris to Barcelona\\\", until next Sunday, April 15, at the Barcelona Medial Association (Paseo de la Bonanova, 47, access via Vilanala street).\",\"breadcrumb\":{\"@id\":\"https:\\\/\\\/raed.academy\\\/en\\\/exhibition-watercolours-joaquin-callabed\\\/#breadcrumb\"},\"inLanguage\":\"en-US\",\"potentialAction\":[{\"@type\":\"ReadAction\",\"target\":[\"https:\\\/\\\/raed.academy\\\/en\\\/exhibition-watercolours-joaquin-callabed\\\/\"]}]},{\"@type\":\"ImageObject\",\"inLanguage\":\"en-US\",\"@id\":\"https:\\\/\\\/raed.academy\\\/en\\\/exhibition-watercolours-joaquin-callabed\\\/#primaryimage\",\"url\":\"https:\\\/\\\/raed.academy\\\/wp-content\\\/uploads\\\/2018\\\/04\\\/exposicion-acuarelas-Joaqu\u00edn-Callabed-dstNtc.jpg\",\"contentUrl\":\"https:\\\/\\\/raed.academy\\\/wp-content\\\/uploads\\\/2018\\\/04\\\/exposicion-acuarelas-Joaqu\u00edn-Callabed-dstNtc.jpg\",\"width\":1050,\"height\":340},{\"@type\":\"BreadcrumbList\",\"@id\":\"https:\\\/\\\/raed.academy\\\/en\\\/exhibition-watercolours-joaquin-callabed\\\/#breadcrumb\",\"itemListElement\":[{\"@type\":\"ListItem\",\"position\":1,\"name\":\"Inicio\",\"item\":\"https:\\\/\\\/raed.academy\\\/en\\\/\"},{\"@type\":\"ListItem\",\"position\":2,\"name\":\"From Paris to Barcelona\"}]},{\"@type\":\"WebSite\",\"@id\":\"https:\\\/\\\/raed.academy\\\/en\\\/#website\",\"url\":\"https:\\\/\\\/raed.academy\\\/en\\\/\",\"name\":\"Royal European Academy of Doctors\",\"description\":\"Corporaci\u00f3n de derecho p\u00fablico de car\u00e1cter cient\u00edfico, t\u00e9cnico y art\u00edstico, que tiene por objeto la investigaci\u00f3n, el estudio, el fomento y la extensi\u00f3n del conocimiento en su sentido m\u00e1s amplio.\",\"publisher\":{\"@id\":\"https:\\\/\\\/raed.academy\\\/en\\\/#organization\"},\"potentialAction\":[{\"@type\":\"SearchAction\",\"target\":{\"@type\":\"EntryPoint\",\"urlTemplate\":\"https:\\\/\\\/raed.academy\\\/en\\\/?s={search_term_string}\"},\"query-input\":{\"@type\":\"PropertyValueSpecification\",\"valueRequired\":true,\"valueName\":\"search_term_string\"}}],\"inLanguage\":\"en-US\"},{\"@type\":\"Organization\",\"@id\":\"https:\\\/\\\/raed.academy\\\/en\\\/#organization\",\"name\":\"Real Academia Europea de Doctores\",\"url\":\"https:\\\/\\\/raed.academy\\\/en\\\/\",\"logo\":{\"@type\":\"ImageObject\",\"inLanguage\":\"en-US\",\"@id\":\"https:\\\/\\\/raed.academy\\\/en\\\/#\\\/schema\\\/logo\\\/image\\\/\",\"url\":\"https:\\\/\\\/raed.academy\\\/wp-content\\\/uploads\\\/2017\\\/01\\\/cropped-logo_raed.png\",\"contentUrl\":\"https:\\\/\\\/raed.academy\\\/wp-content\\\/uploads\\\/2017\\\/01\\\/cropped-logo_raed.png\",\"width\":512,\"height\":512,\"caption\":\"Real Academia Europea de Doctores\"},\"image\":{\"@id\":\"https:\\\/\\\/raed.academy\\\/en\\\/#\\\/schema\\\/logo\\\/image\\\/\"},\"sameAs\":[\"http:\\\/\\\/fb.me\\\/raed.academy\",\"https:\\\/\\\/x.com\\\/raedacademy\",\"https:\\\/\\\/www.instagram.com\\\/raed.academy\\\/\",\"https:\\\/\\\/www.youtube.com\\\/channel\\\/UCUYQwW2KrdirNWihxMDObwg\"]},{\"@type\":\"Person\",\"@id\":\"https:\\\/\\\/raed.academy\\\/en\\\/#\\\/schema\\\/person\\\/5a755da80d1d979fd66ba745c8702927\",\"name\":\"RAED\",\"image\":{\"@type\":\"ImageObject\",\"inLanguage\":\"en-US\",\"@id\":\"https:\\\/\\\/secure.gravatar.com\\\/avatar\\\/19fdfdc0d67fb9c45714b703a2ac82251c4fcea3637f002ac3c9b74c0183583c?s=96&d=mm&r=g\",\"url\":\"https:\\\/\\\/secure.gravatar.com\\\/avatar\\\/19fdfdc0d67fb9c45714b703a2ac82251c4fcea3637f002ac3c9b74c0183583c?s=96&d=mm&r=g\",\"contentUrl\":\"https:\\\/\\\/secure.gravatar.com\\\/avatar\\\/19fdfdc0d67fb9c45714b703a2ac82251c4fcea3637f002ac3c9b74c0183583c?s=96&d=mm&r=g\",\"caption\":\"RAED\"}}]}<\/script>\n<!-- \/ Yoast SEO plugin. -->","yoast_head_json":{"title":"Exhibition of watercolours by Joaquin Callabed | Royal European Academy of Doctors","description":"Exhibition of watercolours by Joaquin Callabed, \"From Paris to Barcelona\", until next Sunday, April 15, at the Barcelona Medial Association (Paseo de la Bonanova, 47, access via Vilanala street).","robots":{"index":"index","follow":"follow","max-snippet":"max-snippet:-1","max-image-preview":"max-image-preview:large","max-video-preview":"max-video-preview:-1"},"canonical":"https:\/\/raed.academy\/en\/exhibition-watercolours-joaquin-callabed\/","og_locale":"en_US","og_type":"article","og_title":"Exhibition of watercolours by Joaquin Callabed | Royal European Academy of Doctors","og_description":"Exhibition of watercolours by Joaquin Callabed, \"From Paris to Barcelona\", until next Sunday, April 15, at the Barcelona Medial Association (Paseo de la Bonanova, 47, access via Vilanala street).","og_url":"https:\/\/raed.academy\/en\/exhibition-watercolours-joaquin-callabed\/","og_site_name":"Royal European Academy of Doctors","article_publisher":"http:\/\/fb.me\/raed.academy","article_published_time":"2018-04-03T10:18:41+00:00","article_modified_time":"2018-04-06T13:25:51+00:00","og_image":[{"width":1050,"height":340,"url":"https:\/\/raed.academy\/wp-content\/uploads\/2018\/04\/exposicion-acuarelas-Joaqu\u00edn-Callabed-dstNtc.jpg","type":"image\/jpeg"}],"author":"RAED","twitter_card":"summary_large_image","twitter_creator":"@raedacademy","twitter_site":"@raedacademy","twitter_misc":{"Written by":"RAED","Est. reading time":"2 minutes"},"schema":{"@context":"https:\/\/schema.org","@graph":[{"@type":"Article","@id":"https:\/\/raed.academy\/en\/exhibition-watercolours-joaquin-callabed\/#article","isPartOf":{"@id":"https:\/\/raed.academy\/en\/exhibition-watercolours-joaquin-callabed\/"},"author":{"name":"RAED","@id":"https:\/\/raed.academy\/en\/#\/schema\/person\/5a755da80d1d979fd66ba745c8702927"},"headline":"From Paris to Barcelona","datePublished":"2018-04-03T10:18:41+00:00","dateModified":"2018-04-06T13:25:51+00:00","mainEntityOfPage":{"@id":"https:\/\/raed.academy\/en\/exhibition-watercolours-joaquin-callabed\/"},"wordCount":343,"publisher":{"@id":"https:\/\/raed.academy\/en\/#organization"},"image":{"@id":"https:\/\/raed.academy\/en\/exhibition-watercolours-joaquin-callabed\/#primaryimage"},"thumbnailUrl":"https:\/\/raed.academy\/wp-content\/uploads\/2018\/04\/exposicion-acuarelas-Joaqu\u00edn-Callabed-dstNtc.jpg","inLanguage":"en-US"},{"@type":"WebPage","@id":"https:\/\/raed.academy\/en\/exhibition-watercolours-joaquin-callabed\/","url":"https:\/\/raed.academy\/en\/exhibition-watercolours-joaquin-callabed\/","name":"Exhibition of watercolours by Joaquin Callabed | Royal European Academy of Doctors","isPartOf":{"@id":"https:\/\/raed.academy\/en\/#website"},"primaryImageOfPage":{"@id":"https:\/\/raed.academy\/en\/exhibition-watercolours-joaquin-callabed\/#primaryimage"},"image":{"@id":"https:\/\/raed.academy\/en\/exhibition-watercolours-joaquin-callabed\/#primaryimage"},"thumbnailUrl":"https:\/\/raed.academy\/wp-content\/uploads\/2018\/04\/exposicion-acuarelas-Joaqu\u00edn-Callabed-dstNtc.jpg","datePublished":"2018-04-03T10:18:41+00:00","dateModified":"2018-04-06T13:25:51+00:00","description":"Exhibition of watercolours by Joaquin Callabed, \"From Paris to Barcelona\", until next Sunday, April 15, at the Barcelona Medial Association (Paseo de la Bonanova, 47, access via Vilanala street).","breadcrumb":{"@id":"https:\/\/raed.academy\/en\/exhibition-watercolours-joaquin-callabed\/#breadcrumb"},"inLanguage":"en-US","potentialAction":[{"@type":"ReadAction","target":["https:\/\/raed.academy\/en\/exhibition-watercolours-joaquin-callabed\/"]}]},{"@type":"ImageObject","inLanguage":"en-US","@id":"https:\/\/raed.academy\/en\/exhibition-watercolours-joaquin-callabed\/#primaryimage","url":"https:\/\/raed.academy\/wp-content\/uploads\/2018\/04\/exposicion-acuarelas-Joaqu\u00edn-Callabed-dstNtc.jpg","contentUrl":"https:\/\/raed.academy\/wp-content\/uploads\/2018\/04\/exposicion-acuarelas-Joaqu\u00edn-Callabed-dstNtc.jpg","width":1050,"height":340},{"@type":"BreadcrumbList","@id":"https:\/\/raed.academy\/en\/exhibition-watercolours-joaquin-callabed\/#breadcrumb","itemListElement":[{"@type":"ListItem","position":1,"name":"Inicio","item":"https:\/\/raed.academy\/en\/"},{"@type":"ListItem","position":2,"name":"From Paris to Barcelona"}]},{"@type":"WebSite","@id":"https:\/\/raed.academy\/en\/#website","url":"https:\/\/raed.academy\/en\/","name":"Royal European Academy of Doctors","description":"Corporaci\u00f3n de derecho p\u00fablico de car\u00e1cter cient\u00edfico, t\u00e9cnico y art\u00edstico, que tiene por objeto la investigaci\u00f3n, el estudio, el fomento y la extensi\u00f3n del conocimiento en su sentido m\u00e1s amplio.","publisher":{"@id":"https:\/\/raed.academy\/en\/#organization"},"potentialAction":[{"@type":"SearchAction","target":{"@type":"EntryPoint","urlTemplate":"https:\/\/raed.academy\/en\/?s={search_term_string}"},"query-input":{"@type":"PropertyValueSpecification","valueRequired":true,"valueName":"search_term_string"}}],"inLanguage":"en-US"},{"@type":"Organization","@id":"https:\/\/raed.academy\/en\/#organization","name":"Real Academia Europea de Doctores","url":"https:\/\/raed.academy\/en\/","logo":{"@type":"ImageObject","inLanguage":"en-US","@id":"https:\/\/raed.academy\/en\/#\/schema\/logo\/image\/","url":"https:\/\/raed.academy\/wp-content\/uploads\/2017\/01\/cropped-logo_raed.png","contentUrl":"https:\/\/raed.academy\/wp-content\/uploads\/2017\/01\/cropped-logo_raed.png","width":512,"height":512,"caption":"Real Academia Europea de Doctores"},"image":{"@id":"https:\/\/raed.academy\/en\/#\/schema\/logo\/image\/"},"sameAs":["http:\/\/fb.me\/raed.academy","https:\/\/x.com\/raedacademy","https:\/\/www.instagram.com\/raed.academy\/","https:\/\/www.youtube.com\/channel\/UCUYQwW2KrdirNWihxMDObwg"]},{"@type":"Person","@id":"https:\/\/raed.academy\/en\/#\/schema\/person\/5a755da80d1d979fd66ba745c8702927","name":"RAED","image":{"@type":"ImageObject","inLanguage":"en-US","@id":"https:\/\/secure.gravatar.com\/avatar\/19fdfdc0d67fb9c45714b703a2ac82251c4fcea3637f002ac3c9b74c0183583c?s=96&d=mm&r=g","url":"https:\/\/secure.gravatar.com\/avatar\/19fdfdc0d67fb9c45714b703a2ac82251c4fcea3637f002ac3c9b74c0183583c?s=96&d=mm&r=g","contentUrl":"https:\/\/secure.gravatar.com\/avatar\/19fdfdc0d67fb9c45714b703a2ac82251c4fcea3637f002ac3c9b74c0183583c?s=96&d=mm&r=g","caption":"RAED"}}]}},"_links":{"self":[{"href":"https:\/\/raed.academy\/en\/wp-json\/wp\/v2\/posts\/44193","targetHints":{"allow":["GET"]}}],"collection":[{"href":"https:\/\/raed.academy\/en\/wp-json\/wp\/v2\/posts"}],"about":[{"href":"https:\/\/raed.academy\/en\/wp-json\/wp\/v2\/types\/post"}],"author":[{"embeddable":true,"href":"https:\/\/raed.academy\/en\/wp-json\/wp\/v2\/users\/12"}],"replies":[{"embeddable":true,"href":"https:\/\/raed.academy\/en\/wp-json\/wp\/v2\/comments?post=44193"}],"version-history":[{"count":0,"href":"https:\/\/raed.academy\/en\/wp-json\/wp\/v2\/posts\/44193\/revisions"}],"wp:featuredmedia":[{"embeddable":true,"href":"https:\/\/raed.academy\/en\/wp-json\/wp\/v2\/media\/44221"}],"wp:attachment":[{"href":"https:\/\/raed.academy\/en\/wp-json\/wp\/v2\/media?parent=44193"}],"wp:term":[{"taxonomy":"category","embeddable":true,"href":"https:\/\/raed.academy\/en\/wp-json\/wp\/v2\/categories?post=44193"},{"taxonomy":"post_tag","embeddable":true,"href":"https:\/\/raed.academy\/en\/wp-json\/wp\/v2\/tags?post=44193"}],"curies":[{"name":"wp","href":"https:\/\/api.w.org\/{rel}","templated":true}]}}