{"id":42610,"date":"2018-03-02T06:16:16","date_gmt":"2018-03-02T06:16:16","guid":{"rendered":"http:\/\/raed.academy\/?p=42610"},"modified":"2018-03-08T11:12:53","modified_gmt":"2018-03-08T11:12:53","slug":"video-summary-of-admission-as-academician-of-javier-gil-mur","status":"publish","type":"post","link":"https:\/\/raed.academy\/en\/video-summary-of-admission-as-academician-of-javier-gil-mur\/","title":{"rendered":"Video summary of admission as academician of Javier Gil Mur"},"content":{"rendered":"<p>The YouTube channel of the <strong>Royal European Academy of Doctors-Barcelona 1914<\/strong> (RAED) already has the video summary of the admission as full academician of <a href=\"http:\/\/raed.academy\/en\/academicians\/dr-javier-gil-mur\/\" target=\"_blank\" rel=\"noopener\"><strong>Javier Gil Mur<\/strong><\/a>, doctor in Chemistry and rector of the <a href=\"http:\/\/www.uic.es\" target=\"_blank\" rel=\"noopener\"><strong>International University of Catalonia<\/strong><\/a>, which was held in Barcelona on February 6th. The recipient read the admission speech\u00a0<strong>&#8220;Avances tecnol\u00f3gicos en implantolog\u00eda oral: hacia los implantes dentales inteligentes&#8221;<\/strong> (Technological advances in oral implantology: towards smart dental implants). On behalf of the RAED answered the full academician <a href=\"http:\/\/raed.academy\/en\/academicians\/dr-jaime-rodrigo-de-larrucea\/\" target=\"_blank\" rel=\"noopener\"><strong>Jaime Rodrigo de Larrucea<\/strong><\/a>.<\/p>\n<p>Doctor in Chemistry by the <a href=\"http:\/\/www.ub.edu\" target=\"_blank\" rel=\"noopener\"><strong>University of Barcelona<\/strong><\/a>, Gil Mur has developed a good part of his teaching career at the <a href=\"http:\/\/www.upc.cat\" target=\"_blank\" rel=\"noopener\"><strong>Polytechnic University of Catalonia<\/strong><\/a>, where he was a professor, director of its <a href=\"http:\/\/etseib.upc.edu\" target=\"_blank\" rel=\"noopener\"><strong>Technical School of Industrial Engineering<\/strong><\/a> and vice chancellor. He also held the position of commissioner of the Catalan Government for the development of the Campus Diagonal-Bes\u00f2s before being elected rector of the International University of Catalonia.<\/p>\n<p>&nbsp;<\/p>\n<h3>Video summary<\/h3>\n<p><iframe loading=\"lazy\" src=\"https:\/\/www.youtube.com\/embed\/SjebEtK1C-s\" width=\"854\" height=\"480\" frameborder=\"0\" allowfullscreen=\"allowfullscreen\"><\/iframe><\/p>\n<h3>Complete video<\/h3>\n<p><iframe loading=\"lazy\" src=\"https:\/\/www.youtube.com\/embed\/uETfD9F8cyQ\" width=\"854\" height=\"480\" frameborder=\"0\" allowfullscreen=\"allowfullscreen\"><\/iframe><\/p>\n","protected":false},"excerpt":{"rendered":"<p>The YouTube channel of the Royal European Academy of Doctors-Barcelona 1914 (RAED) already has the video summary of the admission as full academician of Javier Gil Mur, doctor in Chemistry and rector of the International University of Catalonia, which was held in Barcelona on February 6th. The recipient read the admission speech\u00a0&#8220;Avances tecnol\u00f3gicos en implantolog\u00eda [&hellip;]<\/p>\n","protected":false},"author":12,"featured_media":0,"comment_status":"closed","ping_status":"closed","sticky":false,"template":"","format":"standard","meta":{"_et_pb_use_builder":"","_et_pb_old_content":"","_et_gb_content_width":"","footnotes":""},"categories":[67],"tags":[],"class_list":["post-42610","post","type-post","status-publish","format-standard","hentry","category-uncategorized-6","et-doesnt-have-format-content","et_post_format-et-post-format-standard"],"yoast_head":"<!-- This site is optimized with the Yoast SEO plugin v27.5 - https:\/\/yoast.com\/product\/yoast-seo-wordpress\/ -->\n<title>Video summary of admission as academician of Javier Gil Mur - Royal European Academy of Doctors<\/title>\n<meta name=\"robots\" content=\"index, follow, max-snippet:-1, max-image-preview:large, max-video-preview:-1\" \/>\n<link rel=\"canonical\" href=\"https:\/\/raed.academy\/en\/video-summary-of-admission-as-academician-of-javier-gil-mur\/\" \/>\n<meta property=\"og:locale\" content=\"en_US\" \/>\n<meta property=\"og:type\" content=\"article\" \/>\n<meta property=\"og:title\" content=\"Video summary of admission as academician of Javier Gil Mur - Royal European Academy of Doctors\" \/>\n<meta property=\"og:description\" content=\"The YouTube channel of the Royal European Academy of Doctors-Barcelona 1914 (RAED) already has the video summary of the admission as full academician of Javier Gil Mur, doctor in Chemistry and rector of the International University of Catalonia, which was held in Barcelona on February 6th. The recipient read the admission speech\u00a0&#8220;Avances tecnol\u00f3gicos en implantolog\u00eda [&hellip;]\" \/>\n<meta property=\"og:url\" content=\"https:\/\/raed.academy\/en\/video-summary-of-admission-as-academician-of-javier-gil-mur\/\" \/>\n<meta property=\"og:site_name\" content=\"Royal European Academy of Doctors\" \/>\n<meta property=\"article:publisher\" content=\"http:\/\/fb.me\/raed.academy\" \/>\n<meta property=\"article:published_time\" content=\"2018-03-02T06:16:16+00:00\" \/>\n<meta property=\"article:modified_time\" content=\"2018-03-08T11:12:53+00:00\" \/>\n<meta name=\"author\" content=\"RAED\" \/>\n<meta name=\"twitter:card\" content=\"summary_large_image\" \/>\n<meta name=\"twitter:creator\" content=\"@raedacademy\" \/>\n<meta name=\"twitter:site\" content=\"@raedacademy\" \/>\n<meta name=\"twitter:label1\" content=\"Written by\" \/>\n\t<meta name=\"twitter:data1\" content=\"RAED\" \/>\n\t<meta name=\"twitter:label2\" content=\"Est. reading time\" \/>\n\t<meta name=\"twitter:data2\" content=\"1 minute\" \/>\n<script type=\"application\/ld+json\" class=\"yoast-schema-graph\">{\"@context\":\"https:\\\/\\\/schema.org\",\"@graph\":[{\"@type\":\"Article\",\"@id\":\"https:\\\/\\\/raed.academy\\\/en\\\/video-summary-of-admission-as-academician-of-javier-gil-mur\\\/#article\",\"isPartOf\":{\"@id\":\"https:\\\/\\\/raed.academy\\\/en\\\/video-summary-of-admission-as-academician-of-javier-gil-mur\\\/\"},\"author\":{\"name\":\"RAED\",\"@id\":\"https:\\\/\\\/raed.academy\\\/en\\\/#\\\/schema\\\/person\\\/5a755da80d1d979fd66ba745c8702927\"},\"headline\":\"Video summary of admission as academician of Javier Gil Mur\",\"datePublished\":\"2018-03-02T06:16:16+00:00\",\"dateModified\":\"2018-03-08T11:12:53+00:00\",\"mainEntityOfPage\":{\"@id\":\"https:\\\/\\\/raed.academy\\\/en\\\/video-summary-of-admission-as-academician-of-javier-gil-mur\\\/\"},\"wordCount\":170,\"publisher\":{\"@id\":\"https:\\\/\\\/raed.academy\\\/en\\\/#organization\"},\"inLanguage\":\"en-US\"},{\"@type\":\"WebPage\",\"@id\":\"https:\\\/\\\/raed.academy\\\/en\\\/video-summary-of-admission-as-academician-of-javier-gil-mur\\\/\",\"url\":\"https:\\\/\\\/raed.academy\\\/en\\\/video-summary-of-admission-as-academician-of-javier-gil-mur\\\/\",\"name\":\"Video summary of admission as academician of Javier Gil Mur - Royal European Academy of Doctors\",\"isPartOf\":{\"@id\":\"https:\\\/\\\/raed.academy\\\/en\\\/#website\"},\"datePublished\":\"2018-03-02T06:16:16+00:00\",\"dateModified\":\"2018-03-08T11:12:53+00:00\",\"breadcrumb\":{\"@id\":\"https:\\\/\\\/raed.academy\\\/en\\\/video-summary-of-admission-as-academician-of-javier-gil-mur\\\/#breadcrumb\"},\"inLanguage\":\"en-US\",\"potentialAction\":[{\"@type\":\"ReadAction\",\"target\":[\"https:\\\/\\\/raed.academy\\\/en\\\/video-summary-of-admission-as-academician-of-javier-gil-mur\\\/\"]}]},{\"@type\":\"BreadcrumbList\",\"@id\":\"https:\\\/\\\/raed.academy\\\/en\\\/video-summary-of-admission-as-academician-of-javier-gil-mur\\\/#breadcrumb\",\"itemListElement\":[{\"@type\":\"ListItem\",\"position\":1,\"name\":\"Inicio\",\"item\":\"https:\\\/\\\/raed.academy\\\/en\\\/\"},{\"@type\":\"ListItem\",\"position\":2,\"name\":\"Video summary of admission as academician of Javier Gil Mur\"}]},{\"@type\":\"WebSite\",\"@id\":\"https:\\\/\\\/raed.academy\\\/en\\\/#website\",\"url\":\"https:\\\/\\\/raed.academy\\\/en\\\/\",\"name\":\"Royal European Academy of Doctors\",\"description\":\"Corporaci\u00f3n de derecho p\u00fablico de car\u00e1cter cient\u00edfico, t\u00e9cnico y art\u00edstico, que tiene por objeto la investigaci\u00f3n, el estudio, el fomento y la extensi\u00f3n del conocimiento en su sentido m\u00e1s amplio.\",\"publisher\":{\"@id\":\"https:\\\/\\\/raed.academy\\\/en\\\/#organization\"},\"potentialAction\":[{\"@type\":\"SearchAction\",\"target\":{\"@type\":\"EntryPoint\",\"urlTemplate\":\"https:\\\/\\\/raed.academy\\\/en\\\/?s={search_term_string}\"},\"query-input\":{\"@type\":\"PropertyValueSpecification\",\"valueRequired\":true,\"valueName\":\"search_term_string\"}}],\"inLanguage\":\"en-US\"},{\"@type\":\"Organization\",\"@id\":\"https:\\\/\\\/raed.academy\\\/en\\\/#organization\",\"name\":\"Real Academia Europea de Doctores\",\"url\":\"https:\\\/\\\/raed.academy\\\/en\\\/\",\"logo\":{\"@type\":\"ImageObject\",\"inLanguage\":\"en-US\",\"@id\":\"https:\\\/\\\/raed.academy\\\/en\\\/#\\\/schema\\\/logo\\\/image\\\/\",\"url\":\"https:\\\/\\\/raed.academy\\\/wp-content\\\/uploads\\\/2017\\\/01\\\/cropped-logo_raed.png\",\"contentUrl\":\"https:\\\/\\\/raed.academy\\\/wp-content\\\/uploads\\\/2017\\\/01\\\/cropped-logo_raed.png\",\"width\":512,\"height\":512,\"caption\":\"Real Academia Europea de Doctores\"},\"image\":{\"@id\":\"https:\\\/\\\/raed.academy\\\/en\\\/#\\\/schema\\\/logo\\\/image\\\/\"},\"sameAs\":[\"http:\\\/\\\/fb.me\\\/raed.academy\",\"https:\\\/\\\/x.com\\\/raedacademy\",\"https:\\\/\\\/www.instagram.com\\\/raed.academy\\\/\",\"https:\\\/\\\/www.youtube.com\\\/channel\\\/UCUYQwW2KrdirNWihxMDObwg\"]},{\"@type\":\"Person\",\"@id\":\"https:\\\/\\\/raed.academy\\\/en\\\/#\\\/schema\\\/person\\\/5a755da80d1d979fd66ba745c8702927\",\"name\":\"RAED\",\"image\":{\"@type\":\"ImageObject\",\"inLanguage\":\"en-US\",\"@id\":\"https:\\\/\\\/secure.gravatar.com\\\/avatar\\\/19fdfdc0d67fb9c45714b703a2ac82251c4fcea3637f002ac3c9b74c0183583c?s=96&d=mm&r=g\",\"url\":\"https:\\\/\\\/secure.gravatar.com\\\/avatar\\\/19fdfdc0d67fb9c45714b703a2ac82251c4fcea3637f002ac3c9b74c0183583c?s=96&d=mm&r=g\",\"contentUrl\":\"https:\\\/\\\/secure.gravatar.com\\\/avatar\\\/19fdfdc0d67fb9c45714b703a2ac82251c4fcea3637f002ac3c9b74c0183583c?s=96&d=mm&r=g\",\"caption\":\"RAED\"}}]}<\/script>\n<!-- \/ Yoast SEO plugin. -->","yoast_head_json":{"title":"Video summary of admission as academician of Javier Gil Mur - Royal European Academy of Doctors","robots":{"index":"index","follow":"follow","max-snippet":"max-snippet:-1","max-image-preview":"max-image-preview:large","max-video-preview":"max-video-preview:-1"},"canonical":"https:\/\/raed.academy\/en\/video-summary-of-admission-as-academician-of-javier-gil-mur\/","og_locale":"en_US","og_type":"article","og_title":"Video summary of admission as academician of Javier Gil Mur - Royal European Academy of Doctors","og_description":"The YouTube channel of the Royal European Academy of Doctors-Barcelona 1914 (RAED) already has the video summary of the admission as full academician of Javier Gil Mur, doctor in Chemistry and rector of the International University of Catalonia, which was held in Barcelona on February 6th. The recipient read the admission speech\u00a0&#8220;Avances tecnol\u00f3gicos en implantolog\u00eda [&hellip;]","og_url":"https:\/\/raed.academy\/en\/video-summary-of-admission-as-academician-of-javier-gil-mur\/","og_site_name":"Royal European Academy of Doctors","article_publisher":"http:\/\/fb.me\/raed.academy","article_published_time":"2018-03-02T06:16:16+00:00","article_modified_time":"2018-03-08T11:12:53+00:00","author":"RAED","twitter_card":"summary_large_image","twitter_creator":"@raedacademy","twitter_site":"@raedacademy","twitter_misc":{"Written by":"RAED","Est. reading time":"1 minute"},"schema":{"@context":"https:\/\/schema.org","@graph":[{"@type":"Article","@id":"https:\/\/raed.academy\/en\/video-summary-of-admission-as-academician-of-javier-gil-mur\/#article","isPartOf":{"@id":"https:\/\/raed.academy\/en\/video-summary-of-admission-as-academician-of-javier-gil-mur\/"},"author":{"name":"RAED","@id":"https:\/\/raed.academy\/en\/#\/schema\/person\/5a755da80d1d979fd66ba745c8702927"},"headline":"Video summary of admission as academician of Javier Gil Mur","datePublished":"2018-03-02T06:16:16+00:00","dateModified":"2018-03-08T11:12:53+00:00","mainEntityOfPage":{"@id":"https:\/\/raed.academy\/en\/video-summary-of-admission-as-academician-of-javier-gil-mur\/"},"wordCount":170,"publisher":{"@id":"https:\/\/raed.academy\/en\/#organization"},"inLanguage":"en-US"},{"@type":"WebPage","@id":"https:\/\/raed.academy\/en\/video-summary-of-admission-as-academician-of-javier-gil-mur\/","url":"https:\/\/raed.academy\/en\/video-summary-of-admission-as-academician-of-javier-gil-mur\/","name":"Video summary of admission as academician of Javier Gil Mur - Royal European Academy of Doctors","isPartOf":{"@id":"https:\/\/raed.academy\/en\/#website"},"datePublished":"2018-03-02T06:16:16+00:00","dateModified":"2018-03-08T11:12:53+00:00","breadcrumb":{"@id":"https:\/\/raed.academy\/en\/video-summary-of-admission-as-academician-of-javier-gil-mur\/#breadcrumb"},"inLanguage":"en-US","potentialAction":[{"@type":"ReadAction","target":["https:\/\/raed.academy\/en\/video-summary-of-admission-as-academician-of-javier-gil-mur\/"]}]},{"@type":"BreadcrumbList","@id":"https:\/\/raed.academy\/en\/video-summary-of-admission-as-academician-of-javier-gil-mur\/#breadcrumb","itemListElement":[{"@type":"ListItem","position":1,"name":"Inicio","item":"https:\/\/raed.academy\/en\/"},{"@type":"ListItem","position":2,"name":"Video summary of admission as academician of Javier Gil Mur"}]},{"@type":"WebSite","@id":"https:\/\/raed.academy\/en\/#website","url":"https:\/\/raed.academy\/en\/","name":"Royal European Academy of Doctors","description":"Corporaci\u00f3n de derecho p\u00fablico de car\u00e1cter cient\u00edfico, t\u00e9cnico y art\u00edstico, que tiene por objeto la investigaci\u00f3n, el estudio, el fomento y la extensi\u00f3n del conocimiento en su sentido m\u00e1s amplio.","publisher":{"@id":"https:\/\/raed.academy\/en\/#organization"},"potentialAction":[{"@type":"SearchAction","target":{"@type":"EntryPoint","urlTemplate":"https:\/\/raed.academy\/en\/?s={search_term_string}"},"query-input":{"@type":"PropertyValueSpecification","valueRequired":true,"valueName":"search_term_string"}}],"inLanguage":"en-US"},{"@type":"Organization","@id":"https:\/\/raed.academy\/en\/#organization","name":"Real Academia Europea de Doctores","url":"https:\/\/raed.academy\/en\/","logo":{"@type":"ImageObject","inLanguage":"en-US","@id":"https:\/\/raed.academy\/en\/#\/schema\/logo\/image\/","url":"https:\/\/raed.academy\/wp-content\/uploads\/2017\/01\/cropped-logo_raed.png","contentUrl":"https:\/\/raed.academy\/wp-content\/uploads\/2017\/01\/cropped-logo_raed.png","width":512,"height":512,"caption":"Real Academia Europea de Doctores"},"image":{"@id":"https:\/\/raed.academy\/en\/#\/schema\/logo\/image\/"},"sameAs":["http:\/\/fb.me\/raed.academy","https:\/\/x.com\/raedacademy","https:\/\/www.instagram.com\/raed.academy\/","https:\/\/www.youtube.com\/channel\/UCUYQwW2KrdirNWihxMDObwg"]},{"@type":"Person","@id":"https:\/\/raed.academy\/en\/#\/schema\/person\/5a755da80d1d979fd66ba745c8702927","name":"RAED","image":{"@type":"ImageObject","inLanguage":"en-US","@id":"https:\/\/secure.gravatar.com\/avatar\/19fdfdc0d67fb9c45714b703a2ac82251c4fcea3637f002ac3c9b74c0183583c?s=96&d=mm&r=g","url":"https:\/\/secure.gravatar.com\/avatar\/19fdfdc0d67fb9c45714b703a2ac82251c4fcea3637f002ac3c9b74c0183583c?s=96&d=mm&r=g","contentUrl":"https:\/\/secure.gravatar.com\/avatar\/19fdfdc0d67fb9c45714b703a2ac82251c4fcea3637f002ac3c9b74c0183583c?s=96&d=mm&r=g","caption":"RAED"}}]}},"_links":{"self":[{"href":"https:\/\/raed.academy\/en\/wp-json\/wp\/v2\/posts\/42610","targetHints":{"allow":["GET"]}}],"collection":[{"href":"https:\/\/raed.academy\/en\/wp-json\/wp\/v2\/posts"}],"about":[{"href":"https:\/\/raed.academy\/en\/wp-json\/wp\/v2\/types\/post"}],"author":[{"embeddable":true,"href":"https:\/\/raed.academy\/en\/wp-json\/wp\/v2\/users\/12"}],"replies":[{"embeddable":true,"href":"https:\/\/raed.academy\/en\/wp-json\/wp\/v2\/comments?post=42610"}],"version-history":[{"count":0,"href":"https:\/\/raed.academy\/en\/wp-json\/wp\/v2\/posts\/42610\/revisions"}],"wp:attachment":[{"href":"https:\/\/raed.academy\/en\/wp-json\/wp\/v2\/media?parent=42610"}],"wp:term":[{"taxonomy":"category","embeddable":true,"href":"https:\/\/raed.academy\/en\/wp-json\/wp\/v2\/categories?post=42610"},{"taxonomy":"post_tag","embeddable":true,"href":"https:\/\/raed.academy\/en\/wp-json\/wp\/v2\/tags?post=42610"}],"curies":[{"name":"wp","href":"https:\/\/api.w.org\/{rel}","templated":true}]}}