{"id":39708,"date":"2018-01-10T21:58:35","date_gmt":"2018-01-10T21:58:35","guid":{"rendered":"http:\/\/raed.academy\/?p=39708"},"modified":"2018-01-15T09:48:03","modified_gmt":"2018-01-15T09:48:03","slug":"the-wheel-of-the-21st-century-arrives-at-the-academy","status":"publish","type":"post","link":"https:\/\/raed.academy\/en\/the-wheel-of-the-21st-century-arrives-at-the-academy\/","title":{"rendered":"The wheel of the 21st century arrives at the Academy"},"content":{"rendered":"<h2>&#8220;Cool readings as they are each of the stories of A\u00f1overos are grateful in these moments when the political plot invades us&#8221;<\/h2>\n<div id=\"attachment_34719\" style=\"width: 410px\" class=\"wp-caption alignright\"><img loading=\"lazy\" decoding=\"async\" aria-describedby=\"caption-attachment-34719\" class=\"wp-image-34719\" src=\"http:\/\/raed.academy\/wp-content\/uploads\/2017\/09\/Xabier-A\u00f1overos-ponencia-Agust\u00edn-de-Betancourt-300x210.jpg\" alt=\"Dr. Xabier A\u00f1overos Trias de Bes\" width=\"400\" height=\"280\" srcset=\"https:\/\/raed.academy\/wp-content\/uploads\/2017\/09\/Xabier-A\u00f1overos-ponencia-Agust\u00edn-de-Betancourt-300x210.jpg 300w, https:\/\/raed.academy\/wp-content\/uploads\/2017\/09\/Xabier-A\u00f1overos-ponencia-Agust\u00edn-de-Betancourt.jpg 500w\" sizes=\"(max-width: 400px) 100vw, 400px\" \/><p id=\"caption-attachment-34719\" class=\"wp-caption-text\">Dr. Xabier A\u00f1overos<\/p><\/div>\n<p><a href=\"http:\/\/raed.academy\/en\/academicians\/dr-xabier-anoveros-trias-de-bes\/\" target=\"_blank\" rel=\"noopener\"><strong>Xabier A\u00f1overos<\/strong><\/a>, full academician and vice-president of the Governing Board of the <strong>Royal European Academy of Doctors-Barcelona 1914<\/strong> (RAED), has presented his work <strong>&#8220;La noria de siglo XXI&#8221;<\/strong>\u00a0(The wheel of the 21st century), a novel\u00a0written by the same academic, to the academicians and other attendees at an event held at the RAED headquarters. The book follows the same narrative scheme used by <strong>Luis Romero<\/strong> in his work <strong>&#8220;La noria&#8221;<\/strong> (The wheel), winner of the Nadal prize in 1951. The presentation has been carried out by the author himself and the also academician of the RAED <strong>Jos\u00e9 Maria Gay de Li\u00e9bana<\/strong>, who has outlined the essential aspects of the work and has highlighted the literary face of A\u00f1overos.<\/p>\n<p>&#8220;When Xabier proposed to me to present his book at the Royal Academy -explained Gay de Li\u00e9bana- he convinced me, first, about the plot and, secondly, about telling me that I would have read it in an afternoon. Actually the book is read at a stretch, although the one in an afternoon is a little exaggerated, because it is a novel of those that requires many nights and several weeks. But Xabier&#8217;s book is pure freshness, contagious narrative, a lively, agile, dynamic and passionate walk through Barcelona today, through its neighbourhoods, strolling around, presenting a series of characters that are, we are, of course the authentic human fauna of this great city&#8221;.<\/p>\n<div id=\"attachment_39509\" style=\"width: 410px\" class=\"wp-caption alignleft\"><img loading=\"lazy\" decoding=\"async\" aria-describedby=\"caption-attachment-39509\" class=\"wp-image-39509\" src=\"http:\/\/raed.academy\/wp-content\/uploads\/2018\/01\/Jose-Maria-Gay-de-Liebana-Saludas.jpg\" alt=\"Jos\u00e9 Mar\u00eda Gay de Li\u00e9bana Saludas\" width=\"400\" height=\"227\" \/><p id=\"caption-attachment-39509\" class=\"wp-caption-text\">Dr. Jos\u00e9 Mar\u00eda Gay de Li\u00e9bana<\/p><\/div>\n<p>Gay de Li\u00e9bana has considered that the work is a true portrait of the current Barcelona as in its day was the work of Luis Romero. &#8220;You see each of the characters, you place them perfectly not only in their neighbourhood but in the same street where Xabier places them, demonstrating his vast knowledge of today&#8217;s Barcelona and, even more, I would say that several of the protagonists I could identify them perfectly, refreshing readings such as each one of Xabier A\u00f1overos&#8217; stories are appreciated in these moments when the political plot invades us&#8221;.<\/p>\n<p>&#8220;La noria del siglo XXI&#8221; is a choral novel in which through 32 characters the current Barcelona is portrayed, how it throbs, how it moves and how it thinks. A society totally different from the one 60 years ago Romero portrayed. These 32 protagonists are linked to each other as the links of a chain, until the last link with the first, closing the circle of that urban Ferris wheel, in which the environments, concerns and needs of its protagonists appear in their different social layers of the city.<\/p>\n\n\t\t<style type=\"text\/css\">\n\t\t\t#gallery-1 {\n\t\t\t\tmargin: auto;\n\t\t\t}\n\t\t\t#gallery-1 .gallery-item {\n\t\t\t\tfloat: left;\n\t\t\t\tmargin-top: 10px;\n\t\t\t\ttext-align: center;\n\t\t\t\twidth: 33%;\n\t\t\t}\n\t\t\t#gallery-1 img {\n\t\t\t\tborder: 2px solid #cfcfcf;\n\t\t\t}\n\t\t\t#gallery-1 .gallery-caption {\n\t\t\t\tmargin-left: 0;\n\t\t\t}\n\t\t\t\/* see gallery_shortcode() in wp-includes\/media.php *\/\n\t\t<\/style>\n\t\t<div id='gallery-1' class='gallery galleryid-39708 gallery-columns-3 gallery-size-medium'><dl class='gallery-item'>\n\t\t\t<dt class='gallery-icon landscape'>\n\t\t\t\t<a href='https:\/\/raed.academy\/wp-content\/uploads\/2018\/01\/Xabier-A\u00f1overos-y-Jose-Maria-Gay-de-Liebana-presentacion-La-noria.jpg'><img loading=\"lazy\" decoding=\"async\" width=\"800\" height=\"533\" src=\"https:\/\/raed.academy\/wp-content\/uploads\/2018\/01\/Xabier-A\u00f1overos-y-Jose-Maria-Gay-de-Liebana-presentacion-La-noria.jpg\" class=\"attachment-medium size-medium\" alt=\"\" srcset=\"https:\/\/raed.academy\/wp-content\/uploads\/2018\/01\/Xabier-A\u00f1overos-y-Jose-Maria-Gay-de-Liebana-presentacion-La-noria.jpg 800w, https:\/\/raed.academy\/wp-content\/uploads\/2018\/01\/Xabier-A\u00f1overos-y-Jose-Maria-Gay-de-Liebana-presentacion-La-noria-768x512.jpg 768w\" sizes=\"(max-width: 800px) 100vw, 800px\" \/><\/a>\n\t\t\t<\/dt><\/dl><dl class='gallery-item'>\n\t\t\t<dt class='gallery-icon landscape'>\n\t\t\t\t<a href='https:\/\/raed.academy\/wp-content\/uploads\/2018\/01\/presentacion-del-libro-La-noria-de-Xabier-A\u00f1overos-2.jpg'><img loading=\"lazy\" decoding=\"async\" width=\"800\" height=\"533\" src=\"https:\/\/raed.academy\/wp-content\/uploads\/2018\/01\/presentacion-del-libro-La-noria-de-Xabier-A\u00f1overos-2.jpg\" class=\"attachment-medium size-medium\" alt=\"\" srcset=\"https:\/\/raed.academy\/wp-content\/uploads\/2018\/01\/presentacion-del-libro-La-noria-de-Xabier-A\u00f1overos-2.jpg 800w, https:\/\/raed.academy\/wp-content\/uploads\/2018\/01\/presentacion-del-libro-La-noria-de-Xabier-A\u00f1overos-2-768x512.jpg 768w\" sizes=\"(max-width: 800px) 100vw, 800px\" \/><\/a>\n\t\t\t<\/dt><\/dl><dl class='gallery-item'>\n\t\t\t<dt class='gallery-icon landscape'>\n\t\t\t\t<a href='https:\/\/raed.academy\/wp-content\/uploads\/2018\/01\/presentacion-del-libro-La-noria-de-Xabier-A\u00f1overos.jpg'><img loading=\"lazy\" decoding=\"async\" width=\"800\" height=\"533\" src=\"https:\/\/raed.academy\/wp-content\/uploads\/2018\/01\/presentacion-del-libro-La-noria-de-Xabier-A\u00f1overos.jpg\" class=\"attachment-medium size-medium\" alt=\"\" srcset=\"https:\/\/raed.academy\/wp-content\/uploads\/2018\/01\/presentacion-del-libro-La-noria-de-Xabier-A\u00f1overos.jpg 800w, https:\/\/raed.academy\/wp-content\/uploads\/2018\/01\/presentacion-del-libro-La-noria-de-Xabier-A\u00f1overos-768x512.jpg 768w\" sizes=\"(max-width: 800px) 100vw, 800px\" \/><\/a>\n\t\t\t<\/dt><\/dl><br style=\"clear: both\" \/>\n\t\t<\/div>\n\n","protected":false},"excerpt":{"rendered":"<p>&#8220;Cool readings as they are each of the stories of A\u00f1overos are grateful in these moments when the political plot invades us&#8221; Xabier A\u00f1overos, full academician and vice-president of the Governing Board of the Royal European Academy of Doctors-Barcelona 1914 (RAED), has presented his work &#8220;La noria de siglo XXI&#8221;\u00a0(The wheel of the 21st century), [&hellip;]<\/p>\n","protected":false},"author":12,"featured_media":34719,"comment_status":"closed","ping_status":"closed","sticky":false,"template":"","format":"standard","meta":{"_et_pb_use_builder":"","_et_pb_old_content":"","_et_gb_content_width":"","footnotes":""},"categories":[67],"tags":[],"class_list":["post-39708","post","type-post","status-publish","format-standard","has-post-thumbnail","hentry","category-uncategorized-6","et-has-post-format-content","et_post_format-et-post-format-standard"],"yoast_head":"<!-- This site is optimized with the Yoast SEO plugin v27.4 - https:\/\/yoast.com\/product\/yoast-seo-wordpress\/ -->\n<title>Presentation of &quot;La noria de siglo XXI&quot; | Royal European Academy of Doctors<\/title>\n<meta name=\"description\" content=\"Presentation of the book &quot;La noria de siglo XXI&quot; (The wheel of the 21st century), a novel written by the Xabier A\u00f1overos. It is a choral novel in which through 32 characters the current Barcelona is portrayed, how it throbs, how it moves and how it thinks.\" \/>\n<meta name=\"robots\" content=\"index, follow, max-snippet:-1, max-image-preview:large, max-video-preview:-1\" \/>\n<link rel=\"canonical\" href=\"https:\/\/raed.academy\/en\/the-wheel-of-the-21st-century-arrives-at-the-academy\/\" \/>\n<meta property=\"og:locale\" content=\"en_US\" \/>\n<meta property=\"og:type\" content=\"article\" \/>\n<meta property=\"og:title\" content=\"Presentation of &quot;La noria de siglo XXI&quot; | Royal European Academy of Doctors\" \/>\n<meta property=\"og:description\" content=\"Presentation of the book &quot;La noria de siglo XXI&quot; (The wheel of the 21st century), a novel written by the Xabier A\u00f1overos. It is a choral novel in which through 32 characters the current Barcelona is portrayed, how it throbs, how it moves and how it thinks.\" \/>\n<meta property=\"og:url\" content=\"https:\/\/raed.academy\/en\/the-wheel-of-the-21st-century-arrives-at-the-academy\/\" \/>\n<meta property=\"og:site_name\" content=\"Royal European Academy of Doctors\" \/>\n<meta property=\"article:publisher\" content=\"http:\/\/fb.me\/raed.academy\" \/>\n<meta property=\"article:published_time\" content=\"2018-01-10T21:58:35+00:00\" \/>\n<meta property=\"article:modified_time\" content=\"2018-01-15T09:48:03+00:00\" \/>\n<meta property=\"og:image\" content=\"https:\/\/raed.academy\/wp-content\/uploads\/2017\/09\/Xabier-A\u00f1overos-ponencia-Agust\u00edn-de-Betancourt.jpg\" \/>\n\t<meta property=\"og:image:width\" content=\"500\" \/>\n\t<meta property=\"og:image:height\" content=\"350\" \/>\n\t<meta property=\"og:image:type\" content=\"image\/jpeg\" \/>\n<meta name=\"author\" content=\"RAED\" \/>\n<meta name=\"twitter:card\" content=\"summary_large_image\" \/>\n<meta name=\"twitter:creator\" content=\"@raedacademy\" \/>\n<meta name=\"twitter:site\" content=\"@raedacademy\" \/>\n<meta name=\"twitter:label1\" content=\"Written by\" \/>\n\t<meta name=\"twitter:data1\" content=\"RAED\" \/>\n\t<meta name=\"twitter:label2\" content=\"Est. reading time\" \/>\n\t<meta name=\"twitter:data2\" content=\"2 minutes\" \/>\n<script type=\"application\/ld+json\" class=\"yoast-schema-graph\">{\"@context\":\"https:\\\/\\\/schema.org\",\"@graph\":[{\"@type\":\"Article\",\"@id\":\"https:\\\/\\\/raed.academy\\\/en\\\/the-wheel-of-the-21st-century-arrives-at-the-academy\\\/#article\",\"isPartOf\":{\"@id\":\"https:\\\/\\\/raed.academy\\\/en\\\/the-wheel-of-the-21st-century-arrives-at-the-academy\\\/\"},\"author\":{\"name\":\"RAED\",\"@id\":\"https:\\\/\\\/raed.academy\\\/en\\\/#\\\/schema\\\/person\\\/5a755da80d1d979fd66ba745c8702927\"},\"headline\":\"The wheel of the 21st century arrives at the Academy\",\"datePublished\":\"2018-01-10T21:58:35+00:00\",\"dateModified\":\"2018-01-15T09:48:03+00:00\",\"mainEntityOfPage\":{\"@id\":\"https:\\\/\\\/raed.academy\\\/en\\\/the-wheel-of-the-21st-century-arrives-at-the-academy\\\/\"},\"wordCount\":484,\"publisher\":{\"@id\":\"https:\\\/\\\/raed.academy\\\/en\\\/#organization\"},\"image\":{\"@id\":\"https:\\\/\\\/raed.academy\\\/en\\\/the-wheel-of-the-21st-century-arrives-at-the-academy\\\/#primaryimage\"},\"thumbnailUrl\":\"https:\\\/\\\/raed.academy\\\/wp-content\\\/uploads\\\/2017\\\/09\\\/Xabier-A\u00f1overos-ponencia-Agust\u00edn-de-Betancourt.jpg\",\"inLanguage\":\"en-US\"},{\"@type\":\"WebPage\",\"@id\":\"https:\\\/\\\/raed.academy\\\/en\\\/the-wheel-of-the-21st-century-arrives-at-the-academy\\\/\",\"url\":\"https:\\\/\\\/raed.academy\\\/en\\\/the-wheel-of-the-21st-century-arrives-at-the-academy\\\/\",\"name\":\"Presentation of \\\"La noria de siglo XXI\\\" | Royal European Academy of Doctors\",\"isPartOf\":{\"@id\":\"https:\\\/\\\/raed.academy\\\/en\\\/#website\"},\"primaryImageOfPage\":{\"@id\":\"https:\\\/\\\/raed.academy\\\/en\\\/the-wheel-of-the-21st-century-arrives-at-the-academy\\\/#primaryimage\"},\"image\":{\"@id\":\"https:\\\/\\\/raed.academy\\\/en\\\/the-wheel-of-the-21st-century-arrives-at-the-academy\\\/#primaryimage\"},\"thumbnailUrl\":\"https:\\\/\\\/raed.academy\\\/wp-content\\\/uploads\\\/2017\\\/09\\\/Xabier-A\u00f1overos-ponencia-Agust\u00edn-de-Betancourt.jpg\",\"datePublished\":\"2018-01-10T21:58:35+00:00\",\"dateModified\":\"2018-01-15T09:48:03+00:00\",\"description\":\"Presentation of the book \\\"La noria de siglo XXI\\\" (The wheel of the 21st century), a novel written by the Xabier A\u00f1overos. It is a choral novel in which through 32 characters the current Barcelona is portrayed, how it throbs, how it moves and how it thinks.\",\"breadcrumb\":{\"@id\":\"https:\\\/\\\/raed.academy\\\/en\\\/the-wheel-of-the-21st-century-arrives-at-the-academy\\\/#breadcrumb\"},\"inLanguage\":\"en-US\",\"potentialAction\":[{\"@type\":\"ReadAction\",\"target\":[\"https:\\\/\\\/raed.academy\\\/en\\\/the-wheel-of-the-21st-century-arrives-at-the-academy\\\/\"]}]},{\"@type\":\"ImageObject\",\"inLanguage\":\"en-US\",\"@id\":\"https:\\\/\\\/raed.academy\\\/en\\\/the-wheel-of-the-21st-century-arrives-at-the-academy\\\/#primaryimage\",\"url\":\"https:\\\/\\\/raed.academy\\\/wp-content\\\/uploads\\\/2017\\\/09\\\/Xabier-A\u00f1overos-ponencia-Agust\u00edn-de-Betancourt.jpg\",\"contentUrl\":\"https:\\\/\\\/raed.academy\\\/wp-content\\\/uploads\\\/2017\\\/09\\\/Xabier-A\u00f1overos-ponencia-Agust\u00edn-de-Betancourt.jpg\",\"width\":500,\"height\":350,\"caption\":\"Dr. Xabier A\u00f1overos\"},{\"@type\":\"BreadcrumbList\",\"@id\":\"https:\\\/\\\/raed.academy\\\/en\\\/the-wheel-of-the-21st-century-arrives-at-the-academy\\\/#breadcrumb\",\"itemListElement\":[{\"@type\":\"ListItem\",\"position\":1,\"name\":\"Inicio\",\"item\":\"https:\\\/\\\/raed.academy\\\/en\\\/\"},{\"@type\":\"ListItem\",\"position\":2,\"name\":\"The wheel of the 21st century arrives at the Academy\"}]},{\"@type\":\"WebSite\",\"@id\":\"https:\\\/\\\/raed.academy\\\/en\\\/#website\",\"url\":\"https:\\\/\\\/raed.academy\\\/en\\\/\",\"name\":\"Royal European Academy of Doctors\",\"description\":\"Corporaci\u00f3n de derecho p\u00fablico de car\u00e1cter cient\u00edfico, t\u00e9cnico y art\u00edstico, que tiene por objeto la investigaci\u00f3n, el estudio, el fomento y la extensi\u00f3n del conocimiento en su sentido m\u00e1s amplio.\",\"publisher\":{\"@id\":\"https:\\\/\\\/raed.academy\\\/en\\\/#organization\"},\"potentialAction\":[{\"@type\":\"SearchAction\",\"target\":{\"@type\":\"EntryPoint\",\"urlTemplate\":\"https:\\\/\\\/raed.academy\\\/en\\\/?s={search_term_string}\"},\"query-input\":{\"@type\":\"PropertyValueSpecification\",\"valueRequired\":true,\"valueName\":\"search_term_string\"}}],\"inLanguage\":\"en-US\"},{\"@type\":\"Organization\",\"@id\":\"https:\\\/\\\/raed.academy\\\/en\\\/#organization\",\"name\":\"Real Academia Europea de Doctores\",\"url\":\"https:\\\/\\\/raed.academy\\\/en\\\/\",\"logo\":{\"@type\":\"ImageObject\",\"inLanguage\":\"en-US\",\"@id\":\"https:\\\/\\\/raed.academy\\\/en\\\/#\\\/schema\\\/logo\\\/image\\\/\",\"url\":\"https:\\\/\\\/raed.academy\\\/wp-content\\\/uploads\\\/2017\\\/01\\\/cropped-logo_raed.png\",\"contentUrl\":\"https:\\\/\\\/raed.academy\\\/wp-content\\\/uploads\\\/2017\\\/01\\\/cropped-logo_raed.png\",\"width\":512,\"height\":512,\"caption\":\"Real Academia Europea de Doctores\"},\"image\":{\"@id\":\"https:\\\/\\\/raed.academy\\\/en\\\/#\\\/schema\\\/logo\\\/image\\\/\"},\"sameAs\":[\"http:\\\/\\\/fb.me\\\/raed.academy\",\"https:\\\/\\\/x.com\\\/raedacademy\",\"https:\\\/\\\/www.instagram.com\\\/raed.academy\\\/\",\"https:\\\/\\\/www.youtube.com\\\/channel\\\/UCUYQwW2KrdirNWihxMDObwg\"]},{\"@type\":\"Person\",\"@id\":\"https:\\\/\\\/raed.academy\\\/en\\\/#\\\/schema\\\/person\\\/5a755da80d1d979fd66ba745c8702927\",\"name\":\"RAED\",\"image\":{\"@type\":\"ImageObject\",\"inLanguage\":\"en-US\",\"@id\":\"https:\\\/\\\/secure.gravatar.com\\\/avatar\\\/19fdfdc0d67fb9c45714b703a2ac82251c4fcea3637f002ac3c9b74c0183583c?s=96&d=mm&r=g\",\"url\":\"https:\\\/\\\/secure.gravatar.com\\\/avatar\\\/19fdfdc0d67fb9c45714b703a2ac82251c4fcea3637f002ac3c9b74c0183583c?s=96&d=mm&r=g\",\"contentUrl\":\"https:\\\/\\\/secure.gravatar.com\\\/avatar\\\/19fdfdc0d67fb9c45714b703a2ac82251c4fcea3637f002ac3c9b74c0183583c?s=96&d=mm&r=g\",\"caption\":\"RAED\"}}]}<\/script>\n<!-- \/ Yoast SEO plugin. -->","yoast_head_json":{"title":"Presentation of \"La noria de siglo XXI\" | Royal European Academy of Doctors","description":"Presentation of the book \"La noria de siglo XXI\" (The wheel of the 21st century), a novel written by the Xabier A\u00f1overos. It is a choral novel in which through 32 characters the current Barcelona is portrayed, how it throbs, how it moves and how it thinks.","robots":{"index":"index","follow":"follow","max-snippet":"max-snippet:-1","max-image-preview":"max-image-preview:large","max-video-preview":"max-video-preview:-1"},"canonical":"https:\/\/raed.academy\/en\/the-wheel-of-the-21st-century-arrives-at-the-academy\/","og_locale":"en_US","og_type":"article","og_title":"Presentation of \"La noria de siglo XXI\" | Royal European Academy of Doctors","og_description":"Presentation of the book \"La noria de siglo XXI\" (The wheel of the 21st century), a novel written by the Xabier A\u00f1overos. It is a choral novel in which through 32 characters the current Barcelona is portrayed, how it throbs, how it moves and how it thinks.","og_url":"https:\/\/raed.academy\/en\/the-wheel-of-the-21st-century-arrives-at-the-academy\/","og_site_name":"Royal European Academy of Doctors","article_publisher":"http:\/\/fb.me\/raed.academy","article_published_time":"2018-01-10T21:58:35+00:00","article_modified_time":"2018-01-15T09:48:03+00:00","og_image":[{"width":500,"height":350,"url":"https:\/\/raed.academy\/wp-content\/uploads\/2017\/09\/Xabier-A\u00f1overos-ponencia-Agust\u00edn-de-Betancourt.jpg","type":"image\/jpeg"}],"author":"RAED","twitter_card":"summary_large_image","twitter_creator":"@raedacademy","twitter_site":"@raedacademy","twitter_misc":{"Written by":"RAED","Est. reading time":"2 minutes"},"schema":{"@context":"https:\/\/schema.org","@graph":[{"@type":"Article","@id":"https:\/\/raed.academy\/en\/the-wheel-of-the-21st-century-arrives-at-the-academy\/#article","isPartOf":{"@id":"https:\/\/raed.academy\/en\/the-wheel-of-the-21st-century-arrives-at-the-academy\/"},"author":{"name":"RAED","@id":"https:\/\/raed.academy\/en\/#\/schema\/person\/5a755da80d1d979fd66ba745c8702927"},"headline":"The wheel of the 21st century arrives at the Academy","datePublished":"2018-01-10T21:58:35+00:00","dateModified":"2018-01-15T09:48:03+00:00","mainEntityOfPage":{"@id":"https:\/\/raed.academy\/en\/the-wheel-of-the-21st-century-arrives-at-the-academy\/"},"wordCount":484,"publisher":{"@id":"https:\/\/raed.academy\/en\/#organization"},"image":{"@id":"https:\/\/raed.academy\/en\/the-wheel-of-the-21st-century-arrives-at-the-academy\/#primaryimage"},"thumbnailUrl":"https:\/\/raed.academy\/wp-content\/uploads\/2017\/09\/Xabier-A\u00f1overos-ponencia-Agust\u00edn-de-Betancourt.jpg","inLanguage":"en-US"},{"@type":"WebPage","@id":"https:\/\/raed.academy\/en\/the-wheel-of-the-21st-century-arrives-at-the-academy\/","url":"https:\/\/raed.academy\/en\/the-wheel-of-the-21st-century-arrives-at-the-academy\/","name":"Presentation of \"La noria de siglo XXI\" | Royal European Academy of Doctors","isPartOf":{"@id":"https:\/\/raed.academy\/en\/#website"},"primaryImageOfPage":{"@id":"https:\/\/raed.academy\/en\/the-wheel-of-the-21st-century-arrives-at-the-academy\/#primaryimage"},"image":{"@id":"https:\/\/raed.academy\/en\/the-wheel-of-the-21st-century-arrives-at-the-academy\/#primaryimage"},"thumbnailUrl":"https:\/\/raed.academy\/wp-content\/uploads\/2017\/09\/Xabier-A\u00f1overos-ponencia-Agust\u00edn-de-Betancourt.jpg","datePublished":"2018-01-10T21:58:35+00:00","dateModified":"2018-01-15T09:48:03+00:00","description":"Presentation of the book \"La noria de siglo XXI\" (The wheel of the 21st century), a novel written by the Xabier A\u00f1overos. It is a choral novel in which through 32 characters the current Barcelona is portrayed, how it throbs, how it moves and how it thinks.","breadcrumb":{"@id":"https:\/\/raed.academy\/en\/the-wheel-of-the-21st-century-arrives-at-the-academy\/#breadcrumb"},"inLanguage":"en-US","potentialAction":[{"@type":"ReadAction","target":["https:\/\/raed.academy\/en\/the-wheel-of-the-21st-century-arrives-at-the-academy\/"]}]},{"@type":"ImageObject","inLanguage":"en-US","@id":"https:\/\/raed.academy\/en\/the-wheel-of-the-21st-century-arrives-at-the-academy\/#primaryimage","url":"https:\/\/raed.academy\/wp-content\/uploads\/2017\/09\/Xabier-A\u00f1overos-ponencia-Agust\u00edn-de-Betancourt.jpg","contentUrl":"https:\/\/raed.academy\/wp-content\/uploads\/2017\/09\/Xabier-A\u00f1overos-ponencia-Agust\u00edn-de-Betancourt.jpg","width":500,"height":350,"caption":"Dr. Xabier A\u00f1overos"},{"@type":"BreadcrumbList","@id":"https:\/\/raed.academy\/en\/the-wheel-of-the-21st-century-arrives-at-the-academy\/#breadcrumb","itemListElement":[{"@type":"ListItem","position":1,"name":"Inicio","item":"https:\/\/raed.academy\/en\/"},{"@type":"ListItem","position":2,"name":"The wheel of the 21st century arrives at the Academy"}]},{"@type":"WebSite","@id":"https:\/\/raed.academy\/en\/#website","url":"https:\/\/raed.academy\/en\/","name":"Royal European Academy of Doctors","description":"Corporaci\u00f3n de derecho p\u00fablico de car\u00e1cter cient\u00edfico, t\u00e9cnico y art\u00edstico, que tiene por objeto la investigaci\u00f3n, el estudio, el fomento y la extensi\u00f3n del conocimiento en su sentido m\u00e1s amplio.","publisher":{"@id":"https:\/\/raed.academy\/en\/#organization"},"potentialAction":[{"@type":"SearchAction","target":{"@type":"EntryPoint","urlTemplate":"https:\/\/raed.academy\/en\/?s={search_term_string}"},"query-input":{"@type":"PropertyValueSpecification","valueRequired":true,"valueName":"search_term_string"}}],"inLanguage":"en-US"},{"@type":"Organization","@id":"https:\/\/raed.academy\/en\/#organization","name":"Real Academia Europea de Doctores","url":"https:\/\/raed.academy\/en\/","logo":{"@type":"ImageObject","inLanguage":"en-US","@id":"https:\/\/raed.academy\/en\/#\/schema\/logo\/image\/","url":"https:\/\/raed.academy\/wp-content\/uploads\/2017\/01\/cropped-logo_raed.png","contentUrl":"https:\/\/raed.academy\/wp-content\/uploads\/2017\/01\/cropped-logo_raed.png","width":512,"height":512,"caption":"Real Academia Europea de Doctores"},"image":{"@id":"https:\/\/raed.academy\/en\/#\/schema\/logo\/image\/"},"sameAs":["http:\/\/fb.me\/raed.academy","https:\/\/x.com\/raedacademy","https:\/\/www.instagram.com\/raed.academy\/","https:\/\/www.youtube.com\/channel\/UCUYQwW2KrdirNWihxMDObwg"]},{"@type":"Person","@id":"https:\/\/raed.academy\/en\/#\/schema\/person\/5a755da80d1d979fd66ba745c8702927","name":"RAED","image":{"@type":"ImageObject","inLanguage":"en-US","@id":"https:\/\/secure.gravatar.com\/avatar\/19fdfdc0d67fb9c45714b703a2ac82251c4fcea3637f002ac3c9b74c0183583c?s=96&d=mm&r=g","url":"https:\/\/secure.gravatar.com\/avatar\/19fdfdc0d67fb9c45714b703a2ac82251c4fcea3637f002ac3c9b74c0183583c?s=96&d=mm&r=g","contentUrl":"https:\/\/secure.gravatar.com\/avatar\/19fdfdc0d67fb9c45714b703a2ac82251c4fcea3637f002ac3c9b74c0183583c?s=96&d=mm&r=g","caption":"RAED"}}]}},"_links":{"self":[{"href":"https:\/\/raed.academy\/en\/wp-json\/wp\/v2\/posts\/39708","targetHints":{"allow":["GET"]}}],"collection":[{"href":"https:\/\/raed.academy\/en\/wp-json\/wp\/v2\/posts"}],"about":[{"href":"https:\/\/raed.academy\/en\/wp-json\/wp\/v2\/types\/post"}],"author":[{"embeddable":true,"href":"https:\/\/raed.academy\/en\/wp-json\/wp\/v2\/users\/12"}],"replies":[{"embeddable":true,"href":"https:\/\/raed.academy\/en\/wp-json\/wp\/v2\/comments?post=39708"}],"version-history":[{"count":0,"href":"https:\/\/raed.academy\/en\/wp-json\/wp\/v2\/posts\/39708\/revisions"}],"wp:featuredmedia":[{"embeddable":true,"href":"https:\/\/raed.academy\/en\/wp-json\/wp\/v2\/media\/34719"}],"wp:attachment":[{"href":"https:\/\/raed.academy\/en\/wp-json\/wp\/v2\/media?parent=39708"}],"wp:term":[{"taxonomy":"category","embeddable":true,"href":"https:\/\/raed.academy\/en\/wp-json\/wp\/v2\/categories?post=39708"},{"taxonomy":"post_tag","embeddable":true,"href":"https:\/\/raed.academy\/en\/wp-json\/wp\/v2\/tags?post=39708"}],"curies":[{"name":"wp","href":"https:\/\/api.w.org\/{rel}","templated":true}]}}