{"id":38761,"date":"2017-12-11T11:08:27","date_gmt":"2017-12-11T11:08:27","guid":{"rendered":"http:\/\/raed.academy\/?p=38761"},"modified":"2017-12-18T11:41:28","modified_gmt":"2017-12-18T11:41:28","slug":"the-academy-at-the-palau-la-musica","status":"publish","type":"post","link":"https:\/\/raed.academy\/en\/the-academy-at-the-palau-la-musica\/","title":{"rendered":"The Academy, at the Palau de la M\u00fasica"},"content":{"rendered":"<p><img loading=\"lazy\" decoding=\"async\" class=\"alignright wp-image-38393\" src=\"http:\/\/raed.academy\/wp-content\/uploads\/2017\/12\/Invitacion-concierto-Cristina-Casale-181217-cast-con-logo-RAED.jpg\" alt=\"Invitaci\u00f3n concierto piano Cristina Casale\" width=\"670\" height=\"323\" srcset=\"https:\/\/raed.academy\/wp-content\/uploads\/2017\/12\/Invitacion-concierto-Cristina-Casale-181217-cast-con-logo-RAED.jpg 1000w, https:\/\/raed.academy\/wp-content\/uploads\/2017\/12\/Invitacion-concierto-Cristina-Casale-181217-cast-con-logo-RAED-768x370.jpg 768w\" sizes=\"(max-width: 670px) 100vw, 670px\" \/>The <strong>Royal European Academy of Doctors-Barcelona 1914<\/strong> (RAED) re-stages the concert that pianist <strong>Cristina Casale<\/strong> had to suspend at the end of October and invites all academicians and friends of the institution to attend an event taking place on the 18 December, at 8.00 pm, at the Petit Palau of the <a href=\"http:\/\/www.palaumusica.cat\" target=\"_blank\" rel=\"noopener\"><strong>Palau de la M\u00fasica Catalana<\/strong><\/a>. For this it will be necessary to request an invitation. Casale will premiere in Barcelona the concert <strong>&#8220;Virtuosismo Flamenco&#8221;<\/strong>, by composer <strong>Abraham Espinosa<\/strong>, as well as interpreting various works by <strong>Frederic Mompou<\/strong>, <strong>Enrique Granados<\/strong>, <strong>Manuel de Falla<\/strong> and father <strong>Soler<\/strong>. The session is part of the <strong>&#8220;Conciertos con Alma&#8221;<\/strong> (Concerts with Soul) series that the Royal Academy launched last year.<\/p>\n<p>Awarded with the international prize for Piano Creativity, Casale stands out for her temperament and expressiveness in the interpretation. Her concert career has led her to perform in different cities in Europe, the United States and South America. She debuted at the Palau de la M\u00fasica Catalana with <strong>Fr\u00e9d\u00e9ric Chopin<\/strong>&#8216;s <strong>&#8220;Concerto for piano and orchestra number 1&#8221;<\/strong> and after a few years of little public activity reappeared three seasons ago at the <a href=\"http:\/\/www.carnegiehall.org\" target=\"_blank\" rel=\"noopener\"><strong>Carnegie Hall<\/strong><\/a> in New York with a similar programme with which she now returns to Barcelona.<\/p>\n<h3><a href=\"http:\/\/raed.academy\/wp-content\/uploads\/2017\/12\/programa-concierto-v3.pdf\" target=\"_blank\" rel=\"noopener\">Download the concert program<\/a><\/h3>\n<p>&nbsp;<\/p>\n","protected":false},"excerpt":{"rendered":"<p>The Royal European Academy of Doctors-Barcelona 1914 (RAED) re-stages the concert that pianist Cristina Casale had to suspend at the end of October and invites all academicians and friends of the institution to attend an event taking place on the 18 December, at 8.00 pm, at the Petit Palau of the Palau de la M\u00fasica [&hellip;]<\/p>\n","protected":false},"author":12,"featured_media":35509,"comment_status":"closed","ping_status":"closed","sticky":false,"template":"","format":"standard","meta":{"_et_pb_use_builder":"","_et_pb_old_content":"","_et_gb_content_width":"","footnotes":""},"categories":[67],"tags":[],"class_list":["post-38761","post","type-post","status-publish","format-standard","has-post-thumbnail","hentry","category-uncategorized-6","et-has-post-format-content","et_post_format-et-post-format-standard"],"yoast_head":"<!-- This site is optimized with the Yoast SEO plugin v27.5 - https:\/\/yoast.com\/product\/yoast-seo-wordpress\/ -->\n<title>The Academy, at the Palau de la M\u00fasica - Royal European Academy of Doctors<\/title>\n<meta name=\"robots\" content=\"index, follow, max-snippet:-1, max-image-preview:large, max-video-preview:-1\" \/>\n<link rel=\"canonical\" href=\"https:\/\/raed.academy\/en\/the-academy-at-the-palau-la-musica\/\" \/>\n<meta property=\"og:locale\" content=\"en_US\" \/>\n<meta property=\"og:type\" content=\"article\" \/>\n<meta property=\"og:title\" content=\"The Academy, at the Palau de la M\u00fasica - Royal European Academy of Doctors\" \/>\n<meta property=\"og:description\" content=\"The Royal European Academy of Doctors-Barcelona 1914 (RAED) re-stages the concert that pianist Cristina Casale had to suspend at the end of October and invites all academicians and friends of the institution to attend an event taking place on the 18 December, at 8.00 pm, at the Petit Palau of the Palau de la M\u00fasica [&hellip;]\" \/>\n<meta property=\"og:url\" content=\"https:\/\/raed.academy\/en\/the-academy-at-the-palau-la-musica\/\" \/>\n<meta property=\"og:site_name\" content=\"Royal European Academy of Doctors\" \/>\n<meta property=\"article:publisher\" content=\"http:\/\/fb.me\/raed.academy\" \/>\n<meta property=\"article:published_time\" content=\"2017-12-11T11:08:27+00:00\" \/>\n<meta property=\"article:modified_time\" content=\"2017-12-18T11:41:28+00:00\" \/>\n<meta property=\"og:image\" content=\"https:\/\/raed.academy\/wp-content\/uploads\/2017\/10\/concierto-piano-Cristina-Casale-dst.jpg\" \/>\n\t<meta property=\"og:image:width\" content=\"850\" \/>\n\t<meta property=\"og:image:height\" content=\"292\" \/>\n\t<meta property=\"og:image:type\" content=\"image\/jpeg\" \/>\n<meta name=\"author\" content=\"RAED\" \/>\n<meta name=\"twitter:card\" content=\"summary_large_image\" \/>\n<meta name=\"twitter:creator\" content=\"@raedacademy\" \/>\n<meta name=\"twitter:site\" content=\"@raedacademy\" \/>\n<meta name=\"twitter:label1\" content=\"Written by\" \/>\n\t<meta name=\"twitter:data1\" content=\"RAED\" \/>\n\t<meta name=\"twitter:label2\" content=\"Est. reading time\" \/>\n\t<meta name=\"twitter:data2\" content=\"1 minute\" \/>\n<script type=\"application\/ld+json\" class=\"yoast-schema-graph\">{\"@context\":\"https:\\\/\\\/schema.org\",\"@graph\":[{\"@type\":\"Article\",\"@id\":\"https:\\\/\\\/raed.academy\\\/en\\\/the-academy-at-the-palau-la-musica\\\/#article\",\"isPartOf\":{\"@id\":\"https:\\\/\\\/raed.academy\\\/en\\\/the-academy-at-the-palau-la-musica\\\/\"},\"author\":{\"name\":\"RAED\",\"@id\":\"https:\\\/\\\/raed.academy\\\/en\\\/#\\\/schema\\\/person\\\/5a755da80d1d979fd66ba745c8702927\"},\"headline\":\"The Academy, at the Palau de la M\u00fasica\",\"datePublished\":\"2017-12-11T11:08:27+00:00\",\"dateModified\":\"2017-12-18T11:41:28+00:00\",\"mainEntityOfPage\":{\"@id\":\"https:\\\/\\\/raed.academy\\\/en\\\/the-academy-at-the-palau-la-musica\\\/\"},\"wordCount\":219,\"publisher\":{\"@id\":\"https:\\\/\\\/raed.academy\\\/en\\\/#organization\"},\"image\":{\"@id\":\"https:\\\/\\\/raed.academy\\\/en\\\/the-academy-at-the-palau-la-musica\\\/#primaryimage\"},\"thumbnailUrl\":\"https:\\\/\\\/raed.academy\\\/wp-content\\\/uploads\\\/2017\\\/10\\\/concierto-piano-Cristina-Casale-dst.jpg\",\"inLanguage\":\"en-US\"},{\"@type\":\"WebPage\",\"@id\":\"https:\\\/\\\/raed.academy\\\/en\\\/the-academy-at-the-palau-la-musica\\\/\",\"url\":\"https:\\\/\\\/raed.academy\\\/en\\\/the-academy-at-the-palau-la-musica\\\/\",\"name\":\"The Academy, at the Palau de la M\u00fasica - Royal European Academy of Doctors\",\"isPartOf\":{\"@id\":\"https:\\\/\\\/raed.academy\\\/en\\\/#website\"},\"primaryImageOfPage\":{\"@id\":\"https:\\\/\\\/raed.academy\\\/en\\\/the-academy-at-the-palau-la-musica\\\/#primaryimage\"},\"image\":{\"@id\":\"https:\\\/\\\/raed.academy\\\/en\\\/the-academy-at-the-palau-la-musica\\\/#primaryimage\"},\"thumbnailUrl\":\"https:\\\/\\\/raed.academy\\\/wp-content\\\/uploads\\\/2017\\\/10\\\/concierto-piano-Cristina-Casale-dst.jpg\",\"datePublished\":\"2017-12-11T11:08:27+00:00\",\"dateModified\":\"2017-12-18T11:41:28+00:00\",\"breadcrumb\":{\"@id\":\"https:\\\/\\\/raed.academy\\\/en\\\/the-academy-at-the-palau-la-musica\\\/#breadcrumb\"},\"inLanguage\":\"en-US\",\"potentialAction\":[{\"@type\":\"ReadAction\",\"target\":[\"https:\\\/\\\/raed.academy\\\/en\\\/the-academy-at-the-palau-la-musica\\\/\"]}]},{\"@type\":\"ImageObject\",\"inLanguage\":\"en-US\",\"@id\":\"https:\\\/\\\/raed.academy\\\/en\\\/the-academy-at-the-palau-la-musica\\\/#primaryimage\",\"url\":\"https:\\\/\\\/raed.academy\\\/wp-content\\\/uploads\\\/2017\\\/10\\\/concierto-piano-Cristina-Casale-dst.jpg\",\"contentUrl\":\"https:\\\/\\\/raed.academy\\\/wp-content\\\/uploads\\\/2017\\\/10\\\/concierto-piano-Cristina-Casale-dst.jpg\",\"width\":850,\"height\":292,\"caption\":\"Concerts with soul\"},{\"@type\":\"BreadcrumbList\",\"@id\":\"https:\\\/\\\/raed.academy\\\/en\\\/the-academy-at-the-palau-la-musica\\\/#breadcrumb\",\"itemListElement\":[{\"@type\":\"ListItem\",\"position\":1,\"name\":\"Inicio\",\"item\":\"https:\\\/\\\/raed.academy\\\/en\\\/\"},{\"@type\":\"ListItem\",\"position\":2,\"name\":\"The Academy, at the Palau de la M\u00fasica\"}]},{\"@type\":\"WebSite\",\"@id\":\"https:\\\/\\\/raed.academy\\\/en\\\/#website\",\"url\":\"https:\\\/\\\/raed.academy\\\/en\\\/\",\"name\":\"Royal European Academy of Doctors\",\"description\":\"Corporaci\u00f3n de derecho p\u00fablico de car\u00e1cter cient\u00edfico, t\u00e9cnico y art\u00edstico, que tiene por objeto la investigaci\u00f3n, el estudio, el fomento y la extensi\u00f3n del conocimiento en su sentido m\u00e1s amplio.\",\"publisher\":{\"@id\":\"https:\\\/\\\/raed.academy\\\/en\\\/#organization\"},\"potentialAction\":[{\"@type\":\"SearchAction\",\"target\":{\"@type\":\"EntryPoint\",\"urlTemplate\":\"https:\\\/\\\/raed.academy\\\/en\\\/?s={search_term_string}\"},\"query-input\":{\"@type\":\"PropertyValueSpecification\",\"valueRequired\":true,\"valueName\":\"search_term_string\"}}],\"inLanguage\":\"en-US\"},{\"@type\":\"Organization\",\"@id\":\"https:\\\/\\\/raed.academy\\\/en\\\/#organization\",\"name\":\"Real Academia Europea de Doctores\",\"url\":\"https:\\\/\\\/raed.academy\\\/en\\\/\",\"logo\":{\"@type\":\"ImageObject\",\"inLanguage\":\"en-US\",\"@id\":\"https:\\\/\\\/raed.academy\\\/en\\\/#\\\/schema\\\/logo\\\/image\\\/\",\"url\":\"https:\\\/\\\/raed.academy\\\/wp-content\\\/uploads\\\/2017\\\/01\\\/cropped-logo_raed.png\",\"contentUrl\":\"https:\\\/\\\/raed.academy\\\/wp-content\\\/uploads\\\/2017\\\/01\\\/cropped-logo_raed.png\",\"width\":512,\"height\":512,\"caption\":\"Real Academia Europea de Doctores\"},\"image\":{\"@id\":\"https:\\\/\\\/raed.academy\\\/en\\\/#\\\/schema\\\/logo\\\/image\\\/\"},\"sameAs\":[\"http:\\\/\\\/fb.me\\\/raed.academy\",\"https:\\\/\\\/x.com\\\/raedacademy\",\"https:\\\/\\\/www.instagram.com\\\/raed.academy\\\/\",\"https:\\\/\\\/www.youtube.com\\\/channel\\\/UCUYQwW2KrdirNWihxMDObwg\"]},{\"@type\":\"Person\",\"@id\":\"https:\\\/\\\/raed.academy\\\/en\\\/#\\\/schema\\\/person\\\/5a755da80d1d979fd66ba745c8702927\",\"name\":\"RAED\",\"image\":{\"@type\":\"ImageObject\",\"inLanguage\":\"en-US\",\"@id\":\"https:\\\/\\\/secure.gravatar.com\\\/avatar\\\/19fdfdc0d67fb9c45714b703a2ac82251c4fcea3637f002ac3c9b74c0183583c?s=96&d=mm&r=g\",\"url\":\"https:\\\/\\\/secure.gravatar.com\\\/avatar\\\/19fdfdc0d67fb9c45714b703a2ac82251c4fcea3637f002ac3c9b74c0183583c?s=96&d=mm&r=g\",\"contentUrl\":\"https:\\\/\\\/secure.gravatar.com\\\/avatar\\\/19fdfdc0d67fb9c45714b703a2ac82251c4fcea3637f002ac3c9b74c0183583c?s=96&d=mm&r=g\",\"caption\":\"RAED\"}}]}<\/script>\n<!-- \/ Yoast SEO plugin. -->","yoast_head_json":{"title":"The Academy, at the Palau de la M\u00fasica - Royal European Academy of Doctors","robots":{"index":"index","follow":"follow","max-snippet":"max-snippet:-1","max-image-preview":"max-image-preview:large","max-video-preview":"max-video-preview:-1"},"canonical":"https:\/\/raed.academy\/en\/the-academy-at-the-palau-la-musica\/","og_locale":"en_US","og_type":"article","og_title":"The Academy, at the Palau de la M\u00fasica - Royal European Academy of Doctors","og_description":"The Royal European Academy of Doctors-Barcelona 1914 (RAED) re-stages the concert that pianist Cristina Casale had to suspend at the end of October and invites all academicians and friends of the institution to attend an event taking place on the 18 December, at 8.00 pm, at the Petit Palau of the Palau de la M\u00fasica [&hellip;]","og_url":"https:\/\/raed.academy\/en\/the-academy-at-the-palau-la-musica\/","og_site_name":"Royal European Academy of Doctors","article_publisher":"http:\/\/fb.me\/raed.academy","article_published_time":"2017-12-11T11:08:27+00:00","article_modified_time":"2017-12-18T11:41:28+00:00","og_image":[{"width":850,"height":292,"url":"https:\/\/raed.academy\/wp-content\/uploads\/2017\/10\/concierto-piano-Cristina-Casale-dst.jpg","type":"image\/jpeg"}],"author":"RAED","twitter_card":"summary_large_image","twitter_creator":"@raedacademy","twitter_site":"@raedacademy","twitter_misc":{"Written by":"RAED","Est. reading time":"1 minute"},"schema":{"@context":"https:\/\/schema.org","@graph":[{"@type":"Article","@id":"https:\/\/raed.academy\/en\/the-academy-at-the-palau-la-musica\/#article","isPartOf":{"@id":"https:\/\/raed.academy\/en\/the-academy-at-the-palau-la-musica\/"},"author":{"name":"RAED","@id":"https:\/\/raed.academy\/en\/#\/schema\/person\/5a755da80d1d979fd66ba745c8702927"},"headline":"The Academy, at the Palau de la M\u00fasica","datePublished":"2017-12-11T11:08:27+00:00","dateModified":"2017-12-18T11:41:28+00:00","mainEntityOfPage":{"@id":"https:\/\/raed.academy\/en\/the-academy-at-the-palau-la-musica\/"},"wordCount":219,"publisher":{"@id":"https:\/\/raed.academy\/en\/#organization"},"image":{"@id":"https:\/\/raed.academy\/en\/the-academy-at-the-palau-la-musica\/#primaryimage"},"thumbnailUrl":"https:\/\/raed.academy\/wp-content\/uploads\/2017\/10\/concierto-piano-Cristina-Casale-dst.jpg","inLanguage":"en-US"},{"@type":"WebPage","@id":"https:\/\/raed.academy\/en\/the-academy-at-the-palau-la-musica\/","url":"https:\/\/raed.academy\/en\/the-academy-at-the-palau-la-musica\/","name":"The Academy, at the Palau de la M\u00fasica - Royal European Academy of Doctors","isPartOf":{"@id":"https:\/\/raed.academy\/en\/#website"},"primaryImageOfPage":{"@id":"https:\/\/raed.academy\/en\/the-academy-at-the-palau-la-musica\/#primaryimage"},"image":{"@id":"https:\/\/raed.academy\/en\/the-academy-at-the-palau-la-musica\/#primaryimage"},"thumbnailUrl":"https:\/\/raed.academy\/wp-content\/uploads\/2017\/10\/concierto-piano-Cristina-Casale-dst.jpg","datePublished":"2017-12-11T11:08:27+00:00","dateModified":"2017-12-18T11:41:28+00:00","breadcrumb":{"@id":"https:\/\/raed.academy\/en\/the-academy-at-the-palau-la-musica\/#breadcrumb"},"inLanguage":"en-US","potentialAction":[{"@type":"ReadAction","target":["https:\/\/raed.academy\/en\/the-academy-at-the-palau-la-musica\/"]}]},{"@type":"ImageObject","inLanguage":"en-US","@id":"https:\/\/raed.academy\/en\/the-academy-at-the-palau-la-musica\/#primaryimage","url":"https:\/\/raed.academy\/wp-content\/uploads\/2017\/10\/concierto-piano-Cristina-Casale-dst.jpg","contentUrl":"https:\/\/raed.academy\/wp-content\/uploads\/2017\/10\/concierto-piano-Cristina-Casale-dst.jpg","width":850,"height":292,"caption":"Concerts with soul"},{"@type":"BreadcrumbList","@id":"https:\/\/raed.academy\/en\/the-academy-at-the-palau-la-musica\/#breadcrumb","itemListElement":[{"@type":"ListItem","position":1,"name":"Inicio","item":"https:\/\/raed.academy\/en\/"},{"@type":"ListItem","position":2,"name":"The Academy, at the Palau de la M\u00fasica"}]},{"@type":"WebSite","@id":"https:\/\/raed.academy\/en\/#website","url":"https:\/\/raed.academy\/en\/","name":"Royal European Academy of Doctors","description":"Corporaci\u00f3n de derecho p\u00fablico de car\u00e1cter cient\u00edfico, t\u00e9cnico y art\u00edstico, que tiene por objeto la investigaci\u00f3n, el estudio, el fomento y la extensi\u00f3n del conocimiento en su sentido m\u00e1s amplio.","publisher":{"@id":"https:\/\/raed.academy\/en\/#organization"},"potentialAction":[{"@type":"SearchAction","target":{"@type":"EntryPoint","urlTemplate":"https:\/\/raed.academy\/en\/?s={search_term_string}"},"query-input":{"@type":"PropertyValueSpecification","valueRequired":true,"valueName":"search_term_string"}}],"inLanguage":"en-US"},{"@type":"Organization","@id":"https:\/\/raed.academy\/en\/#organization","name":"Real Academia Europea de Doctores","url":"https:\/\/raed.academy\/en\/","logo":{"@type":"ImageObject","inLanguage":"en-US","@id":"https:\/\/raed.academy\/en\/#\/schema\/logo\/image\/","url":"https:\/\/raed.academy\/wp-content\/uploads\/2017\/01\/cropped-logo_raed.png","contentUrl":"https:\/\/raed.academy\/wp-content\/uploads\/2017\/01\/cropped-logo_raed.png","width":512,"height":512,"caption":"Real Academia Europea de Doctores"},"image":{"@id":"https:\/\/raed.academy\/en\/#\/schema\/logo\/image\/"},"sameAs":["http:\/\/fb.me\/raed.academy","https:\/\/x.com\/raedacademy","https:\/\/www.instagram.com\/raed.academy\/","https:\/\/www.youtube.com\/channel\/UCUYQwW2KrdirNWihxMDObwg"]},{"@type":"Person","@id":"https:\/\/raed.academy\/en\/#\/schema\/person\/5a755da80d1d979fd66ba745c8702927","name":"RAED","image":{"@type":"ImageObject","inLanguage":"en-US","@id":"https:\/\/secure.gravatar.com\/avatar\/19fdfdc0d67fb9c45714b703a2ac82251c4fcea3637f002ac3c9b74c0183583c?s=96&d=mm&r=g","url":"https:\/\/secure.gravatar.com\/avatar\/19fdfdc0d67fb9c45714b703a2ac82251c4fcea3637f002ac3c9b74c0183583c?s=96&d=mm&r=g","contentUrl":"https:\/\/secure.gravatar.com\/avatar\/19fdfdc0d67fb9c45714b703a2ac82251c4fcea3637f002ac3c9b74c0183583c?s=96&d=mm&r=g","caption":"RAED"}}]}},"_links":{"self":[{"href":"https:\/\/raed.academy\/en\/wp-json\/wp\/v2\/posts\/38761","targetHints":{"allow":["GET"]}}],"collection":[{"href":"https:\/\/raed.academy\/en\/wp-json\/wp\/v2\/posts"}],"about":[{"href":"https:\/\/raed.academy\/en\/wp-json\/wp\/v2\/types\/post"}],"author":[{"embeddable":true,"href":"https:\/\/raed.academy\/en\/wp-json\/wp\/v2\/users\/12"}],"replies":[{"embeddable":true,"href":"https:\/\/raed.academy\/en\/wp-json\/wp\/v2\/comments?post=38761"}],"version-history":[{"count":0,"href":"https:\/\/raed.academy\/en\/wp-json\/wp\/v2\/posts\/38761\/revisions"}],"wp:featuredmedia":[{"embeddable":true,"href":"https:\/\/raed.academy\/en\/wp-json\/wp\/v2\/media\/35509"}],"wp:attachment":[{"href":"https:\/\/raed.academy\/en\/wp-json\/wp\/v2\/media?parent=38761"}],"wp:term":[{"taxonomy":"category","embeddable":true,"href":"https:\/\/raed.academy\/en\/wp-json\/wp\/v2\/categories?post=38761"},{"taxonomy":"post_tag","embeddable":true,"href":"https:\/\/raed.academy\/en\/wp-json\/wp\/v2\/tags?post=38761"}],"curies":[{"name":"wp","href":"https:\/\/api.w.org\/{rel}","templated":true}]}}