{"id":38287,"date":"2017-11-28T08:50:54","date_gmt":"2017-11-28T08:50:54","guid":{"rendered":"http:\/\/raed.academy\/?p=38287"},"modified":"2018-04-13T09:01:30","modified_gmt":"2018-04-13T09:01:30","slug":"cela-immortal","status":"publish","type":"post","link":"https:\/\/raed.academy\/en\/cela-immortal\/","title":{"rendered":"Cela, immortal"},"content":{"rendered":"<h2>The RAED recalled the Nobel laureate on the centenary of his birth, in the presence of his nephew and a specialist in his work, Adolfo Sotelo<\/h2>\n<p><img loading=\"lazy\" decoding=\"async\" class=\"alignright wp-image-38045\" src=\"http:\/\/raed.academy\/wp-content\/uploads\/2017\/11\/Camilo-Jose-Cela.jpg\" alt=\"Premio Nobel Camilo Jos\u00e9 Cela\" width=\"411\" height=\"273\" \/>The <strong>Royal European Academy of Doctors-Barcelona 1914<\/strong> (RAED) paid tribute to <strong>Camilo Jos\u00e9 Cela<\/strong> on the centenary of his birth with the academic session <strong>&#8220;Centenario de un premio Nobel: Camilo Jos\u00e9 Cela&#8221;<\/strong> (Centennial of a Nobel laureate: Camilo Jos\u00e9 Cela), held in Barcelona on\u00a027 November. The session, forming part of a cycle of events entitled<strong> &#8220;Personajes de la Historia&#8221;<\/strong> (Characters from History), was moderated by <a href=\"http:\/\/raed.academy\/en\/academicians\/dr-xabier-anoveros-trias-de-bes\/\" target=\"_blank\" rel=\"noopener\"><strong>Xabier A\u00f1overos<\/strong><\/a>, full academician and vice president of the RAED, with the participation of <strong>Julio P\u00e9rez Cela<\/strong>, doctor in Engineering, nephew of the honoree and vice president of the <strong>Foundation Camilo Jos\u00e9 Cela and Rosario Conde<\/strong>, and <strong>Adolfo Sotelo<\/strong>, Professor of History of Spanish Literature at the <a href=\"http:\/\/www.ub.edu\" target=\"_blank\" rel=\"noopener\"><strong>University of Barcelona<\/strong><\/a>, \u200b\u200bspecialising in the work of Cela.<\/p>\n<p>P\u00e9rez Cela began his speech by explaining Cela&#8217;s family background: his Galician branch, his first surname, and the English, second, until the writer&#8217;s birth in Iria Flavia. He then focused on the son of Camilo Jos\u00e9 Cela, who explained his family and university career -he is a professor of Philosophy of Law at the <a href=\"http:\/\/www.uib.es\" target=\"_blank\" rel=\"noopener\"><strong>University of the Balearic Islands<\/strong><\/a>&#8211; and above all his efforts to highlight and keep alive the importance of his mother, <strong>Rosario Conde<\/strong>, in the organisation and literary success of his father. He finished his speech by referring to the origins of the Foundation in Guadalajara, where the writer lived his last years until his death on 17 January, 2002.<\/p>\n<div id=\"attachment_38116\" style=\"width: 610px\" class=\"wp-caption alignleft\"><img loading=\"lazy\" decoding=\"async\" aria-describedby=\"caption-attachment-38116\" class=\"wp-image-38116\" src=\"http:\/\/raed.academy\/wp-content\/uploads\/2017\/11\/Debate-Centenario-del-Premio-Nobel-Camilo-Jos\u00e9-Cela-1.jpg\" alt=\"Debate: Centennial of a Nobel prize Camilo Jos\u00e9 Cela\" width=\"600\" height=\"401\" srcset=\"https:\/\/raed.academy\/wp-content\/uploads\/2017\/11\/Debate-Centenario-del-Premio-Nobel-Camilo-Jos\u00e9-Cela-1.jpg 900w, https:\/\/raed.academy\/wp-content\/uploads\/2017\/11\/Debate-Centenario-del-Premio-Nobel-Camilo-Jos\u00e9-Cela-1-768x513.jpg 768w\" sizes=\"(max-width: 600px) 100vw, 600px\" \/><p id=\"caption-attachment-38116\" class=\"wp-caption-text\">Dr. Xabier A\u00f1overos, Dr. Julio P\u00e9rez Cela, Dr. Adolfo Sotelo and Dr. Alfredo Rocafort (President of the RAED)<\/p><\/div>\n<p>Sotelo, meanwhile, reviewed the life of Cela from childhood and youth, highlighting the importance they had in his future literary life postwar, his involvement with the Spanish fascist Falange, his position in the apparatus of censorship of the regime and his friendship with many writers and thinkers both official and clandestine of the Spain of that time. The scholar reviewed one by one the works of the Nobel laureate, from <strong>&#8220;Pisando la dudosa luz del d\u00eda&#8221;<\/strong> (Stepping into the dubious light of the day), a poetry book written in 1935 with the influence of <strong>Federico Garc\u00eda Lorca<\/strong>, <strong>Pedro Salinas<\/strong> and <strong>Pablo Neruda<\/strong>, until the publication of <strong>&#8220;La familia de Pascual Duarte&#8221;<\/strong> (The family of Pascual Duarte). A work that although at the beginning did not enjoy excessive success, because of the gloomy of its text, little in agreement with a Spain that wanted to forget a fratricidal war, the strength of its prose turned it into a successful and groundbreaking novel, the most translated work in Spanish after <strong>&#8220;Don Quixote&#8221;<\/strong>.<\/p>\n<p>Sotelo also reviewed reference works such as <strong>&#8220;Pabell\u00f3n de reposo&#8221;<\/strong> (Rest Pavilion), a novel based on and written in the period when he was recovering from a relapse of tuberculosis in a sanatorium in the mountains of Madrid, and <strong>&#8220;Nuevas aventuras y desventuras del Lazarillo de Tormes&#8221;<\/strong> (New adventures and misadventures of Lazarillo de Tormes), prior to his culminating achievement: <strong>&#8220;La Colmena&#8221;<\/strong> (The Beehive). A novel that had many difficulties with the censors, and was finally published in Buenos Aires in 1952. The professor also commented in detail the Venezuelan literary adventure of Cela to write <strong>&#8220;La Catira&#8221;<\/strong> (The Catira) and the preparations and development of his trip to the Alcarria that culminated with the appearance of the most original and widely read travel story in the Spanish language. Sotelo also emphasized the importance of two other novels: <strong>&#8220;Mrs. Caldwel habla con su hijo&#8221;<\/strong> (Mrs. Caldwel speaks with her son), about a curious and tormented maternal-filial relationship, and <strong>&#8220;Mazurca para dos muertos&#8221;<\/strong> (Mazurca for two dead), one of the three novels of content and Galician development he had planned to write, but it was left in one. It&#8217;s a novel of rural Galicia with its crudeness, its poetry, its symbolism and its realism.<\/p>\n<h3>Video summary of the act<\/h3>\n<p><iframe loading=\"lazy\" width=\"854\" height=\"480\" src=\"https:\/\/www.youtube.com\/embed\/YgvrVxjbVC0\" frameborder=\"0\" allow=\"autoplay; encrypted-media\" allowfullscreen><\/iframe><\/p>\n","protected":false},"excerpt":{"rendered":"<p>The RAED recalled the Nobel laureate on the centenary of his birth, in the presence of his nephew and a specialist in his work, Adolfo Sotelo The Royal European Academy of Doctors-Barcelona 1914 (RAED) paid tribute to Camilo Jos\u00e9 Cela on the centenary of his birth with the academic session &#8220;Centenario de un premio Nobel: [&hellip;]<\/p>\n","protected":false},"author":12,"featured_media":38114,"comment_status":"closed","ping_status":"closed","sticky":false,"template":"","format":"standard","meta":{"_et_pb_use_builder":"","_et_pb_old_content":"","_et_gb_content_width":"","footnotes":""},"categories":[67],"tags":[],"class_list":["post-38287","post","type-post","status-publish","format-standard","has-post-thumbnail","hentry","category-uncategorized-6","et-has-post-format-content","et_post_format-et-post-format-standard"],"yoast_head":"<!-- This site is optimized with the Yoast SEO plugin v27.4 - https:\/\/yoast.com\/product\/yoast-seo-wordpress\/ -->\n<title>Tribute to Camilo Jos\u00e9 Cela | Royal European Academy of Doctors<\/title>\n<meta name=\"description\" content=\"The RAED paid tribute to Camilo Jos\u00e9 Cela on the centenary of his birth with the academic session &quot;Centennial of a Nobel laureate: Camilo Jos\u00e9 Cela&quot;\" \/>\n<meta name=\"robots\" content=\"index, follow, max-snippet:-1, max-image-preview:large, max-video-preview:-1\" \/>\n<link rel=\"canonical\" href=\"https:\/\/raed.academy\/en\/cela-immortal\/\" \/>\n<meta property=\"og:locale\" content=\"en_US\" \/>\n<meta property=\"og:type\" content=\"article\" \/>\n<meta property=\"og:title\" content=\"Tribute to Camilo Jos\u00e9 Cela | Royal European Academy of Doctors\" \/>\n<meta property=\"og:description\" content=\"The RAED paid tribute to Camilo Jos\u00e9 Cela on the centenary of his birth with the academic session &quot;Centennial of a Nobel laureate: Camilo Jos\u00e9 Cela&quot;\" \/>\n<meta property=\"og:url\" content=\"https:\/\/raed.academy\/en\/cela-immortal\/\" \/>\n<meta property=\"og:site_name\" content=\"Royal European Academy of Doctors\" \/>\n<meta property=\"article:publisher\" content=\"http:\/\/fb.me\/raed.academy\" \/>\n<meta property=\"article:published_time\" content=\"2017-11-28T08:50:54+00:00\" \/>\n<meta property=\"article:modified_time\" content=\"2018-04-13T09:01:30+00:00\" \/>\n<meta property=\"og:image\" content=\"https:\/\/raed.academy\/wp-content\/uploads\/2017\/11\/Debate-Centenario-del-Premio-Nobel-Camilo-Jos\u00e9-Cela-dstNtc.jpg\" \/>\n\t<meta property=\"og:image:width\" content=\"900\" \/>\n\t<meta property=\"og:image:height\" content=\"357\" \/>\n\t<meta property=\"og:image:type\" content=\"image\/jpeg\" \/>\n<meta name=\"author\" content=\"RAED\" \/>\n<meta name=\"twitter:card\" content=\"summary_large_image\" \/>\n<meta name=\"twitter:creator\" content=\"@raedacademy\" \/>\n<meta name=\"twitter:site\" content=\"@raedacademy\" \/>\n<meta name=\"twitter:label1\" content=\"Written by\" \/>\n\t<meta name=\"twitter:data1\" content=\"RAED\" \/>\n\t<meta name=\"twitter:label2\" content=\"Est. reading time\" \/>\n\t<meta name=\"twitter:data2\" content=\"3 minutes\" \/>\n<script type=\"application\/ld+json\" class=\"yoast-schema-graph\">{\"@context\":\"https:\\\/\\\/schema.org\",\"@graph\":[{\"@type\":\"Article\",\"@id\":\"https:\\\/\\\/raed.academy\\\/en\\\/cela-immortal\\\/#article\",\"isPartOf\":{\"@id\":\"https:\\\/\\\/raed.academy\\\/en\\\/cela-immortal\\\/\"},\"author\":{\"name\":\"RAED\",\"@id\":\"https:\\\/\\\/raed.academy\\\/en\\\/#\\\/schema\\\/person\\\/5a755da80d1d979fd66ba745c8702927\"},\"headline\":\"Cela, immortal\",\"datePublished\":\"2017-11-28T08:50:54+00:00\",\"dateModified\":\"2018-04-13T09:01:30+00:00\",\"mainEntityOfPage\":{\"@id\":\"https:\\\/\\\/raed.academy\\\/en\\\/cela-immortal\\\/\"},\"wordCount\":672,\"publisher\":{\"@id\":\"https:\\\/\\\/raed.academy\\\/en\\\/#organization\"},\"image\":{\"@id\":\"https:\\\/\\\/raed.academy\\\/en\\\/cela-immortal\\\/#primaryimage\"},\"thumbnailUrl\":\"https:\\\/\\\/raed.academy\\\/wp-content\\\/uploads\\\/2017\\\/11\\\/Debate-Centenario-del-Premio-Nobel-Camilo-Jos\u00e9-Cela-dstNtc.jpg\",\"inLanguage\":\"en-US\"},{\"@type\":\"WebPage\",\"@id\":\"https:\\\/\\\/raed.academy\\\/en\\\/cela-immortal\\\/\",\"url\":\"https:\\\/\\\/raed.academy\\\/en\\\/cela-immortal\\\/\",\"name\":\"Tribute to Camilo Jos\u00e9 Cela | Royal European Academy of Doctors\",\"isPartOf\":{\"@id\":\"https:\\\/\\\/raed.academy\\\/en\\\/#website\"},\"primaryImageOfPage\":{\"@id\":\"https:\\\/\\\/raed.academy\\\/en\\\/cela-immortal\\\/#primaryimage\"},\"image\":{\"@id\":\"https:\\\/\\\/raed.academy\\\/en\\\/cela-immortal\\\/#primaryimage\"},\"thumbnailUrl\":\"https:\\\/\\\/raed.academy\\\/wp-content\\\/uploads\\\/2017\\\/11\\\/Debate-Centenario-del-Premio-Nobel-Camilo-Jos\u00e9-Cela-dstNtc.jpg\",\"datePublished\":\"2017-11-28T08:50:54+00:00\",\"dateModified\":\"2018-04-13T09:01:30+00:00\",\"description\":\"The RAED paid tribute to Camilo Jos\u00e9 Cela on the centenary of his birth with the academic session \\\"Centennial of a Nobel laureate: Camilo Jos\u00e9 Cela\\\"\",\"breadcrumb\":{\"@id\":\"https:\\\/\\\/raed.academy\\\/en\\\/cela-immortal\\\/#breadcrumb\"},\"inLanguage\":\"en-US\",\"potentialAction\":[{\"@type\":\"ReadAction\",\"target\":[\"https:\\\/\\\/raed.academy\\\/en\\\/cela-immortal\\\/\"]}]},{\"@type\":\"ImageObject\",\"inLanguage\":\"en-US\",\"@id\":\"https:\\\/\\\/raed.academy\\\/en\\\/cela-immortal\\\/#primaryimage\",\"url\":\"https:\\\/\\\/raed.academy\\\/wp-content\\\/uploads\\\/2017\\\/11\\\/Debate-Centenario-del-Premio-Nobel-Camilo-Jos\u00e9-Cela-dstNtc.jpg\",\"contentUrl\":\"https:\\\/\\\/raed.academy\\\/wp-content\\\/uploads\\\/2017\\\/11\\\/Debate-Centenario-del-Premio-Nobel-Camilo-Jos\u00e9-Cela-dstNtc.jpg\",\"width\":900,\"height\":357,\"caption\":\"4\u00aa Conferencia: Centenario de un Premio Nobel: Camilo Jos\u00e9 Cela\"},{\"@type\":\"BreadcrumbList\",\"@id\":\"https:\\\/\\\/raed.academy\\\/en\\\/cela-immortal\\\/#breadcrumb\",\"itemListElement\":[{\"@type\":\"ListItem\",\"position\":1,\"name\":\"Inicio\",\"item\":\"https:\\\/\\\/raed.academy\\\/en\\\/\"},{\"@type\":\"ListItem\",\"position\":2,\"name\":\"Cela, immortal\"}]},{\"@type\":\"WebSite\",\"@id\":\"https:\\\/\\\/raed.academy\\\/en\\\/#website\",\"url\":\"https:\\\/\\\/raed.academy\\\/en\\\/\",\"name\":\"Royal European Academy of Doctors\",\"description\":\"Corporaci\u00f3n de derecho p\u00fablico de car\u00e1cter cient\u00edfico, t\u00e9cnico y art\u00edstico, que tiene por objeto la investigaci\u00f3n, el estudio, el fomento y la extensi\u00f3n del conocimiento en su sentido m\u00e1s amplio.\",\"publisher\":{\"@id\":\"https:\\\/\\\/raed.academy\\\/en\\\/#organization\"},\"potentialAction\":[{\"@type\":\"SearchAction\",\"target\":{\"@type\":\"EntryPoint\",\"urlTemplate\":\"https:\\\/\\\/raed.academy\\\/en\\\/?s={search_term_string}\"},\"query-input\":{\"@type\":\"PropertyValueSpecification\",\"valueRequired\":true,\"valueName\":\"search_term_string\"}}],\"inLanguage\":\"en-US\"},{\"@type\":\"Organization\",\"@id\":\"https:\\\/\\\/raed.academy\\\/en\\\/#organization\",\"name\":\"Real Academia Europea de Doctores\",\"url\":\"https:\\\/\\\/raed.academy\\\/en\\\/\",\"logo\":{\"@type\":\"ImageObject\",\"inLanguage\":\"en-US\",\"@id\":\"https:\\\/\\\/raed.academy\\\/en\\\/#\\\/schema\\\/logo\\\/image\\\/\",\"url\":\"https:\\\/\\\/raed.academy\\\/wp-content\\\/uploads\\\/2017\\\/01\\\/cropped-logo_raed.png\",\"contentUrl\":\"https:\\\/\\\/raed.academy\\\/wp-content\\\/uploads\\\/2017\\\/01\\\/cropped-logo_raed.png\",\"width\":512,\"height\":512,\"caption\":\"Real Academia Europea de Doctores\"},\"image\":{\"@id\":\"https:\\\/\\\/raed.academy\\\/en\\\/#\\\/schema\\\/logo\\\/image\\\/\"},\"sameAs\":[\"http:\\\/\\\/fb.me\\\/raed.academy\",\"https:\\\/\\\/x.com\\\/raedacademy\",\"https:\\\/\\\/www.instagram.com\\\/raed.academy\\\/\",\"https:\\\/\\\/www.youtube.com\\\/channel\\\/UCUYQwW2KrdirNWihxMDObwg\"]},{\"@type\":\"Person\",\"@id\":\"https:\\\/\\\/raed.academy\\\/en\\\/#\\\/schema\\\/person\\\/5a755da80d1d979fd66ba745c8702927\",\"name\":\"RAED\",\"image\":{\"@type\":\"ImageObject\",\"inLanguage\":\"en-US\",\"@id\":\"https:\\\/\\\/secure.gravatar.com\\\/avatar\\\/19fdfdc0d67fb9c45714b703a2ac82251c4fcea3637f002ac3c9b74c0183583c?s=96&d=mm&r=g\",\"url\":\"https:\\\/\\\/secure.gravatar.com\\\/avatar\\\/19fdfdc0d67fb9c45714b703a2ac82251c4fcea3637f002ac3c9b74c0183583c?s=96&d=mm&r=g\",\"contentUrl\":\"https:\\\/\\\/secure.gravatar.com\\\/avatar\\\/19fdfdc0d67fb9c45714b703a2ac82251c4fcea3637f002ac3c9b74c0183583c?s=96&d=mm&r=g\",\"caption\":\"RAED\"}}]}<\/script>\n<!-- \/ Yoast SEO plugin. -->","yoast_head_json":{"title":"Tribute to Camilo Jos\u00e9 Cela | Royal European Academy of Doctors","description":"The RAED paid tribute to Camilo Jos\u00e9 Cela on the centenary of his birth with the academic session \"Centennial of a Nobel laureate: Camilo Jos\u00e9 Cela\"","robots":{"index":"index","follow":"follow","max-snippet":"max-snippet:-1","max-image-preview":"max-image-preview:large","max-video-preview":"max-video-preview:-1"},"canonical":"https:\/\/raed.academy\/en\/cela-immortal\/","og_locale":"en_US","og_type":"article","og_title":"Tribute to Camilo Jos\u00e9 Cela | Royal European Academy of Doctors","og_description":"The RAED paid tribute to Camilo Jos\u00e9 Cela on the centenary of his birth with the academic session \"Centennial of a Nobel laureate: Camilo Jos\u00e9 Cela\"","og_url":"https:\/\/raed.academy\/en\/cela-immortal\/","og_site_name":"Royal European Academy of Doctors","article_publisher":"http:\/\/fb.me\/raed.academy","article_published_time":"2017-11-28T08:50:54+00:00","article_modified_time":"2018-04-13T09:01:30+00:00","og_image":[{"width":900,"height":357,"url":"https:\/\/raed.academy\/wp-content\/uploads\/2017\/11\/Debate-Centenario-del-Premio-Nobel-Camilo-Jos\u00e9-Cela-dstNtc.jpg","type":"image\/jpeg"}],"author":"RAED","twitter_card":"summary_large_image","twitter_creator":"@raedacademy","twitter_site":"@raedacademy","twitter_misc":{"Written by":"RAED","Est. reading time":"3 minutes"},"schema":{"@context":"https:\/\/schema.org","@graph":[{"@type":"Article","@id":"https:\/\/raed.academy\/en\/cela-immortal\/#article","isPartOf":{"@id":"https:\/\/raed.academy\/en\/cela-immortal\/"},"author":{"name":"RAED","@id":"https:\/\/raed.academy\/en\/#\/schema\/person\/5a755da80d1d979fd66ba745c8702927"},"headline":"Cela, immortal","datePublished":"2017-11-28T08:50:54+00:00","dateModified":"2018-04-13T09:01:30+00:00","mainEntityOfPage":{"@id":"https:\/\/raed.academy\/en\/cela-immortal\/"},"wordCount":672,"publisher":{"@id":"https:\/\/raed.academy\/en\/#organization"},"image":{"@id":"https:\/\/raed.academy\/en\/cela-immortal\/#primaryimage"},"thumbnailUrl":"https:\/\/raed.academy\/wp-content\/uploads\/2017\/11\/Debate-Centenario-del-Premio-Nobel-Camilo-Jos\u00e9-Cela-dstNtc.jpg","inLanguage":"en-US"},{"@type":"WebPage","@id":"https:\/\/raed.academy\/en\/cela-immortal\/","url":"https:\/\/raed.academy\/en\/cela-immortal\/","name":"Tribute to Camilo Jos\u00e9 Cela | Royal European Academy of Doctors","isPartOf":{"@id":"https:\/\/raed.academy\/en\/#website"},"primaryImageOfPage":{"@id":"https:\/\/raed.academy\/en\/cela-immortal\/#primaryimage"},"image":{"@id":"https:\/\/raed.academy\/en\/cela-immortal\/#primaryimage"},"thumbnailUrl":"https:\/\/raed.academy\/wp-content\/uploads\/2017\/11\/Debate-Centenario-del-Premio-Nobel-Camilo-Jos\u00e9-Cela-dstNtc.jpg","datePublished":"2017-11-28T08:50:54+00:00","dateModified":"2018-04-13T09:01:30+00:00","description":"The RAED paid tribute to Camilo Jos\u00e9 Cela on the centenary of his birth with the academic session \"Centennial of a Nobel laureate: Camilo Jos\u00e9 Cela\"","breadcrumb":{"@id":"https:\/\/raed.academy\/en\/cela-immortal\/#breadcrumb"},"inLanguage":"en-US","potentialAction":[{"@type":"ReadAction","target":["https:\/\/raed.academy\/en\/cela-immortal\/"]}]},{"@type":"ImageObject","inLanguage":"en-US","@id":"https:\/\/raed.academy\/en\/cela-immortal\/#primaryimage","url":"https:\/\/raed.academy\/wp-content\/uploads\/2017\/11\/Debate-Centenario-del-Premio-Nobel-Camilo-Jos\u00e9-Cela-dstNtc.jpg","contentUrl":"https:\/\/raed.academy\/wp-content\/uploads\/2017\/11\/Debate-Centenario-del-Premio-Nobel-Camilo-Jos\u00e9-Cela-dstNtc.jpg","width":900,"height":357,"caption":"4\u00aa Conferencia: Centenario de un Premio Nobel: Camilo Jos\u00e9 Cela"},{"@type":"BreadcrumbList","@id":"https:\/\/raed.academy\/en\/cela-immortal\/#breadcrumb","itemListElement":[{"@type":"ListItem","position":1,"name":"Inicio","item":"https:\/\/raed.academy\/en\/"},{"@type":"ListItem","position":2,"name":"Cela, immortal"}]},{"@type":"WebSite","@id":"https:\/\/raed.academy\/en\/#website","url":"https:\/\/raed.academy\/en\/","name":"Royal European Academy of Doctors","description":"Corporaci\u00f3n de derecho p\u00fablico de car\u00e1cter cient\u00edfico, t\u00e9cnico y art\u00edstico, que tiene por objeto la investigaci\u00f3n, el estudio, el fomento y la extensi\u00f3n del conocimiento en su sentido m\u00e1s amplio.","publisher":{"@id":"https:\/\/raed.academy\/en\/#organization"},"potentialAction":[{"@type":"SearchAction","target":{"@type":"EntryPoint","urlTemplate":"https:\/\/raed.academy\/en\/?s={search_term_string}"},"query-input":{"@type":"PropertyValueSpecification","valueRequired":true,"valueName":"search_term_string"}}],"inLanguage":"en-US"},{"@type":"Organization","@id":"https:\/\/raed.academy\/en\/#organization","name":"Real Academia Europea de Doctores","url":"https:\/\/raed.academy\/en\/","logo":{"@type":"ImageObject","inLanguage":"en-US","@id":"https:\/\/raed.academy\/en\/#\/schema\/logo\/image\/","url":"https:\/\/raed.academy\/wp-content\/uploads\/2017\/01\/cropped-logo_raed.png","contentUrl":"https:\/\/raed.academy\/wp-content\/uploads\/2017\/01\/cropped-logo_raed.png","width":512,"height":512,"caption":"Real Academia Europea de Doctores"},"image":{"@id":"https:\/\/raed.academy\/en\/#\/schema\/logo\/image\/"},"sameAs":["http:\/\/fb.me\/raed.academy","https:\/\/x.com\/raedacademy","https:\/\/www.instagram.com\/raed.academy\/","https:\/\/www.youtube.com\/channel\/UCUYQwW2KrdirNWihxMDObwg"]},{"@type":"Person","@id":"https:\/\/raed.academy\/en\/#\/schema\/person\/5a755da80d1d979fd66ba745c8702927","name":"RAED","image":{"@type":"ImageObject","inLanguage":"en-US","@id":"https:\/\/secure.gravatar.com\/avatar\/19fdfdc0d67fb9c45714b703a2ac82251c4fcea3637f002ac3c9b74c0183583c?s=96&d=mm&r=g","url":"https:\/\/secure.gravatar.com\/avatar\/19fdfdc0d67fb9c45714b703a2ac82251c4fcea3637f002ac3c9b74c0183583c?s=96&d=mm&r=g","contentUrl":"https:\/\/secure.gravatar.com\/avatar\/19fdfdc0d67fb9c45714b703a2ac82251c4fcea3637f002ac3c9b74c0183583c?s=96&d=mm&r=g","caption":"RAED"}}]}},"_links":{"self":[{"href":"https:\/\/raed.academy\/en\/wp-json\/wp\/v2\/posts\/38287","targetHints":{"allow":["GET"]}}],"collection":[{"href":"https:\/\/raed.academy\/en\/wp-json\/wp\/v2\/posts"}],"about":[{"href":"https:\/\/raed.academy\/en\/wp-json\/wp\/v2\/types\/post"}],"author":[{"embeddable":true,"href":"https:\/\/raed.academy\/en\/wp-json\/wp\/v2\/users\/12"}],"replies":[{"embeddable":true,"href":"https:\/\/raed.academy\/en\/wp-json\/wp\/v2\/comments?post=38287"}],"version-history":[{"count":0,"href":"https:\/\/raed.academy\/en\/wp-json\/wp\/v2\/posts\/38287\/revisions"}],"wp:featuredmedia":[{"embeddable":true,"href":"https:\/\/raed.academy\/en\/wp-json\/wp\/v2\/media\/38114"}],"wp:attachment":[{"href":"https:\/\/raed.academy\/en\/wp-json\/wp\/v2\/media?parent=38287"}],"wp:term":[{"taxonomy":"category","embeddable":true,"href":"https:\/\/raed.academy\/en\/wp-json\/wp\/v2\/categories?post=38287"},{"taxonomy":"post_tag","embeddable":true,"href":"https:\/\/raed.academy\/en\/wp-json\/wp\/v2\/tags?post=38287"}],"curies":[{"name":"wp","href":"https:\/\/api.w.org\/{rel}","templated":true}]}}