{"id":36135,"date":"2017-10-17T08:42:54","date_gmt":"2017-10-17T08:42:54","guid":{"rendered":"http:\/\/raed.academy\/?p=36135"},"modified":"2017-10-23T16:27:49","modified_gmt":"2017-10-23T16:27:49","slug":"the-false-myths-of-food","status":"publish","type":"post","link":"https:\/\/raed.academy\/en\/the-false-myths-of-food\/","title":{"rendered":"We are what we eat"},"content":{"rendered":"<p><img loading=\"lazy\" decoding=\"async\" class=\"alignleft wp-image-36050 size-medium\" src=\"http:\/\/raed.academy\/wp-content\/uploads\/2017\/10\/un-viatge-per-lenopaisatge-Josep-Bujan-470px-300x300.jpg\" alt=\"Portrait of the book &quot;Un gastroviatge per l'enopaisatge&quot;, by Josep Bujan\" width=\"300\" height=\"300\" srcset=\"https:\/\/raed.academy\/wp-content\/uploads\/2017\/10\/un-viatge-per-lenopaisatge-Josep-Bujan-470px-300x300.jpg 300w, https:\/\/raed.academy\/wp-content\/uploads\/2017\/10\/un-viatge-per-lenopaisatge-Josep-Bujan-470px-150x150.jpg 150w, https:\/\/raed.academy\/wp-content\/uploads\/2017\/10\/un-viatge-per-lenopaisatge-Josep-Bujan-470px-440x440.jpg 440w, https:\/\/raed.academy\/wp-content\/uploads\/2017\/10\/un-viatge-per-lenopaisatge-Josep-Bujan-470px.jpg 470w\" sizes=\"(max-width: 300px) 100vw, 300px\" \/>The <a href=\"http:\/\/www.acgn.cat\" target=\"_blank\" rel=\"noopener\"><strong>Catalan Academy of Gastronomy and Nutrition<\/strong><\/a> will open the Interacademic Course held by all the Catalan academies attached to the Interacademic Council of Catalonia with an event where their members <strong>Montse Folch<\/strong> and <strong>Josep Bujan<\/strong> will deliver the lectures <strong>&#8220;Els falsos mites dels aliments&#8221;<\/strong> (The false myths of food) and <strong>&#8220;Un gastroviatge per l&#8217;enopaisatge&#8221;<\/strong> (A gastronomic trip for wine landscape), respectively. The session will be held on October 23, at 7:00 pm, at the headquarters of the <a href=\"http:\/\/www.iec.cat\" target=\"_blank\" rel=\"noopener\"><strong>Institute of Catalan Studies<\/strong><\/a> (IEC), in Barcelona. The act responds to the proposal of the IEC, which at the opening of the previous course proposed to the academies to reflect on the importance of food in today&#8217;s society from the various fields of knowledge.<\/p>\n<p><img loading=\"lazy\" decoding=\"async\" class=\"alignright wp-image-36298 size-full\" src=\"http:\/\/raed.academy\/wp-content\/uploads\/2017\/10\/els-falsos-mites-dels-aliments.png\" alt=\"Els falsos mites dels aliments  (The false myths of food)\" width=\"548\" height=\"320\" srcset=\"https:\/\/raed.academy\/wp-content\/uploads\/2017\/10\/els-falsos-mites-dels-aliments.png 548w, https:\/\/raed.academy\/wp-content\/uploads\/2017\/10\/els-falsos-mites-dels-aliments-300x175.png 300w\" sizes=\"(max-width: 548px) 100vw, 548px\" \/>The participation of the <strong>Royal European Academy of Doctors-Barcelona 1914<\/strong> (RAED) in this Interacademic Course will take place next February 2018, when the Health Sciences Section will address the issue in a session titled <strong>&#8220;New foods, probiotics and prebiotics&#8221;<\/strong>. Details of the event will be announced over the coming weeks.<\/p>\n<p>The Interacademic Council was born in 1991 promoted by the Governmentt of Catalonia as an area of \u200b\u200bshared reflection, participation and debate to consolidate itself as a model with its own personality and vocation of service, according to its founding principles.<\/p>\n","protected":false},"excerpt":{"rendered":"<p>The Catalan Academy of Gastronomy and Nutrition will open the Interacademic Course held by all the Catalan academies attached to the Interacademic Council of Catalonia with an event where their members Montse Folch and Josep Bujan will deliver the lectures &#8220;Els falsos mites dels aliments&#8221; (The false myths of food) and &#8220;Un gastroviatge per l&#8217;enopaisatge&#8221; [&hellip;]<\/p>\n","protected":false},"author":12,"featured_media":52715,"comment_status":"closed","ping_status":"closed","sticky":false,"template":"","format":"standard","meta":{"_et_pb_use_builder":"","_et_pb_old_content":"","_et_gb_content_width":"","footnotes":""},"categories":[236],"tags":[],"class_list":["post-36135","post","type-post","status-publish","format-standard","has-post-thumbnail","hentry","category-food-and-nutrition","et-has-post-format-content","et_post_format-et-post-format-standard"],"yoast_head":"<!-- This site is optimized with the Yoast SEO plugin v27.4 - https:\/\/yoast.com\/product\/yoast-seo-wordpress\/ -->\n<title>The false myths of food | Royal European Academy of Doctors<\/title>\n<meta name=\"description\" content=\"Montse Folch and Josep Bujan will deliver the lectures &quot;The false myths of food&quot; and &quot;A gastronomic trip for wine landscape&quot;\" \/>\n<meta name=\"robots\" content=\"index, follow, max-snippet:-1, max-image-preview:large, max-video-preview:-1\" \/>\n<link rel=\"canonical\" href=\"https:\/\/raed.academy\/en\/the-false-myths-of-food\/\" \/>\n<meta property=\"og:locale\" content=\"en_US\" \/>\n<meta property=\"og:type\" content=\"article\" \/>\n<meta property=\"og:title\" content=\"The false myths of food | Royal European Academy of Doctors\" \/>\n<meta property=\"og:description\" content=\"Montse Folch and Josep Bujan will deliver the lectures &quot;The false myths of food&quot; and &quot;A gastronomic trip for wine landscape&quot;\" \/>\n<meta property=\"og:url\" content=\"https:\/\/raed.academy\/en\/the-false-myths-of-food\/\" \/>\n<meta property=\"og:site_name\" content=\"Royal European Academy of Doctors\" \/>\n<meta property=\"article:publisher\" content=\"http:\/\/fb.me\/raed.academy\" \/>\n<meta property=\"article:published_time\" content=\"2017-10-17T08:42:54+00:00\" \/>\n<meta property=\"article:modified_time\" content=\"2017-10-23T16:27:49+00:00\" \/>\n<meta property=\"og:image\" content=\"https:\/\/raed.academy\/wp-content\/uploads\/2017\/10\/falsos-mitos-de-alimentos-CC0-no-atrib-dstNtc.jpg\" \/>\n\t<meta property=\"og:image:width\" content=\"850\" \/>\n\t<meta property=\"og:image:height\" content=\"320\" \/>\n\t<meta property=\"og:image:type\" content=\"image\/jpeg\" \/>\n<meta name=\"author\" content=\"RAED\" \/>\n<meta name=\"twitter:card\" content=\"summary_large_image\" \/>\n<meta name=\"twitter:creator\" content=\"@raedacademy\" \/>\n<meta name=\"twitter:site\" content=\"@raedacademy\" \/>\n<meta name=\"twitter:label1\" content=\"Written by\" \/>\n\t<meta name=\"twitter:data1\" content=\"RAED\" \/>\n\t<meta name=\"twitter:label2\" content=\"Est. reading time\" \/>\n\t<meta name=\"twitter:data2\" content=\"1 minute\" \/>\n<script type=\"application\/ld+json\" class=\"yoast-schema-graph\">{\"@context\":\"https:\\\/\\\/schema.org\",\"@graph\":[{\"@type\":\"Article\",\"@id\":\"https:\\\/\\\/raed.academy\\\/en\\\/the-false-myths-of-food\\\/#article\",\"isPartOf\":{\"@id\":\"https:\\\/\\\/raed.academy\\\/en\\\/the-false-myths-of-food\\\/\"},\"author\":{\"name\":\"RAED\",\"@id\":\"https:\\\/\\\/raed.academy\\\/en\\\/#\\\/schema\\\/person\\\/5a755da80d1d979fd66ba745c8702927\"},\"headline\":\"We are what we eat\",\"datePublished\":\"2017-10-17T08:42:54+00:00\",\"dateModified\":\"2017-10-23T16:27:49+00:00\",\"mainEntityOfPage\":{\"@id\":\"https:\\\/\\\/raed.academy\\\/en\\\/the-false-myths-of-food\\\/\"},\"wordCount\":215,\"publisher\":{\"@id\":\"https:\\\/\\\/raed.academy\\\/en\\\/#organization\"},\"image\":{\"@id\":\"https:\\\/\\\/raed.academy\\\/en\\\/the-false-myths-of-food\\\/#primaryimage\"},\"thumbnailUrl\":\"https:\\\/\\\/raed.academy\\\/wp-content\\\/uploads\\\/2017\\\/10\\\/falsos-mitos-de-alimentos-CC0-no-atrib-dstNtc.jpg\",\"articleSection\":[\"Food and nutrition\"],\"inLanguage\":\"en-US\"},{\"@type\":\"WebPage\",\"@id\":\"https:\\\/\\\/raed.academy\\\/en\\\/the-false-myths-of-food\\\/\",\"url\":\"https:\\\/\\\/raed.academy\\\/en\\\/the-false-myths-of-food\\\/\",\"name\":\"The false myths of food | Royal European Academy of Doctors\",\"isPartOf\":{\"@id\":\"https:\\\/\\\/raed.academy\\\/en\\\/#website\"},\"primaryImageOfPage\":{\"@id\":\"https:\\\/\\\/raed.academy\\\/en\\\/the-false-myths-of-food\\\/#primaryimage\"},\"image\":{\"@id\":\"https:\\\/\\\/raed.academy\\\/en\\\/the-false-myths-of-food\\\/#primaryimage\"},\"thumbnailUrl\":\"https:\\\/\\\/raed.academy\\\/wp-content\\\/uploads\\\/2017\\\/10\\\/falsos-mitos-de-alimentos-CC0-no-atrib-dstNtc.jpg\",\"datePublished\":\"2017-10-17T08:42:54+00:00\",\"dateModified\":\"2017-10-23T16:27:49+00:00\",\"description\":\"Montse Folch and Josep Bujan will deliver the lectures \\\"The false myths of food\\\" and \\\"A gastronomic trip for wine landscape\\\"\",\"breadcrumb\":{\"@id\":\"https:\\\/\\\/raed.academy\\\/en\\\/the-false-myths-of-food\\\/#breadcrumb\"},\"inLanguage\":\"en-US\",\"potentialAction\":[{\"@type\":\"ReadAction\",\"target\":[\"https:\\\/\\\/raed.academy\\\/en\\\/the-false-myths-of-food\\\/\"]}]},{\"@type\":\"ImageObject\",\"inLanguage\":\"en-US\",\"@id\":\"https:\\\/\\\/raed.academy\\\/en\\\/the-false-myths-of-food\\\/#primaryimage\",\"url\":\"https:\\\/\\\/raed.academy\\\/wp-content\\\/uploads\\\/2017\\\/10\\\/falsos-mitos-de-alimentos-CC0-no-atrib-dstNtc.jpg\",\"contentUrl\":\"https:\\\/\\\/raed.academy\\\/wp-content\\\/uploads\\\/2017\\\/10\\\/falsos-mitos-de-alimentos-CC0-no-atrib-dstNtc.jpg\",\"width\":850,\"height\":320},{\"@type\":\"BreadcrumbList\",\"@id\":\"https:\\\/\\\/raed.academy\\\/en\\\/the-false-myths-of-food\\\/#breadcrumb\",\"itemListElement\":[{\"@type\":\"ListItem\",\"position\":1,\"name\":\"Inicio\",\"item\":\"https:\\\/\\\/raed.academy\\\/en\\\/\"},{\"@type\":\"ListItem\",\"position\":2,\"name\":\"We are what we eat\"}]},{\"@type\":\"WebSite\",\"@id\":\"https:\\\/\\\/raed.academy\\\/en\\\/#website\",\"url\":\"https:\\\/\\\/raed.academy\\\/en\\\/\",\"name\":\"Royal European Academy of Doctors\",\"description\":\"Corporaci\u00f3n de derecho p\u00fablico de car\u00e1cter cient\u00edfico, t\u00e9cnico y art\u00edstico, que tiene por objeto la investigaci\u00f3n, el estudio, el fomento y la extensi\u00f3n del conocimiento en su sentido m\u00e1s amplio.\",\"publisher\":{\"@id\":\"https:\\\/\\\/raed.academy\\\/en\\\/#organization\"},\"potentialAction\":[{\"@type\":\"SearchAction\",\"target\":{\"@type\":\"EntryPoint\",\"urlTemplate\":\"https:\\\/\\\/raed.academy\\\/en\\\/?s={search_term_string}\"},\"query-input\":{\"@type\":\"PropertyValueSpecification\",\"valueRequired\":true,\"valueName\":\"search_term_string\"}}],\"inLanguage\":\"en-US\"},{\"@type\":\"Organization\",\"@id\":\"https:\\\/\\\/raed.academy\\\/en\\\/#organization\",\"name\":\"Real Academia Europea de Doctores\",\"url\":\"https:\\\/\\\/raed.academy\\\/en\\\/\",\"logo\":{\"@type\":\"ImageObject\",\"inLanguage\":\"en-US\",\"@id\":\"https:\\\/\\\/raed.academy\\\/en\\\/#\\\/schema\\\/logo\\\/image\\\/\",\"url\":\"https:\\\/\\\/raed.academy\\\/wp-content\\\/uploads\\\/2017\\\/01\\\/cropped-logo_raed.png\",\"contentUrl\":\"https:\\\/\\\/raed.academy\\\/wp-content\\\/uploads\\\/2017\\\/01\\\/cropped-logo_raed.png\",\"width\":512,\"height\":512,\"caption\":\"Real Academia Europea de Doctores\"},\"image\":{\"@id\":\"https:\\\/\\\/raed.academy\\\/en\\\/#\\\/schema\\\/logo\\\/image\\\/\"},\"sameAs\":[\"http:\\\/\\\/fb.me\\\/raed.academy\",\"https:\\\/\\\/x.com\\\/raedacademy\",\"https:\\\/\\\/www.instagram.com\\\/raed.academy\\\/\",\"https:\\\/\\\/www.youtube.com\\\/channel\\\/UCUYQwW2KrdirNWihxMDObwg\"]},{\"@type\":\"Person\",\"@id\":\"https:\\\/\\\/raed.academy\\\/en\\\/#\\\/schema\\\/person\\\/5a755da80d1d979fd66ba745c8702927\",\"name\":\"RAED\",\"image\":{\"@type\":\"ImageObject\",\"inLanguage\":\"en-US\",\"@id\":\"https:\\\/\\\/secure.gravatar.com\\\/avatar\\\/19fdfdc0d67fb9c45714b703a2ac82251c4fcea3637f002ac3c9b74c0183583c?s=96&d=mm&r=g\",\"url\":\"https:\\\/\\\/secure.gravatar.com\\\/avatar\\\/19fdfdc0d67fb9c45714b703a2ac82251c4fcea3637f002ac3c9b74c0183583c?s=96&d=mm&r=g\",\"contentUrl\":\"https:\\\/\\\/secure.gravatar.com\\\/avatar\\\/19fdfdc0d67fb9c45714b703a2ac82251c4fcea3637f002ac3c9b74c0183583c?s=96&d=mm&r=g\",\"caption\":\"RAED\"}}]}<\/script>\n<!-- \/ Yoast SEO plugin. -->","yoast_head_json":{"title":"The false myths of food | Royal European Academy of Doctors","description":"Montse Folch and Josep Bujan will deliver the lectures \"The false myths of food\" and \"A gastronomic trip for wine landscape\"","robots":{"index":"index","follow":"follow","max-snippet":"max-snippet:-1","max-image-preview":"max-image-preview:large","max-video-preview":"max-video-preview:-1"},"canonical":"https:\/\/raed.academy\/en\/the-false-myths-of-food\/","og_locale":"en_US","og_type":"article","og_title":"The false myths of food | Royal European Academy of Doctors","og_description":"Montse Folch and Josep Bujan will deliver the lectures \"The false myths of food\" and \"A gastronomic trip for wine landscape\"","og_url":"https:\/\/raed.academy\/en\/the-false-myths-of-food\/","og_site_name":"Royal European Academy of Doctors","article_publisher":"http:\/\/fb.me\/raed.academy","article_published_time":"2017-10-17T08:42:54+00:00","article_modified_time":"2017-10-23T16:27:49+00:00","og_image":[{"width":850,"height":320,"url":"https:\/\/raed.academy\/wp-content\/uploads\/2017\/10\/falsos-mitos-de-alimentos-CC0-no-atrib-dstNtc.jpg","type":"image\/jpeg"}],"author":"RAED","twitter_card":"summary_large_image","twitter_creator":"@raedacademy","twitter_site":"@raedacademy","twitter_misc":{"Written by":"RAED","Est. reading time":"1 minute"},"schema":{"@context":"https:\/\/schema.org","@graph":[{"@type":"Article","@id":"https:\/\/raed.academy\/en\/the-false-myths-of-food\/#article","isPartOf":{"@id":"https:\/\/raed.academy\/en\/the-false-myths-of-food\/"},"author":{"name":"RAED","@id":"https:\/\/raed.academy\/en\/#\/schema\/person\/5a755da80d1d979fd66ba745c8702927"},"headline":"We are what we eat","datePublished":"2017-10-17T08:42:54+00:00","dateModified":"2017-10-23T16:27:49+00:00","mainEntityOfPage":{"@id":"https:\/\/raed.academy\/en\/the-false-myths-of-food\/"},"wordCount":215,"publisher":{"@id":"https:\/\/raed.academy\/en\/#organization"},"image":{"@id":"https:\/\/raed.academy\/en\/the-false-myths-of-food\/#primaryimage"},"thumbnailUrl":"https:\/\/raed.academy\/wp-content\/uploads\/2017\/10\/falsos-mitos-de-alimentos-CC0-no-atrib-dstNtc.jpg","articleSection":["Food and nutrition"],"inLanguage":"en-US"},{"@type":"WebPage","@id":"https:\/\/raed.academy\/en\/the-false-myths-of-food\/","url":"https:\/\/raed.academy\/en\/the-false-myths-of-food\/","name":"The false myths of food | Royal European Academy of Doctors","isPartOf":{"@id":"https:\/\/raed.academy\/en\/#website"},"primaryImageOfPage":{"@id":"https:\/\/raed.academy\/en\/the-false-myths-of-food\/#primaryimage"},"image":{"@id":"https:\/\/raed.academy\/en\/the-false-myths-of-food\/#primaryimage"},"thumbnailUrl":"https:\/\/raed.academy\/wp-content\/uploads\/2017\/10\/falsos-mitos-de-alimentos-CC0-no-atrib-dstNtc.jpg","datePublished":"2017-10-17T08:42:54+00:00","dateModified":"2017-10-23T16:27:49+00:00","description":"Montse Folch and Josep Bujan will deliver the lectures \"The false myths of food\" and \"A gastronomic trip for wine landscape\"","breadcrumb":{"@id":"https:\/\/raed.academy\/en\/the-false-myths-of-food\/#breadcrumb"},"inLanguage":"en-US","potentialAction":[{"@type":"ReadAction","target":["https:\/\/raed.academy\/en\/the-false-myths-of-food\/"]}]},{"@type":"ImageObject","inLanguage":"en-US","@id":"https:\/\/raed.academy\/en\/the-false-myths-of-food\/#primaryimage","url":"https:\/\/raed.academy\/wp-content\/uploads\/2017\/10\/falsos-mitos-de-alimentos-CC0-no-atrib-dstNtc.jpg","contentUrl":"https:\/\/raed.academy\/wp-content\/uploads\/2017\/10\/falsos-mitos-de-alimentos-CC0-no-atrib-dstNtc.jpg","width":850,"height":320},{"@type":"BreadcrumbList","@id":"https:\/\/raed.academy\/en\/the-false-myths-of-food\/#breadcrumb","itemListElement":[{"@type":"ListItem","position":1,"name":"Inicio","item":"https:\/\/raed.academy\/en\/"},{"@type":"ListItem","position":2,"name":"We are what we eat"}]},{"@type":"WebSite","@id":"https:\/\/raed.academy\/en\/#website","url":"https:\/\/raed.academy\/en\/","name":"Royal European Academy of Doctors","description":"Corporaci\u00f3n de derecho p\u00fablico de car\u00e1cter cient\u00edfico, t\u00e9cnico y art\u00edstico, que tiene por objeto la investigaci\u00f3n, el estudio, el fomento y la extensi\u00f3n del conocimiento en su sentido m\u00e1s amplio.","publisher":{"@id":"https:\/\/raed.academy\/en\/#organization"},"potentialAction":[{"@type":"SearchAction","target":{"@type":"EntryPoint","urlTemplate":"https:\/\/raed.academy\/en\/?s={search_term_string}"},"query-input":{"@type":"PropertyValueSpecification","valueRequired":true,"valueName":"search_term_string"}}],"inLanguage":"en-US"},{"@type":"Organization","@id":"https:\/\/raed.academy\/en\/#organization","name":"Real Academia Europea de Doctores","url":"https:\/\/raed.academy\/en\/","logo":{"@type":"ImageObject","inLanguage":"en-US","@id":"https:\/\/raed.academy\/en\/#\/schema\/logo\/image\/","url":"https:\/\/raed.academy\/wp-content\/uploads\/2017\/01\/cropped-logo_raed.png","contentUrl":"https:\/\/raed.academy\/wp-content\/uploads\/2017\/01\/cropped-logo_raed.png","width":512,"height":512,"caption":"Real Academia Europea de Doctores"},"image":{"@id":"https:\/\/raed.academy\/en\/#\/schema\/logo\/image\/"},"sameAs":["http:\/\/fb.me\/raed.academy","https:\/\/x.com\/raedacademy","https:\/\/www.instagram.com\/raed.academy\/","https:\/\/www.youtube.com\/channel\/UCUYQwW2KrdirNWihxMDObwg"]},{"@type":"Person","@id":"https:\/\/raed.academy\/en\/#\/schema\/person\/5a755da80d1d979fd66ba745c8702927","name":"RAED","image":{"@type":"ImageObject","inLanguage":"en-US","@id":"https:\/\/secure.gravatar.com\/avatar\/19fdfdc0d67fb9c45714b703a2ac82251c4fcea3637f002ac3c9b74c0183583c?s=96&d=mm&r=g","url":"https:\/\/secure.gravatar.com\/avatar\/19fdfdc0d67fb9c45714b703a2ac82251c4fcea3637f002ac3c9b74c0183583c?s=96&d=mm&r=g","contentUrl":"https:\/\/secure.gravatar.com\/avatar\/19fdfdc0d67fb9c45714b703a2ac82251c4fcea3637f002ac3c9b74c0183583c?s=96&d=mm&r=g","caption":"RAED"}}]}},"_links":{"self":[{"href":"https:\/\/raed.academy\/en\/wp-json\/wp\/v2\/posts\/36135","targetHints":{"allow":["GET"]}}],"collection":[{"href":"https:\/\/raed.academy\/en\/wp-json\/wp\/v2\/posts"}],"about":[{"href":"https:\/\/raed.academy\/en\/wp-json\/wp\/v2\/types\/post"}],"author":[{"embeddable":true,"href":"https:\/\/raed.academy\/en\/wp-json\/wp\/v2\/users\/12"}],"replies":[{"embeddable":true,"href":"https:\/\/raed.academy\/en\/wp-json\/wp\/v2\/comments?post=36135"}],"version-history":[{"count":0,"href":"https:\/\/raed.academy\/en\/wp-json\/wp\/v2\/posts\/36135\/revisions"}],"wp:featuredmedia":[{"embeddable":true,"href":"https:\/\/raed.academy\/en\/wp-json\/wp\/v2\/media\/52715"}],"wp:attachment":[{"href":"https:\/\/raed.academy\/en\/wp-json\/wp\/v2\/media?parent=36135"}],"wp:term":[{"taxonomy":"category","embeddable":true,"href":"https:\/\/raed.academy\/en\/wp-json\/wp\/v2\/categories?post=36135"},{"taxonomy":"post_tag","embeddable":true,"href":"https:\/\/raed.academy\/en\/wp-json\/wp\/v2\/tags?post=36135"}],"curies":[{"name":"wp","href":"https:\/\/api.w.org\/{rel}","templated":true}]}}