{"id":34689,"date":"2017-09-15T08:09:39","date_gmt":"2017-09-15T08:09:39","guid":{"rendered":"http:\/\/raed.academy\/?p=34689"},"modified":"2017-09-21T17:41:49","modified_gmt":"2017-09-21T17:41:49","slug":"lluis-vicent-calls-to-promote-the-role-of-the-trainer-as-guarantor-of-coexistence","status":"publish","type":"post","link":"https:\/\/raed.academy\/en\/lluis-vicent-calls-to-promote-the-role-of-the-trainer-as-guarantor-of-coexistence\/","title":{"rendered":"Llu\u00eds Vicent calls to promote the role of the trainer as guarantor of coexistence"},"content":{"rendered":"<div id=\"attachment_34741\" style=\"width: 310px\" class=\"wp-caption alignright\"><img loading=\"lazy\" decoding=\"async\" aria-describedby=\"caption-attachment-34741\" class=\"wp-image-34741 size-medium\" src=\"http:\/\/raed.academy\/wp-content\/uploads\/2017\/09\/lluis-vicent-safont-300x228.jpg\" alt=\"Llu\u00eds Vicent Safont calls to promote the role of the trainer as guarantor of coexistence\" width=\"300\" height=\"228\" srcset=\"https:\/\/raed.academy\/wp-content\/uploads\/2017\/09\/lluis-vicent-safont-300x228.jpg 300w, https:\/\/raed.academy\/wp-content\/uploads\/2017\/09\/lluis-vicent-safont.jpg 450w\" sizes=\"(max-width: 300px) 100vw, 300px\" \/><p id=\"caption-attachment-34741\" class=\"wp-caption-text\">Dr. Llu\u00eds Vicent Safont<\/p><\/div>\n<p><a href=\"http:\/\/raed.academy\/en\/academicians\/dr-lluis-vicent-safont\/\" target=\"_blank\" rel=\"noopener\"><strong>Llu\u00eds Vicent<\/strong><\/a>, rector of the <a href=\"http:\/\/www.uols.org\" target=\"_blank\" rel=\"noopener\"><strong>Open University La Salle<\/strong><\/a> in Andorra and corresponding academician of the <strong>Royal European Academy of Doctors-Barcelona 1914<\/strong> (RAED), urges in an article published by the <strong>Diari d&#8217;Andorra<\/strong> to strengthen the figure of the trainer as a great guarantor of the coexistence and the respect to the neighbor and the laws in an increasingly diverse and atomized society. &#8220;If we are not aware of the impact that the different formators have on society, we will continue to have societies where everything will be possible, including the extremes we have just seen&#8221;, he said in connection with the recent Islamist attacks in Barcelona and Cambrils.<\/p>\n<p>Vicent exemplifies the path to national reconciliation that Colombia has taken, with the formation of a new society outside the violence created from the classrooms. &#8220;In life we \u200b\u200bwill have to live with many people different from us, from different cultural levels, intellectuals or simply different cultures and customs. Knowing them is fundamental for personal success and society&#8221;, he concludes.<\/p>\n","protected":false},"excerpt":{"rendered":"<p>Llu\u00eds Vicent, rector of the Open University La Salle in Andorra and corresponding academician of the Royal European Academy of Doctors-Barcelona 1914 (RAED), urges in an article published by the Diari d&#8217;Andorra to strengthen the figure of the trainer as a great guarantor of the coexistence and the respect to the neighbor and the laws [&hellip;]<\/p>\n","protected":false},"author":12,"featured_media":0,"comment_status":"closed","ping_status":"closed","sticky":false,"template":"","format":"standard","meta":{"_et_pb_use_builder":"","_et_pb_old_content":"","_et_gb_content_width":"","footnotes":""},"categories":[177],"tags":[],"class_list":["post-34689","post","type-post","status-publish","format-standard","hentry","category-academicians-in-society","et-doesnt-have-format-content","et_post_format-et-post-format-standard"],"yoast_head":"<!-- This site is optimized with the Yoast SEO plugin v27.4 - https:\/\/yoast.com\/product\/yoast-seo-wordpress\/ -->\n<title>Llu\u00eds Vicent calls to promote the role of the trainer as guarantor of coexistence - Royal European Academy of Doctors<\/title>\n<meta name=\"robots\" content=\"index, follow, max-snippet:-1, max-image-preview:large, max-video-preview:-1\" \/>\n<link rel=\"canonical\" href=\"https:\/\/raed.academy\/en\/lluis-vicent-calls-to-promote-the-role-of-the-trainer-as-guarantor-of-coexistence\/\" \/>\n<meta property=\"og:locale\" content=\"en_US\" \/>\n<meta property=\"og:type\" content=\"article\" \/>\n<meta property=\"og:title\" content=\"Llu\u00eds Vicent calls to promote the role of the trainer as guarantor of coexistence - Royal European Academy of Doctors\" \/>\n<meta property=\"og:description\" content=\"Llu\u00eds Vicent, rector of the Open University La Salle in Andorra and corresponding academician of the Royal European Academy of Doctors-Barcelona 1914 (RAED), urges in an article published by the Diari d&#8217;Andorra to strengthen the figure of the trainer as a great guarantor of the coexistence and the respect to the neighbor and the laws [&hellip;]\" \/>\n<meta property=\"og:url\" content=\"https:\/\/raed.academy\/en\/lluis-vicent-calls-to-promote-the-role-of-the-trainer-as-guarantor-of-coexistence\/\" \/>\n<meta property=\"og:site_name\" content=\"Royal European Academy of Doctors\" \/>\n<meta property=\"article:publisher\" content=\"http:\/\/fb.me\/raed.academy\" \/>\n<meta property=\"article:published_time\" content=\"2017-09-15T08:09:39+00:00\" \/>\n<meta property=\"article:modified_time\" content=\"2017-09-21T17:41:49+00:00\" \/>\n<meta property=\"og:image\" content=\"http:\/\/raed.academy\/wp-content\/uploads\/2017\/09\/lluis-vicent-safont-300x228.jpg\" \/>\n<meta name=\"author\" content=\"RAED\" \/>\n<meta name=\"twitter:card\" content=\"summary_large_image\" \/>\n<meta name=\"twitter:creator\" content=\"@raedacademy\" \/>\n<meta name=\"twitter:site\" content=\"@raedacademy\" \/>\n<meta name=\"twitter:label1\" content=\"Written by\" \/>\n\t<meta name=\"twitter:data1\" content=\"RAED\" \/>\n\t<meta name=\"twitter:label2\" content=\"Est. reading time\" \/>\n\t<meta name=\"twitter:data2\" content=\"1 minute\" \/>\n<script type=\"application\/ld+json\" class=\"yoast-schema-graph\">{\"@context\":\"https:\\\/\\\/schema.org\",\"@graph\":[{\"@type\":\"Article\",\"@id\":\"https:\\\/\\\/raed.academy\\\/en\\\/lluis-vicent-calls-to-promote-the-role-of-the-trainer-as-guarantor-of-coexistence\\\/#article\",\"isPartOf\":{\"@id\":\"https:\\\/\\\/raed.academy\\\/en\\\/lluis-vicent-calls-to-promote-the-role-of-the-trainer-as-guarantor-of-coexistence\\\/\"},\"author\":{\"name\":\"RAED\",\"@id\":\"https:\\\/\\\/raed.academy\\\/en\\\/#\\\/schema\\\/person\\\/5a755da80d1d979fd66ba745c8702927\"},\"headline\":\"Llu\u00eds Vicent calls to promote the role of the trainer as guarantor of coexistence\",\"datePublished\":\"2017-09-15T08:09:39+00:00\",\"dateModified\":\"2017-09-21T17:41:49+00:00\",\"mainEntityOfPage\":{\"@id\":\"https:\\\/\\\/raed.academy\\\/en\\\/lluis-vicent-calls-to-promote-the-role-of-the-trainer-as-guarantor-of-coexistence\\\/\"},\"wordCount\":196,\"publisher\":{\"@id\":\"https:\\\/\\\/raed.academy\\\/en\\\/#organization\"},\"image\":{\"@id\":\"https:\\\/\\\/raed.academy\\\/en\\\/lluis-vicent-calls-to-promote-the-role-of-the-trainer-as-guarantor-of-coexistence\\\/#primaryimage\"},\"thumbnailUrl\":\"http:\\\/\\\/raed.academy\\\/wp-content\\\/uploads\\\/2017\\\/09\\\/lluis-vicent-safont-300x228.jpg\",\"articleSection\":[\"Academicians in society\"],\"inLanguage\":\"en-US\"},{\"@type\":\"WebPage\",\"@id\":\"https:\\\/\\\/raed.academy\\\/en\\\/lluis-vicent-calls-to-promote-the-role-of-the-trainer-as-guarantor-of-coexistence\\\/\",\"url\":\"https:\\\/\\\/raed.academy\\\/en\\\/lluis-vicent-calls-to-promote-the-role-of-the-trainer-as-guarantor-of-coexistence\\\/\",\"name\":\"Llu\u00eds Vicent calls to promote the role of the trainer as guarantor of coexistence - Royal European Academy of Doctors\",\"isPartOf\":{\"@id\":\"https:\\\/\\\/raed.academy\\\/en\\\/#website\"},\"primaryImageOfPage\":{\"@id\":\"https:\\\/\\\/raed.academy\\\/en\\\/lluis-vicent-calls-to-promote-the-role-of-the-trainer-as-guarantor-of-coexistence\\\/#primaryimage\"},\"image\":{\"@id\":\"https:\\\/\\\/raed.academy\\\/en\\\/lluis-vicent-calls-to-promote-the-role-of-the-trainer-as-guarantor-of-coexistence\\\/#primaryimage\"},\"thumbnailUrl\":\"http:\\\/\\\/raed.academy\\\/wp-content\\\/uploads\\\/2017\\\/09\\\/lluis-vicent-safont-300x228.jpg\",\"datePublished\":\"2017-09-15T08:09:39+00:00\",\"dateModified\":\"2017-09-21T17:41:49+00:00\",\"breadcrumb\":{\"@id\":\"https:\\\/\\\/raed.academy\\\/en\\\/lluis-vicent-calls-to-promote-the-role-of-the-trainer-as-guarantor-of-coexistence\\\/#breadcrumb\"},\"inLanguage\":\"en-US\",\"potentialAction\":[{\"@type\":\"ReadAction\",\"target\":[\"https:\\\/\\\/raed.academy\\\/en\\\/lluis-vicent-calls-to-promote-the-role-of-the-trainer-as-guarantor-of-coexistence\\\/\"]}]},{\"@type\":\"ImageObject\",\"inLanguage\":\"en-US\",\"@id\":\"https:\\\/\\\/raed.academy\\\/en\\\/lluis-vicent-calls-to-promote-the-role-of-the-trainer-as-guarantor-of-coexistence\\\/#primaryimage\",\"url\":\"http:\\\/\\\/raed.academy\\\/wp-content\\\/uploads\\\/2017\\\/09\\\/lluis-vicent-safont-300x228.jpg\",\"contentUrl\":\"http:\\\/\\\/raed.academy\\\/wp-content\\\/uploads\\\/2017\\\/09\\\/lluis-vicent-safont-300x228.jpg\"},{\"@type\":\"BreadcrumbList\",\"@id\":\"https:\\\/\\\/raed.academy\\\/en\\\/lluis-vicent-calls-to-promote-the-role-of-the-trainer-as-guarantor-of-coexistence\\\/#breadcrumb\",\"itemListElement\":[{\"@type\":\"ListItem\",\"position\":1,\"name\":\"Inicio\",\"item\":\"https:\\\/\\\/raed.academy\\\/en\\\/\"},{\"@type\":\"ListItem\",\"position\":2,\"name\":\"Llu\u00eds Vicent calls to promote the role of the trainer as guarantor of coexistence\"}]},{\"@type\":\"WebSite\",\"@id\":\"https:\\\/\\\/raed.academy\\\/en\\\/#website\",\"url\":\"https:\\\/\\\/raed.academy\\\/en\\\/\",\"name\":\"Royal European Academy of Doctors\",\"description\":\"Corporaci\u00f3n de derecho p\u00fablico de car\u00e1cter cient\u00edfico, t\u00e9cnico y art\u00edstico, que tiene por objeto la investigaci\u00f3n, el estudio, el fomento y la extensi\u00f3n del conocimiento en su sentido m\u00e1s amplio.\",\"publisher\":{\"@id\":\"https:\\\/\\\/raed.academy\\\/en\\\/#organization\"},\"potentialAction\":[{\"@type\":\"SearchAction\",\"target\":{\"@type\":\"EntryPoint\",\"urlTemplate\":\"https:\\\/\\\/raed.academy\\\/en\\\/?s={search_term_string}\"},\"query-input\":{\"@type\":\"PropertyValueSpecification\",\"valueRequired\":true,\"valueName\":\"search_term_string\"}}],\"inLanguage\":\"en-US\"},{\"@type\":\"Organization\",\"@id\":\"https:\\\/\\\/raed.academy\\\/en\\\/#organization\",\"name\":\"Real Academia Europea de Doctores\",\"url\":\"https:\\\/\\\/raed.academy\\\/en\\\/\",\"logo\":{\"@type\":\"ImageObject\",\"inLanguage\":\"en-US\",\"@id\":\"https:\\\/\\\/raed.academy\\\/en\\\/#\\\/schema\\\/logo\\\/image\\\/\",\"url\":\"https:\\\/\\\/raed.academy\\\/wp-content\\\/uploads\\\/2017\\\/01\\\/cropped-logo_raed.png\",\"contentUrl\":\"https:\\\/\\\/raed.academy\\\/wp-content\\\/uploads\\\/2017\\\/01\\\/cropped-logo_raed.png\",\"width\":512,\"height\":512,\"caption\":\"Real Academia Europea de Doctores\"},\"image\":{\"@id\":\"https:\\\/\\\/raed.academy\\\/en\\\/#\\\/schema\\\/logo\\\/image\\\/\"},\"sameAs\":[\"http:\\\/\\\/fb.me\\\/raed.academy\",\"https:\\\/\\\/x.com\\\/raedacademy\",\"https:\\\/\\\/www.instagram.com\\\/raed.academy\\\/\",\"https:\\\/\\\/www.youtube.com\\\/channel\\\/UCUYQwW2KrdirNWihxMDObwg\"]},{\"@type\":\"Person\",\"@id\":\"https:\\\/\\\/raed.academy\\\/en\\\/#\\\/schema\\\/person\\\/5a755da80d1d979fd66ba745c8702927\",\"name\":\"RAED\",\"image\":{\"@type\":\"ImageObject\",\"inLanguage\":\"en-US\",\"@id\":\"https:\\\/\\\/secure.gravatar.com\\\/avatar\\\/19fdfdc0d67fb9c45714b703a2ac82251c4fcea3637f002ac3c9b74c0183583c?s=96&d=mm&r=g\",\"url\":\"https:\\\/\\\/secure.gravatar.com\\\/avatar\\\/19fdfdc0d67fb9c45714b703a2ac82251c4fcea3637f002ac3c9b74c0183583c?s=96&d=mm&r=g\",\"contentUrl\":\"https:\\\/\\\/secure.gravatar.com\\\/avatar\\\/19fdfdc0d67fb9c45714b703a2ac82251c4fcea3637f002ac3c9b74c0183583c?s=96&d=mm&r=g\",\"caption\":\"RAED\"}}]}<\/script>\n<!-- \/ Yoast SEO plugin. -->","yoast_head_json":{"title":"Llu\u00eds Vicent calls to promote the role of the trainer as guarantor of coexistence - Royal European Academy of Doctors","robots":{"index":"index","follow":"follow","max-snippet":"max-snippet:-1","max-image-preview":"max-image-preview:large","max-video-preview":"max-video-preview:-1"},"canonical":"https:\/\/raed.academy\/en\/lluis-vicent-calls-to-promote-the-role-of-the-trainer-as-guarantor-of-coexistence\/","og_locale":"en_US","og_type":"article","og_title":"Llu\u00eds Vicent calls to promote the role of the trainer as guarantor of coexistence - Royal European Academy of Doctors","og_description":"Llu\u00eds Vicent, rector of the Open University La Salle in Andorra and corresponding academician of the Royal European Academy of Doctors-Barcelona 1914 (RAED), urges in an article published by the Diari d&#8217;Andorra to strengthen the figure of the trainer as a great guarantor of the coexistence and the respect to the neighbor and the laws [&hellip;]","og_url":"https:\/\/raed.academy\/en\/lluis-vicent-calls-to-promote-the-role-of-the-trainer-as-guarantor-of-coexistence\/","og_site_name":"Royal European Academy of Doctors","article_publisher":"http:\/\/fb.me\/raed.academy","article_published_time":"2017-09-15T08:09:39+00:00","article_modified_time":"2017-09-21T17:41:49+00:00","og_image":[{"url":"http:\/\/raed.academy\/wp-content\/uploads\/2017\/09\/lluis-vicent-safont-300x228.jpg","type":"","width":"","height":""}],"author":"RAED","twitter_card":"summary_large_image","twitter_creator":"@raedacademy","twitter_site":"@raedacademy","twitter_misc":{"Written by":"RAED","Est. reading time":"1 minute"},"schema":{"@context":"https:\/\/schema.org","@graph":[{"@type":"Article","@id":"https:\/\/raed.academy\/en\/lluis-vicent-calls-to-promote-the-role-of-the-trainer-as-guarantor-of-coexistence\/#article","isPartOf":{"@id":"https:\/\/raed.academy\/en\/lluis-vicent-calls-to-promote-the-role-of-the-trainer-as-guarantor-of-coexistence\/"},"author":{"name":"RAED","@id":"https:\/\/raed.academy\/en\/#\/schema\/person\/5a755da80d1d979fd66ba745c8702927"},"headline":"Llu\u00eds Vicent calls to promote the role of the trainer as guarantor of coexistence","datePublished":"2017-09-15T08:09:39+00:00","dateModified":"2017-09-21T17:41:49+00:00","mainEntityOfPage":{"@id":"https:\/\/raed.academy\/en\/lluis-vicent-calls-to-promote-the-role-of-the-trainer-as-guarantor-of-coexistence\/"},"wordCount":196,"publisher":{"@id":"https:\/\/raed.academy\/en\/#organization"},"image":{"@id":"https:\/\/raed.academy\/en\/lluis-vicent-calls-to-promote-the-role-of-the-trainer-as-guarantor-of-coexistence\/#primaryimage"},"thumbnailUrl":"http:\/\/raed.academy\/wp-content\/uploads\/2017\/09\/lluis-vicent-safont-300x228.jpg","articleSection":["Academicians in society"],"inLanguage":"en-US"},{"@type":"WebPage","@id":"https:\/\/raed.academy\/en\/lluis-vicent-calls-to-promote-the-role-of-the-trainer-as-guarantor-of-coexistence\/","url":"https:\/\/raed.academy\/en\/lluis-vicent-calls-to-promote-the-role-of-the-trainer-as-guarantor-of-coexistence\/","name":"Llu\u00eds Vicent calls to promote the role of the trainer as guarantor of coexistence - Royal European Academy of Doctors","isPartOf":{"@id":"https:\/\/raed.academy\/en\/#website"},"primaryImageOfPage":{"@id":"https:\/\/raed.academy\/en\/lluis-vicent-calls-to-promote-the-role-of-the-trainer-as-guarantor-of-coexistence\/#primaryimage"},"image":{"@id":"https:\/\/raed.academy\/en\/lluis-vicent-calls-to-promote-the-role-of-the-trainer-as-guarantor-of-coexistence\/#primaryimage"},"thumbnailUrl":"http:\/\/raed.academy\/wp-content\/uploads\/2017\/09\/lluis-vicent-safont-300x228.jpg","datePublished":"2017-09-15T08:09:39+00:00","dateModified":"2017-09-21T17:41:49+00:00","breadcrumb":{"@id":"https:\/\/raed.academy\/en\/lluis-vicent-calls-to-promote-the-role-of-the-trainer-as-guarantor-of-coexistence\/#breadcrumb"},"inLanguage":"en-US","potentialAction":[{"@type":"ReadAction","target":["https:\/\/raed.academy\/en\/lluis-vicent-calls-to-promote-the-role-of-the-trainer-as-guarantor-of-coexistence\/"]}]},{"@type":"ImageObject","inLanguage":"en-US","@id":"https:\/\/raed.academy\/en\/lluis-vicent-calls-to-promote-the-role-of-the-trainer-as-guarantor-of-coexistence\/#primaryimage","url":"http:\/\/raed.academy\/wp-content\/uploads\/2017\/09\/lluis-vicent-safont-300x228.jpg","contentUrl":"http:\/\/raed.academy\/wp-content\/uploads\/2017\/09\/lluis-vicent-safont-300x228.jpg"},{"@type":"BreadcrumbList","@id":"https:\/\/raed.academy\/en\/lluis-vicent-calls-to-promote-the-role-of-the-trainer-as-guarantor-of-coexistence\/#breadcrumb","itemListElement":[{"@type":"ListItem","position":1,"name":"Inicio","item":"https:\/\/raed.academy\/en\/"},{"@type":"ListItem","position":2,"name":"Llu\u00eds Vicent calls to promote the role of the trainer as guarantor of coexistence"}]},{"@type":"WebSite","@id":"https:\/\/raed.academy\/en\/#website","url":"https:\/\/raed.academy\/en\/","name":"Royal European Academy of Doctors","description":"Corporaci\u00f3n de derecho p\u00fablico de car\u00e1cter cient\u00edfico, t\u00e9cnico y art\u00edstico, que tiene por objeto la investigaci\u00f3n, el estudio, el fomento y la extensi\u00f3n del conocimiento en su sentido m\u00e1s amplio.","publisher":{"@id":"https:\/\/raed.academy\/en\/#organization"},"potentialAction":[{"@type":"SearchAction","target":{"@type":"EntryPoint","urlTemplate":"https:\/\/raed.academy\/en\/?s={search_term_string}"},"query-input":{"@type":"PropertyValueSpecification","valueRequired":true,"valueName":"search_term_string"}}],"inLanguage":"en-US"},{"@type":"Organization","@id":"https:\/\/raed.academy\/en\/#organization","name":"Real Academia Europea de Doctores","url":"https:\/\/raed.academy\/en\/","logo":{"@type":"ImageObject","inLanguage":"en-US","@id":"https:\/\/raed.academy\/en\/#\/schema\/logo\/image\/","url":"https:\/\/raed.academy\/wp-content\/uploads\/2017\/01\/cropped-logo_raed.png","contentUrl":"https:\/\/raed.academy\/wp-content\/uploads\/2017\/01\/cropped-logo_raed.png","width":512,"height":512,"caption":"Real Academia Europea de Doctores"},"image":{"@id":"https:\/\/raed.academy\/en\/#\/schema\/logo\/image\/"},"sameAs":["http:\/\/fb.me\/raed.academy","https:\/\/x.com\/raedacademy","https:\/\/www.instagram.com\/raed.academy\/","https:\/\/www.youtube.com\/channel\/UCUYQwW2KrdirNWihxMDObwg"]},{"@type":"Person","@id":"https:\/\/raed.academy\/en\/#\/schema\/person\/5a755da80d1d979fd66ba745c8702927","name":"RAED","image":{"@type":"ImageObject","inLanguage":"en-US","@id":"https:\/\/secure.gravatar.com\/avatar\/19fdfdc0d67fb9c45714b703a2ac82251c4fcea3637f002ac3c9b74c0183583c?s=96&d=mm&r=g","url":"https:\/\/secure.gravatar.com\/avatar\/19fdfdc0d67fb9c45714b703a2ac82251c4fcea3637f002ac3c9b74c0183583c?s=96&d=mm&r=g","contentUrl":"https:\/\/secure.gravatar.com\/avatar\/19fdfdc0d67fb9c45714b703a2ac82251c4fcea3637f002ac3c9b74c0183583c?s=96&d=mm&r=g","caption":"RAED"}}]}},"_links":{"self":[{"href":"https:\/\/raed.academy\/en\/wp-json\/wp\/v2\/posts\/34689","targetHints":{"allow":["GET"]}}],"collection":[{"href":"https:\/\/raed.academy\/en\/wp-json\/wp\/v2\/posts"}],"about":[{"href":"https:\/\/raed.academy\/en\/wp-json\/wp\/v2\/types\/post"}],"author":[{"embeddable":true,"href":"https:\/\/raed.academy\/en\/wp-json\/wp\/v2\/users\/12"}],"replies":[{"embeddable":true,"href":"https:\/\/raed.academy\/en\/wp-json\/wp\/v2\/comments?post=34689"}],"version-history":[{"count":0,"href":"https:\/\/raed.academy\/en\/wp-json\/wp\/v2\/posts\/34689\/revisions"}],"wp:attachment":[{"href":"https:\/\/raed.academy\/en\/wp-json\/wp\/v2\/media?parent=34689"}],"wp:term":[{"taxonomy":"category","embeddable":true,"href":"https:\/\/raed.academy\/en\/wp-json\/wp\/v2\/categories?post=34689"},{"taxonomy":"post_tag","embeddable":true,"href":"https:\/\/raed.academy\/en\/wp-json\/wp\/v2\/tags?post=34689"}],"curies":[{"name":"wp","href":"https:\/\/api.w.org\/{rel}","templated":true}]}}