{"id":34686,"date":"2017-09-15T08:01:59","date_gmt":"2017-09-15T08:01:59","guid":{"rendered":"http:\/\/raed.academy\/?p=34686"},"modified":"2017-09-21T17:39:13","modified_gmt":"2017-09-21T17:39:13","slug":"ignacio-buqueras-enters-at-spanish-royal-academy-of-the-sea","status":"publish","type":"post","link":"https:\/\/raed.academy\/en\/ignacio-buqueras-enters-at-spanish-royal-academy-of-the-sea\/","title":{"rendered":"Ignacio Buqueras enters at Spanish Royal Academy of the Sea"},"content":{"rendered":"<div id=\"attachment_34737\" style=\"width: 235px\" class=\"wp-caption alignleft\"><img loading=\"lazy\" decoding=\"async\" aria-describedby=\"caption-attachment-34737\" class=\"size-medium wp-image-34737\" src=\"http:\/\/raed.academy\/wp-content\/uploads\/2017\/09\/Ignacio-Buqueras-225x300.jpg\" alt=\"Dr. Ignacio Buqueras\" width=\"225\" height=\"300\" srcset=\"https:\/\/raed.academy\/wp-content\/uploads\/2017\/09\/Ignacio-Buqueras-225x300.jpg 225w, https:\/\/raed.academy\/wp-content\/uploads\/2017\/09\/Ignacio-Buqueras.jpg 350w\" sizes=\"(max-width: 225px) 100vw, 225px\" \/><p id=\"caption-attachment-34737\" class=\"wp-caption-text\">Dr. Ignacio Buqueras<\/p><\/div>\n<p><strong>Ignacio Buqueras<\/strong>, full academician and president of the Humanities Section of the <a href=\"http:\/\/www.radoctores.es\" target=\"_blank\" rel=\"noopener\"><strong>Royal Academy of Doctors of Spain<\/strong><\/a>, has entered at the Spanish <strong>Royal Academy of the Sea<\/strong> as full academician during a solemn ceremony held at the Auditorium of theSpanish\u00a0 <strong>Superior Center of Studies of the National Defense<\/strong>, in Madrid. Buqueras gave the speech of entrance <strong>&#8220;Los horarios y el mar&#8221;<\/strong> (The schedules and the sea). On behalf of the corporation answered the academician <strong>Julio Iglesias de Ussel<\/strong>. Closely linked to the maritime sector, the new academician of the Royal Academy of the Sea presides the National Commission for the Rationalization of Spanish Timetables and their Standardization with those of the other countries of the European Union.<\/p>\n","protected":false},"excerpt":{"rendered":"<p>Ignacio Buqueras, full academician and president of the Humanities Section of the Royal Academy of Doctors of Spain, has entered at the Spanish Royal Academy of the Sea as full academician during a solemn ceremony held at the Auditorium of theSpanish\u00a0 Superior Center of Studies of the National Defense, in Madrid. Buqueras gave the speech [&hellip;]<\/p>\n","protected":false},"author":12,"featured_media":0,"comment_status":"closed","ping_status":"closed","sticky":false,"template":"","format":"standard","meta":{"_et_pb_use_builder":"","_et_pb_old_content":"","_et_gb_content_width":"","footnotes":""},"categories":[167],"tags":[],"class_list":["post-34686","post","type-post","status-publish","format-standard","hentry","category-prizes-awards-and-appointments","et-doesnt-have-format-content","et_post_format-et-post-format-standard"],"yoast_head":"<!-- This site is optimized with the Yoast SEO plugin v27.4 - https:\/\/yoast.com\/product\/yoast-seo-wordpress\/ -->\n<title>Ignacio Buqueras enters at Spanish Royal Academy of the Sea - Royal European Academy of Doctors<\/title>\n<meta name=\"robots\" content=\"index, follow, max-snippet:-1, max-image-preview:large, max-video-preview:-1\" \/>\n<link rel=\"canonical\" href=\"https:\/\/raed.academy\/en\/ignacio-buqueras-enters-at-spanish-royal-academy-of-the-sea\/\" \/>\n<meta property=\"og:locale\" content=\"en_US\" \/>\n<meta property=\"og:type\" content=\"article\" \/>\n<meta property=\"og:title\" content=\"Ignacio Buqueras enters at Spanish Royal Academy of the Sea - Royal European Academy of Doctors\" \/>\n<meta property=\"og:description\" content=\"Ignacio Buqueras, full academician and president of the Humanities Section of the Royal Academy of Doctors of Spain, has entered at the Spanish Royal Academy of the Sea as full academician during a solemn ceremony held at the Auditorium of theSpanish\u00a0 Superior Center of Studies of the National Defense, in Madrid. Buqueras gave the speech [&hellip;]\" \/>\n<meta property=\"og:url\" content=\"https:\/\/raed.academy\/en\/ignacio-buqueras-enters-at-spanish-royal-academy-of-the-sea\/\" \/>\n<meta property=\"og:site_name\" content=\"Royal European Academy of Doctors\" \/>\n<meta property=\"article:publisher\" content=\"http:\/\/fb.me\/raed.academy\" \/>\n<meta property=\"article:published_time\" content=\"2017-09-15T08:01:59+00:00\" \/>\n<meta property=\"article:modified_time\" content=\"2017-09-21T17:39:13+00:00\" \/>\n<meta property=\"og:image\" content=\"http:\/\/raed.academy\/wp-content\/uploads\/2017\/09\/Ignacio-Buqueras-225x300.jpg\" \/>\n<meta name=\"author\" content=\"RAED\" \/>\n<meta name=\"twitter:card\" content=\"summary_large_image\" \/>\n<meta name=\"twitter:creator\" content=\"@raedacademy\" \/>\n<meta name=\"twitter:site\" content=\"@raedacademy\" \/>\n<meta name=\"twitter:label1\" content=\"Written by\" \/>\n\t<meta name=\"twitter:data1\" content=\"RAED\" \/>\n\t<meta name=\"twitter:label2\" content=\"Est. reading time\" \/>\n\t<meta name=\"twitter:data2\" content=\"1 minute\" \/>\n<script type=\"application\/ld+json\" class=\"yoast-schema-graph\">{\"@context\":\"https:\\\/\\\/schema.org\",\"@graph\":[{\"@type\":\"Article\",\"@id\":\"https:\\\/\\\/raed.academy\\\/en\\\/ignacio-buqueras-enters-at-spanish-royal-academy-of-the-sea\\\/#article\",\"isPartOf\":{\"@id\":\"https:\\\/\\\/raed.academy\\\/en\\\/ignacio-buqueras-enters-at-spanish-royal-academy-of-the-sea\\\/\"},\"author\":{\"name\":\"RAED\",\"@id\":\"https:\\\/\\\/raed.academy\\\/en\\\/#\\\/schema\\\/person\\\/5a755da80d1d979fd66ba745c8702927\"},\"headline\":\"Ignacio Buqueras enters at Spanish Royal Academy of the Sea\",\"datePublished\":\"2017-09-15T08:01:59+00:00\",\"dateModified\":\"2017-09-21T17:39:13+00:00\",\"mainEntityOfPage\":{\"@id\":\"https:\\\/\\\/raed.academy\\\/en\\\/ignacio-buqueras-enters-at-spanish-royal-academy-of-the-sea\\\/\"},\"wordCount\":138,\"publisher\":{\"@id\":\"https:\\\/\\\/raed.academy\\\/en\\\/#organization\"},\"image\":{\"@id\":\"https:\\\/\\\/raed.academy\\\/en\\\/ignacio-buqueras-enters-at-spanish-royal-academy-of-the-sea\\\/#primaryimage\"},\"thumbnailUrl\":\"http:\\\/\\\/raed.academy\\\/wp-content\\\/uploads\\\/2017\\\/09\\\/Ignacio-Buqueras-225x300.jpg\",\"articleSection\":[\"Prizes, awards and appointments\"],\"inLanguage\":\"en-US\"},{\"@type\":\"WebPage\",\"@id\":\"https:\\\/\\\/raed.academy\\\/en\\\/ignacio-buqueras-enters-at-spanish-royal-academy-of-the-sea\\\/\",\"url\":\"https:\\\/\\\/raed.academy\\\/en\\\/ignacio-buqueras-enters-at-spanish-royal-academy-of-the-sea\\\/\",\"name\":\"Ignacio Buqueras enters at Spanish Royal Academy of the Sea - Royal European Academy of Doctors\",\"isPartOf\":{\"@id\":\"https:\\\/\\\/raed.academy\\\/en\\\/#website\"},\"primaryImageOfPage\":{\"@id\":\"https:\\\/\\\/raed.academy\\\/en\\\/ignacio-buqueras-enters-at-spanish-royal-academy-of-the-sea\\\/#primaryimage\"},\"image\":{\"@id\":\"https:\\\/\\\/raed.academy\\\/en\\\/ignacio-buqueras-enters-at-spanish-royal-academy-of-the-sea\\\/#primaryimage\"},\"thumbnailUrl\":\"http:\\\/\\\/raed.academy\\\/wp-content\\\/uploads\\\/2017\\\/09\\\/Ignacio-Buqueras-225x300.jpg\",\"datePublished\":\"2017-09-15T08:01:59+00:00\",\"dateModified\":\"2017-09-21T17:39:13+00:00\",\"breadcrumb\":{\"@id\":\"https:\\\/\\\/raed.academy\\\/en\\\/ignacio-buqueras-enters-at-spanish-royal-academy-of-the-sea\\\/#breadcrumb\"},\"inLanguage\":\"en-US\",\"potentialAction\":[{\"@type\":\"ReadAction\",\"target\":[\"https:\\\/\\\/raed.academy\\\/en\\\/ignacio-buqueras-enters-at-spanish-royal-academy-of-the-sea\\\/\"]}]},{\"@type\":\"ImageObject\",\"inLanguage\":\"en-US\",\"@id\":\"https:\\\/\\\/raed.academy\\\/en\\\/ignacio-buqueras-enters-at-spanish-royal-academy-of-the-sea\\\/#primaryimage\",\"url\":\"http:\\\/\\\/raed.academy\\\/wp-content\\\/uploads\\\/2017\\\/09\\\/Ignacio-Buqueras-225x300.jpg\",\"contentUrl\":\"http:\\\/\\\/raed.academy\\\/wp-content\\\/uploads\\\/2017\\\/09\\\/Ignacio-Buqueras-225x300.jpg\"},{\"@type\":\"BreadcrumbList\",\"@id\":\"https:\\\/\\\/raed.academy\\\/en\\\/ignacio-buqueras-enters-at-spanish-royal-academy-of-the-sea\\\/#breadcrumb\",\"itemListElement\":[{\"@type\":\"ListItem\",\"position\":1,\"name\":\"Inicio\",\"item\":\"https:\\\/\\\/raed.academy\\\/en\\\/\"},{\"@type\":\"ListItem\",\"position\":2,\"name\":\"Ignacio Buqueras enters at Spanish Royal Academy of the Sea\"}]},{\"@type\":\"WebSite\",\"@id\":\"https:\\\/\\\/raed.academy\\\/en\\\/#website\",\"url\":\"https:\\\/\\\/raed.academy\\\/en\\\/\",\"name\":\"Royal European Academy of Doctors\",\"description\":\"Corporaci\u00f3n de derecho p\u00fablico de car\u00e1cter cient\u00edfico, t\u00e9cnico y art\u00edstico, que tiene por objeto la investigaci\u00f3n, el estudio, el fomento y la extensi\u00f3n del conocimiento en su sentido m\u00e1s amplio.\",\"publisher\":{\"@id\":\"https:\\\/\\\/raed.academy\\\/en\\\/#organization\"},\"potentialAction\":[{\"@type\":\"SearchAction\",\"target\":{\"@type\":\"EntryPoint\",\"urlTemplate\":\"https:\\\/\\\/raed.academy\\\/en\\\/?s={search_term_string}\"},\"query-input\":{\"@type\":\"PropertyValueSpecification\",\"valueRequired\":true,\"valueName\":\"search_term_string\"}}],\"inLanguage\":\"en-US\"},{\"@type\":\"Organization\",\"@id\":\"https:\\\/\\\/raed.academy\\\/en\\\/#organization\",\"name\":\"Real Academia Europea de Doctores\",\"url\":\"https:\\\/\\\/raed.academy\\\/en\\\/\",\"logo\":{\"@type\":\"ImageObject\",\"inLanguage\":\"en-US\",\"@id\":\"https:\\\/\\\/raed.academy\\\/en\\\/#\\\/schema\\\/logo\\\/image\\\/\",\"url\":\"https:\\\/\\\/raed.academy\\\/wp-content\\\/uploads\\\/2017\\\/01\\\/cropped-logo_raed.png\",\"contentUrl\":\"https:\\\/\\\/raed.academy\\\/wp-content\\\/uploads\\\/2017\\\/01\\\/cropped-logo_raed.png\",\"width\":512,\"height\":512,\"caption\":\"Real Academia Europea de Doctores\"},\"image\":{\"@id\":\"https:\\\/\\\/raed.academy\\\/en\\\/#\\\/schema\\\/logo\\\/image\\\/\"},\"sameAs\":[\"http:\\\/\\\/fb.me\\\/raed.academy\",\"https:\\\/\\\/x.com\\\/raedacademy\",\"https:\\\/\\\/www.instagram.com\\\/raed.academy\\\/\",\"https:\\\/\\\/www.youtube.com\\\/channel\\\/UCUYQwW2KrdirNWihxMDObwg\"]},{\"@type\":\"Person\",\"@id\":\"https:\\\/\\\/raed.academy\\\/en\\\/#\\\/schema\\\/person\\\/5a755da80d1d979fd66ba745c8702927\",\"name\":\"RAED\",\"image\":{\"@type\":\"ImageObject\",\"inLanguage\":\"en-US\",\"@id\":\"https:\\\/\\\/secure.gravatar.com\\\/avatar\\\/19fdfdc0d67fb9c45714b703a2ac82251c4fcea3637f002ac3c9b74c0183583c?s=96&d=mm&r=g\",\"url\":\"https:\\\/\\\/secure.gravatar.com\\\/avatar\\\/19fdfdc0d67fb9c45714b703a2ac82251c4fcea3637f002ac3c9b74c0183583c?s=96&d=mm&r=g\",\"contentUrl\":\"https:\\\/\\\/secure.gravatar.com\\\/avatar\\\/19fdfdc0d67fb9c45714b703a2ac82251c4fcea3637f002ac3c9b74c0183583c?s=96&d=mm&r=g\",\"caption\":\"RAED\"}}]}<\/script>\n<!-- \/ Yoast SEO plugin. -->","yoast_head_json":{"title":"Ignacio Buqueras enters at Spanish Royal Academy of the Sea - Royal European Academy of Doctors","robots":{"index":"index","follow":"follow","max-snippet":"max-snippet:-1","max-image-preview":"max-image-preview:large","max-video-preview":"max-video-preview:-1"},"canonical":"https:\/\/raed.academy\/en\/ignacio-buqueras-enters-at-spanish-royal-academy-of-the-sea\/","og_locale":"en_US","og_type":"article","og_title":"Ignacio Buqueras enters at Spanish Royal Academy of the Sea - Royal European Academy of Doctors","og_description":"Ignacio Buqueras, full academician and president of the Humanities Section of the Royal Academy of Doctors of Spain, has entered at the Spanish Royal Academy of the Sea as full academician during a solemn ceremony held at the Auditorium of theSpanish\u00a0 Superior Center of Studies of the National Defense, in Madrid. Buqueras gave the speech [&hellip;]","og_url":"https:\/\/raed.academy\/en\/ignacio-buqueras-enters-at-spanish-royal-academy-of-the-sea\/","og_site_name":"Royal European Academy of Doctors","article_publisher":"http:\/\/fb.me\/raed.academy","article_published_time":"2017-09-15T08:01:59+00:00","article_modified_time":"2017-09-21T17:39:13+00:00","og_image":[{"url":"http:\/\/raed.academy\/wp-content\/uploads\/2017\/09\/Ignacio-Buqueras-225x300.jpg","type":"","width":"","height":""}],"author":"RAED","twitter_card":"summary_large_image","twitter_creator":"@raedacademy","twitter_site":"@raedacademy","twitter_misc":{"Written by":"RAED","Est. reading time":"1 minute"},"schema":{"@context":"https:\/\/schema.org","@graph":[{"@type":"Article","@id":"https:\/\/raed.academy\/en\/ignacio-buqueras-enters-at-spanish-royal-academy-of-the-sea\/#article","isPartOf":{"@id":"https:\/\/raed.academy\/en\/ignacio-buqueras-enters-at-spanish-royal-academy-of-the-sea\/"},"author":{"name":"RAED","@id":"https:\/\/raed.academy\/en\/#\/schema\/person\/5a755da80d1d979fd66ba745c8702927"},"headline":"Ignacio Buqueras enters at Spanish Royal Academy of the Sea","datePublished":"2017-09-15T08:01:59+00:00","dateModified":"2017-09-21T17:39:13+00:00","mainEntityOfPage":{"@id":"https:\/\/raed.academy\/en\/ignacio-buqueras-enters-at-spanish-royal-academy-of-the-sea\/"},"wordCount":138,"publisher":{"@id":"https:\/\/raed.academy\/en\/#organization"},"image":{"@id":"https:\/\/raed.academy\/en\/ignacio-buqueras-enters-at-spanish-royal-academy-of-the-sea\/#primaryimage"},"thumbnailUrl":"http:\/\/raed.academy\/wp-content\/uploads\/2017\/09\/Ignacio-Buqueras-225x300.jpg","articleSection":["Prizes, awards and appointments"],"inLanguage":"en-US"},{"@type":"WebPage","@id":"https:\/\/raed.academy\/en\/ignacio-buqueras-enters-at-spanish-royal-academy-of-the-sea\/","url":"https:\/\/raed.academy\/en\/ignacio-buqueras-enters-at-spanish-royal-academy-of-the-sea\/","name":"Ignacio Buqueras enters at Spanish Royal Academy of the Sea - Royal European Academy of Doctors","isPartOf":{"@id":"https:\/\/raed.academy\/en\/#website"},"primaryImageOfPage":{"@id":"https:\/\/raed.academy\/en\/ignacio-buqueras-enters-at-spanish-royal-academy-of-the-sea\/#primaryimage"},"image":{"@id":"https:\/\/raed.academy\/en\/ignacio-buqueras-enters-at-spanish-royal-academy-of-the-sea\/#primaryimage"},"thumbnailUrl":"http:\/\/raed.academy\/wp-content\/uploads\/2017\/09\/Ignacio-Buqueras-225x300.jpg","datePublished":"2017-09-15T08:01:59+00:00","dateModified":"2017-09-21T17:39:13+00:00","breadcrumb":{"@id":"https:\/\/raed.academy\/en\/ignacio-buqueras-enters-at-spanish-royal-academy-of-the-sea\/#breadcrumb"},"inLanguage":"en-US","potentialAction":[{"@type":"ReadAction","target":["https:\/\/raed.academy\/en\/ignacio-buqueras-enters-at-spanish-royal-academy-of-the-sea\/"]}]},{"@type":"ImageObject","inLanguage":"en-US","@id":"https:\/\/raed.academy\/en\/ignacio-buqueras-enters-at-spanish-royal-academy-of-the-sea\/#primaryimage","url":"http:\/\/raed.academy\/wp-content\/uploads\/2017\/09\/Ignacio-Buqueras-225x300.jpg","contentUrl":"http:\/\/raed.academy\/wp-content\/uploads\/2017\/09\/Ignacio-Buqueras-225x300.jpg"},{"@type":"BreadcrumbList","@id":"https:\/\/raed.academy\/en\/ignacio-buqueras-enters-at-spanish-royal-academy-of-the-sea\/#breadcrumb","itemListElement":[{"@type":"ListItem","position":1,"name":"Inicio","item":"https:\/\/raed.academy\/en\/"},{"@type":"ListItem","position":2,"name":"Ignacio Buqueras enters at Spanish Royal Academy of the Sea"}]},{"@type":"WebSite","@id":"https:\/\/raed.academy\/en\/#website","url":"https:\/\/raed.academy\/en\/","name":"Royal European Academy of Doctors","description":"Corporaci\u00f3n de derecho p\u00fablico de car\u00e1cter cient\u00edfico, t\u00e9cnico y art\u00edstico, que tiene por objeto la investigaci\u00f3n, el estudio, el fomento y la extensi\u00f3n del conocimiento en su sentido m\u00e1s amplio.","publisher":{"@id":"https:\/\/raed.academy\/en\/#organization"},"potentialAction":[{"@type":"SearchAction","target":{"@type":"EntryPoint","urlTemplate":"https:\/\/raed.academy\/en\/?s={search_term_string}"},"query-input":{"@type":"PropertyValueSpecification","valueRequired":true,"valueName":"search_term_string"}}],"inLanguage":"en-US"},{"@type":"Organization","@id":"https:\/\/raed.academy\/en\/#organization","name":"Real Academia Europea de Doctores","url":"https:\/\/raed.academy\/en\/","logo":{"@type":"ImageObject","inLanguage":"en-US","@id":"https:\/\/raed.academy\/en\/#\/schema\/logo\/image\/","url":"https:\/\/raed.academy\/wp-content\/uploads\/2017\/01\/cropped-logo_raed.png","contentUrl":"https:\/\/raed.academy\/wp-content\/uploads\/2017\/01\/cropped-logo_raed.png","width":512,"height":512,"caption":"Real Academia Europea de Doctores"},"image":{"@id":"https:\/\/raed.academy\/en\/#\/schema\/logo\/image\/"},"sameAs":["http:\/\/fb.me\/raed.academy","https:\/\/x.com\/raedacademy","https:\/\/www.instagram.com\/raed.academy\/","https:\/\/www.youtube.com\/channel\/UCUYQwW2KrdirNWihxMDObwg"]},{"@type":"Person","@id":"https:\/\/raed.academy\/en\/#\/schema\/person\/5a755da80d1d979fd66ba745c8702927","name":"RAED","image":{"@type":"ImageObject","inLanguage":"en-US","@id":"https:\/\/secure.gravatar.com\/avatar\/19fdfdc0d67fb9c45714b703a2ac82251c4fcea3637f002ac3c9b74c0183583c?s=96&d=mm&r=g","url":"https:\/\/secure.gravatar.com\/avatar\/19fdfdc0d67fb9c45714b703a2ac82251c4fcea3637f002ac3c9b74c0183583c?s=96&d=mm&r=g","contentUrl":"https:\/\/secure.gravatar.com\/avatar\/19fdfdc0d67fb9c45714b703a2ac82251c4fcea3637f002ac3c9b74c0183583c?s=96&d=mm&r=g","caption":"RAED"}}]}},"_links":{"self":[{"href":"https:\/\/raed.academy\/en\/wp-json\/wp\/v2\/posts\/34686","targetHints":{"allow":["GET"]}}],"collection":[{"href":"https:\/\/raed.academy\/en\/wp-json\/wp\/v2\/posts"}],"about":[{"href":"https:\/\/raed.academy\/en\/wp-json\/wp\/v2\/types\/post"}],"author":[{"embeddable":true,"href":"https:\/\/raed.academy\/en\/wp-json\/wp\/v2\/users\/12"}],"replies":[{"embeddable":true,"href":"https:\/\/raed.academy\/en\/wp-json\/wp\/v2\/comments?post=34686"}],"version-history":[{"count":0,"href":"https:\/\/raed.academy\/en\/wp-json\/wp\/v2\/posts\/34686\/revisions"}],"wp:attachment":[{"href":"https:\/\/raed.academy\/en\/wp-json\/wp\/v2\/media?parent=34686"}],"wp:term":[{"taxonomy":"category","embeddable":true,"href":"https:\/\/raed.academy\/en\/wp-json\/wp\/v2\/categories?post=34686"},{"taxonomy":"post_tag","embeddable":true,"href":"https:\/\/raed.academy\/en\/wp-json\/wp\/v2\/tags?post=34686"}],"curies":[{"name":"wp","href":"https:\/\/api.w.org\/{rel}","templated":true}]}}