{"id":33713,"date":"2017-09-01T08:33:44","date_gmt":"2017-09-01T08:33:44","guid":{"rendered":"http:\/\/raed.academy\/?p=33713\/"},"modified":"2017-09-06T16:08:17","modified_gmt":"2017-09-06T16:08:17","slug":"rosalia-arteaga-participates-in-the-festival-of-education","status":"publish","type":"post","link":"https:\/\/raed.academy\/en\/rosalia-arteaga-participates-in-the-festival-of-education\/","title":{"rendered":"Rosal\u00eda Arteaga participates in the Festival of Education"},"content":{"rendered":"<div id=\"attachment_33813\" style=\"width: 210px\" class=\"wp-caption alignleft\"><img loading=\"lazy\" decoding=\"async\" aria-describedby=\"caption-attachment-33813\" class=\"wp-image-33813\" src=\"http:\/\/raed.academy\/wp-content\/uploads\/2017\/09\/Rosalia-Arteaga-pq-300x300.jpeg\" alt=\"Rosalia Arteaga\" width=\"200\" height=\"200\" srcset=\"https:\/\/raed.academy\/wp-content\/uploads\/2017\/09\/Rosalia-Arteaga-pq-300x300.jpeg 300w, https:\/\/raed.academy\/wp-content\/uploads\/2017\/09\/Rosalia-Arteaga-pq-150x150.jpeg 150w, https:\/\/raed.academy\/wp-content\/uploads\/2017\/09\/Rosalia-Arteaga-pq.jpeg 420w\" sizes=\"(max-width: 200px) 100vw, 200px\" \/><p id=\"caption-attachment-33813\" class=\"wp-caption-text\">Dra. Rosalia Arteaga<\/p><\/div>\n<p><a href=\"http:\/\/raed.academy\/en\/academicians\/rosalia-arteaga-eng\/\" target=\"_blank\" rel=\"noopener\"><strong>Rosal\u00eda Arteaga<\/strong><\/a>, former president of Ecuador and honorary academician of the <strong>Royal European Academy of Doctors-Barcelona 1914<\/strong> (RAED), participated in the Festival of Education, held in Shanghai between 20 and 22 August to discuss the future of the teaching and other educational fields. The event was attended by experts in the field, professors, representatives of educational institutions and over 5.000 teachers.<\/p>\n<p>Doctor in Jurisprudence and Anthropology, Arteaga adds to her dedication to politics her passion for education and a vast trajectory as an essayist and poet who has been internationally recognized.<\/p>\n","protected":false},"excerpt":{"rendered":"<p>Rosal\u00eda Arteaga, former president of Ecuador and honorary academician of the Royal European Academy of Doctors-Barcelona 1914 (RAED), participated in the Festival of Education, held in Shanghai between 20 and 22 August to discuss the future of the teaching and other educational fields. The event was attended by experts in the field, professors, representatives of [&hellip;]<\/p>\n","protected":false},"author":12,"featured_media":0,"comment_status":"closed","ping_status":"closed","sticky":false,"template":"","format":"standard","meta":{"_et_pb_use_builder":"","_et_pb_old_content":"","_et_gb_content_width":"","footnotes":""},"categories":[177],"tags":[],"class_list":["post-33713","post","type-post","status-publish","format-standard","hentry","category-academicians-in-society","et-doesnt-have-format-content","et_post_format-et-post-format-standard"],"yoast_head":"<!-- This site is optimized with the Yoast SEO plugin v27.5 - https:\/\/yoast.com\/product\/yoast-seo-wordpress\/ -->\n<title>Rosal\u00eda Arteaga participates in the Festival of Education - Royal European Academy of Doctors<\/title>\n<meta name=\"robots\" content=\"index, follow, max-snippet:-1, max-image-preview:large, max-video-preview:-1\" \/>\n<link rel=\"canonical\" href=\"https:\/\/raed.academy\/en\/rosalia-arteaga-participates-in-the-festival-of-education\/\" \/>\n<meta property=\"og:locale\" content=\"en_US\" \/>\n<meta property=\"og:type\" content=\"article\" \/>\n<meta property=\"og:title\" content=\"Rosal\u00eda Arteaga participates in the Festival of Education - Royal European Academy of Doctors\" \/>\n<meta property=\"og:description\" content=\"Rosal\u00eda Arteaga, former president of Ecuador and honorary academician of the Royal European Academy of Doctors-Barcelona 1914 (RAED), participated in the Festival of Education, held in Shanghai between 20 and 22 August to discuss the future of the teaching and other educational fields. The event was attended by experts in the field, professors, representatives of [&hellip;]\" \/>\n<meta property=\"og:url\" content=\"https:\/\/raed.academy\/en\/rosalia-arteaga-participates-in-the-festival-of-education\/\" \/>\n<meta property=\"og:site_name\" content=\"Royal European Academy of Doctors\" \/>\n<meta property=\"article:publisher\" content=\"http:\/\/fb.me\/raed.academy\" \/>\n<meta property=\"article:published_time\" content=\"2017-09-01T08:33:44+00:00\" \/>\n<meta property=\"article:modified_time\" content=\"2017-09-06T16:08:17+00:00\" \/>\n<meta property=\"og:image\" content=\"http:\/\/raed.academy\/wp-content\/uploads\/2017\/09\/Rosalia-Arteaga-pq-300x300.jpeg\" \/>\n<meta name=\"author\" content=\"RAED\" \/>\n<meta name=\"twitter:card\" content=\"summary_large_image\" \/>\n<meta name=\"twitter:creator\" content=\"@raedacademy\" \/>\n<meta name=\"twitter:site\" content=\"@raedacademy\" \/>\n<meta name=\"twitter:label1\" content=\"Written by\" \/>\n\t<meta name=\"twitter:data1\" content=\"RAED\" \/>\n<script type=\"application\/ld+json\" class=\"yoast-schema-graph\">{\"@context\":\"https:\\\/\\\/schema.org\",\"@graph\":[{\"@type\":\"Article\",\"@id\":\"https:\\\/\\\/raed.academy\\\/en\\\/rosalia-arteaga-participates-in-the-festival-of-education\\\/#article\",\"isPartOf\":{\"@id\":\"https:\\\/\\\/raed.academy\\\/en\\\/rosalia-arteaga-participates-in-the-festival-of-education\\\/\"},\"author\":{\"name\":\"RAED\",\"@id\":\"https:\\\/\\\/raed.academy\\\/en\\\/#\\\/schema\\\/person\\\/5a755da80d1d979fd66ba745c8702927\"},\"headline\":\"Rosal\u00eda Arteaga participates in the Festival of Education\",\"datePublished\":\"2017-09-01T08:33:44+00:00\",\"dateModified\":\"2017-09-06T16:08:17+00:00\",\"mainEntityOfPage\":{\"@id\":\"https:\\\/\\\/raed.academy\\\/en\\\/rosalia-arteaga-participates-in-the-festival-of-education\\\/\"},\"wordCount\":107,\"publisher\":{\"@id\":\"https:\\\/\\\/raed.academy\\\/en\\\/#organization\"},\"image\":{\"@id\":\"https:\\\/\\\/raed.academy\\\/en\\\/rosalia-arteaga-participates-in-the-festival-of-education\\\/#primaryimage\"},\"thumbnailUrl\":\"http:\\\/\\\/raed.academy\\\/wp-content\\\/uploads\\\/2017\\\/09\\\/Rosalia-Arteaga-pq-300x300.jpeg\",\"articleSection\":[\"Academicians in society\"],\"inLanguage\":\"en-US\"},{\"@type\":\"WebPage\",\"@id\":\"https:\\\/\\\/raed.academy\\\/en\\\/rosalia-arteaga-participates-in-the-festival-of-education\\\/\",\"url\":\"https:\\\/\\\/raed.academy\\\/en\\\/rosalia-arteaga-participates-in-the-festival-of-education\\\/\",\"name\":\"Rosal\u00eda Arteaga participates in the Festival of Education - Royal European Academy of Doctors\",\"isPartOf\":{\"@id\":\"https:\\\/\\\/raed.academy\\\/en\\\/#website\"},\"primaryImageOfPage\":{\"@id\":\"https:\\\/\\\/raed.academy\\\/en\\\/rosalia-arteaga-participates-in-the-festival-of-education\\\/#primaryimage\"},\"image\":{\"@id\":\"https:\\\/\\\/raed.academy\\\/en\\\/rosalia-arteaga-participates-in-the-festival-of-education\\\/#primaryimage\"},\"thumbnailUrl\":\"http:\\\/\\\/raed.academy\\\/wp-content\\\/uploads\\\/2017\\\/09\\\/Rosalia-Arteaga-pq-300x300.jpeg\",\"datePublished\":\"2017-09-01T08:33:44+00:00\",\"dateModified\":\"2017-09-06T16:08:17+00:00\",\"breadcrumb\":{\"@id\":\"https:\\\/\\\/raed.academy\\\/en\\\/rosalia-arteaga-participates-in-the-festival-of-education\\\/#breadcrumb\"},\"inLanguage\":\"en-US\",\"potentialAction\":[{\"@type\":\"ReadAction\",\"target\":[\"https:\\\/\\\/raed.academy\\\/en\\\/rosalia-arteaga-participates-in-the-festival-of-education\\\/\"]}]},{\"@type\":\"ImageObject\",\"inLanguage\":\"en-US\",\"@id\":\"https:\\\/\\\/raed.academy\\\/en\\\/rosalia-arteaga-participates-in-the-festival-of-education\\\/#primaryimage\",\"url\":\"http:\\\/\\\/raed.academy\\\/wp-content\\\/uploads\\\/2017\\\/09\\\/Rosalia-Arteaga-pq-300x300.jpeg\",\"contentUrl\":\"http:\\\/\\\/raed.academy\\\/wp-content\\\/uploads\\\/2017\\\/09\\\/Rosalia-Arteaga-pq-300x300.jpeg\"},{\"@type\":\"BreadcrumbList\",\"@id\":\"https:\\\/\\\/raed.academy\\\/en\\\/rosalia-arteaga-participates-in-the-festival-of-education\\\/#breadcrumb\",\"itemListElement\":[{\"@type\":\"ListItem\",\"position\":1,\"name\":\"Inicio\",\"item\":\"https:\\\/\\\/raed.academy\\\/en\\\/\"},{\"@type\":\"ListItem\",\"position\":2,\"name\":\"Rosal\u00eda Arteaga participates in the Festival of Education\"}]},{\"@type\":\"WebSite\",\"@id\":\"https:\\\/\\\/raed.academy\\\/en\\\/#website\",\"url\":\"https:\\\/\\\/raed.academy\\\/en\\\/\",\"name\":\"Royal European Academy of Doctors\",\"description\":\"Corporaci\u00f3n de derecho p\u00fablico de car\u00e1cter cient\u00edfico, t\u00e9cnico y art\u00edstico, que tiene por objeto la investigaci\u00f3n, el estudio, el fomento y la extensi\u00f3n del conocimiento en su sentido m\u00e1s amplio.\",\"publisher\":{\"@id\":\"https:\\\/\\\/raed.academy\\\/en\\\/#organization\"},\"potentialAction\":[{\"@type\":\"SearchAction\",\"target\":{\"@type\":\"EntryPoint\",\"urlTemplate\":\"https:\\\/\\\/raed.academy\\\/en\\\/?s={search_term_string}\"},\"query-input\":{\"@type\":\"PropertyValueSpecification\",\"valueRequired\":true,\"valueName\":\"search_term_string\"}}],\"inLanguage\":\"en-US\"},{\"@type\":\"Organization\",\"@id\":\"https:\\\/\\\/raed.academy\\\/en\\\/#organization\",\"name\":\"Real Academia Europea de Doctores\",\"url\":\"https:\\\/\\\/raed.academy\\\/en\\\/\",\"logo\":{\"@type\":\"ImageObject\",\"inLanguage\":\"en-US\",\"@id\":\"https:\\\/\\\/raed.academy\\\/en\\\/#\\\/schema\\\/logo\\\/image\\\/\",\"url\":\"https:\\\/\\\/raed.academy\\\/wp-content\\\/uploads\\\/2017\\\/01\\\/cropped-logo_raed.png\",\"contentUrl\":\"https:\\\/\\\/raed.academy\\\/wp-content\\\/uploads\\\/2017\\\/01\\\/cropped-logo_raed.png\",\"width\":512,\"height\":512,\"caption\":\"Real Academia Europea de Doctores\"},\"image\":{\"@id\":\"https:\\\/\\\/raed.academy\\\/en\\\/#\\\/schema\\\/logo\\\/image\\\/\"},\"sameAs\":[\"http:\\\/\\\/fb.me\\\/raed.academy\",\"https:\\\/\\\/x.com\\\/raedacademy\",\"https:\\\/\\\/www.instagram.com\\\/raed.academy\\\/\",\"https:\\\/\\\/www.youtube.com\\\/channel\\\/UCUYQwW2KrdirNWihxMDObwg\"]},{\"@type\":\"Person\",\"@id\":\"https:\\\/\\\/raed.academy\\\/en\\\/#\\\/schema\\\/person\\\/5a755da80d1d979fd66ba745c8702927\",\"name\":\"RAED\",\"image\":{\"@type\":\"ImageObject\",\"inLanguage\":\"en-US\",\"@id\":\"https:\\\/\\\/secure.gravatar.com\\\/avatar\\\/19fdfdc0d67fb9c45714b703a2ac82251c4fcea3637f002ac3c9b74c0183583c?s=96&d=mm&r=g\",\"url\":\"https:\\\/\\\/secure.gravatar.com\\\/avatar\\\/19fdfdc0d67fb9c45714b703a2ac82251c4fcea3637f002ac3c9b74c0183583c?s=96&d=mm&r=g\",\"contentUrl\":\"https:\\\/\\\/secure.gravatar.com\\\/avatar\\\/19fdfdc0d67fb9c45714b703a2ac82251c4fcea3637f002ac3c9b74c0183583c?s=96&d=mm&r=g\",\"caption\":\"RAED\"}}]}<\/script>\n<!-- \/ Yoast SEO plugin. -->","yoast_head_json":{"title":"Rosal\u00eda Arteaga participates in the Festival of Education - Royal European Academy of Doctors","robots":{"index":"index","follow":"follow","max-snippet":"max-snippet:-1","max-image-preview":"max-image-preview:large","max-video-preview":"max-video-preview:-1"},"canonical":"https:\/\/raed.academy\/en\/rosalia-arteaga-participates-in-the-festival-of-education\/","og_locale":"en_US","og_type":"article","og_title":"Rosal\u00eda Arteaga participates in the Festival of Education - Royal European Academy of Doctors","og_description":"Rosal\u00eda Arteaga, former president of Ecuador and honorary academician of the Royal European Academy of Doctors-Barcelona 1914 (RAED), participated in the Festival of Education, held in Shanghai between 20 and 22 August to discuss the future of the teaching and other educational fields. The event was attended by experts in the field, professors, representatives of [&hellip;]","og_url":"https:\/\/raed.academy\/en\/rosalia-arteaga-participates-in-the-festival-of-education\/","og_site_name":"Royal European Academy of Doctors","article_publisher":"http:\/\/fb.me\/raed.academy","article_published_time":"2017-09-01T08:33:44+00:00","article_modified_time":"2017-09-06T16:08:17+00:00","og_image":[{"url":"http:\/\/raed.academy\/wp-content\/uploads\/2017\/09\/Rosalia-Arteaga-pq-300x300.jpeg","type":"","width":"","height":""}],"author":"RAED","twitter_card":"summary_large_image","twitter_creator":"@raedacademy","twitter_site":"@raedacademy","twitter_misc":{"Written by":"RAED"},"schema":{"@context":"https:\/\/schema.org","@graph":[{"@type":"Article","@id":"https:\/\/raed.academy\/en\/rosalia-arteaga-participates-in-the-festival-of-education\/#article","isPartOf":{"@id":"https:\/\/raed.academy\/en\/rosalia-arteaga-participates-in-the-festival-of-education\/"},"author":{"name":"RAED","@id":"https:\/\/raed.academy\/en\/#\/schema\/person\/5a755da80d1d979fd66ba745c8702927"},"headline":"Rosal\u00eda Arteaga participates in the Festival of Education","datePublished":"2017-09-01T08:33:44+00:00","dateModified":"2017-09-06T16:08:17+00:00","mainEntityOfPage":{"@id":"https:\/\/raed.academy\/en\/rosalia-arteaga-participates-in-the-festival-of-education\/"},"wordCount":107,"publisher":{"@id":"https:\/\/raed.academy\/en\/#organization"},"image":{"@id":"https:\/\/raed.academy\/en\/rosalia-arteaga-participates-in-the-festival-of-education\/#primaryimage"},"thumbnailUrl":"http:\/\/raed.academy\/wp-content\/uploads\/2017\/09\/Rosalia-Arteaga-pq-300x300.jpeg","articleSection":["Academicians in society"],"inLanguage":"en-US"},{"@type":"WebPage","@id":"https:\/\/raed.academy\/en\/rosalia-arteaga-participates-in-the-festival-of-education\/","url":"https:\/\/raed.academy\/en\/rosalia-arteaga-participates-in-the-festival-of-education\/","name":"Rosal\u00eda Arteaga participates in the Festival of Education - Royal European Academy of Doctors","isPartOf":{"@id":"https:\/\/raed.academy\/en\/#website"},"primaryImageOfPage":{"@id":"https:\/\/raed.academy\/en\/rosalia-arteaga-participates-in-the-festival-of-education\/#primaryimage"},"image":{"@id":"https:\/\/raed.academy\/en\/rosalia-arteaga-participates-in-the-festival-of-education\/#primaryimage"},"thumbnailUrl":"http:\/\/raed.academy\/wp-content\/uploads\/2017\/09\/Rosalia-Arteaga-pq-300x300.jpeg","datePublished":"2017-09-01T08:33:44+00:00","dateModified":"2017-09-06T16:08:17+00:00","breadcrumb":{"@id":"https:\/\/raed.academy\/en\/rosalia-arteaga-participates-in-the-festival-of-education\/#breadcrumb"},"inLanguage":"en-US","potentialAction":[{"@type":"ReadAction","target":["https:\/\/raed.academy\/en\/rosalia-arteaga-participates-in-the-festival-of-education\/"]}]},{"@type":"ImageObject","inLanguage":"en-US","@id":"https:\/\/raed.academy\/en\/rosalia-arteaga-participates-in-the-festival-of-education\/#primaryimage","url":"http:\/\/raed.academy\/wp-content\/uploads\/2017\/09\/Rosalia-Arteaga-pq-300x300.jpeg","contentUrl":"http:\/\/raed.academy\/wp-content\/uploads\/2017\/09\/Rosalia-Arteaga-pq-300x300.jpeg"},{"@type":"BreadcrumbList","@id":"https:\/\/raed.academy\/en\/rosalia-arteaga-participates-in-the-festival-of-education\/#breadcrumb","itemListElement":[{"@type":"ListItem","position":1,"name":"Inicio","item":"https:\/\/raed.academy\/en\/"},{"@type":"ListItem","position":2,"name":"Rosal\u00eda Arteaga participates in the Festival of Education"}]},{"@type":"WebSite","@id":"https:\/\/raed.academy\/en\/#website","url":"https:\/\/raed.academy\/en\/","name":"Royal European Academy of Doctors","description":"Corporaci\u00f3n de derecho p\u00fablico de car\u00e1cter cient\u00edfico, t\u00e9cnico y art\u00edstico, que tiene por objeto la investigaci\u00f3n, el estudio, el fomento y la extensi\u00f3n del conocimiento en su sentido m\u00e1s amplio.","publisher":{"@id":"https:\/\/raed.academy\/en\/#organization"},"potentialAction":[{"@type":"SearchAction","target":{"@type":"EntryPoint","urlTemplate":"https:\/\/raed.academy\/en\/?s={search_term_string}"},"query-input":{"@type":"PropertyValueSpecification","valueRequired":true,"valueName":"search_term_string"}}],"inLanguage":"en-US"},{"@type":"Organization","@id":"https:\/\/raed.academy\/en\/#organization","name":"Real Academia Europea de Doctores","url":"https:\/\/raed.academy\/en\/","logo":{"@type":"ImageObject","inLanguage":"en-US","@id":"https:\/\/raed.academy\/en\/#\/schema\/logo\/image\/","url":"https:\/\/raed.academy\/wp-content\/uploads\/2017\/01\/cropped-logo_raed.png","contentUrl":"https:\/\/raed.academy\/wp-content\/uploads\/2017\/01\/cropped-logo_raed.png","width":512,"height":512,"caption":"Real Academia Europea de Doctores"},"image":{"@id":"https:\/\/raed.academy\/en\/#\/schema\/logo\/image\/"},"sameAs":["http:\/\/fb.me\/raed.academy","https:\/\/x.com\/raedacademy","https:\/\/www.instagram.com\/raed.academy\/","https:\/\/www.youtube.com\/channel\/UCUYQwW2KrdirNWihxMDObwg"]},{"@type":"Person","@id":"https:\/\/raed.academy\/en\/#\/schema\/person\/5a755da80d1d979fd66ba745c8702927","name":"RAED","image":{"@type":"ImageObject","inLanguage":"en-US","@id":"https:\/\/secure.gravatar.com\/avatar\/19fdfdc0d67fb9c45714b703a2ac82251c4fcea3637f002ac3c9b74c0183583c?s=96&d=mm&r=g","url":"https:\/\/secure.gravatar.com\/avatar\/19fdfdc0d67fb9c45714b703a2ac82251c4fcea3637f002ac3c9b74c0183583c?s=96&d=mm&r=g","contentUrl":"https:\/\/secure.gravatar.com\/avatar\/19fdfdc0d67fb9c45714b703a2ac82251c4fcea3637f002ac3c9b74c0183583c?s=96&d=mm&r=g","caption":"RAED"}}]}},"_links":{"self":[{"href":"https:\/\/raed.academy\/en\/wp-json\/wp\/v2\/posts\/33713","targetHints":{"allow":["GET"]}}],"collection":[{"href":"https:\/\/raed.academy\/en\/wp-json\/wp\/v2\/posts"}],"about":[{"href":"https:\/\/raed.academy\/en\/wp-json\/wp\/v2\/types\/post"}],"author":[{"embeddable":true,"href":"https:\/\/raed.academy\/en\/wp-json\/wp\/v2\/users\/12"}],"replies":[{"embeddable":true,"href":"https:\/\/raed.academy\/en\/wp-json\/wp\/v2\/comments?post=33713"}],"version-history":[{"count":0,"href":"https:\/\/raed.academy\/en\/wp-json\/wp\/v2\/posts\/33713\/revisions"}],"wp:attachment":[{"href":"https:\/\/raed.academy\/en\/wp-json\/wp\/v2\/media?parent=33713"}],"wp:term":[{"taxonomy":"category","embeddable":true,"href":"https:\/\/raed.academy\/en\/wp-json\/wp\/v2\/categories?post=33713"},{"taxonomy":"post_tag","embeddable":true,"href":"https:\/\/raed.academy\/en\/wp-json\/wp\/v2\/tags?post=33713"}],"curies":[{"name":"wp","href":"https:\/\/api.w.org\/{rel}","templated":true}]}}