{"id":31640,"date":"2017-07-30T04:43:39","date_gmt":"2017-07-30T04:43:39","guid":{"rendered":"http:\/\/raed.academy\/?p=31640\/"},"modified":"2017-09-03T15:51:25","modified_gmt":"2017-09-03T15:51:25","slug":"jose-luis-salido-reform-of-the-legal-regime-of-cooperatives","status":"publish","type":"post","link":"https:\/\/raed.academy\/en\/jose-luis-salido-reform-of-the-legal-regime-of-cooperatives\/","title":{"rendered":"Legal reform of cooperatives to compete with trading companies"},"content":{"rendered":"<div id=\"attachment_31695\" style=\"width: 430px\" class=\"wp-caption alignleft\"><img loading=\"lazy\" decoding=\"async\" aria-describedby=\"caption-attachment-31695\" class=\"wp-image-31695\" src=\"http:\/\/raed.academy\/wp-content\/uploads\/2017\/07\/Jos\u00e9-Luis-Salido-Ban\u00fas-300x216.jpg\" alt=\"Jos\u00e9 Luis Salido: reform of the legal regime of cooperatives. Third International Act of the RAED\" width=\"420\" height=\"303\" srcset=\"https:\/\/raed.academy\/wp-content\/uploads\/2017\/07\/Jos\u00e9-Luis-Salido-Ban\u00fas-300x216.jpg 300w, https:\/\/raed.academy\/wp-content\/uploads\/2017\/07\/Jos\u00e9-Luis-Salido-Ban\u00fas.jpg 738w\" sizes=\"(max-width: 420px) 100vw, 420px\" \/><p id=\"caption-attachment-31695\" class=\"wp-caption-text\"><a href=\"http:\/\/raed.academy\/en\/academicians\/dr-jose-luis-salido-banus\/\" target=\"_blank\" rel=\"noopener\">Dr. Jos\u00e9 Luis Salido Ban\u00fas<\/a><\/p><\/div>\n<p><a href=\"http:\/\/raed.academy\/en\/academicians\/dr-jose-luis-salido-banus\/\" target=\"_blank\" rel=\"noopener\"><strong>Jos\u00e9 Luis Salido<\/strong><\/a>, full academician of the <strong>Royal European Academy of Doctors-Barcelona 1914<\/strong> (RAED) and secretary general of his Government Board, insisted on the need for a reform of the legal system of cooperatives that allows them to compete on equal terms w<span title=\"con las sociedades mercantiles durante su intervenci\u00f3n en el III Acto Internacional de la RAED, que se celebr\u00f3 entre los pasados 15 y 22 de julio en diversas ciudades del B\u00e1ltico. \">ith the trading companies during his intervention in the Third International Act of the RAED, held between 15 and 22 July in various cities in the Baltic.<\/span><\/p>\n<p><span title=\"Para el acad\u00e9mico, que ley\u00f3 la ponencia &quot;Instrumentos para la creaci\u00f3n de empleo: las cooperativas del trabajo&quot;, la Uni\u00f3n Europea y sus estados miembro deben potenciar la econom\u00eda social para hacerla m\u00e1s competitiva y convertirla en un nuevo generador de empleo.\">For the academician, who read the paper <strong>&#8220;Instrumentos para la creaci\u00f3n de empleo: las cooperativas del trabajo&#8221;<\/strong> (Instruments for job creation: labor cooperatives), the European Union and its member states should strengthen the social economy to make it more competitive and turn it into a new job generator. <\/span><span title=\"&quot;Uno de los retos que permanecen tras la fase m\u00e1s dura de la reciente crisis econ\u00f3mica es el de la creaci\u00f3n de empleo. Empresarios y administraciones est\u00e1n por la labor y as\u00ed se va demostrando mes a mes, trimestre a trimestre con la publicaci\u00f3n de las encuestas\">&#8220;One of the challenges that remain after the most difficult phase of the recent economic crisis is that of job creation. Entrepreneurs and administrations are at work and this is demonstrated month by month, quarter by quarter, with the publication of surveys. <\/span><span title=\"tanto de desempleo como de poblaci\u00f3n activa. Pero es evidente que hay que hacer m\u00e1s y facilitar el incremento de empleo y parece que cuesta m\u00e1s avanzar en sectores como el de la econom\u00eda social. Debemos conseguir que las cooperativas est\u00e9n en igualdad de condiciones con las sociedades\">But it&#8217;s clear that more needs to be done and jobs can be facilitated and it seems that it&#8217;s more difficult to move forward in sectors such as the social economy. We must ensure that cooperatives are on an equal footing with <span title=\"con las sociedades mercantiles durante su intervenci\u00f3n en el III Acto Internacional de la RAED, que se celebr\u00f3 entre los pasados 15 y 22 de julio en diversas ciudades del B\u00e1ltico. \">trading companies<\/span><\/span><span title=\"mercantiles para que compitan en el mercado e irrumpan con fuerza como nueva fuente de ocupaci\u00f3n&quot;, argument\u00f3.\"> to compete in the market and burst with force as a new source of occupation&#8221;, he argued.<\/span><\/p>\n","protected":false},"excerpt":{"rendered":"<p>Jos\u00e9 Luis Salido, full academician of the Royal European Academy of Doctors-Barcelona 1914 (RAED) and secretary general of his Government Board, insisted on the need for a reform of the legal system of cooperatives that allows them to compete on equal terms with the trading companies during his intervention in the Third International Act of [&hellip;]<\/p>\n","protected":false},"author":12,"featured_media":33079,"comment_status":"closed","ping_status":"closed","sticky":false,"template":"","format":"standard","meta":{"_et_pb_use_builder":"","_et_pb_old_content":"","_et_gb_content_width":"","footnotes":""},"categories":[67],"tags":[],"class_list":["post-31640","post","type-post","status-publish","format-standard","has-post-thumbnail","hentry","category-uncategorized-6","et-has-post-format-content","et_post_format-et-post-format-standard"],"yoast_head":"<!-- This site is optimized with the Yoast SEO plugin v27.4 - https:\/\/yoast.com\/product\/yoast-seo-wordpress\/ -->\n<title>Legal reform of cooperatives to compete with trading companies | Royal European Academy of Doctors<\/title>\n<meta name=\"description\" content=\"Jos\u00e9 Luis Salido calls for a reform of the legal regime of cooperatives that allows them to compete with trading companies.\" \/>\n<meta name=\"robots\" content=\"index, follow, max-snippet:-1, max-image-preview:large, max-video-preview:-1\" \/>\n<link rel=\"canonical\" href=\"https:\/\/raed.academy\/en\/jose-luis-salido-reform-of-the-legal-regime-of-cooperatives\/\" \/>\n<meta property=\"og:locale\" content=\"en_US\" \/>\n<meta property=\"og:type\" content=\"article\" \/>\n<meta property=\"og:title\" content=\"Legal reform of cooperatives to compete with trading companies | Royal European Academy of Doctors\" \/>\n<meta property=\"og:description\" content=\"Jos\u00e9 Luis Salido calls for a reform of the legal regime of cooperatives that allows them to compete with trading companies.\" \/>\n<meta property=\"og:url\" content=\"https:\/\/raed.academy\/en\/jose-luis-salido-reform-of-the-legal-regime-of-cooperatives\/\" \/>\n<meta property=\"og:site_name\" content=\"Royal European Academy of Doctors\" \/>\n<meta property=\"article:publisher\" content=\"http:\/\/fb.me\/raed.academy\" \/>\n<meta property=\"article:published_time\" content=\"2017-07-30T04:43:39+00:00\" \/>\n<meta property=\"article:modified_time\" content=\"2017-09-03T15:51:25+00:00\" \/>\n<meta property=\"og:image\" content=\"https:\/\/raed.academy\/wp-content\/uploads\/2017\/08\/cooperativa-no-atrib-pq.jpg\" \/>\n\t<meta property=\"og:image:width\" content=\"700\" \/>\n\t<meta property=\"og:image:height\" content=\"250\" \/>\n\t<meta property=\"og:image:type\" content=\"image\/jpeg\" \/>\n<meta name=\"author\" content=\"RAED\" \/>\n<meta name=\"twitter:card\" content=\"summary_large_image\" \/>\n<meta name=\"twitter:creator\" content=\"@raedacademy\" \/>\n<meta name=\"twitter:site\" content=\"@raedacademy\" \/>\n<meta name=\"twitter:label1\" content=\"Written by\" \/>\n\t<meta name=\"twitter:data1\" content=\"RAED\" \/>\n\t<meta name=\"twitter:label2\" content=\"Est. reading time\" \/>\n\t<meta name=\"twitter:data2\" content=\"1 minute\" \/>\n<script type=\"application\/ld+json\" class=\"yoast-schema-graph\">{\"@context\":\"https:\\\/\\\/schema.org\",\"@graph\":[{\"@type\":\"Article\",\"@id\":\"https:\\\/\\\/raed.academy\\\/en\\\/jose-luis-salido-reform-of-the-legal-regime-of-cooperatives\\\/#article\",\"isPartOf\":{\"@id\":\"https:\\\/\\\/raed.academy\\\/en\\\/jose-luis-salido-reform-of-the-legal-regime-of-cooperatives\\\/\"},\"author\":{\"name\":\"RAED\",\"@id\":\"https:\\\/\\\/raed.academy\\\/en\\\/#\\\/schema\\\/person\\\/5a755da80d1d979fd66ba745c8702927\"},\"headline\":\"Legal reform of cooperatives to compete with trading companies\",\"datePublished\":\"2017-07-30T04:43:39+00:00\",\"dateModified\":\"2017-09-03T15:51:25+00:00\",\"mainEntityOfPage\":{\"@id\":\"https:\\\/\\\/raed.academy\\\/en\\\/jose-luis-salido-reform-of-the-legal-regime-of-cooperatives\\\/\"},\"wordCount\":242,\"publisher\":{\"@id\":\"https:\\\/\\\/raed.academy\\\/en\\\/#organization\"},\"image\":{\"@id\":\"https:\\\/\\\/raed.academy\\\/en\\\/jose-luis-salido-reform-of-the-legal-regime-of-cooperatives\\\/#primaryimage\"},\"thumbnailUrl\":\"https:\\\/\\\/raed.academy\\\/wp-content\\\/uploads\\\/2017\\\/08\\\/cooperativa-no-atrib-pq.jpg\",\"inLanguage\":\"en-US\"},{\"@type\":\"WebPage\",\"@id\":\"https:\\\/\\\/raed.academy\\\/en\\\/jose-luis-salido-reform-of-the-legal-regime-of-cooperatives\\\/\",\"url\":\"https:\\\/\\\/raed.academy\\\/en\\\/jose-luis-salido-reform-of-the-legal-regime-of-cooperatives\\\/\",\"name\":\"Legal reform of cooperatives to compete with trading companies | Royal European Academy of Doctors\",\"isPartOf\":{\"@id\":\"https:\\\/\\\/raed.academy\\\/en\\\/#website\"},\"primaryImageOfPage\":{\"@id\":\"https:\\\/\\\/raed.academy\\\/en\\\/jose-luis-salido-reform-of-the-legal-regime-of-cooperatives\\\/#primaryimage\"},\"image\":{\"@id\":\"https:\\\/\\\/raed.academy\\\/en\\\/jose-luis-salido-reform-of-the-legal-regime-of-cooperatives\\\/#primaryimage\"},\"thumbnailUrl\":\"https:\\\/\\\/raed.academy\\\/wp-content\\\/uploads\\\/2017\\\/08\\\/cooperativa-no-atrib-pq.jpg\",\"datePublished\":\"2017-07-30T04:43:39+00:00\",\"dateModified\":\"2017-09-03T15:51:25+00:00\",\"description\":\"Jos\u00e9 Luis Salido calls for a reform of the legal regime of cooperatives that allows them to compete with trading companies.\",\"breadcrumb\":{\"@id\":\"https:\\\/\\\/raed.academy\\\/en\\\/jose-luis-salido-reform-of-the-legal-regime-of-cooperatives\\\/#breadcrumb\"},\"inLanguage\":\"en-US\",\"potentialAction\":[{\"@type\":\"ReadAction\",\"target\":[\"https:\\\/\\\/raed.academy\\\/en\\\/jose-luis-salido-reform-of-the-legal-regime-of-cooperatives\\\/\"]}]},{\"@type\":\"ImageObject\",\"inLanguage\":\"en-US\",\"@id\":\"https:\\\/\\\/raed.academy\\\/en\\\/jose-luis-salido-reform-of-the-legal-regime-of-cooperatives\\\/#primaryimage\",\"url\":\"https:\\\/\\\/raed.academy\\\/wp-content\\\/uploads\\\/2017\\\/08\\\/cooperativa-no-atrib-pq.jpg\",\"contentUrl\":\"https:\\\/\\\/raed.academy\\\/wp-content\\\/uploads\\\/2017\\\/08\\\/cooperativa-no-atrib-pq.jpg\",\"width\":700,\"height\":250,\"caption\":\"Legal reform of cooperatives to compete with trading companies\"},{\"@type\":\"BreadcrumbList\",\"@id\":\"https:\\\/\\\/raed.academy\\\/en\\\/jose-luis-salido-reform-of-the-legal-regime-of-cooperatives\\\/#breadcrumb\",\"itemListElement\":[{\"@type\":\"ListItem\",\"position\":1,\"name\":\"Inicio\",\"item\":\"https:\\\/\\\/raed.academy\\\/en\\\/\"},{\"@type\":\"ListItem\",\"position\":2,\"name\":\"Legal reform of cooperatives to compete with trading companies\"}]},{\"@type\":\"WebSite\",\"@id\":\"https:\\\/\\\/raed.academy\\\/en\\\/#website\",\"url\":\"https:\\\/\\\/raed.academy\\\/en\\\/\",\"name\":\"Royal European Academy of Doctors\",\"description\":\"Corporaci\u00f3n de derecho p\u00fablico de car\u00e1cter cient\u00edfico, t\u00e9cnico y art\u00edstico, que tiene por objeto la investigaci\u00f3n, el estudio, el fomento y la extensi\u00f3n del conocimiento en su sentido m\u00e1s amplio.\",\"publisher\":{\"@id\":\"https:\\\/\\\/raed.academy\\\/en\\\/#organization\"},\"potentialAction\":[{\"@type\":\"SearchAction\",\"target\":{\"@type\":\"EntryPoint\",\"urlTemplate\":\"https:\\\/\\\/raed.academy\\\/en\\\/?s={search_term_string}\"},\"query-input\":{\"@type\":\"PropertyValueSpecification\",\"valueRequired\":true,\"valueName\":\"search_term_string\"}}],\"inLanguage\":\"en-US\"},{\"@type\":\"Organization\",\"@id\":\"https:\\\/\\\/raed.academy\\\/en\\\/#organization\",\"name\":\"Real Academia Europea de Doctores\",\"url\":\"https:\\\/\\\/raed.academy\\\/en\\\/\",\"logo\":{\"@type\":\"ImageObject\",\"inLanguage\":\"en-US\",\"@id\":\"https:\\\/\\\/raed.academy\\\/en\\\/#\\\/schema\\\/logo\\\/image\\\/\",\"url\":\"https:\\\/\\\/raed.academy\\\/wp-content\\\/uploads\\\/2017\\\/01\\\/cropped-logo_raed.png\",\"contentUrl\":\"https:\\\/\\\/raed.academy\\\/wp-content\\\/uploads\\\/2017\\\/01\\\/cropped-logo_raed.png\",\"width\":512,\"height\":512,\"caption\":\"Real Academia Europea de Doctores\"},\"image\":{\"@id\":\"https:\\\/\\\/raed.academy\\\/en\\\/#\\\/schema\\\/logo\\\/image\\\/\"},\"sameAs\":[\"http:\\\/\\\/fb.me\\\/raed.academy\",\"https:\\\/\\\/x.com\\\/raedacademy\",\"https:\\\/\\\/www.instagram.com\\\/raed.academy\\\/\",\"https:\\\/\\\/www.youtube.com\\\/channel\\\/UCUYQwW2KrdirNWihxMDObwg\"]},{\"@type\":\"Person\",\"@id\":\"https:\\\/\\\/raed.academy\\\/en\\\/#\\\/schema\\\/person\\\/5a755da80d1d979fd66ba745c8702927\",\"name\":\"RAED\",\"image\":{\"@type\":\"ImageObject\",\"inLanguage\":\"en-US\",\"@id\":\"https:\\\/\\\/secure.gravatar.com\\\/avatar\\\/19fdfdc0d67fb9c45714b703a2ac82251c4fcea3637f002ac3c9b74c0183583c?s=96&d=mm&r=g\",\"url\":\"https:\\\/\\\/secure.gravatar.com\\\/avatar\\\/19fdfdc0d67fb9c45714b703a2ac82251c4fcea3637f002ac3c9b74c0183583c?s=96&d=mm&r=g\",\"contentUrl\":\"https:\\\/\\\/secure.gravatar.com\\\/avatar\\\/19fdfdc0d67fb9c45714b703a2ac82251c4fcea3637f002ac3c9b74c0183583c?s=96&d=mm&r=g\",\"caption\":\"RAED\"}}]}<\/script>\n<!-- \/ Yoast SEO plugin. -->","yoast_head_json":{"title":"Legal reform of cooperatives to compete with trading companies | Royal European Academy of Doctors","description":"Jos\u00e9 Luis Salido calls for a reform of the legal regime of cooperatives that allows them to compete with trading companies.","robots":{"index":"index","follow":"follow","max-snippet":"max-snippet:-1","max-image-preview":"max-image-preview:large","max-video-preview":"max-video-preview:-1"},"canonical":"https:\/\/raed.academy\/en\/jose-luis-salido-reform-of-the-legal-regime-of-cooperatives\/","og_locale":"en_US","og_type":"article","og_title":"Legal reform of cooperatives to compete with trading companies | Royal European Academy of Doctors","og_description":"Jos\u00e9 Luis Salido calls for a reform of the legal regime of cooperatives that allows them to compete with trading companies.","og_url":"https:\/\/raed.academy\/en\/jose-luis-salido-reform-of-the-legal-regime-of-cooperatives\/","og_site_name":"Royal European Academy of Doctors","article_publisher":"http:\/\/fb.me\/raed.academy","article_published_time":"2017-07-30T04:43:39+00:00","article_modified_time":"2017-09-03T15:51:25+00:00","og_image":[{"width":700,"height":250,"url":"https:\/\/raed.academy\/wp-content\/uploads\/2017\/08\/cooperativa-no-atrib-pq.jpg","type":"image\/jpeg"}],"author":"RAED","twitter_card":"summary_large_image","twitter_creator":"@raedacademy","twitter_site":"@raedacademy","twitter_misc":{"Written by":"RAED","Est. reading time":"1 minute"},"schema":{"@context":"https:\/\/schema.org","@graph":[{"@type":"Article","@id":"https:\/\/raed.academy\/en\/jose-luis-salido-reform-of-the-legal-regime-of-cooperatives\/#article","isPartOf":{"@id":"https:\/\/raed.academy\/en\/jose-luis-salido-reform-of-the-legal-regime-of-cooperatives\/"},"author":{"name":"RAED","@id":"https:\/\/raed.academy\/en\/#\/schema\/person\/5a755da80d1d979fd66ba745c8702927"},"headline":"Legal reform of cooperatives to compete with trading companies","datePublished":"2017-07-30T04:43:39+00:00","dateModified":"2017-09-03T15:51:25+00:00","mainEntityOfPage":{"@id":"https:\/\/raed.academy\/en\/jose-luis-salido-reform-of-the-legal-regime-of-cooperatives\/"},"wordCount":242,"publisher":{"@id":"https:\/\/raed.academy\/en\/#organization"},"image":{"@id":"https:\/\/raed.academy\/en\/jose-luis-salido-reform-of-the-legal-regime-of-cooperatives\/#primaryimage"},"thumbnailUrl":"https:\/\/raed.academy\/wp-content\/uploads\/2017\/08\/cooperativa-no-atrib-pq.jpg","inLanguage":"en-US"},{"@type":"WebPage","@id":"https:\/\/raed.academy\/en\/jose-luis-salido-reform-of-the-legal-regime-of-cooperatives\/","url":"https:\/\/raed.academy\/en\/jose-luis-salido-reform-of-the-legal-regime-of-cooperatives\/","name":"Legal reform of cooperatives to compete with trading companies | Royal European Academy of Doctors","isPartOf":{"@id":"https:\/\/raed.academy\/en\/#website"},"primaryImageOfPage":{"@id":"https:\/\/raed.academy\/en\/jose-luis-salido-reform-of-the-legal-regime-of-cooperatives\/#primaryimage"},"image":{"@id":"https:\/\/raed.academy\/en\/jose-luis-salido-reform-of-the-legal-regime-of-cooperatives\/#primaryimage"},"thumbnailUrl":"https:\/\/raed.academy\/wp-content\/uploads\/2017\/08\/cooperativa-no-atrib-pq.jpg","datePublished":"2017-07-30T04:43:39+00:00","dateModified":"2017-09-03T15:51:25+00:00","description":"Jos\u00e9 Luis Salido calls for a reform of the legal regime of cooperatives that allows them to compete with trading companies.","breadcrumb":{"@id":"https:\/\/raed.academy\/en\/jose-luis-salido-reform-of-the-legal-regime-of-cooperatives\/#breadcrumb"},"inLanguage":"en-US","potentialAction":[{"@type":"ReadAction","target":["https:\/\/raed.academy\/en\/jose-luis-salido-reform-of-the-legal-regime-of-cooperatives\/"]}]},{"@type":"ImageObject","inLanguage":"en-US","@id":"https:\/\/raed.academy\/en\/jose-luis-salido-reform-of-the-legal-regime-of-cooperatives\/#primaryimage","url":"https:\/\/raed.academy\/wp-content\/uploads\/2017\/08\/cooperativa-no-atrib-pq.jpg","contentUrl":"https:\/\/raed.academy\/wp-content\/uploads\/2017\/08\/cooperativa-no-atrib-pq.jpg","width":700,"height":250,"caption":"Legal reform of cooperatives to compete with trading companies"},{"@type":"BreadcrumbList","@id":"https:\/\/raed.academy\/en\/jose-luis-salido-reform-of-the-legal-regime-of-cooperatives\/#breadcrumb","itemListElement":[{"@type":"ListItem","position":1,"name":"Inicio","item":"https:\/\/raed.academy\/en\/"},{"@type":"ListItem","position":2,"name":"Legal reform of cooperatives to compete with trading companies"}]},{"@type":"WebSite","@id":"https:\/\/raed.academy\/en\/#website","url":"https:\/\/raed.academy\/en\/","name":"Royal European Academy of Doctors","description":"Corporaci\u00f3n de derecho p\u00fablico de car\u00e1cter cient\u00edfico, t\u00e9cnico y art\u00edstico, que tiene por objeto la investigaci\u00f3n, el estudio, el fomento y la extensi\u00f3n del conocimiento en su sentido m\u00e1s amplio.","publisher":{"@id":"https:\/\/raed.academy\/en\/#organization"},"potentialAction":[{"@type":"SearchAction","target":{"@type":"EntryPoint","urlTemplate":"https:\/\/raed.academy\/en\/?s={search_term_string}"},"query-input":{"@type":"PropertyValueSpecification","valueRequired":true,"valueName":"search_term_string"}}],"inLanguage":"en-US"},{"@type":"Organization","@id":"https:\/\/raed.academy\/en\/#organization","name":"Real Academia Europea de Doctores","url":"https:\/\/raed.academy\/en\/","logo":{"@type":"ImageObject","inLanguage":"en-US","@id":"https:\/\/raed.academy\/en\/#\/schema\/logo\/image\/","url":"https:\/\/raed.academy\/wp-content\/uploads\/2017\/01\/cropped-logo_raed.png","contentUrl":"https:\/\/raed.academy\/wp-content\/uploads\/2017\/01\/cropped-logo_raed.png","width":512,"height":512,"caption":"Real Academia Europea de Doctores"},"image":{"@id":"https:\/\/raed.academy\/en\/#\/schema\/logo\/image\/"},"sameAs":["http:\/\/fb.me\/raed.academy","https:\/\/x.com\/raedacademy","https:\/\/www.instagram.com\/raed.academy\/","https:\/\/www.youtube.com\/channel\/UCUYQwW2KrdirNWihxMDObwg"]},{"@type":"Person","@id":"https:\/\/raed.academy\/en\/#\/schema\/person\/5a755da80d1d979fd66ba745c8702927","name":"RAED","image":{"@type":"ImageObject","inLanguage":"en-US","@id":"https:\/\/secure.gravatar.com\/avatar\/19fdfdc0d67fb9c45714b703a2ac82251c4fcea3637f002ac3c9b74c0183583c?s=96&d=mm&r=g","url":"https:\/\/secure.gravatar.com\/avatar\/19fdfdc0d67fb9c45714b703a2ac82251c4fcea3637f002ac3c9b74c0183583c?s=96&d=mm&r=g","contentUrl":"https:\/\/secure.gravatar.com\/avatar\/19fdfdc0d67fb9c45714b703a2ac82251c4fcea3637f002ac3c9b74c0183583c?s=96&d=mm&r=g","caption":"RAED"}}]}},"_links":{"self":[{"href":"https:\/\/raed.academy\/en\/wp-json\/wp\/v2\/posts\/31640","targetHints":{"allow":["GET"]}}],"collection":[{"href":"https:\/\/raed.academy\/en\/wp-json\/wp\/v2\/posts"}],"about":[{"href":"https:\/\/raed.academy\/en\/wp-json\/wp\/v2\/types\/post"}],"author":[{"embeddable":true,"href":"https:\/\/raed.academy\/en\/wp-json\/wp\/v2\/users\/12"}],"replies":[{"embeddable":true,"href":"https:\/\/raed.academy\/en\/wp-json\/wp\/v2\/comments?post=31640"}],"version-history":[{"count":0,"href":"https:\/\/raed.academy\/en\/wp-json\/wp\/v2\/posts\/31640\/revisions"}],"wp:featuredmedia":[{"embeddable":true,"href":"https:\/\/raed.academy\/en\/wp-json\/wp\/v2\/media\/33079"}],"wp:attachment":[{"href":"https:\/\/raed.academy\/en\/wp-json\/wp\/v2\/media?parent=31640"}],"wp:term":[{"taxonomy":"category","embeddable":true,"href":"https:\/\/raed.academy\/en\/wp-json\/wp\/v2\/categories?post=31640"},{"taxonomy":"post_tag","embeddable":true,"href":"https:\/\/raed.academy\/en\/wp-json\/wp\/v2\/tags?post=31640"}],"curies":[{"name":"wp","href":"https:\/\/api.w.org\/{rel}","templated":true}]}}