{"id":30824,"date":"2017-07-18T01:17:25","date_gmt":"2017-07-18T01:17:25","guid":{"rendered":"http:\/\/raed.academy\/?p=30824\/"},"modified":"2017-07-20T11:50:53","modified_gmt":"2017-07-20T11:50:53","slug":"the-royal-european-academy-of-doctors-visits-the-royal-swedish-academy-of-engineering-in-stockholm","status":"publish","type":"post","link":"https:\/\/raed.academy\/en\/the-royal-european-academy-of-doctors-visits-the-royal-swedish-academy-of-engineering-in-stockholm\/","title":{"rendered":"The Royal European Academy of Doctors visits the Royal Swedish Academy of Engineering in Stockholm"},"content":{"rendered":"<p><span class=\"\" lang=\"en\"><span class=\"\">Participants in the European Congress of Interdisciplinary Research of the <strong>Royal European Academy of Doctors-Barcelona 1914<\/strong> (RAED) have visited the <a href=\"http:\/\/www.iva.se\" target=\"_blank\" rel=\"noopener\"><strong>Royal Swedish Academy of Engineering<\/strong><\/a> in Stockholm, stopping at its Library, which has a large collection of engineering books, some<\/span> them incunabula. The Academy has a great recognition in the Swedish society, since it has 1300 academics and 230 collaborating companies. Among its projects is the development of smart cities, cybersecurity, forestry innovation and electric rails that will allow the catenary to be eliminated. During the visit, <strong>Christer Fuglesang<\/strong>, the first Swedish astronaut and collaborator of the Academy, has recounted his experience on the International Space Station. <span class=\"\">The president of the RAED, <a href=\"http:\/\/raed.academy\/en\/academicians\/dr-alfredo-rocafort-nicolau\/\" target=\"_blank\" rel=\"noopener\"><strong>Alfredo Rocafort<\/strong><\/a>, has delivered a plaque commemorating the visit of the Spanish delegation.<\/span><\/span><\/p>\n\n\t\t<style type=\"text\/css\">\n\t\t\t#gallery-1 {\n\t\t\t\tmargin: auto;\n\t\t\t}\n\t\t\t#gallery-1 .gallery-item {\n\t\t\t\tfloat: left;\n\t\t\t\tmargin-top: 10px;\n\t\t\t\ttext-align: center;\n\t\t\t\twidth: 25%;\n\t\t\t}\n\t\t\t#gallery-1 img {\n\t\t\t\tborder: 2px solid #cfcfcf;\n\t\t\t}\n\t\t\t#gallery-1 .gallery-caption {\n\t\t\t\tmargin-left: 0;\n\t\t\t}\n\t\t\t\/* see gallery_shortcode() in wp-includes\/media.php *\/\n\t\t<\/style>\n\t\t<div id='gallery-1' class='gallery galleryid-30824 gallery-columns-4 gallery-size-medium'><dl class='gallery-item'>\n\t\t\t<dt class='gallery-icon landscape'>\n\t\t\t\t<a href='https:\/\/raed.academy\/wp-content\/uploads\/2017\/07\/Vice-President-of-IVA-Magnus-Breidne.jpg'><img loading=\"lazy\" decoding=\"async\" width=\"300\" height=\"200\" src=\"https:\/\/raed.academy\/wp-content\/uploads\/2017\/07\/Vice-President-of-IVA-Magnus-Breidne-300x200.jpg\" class=\"attachment-medium size-medium\" alt=\"\" aria-describedby=\"gallery-1-52025\" srcset=\"https:\/\/raed.academy\/wp-content\/uploads\/2017\/07\/Vice-President-of-IVA-Magnus-Breidne-300x200.jpg 300w, https:\/\/raed.academy\/wp-content\/uploads\/2017\/07\/Vice-President-of-IVA-Magnus-Breidne-768x512.jpg 768w, https:\/\/raed.academy\/wp-content\/uploads\/2017\/07\/Vice-President-of-IVA-Magnus-Breidne.jpg 850w\" sizes=\"(max-width: 300px) 100vw, 300px\" \/><\/a>\n\t\t\t<\/dt>\n\t\t\t\t<dd class='wp-caption-text gallery-caption' id='gallery-1-52025'>\n\t\t\t\tVice-President of IVA Magnus Breidne\n\t\t\t\t<\/dd><\/dl><dl class='gallery-item'>\n\t\t\t<dt class='gallery-icon landscape'>\n\t\t\t\t<a href='https:\/\/raed.academy\/wp-content\/uploads\/2017\/07\/3-Astronauta-Prof-Chriter-Fuglesang.jpg'><img loading=\"lazy\" decoding=\"async\" width=\"300\" height=\"200\" src=\"https:\/\/raed.academy\/wp-content\/uploads\/2017\/07\/3-Astronauta-Prof-Chriter-Fuglesang-300x200.jpg\" class=\"attachment-medium size-medium\" alt=\"\" aria-describedby=\"gallery-1-52017\" srcset=\"https:\/\/raed.academy\/wp-content\/uploads\/2017\/07\/3-Astronauta-Prof-Chriter-Fuglesang-300x200.jpg 300w, https:\/\/raed.academy\/wp-content\/uploads\/2017\/07\/3-Astronauta-Prof-Chriter-Fuglesang-768x512.jpg 768w, https:\/\/raed.academy\/wp-content\/uploads\/2017\/07\/3-Astronauta-Prof-Chriter-Fuglesang.jpg 850w\" sizes=\"(max-width: 300px) 100vw, 300px\" \/><\/a>\n\t\t\t<\/dt>\n\t\t\t\t<dd class='wp-caption-text gallery-caption' id='gallery-1-52017'>\n\t\t\t\tChriter Fuglesang\n\t\t\t\t<\/dd><\/dl><dl class='gallery-item'>\n\t\t\t<dt class='gallery-icon landscape'>\n\t\t\t\t<a href='https:\/\/raed.academy\/wp-content\/uploads\/2017\/07\/Delivery-commemorative-plaque-from-the-hands-of-Dr-Alfredo-Rocafort.jpg'><img loading=\"lazy\" decoding=\"async\" width=\"300\" height=\"200\" src=\"https:\/\/raed.academy\/wp-content\/uploads\/2017\/07\/Delivery-commemorative-plaque-from-the-hands-of-Dr-Alfredo-Rocafort-300x200.jpg\" class=\"attachment-medium size-medium\" alt=\"\" aria-describedby=\"gallery-1-52027\" srcset=\"https:\/\/raed.academy\/wp-content\/uploads\/2017\/07\/Delivery-commemorative-plaque-from-the-hands-of-Dr-Alfredo-Rocafort-300x200.jpg 300w, https:\/\/raed.academy\/wp-content\/uploads\/2017\/07\/Delivery-commemorative-plaque-from-the-hands-of-Dr-Alfredo-Rocafort-768x512.jpg 768w, https:\/\/raed.academy\/wp-content\/uploads\/2017\/07\/Delivery-commemorative-plaque-from-the-hands-of-Dr-Alfredo-Rocafort.jpg 850w\" sizes=\"(max-width: 300px) 100vw, 300px\" \/><\/a>\n\t\t\t<\/dt>\n\t\t\t\t<dd class='wp-caption-text gallery-caption' id='gallery-1-52027'>\n\t\t\t\tDelivery of the commemorative plaque from the hands of Dr. Alfredo Rocafort\n\t\t\t\t<\/dd><\/dl><dl class='gallery-item'>\n\t\t\t<dt class='gallery-icon landscape'>\n\t\t\t\t<a href='https:\/\/raed.academy\/wp-content\/uploads\/2017\/07\/2-visita-a-la-real-academia-sueca-de-ingenieria.jpg'><img loading=\"lazy\" decoding=\"async\" width=\"300\" height=\"200\" src=\"https:\/\/raed.academy\/wp-content\/uploads\/2017\/07\/2-visita-a-la-real-academia-sueca-de-ingenieria-300x200.jpg\" class=\"attachment-medium size-medium\" alt=\"\" srcset=\"https:\/\/raed.academy\/wp-content\/uploads\/2017\/07\/2-visita-a-la-real-academia-sueca-de-ingenieria-300x200.jpg 300w, https:\/\/raed.academy\/wp-content\/uploads\/2017\/07\/2-visita-a-la-real-academia-sueca-de-ingenieria-768x512.jpg 768w, https:\/\/raed.academy\/wp-content\/uploads\/2017\/07\/2-visita-a-la-real-academia-sueca-de-ingenieria.jpg 850w\" sizes=\"(max-width: 300px) 100vw, 300px\" \/><\/a>\n\t\t\t<\/dt><\/dl><br style=\"clear: both\" \/>\n\t\t<\/div>\n\n","protected":false},"excerpt":{"rendered":"<p>Participants in the European Congress of Interdisciplinary Research of the Royal European Academy of Doctors-Barcelona 1914 (RAED) have visited the Royal Swedish Academy of Engineering in Stockholm, stopping at its Library, which has a large collection of engineering books, some them incunabula. The Academy has a great recognition in the Swedish society, since it has [&hellip;]<\/p>\n","protected":false},"author":12,"featured_media":0,"comment_status":"closed","ping_status":"closed","sticky":false,"template":"","format":"standard","meta":{"_et_pb_use_builder":"","_et_pb_old_content":"","_et_gb_content_width":"","footnotes":""},"categories":[67],"tags":[],"class_list":["post-30824","post","type-post","status-publish","format-standard","hentry","category-uncategorized-6","et-doesnt-have-format-content","et_post_format-et-post-format-standard"],"yoast_head":"<!-- This site is optimized with the Yoast SEO plugin v27.4 - https:\/\/yoast.com\/product\/yoast-seo-wordpress\/ -->\n<title>The Royal European Academy of Doctors visits the Royal Swedish Academy of Engineering in Stockholm - Royal European Academy of Doctors<\/title>\n<meta name=\"robots\" content=\"index, follow, max-snippet:-1, max-image-preview:large, max-video-preview:-1\" \/>\n<link rel=\"canonical\" href=\"https:\/\/raed.academy\/en\/the-royal-european-academy-of-doctors-visits-the-royal-swedish-academy-of-engineering-in-stockholm\/\" \/>\n<meta property=\"og:locale\" content=\"en_US\" \/>\n<meta property=\"og:type\" content=\"article\" \/>\n<meta property=\"og:title\" content=\"The Royal European Academy of Doctors visits the Royal Swedish Academy of Engineering in Stockholm - Royal European Academy of Doctors\" \/>\n<meta property=\"og:description\" content=\"Participants in the European Congress of Interdisciplinary Research of the Royal European Academy of Doctors-Barcelona 1914 (RAED) have visited the Royal Swedish Academy of Engineering in Stockholm, stopping at its Library, which has a large collection of engineering books, some them incunabula. The Academy has a great recognition in the Swedish society, since it has [&hellip;]\" \/>\n<meta property=\"og:url\" content=\"https:\/\/raed.academy\/en\/the-royal-european-academy-of-doctors-visits-the-royal-swedish-academy-of-engineering-in-stockholm\/\" \/>\n<meta property=\"og:site_name\" content=\"Royal European Academy of Doctors\" \/>\n<meta property=\"article:publisher\" content=\"http:\/\/fb.me\/raed.academy\" \/>\n<meta property=\"article:published_time\" content=\"2017-07-18T01:17:25+00:00\" \/>\n<meta property=\"article:modified_time\" content=\"2017-07-20T11:50:53+00:00\" \/>\n<meta property=\"og:image\" content=\"https:\/\/raed.academy\/wp-content\/uploads\/2017\/07\/Vice-President-of-IVA-Magnus-Breidne-300x200.jpg\" \/>\n<meta name=\"author\" content=\"RAED\" \/>\n<meta name=\"twitter:card\" content=\"summary_large_image\" \/>\n<meta name=\"twitter:creator\" content=\"@raedacademy\" \/>\n<meta name=\"twitter:site\" content=\"@raedacademy\" \/>\n<meta name=\"twitter:label1\" content=\"Written by\" \/>\n\t<meta name=\"twitter:data1\" content=\"RAED\" \/>\n\t<meta name=\"twitter:label2\" content=\"Est. reading time\" \/>\n\t<meta name=\"twitter:data2\" content=\"1 minute\" \/>\n<script type=\"application\/ld+json\" class=\"yoast-schema-graph\">{\"@context\":\"https:\\\/\\\/schema.org\",\"@graph\":[{\"@type\":\"Article\",\"@id\":\"https:\\\/\\\/raed.academy\\\/en\\\/the-royal-european-academy-of-doctors-visits-the-royal-swedish-academy-of-engineering-in-stockholm\\\/#article\",\"isPartOf\":{\"@id\":\"https:\\\/\\\/raed.academy\\\/en\\\/the-royal-european-academy-of-doctors-visits-the-royal-swedish-academy-of-engineering-in-stockholm\\\/\"},\"author\":{\"name\":\"RAED\",\"@id\":\"https:\\\/\\\/raed.academy\\\/en\\\/#\\\/schema\\\/person\\\/5a755da80d1d979fd66ba745c8702927\"},\"headline\":\"The Royal European Academy of Doctors visits the Royal Swedish Academy of Engineering in Stockholm\",\"datePublished\":\"2017-07-18T01:17:25+00:00\",\"dateModified\":\"2017-07-20T11:50:53+00:00\",\"mainEntityOfPage\":{\"@id\":\"https:\\\/\\\/raed.academy\\\/en\\\/the-royal-european-academy-of-doctors-visits-the-royal-swedish-academy-of-engineering-in-stockholm\\\/\"},\"wordCount\":144,\"publisher\":{\"@id\":\"https:\\\/\\\/raed.academy\\\/en\\\/#organization\"},\"inLanguage\":\"en-US\"},{\"@type\":\"WebPage\",\"@id\":\"https:\\\/\\\/raed.academy\\\/en\\\/the-royal-european-academy-of-doctors-visits-the-royal-swedish-academy-of-engineering-in-stockholm\\\/\",\"url\":\"https:\\\/\\\/raed.academy\\\/en\\\/the-royal-european-academy-of-doctors-visits-the-royal-swedish-academy-of-engineering-in-stockholm\\\/\",\"name\":\"The Royal European Academy of Doctors visits the Royal Swedish Academy of Engineering in Stockholm - Royal European Academy of Doctors\",\"isPartOf\":{\"@id\":\"https:\\\/\\\/raed.academy\\\/en\\\/#website\"},\"datePublished\":\"2017-07-18T01:17:25+00:00\",\"dateModified\":\"2017-07-20T11:50:53+00:00\",\"breadcrumb\":{\"@id\":\"https:\\\/\\\/raed.academy\\\/en\\\/the-royal-european-academy-of-doctors-visits-the-royal-swedish-academy-of-engineering-in-stockholm\\\/#breadcrumb\"},\"inLanguage\":\"en-US\",\"potentialAction\":[{\"@type\":\"ReadAction\",\"target\":[\"https:\\\/\\\/raed.academy\\\/en\\\/the-royal-european-academy-of-doctors-visits-the-royal-swedish-academy-of-engineering-in-stockholm\\\/\"]}]},{\"@type\":\"BreadcrumbList\",\"@id\":\"https:\\\/\\\/raed.academy\\\/en\\\/the-royal-european-academy-of-doctors-visits-the-royal-swedish-academy-of-engineering-in-stockholm\\\/#breadcrumb\",\"itemListElement\":[{\"@type\":\"ListItem\",\"position\":1,\"name\":\"Inicio\",\"item\":\"https:\\\/\\\/raed.academy\\\/en\\\/\"},{\"@type\":\"ListItem\",\"position\":2,\"name\":\"The Royal European Academy of Doctors visits the Royal Swedish Academy of Engineering in Stockholm\"}]},{\"@type\":\"WebSite\",\"@id\":\"https:\\\/\\\/raed.academy\\\/en\\\/#website\",\"url\":\"https:\\\/\\\/raed.academy\\\/en\\\/\",\"name\":\"Royal European Academy of Doctors\",\"description\":\"Corporaci\u00f3n de derecho p\u00fablico de car\u00e1cter cient\u00edfico, t\u00e9cnico y art\u00edstico, que tiene por objeto la investigaci\u00f3n, el estudio, el fomento y la extensi\u00f3n del conocimiento en su sentido m\u00e1s amplio.\",\"publisher\":{\"@id\":\"https:\\\/\\\/raed.academy\\\/en\\\/#organization\"},\"potentialAction\":[{\"@type\":\"SearchAction\",\"target\":{\"@type\":\"EntryPoint\",\"urlTemplate\":\"https:\\\/\\\/raed.academy\\\/en\\\/?s={search_term_string}\"},\"query-input\":{\"@type\":\"PropertyValueSpecification\",\"valueRequired\":true,\"valueName\":\"search_term_string\"}}],\"inLanguage\":\"en-US\"},{\"@type\":\"Organization\",\"@id\":\"https:\\\/\\\/raed.academy\\\/en\\\/#organization\",\"name\":\"Real Academia Europea de Doctores\",\"url\":\"https:\\\/\\\/raed.academy\\\/en\\\/\",\"logo\":{\"@type\":\"ImageObject\",\"inLanguage\":\"en-US\",\"@id\":\"https:\\\/\\\/raed.academy\\\/en\\\/#\\\/schema\\\/logo\\\/image\\\/\",\"url\":\"https:\\\/\\\/raed.academy\\\/wp-content\\\/uploads\\\/2017\\\/01\\\/cropped-logo_raed.png\",\"contentUrl\":\"https:\\\/\\\/raed.academy\\\/wp-content\\\/uploads\\\/2017\\\/01\\\/cropped-logo_raed.png\",\"width\":512,\"height\":512,\"caption\":\"Real Academia Europea de Doctores\"},\"image\":{\"@id\":\"https:\\\/\\\/raed.academy\\\/en\\\/#\\\/schema\\\/logo\\\/image\\\/\"},\"sameAs\":[\"http:\\\/\\\/fb.me\\\/raed.academy\",\"https:\\\/\\\/x.com\\\/raedacademy\",\"https:\\\/\\\/www.instagram.com\\\/raed.academy\\\/\",\"https:\\\/\\\/www.youtube.com\\\/channel\\\/UCUYQwW2KrdirNWihxMDObwg\"]},{\"@type\":\"Person\",\"@id\":\"https:\\\/\\\/raed.academy\\\/en\\\/#\\\/schema\\\/person\\\/5a755da80d1d979fd66ba745c8702927\",\"name\":\"RAED\",\"image\":{\"@type\":\"ImageObject\",\"inLanguage\":\"en-US\",\"@id\":\"https:\\\/\\\/secure.gravatar.com\\\/avatar\\\/19fdfdc0d67fb9c45714b703a2ac82251c4fcea3637f002ac3c9b74c0183583c?s=96&d=mm&r=g\",\"url\":\"https:\\\/\\\/secure.gravatar.com\\\/avatar\\\/19fdfdc0d67fb9c45714b703a2ac82251c4fcea3637f002ac3c9b74c0183583c?s=96&d=mm&r=g\",\"contentUrl\":\"https:\\\/\\\/secure.gravatar.com\\\/avatar\\\/19fdfdc0d67fb9c45714b703a2ac82251c4fcea3637f002ac3c9b74c0183583c?s=96&d=mm&r=g\",\"caption\":\"RAED\"}}]}<\/script>\n<!-- \/ Yoast SEO plugin. -->","yoast_head_json":{"title":"The Royal European Academy of Doctors visits the Royal Swedish Academy of Engineering in Stockholm - Royal European Academy of Doctors","robots":{"index":"index","follow":"follow","max-snippet":"max-snippet:-1","max-image-preview":"max-image-preview:large","max-video-preview":"max-video-preview:-1"},"canonical":"https:\/\/raed.academy\/en\/the-royal-european-academy-of-doctors-visits-the-royal-swedish-academy-of-engineering-in-stockholm\/","og_locale":"en_US","og_type":"article","og_title":"The Royal European Academy of Doctors visits the Royal Swedish Academy of Engineering in Stockholm - Royal European Academy of Doctors","og_description":"Participants in the European Congress of Interdisciplinary Research of the Royal European Academy of Doctors-Barcelona 1914 (RAED) have visited the Royal Swedish Academy of Engineering in Stockholm, stopping at its Library, which has a large collection of engineering books, some them incunabula. The Academy has a great recognition in the Swedish society, since it has [&hellip;]","og_url":"https:\/\/raed.academy\/en\/the-royal-european-academy-of-doctors-visits-the-royal-swedish-academy-of-engineering-in-stockholm\/","og_site_name":"Royal European Academy of Doctors","article_publisher":"http:\/\/fb.me\/raed.academy","article_published_time":"2017-07-18T01:17:25+00:00","article_modified_time":"2017-07-20T11:50:53+00:00","og_image":[{"url":"https:\/\/raed.academy\/wp-content\/uploads\/2017\/07\/Vice-President-of-IVA-Magnus-Breidne-300x200.jpg","type":"","width":"","height":""}],"author":"RAED","twitter_card":"summary_large_image","twitter_creator":"@raedacademy","twitter_site":"@raedacademy","twitter_misc":{"Written by":"RAED","Est. reading time":"1 minute"},"schema":{"@context":"https:\/\/schema.org","@graph":[{"@type":"Article","@id":"https:\/\/raed.academy\/en\/the-royal-european-academy-of-doctors-visits-the-royal-swedish-academy-of-engineering-in-stockholm\/#article","isPartOf":{"@id":"https:\/\/raed.academy\/en\/the-royal-european-academy-of-doctors-visits-the-royal-swedish-academy-of-engineering-in-stockholm\/"},"author":{"name":"RAED","@id":"https:\/\/raed.academy\/en\/#\/schema\/person\/5a755da80d1d979fd66ba745c8702927"},"headline":"The Royal European Academy of Doctors visits the Royal Swedish Academy of Engineering in Stockholm","datePublished":"2017-07-18T01:17:25+00:00","dateModified":"2017-07-20T11:50:53+00:00","mainEntityOfPage":{"@id":"https:\/\/raed.academy\/en\/the-royal-european-academy-of-doctors-visits-the-royal-swedish-academy-of-engineering-in-stockholm\/"},"wordCount":144,"publisher":{"@id":"https:\/\/raed.academy\/en\/#organization"},"inLanguage":"en-US"},{"@type":"WebPage","@id":"https:\/\/raed.academy\/en\/the-royal-european-academy-of-doctors-visits-the-royal-swedish-academy-of-engineering-in-stockholm\/","url":"https:\/\/raed.academy\/en\/the-royal-european-academy-of-doctors-visits-the-royal-swedish-academy-of-engineering-in-stockholm\/","name":"The Royal European Academy of Doctors visits the Royal Swedish Academy of Engineering in Stockholm - Royal European Academy of Doctors","isPartOf":{"@id":"https:\/\/raed.academy\/en\/#website"},"datePublished":"2017-07-18T01:17:25+00:00","dateModified":"2017-07-20T11:50:53+00:00","breadcrumb":{"@id":"https:\/\/raed.academy\/en\/the-royal-european-academy-of-doctors-visits-the-royal-swedish-academy-of-engineering-in-stockholm\/#breadcrumb"},"inLanguage":"en-US","potentialAction":[{"@type":"ReadAction","target":["https:\/\/raed.academy\/en\/the-royal-european-academy-of-doctors-visits-the-royal-swedish-academy-of-engineering-in-stockholm\/"]}]},{"@type":"BreadcrumbList","@id":"https:\/\/raed.academy\/en\/the-royal-european-academy-of-doctors-visits-the-royal-swedish-academy-of-engineering-in-stockholm\/#breadcrumb","itemListElement":[{"@type":"ListItem","position":1,"name":"Inicio","item":"https:\/\/raed.academy\/en\/"},{"@type":"ListItem","position":2,"name":"The Royal European Academy of Doctors visits the Royal Swedish Academy of Engineering in Stockholm"}]},{"@type":"WebSite","@id":"https:\/\/raed.academy\/en\/#website","url":"https:\/\/raed.academy\/en\/","name":"Royal European Academy of Doctors","description":"Corporaci\u00f3n de derecho p\u00fablico de car\u00e1cter cient\u00edfico, t\u00e9cnico y art\u00edstico, que tiene por objeto la investigaci\u00f3n, el estudio, el fomento y la extensi\u00f3n del conocimiento en su sentido m\u00e1s amplio.","publisher":{"@id":"https:\/\/raed.academy\/en\/#organization"},"potentialAction":[{"@type":"SearchAction","target":{"@type":"EntryPoint","urlTemplate":"https:\/\/raed.academy\/en\/?s={search_term_string}"},"query-input":{"@type":"PropertyValueSpecification","valueRequired":true,"valueName":"search_term_string"}}],"inLanguage":"en-US"},{"@type":"Organization","@id":"https:\/\/raed.academy\/en\/#organization","name":"Real Academia Europea de Doctores","url":"https:\/\/raed.academy\/en\/","logo":{"@type":"ImageObject","inLanguage":"en-US","@id":"https:\/\/raed.academy\/en\/#\/schema\/logo\/image\/","url":"https:\/\/raed.academy\/wp-content\/uploads\/2017\/01\/cropped-logo_raed.png","contentUrl":"https:\/\/raed.academy\/wp-content\/uploads\/2017\/01\/cropped-logo_raed.png","width":512,"height":512,"caption":"Real Academia Europea de Doctores"},"image":{"@id":"https:\/\/raed.academy\/en\/#\/schema\/logo\/image\/"},"sameAs":["http:\/\/fb.me\/raed.academy","https:\/\/x.com\/raedacademy","https:\/\/www.instagram.com\/raed.academy\/","https:\/\/www.youtube.com\/channel\/UCUYQwW2KrdirNWihxMDObwg"]},{"@type":"Person","@id":"https:\/\/raed.academy\/en\/#\/schema\/person\/5a755da80d1d979fd66ba745c8702927","name":"RAED","image":{"@type":"ImageObject","inLanguage":"en-US","@id":"https:\/\/secure.gravatar.com\/avatar\/19fdfdc0d67fb9c45714b703a2ac82251c4fcea3637f002ac3c9b74c0183583c?s=96&d=mm&r=g","url":"https:\/\/secure.gravatar.com\/avatar\/19fdfdc0d67fb9c45714b703a2ac82251c4fcea3637f002ac3c9b74c0183583c?s=96&d=mm&r=g","contentUrl":"https:\/\/secure.gravatar.com\/avatar\/19fdfdc0d67fb9c45714b703a2ac82251c4fcea3637f002ac3c9b74c0183583c?s=96&d=mm&r=g","caption":"RAED"}}]}},"_links":{"self":[{"href":"https:\/\/raed.academy\/en\/wp-json\/wp\/v2\/posts\/30824","targetHints":{"allow":["GET"]}}],"collection":[{"href":"https:\/\/raed.academy\/en\/wp-json\/wp\/v2\/posts"}],"about":[{"href":"https:\/\/raed.academy\/en\/wp-json\/wp\/v2\/types\/post"}],"author":[{"embeddable":true,"href":"https:\/\/raed.academy\/en\/wp-json\/wp\/v2\/users\/12"}],"replies":[{"embeddable":true,"href":"https:\/\/raed.academy\/en\/wp-json\/wp\/v2\/comments?post=30824"}],"version-history":[{"count":0,"href":"https:\/\/raed.academy\/en\/wp-json\/wp\/v2\/posts\/30824\/revisions"}],"wp:attachment":[{"href":"https:\/\/raed.academy\/en\/wp-json\/wp\/v2\/media?parent=30824"}],"wp:term":[{"taxonomy":"category","embeddable":true,"href":"https:\/\/raed.academy\/en\/wp-json\/wp\/v2\/categories?post=30824"},{"taxonomy":"post_tag","embeddable":true,"href":"https:\/\/raed.academy\/en\/wp-json\/wp\/v2\/tags?post=30824"}],"curies":[{"name":"wp","href":"https:\/\/api.w.org\/{rel}","templated":true}]}}