{"id":30791,"date":"2017-07-18T23:28:08","date_gmt":"2017-07-18T23:28:08","guid":{"rendered":"http:\/\/raed.academy\/?p=30791\/"},"modified":"2017-07-20T16:13:05","modified_gmt":"2017-07-20T16:13:05","slug":"admission-speech-nobel-prize-jerome-friedman","status":"publish","type":"post","link":"https:\/\/raed.academy\/en\/admission-speech-nobel-prize-jerome-friedman\/","title":{"rendered":"The Nobel prize Jerome Friedman wonders if there are unknown particles inside the quarks during his admission as honorary academician of the RAED"},"content":{"rendered":"<p><span class=\"\" lang=\"en\"><span title=\"Jerome Friedman, premio Nobel de F\u00edsica por su demostraci\u00f3n emp\u00edrica de la existencia de los quarks, se pregunta si el interior de estos fermiones, considerados las part\u00edculas elementales m\u00e1s peque\u00f1as que existen, no se esconde algo m\u00e1s.\"><strong><a href=\"http:\/\/raed.academy\/wp-content\/uploads\/2017\/07\/discurso-de-ingreso-jerome-friedman-2.jpg\"><img loading=\"lazy\" decoding=\"async\" class=\"alignleft wp-image-30908 size-medium\" src=\"http:\/\/raed.academy\/wp-content\/uploads\/2017\/07\/discurso-de-ingreso-jerome-friedman-2-300x200.jpg\" alt=\"Admission speech of the Nobel Prize Jerome Friedman\" width=\"300\" height=\"200\" srcset=\"https:\/\/raed.academy\/wp-content\/uploads\/2017\/07\/discurso-de-ingreso-jerome-friedman-2-300x200.jpg 300w, https:\/\/raed.academy\/wp-content\/uploads\/2017\/07\/discurso-de-ingreso-jerome-friedman-2.jpg 700w\" sizes=\"(max-width: 300px) 100vw, 300px\" \/><\/a><a href=\"http:\/\/raed.academy\/wp-content\/uploads\/2017\/07\/discurso-de-ingreso-jerome-friedman-4.jpg\"><img loading=\"lazy\" decoding=\"async\" class=\"alignright wp-image-30924 size-medium\" src=\"http:\/\/raed.academy\/wp-content\/uploads\/2017\/07\/discurso-de-ingreso-jerome-friedman-4-300x269.jpg\" alt=\"\" width=\"300\" height=\"269\" srcset=\"https:\/\/raed.academy\/wp-content\/uploads\/2017\/07\/discurso-de-ingreso-jerome-friedman-4-300x269.jpg 300w, https:\/\/raed.academy\/wp-content\/uploads\/2017\/07\/discurso-de-ingreso-jerome-friedman-4.jpg 529w\" sizes=\"(max-width: 300px) 100vw, 300px\" \/><\/a>Jerome Friedman<\/strong>, Nobel prize in Physics for his empirical demonstration of the existence of quarks, wonders if the interior of these fermions, considered the smallest elementary particles that exist, doesn&#8217;t hide anything else. <\/span><span title=\"&quot;Los \u00faltimos descubrimientos de la Organizaci\u00f3n Europea para la Investigaci\u00f3n Nuclear (CERN) confirman la existencia real de estas part\u00edculas, pero \u00bfhay m\u00e1s part\u00edculas dentro de los quarks? No lo sabemos. Probablemente lo que nos falta por descubrir en f\u00edsica de part\u00edculas es m\u00e1s\">&#8220;The latest discoveries from the European Organization for Nuclear Research (CERN) confirm the actual existence of these particles, but are there more particles within the quarks? We don&#8217;t know. <span class=\"\">Probably what we have yet to discover in particle physics is more than we know&#8221;.<\/span><\/span><\/span><\/p>\n<p><span title=\"Friedman ha lanzado este interrogante durante su ingreso como acad\u00e9mico de honor de la Real Academia Europea de Doctores-Barcelona 1914 (RAED), que se ha realizado en el marco de su III Acto Internacional, el Congreso Europeo de Investigaciones Interdisciplinarias, que la RAED lleva\">Friedman has launched this question during his admission as honorary academician of the <strong>Royal European Academy of Doctors-Barcelona 1914<\/strong> (RAED), which was held in the framework of its III International Event, the European Congress of Interdisciplinary Research, which the RAED <span id=\"result_box\" class=\"\" lang=\"en\"><span class=\"\">carries out these days in<\/span><\/span><\/span><span title=\"a cabo estos d\u00edas en diferentes ciudades del B\u00e1ltico.\"> different Baltic cities. <\/span><span title=\"El Nobel ha le\u00eddo el discurso &quot;Are we really made of quarks?&quot;.\">The Nobel has read the speech <strong>&#8220;Are we really made of quarks?&#8221;<\/strong>. <\/span><span title=\"La contestaci\u00f3n en nombre de la Real Academia ha corrido a cargo de la acad\u00e9mica de n\u00famero y presidenta de la Secci\u00f3n de Ciencias de la Salud Maria \u00c0ngels Calvo.\">The answer in the name of the Royal Academy has been in charge of the full academician and president of the Section of Health Sciences <a href=\"http:\/\/raed.academy\/en\/academicians\/dra-maria-dels-angels-calvo-torras\/\" target=\"_blank\" rel=\"noopener\"><strong>Maria \u00c0ngels Calvo<\/strong><\/a>.<\/span><\/p>\n<p><a href=\"http:\/\/raed.academy\/wp-content\/uploads\/2017\/07\/discurso-de-ingreso-jerome-friedman.jpg\"><img loading=\"lazy\" decoding=\"async\" class=\"aligncenter wp-image-30906 size-full\" src=\"http:\/\/raed.academy\/wp-content\/uploads\/2017\/07\/discurso-de-ingreso-jerome-friedman.jpg\" alt=\"Admission speech of the Nobel Prize Jerome Friedman\" width=\"800\" height=\"533\" srcset=\"https:\/\/raed.academy\/wp-content\/uploads\/2017\/07\/discurso-de-ingreso-jerome-friedman.jpg 800w, https:\/\/raed.academy\/wp-content\/uploads\/2017\/07\/discurso-de-ingreso-jerome-friedman-300x200.jpg 300w, https:\/\/raed.academy\/wp-content\/uploads\/2017\/07\/discurso-de-ingreso-jerome-friedman-768x512.jpg 768w\" sizes=\"(max-width: 800px) 100vw, 800px\" \/><\/a><\/p>\n","protected":false},"excerpt":{"rendered":"<p>Jerome Friedman, Nobel prize in Physics for his empirical demonstration of the existence of quarks, wonders if the interior of these fermions, considered the smallest elementary particles that exist, doesn&#8217;t hide anything else. &#8220;The latest discoveries from the European Organization for Nuclear Research (CERN) confirm the actual existence of these particles, but are there more [&hellip;]<\/p>\n","protected":false},"author":12,"featured_media":0,"comment_status":"closed","ping_status":"closed","sticky":false,"template":"","format":"standard","meta":{"_et_pb_use_builder":"","_et_pb_old_content":"","_et_gb_content_width":"","footnotes":""},"categories":[144],"tags":[476],"class_list":["post-30791","post","type-post","status-publish","format-standard","hentry","category-acts-admission-academicians","tag-academicians-income","et-doesnt-have-format-content","et_post_format-et-post-format-standard"],"yoast_head":"<!-- This site is optimized with the Yoast SEO plugin v27.4 - https:\/\/yoast.com\/product\/yoast-seo-wordpress\/ -->\n<title>Admission speech of the Nobel Prize Jerome Friedman | Royal European Academy of Doctors<\/title>\n<meta name=\"description\" content=\"Admission speech of the Nobel Prize Jerome Friedman as honorary academician of the RAED. He wonders if there are unknown particles inside the quarks.\" \/>\n<meta name=\"robots\" content=\"index, follow, max-snippet:-1, max-image-preview:large, max-video-preview:-1\" \/>\n<link rel=\"canonical\" href=\"https:\/\/raed.academy\/en\/admission-speech-nobel-prize-jerome-friedman\/\" \/>\n<meta property=\"og:locale\" content=\"en_US\" \/>\n<meta property=\"og:type\" content=\"article\" \/>\n<meta property=\"og:title\" content=\"Admission speech of the Nobel Prize Jerome Friedman | Royal European Academy of Doctors\" \/>\n<meta property=\"og:description\" content=\"Admission speech of the Nobel Prize Jerome Friedman as honorary academician of the RAED. He wonders if there are unknown particles inside the quarks.\" \/>\n<meta property=\"og:url\" content=\"https:\/\/raed.academy\/en\/admission-speech-nobel-prize-jerome-friedman\/\" \/>\n<meta property=\"og:site_name\" content=\"Royal European Academy of Doctors\" \/>\n<meta property=\"article:publisher\" content=\"http:\/\/fb.me\/raed.academy\" \/>\n<meta property=\"article:published_time\" content=\"2017-07-18T23:28:08+00:00\" \/>\n<meta property=\"article:modified_time\" content=\"2017-07-20T16:13:05+00:00\" \/>\n<meta property=\"og:image\" content=\"http:\/\/raed.academy\/wp-content\/uploads\/2017\/07\/discurso-de-ingreso-jerome-friedman-2-300x200.jpg\" \/>\n<meta name=\"author\" content=\"RAED\" \/>\n<meta name=\"twitter:card\" content=\"summary_large_image\" \/>\n<meta name=\"twitter:creator\" content=\"@raedacademy\" \/>\n<meta name=\"twitter:site\" content=\"@raedacademy\" \/>\n<meta name=\"twitter:label1\" content=\"Written by\" \/>\n\t<meta name=\"twitter:data1\" content=\"RAED\" \/>\n\t<meta name=\"twitter:label2\" content=\"Est. reading time\" \/>\n\t<meta name=\"twitter:data2\" content=\"1 minute\" \/>\n<script type=\"application\/ld+json\" class=\"yoast-schema-graph\">{\"@context\":\"https:\\\/\\\/schema.org\",\"@graph\":[{\"@type\":\"Article\",\"@id\":\"https:\\\/\\\/raed.academy\\\/en\\\/admission-speech-nobel-prize-jerome-friedman\\\/#article\",\"isPartOf\":{\"@id\":\"https:\\\/\\\/raed.academy\\\/en\\\/admission-speech-nobel-prize-jerome-friedman\\\/\"},\"author\":{\"name\":\"RAED\",\"@id\":\"https:\\\/\\\/raed.academy\\\/en\\\/#\\\/schema\\\/person\\\/5a755da80d1d979fd66ba745c8702927\"},\"headline\":\"The Nobel prize Jerome Friedman wonders if there are unknown particles inside the quarks during his admission as honorary academician of the RAED\",\"datePublished\":\"2017-07-18T23:28:08+00:00\",\"dateModified\":\"2017-07-20T16:13:05+00:00\",\"mainEntityOfPage\":{\"@id\":\"https:\\\/\\\/raed.academy\\\/en\\\/admission-speech-nobel-prize-jerome-friedman\\\/\"},\"wordCount\":189,\"publisher\":{\"@id\":\"https:\\\/\\\/raed.academy\\\/en\\\/#organization\"},\"image\":{\"@id\":\"https:\\\/\\\/raed.academy\\\/en\\\/admission-speech-nobel-prize-jerome-friedman\\\/#primaryimage\"},\"thumbnailUrl\":\"http:\\\/\\\/raed.academy\\\/wp-content\\\/uploads\\\/2017\\\/07\\\/discurso-de-ingreso-jerome-friedman-2-300x200.jpg\",\"keywords\":[\"academicians income\"],\"articleSection\":[\"Acts of admission as academicians\"],\"inLanguage\":\"en-US\"},{\"@type\":\"WebPage\",\"@id\":\"https:\\\/\\\/raed.academy\\\/en\\\/admission-speech-nobel-prize-jerome-friedman\\\/\",\"url\":\"https:\\\/\\\/raed.academy\\\/en\\\/admission-speech-nobel-prize-jerome-friedman\\\/\",\"name\":\"Admission speech of the Nobel Prize Jerome Friedman | Royal European Academy of Doctors\",\"isPartOf\":{\"@id\":\"https:\\\/\\\/raed.academy\\\/en\\\/#website\"},\"primaryImageOfPage\":{\"@id\":\"https:\\\/\\\/raed.academy\\\/en\\\/admission-speech-nobel-prize-jerome-friedman\\\/#primaryimage\"},\"image\":{\"@id\":\"https:\\\/\\\/raed.academy\\\/en\\\/admission-speech-nobel-prize-jerome-friedman\\\/#primaryimage\"},\"thumbnailUrl\":\"http:\\\/\\\/raed.academy\\\/wp-content\\\/uploads\\\/2017\\\/07\\\/discurso-de-ingreso-jerome-friedman-2-300x200.jpg\",\"datePublished\":\"2017-07-18T23:28:08+00:00\",\"dateModified\":\"2017-07-20T16:13:05+00:00\",\"description\":\"Admission speech of the Nobel Prize Jerome Friedman as honorary academician of the RAED. He wonders if there are unknown particles inside the quarks.\",\"breadcrumb\":{\"@id\":\"https:\\\/\\\/raed.academy\\\/en\\\/admission-speech-nobel-prize-jerome-friedman\\\/#breadcrumb\"},\"inLanguage\":\"en-US\",\"potentialAction\":[{\"@type\":\"ReadAction\",\"target\":[\"https:\\\/\\\/raed.academy\\\/en\\\/admission-speech-nobel-prize-jerome-friedman\\\/\"]}]},{\"@type\":\"ImageObject\",\"inLanguage\":\"en-US\",\"@id\":\"https:\\\/\\\/raed.academy\\\/en\\\/admission-speech-nobel-prize-jerome-friedman\\\/#primaryimage\",\"url\":\"http:\\\/\\\/raed.academy\\\/wp-content\\\/uploads\\\/2017\\\/07\\\/discurso-de-ingreso-jerome-friedman-2-300x200.jpg\",\"contentUrl\":\"http:\\\/\\\/raed.academy\\\/wp-content\\\/uploads\\\/2017\\\/07\\\/discurso-de-ingreso-jerome-friedman-2-300x200.jpg\"},{\"@type\":\"BreadcrumbList\",\"@id\":\"https:\\\/\\\/raed.academy\\\/en\\\/admission-speech-nobel-prize-jerome-friedman\\\/#breadcrumb\",\"itemListElement\":[{\"@type\":\"ListItem\",\"position\":1,\"name\":\"Inicio\",\"item\":\"https:\\\/\\\/raed.academy\\\/en\\\/\"},{\"@type\":\"ListItem\",\"position\":2,\"name\":\"The Nobel prize Jerome Friedman wonders if there are unknown particles inside the quarks during his admission as honorary academician of the RAED\"}]},{\"@type\":\"WebSite\",\"@id\":\"https:\\\/\\\/raed.academy\\\/en\\\/#website\",\"url\":\"https:\\\/\\\/raed.academy\\\/en\\\/\",\"name\":\"Royal European Academy of Doctors\",\"description\":\"Corporaci\u00f3n de derecho p\u00fablico de car\u00e1cter cient\u00edfico, t\u00e9cnico y art\u00edstico, que tiene por objeto la investigaci\u00f3n, el estudio, el fomento y la extensi\u00f3n del conocimiento en su sentido m\u00e1s amplio.\",\"publisher\":{\"@id\":\"https:\\\/\\\/raed.academy\\\/en\\\/#organization\"},\"potentialAction\":[{\"@type\":\"SearchAction\",\"target\":{\"@type\":\"EntryPoint\",\"urlTemplate\":\"https:\\\/\\\/raed.academy\\\/en\\\/?s={search_term_string}\"},\"query-input\":{\"@type\":\"PropertyValueSpecification\",\"valueRequired\":true,\"valueName\":\"search_term_string\"}}],\"inLanguage\":\"en-US\"},{\"@type\":\"Organization\",\"@id\":\"https:\\\/\\\/raed.academy\\\/en\\\/#organization\",\"name\":\"Real Academia Europea de Doctores\",\"url\":\"https:\\\/\\\/raed.academy\\\/en\\\/\",\"logo\":{\"@type\":\"ImageObject\",\"inLanguage\":\"en-US\",\"@id\":\"https:\\\/\\\/raed.academy\\\/en\\\/#\\\/schema\\\/logo\\\/image\\\/\",\"url\":\"https:\\\/\\\/raed.academy\\\/wp-content\\\/uploads\\\/2017\\\/01\\\/cropped-logo_raed.png\",\"contentUrl\":\"https:\\\/\\\/raed.academy\\\/wp-content\\\/uploads\\\/2017\\\/01\\\/cropped-logo_raed.png\",\"width\":512,\"height\":512,\"caption\":\"Real Academia Europea de Doctores\"},\"image\":{\"@id\":\"https:\\\/\\\/raed.academy\\\/en\\\/#\\\/schema\\\/logo\\\/image\\\/\"},\"sameAs\":[\"http:\\\/\\\/fb.me\\\/raed.academy\",\"https:\\\/\\\/x.com\\\/raedacademy\",\"https:\\\/\\\/www.instagram.com\\\/raed.academy\\\/\",\"https:\\\/\\\/www.youtube.com\\\/channel\\\/UCUYQwW2KrdirNWihxMDObwg\"]},{\"@type\":\"Person\",\"@id\":\"https:\\\/\\\/raed.academy\\\/en\\\/#\\\/schema\\\/person\\\/5a755da80d1d979fd66ba745c8702927\",\"name\":\"RAED\",\"image\":{\"@type\":\"ImageObject\",\"inLanguage\":\"en-US\",\"@id\":\"https:\\\/\\\/secure.gravatar.com\\\/avatar\\\/19fdfdc0d67fb9c45714b703a2ac82251c4fcea3637f002ac3c9b74c0183583c?s=96&d=mm&r=g\",\"url\":\"https:\\\/\\\/secure.gravatar.com\\\/avatar\\\/19fdfdc0d67fb9c45714b703a2ac82251c4fcea3637f002ac3c9b74c0183583c?s=96&d=mm&r=g\",\"contentUrl\":\"https:\\\/\\\/secure.gravatar.com\\\/avatar\\\/19fdfdc0d67fb9c45714b703a2ac82251c4fcea3637f002ac3c9b74c0183583c?s=96&d=mm&r=g\",\"caption\":\"RAED\"}}]}<\/script>\n<!-- \/ Yoast SEO plugin. -->","yoast_head_json":{"title":"Admission speech of the Nobel Prize Jerome Friedman | Royal European Academy of Doctors","description":"Admission speech of the Nobel Prize Jerome Friedman as honorary academician of the RAED. He wonders if there are unknown particles inside the quarks.","robots":{"index":"index","follow":"follow","max-snippet":"max-snippet:-1","max-image-preview":"max-image-preview:large","max-video-preview":"max-video-preview:-1"},"canonical":"https:\/\/raed.academy\/en\/admission-speech-nobel-prize-jerome-friedman\/","og_locale":"en_US","og_type":"article","og_title":"Admission speech of the Nobel Prize Jerome Friedman | Royal European Academy of Doctors","og_description":"Admission speech of the Nobel Prize Jerome Friedman as honorary academician of the RAED. He wonders if there are unknown particles inside the quarks.","og_url":"https:\/\/raed.academy\/en\/admission-speech-nobel-prize-jerome-friedman\/","og_site_name":"Royal European Academy of Doctors","article_publisher":"http:\/\/fb.me\/raed.academy","article_published_time":"2017-07-18T23:28:08+00:00","article_modified_time":"2017-07-20T16:13:05+00:00","og_image":[{"url":"http:\/\/raed.academy\/wp-content\/uploads\/2017\/07\/discurso-de-ingreso-jerome-friedman-2-300x200.jpg","type":"","width":"","height":""}],"author":"RAED","twitter_card":"summary_large_image","twitter_creator":"@raedacademy","twitter_site":"@raedacademy","twitter_misc":{"Written by":"RAED","Est. reading time":"1 minute"},"schema":{"@context":"https:\/\/schema.org","@graph":[{"@type":"Article","@id":"https:\/\/raed.academy\/en\/admission-speech-nobel-prize-jerome-friedman\/#article","isPartOf":{"@id":"https:\/\/raed.academy\/en\/admission-speech-nobel-prize-jerome-friedman\/"},"author":{"name":"RAED","@id":"https:\/\/raed.academy\/en\/#\/schema\/person\/5a755da80d1d979fd66ba745c8702927"},"headline":"The Nobel prize Jerome Friedman wonders if there are unknown particles inside the quarks during his admission as honorary academician of the RAED","datePublished":"2017-07-18T23:28:08+00:00","dateModified":"2017-07-20T16:13:05+00:00","mainEntityOfPage":{"@id":"https:\/\/raed.academy\/en\/admission-speech-nobel-prize-jerome-friedman\/"},"wordCount":189,"publisher":{"@id":"https:\/\/raed.academy\/en\/#organization"},"image":{"@id":"https:\/\/raed.academy\/en\/admission-speech-nobel-prize-jerome-friedman\/#primaryimage"},"thumbnailUrl":"http:\/\/raed.academy\/wp-content\/uploads\/2017\/07\/discurso-de-ingreso-jerome-friedman-2-300x200.jpg","keywords":["academicians income"],"articleSection":["Acts of admission as academicians"],"inLanguage":"en-US"},{"@type":"WebPage","@id":"https:\/\/raed.academy\/en\/admission-speech-nobel-prize-jerome-friedman\/","url":"https:\/\/raed.academy\/en\/admission-speech-nobel-prize-jerome-friedman\/","name":"Admission speech of the Nobel Prize Jerome Friedman | Royal European Academy of Doctors","isPartOf":{"@id":"https:\/\/raed.academy\/en\/#website"},"primaryImageOfPage":{"@id":"https:\/\/raed.academy\/en\/admission-speech-nobel-prize-jerome-friedman\/#primaryimage"},"image":{"@id":"https:\/\/raed.academy\/en\/admission-speech-nobel-prize-jerome-friedman\/#primaryimage"},"thumbnailUrl":"http:\/\/raed.academy\/wp-content\/uploads\/2017\/07\/discurso-de-ingreso-jerome-friedman-2-300x200.jpg","datePublished":"2017-07-18T23:28:08+00:00","dateModified":"2017-07-20T16:13:05+00:00","description":"Admission speech of the Nobel Prize Jerome Friedman as honorary academician of the RAED. He wonders if there are unknown particles inside the quarks.","breadcrumb":{"@id":"https:\/\/raed.academy\/en\/admission-speech-nobel-prize-jerome-friedman\/#breadcrumb"},"inLanguage":"en-US","potentialAction":[{"@type":"ReadAction","target":["https:\/\/raed.academy\/en\/admission-speech-nobel-prize-jerome-friedman\/"]}]},{"@type":"ImageObject","inLanguage":"en-US","@id":"https:\/\/raed.academy\/en\/admission-speech-nobel-prize-jerome-friedman\/#primaryimage","url":"http:\/\/raed.academy\/wp-content\/uploads\/2017\/07\/discurso-de-ingreso-jerome-friedman-2-300x200.jpg","contentUrl":"http:\/\/raed.academy\/wp-content\/uploads\/2017\/07\/discurso-de-ingreso-jerome-friedman-2-300x200.jpg"},{"@type":"BreadcrumbList","@id":"https:\/\/raed.academy\/en\/admission-speech-nobel-prize-jerome-friedman\/#breadcrumb","itemListElement":[{"@type":"ListItem","position":1,"name":"Inicio","item":"https:\/\/raed.academy\/en\/"},{"@type":"ListItem","position":2,"name":"The Nobel prize Jerome Friedman wonders if there are unknown particles inside the quarks during his admission as honorary academician of the RAED"}]},{"@type":"WebSite","@id":"https:\/\/raed.academy\/en\/#website","url":"https:\/\/raed.academy\/en\/","name":"Royal European Academy of Doctors","description":"Corporaci\u00f3n de derecho p\u00fablico de car\u00e1cter cient\u00edfico, t\u00e9cnico y art\u00edstico, que tiene por objeto la investigaci\u00f3n, el estudio, el fomento y la extensi\u00f3n del conocimiento en su sentido m\u00e1s amplio.","publisher":{"@id":"https:\/\/raed.academy\/en\/#organization"},"potentialAction":[{"@type":"SearchAction","target":{"@type":"EntryPoint","urlTemplate":"https:\/\/raed.academy\/en\/?s={search_term_string}"},"query-input":{"@type":"PropertyValueSpecification","valueRequired":true,"valueName":"search_term_string"}}],"inLanguage":"en-US"},{"@type":"Organization","@id":"https:\/\/raed.academy\/en\/#organization","name":"Real Academia Europea de Doctores","url":"https:\/\/raed.academy\/en\/","logo":{"@type":"ImageObject","inLanguage":"en-US","@id":"https:\/\/raed.academy\/en\/#\/schema\/logo\/image\/","url":"https:\/\/raed.academy\/wp-content\/uploads\/2017\/01\/cropped-logo_raed.png","contentUrl":"https:\/\/raed.academy\/wp-content\/uploads\/2017\/01\/cropped-logo_raed.png","width":512,"height":512,"caption":"Real Academia Europea de Doctores"},"image":{"@id":"https:\/\/raed.academy\/en\/#\/schema\/logo\/image\/"},"sameAs":["http:\/\/fb.me\/raed.academy","https:\/\/x.com\/raedacademy","https:\/\/www.instagram.com\/raed.academy\/","https:\/\/www.youtube.com\/channel\/UCUYQwW2KrdirNWihxMDObwg"]},{"@type":"Person","@id":"https:\/\/raed.academy\/en\/#\/schema\/person\/5a755da80d1d979fd66ba745c8702927","name":"RAED","image":{"@type":"ImageObject","inLanguage":"en-US","@id":"https:\/\/secure.gravatar.com\/avatar\/19fdfdc0d67fb9c45714b703a2ac82251c4fcea3637f002ac3c9b74c0183583c?s=96&d=mm&r=g","url":"https:\/\/secure.gravatar.com\/avatar\/19fdfdc0d67fb9c45714b703a2ac82251c4fcea3637f002ac3c9b74c0183583c?s=96&d=mm&r=g","contentUrl":"https:\/\/secure.gravatar.com\/avatar\/19fdfdc0d67fb9c45714b703a2ac82251c4fcea3637f002ac3c9b74c0183583c?s=96&d=mm&r=g","caption":"RAED"}}]}},"_links":{"self":[{"href":"https:\/\/raed.academy\/en\/wp-json\/wp\/v2\/posts\/30791","targetHints":{"allow":["GET"]}}],"collection":[{"href":"https:\/\/raed.academy\/en\/wp-json\/wp\/v2\/posts"}],"about":[{"href":"https:\/\/raed.academy\/en\/wp-json\/wp\/v2\/types\/post"}],"author":[{"embeddable":true,"href":"https:\/\/raed.academy\/en\/wp-json\/wp\/v2\/users\/12"}],"replies":[{"embeddable":true,"href":"https:\/\/raed.academy\/en\/wp-json\/wp\/v2\/comments?post=30791"}],"version-history":[{"count":0,"href":"https:\/\/raed.academy\/en\/wp-json\/wp\/v2\/posts\/30791\/revisions"}],"wp:attachment":[{"href":"https:\/\/raed.academy\/en\/wp-json\/wp\/v2\/media?parent=30791"}],"wp:term":[{"taxonomy":"category","embeddable":true,"href":"https:\/\/raed.academy\/en\/wp-json\/wp\/v2\/categories?post=30791"},{"taxonomy":"post_tag","embeddable":true,"href":"https:\/\/raed.academy\/en\/wp-json\/wp\/v2\/tags?post=30791"}],"curies":[{"name":"wp","href":"https:\/\/api.w.org\/{rel}","templated":true}]}}