{"id":30768,"date":"2017-07-14T21:27:42","date_gmt":"2017-07-14T21:27:42","guid":{"rendered":"http:\/\/raed.academy\/?p=30768\/"},"modified":"2017-07-20T08:05:56","modified_gmt":"2017-07-20T08:05:56","slug":"santiago-castella-contends-arguments-against-the-referendum-of-independence","status":"publish","type":"post","link":"https:\/\/raed.academy\/en\/santiago-castella-contends-arguments-against-the-referendum-of-independence\/","title":{"rendered":"Santiago Castell\u00e0 contends arguments against the referendum of independence raised by the Catalan government in an interview with the Russian channel Sputnik"},"content":{"rendered":"<p><span class=\"\" lang=\"en\"><span class=\"\"><a href=\"http:\/\/raed.academy\/en\/academicians\/dr-santiago-jose-castella-surribas\/\" target=\"_blank\" rel=\"noopener\"><strong>Santiago Castell\u00e1<\/strong><\/a>, full academician of the <strong>Royal European Academy of Doctors-Barcelona 1914<\/strong> (RAED), has argued the lack of democratic guarantees of the referendum on the independence of Catalonia that plans to organize the Government of the Generalitat in a videoconference interview on the channel<\/span> of Russian TV Sputnik.<\/span><\/p>\n<p><span class=\"\">&#8220;The right of self-determination appealed to by the Generalitat has only been applied to oppressed peoples as the paradigmatic case of South Africa under apartheid or occupied as might be the case of Palestine with Israel&#8221;, says the academician in his statements.<\/span> &#8220;For the UN, moreover, it gives priority to the territorial integrity of States over the self-determination of peoples already constituted in a democratic way within a State&#8221;, he adds.<\/p>\n","protected":false},"excerpt":{"rendered":"<p>Santiago Castell\u00e1, full academician of the Royal European Academy of Doctors-Barcelona 1914 (RAED), has argued the lack of democratic guarantees of the referendum on the independence of Catalonia that plans to organize the Government of the Generalitat in a videoconference interview on the channel of Russian TV Sputnik. &#8220;The right of self-determination appealed to by [&hellip;]<\/p>\n","protected":false},"author":12,"featured_media":0,"comment_status":"closed","ping_status":"closed","sticky":false,"template":"","format":"standard","meta":{"_et_pb_use_builder":"","_et_pb_old_content":"","_et_gb_content_width":"","footnotes":""},"categories":[177],"tags":[],"class_list":["post-30768","post","type-post","status-publish","format-standard","hentry","category-academicians-in-society","et-doesnt-have-format-content","et_post_format-et-post-format-standard"],"yoast_head":"<!-- This site is optimized with the Yoast SEO plugin v27.4 - https:\/\/yoast.com\/product\/yoast-seo-wordpress\/ -->\n<title>Santiago Castell\u00e0 contends arguments against the referendum of independence | Royal European Academy of Doctors<\/title>\n<meta name=\"description\" content=\"Santiago Castell\u00e0 contends arguments against the referendum of independence raised by the Catalan government in an interview with Sputnik.\" \/>\n<meta name=\"robots\" content=\"index, follow, max-snippet:-1, max-image-preview:large, max-video-preview:-1\" \/>\n<link rel=\"canonical\" href=\"https:\/\/raed.academy\/en\/santiago-castella-contends-arguments-against-the-referendum-of-independence\/\" \/>\n<meta property=\"og:locale\" content=\"en_US\" \/>\n<meta property=\"og:type\" content=\"article\" \/>\n<meta property=\"og:title\" content=\"Santiago Castell\u00e0 contends arguments against the referendum of independence | Royal European Academy of Doctors\" \/>\n<meta property=\"og:description\" content=\"Santiago Castell\u00e0 contends arguments against the referendum of independence raised by the Catalan government in an interview with Sputnik.\" \/>\n<meta property=\"og:url\" content=\"https:\/\/raed.academy\/en\/santiago-castella-contends-arguments-against-the-referendum-of-independence\/\" \/>\n<meta property=\"og:site_name\" content=\"Royal European Academy of Doctors\" \/>\n<meta property=\"article:publisher\" content=\"http:\/\/fb.me\/raed.academy\" \/>\n<meta property=\"article:published_time\" content=\"2017-07-14T21:27:42+00:00\" \/>\n<meta property=\"article:modified_time\" content=\"2017-07-20T08:05:56+00:00\" \/>\n<meta name=\"author\" content=\"RAED\" \/>\n<meta name=\"twitter:card\" content=\"summary_large_image\" \/>\n<meta name=\"twitter:creator\" content=\"@raedacademy\" \/>\n<meta name=\"twitter:site\" content=\"@raedacademy\" \/>\n<meta name=\"twitter:label1\" content=\"Written by\" \/>\n\t<meta name=\"twitter:data1\" content=\"RAED\" \/>\n\t<meta name=\"twitter:label2\" content=\"Est. reading time\" \/>\n\t<meta name=\"twitter:data2\" content=\"1 minute\" \/>\n<script type=\"application\/ld+json\" class=\"yoast-schema-graph\">{\"@context\":\"https:\\\/\\\/schema.org\",\"@graph\":[{\"@type\":\"Article\",\"@id\":\"https:\\\/\\\/raed.academy\\\/en\\\/santiago-castella-contends-arguments-against-the-referendum-of-independence\\\/#article\",\"isPartOf\":{\"@id\":\"https:\\\/\\\/raed.academy\\\/en\\\/santiago-castella-contends-arguments-against-the-referendum-of-independence\\\/\"},\"author\":{\"name\":\"RAED\",\"@id\":\"https:\\\/\\\/raed.academy\\\/en\\\/#\\\/schema\\\/person\\\/5a755da80d1d979fd66ba745c8702927\"},\"headline\":\"Santiago Castell\u00e0 contends arguments against the referendum of independence raised by the Catalan government in an interview with the Russian channel Sputnik\",\"datePublished\":\"2017-07-14T21:27:42+00:00\",\"dateModified\":\"2017-07-20T08:05:56+00:00\",\"mainEntityOfPage\":{\"@id\":\"https:\\\/\\\/raed.academy\\\/en\\\/santiago-castella-contends-arguments-against-the-referendum-of-independence\\\/\"},\"wordCount\":140,\"publisher\":{\"@id\":\"https:\\\/\\\/raed.academy\\\/en\\\/#organization\"},\"articleSection\":[\"Academicians in society\"],\"inLanguage\":\"en-US\"},{\"@type\":\"WebPage\",\"@id\":\"https:\\\/\\\/raed.academy\\\/en\\\/santiago-castella-contends-arguments-against-the-referendum-of-independence\\\/\",\"url\":\"https:\\\/\\\/raed.academy\\\/en\\\/santiago-castella-contends-arguments-against-the-referendum-of-independence\\\/\",\"name\":\"Santiago Castell\u00e0 contends arguments against the referendum of independence | Royal European Academy of Doctors\",\"isPartOf\":{\"@id\":\"https:\\\/\\\/raed.academy\\\/en\\\/#website\"},\"datePublished\":\"2017-07-14T21:27:42+00:00\",\"dateModified\":\"2017-07-20T08:05:56+00:00\",\"description\":\"Santiago Castell\u00e0 contends arguments against the referendum of independence raised by the Catalan government in an interview with Sputnik.\",\"breadcrumb\":{\"@id\":\"https:\\\/\\\/raed.academy\\\/en\\\/santiago-castella-contends-arguments-against-the-referendum-of-independence\\\/#breadcrumb\"},\"inLanguage\":\"en-US\",\"potentialAction\":[{\"@type\":\"ReadAction\",\"target\":[\"https:\\\/\\\/raed.academy\\\/en\\\/santiago-castella-contends-arguments-against-the-referendum-of-independence\\\/\"]}]},{\"@type\":\"BreadcrumbList\",\"@id\":\"https:\\\/\\\/raed.academy\\\/en\\\/santiago-castella-contends-arguments-against-the-referendum-of-independence\\\/#breadcrumb\",\"itemListElement\":[{\"@type\":\"ListItem\",\"position\":1,\"name\":\"Inicio\",\"item\":\"https:\\\/\\\/raed.academy\\\/en\\\/\"},{\"@type\":\"ListItem\",\"position\":2,\"name\":\"Santiago Castell\u00e0 contends arguments against the referendum of independence raised by the Catalan government in an interview with the Russian channel Sputnik\"}]},{\"@type\":\"WebSite\",\"@id\":\"https:\\\/\\\/raed.academy\\\/en\\\/#website\",\"url\":\"https:\\\/\\\/raed.academy\\\/en\\\/\",\"name\":\"Royal European Academy of Doctors\",\"description\":\"Corporaci\u00f3n de derecho p\u00fablico de car\u00e1cter cient\u00edfico, t\u00e9cnico y art\u00edstico, que tiene por objeto la investigaci\u00f3n, el estudio, el fomento y la extensi\u00f3n del conocimiento en su sentido m\u00e1s amplio.\",\"publisher\":{\"@id\":\"https:\\\/\\\/raed.academy\\\/en\\\/#organization\"},\"potentialAction\":[{\"@type\":\"SearchAction\",\"target\":{\"@type\":\"EntryPoint\",\"urlTemplate\":\"https:\\\/\\\/raed.academy\\\/en\\\/?s={search_term_string}\"},\"query-input\":{\"@type\":\"PropertyValueSpecification\",\"valueRequired\":true,\"valueName\":\"search_term_string\"}}],\"inLanguage\":\"en-US\"},{\"@type\":\"Organization\",\"@id\":\"https:\\\/\\\/raed.academy\\\/en\\\/#organization\",\"name\":\"Real Academia Europea de Doctores\",\"url\":\"https:\\\/\\\/raed.academy\\\/en\\\/\",\"logo\":{\"@type\":\"ImageObject\",\"inLanguage\":\"en-US\",\"@id\":\"https:\\\/\\\/raed.academy\\\/en\\\/#\\\/schema\\\/logo\\\/image\\\/\",\"url\":\"https:\\\/\\\/raed.academy\\\/wp-content\\\/uploads\\\/2017\\\/01\\\/cropped-logo_raed.png\",\"contentUrl\":\"https:\\\/\\\/raed.academy\\\/wp-content\\\/uploads\\\/2017\\\/01\\\/cropped-logo_raed.png\",\"width\":512,\"height\":512,\"caption\":\"Real Academia Europea de Doctores\"},\"image\":{\"@id\":\"https:\\\/\\\/raed.academy\\\/en\\\/#\\\/schema\\\/logo\\\/image\\\/\"},\"sameAs\":[\"http:\\\/\\\/fb.me\\\/raed.academy\",\"https:\\\/\\\/x.com\\\/raedacademy\",\"https:\\\/\\\/www.instagram.com\\\/raed.academy\\\/\",\"https:\\\/\\\/www.youtube.com\\\/channel\\\/UCUYQwW2KrdirNWihxMDObwg\"]},{\"@type\":\"Person\",\"@id\":\"https:\\\/\\\/raed.academy\\\/en\\\/#\\\/schema\\\/person\\\/5a755da80d1d979fd66ba745c8702927\",\"name\":\"RAED\",\"image\":{\"@type\":\"ImageObject\",\"inLanguage\":\"en-US\",\"@id\":\"https:\\\/\\\/secure.gravatar.com\\\/avatar\\\/19fdfdc0d67fb9c45714b703a2ac82251c4fcea3637f002ac3c9b74c0183583c?s=96&d=mm&r=g\",\"url\":\"https:\\\/\\\/secure.gravatar.com\\\/avatar\\\/19fdfdc0d67fb9c45714b703a2ac82251c4fcea3637f002ac3c9b74c0183583c?s=96&d=mm&r=g\",\"contentUrl\":\"https:\\\/\\\/secure.gravatar.com\\\/avatar\\\/19fdfdc0d67fb9c45714b703a2ac82251c4fcea3637f002ac3c9b74c0183583c?s=96&d=mm&r=g\",\"caption\":\"RAED\"}}]}<\/script>\n<!-- \/ Yoast SEO plugin. -->","yoast_head_json":{"title":"Santiago Castell\u00e0 contends arguments against the referendum of independence | Royal European Academy of Doctors","description":"Santiago Castell\u00e0 contends arguments against the referendum of independence raised by the Catalan government in an interview with Sputnik.","robots":{"index":"index","follow":"follow","max-snippet":"max-snippet:-1","max-image-preview":"max-image-preview:large","max-video-preview":"max-video-preview:-1"},"canonical":"https:\/\/raed.academy\/en\/santiago-castella-contends-arguments-against-the-referendum-of-independence\/","og_locale":"en_US","og_type":"article","og_title":"Santiago Castell\u00e0 contends arguments against the referendum of independence | Royal European Academy of Doctors","og_description":"Santiago Castell\u00e0 contends arguments against the referendum of independence raised by the Catalan government in an interview with Sputnik.","og_url":"https:\/\/raed.academy\/en\/santiago-castella-contends-arguments-against-the-referendum-of-independence\/","og_site_name":"Royal European Academy of Doctors","article_publisher":"http:\/\/fb.me\/raed.academy","article_published_time":"2017-07-14T21:27:42+00:00","article_modified_time":"2017-07-20T08:05:56+00:00","author":"RAED","twitter_card":"summary_large_image","twitter_creator":"@raedacademy","twitter_site":"@raedacademy","twitter_misc":{"Written by":"RAED","Est. reading time":"1 minute"},"schema":{"@context":"https:\/\/schema.org","@graph":[{"@type":"Article","@id":"https:\/\/raed.academy\/en\/santiago-castella-contends-arguments-against-the-referendum-of-independence\/#article","isPartOf":{"@id":"https:\/\/raed.academy\/en\/santiago-castella-contends-arguments-against-the-referendum-of-independence\/"},"author":{"name":"RAED","@id":"https:\/\/raed.academy\/en\/#\/schema\/person\/5a755da80d1d979fd66ba745c8702927"},"headline":"Santiago Castell\u00e0 contends arguments against the referendum of independence raised by the Catalan government in an interview with the Russian channel Sputnik","datePublished":"2017-07-14T21:27:42+00:00","dateModified":"2017-07-20T08:05:56+00:00","mainEntityOfPage":{"@id":"https:\/\/raed.academy\/en\/santiago-castella-contends-arguments-against-the-referendum-of-independence\/"},"wordCount":140,"publisher":{"@id":"https:\/\/raed.academy\/en\/#organization"},"articleSection":["Academicians in society"],"inLanguage":"en-US"},{"@type":"WebPage","@id":"https:\/\/raed.academy\/en\/santiago-castella-contends-arguments-against-the-referendum-of-independence\/","url":"https:\/\/raed.academy\/en\/santiago-castella-contends-arguments-against-the-referendum-of-independence\/","name":"Santiago Castell\u00e0 contends arguments against the referendum of independence | Royal European Academy of Doctors","isPartOf":{"@id":"https:\/\/raed.academy\/en\/#website"},"datePublished":"2017-07-14T21:27:42+00:00","dateModified":"2017-07-20T08:05:56+00:00","description":"Santiago Castell\u00e0 contends arguments against the referendum of independence raised by the Catalan government in an interview with Sputnik.","breadcrumb":{"@id":"https:\/\/raed.academy\/en\/santiago-castella-contends-arguments-against-the-referendum-of-independence\/#breadcrumb"},"inLanguage":"en-US","potentialAction":[{"@type":"ReadAction","target":["https:\/\/raed.academy\/en\/santiago-castella-contends-arguments-against-the-referendum-of-independence\/"]}]},{"@type":"BreadcrumbList","@id":"https:\/\/raed.academy\/en\/santiago-castella-contends-arguments-against-the-referendum-of-independence\/#breadcrumb","itemListElement":[{"@type":"ListItem","position":1,"name":"Inicio","item":"https:\/\/raed.academy\/en\/"},{"@type":"ListItem","position":2,"name":"Santiago Castell\u00e0 contends arguments against the referendum of independence raised by the Catalan government in an interview with the Russian channel Sputnik"}]},{"@type":"WebSite","@id":"https:\/\/raed.academy\/en\/#website","url":"https:\/\/raed.academy\/en\/","name":"Royal European Academy of Doctors","description":"Corporaci\u00f3n de derecho p\u00fablico de car\u00e1cter cient\u00edfico, t\u00e9cnico y art\u00edstico, que tiene por objeto la investigaci\u00f3n, el estudio, el fomento y la extensi\u00f3n del conocimiento en su sentido m\u00e1s amplio.","publisher":{"@id":"https:\/\/raed.academy\/en\/#organization"},"potentialAction":[{"@type":"SearchAction","target":{"@type":"EntryPoint","urlTemplate":"https:\/\/raed.academy\/en\/?s={search_term_string}"},"query-input":{"@type":"PropertyValueSpecification","valueRequired":true,"valueName":"search_term_string"}}],"inLanguage":"en-US"},{"@type":"Organization","@id":"https:\/\/raed.academy\/en\/#organization","name":"Real Academia Europea de Doctores","url":"https:\/\/raed.academy\/en\/","logo":{"@type":"ImageObject","inLanguage":"en-US","@id":"https:\/\/raed.academy\/en\/#\/schema\/logo\/image\/","url":"https:\/\/raed.academy\/wp-content\/uploads\/2017\/01\/cropped-logo_raed.png","contentUrl":"https:\/\/raed.academy\/wp-content\/uploads\/2017\/01\/cropped-logo_raed.png","width":512,"height":512,"caption":"Real Academia Europea de Doctores"},"image":{"@id":"https:\/\/raed.academy\/en\/#\/schema\/logo\/image\/"},"sameAs":["http:\/\/fb.me\/raed.academy","https:\/\/x.com\/raedacademy","https:\/\/www.instagram.com\/raed.academy\/","https:\/\/www.youtube.com\/channel\/UCUYQwW2KrdirNWihxMDObwg"]},{"@type":"Person","@id":"https:\/\/raed.academy\/en\/#\/schema\/person\/5a755da80d1d979fd66ba745c8702927","name":"RAED","image":{"@type":"ImageObject","inLanguage":"en-US","@id":"https:\/\/secure.gravatar.com\/avatar\/19fdfdc0d67fb9c45714b703a2ac82251c4fcea3637f002ac3c9b74c0183583c?s=96&d=mm&r=g","url":"https:\/\/secure.gravatar.com\/avatar\/19fdfdc0d67fb9c45714b703a2ac82251c4fcea3637f002ac3c9b74c0183583c?s=96&d=mm&r=g","contentUrl":"https:\/\/secure.gravatar.com\/avatar\/19fdfdc0d67fb9c45714b703a2ac82251c4fcea3637f002ac3c9b74c0183583c?s=96&d=mm&r=g","caption":"RAED"}}]}},"_links":{"self":[{"href":"https:\/\/raed.academy\/en\/wp-json\/wp\/v2\/posts\/30768","targetHints":{"allow":["GET"]}}],"collection":[{"href":"https:\/\/raed.academy\/en\/wp-json\/wp\/v2\/posts"}],"about":[{"href":"https:\/\/raed.academy\/en\/wp-json\/wp\/v2\/types\/post"}],"author":[{"embeddable":true,"href":"https:\/\/raed.academy\/en\/wp-json\/wp\/v2\/users\/12"}],"replies":[{"embeddable":true,"href":"https:\/\/raed.academy\/en\/wp-json\/wp\/v2\/comments?post=30768"}],"version-history":[{"count":0,"href":"https:\/\/raed.academy\/en\/wp-json\/wp\/v2\/posts\/30768\/revisions"}],"wp:attachment":[{"href":"https:\/\/raed.academy\/en\/wp-json\/wp\/v2\/media?parent=30768"}],"wp:term":[{"taxonomy":"category","embeddable":true,"href":"https:\/\/raed.academy\/en\/wp-json\/wp\/v2\/categories?post=30768"},{"taxonomy":"post_tag","embeddable":true,"href":"https:\/\/raed.academy\/en\/wp-json\/wp\/v2\/tags?post=30768"}],"curies":[{"name":"wp","href":"https:\/\/api.w.org\/{rel}","templated":true}]}}