{"id":29031,"date":"2017-06-06T21:14:47","date_gmt":"2017-06-06T21:14:47","guid":{"rendered":"http:\/\/raed.academy\/?p=29031\/"},"modified":"2017-06-07T11:22:25","modified_gmt":"2017-06-07T11:22:25","slug":"nobel-laureate-in-economics-finn-kydland-enters-at-the-royal-european-academy-of-doctors","status":"publish","type":"post","link":"https:\/\/raed.academy\/en\/nobel-laureate-in-economics-finn-kydland-enters-at-the-royal-european-academy-of-doctors\/","title":{"rendered":"Nobel laureate in Economics Finn Kydland enters at the Royal European Academy of Doctors"},"content":{"rendered":"<h3><strong>Finn Kydland<\/strong>, Nobel laureate in Economics in 2004, will enter at the <strong>Royal European Academy of Doctors-Barcelona 1914<\/strong> (RAED) as honorary academician during a solemn session to be held in Barcelona next Monday, June 12. On behalf of the RAED\u00a0the full academician <strong>Jos\u00e9 Ram\u00f3n Calvo<\/strong> will receive the new member. The event will be sponsored by the <a href=\"http:\/\/www.fundacioncajasol.com\" target=\"_blank\" rel=\"noopener noreferrer\"><strong>Cajasol Foundation<\/strong><\/a> and its president and also full academician of the RAED, <a href=\"http:\/\/raed.academy\/en\/academicians\/dr-antonio-pulido-gutierrez\/\" target=\"_blank\" rel=\"noopener noreferrer\"><strong>Antonio Pulido<\/strong><\/a>, will co-chair the session with the president of the Royal Academy, <a href=\"http:\/\/raed.academy\/en\/academicians\/dr-alfredo-rocafort-nicolau\/\" target=\"_blank\" rel=\"noopener noreferrer\"><strong>Alfredo Rocafort<\/strong><\/a>.<\/h3>\n<h3>Doctor by <a href=\"http:\/\/www.cmu.edu\" target=\"_blank\" rel=\"noopener noreferrer\"><strong>Carnegie Mellon University<\/strong><\/a>, Kydland received the Nobel prize with <strong>Edward Prescott<\/strong> for his contributions to dynamic macroeconomics, the consistency over time of economic policy and the driving forces of the business cycle. He is currently a professor at the <a href=\"http:\/\/www.ucsb.edu\" target=\"_blank\" rel=\"noopener noreferrer\"><strong>University of California Santa Barbara<\/strong><\/a>.<\/h3>\n<h3><strong><a href=\"http:\/\/raed.academy\/wp-content\/uploads\/2017\/06\/RAED-Invitaci\u00f3n-Investidura-Dr.-Finn-E.-Kydland-12-06-2017.pdf\">Download invitation<\/a><\/strong><\/h3>\n","protected":false},"excerpt":{"rendered":"<p>Finn Kydland, Nobel laureate in Economics in 2004, will enter at the Royal European Academy of Doctors-Barcelona 1914 (RAED) as honorary academician during a solemn session to be held in Barcelona next Monday, June 12. On behalf of the RAED\u00a0the full academician Jos\u00e9 Ram\u00f3n Calvo will receive the new member. The event will be sponsored [&hellip;]<\/p>\n","protected":false},"author":12,"featured_media":0,"comment_status":"closed","ping_status":"closed","sticky":false,"template":"","format":"standard","meta":{"_et_pb_use_builder":"","_et_pb_old_content":"","_et_gb_content_width":"","footnotes":""},"categories":[144],"tags":[476],"class_list":["post-29031","post","type-post","status-publish","format-standard","hentry","category-acts-admission-academicians","tag-academicians-income","et-doesnt-have-format-content","et_post_format-et-post-format-standard"],"yoast_head":"<!-- This site is optimized with the Yoast SEO plugin v27.5 - https:\/\/yoast.com\/product\/yoast-seo-wordpress\/ -->\n<title>Nobel laureate in Economics Finn Kydland enters at the Royal European Academy of Doctors - Royal European Academy of Doctors<\/title>\n<meta name=\"robots\" content=\"index, follow, max-snippet:-1, max-image-preview:large, max-video-preview:-1\" \/>\n<link rel=\"canonical\" href=\"https:\/\/raed.academy\/en\/nobel-laureate-in-economics-finn-kydland-enters-at-the-royal-european-academy-of-doctors\/\" \/>\n<meta property=\"og:locale\" content=\"en_US\" \/>\n<meta property=\"og:type\" content=\"article\" \/>\n<meta property=\"og:title\" content=\"Nobel laureate in Economics Finn Kydland enters at the Royal European Academy of Doctors - Royal European Academy of Doctors\" \/>\n<meta property=\"og:description\" content=\"Finn Kydland, Nobel laureate in Economics in 2004, will enter at the Royal European Academy of Doctors-Barcelona 1914 (RAED) as honorary academician during a solemn session to be held in Barcelona next Monday, June 12. On behalf of the RAED\u00a0the full academician Jos\u00e9 Ram\u00f3n Calvo will receive the new member. The event will be sponsored [&hellip;]\" \/>\n<meta property=\"og:url\" content=\"https:\/\/raed.academy\/en\/nobel-laureate-in-economics-finn-kydland-enters-at-the-royal-european-academy-of-doctors\/\" \/>\n<meta property=\"og:site_name\" content=\"Royal European Academy of Doctors\" \/>\n<meta property=\"article:publisher\" content=\"http:\/\/fb.me\/raed.academy\" \/>\n<meta property=\"article:published_time\" content=\"2017-06-06T21:14:47+00:00\" \/>\n<meta property=\"article:modified_time\" content=\"2017-06-07T11:22:25+00:00\" \/>\n<meta name=\"author\" content=\"RAED\" \/>\n<meta name=\"twitter:card\" content=\"summary_large_image\" \/>\n<meta name=\"twitter:creator\" content=\"@raedacademy\" \/>\n<meta name=\"twitter:site\" content=\"@raedacademy\" \/>\n<meta name=\"twitter:label1\" content=\"Written by\" \/>\n\t<meta name=\"twitter:data1\" content=\"RAED\" \/>\n\t<meta name=\"twitter:label2\" content=\"Est. reading time\" \/>\n\t<meta name=\"twitter:data2\" content=\"1 minute\" \/>\n<script type=\"application\/ld+json\" class=\"yoast-schema-graph\">{\"@context\":\"https:\\\/\\\/schema.org\",\"@graph\":[{\"@type\":\"Article\",\"@id\":\"https:\\\/\\\/raed.academy\\\/en\\\/nobel-laureate-in-economics-finn-kydland-enters-at-the-royal-european-academy-of-doctors\\\/#article\",\"isPartOf\":{\"@id\":\"https:\\\/\\\/raed.academy\\\/en\\\/nobel-laureate-in-economics-finn-kydland-enters-at-the-royal-european-academy-of-doctors\\\/\"},\"author\":{\"name\":\"RAED\",\"@id\":\"https:\\\/\\\/raed.academy\\\/en\\\/#\\\/schema\\\/person\\\/5a755da80d1d979fd66ba745c8702927\"},\"headline\":\"Nobel laureate in Economics Finn Kydland enters at the Royal European Academy of Doctors\",\"datePublished\":\"2017-06-06T21:14:47+00:00\",\"dateModified\":\"2017-06-07T11:22:25+00:00\",\"mainEntityOfPage\":{\"@id\":\"https:\\\/\\\/raed.academy\\\/en\\\/nobel-laureate-in-economics-finn-kydland-enters-at-the-royal-european-academy-of-doctors\\\/\"},\"wordCount\":145,\"publisher\":{\"@id\":\"https:\\\/\\\/raed.academy\\\/en\\\/#organization\"},\"keywords\":[\"academicians income\"],\"articleSection\":[\"Acts of admission as academicians\"],\"inLanguage\":\"en-US\"},{\"@type\":\"WebPage\",\"@id\":\"https:\\\/\\\/raed.academy\\\/en\\\/nobel-laureate-in-economics-finn-kydland-enters-at-the-royal-european-academy-of-doctors\\\/\",\"url\":\"https:\\\/\\\/raed.academy\\\/en\\\/nobel-laureate-in-economics-finn-kydland-enters-at-the-royal-european-academy-of-doctors\\\/\",\"name\":\"Nobel laureate in Economics Finn Kydland enters at the Royal European Academy of Doctors - Royal European Academy of Doctors\",\"isPartOf\":{\"@id\":\"https:\\\/\\\/raed.academy\\\/en\\\/#website\"},\"datePublished\":\"2017-06-06T21:14:47+00:00\",\"dateModified\":\"2017-06-07T11:22:25+00:00\",\"breadcrumb\":{\"@id\":\"https:\\\/\\\/raed.academy\\\/en\\\/nobel-laureate-in-economics-finn-kydland-enters-at-the-royal-european-academy-of-doctors\\\/#breadcrumb\"},\"inLanguage\":\"en-US\",\"potentialAction\":[{\"@type\":\"ReadAction\",\"target\":[\"https:\\\/\\\/raed.academy\\\/en\\\/nobel-laureate-in-economics-finn-kydland-enters-at-the-royal-european-academy-of-doctors\\\/\"]}]},{\"@type\":\"BreadcrumbList\",\"@id\":\"https:\\\/\\\/raed.academy\\\/en\\\/nobel-laureate-in-economics-finn-kydland-enters-at-the-royal-european-academy-of-doctors\\\/#breadcrumb\",\"itemListElement\":[{\"@type\":\"ListItem\",\"position\":1,\"name\":\"Inicio\",\"item\":\"https:\\\/\\\/raed.academy\\\/en\\\/\"},{\"@type\":\"ListItem\",\"position\":2,\"name\":\"Nobel laureate in Economics Finn Kydland enters at the Royal European Academy of Doctors\"}]},{\"@type\":\"WebSite\",\"@id\":\"https:\\\/\\\/raed.academy\\\/en\\\/#website\",\"url\":\"https:\\\/\\\/raed.academy\\\/en\\\/\",\"name\":\"Royal European Academy of Doctors\",\"description\":\"Corporaci\u00f3n de derecho p\u00fablico de car\u00e1cter cient\u00edfico, t\u00e9cnico y art\u00edstico, que tiene por objeto la investigaci\u00f3n, el estudio, el fomento y la extensi\u00f3n del conocimiento en su sentido m\u00e1s amplio.\",\"publisher\":{\"@id\":\"https:\\\/\\\/raed.academy\\\/en\\\/#organization\"},\"potentialAction\":[{\"@type\":\"SearchAction\",\"target\":{\"@type\":\"EntryPoint\",\"urlTemplate\":\"https:\\\/\\\/raed.academy\\\/en\\\/?s={search_term_string}\"},\"query-input\":{\"@type\":\"PropertyValueSpecification\",\"valueRequired\":true,\"valueName\":\"search_term_string\"}}],\"inLanguage\":\"en-US\"},{\"@type\":\"Organization\",\"@id\":\"https:\\\/\\\/raed.academy\\\/en\\\/#organization\",\"name\":\"Real Academia Europea de Doctores\",\"url\":\"https:\\\/\\\/raed.academy\\\/en\\\/\",\"logo\":{\"@type\":\"ImageObject\",\"inLanguage\":\"en-US\",\"@id\":\"https:\\\/\\\/raed.academy\\\/en\\\/#\\\/schema\\\/logo\\\/image\\\/\",\"url\":\"https:\\\/\\\/raed.academy\\\/wp-content\\\/uploads\\\/2017\\\/01\\\/cropped-logo_raed.png\",\"contentUrl\":\"https:\\\/\\\/raed.academy\\\/wp-content\\\/uploads\\\/2017\\\/01\\\/cropped-logo_raed.png\",\"width\":512,\"height\":512,\"caption\":\"Real Academia Europea de Doctores\"},\"image\":{\"@id\":\"https:\\\/\\\/raed.academy\\\/en\\\/#\\\/schema\\\/logo\\\/image\\\/\"},\"sameAs\":[\"http:\\\/\\\/fb.me\\\/raed.academy\",\"https:\\\/\\\/x.com\\\/raedacademy\",\"https:\\\/\\\/www.instagram.com\\\/raed.academy\\\/\",\"https:\\\/\\\/www.youtube.com\\\/channel\\\/UCUYQwW2KrdirNWihxMDObwg\"]},{\"@type\":\"Person\",\"@id\":\"https:\\\/\\\/raed.academy\\\/en\\\/#\\\/schema\\\/person\\\/5a755da80d1d979fd66ba745c8702927\",\"name\":\"RAED\",\"image\":{\"@type\":\"ImageObject\",\"inLanguage\":\"en-US\",\"@id\":\"https:\\\/\\\/secure.gravatar.com\\\/avatar\\\/19fdfdc0d67fb9c45714b703a2ac82251c4fcea3637f002ac3c9b74c0183583c?s=96&d=mm&r=g\",\"url\":\"https:\\\/\\\/secure.gravatar.com\\\/avatar\\\/19fdfdc0d67fb9c45714b703a2ac82251c4fcea3637f002ac3c9b74c0183583c?s=96&d=mm&r=g\",\"contentUrl\":\"https:\\\/\\\/secure.gravatar.com\\\/avatar\\\/19fdfdc0d67fb9c45714b703a2ac82251c4fcea3637f002ac3c9b74c0183583c?s=96&d=mm&r=g\",\"caption\":\"RAED\"}}]}<\/script>\n<!-- \/ Yoast SEO plugin. -->","yoast_head_json":{"title":"Nobel laureate in Economics Finn Kydland enters at the Royal European Academy of Doctors - Royal European Academy of Doctors","robots":{"index":"index","follow":"follow","max-snippet":"max-snippet:-1","max-image-preview":"max-image-preview:large","max-video-preview":"max-video-preview:-1"},"canonical":"https:\/\/raed.academy\/en\/nobel-laureate-in-economics-finn-kydland-enters-at-the-royal-european-academy-of-doctors\/","og_locale":"en_US","og_type":"article","og_title":"Nobel laureate in Economics Finn Kydland enters at the Royal European Academy of Doctors - Royal European Academy of Doctors","og_description":"Finn Kydland, Nobel laureate in Economics in 2004, will enter at the Royal European Academy of Doctors-Barcelona 1914 (RAED) as honorary academician during a solemn session to be held in Barcelona next Monday, June 12. On behalf of the RAED\u00a0the full academician Jos\u00e9 Ram\u00f3n Calvo will receive the new member. The event will be sponsored [&hellip;]","og_url":"https:\/\/raed.academy\/en\/nobel-laureate-in-economics-finn-kydland-enters-at-the-royal-european-academy-of-doctors\/","og_site_name":"Royal European Academy of Doctors","article_publisher":"http:\/\/fb.me\/raed.academy","article_published_time":"2017-06-06T21:14:47+00:00","article_modified_time":"2017-06-07T11:22:25+00:00","author":"RAED","twitter_card":"summary_large_image","twitter_creator":"@raedacademy","twitter_site":"@raedacademy","twitter_misc":{"Written by":"RAED","Est. reading time":"1 minute"},"schema":{"@context":"https:\/\/schema.org","@graph":[{"@type":"Article","@id":"https:\/\/raed.academy\/en\/nobel-laureate-in-economics-finn-kydland-enters-at-the-royal-european-academy-of-doctors\/#article","isPartOf":{"@id":"https:\/\/raed.academy\/en\/nobel-laureate-in-economics-finn-kydland-enters-at-the-royal-european-academy-of-doctors\/"},"author":{"name":"RAED","@id":"https:\/\/raed.academy\/en\/#\/schema\/person\/5a755da80d1d979fd66ba745c8702927"},"headline":"Nobel laureate in Economics Finn Kydland enters at the Royal European Academy of Doctors","datePublished":"2017-06-06T21:14:47+00:00","dateModified":"2017-06-07T11:22:25+00:00","mainEntityOfPage":{"@id":"https:\/\/raed.academy\/en\/nobel-laureate-in-economics-finn-kydland-enters-at-the-royal-european-academy-of-doctors\/"},"wordCount":145,"publisher":{"@id":"https:\/\/raed.academy\/en\/#organization"},"keywords":["academicians income"],"articleSection":["Acts of admission as academicians"],"inLanguage":"en-US"},{"@type":"WebPage","@id":"https:\/\/raed.academy\/en\/nobel-laureate-in-economics-finn-kydland-enters-at-the-royal-european-academy-of-doctors\/","url":"https:\/\/raed.academy\/en\/nobel-laureate-in-economics-finn-kydland-enters-at-the-royal-european-academy-of-doctors\/","name":"Nobel laureate in Economics Finn Kydland enters at the Royal European Academy of Doctors - Royal European Academy of Doctors","isPartOf":{"@id":"https:\/\/raed.academy\/en\/#website"},"datePublished":"2017-06-06T21:14:47+00:00","dateModified":"2017-06-07T11:22:25+00:00","breadcrumb":{"@id":"https:\/\/raed.academy\/en\/nobel-laureate-in-economics-finn-kydland-enters-at-the-royal-european-academy-of-doctors\/#breadcrumb"},"inLanguage":"en-US","potentialAction":[{"@type":"ReadAction","target":["https:\/\/raed.academy\/en\/nobel-laureate-in-economics-finn-kydland-enters-at-the-royal-european-academy-of-doctors\/"]}]},{"@type":"BreadcrumbList","@id":"https:\/\/raed.academy\/en\/nobel-laureate-in-economics-finn-kydland-enters-at-the-royal-european-academy-of-doctors\/#breadcrumb","itemListElement":[{"@type":"ListItem","position":1,"name":"Inicio","item":"https:\/\/raed.academy\/en\/"},{"@type":"ListItem","position":2,"name":"Nobel laureate in Economics Finn Kydland enters at the Royal European Academy of Doctors"}]},{"@type":"WebSite","@id":"https:\/\/raed.academy\/en\/#website","url":"https:\/\/raed.academy\/en\/","name":"Royal European Academy of Doctors","description":"Corporaci\u00f3n de derecho p\u00fablico de car\u00e1cter cient\u00edfico, t\u00e9cnico y art\u00edstico, que tiene por objeto la investigaci\u00f3n, el estudio, el fomento y la extensi\u00f3n del conocimiento en su sentido m\u00e1s amplio.","publisher":{"@id":"https:\/\/raed.academy\/en\/#organization"},"potentialAction":[{"@type":"SearchAction","target":{"@type":"EntryPoint","urlTemplate":"https:\/\/raed.academy\/en\/?s={search_term_string}"},"query-input":{"@type":"PropertyValueSpecification","valueRequired":true,"valueName":"search_term_string"}}],"inLanguage":"en-US"},{"@type":"Organization","@id":"https:\/\/raed.academy\/en\/#organization","name":"Real Academia Europea de Doctores","url":"https:\/\/raed.academy\/en\/","logo":{"@type":"ImageObject","inLanguage":"en-US","@id":"https:\/\/raed.academy\/en\/#\/schema\/logo\/image\/","url":"https:\/\/raed.academy\/wp-content\/uploads\/2017\/01\/cropped-logo_raed.png","contentUrl":"https:\/\/raed.academy\/wp-content\/uploads\/2017\/01\/cropped-logo_raed.png","width":512,"height":512,"caption":"Real Academia Europea de Doctores"},"image":{"@id":"https:\/\/raed.academy\/en\/#\/schema\/logo\/image\/"},"sameAs":["http:\/\/fb.me\/raed.academy","https:\/\/x.com\/raedacademy","https:\/\/www.instagram.com\/raed.academy\/","https:\/\/www.youtube.com\/channel\/UCUYQwW2KrdirNWihxMDObwg"]},{"@type":"Person","@id":"https:\/\/raed.academy\/en\/#\/schema\/person\/5a755da80d1d979fd66ba745c8702927","name":"RAED","image":{"@type":"ImageObject","inLanguage":"en-US","@id":"https:\/\/secure.gravatar.com\/avatar\/19fdfdc0d67fb9c45714b703a2ac82251c4fcea3637f002ac3c9b74c0183583c?s=96&d=mm&r=g","url":"https:\/\/secure.gravatar.com\/avatar\/19fdfdc0d67fb9c45714b703a2ac82251c4fcea3637f002ac3c9b74c0183583c?s=96&d=mm&r=g","contentUrl":"https:\/\/secure.gravatar.com\/avatar\/19fdfdc0d67fb9c45714b703a2ac82251c4fcea3637f002ac3c9b74c0183583c?s=96&d=mm&r=g","caption":"RAED"}}]}},"_links":{"self":[{"href":"https:\/\/raed.academy\/en\/wp-json\/wp\/v2\/posts\/29031","targetHints":{"allow":["GET"]}}],"collection":[{"href":"https:\/\/raed.academy\/en\/wp-json\/wp\/v2\/posts"}],"about":[{"href":"https:\/\/raed.academy\/en\/wp-json\/wp\/v2\/types\/post"}],"author":[{"embeddable":true,"href":"https:\/\/raed.academy\/en\/wp-json\/wp\/v2\/users\/12"}],"replies":[{"embeddable":true,"href":"https:\/\/raed.academy\/en\/wp-json\/wp\/v2\/comments?post=29031"}],"version-history":[{"count":0,"href":"https:\/\/raed.academy\/en\/wp-json\/wp\/v2\/posts\/29031\/revisions"}],"wp:attachment":[{"href":"https:\/\/raed.academy\/en\/wp-json\/wp\/v2\/media?parent=29031"}],"wp:term":[{"taxonomy":"category","embeddable":true,"href":"https:\/\/raed.academy\/en\/wp-json\/wp\/v2\/categories?post=29031"},{"taxonomy":"post_tag","embeddable":true,"href":"https:\/\/raed.academy\/en\/wp-json\/wp\/v2\/tags?post=29031"}],"curies":[{"name":"wp","href":"https:\/\/api.w.org\/{rel}","templated":true}]}}