{"id":27856,"date":"2017-05-12T04:57:53","date_gmt":"2017-05-12T04:57:53","guid":{"rendered":"http:\/\/raed.academy\/?p=27856\/"},"modified":"2017-05-17T16:58:23","modified_gmt":"2017-05-17T16:58:23","slug":"family-business-experts-emphasize-the-need-to-establish-a-protocol-for-diagnosis-and-action-before-the-outbreak-of-the-model","status":"publish","type":"post","link":"https:\/\/raed.academy\/en\/family-business-experts-emphasize-the-need-to-establish-a-protocol-for-diagnosis-and-action-before-the-outbreak-of-the-model\/","title":{"rendered":"Family business experts emphasize the need to establish a protocol for diagnosis and action before the outbreak of the model"},"content":{"rendered":"<h3><span class=\"\" lang=\"en\"><span title=\"Los expertos en empresa familiar reunidos por la Real Academia Europea de Doctores-Barcelona 1914 (RAED) e IESE el pasado 11 de mayo en Barcelona para tratar la &quot;Mejora de la viabilidad de las empresas familiares&quot; coincidieron en destacar la necesidad de estas sociedades de\"><img loading=\"lazy\" decoding=\"async\" class=\"alignleft wp-image-27912\" src=\"http:\/\/raed.academy\/wp-content\/uploads\/2017\/05\/debate-empresa-familiar.2017-05-11_2-300x200.jpg\" alt=\"\" width=\"450\" height=\"300\" srcset=\"https:\/\/raed.academy\/wp-content\/uploads\/2017\/05\/debate-empresa-familiar.2017-05-11_2-300x200.jpg 300w, https:\/\/raed.academy\/wp-content\/uploads\/2017\/05\/debate-empresa-familiar.2017-05-11_2.jpg 600w\" sizes=\"(max-width: 450px) 100vw, 450px\" \/>The family business experts gathered by the <strong>Royal European Academy of Doctors-Barcelona 1914<\/strong> (RAED) and <a href=\"http:\/\/www.iese.edu\" target=\"_blank\" rel=\"noopener noreferrer\"><strong>IESE<\/strong> <\/a>on 11 May in Barcelona in the academic session<\/span><\/span> <strong>&#8220;Mejora de la viabilidad de las empresas familiares&#8221; <\/strong><span id=\"result_box\" class=\"\" lang=\"en\"><span title=\"Los expertos en empresa familiar reunidos por la Real Academia Europea de Doctores-Barcelona 1914 (RAED) e IESE el pasado 11 de mayo en Barcelona para tratar la &quot;Mejora de la viabilidad de las empresas familiares&quot; coincidieron en destacar la necesidad de estas sociedades de\">(Improving the viability of family businesses) agreed to highlight the need for these companies t<\/span><span title=\"contar con una diagnosis y un protocolo de actuaci\u00f3n anticipada para resolver cualquier crisis del modelo antes de sufrir sus consecuencias. \">o have a diagnosis and a protocol of anticipated action to solve any crisis of the model before suffering its consequences.<\/span><\/span><\/h3>\n<h3><span id=\"result_box\" class=\"\" lang=\"en\"><span title=\"Guillermo Perkins, profesor de IAE de la Universidad Austral de Argentina, explic\u00f3 que trabaja precisamente en la concreci\u00f3n de un modelo &quot;muy novedoso, que nos indica por d\u00f3nde pueden ir los problemas y, a partir de ah\u00ed, fijar las herramientas para ayudar a la\"><strong>Guillermo Perkins<\/strong>, an <a href=\"https:\/\/www.iae.edu\" target=\"_blank\" rel=\"noopener noreferrer\"><strong>IAE<\/strong> <\/a>professor at the <a href=\"http:\/\/www.austral.edu.ar\" target=\"_blank\" rel=\"noopener noreferrer\"><strong>Austral University of Argentina<\/strong><\/a>, explained that he works precisely on the concretion of a model &#8220;very new, which indicates where the problems can go and, from there, fix the tools to help the f<\/span><span title=\"familia en su unidad, especialmente para acercar a las \u00faltimas generaciones de la sociedad a conjugar sus intereses&quot;. \">amily in its unity, especially to bring the latest generations of society to join their interests&#8221;.<\/span><\/span><\/h3>\n<h3><span id=\"result_box\" class=\"\" lang=\"en\"><span title=\"Para Ricardo Aparicio, profesor de la Universidad Panamericana de M\u00e9xico, &quot;ante una crisis de desuni\u00f3n es importante que las familias prevean con tiempo posibles aliados que puedan ayudarles a que las sociedades no se rompan. Cuando no hay tiempo, puede ser que lleguen a soluciones\"><img loading=\"lazy\" decoding=\"async\" class=\"alignright size-full wp-image-27911\" src=\"http:\/\/raed.academy\/wp-content\/uploads\/2017\/05\/debate-empresa-familiar.2017-05-11_4.jpg\" alt=\"\" width=\"500\" height=\"333\" srcset=\"https:\/\/raed.academy\/wp-content\/uploads\/2017\/05\/debate-empresa-familiar.2017-05-11_4.jpg 500w, https:\/\/raed.academy\/wp-content\/uploads\/2017\/05\/debate-empresa-familiar.2017-05-11_4-300x200.jpg 300w\" sizes=\"(max-width: 500px) 100vw, 500px\" \/>For <strong>Ricardo Aparicio<\/strong>, a professor at the <a href=\"http:\/\/www.up.edu.mex\" target=\"_blank\" rel=\"noopener noreferrer\"><strong>PanAmerican University<\/strong><\/a> of Mexico, &#8220;in the face of a crisis of disunity it&#8217;s important for families to anticipate possible allies in a timely manner that can help societies break down. <\/span><span title=\"que tengan altos costes y hay que evitarlos&quot;. \">Which have high costs and must be avoided&#8221;.<\/span><\/span><\/h3>\n<h3><span id=\"result_box\" class=\"\" lang=\"en\"><span title=\"Arlette Urrea, profesora de la Universidad de Costa Rica, destac\u00f3 la necesidad de concretar &quot;la base fundamental de por qu\u00e9 se da la uni\u00f3n para poder seguir adelante y cu\u00e1les son las condiciones que favorecen esa uni\u00f3n para anteponerla ante cualquier crisis&quot;. \"><strong>Arlette Urrea<\/strong>, a professor at the <a href=\"http:\/\/www.ucr.ac.cr\" target=\"_blank\" rel=\"noopener noreferrer\"><strong>University of Costa Rica<\/strong><\/a>, emphasized the need to specify &#8220;the fundamental basis of why the union is formed so that we can move forward and what are the conditions that favor this union to put it before any crisis&#8221;.<\/span><\/span><\/h3>\n<h3><span id=\"result_box\" class=\"\" lang=\"en\"><span title=\"Finalmente, Miguel \u00c1ngel Gallo, profesor em\u00e9rito de IESE, acad\u00e9mico de la n\u00famero de la RAED y presidente de su Senado, alert\u00f3 sobre los principales motivos que generan la crisis del modelo de empresa familiar, sobre los que la sociedad debe incidir de forma espec\u00edfica.\">Finally, <a href=\"http:\/\/raed.academy\/en\/academicians\/dr-miguel-a-gallo-laguna-de-rins\/\" target=\"_blank\" rel=\"noopener noreferrer\"><strong>Miguel \u00c1ngel Gallo<\/strong><\/a>, professor emeritus of <a href=\"http:\/\/www.iese.edu\" target=\"_blank\" rel=\"noopener noreferrer\"><strong>IESE<\/strong><\/a>, full academician of the RAED and president of its Senate, alerted on the main reasons that generate the crisis of the family business model, on which the society must have a specific impact. <\/span><span title=\"&quot;La ignorancia es uno de los principales -se\u00f1al\u00f3-. Hay muchas veces que los gestores de la empresa familiar tienen pocos conocimientos. Otro enemigo es la malicia, la astucia, porque hay miembros de la familia que no son tan buenos como deber\u00edan. Es\">&#8220;Ignorance is one of the main ones -he pointed out-. There are many times that family business managers have little knowledge. Another enemy is malice, cunning, because there are family members who aren&#8217;t as good as they should be. s i<\/span><span title=\"importante establecer mecanismos para detectar y evitar estos comportamientos a tiempo&quot;. \">Important to establish mechanisms to detect and avoid these behaviors in time&#8221;.<\/span><\/span><\/h3>\n<h3><span id=\"result_box\" class=\"\" lang=\"en\"><span title=\"La sesi\u00f3n fue conducida y moderada por Joan Francesc Corona, director del Instituto de la Empresa Familiar y acad\u00e9mico de n\u00famero de la RAED.\">The session was conducted and moderated by <a href=\"http:\/\/raed.academy\/en\/academicians\/dr-joan-francesc-corona-ramon\/\" target=\"_blank\" rel=\"noopener noreferrer\"><strong>Joan Francesc Corona<\/strong><\/a>, director of the Spanish <a href=\"http:\/\/www.iefamiliar.com\" target=\"_blank\" rel=\"noopener noreferrer\"><strong>Institute of Family Business<\/strong><\/a> and full academician of the RAED.<\/span><\/span><\/h3>\n","protected":false},"excerpt":{"rendered":"<p>The family business experts gathered by the Royal European Academy of Doctors-Barcelona 1914 (RAED) and IESE on 11 May in Barcelona in the academic session &#8220;Mejora de la viabilidad de las empresas familiares&#8221; (Improving the viability of family businesses) agreed to highlight the need for these companies to have a diagnosis and a protocol of [&hellip;]<\/p>\n","protected":false},"author":12,"featured_media":0,"comment_status":"closed","ping_status":"closed","sticky":false,"template":"","format":"standard","meta":{"_et_pb_use_builder":"","_et_pb_old_content":"","_et_gb_content_width":"","footnotes":""},"categories":[67],"tags":[],"class_list":["post-27856","post","type-post","status-publish","format-standard","hentry","category-uncategorized-6","et-doesnt-have-format-content","et_post_format-et-post-format-standard"],"yoast_head":"<!-- This site is optimized with the Yoast SEO plugin v27.4 - https:\/\/yoast.com\/product\/yoast-seo-wordpress\/ -->\n<title>Family business experts emphasize the need to establish a protocol for diagnosis and action before the outbreak of the model - Royal European Academy of Doctors<\/title>\n<meta name=\"robots\" content=\"index, follow, max-snippet:-1, max-image-preview:large, max-video-preview:-1\" \/>\n<link rel=\"canonical\" href=\"https:\/\/raed.academy\/en\/family-business-experts-emphasize-the-need-to-establish-a-protocol-for-diagnosis-and-action-before-the-outbreak-of-the-model\/\" \/>\n<meta property=\"og:locale\" content=\"en_US\" \/>\n<meta property=\"og:type\" content=\"article\" \/>\n<meta property=\"og:title\" content=\"Family business experts emphasize the need to establish a protocol for diagnosis and action before the outbreak of the model - Royal European Academy of Doctors\" \/>\n<meta property=\"og:description\" content=\"The family business experts gathered by the Royal European Academy of Doctors-Barcelona 1914 (RAED) and IESE on 11 May in Barcelona in the academic session &#8220;Mejora de la viabilidad de las empresas familiares&#8221; (Improving the viability of family businesses) agreed to highlight the need for these companies to have a diagnosis and a protocol of [&hellip;]\" \/>\n<meta property=\"og:url\" content=\"https:\/\/raed.academy\/en\/family-business-experts-emphasize-the-need-to-establish-a-protocol-for-diagnosis-and-action-before-the-outbreak-of-the-model\/\" \/>\n<meta property=\"og:site_name\" content=\"Royal European Academy of Doctors\" \/>\n<meta property=\"article:publisher\" content=\"http:\/\/fb.me\/raed.academy\" \/>\n<meta property=\"article:published_time\" content=\"2017-05-12T04:57:53+00:00\" \/>\n<meta property=\"article:modified_time\" content=\"2017-05-17T16:58:23+00:00\" \/>\n<meta property=\"og:image\" content=\"http:\/\/raed.academy\/wp-content\/uploads\/2017\/05\/debate-empresa-familiar.2017-05-11_2-300x200.jpg\" \/>\n<meta name=\"author\" content=\"RAED\" \/>\n<meta name=\"twitter:card\" content=\"summary_large_image\" \/>\n<meta name=\"twitter:creator\" content=\"@raedacademy\" \/>\n<meta name=\"twitter:site\" content=\"@raedacademy\" \/>\n<meta name=\"twitter:label1\" content=\"Written by\" \/>\n\t<meta name=\"twitter:data1\" content=\"RAED\" \/>\n\t<meta name=\"twitter:label2\" content=\"Est. reading time\" \/>\n\t<meta name=\"twitter:data2\" content=\"2 minutes\" \/>\n<script type=\"application\/ld+json\" class=\"yoast-schema-graph\">{\"@context\":\"https:\\\/\\\/schema.org\",\"@graph\":[{\"@type\":\"Article\",\"@id\":\"https:\\\/\\\/raed.academy\\\/en\\\/family-business-experts-emphasize-the-need-to-establish-a-protocol-for-diagnosis-and-action-before-the-outbreak-of-the-model\\\/#article\",\"isPartOf\":{\"@id\":\"https:\\\/\\\/raed.academy\\\/en\\\/family-business-experts-emphasize-the-need-to-establish-a-protocol-for-diagnosis-and-action-before-the-outbreak-of-the-model\\\/\"},\"author\":{\"name\":\"RAED\",\"@id\":\"https:\\\/\\\/raed.academy\\\/en\\\/#\\\/schema\\\/person\\\/5a755da80d1d979fd66ba745c8702927\"},\"headline\":\"Family business experts emphasize the need to establish a protocol for diagnosis and action before the outbreak of the model\",\"datePublished\":\"2017-05-12T04:57:53+00:00\",\"dateModified\":\"2017-05-17T16:58:23+00:00\",\"mainEntityOfPage\":{\"@id\":\"https:\\\/\\\/raed.academy\\\/en\\\/family-business-experts-emphasize-the-need-to-establish-a-protocol-for-diagnosis-and-action-before-the-outbreak-of-the-model\\\/\"},\"wordCount\":354,\"publisher\":{\"@id\":\"https:\\\/\\\/raed.academy\\\/en\\\/#organization\"},\"image\":{\"@id\":\"https:\\\/\\\/raed.academy\\\/en\\\/family-business-experts-emphasize-the-need-to-establish-a-protocol-for-diagnosis-and-action-before-the-outbreak-of-the-model\\\/#primaryimage\"},\"thumbnailUrl\":\"http:\\\/\\\/raed.academy\\\/wp-content\\\/uploads\\\/2017\\\/05\\\/debate-empresa-familiar.2017-05-11_2-300x200.jpg\",\"inLanguage\":\"en-US\"},{\"@type\":\"WebPage\",\"@id\":\"https:\\\/\\\/raed.academy\\\/en\\\/family-business-experts-emphasize-the-need-to-establish-a-protocol-for-diagnosis-and-action-before-the-outbreak-of-the-model\\\/\",\"url\":\"https:\\\/\\\/raed.academy\\\/en\\\/family-business-experts-emphasize-the-need-to-establish-a-protocol-for-diagnosis-and-action-before-the-outbreak-of-the-model\\\/\",\"name\":\"Family business experts emphasize the need to establish a protocol for diagnosis and action before the outbreak of the model - Royal European Academy of Doctors\",\"isPartOf\":{\"@id\":\"https:\\\/\\\/raed.academy\\\/en\\\/#website\"},\"primaryImageOfPage\":{\"@id\":\"https:\\\/\\\/raed.academy\\\/en\\\/family-business-experts-emphasize-the-need-to-establish-a-protocol-for-diagnosis-and-action-before-the-outbreak-of-the-model\\\/#primaryimage\"},\"image\":{\"@id\":\"https:\\\/\\\/raed.academy\\\/en\\\/family-business-experts-emphasize-the-need-to-establish-a-protocol-for-diagnosis-and-action-before-the-outbreak-of-the-model\\\/#primaryimage\"},\"thumbnailUrl\":\"http:\\\/\\\/raed.academy\\\/wp-content\\\/uploads\\\/2017\\\/05\\\/debate-empresa-familiar.2017-05-11_2-300x200.jpg\",\"datePublished\":\"2017-05-12T04:57:53+00:00\",\"dateModified\":\"2017-05-17T16:58:23+00:00\",\"breadcrumb\":{\"@id\":\"https:\\\/\\\/raed.academy\\\/en\\\/family-business-experts-emphasize-the-need-to-establish-a-protocol-for-diagnosis-and-action-before-the-outbreak-of-the-model\\\/#breadcrumb\"},\"inLanguage\":\"en-US\",\"potentialAction\":[{\"@type\":\"ReadAction\",\"target\":[\"https:\\\/\\\/raed.academy\\\/en\\\/family-business-experts-emphasize-the-need-to-establish-a-protocol-for-diagnosis-and-action-before-the-outbreak-of-the-model\\\/\"]}]},{\"@type\":\"ImageObject\",\"inLanguage\":\"en-US\",\"@id\":\"https:\\\/\\\/raed.academy\\\/en\\\/family-business-experts-emphasize-the-need-to-establish-a-protocol-for-diagnosis-and-action-before-the-outbreak-of-the-model\\\/#primaryimage\",\"url\":\"http:\\\/\\\/raed.academy\\\/wp-content\\\/uploads\\\/2017\\\/05\\\/debate-empresa-familiar.2017-05-11_2-300x200.jpg\",\"contentUrl\":\"http:\\\/\\\/raed.academy\\\/wp-content\\\/uploads\\\/2017\\\/05\\\/debate-empresa-familiar.2017-05-11_2-300x200.jpg\"},{\"@type\":\"BreadcrumbList\",\"@id\":\"https:\\\/\\\/raed.academy\\\/en\\\/family-business-experts-emphasize-the-need-to-establish-a-protocol-for-diagnosis-and-action-before-the-outbreak-of-the-model\\\/#breadcrumb\",\"itemListElement\":[{\"@type\":\"ListItem\",\"position\":1,\"name\":\"Inicio\",\"item\":\"https:\\\/\\\/raed.academy\\\/en\\\/\"},{\"@type\":\"ListItem\",\"position\":2,\"name\":\"Family business experts emphasize the need to establish a protocol for diagnosis and action before the outbreak of the model\"}]},{\"@type\":\"WebSite\",\"@id\":\"https:\\\/\\\/raed.academy\\\/en\\\/#website\",\"url\":\"https:\\\/\\\/raed.academy\\\/en\\\/\",\"name\":\"Royal European Academy of Doctors\",\"description\":\"Corporaci\u00f3n de derecho p\u00fablico de car\u00e1cter cient\u00edfico, t\u00e9cnico y art\u00edstico, que tiene por objeto la investigaci\u00f3n, el estudio, el fomento y la extensi\u00f3n del conocimiento en su sentido m\u00e1s amplio.\",\"publisher\":{\"@id\":\"https:\\\/\\\/raed.academy\\\/en\\\/#organization\"},\"potentialAction\":[{\"@type\":\"SearchAction\",\"target\":{\"@type\":\"EntryPoint\",\"urlTemplate\":\"https:\\\/\\\/raed.academy\\\/en\\\/?s={search_term_string}\"},\"query-input\":{\"@type\":\"PropertyValueSpecification\",\"valueRequired\":true,\"valueName\":\"search_term_string\"}}],\"inLanguage\":\"en-US\"},{\"@type\":\"Organization\",\"@id\":\"https:\\\/\\\/raed.academy\\\/en\\\/#organization\",\"name\":\"Real Academia Europea de Doctores\",\"url\":\"https:\\\/\\\/raed.academy\\\/en\\\/\",\"logo\":{\"@type\":\"ImageObject\",\"inLanguage\":\"en-US\",\"@id\":\"https:\\\/\\\/raed.academy\\\/en\\\/#\\\/schema\\\/logo\\\/image\\\/\",\"url\":\"https:\\\/\\\/raed.academy\\\/wp-content\\\/uploads\\\/2017\\\/01\\\/cropped-logo_raed.png\",\"contentUrl\":\"https:\\\/\\\/raed.academy\\\/wp-content\\\/uploads\\\/2017\\\/01\\\/cropped-logo_raed.png\",\"width\":512,\"height\":512,\"caption\":\"Real Academia Europea de Doctores\"},\"image\":{\"@id\":\"https:\\\/\\\/raed.academy\\\/en\\\/#\\\/schema\\\/logo\\\/image\\\/\"},\"sameAs\":[\"http:\\\/\\\/fb.me\\\/raed.academy\",\"https:\\\/\\\/x.com\\\/raedacademy\",\"https:\\\/\\\/www.instagram.com\\\/raed.academy\\\/\",\"https:\\\/\\\/www.youtube.com\\\/channel\\\/UCUYQwW2KrdirNWihxMDObwg\"]},{\"@type\":\"Person\",\"@id\":\"https:\\\/\\\/raed.academy\\\/en\\\/#\\\/schema\\\/person\\\/5a755da80d1d979fd66ba745c8702927\",\"name\":\"RAED\",\"image\":{\"@type\":\"ImageObject\",\"inLanguage\":\"en-US\",\"@id\":\"https:\\\/\\\/secure.gravatar.com\\\/avatar\\\/19fdfdc0d67fb9c45714b703a2ac82251c4fcea3637f002ac3c9b74c0183583c?s=96&d=mm&r=g\",\"url\":\"https:\\\/\\\/secure.gravatar.com\\\/avatar\\\/19fdfdc0d67fb9c45714b703a2ac82251c4fcea3637f002ac3c9b74c0183583c?s=96&d=mm&r=g\",\"contentUrl\":\"https:\\\/\\\/secure.gravatar.com\\\/avatar\\\/19fdfdc0d67fb9c45714b703a2ac82251c4fcea3637f002ac3c9b74c0183583c?s=96&d=mm&r=g\",\"caption\":\"RAED\"}}]}<\/script>\n<!-- \/ Yoast SEO plugin. -->","yoast_head_json":{"title":"Family business experts emphasize the need to establish a protocol for diagnosis and action before the outbreak of the model - Royal European Academy of Doctors","robots":{"index":"index","follow":"follow","max-snippet":"max-snippet:-1","max-image-preview":"max-image-preview:large","max-video-preview":"max-video-preview:-1"},"canonical":"https:\/\/raed.academy\/en\/family-business-experts-emphasize-the-need-to-establish-a-protocol-for-diagnosis-and-action-before-the-outbreak-of-the-model\/","og_locale":"en_US","og_type":"article","og_title":"Family business experts emphasize the need to establish a protocol for diagnosis and action before the outbreak of the model - Royal European Academy of Doctors","og_description":"The family business experts gathered by the Royal European Academy of Doctors-Barcelona 1914 (RAED) and IESE on 11 May in Barcelona in the academic session &#8220;Mejora de la viabilidad de las empresas familiares&#8221; (Improving the viability of family businesses) agreed to highlight the need for these companies to have a diagnosis and a protocol of [&hellip;]","og_url":"https:\/\/raed.academy\/en\/family-business-experts-emphasize-the-need-to-establish-a-protocol-for-diagnosis-and-action-before-the-outbreak-of-the-model\/","og_site_name":"Royal European Academy of Doctors","article_publisher":"http:\/\/fb.me\/raed.academy","article_published_time":"2017-05-12T04:57:53+00:00","article_modified_time":"2017-05-17T16:58:23+00:00","og_image":[{"url":"http:\/\/raed.academy\/wp-content\/uploads\/2017\/05\/debate-empresa-familiar.2017-05-11_2-300x200.jpg","type":"","width":"","height":""}],"author":"RAED","twitter_card":"summary_large_image","twitter_creator":"@raedacademy","twitter_site":"@raedacademy","twitter_misc":{"Written by":"RAED","Est. reading time":"2 minutes"},"schema":{"@context":"https:\/\/schema.org","@graph":[{"@type":"Article","@id":"https:\/\/raed.academy\/en\/family-business-experts-emphasize-the-need-to-establish-a-protocol-for-diagnosis-and-action-before-the-outbreak-of-the-model\/#article","isPartOf":{"@id":"https:\/\/raed.academy\/en\/family-business-experts-emphasize-the-need-to-establish-a-protocol-for-diagnosis-and-action-before-the-outbreak-of-the-model\/"},"author":{"name":"RAED","@id":"https:\/\/raed.academy\/en\/#\/schema\/person\/5a755da80d1d979fd66ba745c8702927"},"headline":"Family business experts emphasize the need to establish a protocol for diagnosis and action before the outbreak of the model","datePublished":"2017-05-12T04:57:53+00:00","dateModified":"2017-05-17T16:58:23+00:00","mainEntityOfPage":{"@id":"https:\/\/raed.academy\/en\/family-business-experts-emphasize-the-need-to-establish-a-protocol-for-diagnosis-and-action-before-the-outbreak-of-the-model\/"},"wordCount":354,"publisher":{"@id":"https:\/\/raed.academy\/en\/#organization"},"image":{"@id":"https:\/\/raed.academy\/en\/family-business-experts-emphasize-the-need-to-establish-a-protocol-for-diagnosis-and-action-before-the-outbreak-of-the-model\/#primaryimage"},"thumbnailUrl":"http:\/\/raed.academy\/wp-content\/uploads\/2017\/05\/debate-empresa-familiar.2017-05-11_2-300x200.jpg","inLanguage":"en-US"},{"@type":"WebPage","@id":"https:\/\/raed.academy\/en\/family-business-experts-emphasize-the-need-to-establish-a-protocol-for-diagnosis-and-action-before-the-outbreak-of-the-model\/","url":"https:\/\/raed.academy\/en\/family-business-experts-emphasize-the-need-to-establish-a-protocol-for-diagnosis-and-action-before-the-outbreak-of-the-model\/","name":"Family business experts emphasize the need to establish a protocol for diagnosis and action before the outbreak of the model - Royal European Academy of Doctors","isPartOf":{"@id":"https:\/\/raed.academy\/en\/#website"},"primaryImageOfPage":{"@id":"https:\/\/raed.academy\/en\/family-business-experts-emphasize-the-need-to-establish-a-protocol-for-diagnosis-and-action-before-the-outbreak-of-the-model\/#primaryimage"},"image":{"@id":"https:\/\/raed.academy\/en\/family-business-experts-emphasize-the-need-to-establish-a-protocol-for-diagnosis-and-action-before-the-outbreak-of-the-model\/#primaryimage"},"thumbnailUrl":"http:\/\/raed.academy\/wp-content\/uploads\/2017\/05\/debate-empresa-familiar.2017-05-11_2-300x200.jpg","datePublished":"2017-05-12T04:57:53+00:00","dateModified":"2017-05-17T16:58:23+00:00","breadcrumb":{"@id":"https:\/\/raed.academy\/en\/family-business-experts-emphasize-the-need-to-establish-a-protocol-for-diagnosis-and-action-before-the-outbreak-of-the-model\/#breadcrumb"},"inLanguage":"en-US","potentialAction":[{"@type":"ReadAction","target":["https:\/\/raed.academy\/en\/family-business-experts-emphasize-the-need-to-establish-a-protocol-for-diagnosis-and-action-before-the-outbreak-of-the-model\/"]}]},{"@type":"ImageObject","inLanguage":"en-US","@id":"https:\/\/raed.academy\/en\/family-business-experts-emphasize-the-need-to-establish-a-protocol-for-diagnosis-and-action-before-the-outbreak-of-the-model\/#primaryimage","url":"http:\/\/raed.academy\/wp-content\/uploads\/2017\/05\/debate-empresa-familiar.2017-05-11_2-300x200.jpg","contentUrl":"http:\/\/raed.academy\/wp-content\/uploads\/2017\/05\/debate-empresa-familiar.2017-05-11_2-300x200.jpg"},{"@type":"BreadcrumbList","@id":"https:\/\/raed.academy\/en\/family-business-experts-emphasize-the-need-to-establish-a-protocol-for-diagnosis-and-action-before-the-outbreak-of-the-model\/#breadcrumb","itemListElement":[{"@type":"ListItem","position":1,"name":"Inicio","item":"https:\/\/raed.academy\/en\/"},{"@type":"ListItem","position":2,"name":"Family business experts emphasize the need to establish a protocol for diagnosis and action before the outbreak of the model"}]},{"@type":"WebSite","@id":"https:\/\/raed.academy\/en\/#website","url":"https:\/\/raed.academy\/en\/","name":"Royal European Academy of Doctors","description":"Corporaci\u00f3n de derecho p\u00fablico de car\u00e1cter cient\u00edfico, t\u00e9cnico y art\u00edstico, que tiene por objeto la investigaci\u00f3n, el estudio, el fomento y la extensi\u00f3n del conocimiento en su sentido m\u00e1s amplio.","publisher":{"@id":"https:\/\/raed.academy\/en\/#organization"},"potentialAction":[{"@type":"SearchAction","target":{"@type":"EntryPoint","urlTemplate":"https:\/\/raed.academy\/en\/?s={search_term_string}"},"query-input":{"@type":"PropertyValueSpecification","valueRequired":true,"valueName":"search_term_string"}}],"inLanguage":"en-US"},{"@type":"Organization","@id":"https:\/\/raed.academy\/en\/#organization","name":"Real Academia Europea de Doctores","url":"https:\/\/raed.academy\/en\/","logo":{"@type":"ImageObject","inLanguage":"en-US","@id":"https:\/\/raed.academy\/en\/#\/schema\/logo\/image\/","url":"https:\/\/raed.academy\/wp-content\/uploads\/2017\/01\/cropped-logo_raed.png","contentUrl":"https:\/\/raed.academy\/wp-content\/uploads\/2017\/01\/cropped-logo_raed.png","width":512,"height":512,"caption":"Real Academia Europea de Doctores"},"image":{"@id":"https:\/\/raed.academy\/en\/#\/schema\/logo\/image\/"},"sameAs":["http:\/\/fb.me\/raed.academy","https:\/\/x.com\/raedacademy","https:\/\/www.instagram.com\/raed.academy\/","https:\/\/www.youtube.com\/channel\/UCUYQwW2KrdirNWihxMDObwg"]},{"@type":"Person","@id":"https:\/\/raed.academy\/en\/#\/schema\/person\/5a755da80d1d979fd66ba745c8702927","name":"RAED","image":{"@type":"ImageObject","inLanguage":"en-US","@id":"https:\/\/secure.gravatar.com\/avatar\/19fdfdc0d67fb9c45714b703a2ac82251c4fcea3637f002ac3c9b74c0183583c?s=96&d=mm&r=g","url":"https:\/\/secure.gravatar.com\/avatar\/19fdfdc0d67fb9c45714b703a2ac82251c4fcea3637f002ac3c9b74c0183583c?s=96&d=mm&r=g","contentUrl":"https:\/\/secure.gravatar.com\/avatar\/19fdfdc0d67fb9c45714b703a2ac82251c4fcea3637f002ac3c9b74c0183583c?s=96&d=mm&r=g","caption":"RAED"}}]}},"_links":{"self":[{"href":"https:\/\/raed.academy\/en\/wp-json\/wp\/v2\/posts\/27856","targetHints":{"allow":["GET"]}}],"collection":[{"href":"https:\/\/raed.academy\/en\/wp-json\/wp\/v2\/posts"}],"about":[{"href":"https:\/\/raed.academy\/en\/wp-json\/wp\/v2\/types\/post"}],"author":[{"embeddable":true,"href":"https:\/\/raed.academy\/en\/wp-json\/wp\/v2\/users\/12"}],"replies":[{"embeddable":true,"href":"https:\/\/raed.academy\/en\/wp-json\/wp\/v2\/comments?post=27856"}],"version-history":[{"count":0,"href":"https:\/\/raed.academy\/en\/wp-json\/wp\/v2\/posts\/27856\/revisions"}],"wp:attachment":[{"href":"https:\/\/raed.academy\/en\/wp-json\/wp\/v2\/media?parent=27856"}],"wp:term":[{"taxonomy":"category","embeddable":true,"href":"https:\/\/raed.academy\/en\/wp-json\/wp\/v2\/categories?post=27856"},{"taxonomy":"post_tag","embeddable":true,"href":"https:\/\/raed.academy\/en\/wp-json\/wp\/v2\/tags?post=27856"}],"curies":[{"name":"wp","href":"https:\/\/api.w.org\/{rel}","templated":true}]}}