{"id":23077,"date":"2017-02-28T08:34:48","date_gmt":"2017-02-28T08:34:48","guid":{"rendered":"http:\/\/raed.academy\/?p=23077"},"modified":"2017-08-23T10:52:37","modified_gmt":"2017-08-23T10:52:37","slug":"king-juan-carlos-i-congratulates-laureano-molins-for-his-admission-in-the-royal-academy-and-praises-the-role-of-the-institution","status":"publish","type":"post","link":"https:\/\/raed.academy\/en\/king-juan-carlos-i-congratulates-laureano-molins-for-his-admission-in-the-royal-academy-and-praises-the-role-of-the-institution\/","title":{"rendered":"King Juan Carlos I congratulates Laureano Molins for his admission in the Royal Academy and praises the role of the institution"},"content":{"rendered":"<p>HM King <strong>Juan Carlos I<\/strong> has congratulated <a href=\"http:\/\/raed.academy\/en\/academicians\/dr-laureano-molins-lopez-rodo\/\" target=\"_blank\" rel=\"noopener noreferrer\"><strong>Laureano Molins L\u00f3pez-Rod\u00f3<\/strong><\/a>, doctor in Medicine and Surgery and chief of Thoracic Surgery at the <a href=\"http:\/\/www.hospitalclinic.org\" target=\"_blank\" rel=\"noopener noreferrer\"><strong>Hospital Cl\u00ednic<\/strong><\/a> in Barcelona, for his admission as full academician of the <strong>Royal European Academy of Doctors-Barcelona 1914<\/strong> (RAED ), which was held on 23 February in Barcelona. His Majesty also acknowledges in his message the work of the RAED and extends the congratulations to his introducer, the full academician <a href=\"http:\/\/raed.academy\/en\/academicians\/dr-pedro-claros-blanch\/\" target=\"_blank\" rel=\"noopener noreferrer\"><strong>Pedro Clar\u00f3s<\/strong><\/a>.<\/p>\n","protected":false},"excerpt":{"rendered":"<p>HM King Juan Carlos I has congratulated Laureano Molins L\u00f3pez-Rod\u00f3, doctor in Medicine and Surgery and chief of Thoracic Surgery at the Hospital Cl\u00ednic in Barcelona, for his admission as full academician of the Royal European Academy of Doctors-Barcelona 1914 (RAED ), which was held on 23 February in Barcelona. His Majesty also acknowledges in [&hellip;]<\/p>\n","protected":false},"author":12,"featured_media":0,"comment_status":"closed","ping_status":"closed","sticky":false,"template":"","format":"standard","meta":{"_et_pb_use_builder":"","_et_pb_old_content":"","_et_gb_content_width":"","footnotes":""},"categories":[177,144],"tags":[476],"class_list":["post-23077","post","type-post","status-publish","format-standard","hentry","category-academicians-in-society","category-acts-admission-academicians","tag-academicians-income","et-doesnt-have-format-content","et_post_format-et-post-format-standard"],"yoast_head":"<!-- This site is optimized with the Yoast SEO plugin v27.4 - https:\/\/yoast.com\/product\/yoast-seo-wordpress\/ -->\n<title>King Juan Carlos I congratulates Laureano Molins for his admission in the Royal Academy and praises the role of the institution - Royal European Academy of Doctors<\/title>\n<meta name=\"robots\" content=\"index, follow, max-snippet:-1, max-image-preview:large, max-video-preview:-1\" \/>\n<link rel=\"canonical\" href=\"https:\/\/raed.academy\/en\/king-juan-carlos-i-congratulates-laureano-molins-for-his-admission-in-the-royal-academy-and-praises-the-role-of-the-institution\/\" \/>\n<meta property=\"og:locale\" content=\"en_US\" \/>\n<meta property=\"og:type\" content=\"article\" \/>\n<meta property=\"og:title\" content=\"King Juan Carlos I congratulates Laureano Molins for his admission in the Royal Academy and praises the role of the institution - Royal European Academy of Doctors\" \/>\n<meta property=\"og:description\" content=\"HM King Juan Carlos I has congratulated Laureano Molins L\u00f3pez-Rod\u00f3, doctor in Medicine and Surgery and chief of Thoracic Surgery at the Hospital Cl\u00ednic in Barcelona, for his admission as full academician of the Royal European Academy of Doctors-Barcelona 1914 (RAED ), which was held on 23 February in Barcelona. His Majesty also acknowledges in [&hellip;]\" \/>\n<meta property=\"og:url\" content=\"https:\/\/raed.academy\/en\/king-juan-carlos-i-congratulates-laureano-molins-for-his-admission-in-the-royal-academy-and-praises-the-role-of-the-institution\/\" \/>\n<meta property=\"og:site_name\" content=\"Royal European Academy of Doctors\" \/>\n<meta property=\"article:publisher\" content=\"http:\/\/fb.me\/raed.academy\" \/>\n<meta property=\"article:published_time\" content=\"2017-02-28T08:34:48+00:00\" \/>\n<meta property=\"article:modified_time\" content=\"2017-08-23T10:52:37+00:00\" \/>\n<meta name=\"author\" content=\"RAED\" \/>\n<meta name=\"twitter:card\" content=\"summary_large_image\" \/>\n<meta name=\"twitter:creator\" content=\"@raedacademy\" \/>\n<meta name=\"twitter:site\" content=\"@raedacademy\" \/>\n<meta name=\"twitter:label1\" content=\"Written by\" \/>\n\t<meta name=\"twitter:data1\" content=\"RAED\" \/>\n<script type=\"application\/ld+json\" class=\"yoast-schema-graph\">{\"@context\":\"https:\\\/\\\/schema.org\",\"@graph\":[{\"@type\":\"Article\",\"@id\":\"https:\\\/\\\/raed.academy\\\/en\\\/king-juan-carlos-i-congratulates-laureano-molins-for-his-admission-in-the-royal-academy-and-praises-the-role-of-the-institution\\\/#article\",\"isPartOf\":{\"@id\":\"https:\\\/\\\/raed.academy\\\/en\\\/king-juan-carlos-i-congratulates-laureano-molins-for-his-admission-in-the-royal-academy-and-praises-the-role-of-the-institution\\\/\"},\"author\":{\"name\":\"RAED\",\"@id\":\"https:\\\/\\\/raed.academy\\\/en\\\/#\\\/schema\\\/person\\\/5a755da80d1d979fd66ba745c8702927\"},\"headline\":\"King Juan Carlos I congratulates Laureano Molins for his admission in the Royal Academy and praises the role of the institution\",\"datePublished\":\"2017-02-28T08:34:48+00:00\",\"dateModified\":\"2017-08-23T10:52:37+00:00\",\"mainEntityOfPage\":{\"@id\":\"https:\\\/\\\/raed.academy\\\/en\\\/king-juan-carlos-i-congratulates-laureano-molins-for-his-admission-in-the-royal-academy-and-praises-the-role-of-the-institution\\\/\"},\"wordCount\":95,\"publisher\":{\"@id\":\"https:\\\/\\\/raed.academy\\\/en\\\/#organization\"},\"keywords\":[\"academicians income\"],\"articleSection\":[\"Academicians in society\",\"Acts of admission as academicians\"],\"inLanguage\":\"en-US\"},{\"@type\":\"WebPage\",\"@id\":\"https:\\\/\\\/raed.academy\\\/en\\\/king-juan-carlos-i-congratulates-laureano-molins-for-his-admission-in-the-royal-academy-and-praises-the-role-of-the-institution\\\/\",\"url\":\"https:\\\/\\\/raed.academy\\\/en\\\/king-juan-carlos-i-congratulates-laureano-molins-for-his-admission-in-the-royal-academy-and-praises-the-role-of-the-institution\\\/\",\"name\":\"King Juan Carlos I congratulates Laureano Molins for his admission in the Royal Academy and praises the role of the institution - Royal European Academy of Doctors\",\"isPartOf\":{\"@id\":\"https:\\\/\\\/raed.academy\\\/en\\\/#website\"},\"datePublished\":\"2017-02-28T08:34:48+00:00\",\"dateModified\":\"2017-08-23T10:52:37+00:00\",\"breadcrumb\":{\"@id\":\"https:\\\/\\\/raed.academy\\\/en\\\/king-juan-carlos-i-congratulates-laureano-molins-for-his-admission-in-the-royal-academy-and-praises-the-role-of-the-institution\\\/#breadcrumb\"},\"inLanguage\":\"en-US\",\"potentialAction\":[{\"@type\":\"ReadAction\",\"target\":[\"https:\\\/\\\/raed.academy\\\/en\\\/king-juan-carlos-i-congratulates-laureano-molins-for-his-admission-in-the-royal-academy-and-praises-the-role-of-the-institution\\\/\"]}]},{\"@type\":\"BreadcrumbList\",\"@id\":\"https:\\\/\\\/raed.academy\\\/en\\\/king-juan-carlos-i-congratulates-laureano-molins-for-his-admission-in-the-royal-academy-and-praises-the-role-of-the-institution\\\/#breadcrumb\",\"itemListElement\":[{\"@type\":\"ListItem\",\"position\":1,\"name\":\"Inicio\",\"item\":\"https:\\\/\\\/raed.academy\\\/en\\\/\"},{\"@type\":\"ListItem\",\"position\":2,\"name\":\"King Juan Carlos I congratulates Laureano Molins for his admission in the Royal Academy and praises the role of the institution\"}]},{\"@type\":\"WebSite\",\"@id\":\"https:\\\/\\\/raed.academy\\\/en\\\/#website\",\"url\":\"https:\\\/\\\/raed.academy\\\/en\\\/\",\"name\":\"Royal European Academy of Doctors\",\"description\":\"Corporaci\u00f3n de derecho p\u00fablico de car\u00e1cter cient\u00edfico, t\u00e9cnico y art\u00edstico, que tiene por objeto la investigaci\u00f3n, el estudio, el fomento y la extensi\u00f3n del conocimiento en su sentido m\u00e1s amplio.\",\"publisher\":{\"@id\":\"https:\\\/\\\/raed.academy\\\/en\\\/#organization\"},\"potentialAction\":[{\"@type\":\"SearchAction\",\"target\":{\"@type\":\"EntryPoint\",\"urlTemplate\":\"https:\\\/\\\/raed.academy\\\/en\\\/?s={search_term_string}\"},\"query-input\":{\"@type\":\"PropertyValueSpecification\",\"valueRequired\":true,\"valueName\":\"search_term_string\"}}],\"inLanguage\":\"en-US\"},{\"@type\":\"Organization\",\"@id\":\"https:\\\/\\\/raed.academy\\\/en\\\/#organization\",\"name\":\"Real Academia Europea de Doctores\",\"url\":\"https:\\\/\\\/raed.academy\\\/en\\\/\",\"logo\":{\"@type\":\"ImageObject\",\"inLanguage\":\"en-US\",\"@id\":\"https:\\\/\\\/raed.academy\\\/en\\\/#\\\/schema\\\/logo\\\/image\\\/\",\"url\":\"https:\\\/\\\/raed.academy\\\/wp-content\\\/uploads\\\/2017\\\/01\\\/cropped-logo_raed.png\",\"contentUrl\":\"https:\\\/\\\/raed.academy\\\/wp-content\\\/uploads\\\/2017\\\/01\\\/cropped-logo_raed.png\",\"width\":512,\"height\":512,\"caption\":\"Real Academia Europea de Doctores\"},\"image\":{\"@id\":\"https:\\\/\\\/raed.academy\\\/en\\\/#\\\/schema\\\/logo\\\/image\\\/\"},\"sameAs\":[\"http:\\\/\\\/fb.me\\\/raed.academy\",\"https:\\\/\\\/x.com\\\/raedacademy\",\"https:\\\/\\\/www.instagram.com\\\/raed.academy\\\/\",\"https:\\\/\\\/www.youtube.com\\\/channel\\\/UCUYQwW2KrdirNWihxMDObwg\"]},{\"@type\":\"Person\",\"@id\":\"https:\\\/\\\/raed.academy\\\/en\\\/#\\\/schema\\\/person\\\/5a755da80d1d979fd66ba745c8702927\",\"name\":\"RAED\",\"image\":{\"@type\":\"ImageObject\",\"inLanguage\":\"en-US\",\"@id\":\"https:\\\/\\\/secure.gravatar.com\\\/avatar\\\/19fdfdc0d67fb9c45714b703a2ac82251c4fcea3637f002ac3c9b74c0183583c?s=96&d=mm&r=g\",\"url\":\"https:\\\/\\\/secure.gravatar.com\\\/avatar\\\/19fdfdc0d67fb9c45714b703a2ac82251c4fcea3637f002ac3c9b74c0183583c?s=96&d=mm&r=g\",\"contentUrl\":\"https:\\\/\\\/secure.gravatar.com\\\/avatar\\\/19fdfdc0d67fb9c45714b703a2ac82251c4fcea3637f002ac3c9b74c0183583c?s=96&d=mm&r=g\",\"caption\":\"RAED\"}}]}<\/script>\n<!-- \/ Yoast SEO plugin. -->","yoast_head_json":{"title":"King Juan Carlos I congratulates Laureano Molins for his admission in the Royal Academy and praises the role of the institution - Royal European Academy of Doctors","robots":{"index":"index","follow":"follow","max-snippet":"max-snippet:-1","max-image-preview":"max-image-preview:large","max-video-preview":"max-video-preview:-1"},"canonical":"https:\/\/raed.academy\/en\/king-juan-carlos-i-congratulates-laureano-molins-for-his-admission-in-the-royal-academy-and-praises-the-role-of-the-institution\/","og_locale":"en_US","og_type":"article","og_title":"King Juan Carlos I congratulates Laureano Molins for his admission in the Royal Academy and praises the role of the institution - Royal European Academy of Doctors","og_description":"HM King Juan Carlos I has congratulated Laureano Molins L\u00f3pez-Rod\u00f3, doctor in Medicine and Surgery and chief of Thoracic Surgery at the Hospital Cl\u00ednic in Barcelona, for his admission as full academician of the Royal European Academy of Doctors-Barcelona 1914 (RAED ), which was held on 23 February in Barcelona. His Majesty also acknowledges in [&hellip;]","og_url":"https:\/\/raed.academy\/en\/king-juan-carlos-i-congratulates-laureano-molins-for-his-admission-in-the-royal-academy-and-praises-the-role-of-the-institution\/","og_site_name":"Royal European Academy of Doctors","article_publisher":"http:\/\/fb.me\/raed.academy","article_published_time":"2017-02-28T08:34:48+00:00","article_modified_time":"2017-08-23T10:52:37+00:00","author":"RAED","twitter_card":"summary_large_image","twitter_creator":"@raedacademy","twitter_site":"@raedacademy","twitter_misc":{"Written by":"RAED"},"schema":{"@context":"https:\/\/schema.org","@graph":[{"@type":"Article","@id":"https:\/\/raed.academy\/en\/king-juan-carlos-i-congratulates-laureano-molins-for-his-admission-in-the-royal-academy-and-praises-the-role-of-the-institution\/#article","isPartOf":{"@id":"https:\/\/raed.academy\/en\/king-juan-carlos-i-congratulates-laureano-molins-for-his-admission-in-the-royal-academy-and-praises-the-role-of-the-institution\/"},"author":{"name":"RAED","@id":"https:\/\/raed.academy\/en\/#\/schema\/person\/5a755da80d1d979fd66ba745c8702927"},"headline":"King Juan Carlos I congratulates Laureano Molins for his admission in the Royal Academy and praises the role of the institution","datePublished":"2017-02-28T08:34:48+00:00","dateModified":"2017-08-23T10:52:37+00:00","mainEntityOfPage":{"@id":"https:\/\/raed.academy\/en\/king-juan-carlos-i-congratulates-laureano-molins-for-his-admission-in-the-royal-academy-and-praises-the-role-of-the-institution\/"},"wordCount":95,"publisher":{"@id":"https:\/\/raed.academy\/en\/#organization"},"keywords":["academicians income"],"articleSection":["Academicians in society","Acts of admission as academicians"],"inLanguage":"en-US"},{"@type":"WebPage","@id":"https:\/\/raed.academy\/en\/king-juan-carlos-i-congratulates-laureano-molins-for-his-admission-in-the-royal-academy-and-praises-the-role-of-the-institution\/","url":"https:\/\/raed.academy\/en\/king-juan-carlos-i-congratulates-laureano-molins-for-his-admission-in-the-royal-academy-and-praises-the-role-of-the-institution\/","name":"King Juan Carlos I congratulates Laureano Molins for his admission in the Royal Academy and praises the role of the institution - Royal European Academy of Doctors","isPartOf":{"@id":"https:\/\/raed.academy\/en\/#website"},"datePublished":"2017-02-28T08:34:48+00:00","dateModified":"2017-08-23T10:52:37+00:00","breadcrumb":{"@id":"https:\/\/raed.academy\/en\/king-juan-carlos-i-congratulates-laureano-molins-for-his-admission-in-the-royal-academy-and-praises-the-role-of-the-institution\/#breadcrumb"},"inLanguage":"en-US","potentialAction":[{"@type":"ReadAction","target":["https:\/\/raed.academy\/en\/king-juan-carlos-i-congratulates-laureano-molins-for-his-admission-in-the-royal-academy-and-praises-the-role-of-the-institution\/"]}]},{"@type":"BreadcrumbList","@id":"https:\/\/raed.academy\/en\/king-juan-carlos-i-congratulates-laureano-molins-for-his-admission-in-the-royal-academy-and-praises-the-role-of-the-institution\/#breadcrumb","itemListElement":[{"@type":"ListItem","position":1,"name":"Inicio","item":"https:\/\/raed.academy\/en\/"},{"@type":"ListItem","position":2,"name":"King Juan Carlos I congratulates Laureano Molins for his admission in the Royal Academy and praises the role of the institution"}]},{"@type":"WebSite","@id":"https:\/\/raed.academy\/en\/#website","url":"https:\/\/raed.academy\/en\/","name":"Royal European Academy of Doctors","description":"Corporaci\u00f3n de derecho p\u00fablico de car\u00e1cter cient\u00edfico, t\u00e9cnico y art\u00edstico, que tiene por objeto la investigaci\u00f3n, el estudio, el fomento y la extensi\u00f3n del conocimiento en su sentido m\u00e1s amplio.","publisher":{"@id":"https:\/\/raed.academy\/en\/#organization"},"potentialAction":[{"@type":"SearchAction","target":{"@type":"EntryPoint","urlTemplate":"https:\/\/raed.academy\/en\/?s={search_term_string}"},"query-input":{"@type":"PropertyValueSpecification","valueRequired":true,"valueName":"search_term_string"}}],"inLanguage":"en-US"},{"@type":"Organization","@id":"https:\/\/raed.academy\/en\/#organization","name":"Real Academia Europea de Doctores","url":"https:\/\/raed.academy\/en\/","logo":{"@type":"ImageObject","inLanguage":"en-US","@id":"https:\/\/raed.academy\/en\/#\/schema\/logo\/image\/","url":"https:\/\/raed.academy\/wp-content\/uploads\/2017\/01\/cropped-logo_raed.png","contentUrl":"https:\/\/raed.academy\/wp-content\/uploads\/2017\/01\/cropped-logo_raed.png","width":512,"height":512,"caption":"Real Academia Europea de Doctores"},"image":{"@id":"https:\/\/raed.academy\/en\/#\/schema\/logo\/image\/"},"sameAs":["http:\/\/fb.me\/raed.academy","https:\/\/x.com\/raedacademy","https:\/\/www.instagram.com\/raed.academy\/","https:\/\/www.youtube.com\/channel\/UCUYQwW2KrdirNWihxMDObwg"]},{"@type":"Person","@id":"https:\/\/raed.academy\/en\/#\/schema\/person\/5a755da80d1d979fd66ba745c8702927","name":"RAED","image":{"@type":"ImageObject","inLanguage":"en-US","@id":"https:\/\/secure.gravatar.com\/avatar\/19fdfdc0d67fb9c45714b703a2ac82251c4fcea3637f002ac3c9b74c0183583c?s=96&d=mm&r=g","url":"https:\/\/secure.gravatar.com\/avatar\/19fdfdc0d67fb9c45714b703a2ac82251c4fcea3637f002ac3c9b74c0183583c?s=96&d=mm&r=g","contentUrl":"https:\/\/secure.gravatar.com\/avatar\/19fdfdc0d67fb9c45714b703a2ac82251c4fcea3637f002ac3c9b74c0183583c?s=96&d=mm&r=g","caption":"RAED"}}]}},"_links":{"self":[{"href":"https:\/\/raed.academy\/en\/wp-json\/wp\/v2\/posts\/23077","targetHints":{"allow":["GET"]}}],"collection":[{"href":"https:\/\/raed.academy\/en\/wp-json\/wp\/v2\/posts"}],"about":[{"href":"https:\/\/raed.academy\/en\/wp-json\/wp\/v2\/types\/post"}],"author":[{"embeddable":true,"href":"https:\/\/raed.academy\/en\/wp-json\/wp\/v2\/users\/12"}],"replies":[{"embeddable":true,"href":"https:\/\/raed.academy\/en\/wp-json\/wp\/v2\/comments?post=23077"}],"version-history":[{"count":0,"href":"https:\/\/raed.academy\/en\/wp-json\/wp\/v2\/posts\/23077\/revisions"}],"wp:attachment":[{"href":"https:\/\/raed.academy\/en\/wp-json\/wp\/v2\/media?parent=23077"}],"wp:term":[{"taxonomy":"category","embeddable":true,"href":"https:\/\/raed.academy\/en\/wp-json\/wp\/v2\/categories?post=23077"},{"taxonomy":"post_tag","embeddable":true,"href":"https:\/\/raed.academy\/en\/wp-json\/wp\/v2\/tags?post=23077"}],"curies":[{"name":"wp","href":"https:\/\/api.w.org\/{rel}","templated":true}]}}